{"id":1837,"date":"2010-01-30T16:46:28","date_gmt":"2010-01-30T15:46:28","guid":{"rendered":"https:\/\/sandzakpress.net\/arhiva\/?p=1837"},"modified":"2010-01-30T22:24:24","modified_gmt":"2010-01-30T21:24:24","slug":"obama-odlaze-lijetove-na-mjesec","status":"publish","type":"post","link":"https:\/\/sandzakpress.net\/arhiva\/obama-odlaze-lijetove-na-mjesec\/","title":{"rendered":"Obama odla\u017ee letove na Mjesec"},"content":{"rendered":"<p><strong><a href=\"https:\/\/sandzakpress.net\/arhiva\/wp-content\/uploads\/2010\/01\/mjesec1_pola.gif\"><img loading=\"lazy\" decoding=\"async\" class=\"alignleft size-medium wp-image-1838\" title=\"mjesec1_pola\" src=\"https:\/\/sandzakpress.net\/arhiva\/wp-content\/uploads\/2010\/01\/mjesec1_pola-300x294.gif\" alt=\"\" width=\"300\" height=\"294\" \/><\/a>SAD &#8211; Ameri\u010dki predsjednik Barak Obama \u0107e predlo\u017eiti napu\u0161tanje planova Ameri\u010dke svemirske agencije za povratak letova astronauta na mjesec.<\/p>\n<p><\/strong>Obama \u0107e zatra\u017eiti od Kongresa da podr\u017ei finansiranje programa Me\u0111unarodne svemirske stanice najmanje do 2020.godine, ali \u0107e predlo\u017eiti napu\u0161tanje planova za ponovni let na mjesec.<\/p>\n<p>\u0160ef Bele ku\u0107e \u0107e u prijedlogu prora\u010duna za idu\u0107u godinu, koji bi trebao da se dostavi Kongresu u ponedjeljak, nalo\u017eiti Ameri\u010dkoj svemirskoj agenciji (NASA) ulaganje u komercijalni program ljetilica koje bi prebacivale ameri\u010dke astronaute na me\u0111unarodnu svemirsku stanicu.<\/p>\n<p>Potez je usmjeren smanjenju zavisnosti od ruskih usluga prijevoza posade, pogotovo \u0161to je ameri\u010dka vasionska flota prili\u010dno zastarjela.<\/p>\n<p>Obamin cilj je da ponovno ucini NASU &#8220;motorom za inovacije&#8221;, pa \u0107e se podsticati razvoj komercijalne industrije.<\/p>\n<p>Administracija se nada da \u0107e otvoriti 1.700 radnih mjesta u Floridi i 5.000 radnih mjesta \u0161irom zemlje, \u0161to \u0107e ubla\u017eiti predvi\u0111eni gubitak 7.000 radnih mjesta u Svemirskom centru Kenedi na Floridi, nakon okoncanja programa &#8220;Spejs shatl&#8221;.<\/p>\n<p>Izvor: <strong>B92.net<\/strong><\/p>\n","protected":false},"excerpt":{"rendered":"<p>SAD &#8211; Ameri\u010dki predsjednik Barak Obama \u0107e predlo\u017eiti napu\u0161tanje planova Ameri\u010dke svemirske agencije za povratak letova astronauta na mjesec. Obama \u0107e zatra\u017eiti od Kongresa da podr\u017ei finansiranje programa Me\u0111unarodne svemirske stanice najmanje do 2020.godine, ali \u0107e predlo\u017eiti napu\u0161tanje planova za ponovni let na mjesec. \u0160ef Bele ku\u0107e \u0107e u prijedlogu prora\u010duna za idu\u0107u godinu, koji [&hellip;]<\/p>\n","protected":false},"author":83,"featured_media":1838,"comment_status":"open","ping_status":"open","sticky":false,"template":"","format":"standard","meta":{"footnotes":""},"categories":[9],"tags":[],"class_list":{"0":"post-1837","1":"post","2":"type-post","3":"status-publish","4":"format-standard","5":"has-post-thumbnail","7":"category-svijet"},"yoast_head":"<!-- This site is optimized with the Yoast SEO Premium plugin v23.1 (Yoast SEO v24.9) - https:\/\/yoast.com\/wordpress\/plugins\/seo\/ -->\n<title>Obama odla\u017ee letove na Mjesec<\/title>\n<meta name=\"robots\" content=\"index, follow, max-snippet:-1, max-image-preview:large, max-video-preview:-1\" \/>\n<link rel=\"canonical\" href=\"https:\/\/sandzakpress.net\/arhiva\/obama-odlaze-lijetove-na-mjesec\/\" \/>\n<meta property=\"og:locale\" content=\"bs_BA\" \/>\n<meta property=\"og:type\" content=\"article\" \/>\n<meta property=\"og:title\" content=\"Obama odla\u017ee letove na Mjesec\" \/>\n<meta property=\"og:description\" content=\"SAD &#8211; Ameri\u010dki predsjednik Barak Obama \u0107e predlo\u017eiti napu\u0161tanje planova Ameri\u010dke svemirske agencije za povratak letova astronauta na mjesec. Obama \u0107e zatra\u017eiti od Kongresa da podr\u017ei finansiranje programa Me\u0111unarodne svemirske stanice najmanje do 2020.godine, ali \u0107e predlo\u017eiti napu\u0161tanje planova za ponovni let na mjesec. \u0160ef Bele ku\u0107e \u0107e u prijedlogu prora\u010duna za idu\u0107u godinu, koji [&hellip;]\" \/>\n<meta property=\"og:url\" content=\"https:\/\/sandzakpress.net\/arhiva\/obama-odlaze-lijetove-na-mjesec\/\" \/>\n<meta property=\"og:site_name\" content=\"Sand\u017eak PRESS\" \/>\n<meta property=\"article:published_time\" content=\"2010-01-30T15:46:28+00:00\" \/>\n<meta property=\"article:modified_time\" content=\"2010-01-30T21:24:24+00:00\" \/>\n<meta property=\"og:image\" content=\"https:\/\/sandzakpress.net\/arhiva\/wp-content\/uploads\/2010\/01\/mjesec1_pola.gif\" \/>\n\t<meta property=\"og:image:width\" content=\"306\" \/>\n\t<meta property=\"og:image:height\" content=\"300\" \/>\n\t<meta property=\"og:image:type\" content=\"image\/gif\" \/>\n<meta name=\"author\" content=\"bosniak\" \/>\n<meta name=\"twitter:card\" content=\"summary_large_image\" \/>\n<meta name=\"twitter:label1\" content=\"Written by\" \/>\n\t<meta name=\"twitter:data1\" content=\"bosniak\" \/>\n\t<meta name=\"twitter:label2\" content=\"Est. reading time\" \/>\n\t<meta name=\"twitter:data2\" content=\"1 minuta\" \/>\n<script type=\"application\/ld+json\" class=\"yoast-schema-graph\">{\"@context\":\"https:\/\/schema.org\",\"@graph\":[{\"@type\":\"Article\",\"@id\":\"https:\/\/sandzakpress.net\/arhiva\/obama-odlaze-lijetove-na-mjesec\/#article\",\"isPartOf\":{\"@id\":\"https:\/\/sandzakpress.net\/arhiva\/obama-odlaze-lijetove-na-mjesec\/\"},\"author\":{\"name\":\"bosniak\",\"@id\":\"https:\/\/sandzakpress.net\/arhiva\/#\/schema\/person\/c8baee722073534b583ea7bdb2e36c02\"},\"headline\":\"Obama odla\u017ee letove na Mjesec\",\"datePublished\":\"2010-01-30T15:46:28+00:00\",\"dateModified\":\"2010-01-30T21:24:24+00:00\",\"mainEntityOfPage\":{\"@id\":\"https:\/\/sandzakpress.net\/arhiva\/obama-odlaze-lijetove-na-mjesec\/\"},\"wordCount\":179,\"commentCount\":2,\"publisher\":{\"@id\":\"https:\/\/sandzakpress.net\/arhiva\/#\/schema\/person\/6e72b67d6e51910a1117b3b483ba20bd\"},\"image\":{\"@id\":\"https:\/\/sandzakpress.net\/arhiva\/obama-odlaze-lijetove-na-mjesec\/#primaryimage\"},\"thumbnailUrl\":\"https:\/\/sandzakpress.net\/arhiva\/wp-content\/uploads\/2010\/01\/mjesec1_pola.gif\",\"articleSection\":[\"Svijet\"],\"inLanguage\":\"bs-BA\",\"potentialAction\":[{\"@type\":\"CommentAction\",\"name\":\"Comment\",\"target\":[\"https:\/\/sandzakpress.net\/arhiva\/obama-odlaze-lijetove-na-mjesec\/#respond\"]}]},{\"@type\":\"WebPage\",\"@id\":\"https:\/\/sandzakpress.net\/arhiva\/obama-odlaze-lijetove-na-mjesec\/\",\"url\":\"https:\/\/sandzakpress.net\/arhiva\/obama-odlaze-lijetove-na-mjesec\/\",\"name\":\"Obama odla\u017ee letove na Mjesec\",\"isPartOf\":{\"@id\":\"https:\/\/sandzakpress.net\/arhiva\/#website\"},\"primaryImageOfPage\":{\"@id\":\"https:\/\/sandzakpress.net\/arhiva\/obama-odlaze-lijetove-na-mjesec\/#primaryimage\"},\"image\":{\"@id\":\"https:\/\/sandzakpress.net\/arhiva\/obama-odlaze-lijetove-na-mjesec\/#primaryimage\"},\"thumbnailUrl\":\"https:\/\/sandzakpress.net\/arhiva\/wp-content\/uploads\/2010\/01\/mjesec1_pola.gif\",\"datePublished\":\"2010-01-30T15:46:28+00:00\",\"dateModified\":\"2010-01-30T21:24:24+00:00\",\"breadcrumb\":{\"@id\":\"https:\/\/sandzakpress.net\/arhiva\/obama-odlaze-lijetove-na-mjesec\/#breadcrumb\"},\"inLanguage\":\"bs-BA\",\"potentialAction\":[{\"@type\":\"ReadAction\",\"target\":[\"https:\/\/sandzakpress.net\/arhiva\/obama-odlaze-lijetove-na-mjesec\/\"]}]},{\"@type\":\"ImageObject\",\"inLanguage\":\"bs-BA\",\"@id\":\"https:\/\/sandzakpress.net\/arhiva\/obama-odlaze-lijetove-na-mjesec\/#primaryimage\",\"url\":\"https:\/\/sandzakpress.net\/arhiva\/wp-content\/uploads\/2010\/01\/mjesec1_pola.gif\",\"contentUrl\":\"https:\/\/sandzakpress.net\/arhiva\/wp-content\/uploads\/2010\/01\/mjesec1_pola.gif\",\"width\":306,\"height\":300},{\"@type\":\"BreadcrumbList\",\"@id\":\"https:\/\/sandzakpress.net\/arhiva\/obama-odlaze-lijetove-na-mjesec\/#breadcrumb\",\"itemListElement\":[{\"@type\":\"ListItem\",\"position\":1,\"name\":\"Home\",\"item\":\"https:\/\/sandzakpress.net\/arhiva\/\"},{\"@type\":\"ListItem\",\"position\":2,\"name\":\"Obama odla\u017ee letove na Mjesec\"}]},{\"@type\":\"WebSite\",\"@id\":\"https:\/\/sandzakpress.net\/arhiva\/#website\",\"url\":\"https:\/\/sandzakpress.net\/arhiva\/\",\"name\":\"Sand\u017eak PRESS\",\"description\":\"Prve elektronske novine u Sand\u017eaku\",\"publisher\":{\"@id\":\"https:\/\/sandzakpress.net\/arhiva\/#\/schema\/person\/6e72b67d6e51910a1117b3b483ba20bd\"},\"potentialAction\":[{\"@type\":\"SearchAction\",\"target\":{\"@type\":\"EntryPoint\",\"urlTemplate\":\"https:\/\/sandzakpress.net\/arhiva\/?s={search_term_string}\"},\"query-input\":{\"@type\":\"PropertyValueSpecification\",\"valueRequired\":true,\"valueName\":\"search_term_string\"}}],\"inLanguage\":\"bs-BA\"},{\"@type\":[\"Person\",\"Organization\"],\"@id\":\"https:\/\/sandzakpress.net\/arhiva\/#\/schema\/person\/6e72b67d6e51910a1117b3b483ba20bd\",\"name\":\"Kul\",\"image\":{\"@type\":\"ImageObject\",\"inLanguage\":\"bs-BA\",\"@id\":\"https:\/\/sandzakpress.net\/arhiva\/#\/schema\/person\/image\/\",\"url\":\"https:\/\/secure.gravatar.com\/avatar\/42263f39aa27ac04c43cab85c280eb2e?s=96&d=mm&r=pg\",\"contentUrl\":\"https:\/\/secure.gravatar.com\/avatar\/42263f39aa27ac04c43cab85c280eb2e?s=96&d=mm&r=pg\",\"caption\":\"Kul\"},\"logo\":{\"@id\":\"https:\/\/sandzakpress.net\/arhiva\/#\/schema\/person\/image\/\"}},{\"@type\":\"Person\",\"@id\":\"https:\/\/sandzakpress.net\/arhiva\/#\/schema\/person\/c8baee722073534b583ea7bdb2e36c02\",\"name\":\"bosniak\",\"image\":{\"@type\":\"ImageObject\",\"inLanguage\":\"bs-BA\",\"@id\":\"https:\/\/sandzakpress.net\/arhiva\/#\/schema\/person\/image\/\",\"url\":\"https:\/\/secure.gravatar.com\/avatar\/a04fd330bfe3a36a72a0ad4a6d89fca7?s=96&d=mm&r=pg\",\"contentUrl\":\"https:\/\/secure.gravatar.com\/avatar\/a04fd330bfe3a36a72a0ad4a6d89fca7?s=96&d=mm&r=pg\",\"caption\":\"bosniak\"},\"url\":\"https:\/\/sandzakpress.net\/arhiva\/author\/bosniak\/\"}]}<\/script>\n<!-- \/ Yoast SEO Premium plugin. -->","yoast_head_json":{"title":"Obama odla\u017ee letove na Mjesec","robots":{"index":"index","follow":"follow","max-snippet":"max-snippet:-1","max-image-preview":"max-image-preview:large","max-video-preview":"max-video-preview:-1"},"canonical":"https:\/\/sandzakpress.net\/arhiva\/obama-odlaze-lijetove-na-mjesec\/","og_locale":"bs_BA","og_type":"article","og_title":"Obama odla\u017ee letove na Mjesec","og_description":"SAD &#8211; Ameri\u010dki predsjednik Barak Obama \u0107e predlo\u017eiti napu\u0161tanje planova Ameri\u010dke svemirske agencije za povratak letova astronauta na mjesec. Obama \u0107e zatra\u017eiti od Kongresa da podr\u017ei finansiranje programa Me\u0111unarodne svemirske stanice najmanje do 2020.godine, ali \u0107e predlo\u017eiti napu\u0161tanje planova za ponovni let na mjesec. \u0160ef Bele ku\u0107e \u0107e u prijedlogu prora\u010duna za idu\u0107u godinu, koji [&hellip;]","og_url":"https:\/\/sandzakpress.net\/arhiva\/obama-odlaze-lijetove-na-mjesec\/","og_site_name":"Sand\u017eak PRESS","article_published_time":"2010-01-30T15:46:28+00:00","article_modified_time":"2010-01-30T21:24:24+00:00","og_image":[{"width":306,"height":300,"url":"https:\/\/sandzakpress.net\/arhiva\/wp-content\/uploads\/2010\/01\/mjesec1_pola.gif","type":"image\/gif"}],"author":"bosniak","twitter_card":"summary_large_image","twitter_misc":{"Written by":"bosniak","Est. reading time":"1 minuta"},"schema":{"@context":"https:\/\/schema.org","@graph":[{"@type":"Article","@id":"https:\/\/sandzakpress.net\/arhiva\/obama-odlaze-lijetove-na-mjesec\/#article","isPartOf":{"@id":"https:\/\/sandzakpress.net\/arhiva\/obama-odlaze-lijetove-na-mjesec\/"},"author":{"name":"bosniak","@id":"https:\/\/sandzakpress.net\/arhiva\/#\/schema\/person\/c8baee722073534b583ea7bdb2e36c02"},"headline":"Obama odla\u017ee letove na Mjesec","datePublished":"2010-01-30T15:46:28+00:00","dateModified":"2010-01-30T21:24:24+00:00","mainEntityOfPage":{"@id":"https:\/\/sandzakpress.net\/arhiva\/obama-odlaze-lijetove-na-mjesec\/"},"wordCount":179,"commentCount":2,"publisher":{"@id":"https:\/\/sandzakpress.net\/arhiva\/#\/schema\/person\/6e72b67d6e51910a1117b3b483ba20bd"},"image":{"@id":"https:\/\/sandzakpress.net\/arhiva\/obama-odlaze-lijetove-na-mjesec\/#primaryimage"},"thumbnailUrl":"https:\/\/sandzakpress.net\/arhiva\/wp-content\/uploads\/2010\/01\/mjesec1_pola.gif","articleSection":["Svijet"],"inLanguage":"bs-BA","potentialAction":[{"@type":"CommentAction","name":"Comment","target":["https:\/\/sandzakpress.net\/arhiva\/obama-odlaze-lijetove-na-mjesec\/#respond"]}]},{"@type":"WebPage","@id":"https:\/\/sandzakpress.net\/arhiva\/obama-odlaze-lijetove-na-mjesec\/","url":"https:\/\/sandzakpress.net\/arhiva\/obama-odlaze-lijetove-na-mjesec\/","name":"Obama odla\u017ee letove na Mjesec","isPartOf":{"@id":"https:\/\/sandzakpress.net\/arhiva\/#website"},"primaryImageOfPage":{"@id":"https:\/\/sandzakpress.net\/arhiva\/obama-odlaze-lijetove-na-mjesec\/#primaryimage"},"image":{"@id":"https:\/\/sandzakpress.net\/arhiva\/obama-odlaze-lijetove-na-mjesec\/#primaryimage"},"thumbnailUrl":"https:\/\/sandzakpress.net\/arhiva\/wp-content\/uploads\/2010\/01\/mjesec1_pola.gif","datePublished":"2010-01-30T15:46:28+00:00","dateModified":"2010-01-30T21:24:24+00:00","breadcrumb":{"@id":"https:\/\/sandzakpress.net\/arhiva\/obama-odlaze-lijetove-na-mjesec\/#breadcrumb"},"inLanguage":"bs-BA","potentialAction":[{"@type":"ReadAction","target":["https:\/\/sandzakpress.net\/arhiva\/obama-odlaze-lijetove-na-mjesec\/"]}]},{"@type":"ImageObject","inLanguage":"bs-BA","@id":"https:\/\/sandzakpress.net\/arhiva\/obama-odlaze-lijetove-na-mjesec\/#primaryimage","url":"https:\/\/sandzakpress.net\/arhiva\/wp-content\/uploads\/2010\/01\/mjesec1_pola.gif","contentUrl":"https:\/\/sandzakpress.net\/arhiva\/wp-content\/uploads\/2010\/01\/mjesec1_pola.gif","width":306,"height":300},{"@type":"BreadcrumbList","@id":"https:\/\/sandzakpress.net\/arhiva\/obama-odlaze-lijetove-na-mjesec\/#breadcrumb","itemListElement":[{"@type":"ListItem","position":1,"name":"Home","item":"https:\/\/sandzakpress.net\/arhiva\/"},{"@type":"ListItem","position":2,"name":"Obama odla\u017ee letove na Mjesec"}]},{"@type":"WebSite","@id":"https:\/\/sandzakpress.net\/arhiva\/#website","url":"https:\/\/sandzakpress.net\/arhiva\/","name":"Sand\u017eak PRESS","description":"Prve elektronske novine u Sand\u017eaku","publisher":{"@id":"https:\/\/sandzakpress.net\/arhiva\/#\/schema\/person\/6e72b67d6e51910a1117b3b483ba20bd"},"potentialAction":[{"@type":"SearchAction","target":{"@type":"EntryPoint","urlTemplate":"https:\/\/sandzakpress.net\/arhiva\/?s={search_term_string}"},"query-input":{"@type":"PropertyValueSpecification","valueRequired":true,"valueName":"search_term_string"}}],"inLanguage":"bs-BA"},{"@type":["Person","Organization"],"@id":"https:\/\/sandzakpress.net\/arhiva\/#\/schema\/person\/6e72b67d6e51910a1117b3b483ba20bd","name":"Kul","image":{"@type":"ImageObject","inLanguage":"bs-BA","@id":"https:\/\/sandzakpress.net\/arhiva\/#\/schema\/person\/image\/","url":"https:\/\/secure.gravatar.com\/avatar\/42263f39aa27ac04c43cab85c280eb2e?s=96&d=mm&r=pg","contentUrl":"https:\/\/secure.gravatar.com\/avatar\/42263f39aa27ac04c43cab85c280eb2e?s=96&d=mm&r=pg","caption":"Kul"},"logo":{"@id":"https:\/\/sandzakpress.net\/arhiva\/#\/schema\/person\/image\/"}},{"@type":"Person","@id":"https:\/\/sandzakpress.net\/arhiva\/#\/schema\/person\/c8baee722073534b583ea7bdb2e36c02","name":"bosniak","image":{"@type":"ImageObject","inLanguage":"bs-BA","@id":"https:\/\/sandzakpress.net\/arhiva\/#\/schema\/person\/image\/","url":"https:\/\/secure.gravatar.com\/avatar\/a04fd330bfe3a36a72a0ad4a6d89fca7?s=96&d=mm&r=pg","contentUrl":"https:\/\/secure.gravatar.com\/avatar\/a04fd330bfe3a36a72a0ad4a6d89fca7?s=96&d=mm&r=pg","caption":"bosniak"},"url":"https:\/\/sandzakpress.net\/arhiva\/author\/bosniak\/"}]}},"_links":{"self":[{"href":"https:\/\/sandzakpress.net\/arhiva\/wp-json\/wp\/v2\/posts\/1837"}],"collection":[{"href":"https:\/\/sandzakpress.net\/arhiva\/wp-json\/wp\/v2\/posts"}],"about":[{"href":"https:\/\/sandzakpress.net\/arhiva\/wp-json\/wp\/v2\/types\/post"}],"author":[{"embeddable":true,"href":"https:\/\/sandzakpress.net\/arhiva\/wp-json\/wp\/v2\/users\/83"}],"replies":[{"embeddable":true,"href":"https:\/\/sandzakpress.net\/arhiva\/wp-json\/wp\/v2\/comments?post=1837"}],"version-history":[{"count":0,"href":"https:\/\/sandzakpress.net\/arhiva\/wp-json\/wp\/v2\/posts\/1837\/revisions"}],"wp:featuredmedia":[{"embeddable":true,"href":"https:\/\/sandzakpress.net\/arhiva\/wp-json\/wp\/v2\/media\/1838"}],"wp:attachment":[{"href":"https:\/\/sandzakpress.net\/arhiva\/wp-json\/wp\/v2\/media?parent=1837"}],"wp:term":[{"taxonomy":"category","embeddable":true,"href":"https:\/\/sandzakpress.net\/arhiva\/wp-json\/wp\/v2\/categories?post=1837"},{"taxonomy":"post_tag","embeddable":true,"href":"https:\/\/sandzakpress.net\/arhiva\/wp-json\/wp\/v2\/tags?post=1837"}],"curies":[{"name":"wp","href":"https:\/\/api.w.org\/{rel}","templated":true}]}}