{"id":183563,"date":"2017-04-02T21:05:56","date_gmt":"2017-04-02T19:05:56","guid":{"rendered":"https:\/\/sandzakpress.net\/arhiva\/?p=183563"},"modified":"2017-04-02T21:05:56","modified_gmt":"2017-04-02T19:05:56","slug":"pesimizam-u-stabu-vuka-jeremica-na-izborima-je-obiljezen-niz-nepravilnosti","status":"publish","type":"post","link":"https:\/\/sandzakpress.net\/arhiva\/pesimizam-u-stabu-vuka-jeremica-na-izborima-je-obiljezen-niz-nepravilnosti\/","title":{"rendered":"Pesimizam u \u0161tabu Vuka Jeremi\u0107a: Na izborima je obilje\u017een niz nepravilnosti"},"content":{"rendered":"<div class=\"uvod uvod-clanka hidden-xs\"><strong><img loading=\"lazy\" decoding=\"async\" class=\"aligncenter\" src=\"https:\/\/static.klix.ba\/media\/images\/vijesti\/b_170402099.jpg?v=3\" alt=\"Pesimizam u \u0161tabu Vuka Jeremi\u0107a: Na izborima je obilje\u017een niz nepravilnosti\" width=\"835\" height=\"605\" \/><\/strong><\/div>\n<div class=\"uvod uvod-clanka hidden-xs\">\u00a0<\/div>\n<div class=\"uvod uvod-clanka hidden-xs\"><strong>Izbori u Srbiji nisu pro\u0161li optimisti\u010dno za sve kandidate. Portparol tima predsjedni\u010dkog kandidata Vuka Jeremi\u0107a, Nikola Jovanovi\u0107, kazao je da je cijela kampanja protekla u mraku i protiv Vuka Jeremi\u0107a.<\/strong><\/div>\n<div class=\"tekst clanak_vijesti\">\u00a0<\/div>\n<div class=\"tekst clanak_vijesti\">&#8220;I dana\u0161nji dan obilje\u017een je nepravilnostima koje mogu utjecati na kona\u010dne rezultate. Najgrublje povrede su bile u Po\u017earevcu, gdje je gradona\u010delnik li\u010dno obilazio bira\u010dka mjesta i prijetio \u010dlanovima bira\u010dkih odbora&#8221;, kazao je Jovanovi\u0107. <\/p>\n<p>Iz \u0161taba Vuka Jeremi\u0107a su kazali da se na Vra\u010daru oko 40 posto bira\u010da prijavilo da glasa van bira\u010dkog mjesta. <\/p>\n<p>&#8220;U Kragujevcu bira\u010dke kutije nisu pe\u010datirane, a na vi\u0161e od 60 mjesta u Beogradu na\u0161im posmatra\u010dima nije bilo dozvoljeno da glasaju&#8230; Lista nepravinosti je ogromna&#8221;, rekli su u \u0161tabu Vuka Jeremi\u0107a.<\/p><\/div>\n<div class=\"tekst clanak_vijesti\">\u00a0<\/div>\n<div class=\"tekst clanak_vijesti\">\u00a0<\/div>\n<div class=\"tekst clanak_vijesti\">Izvor: <strong>klix.ba<\/strong><\/div>\n","protected":false},"excerpt":{"rendered":"<p>\u00a0 Izbori u Srbiji nisu pro\u0161li optimisti\u010dno za sve kandidate. Portparol tima predsjedni\u010dkog kandidata Vuka Jeremi\u0107a, Nikola Jovanovi\u0107, kazao je da je cijela kampanja protekla u mraku i protiv Vuka Jeremi\u0107a. \u00a0 &#8220;I dana\u0161nji dan obilje\u017een je nepravilnostima koje mogu utjecati na kona\u010dne rezultate. Najgrublje povrede su bile u Po\u017earevcu, gdje je gradona\u010delnik li\u010dno obilazio [&hellip;]<\/p>\n","protected":false},"author":125,"featured_media":183564,"comment_status":"open","ping_status":"open","sticky":false,"template":"","format":"standard","meta":{"footnotes":""},"categories":[72,9538,1,52,327,392,393,394,8957],"tags":[],"class_list":{"0":"post-183563","1":"post","2":"type-post","3":"status-publish","4":"format-standard","5":"has-post-thumbnail","7":"category-novi-pazar","8":"category-njemacka-dijaspora-gradovi-vase-vijesti","9":"category-politika","10":"category-sjenica","11":"category-tutin","12":"category-prijepolje_","13":"category-priboj","14":"category-nova-varos","15":"category-vijesti-dana"},"yoast_head":"<!-- This site is optimized with the Yoast SEO Premium plugin v23.1 (Yoast SEO v24.9) - https:\/\/yoast.com\/wordpress\/plugins\/seo\/ -->\n<title>Pesimizam u \u0161tabu Vuka Jeremi\u0107a: Na izborima je obilje\u017een niz nepravilnosti<\/title>\n<meta name=\"robots\" content=\"index, follow, max-snippet:-1, max-image-preview:large, max-video-preview:-1\" \/>\n<link rel=\"canonical\" href=\"https:\/\/sandzakpress.net\/arhiva\/pesimizam-u-stabu-vuka-jeremica-na-izborima-je-obiljezen-niz-nepravilnosti\/\" \/>\n<meta property=\"og:locale\" content=\"bs_BA\" \/>\n<meta property=\"og:type\" content=\"article\" \/>\n<meta property=\"og:title\" content=\"Pesimizam u \u0161tabu Vuka Jeremi\u0107a: Na izborima je obilje\u017een niz nepravilnosti\" \/>\n<meta property=\"og:description\" content=\"\u00a0 Izbori u Srbiji nisu pro\u0161li optimisti\u010dno za sve kandidate. Portparol tima predsjedni\u010dkog kandidata Vuka Jeremi\u0107a, Nikola Jovanovi\u0107, kazao je da je cijela kampanja protekla u mraku i protiv Vuka Jeremi\u0107a. \u00a0 &#8220;I dana\u0161nji dan obilje\u017een je nepravilnostima koje mogu utjecati na kona\u010dne rezultate. Najgrublje povrede su bile u Po\u017earevcu, gdje je gradona\u010delnik li\u010dno obilazio [&hellip;]\" \/>\n<meta property=\"og:url\" content=\"https:\/\/sandzakpress.net\/arhiva\/pesimizam-u-stabu-vuka-jeremica-na-izborima-je-obiljezen-niz-nepravilnosti\/\" \/>\n<meta property=\"og:site_name\" content=\"Sand\u017eak PRESS\" \/>\n<meta property=\"article:published_time\" content=\"2017-04-02T19:05:56+00:00\" \/>\n<meta property=\"og:image\" content=\"https:\/\/sandzakpress.net\/arhiva\/wp-content\/uploads\/2017\/04\/b_170402099.jpg\" \/>\n\t<meta property=\"og:image:width\" content=\"850\" \/>\n\t<meta property=\"og:image:height\" content=\"566\" \/>\n\t<meta property=\"og:image:type\" content=\"image\/jpeg\" \/>\n<meta name=\"author\" content=\"Korektor\" \/>\n<meta name=\"twitter:card\" content=\"summary_large_image\" \/>\n<meta name=\"twitter:label1\" content=\"Written by\" \/>\n\t<meta name=\"twitter:data1\" content=\"Korektor\" \/>\n\t<meta name=\"twitter:label2\" content=\"Est. reading time\" \/>\n\t<meta name=\"twitter:data2\" content=\"1 minuta\" \/>\n<script type=\"application\/ld+json\" class=\"yoast-schema-graph\">{\"@context\":\"https:\/\/schema.org\",\"@graph\":[{\"@type\":\"Article\",\"@id\":\"https:\/\/sandzakpress.net\/arhiva\/pesimizam-u-stabu-vuka-jeremica-na-izborima-je-obiljezen-niz-nepravilnosti\/#article\",\"isPartOf\":{\"@id\":\"https:\/\/sandzakpress.net\/arhiva\/pesimizam-u-stabu-vuka-jeremica-na-izborima-je-obiljezen-niz-nepravilnosti\/\"},\"author\":{\"name\":\"Korektor\",\"@id\":\"https:\/\/sandzakpress.net\/arhiva\/#\/schema\/person\/b71f9565a8a6ce38c0200f1cf59c368c\"},\"headline\":\"Pesimizam u \u0161tabu Vuka Jeremi\u0107a: Na izborima je obilje\u017een niz nepravilnosti\",\"datePublished\":\"2017-04-02T19:05:56+00:00\",\"mainEntityOfPage\":{\"@id\":\"https:\/\/sandzakpress.net\/arhiva\/pesimizam-u-stabu-vuka-jeremica-na-izborima-je-obiljezen-niz-nepravilnosti\/\"},\"wordCount\":151,\"commentCount\":1,\"publisher\":{\"@id\":\"https:\/\/sandzakpress.net\/arhiva\/#\/schema\/person\/6e72b67d6e51910a1117b3b483ba20bd\"},\"image\":{\"@id\":\"https:\/\/sandzakpress.net\/arhiva\/pesimizam-u-stabu-vuka-jeremica-na-izborima-je-obiljezen-niz-nepravilnosti\/#primaryimage\"},\"thumbnailUrl\":\"https:\/\/sandzakpress.net\/arhiva\/wp-content\/uploads\/2017\/04\/b_170402099.jpg\",\"articleSection\":[\"Novi Pazar\",\"Njema\u010dka\",\"Politika\",\"Sjenica\",\"Tutin\",\"Prijepolje\",\"Priboj\",\"Nova Varo\u0161\",\"VIJESTI DANA\"],\"inLanguage\":\"bs-BA\",\"potentialAction\":[{\"@type\":\"CommentAction\",\"name\":\"Comment\",\"target\":[\"https:\/\/sandzakpress.net\/arhiva\/pesimizam-u-stabu-vuka-jeremica-na-izborima-je-obiljezen-niz-nepravilnosti\/#respond\"]}]},{\"@type\":\"WebPage\",\"@id\":\"https:\/\/sandzakpress.net\/arhiva\/pesimizam-u-stabu-vuka-jeremica-na-izborima-je-obiljezen-niz-nepravilnosti\/\",\"url\":\"https:\/\/sandzakpress.net\/arhiva\/pesimizam-u-stabu-vuka-jeremica-na-izborima-je-obiljezen-niz-nepravilnosti\/\",\"name\":\"Pesimizam u \u0161tabu Vuka Jeremi\u0107a: Na izborima je obilje\u017een niz nepravilnosti\",\"isPartOf\":{\"@id\":\"https:\/\/sandzakpress.net\/arhiva\/#website\"},\"primaryImageOfPage\":{\"@id\":\"https:\/\/sandzakpress.net\/arhiva\/pesimizam-u-stabu-vuka-jeremica-na-izborima-je-obiljezen-niz-nepravilnosti\/#primaryimage\"},\"image\":{\"@id\":\"https:\/\/sandzakpress.net\/arhiva\/pesimizam-u-stabu-vuka-jeremica-na-izborima-je-obiljezen-niz-nepravilnosti\/#primaryimage\"},\"thumbnailUrl\":\"https:\/\/sandzakpress.net\/arhiva\/wp-content\/uploads\/2017\/04\/b_170402099.jpg\",\"datePublished\":\"2017-04-02T19:05:56+00:00\",\"breadcrumb\":{\"@id\":\"https:\/\/sandzakpress.net\/arhiva\/pesimizam-u-stabu-vuka-jeremica-na-izborima-je-obiljezen-niz-nepravilnosti\/#breadcrumb\"},\"inLanguage\":\"bs-BA\",\"potentialAction\":[{\"@type\":\"ReadAction\",\"target\":[\"https:\/\/sandzakpress.net\/arhiva\/pesimizam-u-stabu-vuka-jeremica-na-izborima-je-obiljezen-niz-nepravilnosti\/\"]}]},{\"@type\":\"ImageObject\",\"inLanguage\":\"bs-BA\",\"@id\":\"https:\/\/sandzakpress.net\/arhiva\/pesimizam-u-stabu-vuka-jeremica-na-izborima-je-obiljezen-niz-nepravilnosti\/#primaryimage\",\"url\":\"https:\/\/sandzakpress.net\/arhiva\/wp-content\/uploads\/2017\/04\/b_170402099.jpg\",\"contentUrl\":\"https:\/\/sandzakpress.net\/arhiva\/wp-content\/uploads\/2017\/04\/b_170402099.jpg\",\"width\":850,\"height\":566},{\"@type\":\"BreadcrumbList\",\"@id\":\"https:\/\/sandzakpress.net\/arhiva\/pesimizam-u-stabu-vuka-jeremica-na-izborima-je-obiljezen-niz-nepravilnosti\/#breadcrumb\",\"itemListElement\":[{\"@type\":\"ListItem\",\"position\":1,\"name\":\"Home\",\"item\":\"https:\/\/sandzakpress.net\/arhiva\/\"},{\"@type\":\"ListItem\",\"position\":2,\"name\":\"Pesimizam u \u0161tabu Vuka Jeremi\u0107a: Na izborima je obilje\u017een niz nepravilnosti\"}]},{\"@type\":\"WebSite\",\"@id\":\"https:\/\/sandzakpress.net\/arhiva\/#website\",\"url\":\"https:\/\/sandzakpress.net\/arhiva\/\",\"name\":\"Sand\u017eak PRESS\",\"description\":\"Prve elektronske novine u Sand\u017eaku\",\"publisher\":{\"@id\":\"https:\/\/sandzakpress.net\/arhiva\/#\/schema\/person\/6e72b67d6e51910a1117b3b483ba20bd\"},\"potentialAction\":[{\"@type\":\"SearchAction\",\"target\":{\"@type\":\"EntryPoint\",\"urlTemplate\":\"https:\/\/sandzakpress.net\/arhiva\/?s={search_term_string}\"},\"query-input\":{\"@type\":\"PropertyValueSpecification\",\"valueRequired\":true,\"valueName\":\"search_term_string\"}}],\"inLanguage\":\"bs-BA\"},{\"@type\":[\"Person\",\"Organization\"],\"@id\":\"https:\/\/sandzakpress.net\/arhiva\/#\/schema\/person\/6e72b67d6e51910a1117b3b483ba20bd\",\"name\":\"Kul\",\"image\":{\"@type\":\"ImageObject\",\"inLanguage\":\"bs-BA\",\"@id\":\"https:\/\/sandzakpress.net\/arhiva\/#\/schema\/person\/image\/\",\"url\":\"https:\/\/secure.gravatar.com\/avatar\/42263f39aa27ac04c43cab85c280eb2e?s=96&d=mm&r=pg\",\"contentUrl\":\"https:\/\/secure.gravatar.com\/avatar\/42263f39aa27ac04c43cab85c280eb2e?s=96&d=mm&r=pg\",\"caption\":\"Kul\"},\"logo\":{\"@id\":\"https:\/\/sandzakpress.net\/arhiva\/#\/schema\/person\/image\/\"}},{\"@type\":\"Person\",\"@id\":\"https:\/\/sandzakpress.net\/arhiva\/#\/schema\/person\/b71f9565a8a6ce38c0200f1cf59c368c\",\"name\":\"Korektor\",\"image\":{\"@type\":\"ImageObject\",\"inLanguage\":\"bs-BA\",\"@id\":\"https:\/\/sandzakpress.net\/arhiva\/#\/schema\/person\/image\/\",\"url\":\"https:\/\/secure.gravatar.com\/avatar\/ae3388ff9b8eb74e0751a069466905f6?s=96&d=mm&r=pg\",\"contentUrl\":\"https:\/\/secure.gravatar.com\/avatar\/ae3388ff9b8eb74e0751a069466905f6?s=96&d=mm&r=pg\",\"caption\":\"Korektor\"},\"url\":\"https:\/\/sandzakpress.net\/arhiva\/author\/korektor\/\"}]}<\/script>\n<!-- \/ Yoast SEO Premium plugin. -->","yoast_head_json":{"title":"Pesimizam u \u0161tabu Vuka Jeremi\u0107a: Na izborima je obilje\u017een niz nepravilnosti","robots":{"index":"index","follow":"follow","max-snippet":"max-snippet:-1","max-image-preview":"max-image-preview:large","max-video-preview":"max-video-preview:-1"},"canonical":"https:\/\/sandzakpress.net\/arhiva\/pesimizam-u-stabu-vuka-jeremica-na-izborima-je-obiljezen-niz-nepravilnosti\/","og_locale":"bs_BA","og_type":"article","og_title":"Pesimizam u \u0161tabu Vuka Jeremi\u0107a: Na izborima je obilje\u017een niz nepravilnosti","og_description":"\u00a0 Izbori u Srbiji nisu pro\u0161li optimisti\u010dno za sve kandidate. Portparol tima predsjedni\u010dkog kandidata Vuka Jeremi\u0107a, Nikola Jovanovi\u0107, kazao je da je cijela kampanja protekla u mraku i protiv Vuka Jeremi\u0107a. \u00a0 &#8220;I dana\u0161nji dan obilje\u017een je nepravilnostima koje mogu utjecati na kona\u010dne rezultate. Najgrublje povrede su bile u Po\u017earevcu, gdje je gradona\u010delnik li\u010dno obilazio [&hellip;]","og_url":"https:\/\/sandzakpress.net\/arhiva\/pesimizam-u-stabu-vuka-jeremica-na-izborima-je-obiljezen-niz-nepravilnosti\/","og_site_name":"Sand\u017eak PRESS","article_published_time":"2017-04-02T19:05:56+00:00","og_image":[{"width":850,"height":566,"url":"https:\/\/sandzakpress.net\/arhiva\/wp-content\/uploads\/2017\/04\/b_170402099.jpg","type":"image\/jpeg"}],"author":"Korektor","twitter_card":"summary_large_image","twitter_misc":{"Written by":"Korektor","Est. reading time":"1 minuta"},"schema":{"@context":"https:\/\/schema.org","@graph":[{"@type":"Article","@id":"https:\/\/sandzakpress.net\/arhiva\/pesimizam-u-stabu-vuka-jeremica-na-izborima-je-obiljezen-niz-nepravilnosti\/#article","isPartOf":{"@id":"https:\/\/sandzakpress.net\/arhiva\/pesimizam-u-stabu-vuka-jeremica-na-izborima-je-obiljezen-niz-nepravilnosti\/"},"author":{"name":"Korektor","@id":"https:\/\/sandzakpress.net\/arhiva\/#\/schema\/person\/b71f9565a8a6ce38c0200f1cf59c368c"},"headline":"Pesimizam u \u0161tabu Vuka Jeremi\u0107a: Na izborima je obilje\u017een niz nepravilnosti","datePublished":"2017-04-02T19:05:56+00:00","mainEntityOfPage":{"@id":"https:\/\/sandzakpress.net\/arhiva\/pesimizam-u-stabu-vuka-jeremica-na-izborima-je-obiljezen-niz-nepravilnosti\/"},"wordCount":151,"commentCount":1,"publisher":{"@id":"https:\/\/sandzakpress.net\/arhiva\/#\/schema\/person\/6e72b67d6e51910a1117b3b483ba20bd"},"image":{"@id":"https:\/\/sandzakpress.net\/arhiva\/pesimizam-u-stabu-vuka-jeremica-na-izborima-je-obiljezen-niz-nepravilnosti\/#primaryimage"},"thumbnailUrl":"https:\/\/sandzakpress.net\/arhiva\/wp-content\/uploads\/2017\/04\/b_170402099.jpg","articleSection":["Novi Pazar","Njema\u010dka","Politika","Sjenica","Tutin","Prijepolje","Priboj","Nova Varo\u0161","VIJESTI DANA"],"inLanguage":"bs-BA","potentialAction":[{"@type":"CommentAction","name":"Comment","target":["https:\/\/sandzakpress.net\/arhiva\/pesimizam-u-stabu-vuka-jeremica-na-izborima-je-obiljezen-niz-nepravilnosti\/#respond"]}]},{"@type":"WebPage","@id":"https:\/\/sandzakpress.net\/arhiva\/pesimizam-u-stabu-vuka-jeremica-na-izborima-je-obiljezen-niz-nepravilnosti\/","url":"https:\/\/sandzakpress.net\/arhiva\/pesimizam-u-stabu-vuka-jeremica-na-izborima-je-obiljezen-niz-nepravilnosti\/","name":"Pesimizam u \u0161tabu Vuka Jeremi\u0107a: Na izborima je obilje\u017een niz nepravilnosti","isPartOf":{"@id":"https:\/\/sandzakpress.net\/arhiva\/#website"},"primaryImageOfPage":{"@id":"https:\/\/sandzakpress.net\/arhiva\/pesimizam-u-stabu-vuka-jeremica-na-izborima-je-obiljezen-niz-nepravilnosti\/#primaryimage"},"image":{"@id":"https:\/\/sandzakpress.net\/arhiva\/pesimizam-u-stabu-vuka-jeremica-na-izborima-je-obiljezen-niz-nepravilnosti\/#primaryimage"},"thumbnailUrl":"https:\/\/sandzakpress.net\/arhiva\/wp-content\/uploads\/2017\/04\/b_170402099.jpg","datePublished":"2017-04-02T19:05:56+00:00","breadcrumb":{"@id":"https:\/\/sandzakpress.net\/arhiva\/pesimizam-u-stabu-vuka-jeremica-na-izborima-je-obiljezen-niz-nepravilnosti\/#breadcrumb"},"inLanguage":"bs-BA","potentialAction":[{"@type":"ReadAction","target":["https:\/\/sandzakpress.net\/arhiva\/pesimizam-u-stabu-vuka-jeremica-na-izborima-je-obiljezen-niz-nepravilnosti\/"]}]},{"@type":"ImageObject","inLanguage":"bs-BA","@id":"https:\/\/sandzakpress.net\/arhiva\/pesimizam-u-stabu-vuka-jeremica-na-izborima-je-obiljezen-niz-nepravilnosti\/#primaryimage","url":"https:\/\/sandzakpress.net\/arhiva\/wp-content\/uploads\/2017\/04\/b_170402099.jpg","contentUrl":"https:\/\/sandzakpress.net\/arhiva\/wp-content\/uploads\/2017\/04\/b_170402099.jpg","width":850,"height":566},{"@type":"BreadcrumbList","@id":"https:\/\/sandzakpress.net\/arhiva\/pesimizam-u-stabu-vuka-jeremica-na-izborima-je-obiljezen-niz-nepravilnosti\/#breadcrumb","itemListElement":[{"@type":"ListItem","position":1,"name":"Home","item":"https:\/\/sandzakpress.net\/arhiva\/"},{"@type":"ListItem","position":2,"name":"Pesimizam u \u0161tabu Vuka Jeremi\u0107a: Na izborima je obilje\u017een niz nepravilnosti"}]},{"@type":"WebSite","@id":"https:\/\/sandzakpress.net\/arhiva\/#website","url":"https:\/\/sandzakpress.net\/arhiva\/","name":"Sand\u017eak PRESS","description":"Prve elektronske novine u Sand\u017eaku","publisher":{"@id":"https:\/\/sandzakpress.net\/arhiva\/#\/schema\/person\/6e72b67d6e51910a1117b3b483ba20bd"},"potentialAction":[{"@type":"SearchAction","target":{"@type":"EntryPoint","urlTemplate":"https:\/\/sandzakpress.net\/arhiva\/?s={search_term_string}"},"query-input":{"@type":"PropertyValueSpecification","valueRequired":true,"valueName":"search_term_string"}}],"inLanguage":"bs-BA"},{"@type":["Person","Organization"],"@id":"https:\/\/sandzakpress.net\/arhiva\/#\/schema\/person\/6e72b67d6e51910a1117b3b483ba20bd","name":"Kul","image":{"@type":"ImageObject","inLanguage":"bs-BA","@id":"https:\/\/sandzakpress.net\/arhiva\/#\/schema\/person\/image\/","url":"https:\/\/secure.gravatar.com\/avatar\/42263f39aa27ac04c43cab85c280eb2e?s=96&d=mm&r=pg","contentUrl":"https:\/\/secure.gravatar.com\/avatar\/42263f39aa27ac04c43cab85c280eb2e?s=96&d=mm&r=pg","caption":"Kul"},"logo":{"@id":"https:\/\/sandzakpress.net\/arhiva\/#\/schema\/person\/image\/"}},{"@type":"Person","@id":"https:\/\/sandzakpress.net\/arhiva\/#\/schema\/person\/b71f9565a8a6ce38c0200f1cf59c368c","name":"Korektor","image":{"@type":"ImageObject","inLanguage":"bs-BA","@id":"https:\/\/sandzakpress.net\/arhiva\/#\/schema\/person\/image\/","url":"https:\/\/secure.gravatar.com\/avatar\/ae3388ff9b8eb74e0751a069466905f6?s=96&d=mm&r=pg","contentUrl":"https:\/\/secure.gravatar.com\/avatar\/ae3388ff9b8eb74e0751a069466905f6?s=96&d=mm&r=pg","caption":"Korektor"},"url":"https:\/\/sandzakpress.net\/arhiva\/author\/korektor\/"}]}},"_links":{"self":[{"href":"https:\/\/sandzakpress.net\/arhiva\/wp-json\/wp\/v2\/posts\/183563"}],"collection":[{"href":"https:\/\/sandzakpress.net\/arhiva\/wp-json\/wp\/v2\/posts"}],"about":[{"href":"https:\/\/sandzakpress.net\/arhiva\/wp-json\/wp\/v2\/types\/post"}],"author":[{"embeddable":true,"href":"https:\/\/sandzakpress.net\/arhiva\/wp-json\/wp\/v2\/users\/125"}],"replies":[{"embeddable":true,"href":"https:\/\/sandzakpress.net\/arhiva\/wp-json\/wp\/v2\/comments?post=183563"}],"version-history":[{"count":0,"href":"https:\/\/sandzakpress.net\/arhiva\/wp-json\/wp\/v2\/posts\/183563\/revisions"}],"wp:featuredmedia":[{"embeddable":true,"href":"https:\/\/sandzakpress.net\/arhiva\/wp-json\/wp\/v2\/media\/183564"}],"wp:attachment":[{"href":"https:\/\/sandzakpress.net\/arhiva\/wp-json\/wp\/v2\/media?parent=183563"}],"wp:term":[{"taxonomy":"category","embeddable":true,"href":"https:\/\/sandzakpress.net\/arhiva\/wp-json\/wp\/v2\/categories?post=183563"},{"taxonomy":"post_tag","embeddable":true,"href":"https:\/\/sandzakpress.net\/arhiva\/wp-json\/wp\/v2\/tags?post=183563"}],"curies":[{"name":"wp","href":"https:\/\/api.w.org\/{rel}","templated":true}]}}