{"id":183541,"date":"2017-04-02T14:10:27","date_gmt":"2017-04-02T12:10:27","guid":{"rendered":"https:\/\/sandzakpress.net\/arhiva\/?p=183541"},"modified":"2017-04-02T14:10:27","modified_gmt":"2017-04-02T12:10:27","slug":"delegacija-mesihata-u-posjeti-dzematima-u-makedoniji","status":"publish","type":"post","link":"https:\/\/sandzakpress.net\/arhiva\/delegacija-mesihata-u-posjeti-dzematima-u-makedoniji\/","title":{"rendered":"Delegacija Me\u0161ihata u posjeti d\u017eematima u Makedoniji"},"content":{"rendered":"<p><img decoding=\"async\" src=\"http:\/\/mesihat.org\/wp-content\/uploads\/2017\/04\/img_1867.jpg\" \/><\/p>\n<p>U petak 31.03.2017. delegacija Me\u0161ihata u sastavu: direktor Medrese dr. Re\u0161ad ef. Plojovi\u0107 i rukovodilac vjersko-prosvjetne sluzbe mr. Enver ef. Omerovi\u0107 zapo\u010dela je posjetu bo\u0161nja\u010dkim d\u017eematima u Skoplju i tom prilikom je obavljena d\u017euma namaz u d\u017eematu Batince, koju je predvodio direktor Medrese i d\u017eematu Hatund\u017ei d\u017eamije u Skoplju, koju je predvodio mr. Omerovi\u0107.\u00a0<\/p>\n<p>Tokom d\u017eumanske hutbe bilo je rije\u010di o stanju muslimanskog ummeta generalno, a posebno stanju Bo\u0161njaka, te potrebnim koracima i na\u010dinima prevazila\u017eenja brojnih problema sa kojima se muslimani suo\u010davaju.\u00a0<\/p>\n<p>Nakon d\u017eume namaza uprili\u010den je zajedni\u010dko ru\u010dak uz muhabet i dru\u017eenje sa vrijednim d\u017eematlijama Bo\u0161njacima iz mjesta Batince kod Skoplja.\u00a0<\/p>\n<p><a class=\"cb-lightbox\" href=\"http:\/\/mesihat.org\/wp-content\/uploads\/2017\/04\/img_1868.jpg\"><img loading=\"lazy\" decoding=\"async\" class=\"alignnone size-full wp-image-37391\" src=\"http:\/\/mesihat.org\/wp-content\/uploads\/2017\/04\/img_1868.jpg\" sizes=\"(max-width: 1280px) 100vw, 1280px\" srcset=\"http:\/\/mesihat.org\/wp-content\/uploads\/2017\/04\/img_1868.jpg 1280w, http:\/\/mesihat.org\/wp-content\/uploads\/2017\/04\/img_1868-400x300.jpg 400w, http:\/\/mesihat.org\/wp-content\/uploads\/2017\/04\/img_1868-768x576.jpg 768w, http:\/\/mesihat.org\/wp-content\/uploads\/2017\/04\/img_1868-800x600.jpg 800w, http:\/\/mesihat.org\/wp-content\/uploads\/2017\/04\/img_1868-80x60.jpg 80w\" alt=\"\" width=\"1280\" height=\"960\" \/><\/a><br \/>Nakon ikindije namaza delegacija Me\u0161ihata u pratnji mr. D\u017eevad ef. Hota, profesora Medrese i FIS-a, imama Hatund\u017ei d\u017eamije u Skoplju se uputila put Struge sa namjerom da nakon ak\u0161ama i jacije nastavi dru\u017eenje sa muslimanima ovog grada.\u00a0<\/p>\n<p>Delegaciju Me\u0161ihata je u Strugi do\u010dekao imam d\u017eemata u Labuni\u0161tu pored Struge, Maksut ef., sa sinom D\u017eeljadinom, studentom 3. godine FIS-a u Novom Pazaru.\u00a0<\/p>\n<p>Nakon zajedni\u010dke ve\u010dere i ak\u0161am namaza u Strugi, delegacija se uputila u mjesto Labuni\u0161tne u kojem \u017eivi blizu 10.000 muslimana i tom prilikom prisustvovala jaciji namazu, a nakon toga se u ime delegacije prisutnima obratio dr. Re\u0161ad ef. Plojovi\u0107 prigodnim vazu nasihatom, koji je zavr\u0161io sa porukom da se ljudi netrebaju bojati za budu\u0107nost vjere Islama i iskrenih muslimana, jer je to Allahova vjera, a iskreni muslimani \u0107e uvijek u\u017eivati Njegovu zastitu i dobiti neophodnu pomo\u0107 onda kada On Uzvi\u0161eni procijeni da je to potrebno i na na\u010din koji On Uzvi\u0161eni smatra najprikladnijim, ve\u0107 se trebaju brinuti o sebi, svom stanju i odnosu prema Allahu dz.\u0161, biti iskreni u vjeri i odnosima jedni prema drugima, spremni na me\u0111usobni solidarnost i \u017ertvu na Allahovom putu.<\/p>\n<p>Tokom ove posjete dogovoreno je niz koraka koji se trebaju poduzeti u budu\u0107nosti kako bi muslimani ovih prostora imali jo\u0161 vi\u0161e uspjeha u radu svojih d\u017eemata na zadovosljstvo i korist svih dzematlija.<\/p>\n<p>Molimo Uzvi\u0161enog Allaha da obilato nagradi sve one koji su doprinijeli da do\u0111e do ove posjete i da ona protekne u najboljem redu.<\/p>\n<p><a class=\"cb-lightbox\" href=\"http:\/\/mesihat.org\/wp-content\/uploads\/2017\/04\/img_1872.jpg\"><img loading=\"lazy\" decoding=\"async\" class=\"alignnone size-full wp-image-37394\" src=\"http:\/\/mesihat.org\/wp-content\/uploads\/2017\/04\/img_1872.jpg\" sizes=\"(max-width: 1280px) 100vw, 1280px\" srcset=\"http:\/\/mesihat.org\/wp-content\/uploads\/2017\/04\/img_1872.jpg 1280w, http:\/\/mesihat.org\/wp-content\/uploads\/2017\/04\/img_1872-400x300.jpg 400w, http:\/\/mesihat.org\/wp-content\/uploads\/2017\/04\/img_1872-768x576.jpg 768w, http:\/\/mesihat.org\/wp-content\/uploads\/2017\/04\/img_1872-800x600.jpg 800w, http:\/\/mesihat.org\/wp-content\/uploads\/2017\/04\/img_1872-80x60.jpg 80w\" alt=\"\" width=\"1280\" height=\"960\" \/><\/a><a class=\"cb-lightbox\" href=\"http:\/\/mesihat.org\/wp-content\/uploads\/2017\/04\/img_1871.jpg\"><img loading=\"lazy\" decoding=\"async\" class=\"alignnone size-full wp-image-37392\" src=\"http:\/\/mesihat.org\/wp-content\/uploads\/2017\/04\/img_1871.jpg\" sizes=\"(max-width: 1280px) 100vw, 1280px\" srcset=\"http:\/\/mesihat.org\/wp-content\/uploads\/2017\/04\/img_1871.jpg 1280w, http:\/\/mesihat.org\/wp-content\/uploads\/2017\/04\/img_1871-490x300.jpg 490w, http:\/\/mesihat.org\/wp-content\/uploads\/2017\/04\/img_1871-768x470.jpg 768w, http:\/\/mesihat.org\/wp-content\/uploads\/2017\/04\/img_1871-980x600.jpg 980w\" alt=\"\" width=\"1280\" height=\"784\" \/><\/a><a class=\"cb-lightbox\" href=\"http:\/\/mesihat.org\/wp-content\/uploads\/2017\/04\/img_1870.jpg\"><img loading=\"lazy\" decoding=\"async\" class=\"alignnone size-full wp-image-37395\" src=\"http:\/\/mesihat.org\/wp-content\/uploads\/2017\/04\/img_1870.jpg\" sizes=\"(max-width: 1280px) 100vw, 1280px\" srcset=\"http:\/\/mesihat.org\/wp-content\/uploads\/2017\/04\/img_1870.jpg 1280w, http:\/\/mesihat.org\/wp-content\/uploads\/2017\/04\/img_1870-391x300.jpg 391w, http:\/\/mesihat.org\/wp-content\/uploads\/2017\/04\/img_1870-768x590.jpg 768w, http:\/\/mesihat.org\/wp-content\/uploads\/2017\/04\/img_1870-781x600.jpg 781w, http:\/\/mesihat.org\/wp-content\/uploads\/2017\/04\/img_1870-80x60.jpg 80w\" alt=\"\" width=\"1280\" height=\"983\" \/><\/a><a class=\"cb-lightbox\" href=\"http:\/\/mesihat.org\/wp-content\/uploads\/2017\/04\/img_1869.jpg\"><img loading=\"lazy\" decoding=\"async\" class=\"alignnone size-full wp-image-37393\" src=\"http:\/\/mesihat.org\/wp-content\/uploads\/2017\/04\/img_1869.jpg\" sizes=\"(max-width: 1280px) 100vw, 1280px\" srcset=\"http:\/\/mesihat.org\/wp-content\/uploads\/2017\/04\/img_1869.jpg 1280w, http:\/\/mesihat.org\/wp-content\/uploads\/2017\/04\/img_1869-467x300.jpg 467w, http:\/\/mesihat.org\/wp-content\/uploads\/2017\/04\/img_1869-768x493.jpg 768w, http:\/\/mesihat.org\/wp-content\/uploads\/2017\/04\/img_1869-934x600.jpg 934w\" alt=\"\" width=\"1280\" height=\"822\" \/><\/a><br \/><b><i>Informativna slu\u017eba<\/i><\/b><\/p>\n","protected":false},"excerpt":{"rendered":"<p>U petak 31.03.2017. delegacija Me\u0161ihata u sastavu: direktor Medrese dr. Re\u0161ad ef. Plojovi\u0107 i rukovodilac vjersko-prosvjetne sluzbe mr. Enver ef. Omerovi\u0107 zapo\u010dela je posjetu bo\u0161nja\u010dkim d\u017eematima u Skoplju i tom prilikom je obavljena d\u017euma namaz u d\u017eematu Batince, koju je predvodio direktor Medrese i d\u017eematu Hatund\u017ei d\u017eamije u Skoplju, koju je predvodio mr. Omerovi\u0107.\u00a0 Tokom [&hellip;]<\/p>\n","protected":false},"author":509,"featured_media":183545,"comment_status":"open","ping_status":"open","sticky":false,"template":"","format":"standard","meta":{"footnotes":""},"categories":[72,802,2691],"tags":[],"class_list":{"0":"post-183541","1":"post","2":"type-post","3":"status-publish","4":"format-standard","5":"has-post-thumbnail","7":"category-novi-pazar","8":"category-islamska_zajednica","9":"category-makedonija"},"yoast_head":"<!-- This site is optimized with the Yoast SEO Premium plugin v23.1 (Yoast SEO v24.9) - https:\/\/yoast.com\/wordpress\/plugins\/seo\/ -->\n<title>Delegacija Me\u0161ihata u posjeti d\u017eematima u Makedoniji<\/title>\n<meta name=\"robots\" content=\"index, follow, max-snippet:-1, max-image-preview:large, max-video-preview:-1\" \/>\n<link rel=\"canonical\" href=\"https:\/\/sandzakpress.net\/arhiva\/delegacija-mesihata-u-posjeti-dzematima-u-makedoniji\/\" \/>\n<meta property=\"og:locale\" content=\"bs_BA\" \/>\n<meta property=\"og:type\" content=\"article\" \/>\n<meta property=\"og:title\" content=\"Delegacija Me\u0161ihata u posjeti d\u017eematima u Makedoniji\" \/>\n<meta property=\"og:description\" content=\"U petak 31.03.2017. delegacija Me\u0161ihata u sastavu: direktor Medrese dr. Re\u0161ad ef. Plojovi\u0107 i rukovodilac vjersko-prosvjetne sluzbe mr. Enver ef. Omerovi\u0107 zapo\u010dela je posjetu bo\u0161nja\u010dkim d\u017eematima u Skoplju i tom prilikom je obavljena d\u017euma namaz u d\u017eematu Batince, koju je predvodio direktor Medrese i d\u017eematu Hatund\u017ei d\u017eamije u Skoplju, koju je predvodio mr. Omerovi\u0107.\u00a0 Tokom [&hellip;]\" \/>\n<meta property=\"og:url\" content=\"https:\/\/sandzakpress.net\/arhiva\/delegacija-mesihata-u-posjeti-dzematima-u-makedoniji\/\" \/>\n<meta property=\"og:site_name\" content=\"Sand\u017eak PRESS\" \/>\n<meta property=\"article:published_time\" content=\"2017-04-02T12:10:27+00:00\" \/>\n<meta property=\"og:image\" content=\"https:\/\/sandzakpress.net\/arhiva\/wp-content\/uploads\/2017\/04\/img_1867.jpg\" \/>\n\t<meta property=\"og:image:width\" content=\"640\" \/>\n\t<meta property=\"og:image:height\" content=\"480\" \/>\n\t<meta property=\"og:image:type\" content=\"image\/jpeg\" \/>\n<meta name=\"author\" content=\"Agencija\" \/>\n<meta name=\"twitter:card\" content=\"summary_large_image\" \/>\n<meta name=\"twitter:label1\" content=\"Written by\" \/>\n\t<meta name=\"twitter:data1\" content=\"Agencija\" \/>\n\t<meta name=\"twitter:label2\" content=\"Est. reading time\" \/>\n\t<meta name=\"twitter:data2\" content=\"2 minute\" \/>\n<script type=\"application\/ld+json\" class=\"yoast-schema-graph\">{\"@context\":\"https:\/\/schema.org\",\"@graph\":[{\"@type\":\"Article\",\"@id\":\"https:\/\/sandzakpress.net\/arhiva\/delegacija-mesihata-u-posjeti-dzematima-u-makedoniji\/#article\",\"isPartOf\":{\"@id\":\"https:\/\/sandzakpress.net\/arhiva\/delegacija-mesihata-u-posjeti-dzematima-u-makedoniji\/\"},\"author\":{\"name\":\"Agencija\",\"@id\":\"https:\/\/sandzakpress.net\/arhiva\/#\/schema\/person\/cb59d7e3ab91ab90dd680ad0305a6185\"},\"headline\":\"Delegacija Me\u0161ihata u posjeti d\u017eematima u Makedoniji\",\"datePublished\":\"2017-04-02T12:10:27+00:00\",\"mainEntityOfPage\":{\"@id\":\"https:\/\/sandzakpress.net\/arhiva\/delegacija-mesihata-u-posjeti-dzematima-u-makedoniji\/\"},\"wordCount\":403,\"commentCount\":0,\"publisher\":{\"@id\":\"https:\/\/sandzakpress.net\/arhiva\/#\/schema\/person\/6e72b67d6e51910a1117b3b483ba20bd\"},\"image\":{\"@id\":\"https:\/\/sandzakpress.net\/arhiva\/delegacija-mesihata-u-posjeti-dzematima-u-makedoniji\/#primaryimage\"},\"thumbnailUrl\":\"https:\/\/sandzakpress.net\/arhiva\/wp-content\/uploads\/2017\/04\/img_1867.jpg\",\"articleSection\":[\"Novi Pazar\",\"Islamska zajednica\",\"Makedonija\"],\"inLanguage\":\"bs-BA\",\"potentialAction\":[{\"@type\":\"CommentAction\",\"name\":\"Comment\",\"target\":[\"https:\/\/sandzakpress.net\/arhiva\/delegacija-mesihata-u-posjeti-dzematima-u-makedoniji\/#respond\"]}]},{\"@type\":\"WebPage\",\"@id\":\"https:\/\/sandzakpress.net\/arhiva\/delegacija-mesihata-u-posjeti-dzematima-u-makedoniji\/\",\"url\":\"https:\/\/sandzakpress.net\/arhiva\/delegacija-mesihata-u-posjeti-dzematima-u-makedoniji\/\",\"name\":\"Delegacija Me\u0161ihata u posjeti d\u017eematima u Makedoniji\",\"isPartOf\":{\"@id\":\"https:\/\/sandzakpress.net\/arhiva\/#website\"},\"primaryImageOfPage\":{\"@id\":\"https:\/\/sandzakpress.net\/arhiva\/delegacija-mesihata-u-posjeti-dzematima-u-makedoniji\/#primaryimage\"},\"image\":{\"@id\":\"https:\/\/sandzakpress.net\/arhiva\/delegacija-mesihata-u-posjeti-dzematima-u-makedoniji\/#primaryimage\"},\"thumbnailUrl\":\"https:\/\/sandzakpress.net\/arhiva\/wp-content\/uploads\/2017\/04\/img_1867.jpg\",\"datePublished\":\"2017-04-02T12:10:27+00:00\",\"breadcrumb\":{\"@id\":\"https:\/\/sandzakpress.net\/arhiva\/delegacija-mesihata-u-posjeti-dzematima-u-makedoniji\/#breadcrumb\"},\"inLanguage\":\"bs-BA\",\"potentialAction\":[{\"@type\":\"ReadAction\",\"target\":[\"https:\/\/sandzakpress.net\/arhiva\/delegacija-mesihata-u-posjeti-dzematima-u-makedoniji\/\"]}]},{\"@type\":\"ImageObject\",\"inLanguage\":\"bs-BA\",\"@id\":\"https:\/\/sandzakpress.net\/arhiva\/delegacija-mesihata-u-posjeti-dzematima-u-makedoniji\/#primaryimage\",\"url\":\"https:\/\/sandzakpress.net\/arhiva\/wp-content\/uploads\/2017\/04\/img_1867.jpg\",\"contentUrl\":\"https:\/\/sandzakpress.net\/arhiva\/wp-content\/uploads\/2017\/04\/img_1867.jpg\",\"width\":640,\"height\":480},{\"@type\":\"BreadcrumbList\",\"@id\":\"https:\/\/sandzakpress.net\/arhiva\/delegacija-mesihata-u-posjeti-dzematima-u-makedoniji\/#breadcrumb\",\"itemListElement\":[{\"@type\":\"ListItem\",\"position\":1,\"name\":\"Home\",\"item\":\"https:\/\/sandzakpress.net\/arhiva\/\"},{\"@type\":\"ListItem\",\"position\":2,\"name\":\"Delegacija Me\u0161ihata u posjeti d\u017eematima u Makedoniji\"}]},{\"@type\":\"WebSite\",\"@id\":\"https:\/\/sandzakpress.net\/arhiva\/#website\",\"url\":\"https:\/\/sandzakpress.net\/arhiva\/\",\"name\":\"Sand\u017eak PRESS\",\"description\":\"Prve elektronske novine u Sand\u017eaku\",\"publisher\":{\"@id\":\"https:\/\/sandzakpress.net\/arhiva\/#\/schema\/person\/6e72b67d6e51910a1117b3b483ba20bd\"},\"potentialAction\":[{\"@type\":\"SearchAction\",\"target\":{\"@type\":\"EntryPoint\",\"urlTemplate\":\"https:\/\/sandzakpress.net\/arhiva\/?s={search_term_string}\"},\"query-input\":{\"@type\":\"PropertyValueSpecification\",\"valueRequired\":true,\"valueName\":\"search_term_string\"}}],\"inLanguage\":\"bs-BA\"},{\"@type\":[\"Person\",\"Organization\"],\"@id\":\"https:\/\/sandzakpress.net\/arhiva\/#\/schema\/person\/6e72b67d6e51910a1117b3b483ba20bd\",\"name\":\"Kul\",\"image\":{\"@type\":\"ImageObject\",\"inLanguage\":\"bs-BA\",\"@id\":\"https:\/\/sandzakpress.net\/arhiva\/#\/schema\/person\/image\/\",\"url\":\"https:\/\/secure.gravatar.com\/avatar\/42263f39aa27ac04c43cab85c280eb2e?s=96&d=mm&r=pg\",\"contentUrl\":\"https:\/\/secure.gravatar.com\/avatar\/42263f39aa27ac04c43cab85c280eb2e?s=96&d=mm&r=pg\",\"caption\":\"Kul\"},\"logo\":{\"@id\":\"https:\/\/sandzakpress.net\/arhiva\/#\/schema\/person\/image\/\"}},{\"@type\":\"Person\",\"@id\":\"https:\/\/sandzakpress.net\/arhiva\/#\/schema\/person\/cb59d7e3ab91ab90dd680ad0305a6185\",\"name\":\"Agencija\",\"image\":{\"@type\":\"ImageObject\",\"inLanguage\":\"bs-BA\",\"@id\":\"https:\/\/sandzakpress.net\/arhiva\/#\/schema\/person\/image\/\",\"url\":\"https:\/\/secure.gravatar.com\/avatar\/4b7fafa80a22f0c2afe23966b3961fe0?s=96&d=mm&r=pg\",\"contentUrl\":\"https:\/\/secure.gravatar.com\/avatar\/4b7fafa80a22f0c2afe23966b3961fe0?s=96&d=mm&r=pg\",\"caption\":\"Agencija\"},\"url\":\"https:\/\/sandzakpress.net\/arhiva\/author\/agencija\/\"}]}<\/script>\n<!-- \/ Yoast SEO Premium plugin. -->","yoast_head_json":{"title":"Delegacija Me\u0161ihata u posjeti d\u017eematima u Makedoniji","robots":{"index":"index","follow":"follow","max-snippet":"max-snippet:-1","max-image-preview":"max-image-preview:large","max-video-preview":"max-video-preview:-1"},"canonical":"https:\/\/sandzakpress.net\/arhiva\/delegacija-mesihata-u-posjeti-dzematima-u-makedoniji\/","og_locale":"bs_BA","og_type":"article","og_title":"Delegacija Me\u0161ihata u posjeti d\u017eematima u Makedoniji","og_description":"U petak 31.03.2017. delegacija Me\u0161ihata u sastavu: direktor Medrese dr. Re\u0161ad ef. Plojovi\u0107 i rukovodilac vjersko-prosvjetne sluzbe mr. Enver ef. Omerovi\u0107 zapo\u010dela je posjetu bo\u0161nja\u010dkim d\u017eematima u Skoplju i tom prilikom je obavljena d\u017euma namaz u d\u017eematu Batince, koju je predvodio direktor Medrese i d\u017eematu Hatund\u017ei d\u017eamije u Skoplju, koju je predvodio mr. Omerovi\u0107.\u00a0 Tokom [&hellip;]","og_url":"https:\/\/sandzakpress.net\/arhiva\/delegacija-mesihata-u-posjeti-dzematima-u-makedoniji\/","og_site_name":"Sand\u017eak PRESS","article_published_time":"2017-04-02T12:10:27+00:00","og_image":[{"width":640,"height":480,"url":"https:\/\/sandzakpress.net\/arhiva\/wp-content\/uploads\/2017\/04\/img_1867.jpg","type":"image\/jpeg"}],"author":"Agencija","twitter_card":"summary_large_image","twitter_misc":{"Written by":"Agencija","Est. reading time":"2 minute"},"schema":{"@context":"https:\/\/schema.org","@graph":[{"@type":"Article","@id":"https:\/\/sandzakpress.net\/arhiva\/delegacija-mesihata-u-posjeti-dzematima-u-makedoniji\/#article","isPartOf":{"@id":"https:\/\/sandzakpress.net\/arhiva\/delegacija-mesihata-u-posjeti-dzematima-u-makedoniji\/"},"author":{"name":"Agencija","@id":"https:\/\/sandzakpress.net\/arhiva\/#\/schema\/person\/cb59d7e3ab91ab90dd680ad0305a6185"},"headline":"Delegacija Me\u0161ihata u posjeti d\u017eematima u Makedoniji","datePublished":"2017-04-02T12:10:27+00:00","mainEntityOfPage":{"@id":"https:\/\/sandzakpress.net\/arhiva\/delegacija-mesihata-u-posjeti-dzematima-u-makedoniji\/"},"wordCount":403,"commentCount":0,"publisher":{"@id":"https:\/\/sandzakpress.net\/arhiva\/#\/schema\/person\/6e72b67d6e51910a1117b3b483ba20bd"},"image":{"@id":"https:\/\/sandzakpress.net\/arhiva\/delegacija-mesihata-u-posjeti-dzematima-u-makedoniji\/#primaryimage"},"thumbnailUrl":"https:\/\/sandzakpress.net\/arhiva\/wp-content\/uploads\/2017\/04\/img_1867.jpg","articleSection":["Novi Pazar","Islamska zajednica","Makedonija"],"inLanguage":"bs-BA","potentialAction":[{"@type":"CommentAction","name":"Comment","target":["https:\/\/sandzakpress.net\/arhiva\/delegacija-mesihata-u-posjeti-dzematima-u-makedoniji\/#respond"]}]},{"@type":"WebPage","@id":"https:\/\/sandzakpress.net\/arhiva\/delegacija-mesihata-u-posjeti-dzematima-u-makedoniji\/","url":"https:\/\/sandzakpress.net\/arhiva\/delegacija-mesihata-u-posjeti-dzematima-u-makedoniji\/","name":"Delegacija Me\u0161ihata u posjeti d\u017eematima u Makedoniji","isPartOf":{"@id":"https:\/\/sandzakpress.net\/arhiva\/#website"},"primaryImageOfPage":{"@id":"https:\/\/sandzakpress.net\/arhiva\/delegacija-mesihata-u-posjeti-dzematima-u-makedoniji\/#primaryimage"},"image":{"@id":"https:\/\/sandzakpress.net\/arhiva\/delegacija-mesihata-u-posjeti-dzematima-u-makedoniji\/#primaryimage"},"thumbnailUrl":"https:\/\/sandzakpress.net\/arhiva\/wp-content\/uploads\/2017\/04\/img_1867.jpg","datePublished":"2017-04-02T12:10:27+00:00","breadcrumb":{"@id":"https:\/\/sandzakpress.net\/arhiva\/delegacija-mesihata-u-posjeti-dzematima-u-makedoniji\/#breadcrumb"},"inLanguage":"bs-BA","potentialAction":[{"@type":"ReadAction","target":["https:\/\/sandzakpress.net\/arhiva\/delegacija-mesihata-u-posjeti-dzematima-u-makedoniji\/"]}]},{"@type":"ImageObject","inLanguage":"bs-BA","@id":"https:\/\/sandzakpress.net\/arhiva\/delegacija-mesihata-u-posjeti-dzematima-u-makedoniji\/#primaryimage","url":"https:\/\/sandzakpress.net\/arhiva\/wp-content\/uploads\/2017\/04\/img_1867.jpg","contentUrl":"https:\/\/sandzakpress.net\/arhiva\/wp-content\/uploads\/2017\/04\/img_1867.jpg","width":640,"height":480},{"@type":"BreadcrumbList","@id":"https:\/\/sandzakpress.net\/arhiva\/delegacija-mesihata-u-posjeti-dzematima-u-makedoniji\/#breadcrumb","itemListElement":[{"@type":"ListItem","position":1,"name":"Home","item":"https:\/\/sandzakpress.net\/arhiva\/"},{"@type":"ListItem","position":2,"name":"Delegacija Me\u0161ihata u posjeti d\u017eematima u Makedoniji"}]},{"@type":"WebSite","@id":"https:\/\/sandzakpress.net\/arhiva\/#website","url":"https:\/\/sandzakpress.net\/arhiva\/","name":"Sand\u017eak PRESS","description":"Prve elektronske novine u Sand\u017eaku","publisher":{"@id":"https:\/\/sandzakpress.net\/arhiva\/#\/schema\/person\/6e72b67d6e51910a1117b3b483ba20bd"},"potentialAction":[{"@type":"SearchAction","target":{"@type":"EntryPoint","urlTemplate":"https:\/\/sandzakpress.net\/arhiva\/?s={search_term_string}"},"query-input":{"@type":"PropertyValueSpecification","valueRequired":true,"valueName":"search_term_string"}}],"inLanguage":"bs-BA"},{"@type":["Person","Organization"],"@id":"https:\/\/sandzakpress.net\/arhiva\/#\/schema\/person\/6e72b67d6e51910a1117b3b483ba20bd","name":"Kul","image":{"@type":"ImageObject","inLanguage":"bs-BA","@id":"https:\/\/sandzakpress.net\/arhiva\/#\/schema\/person\/image\/","url":"https:\/\/secure.gravatar.com\/avatar\/42263f39aa27ac04c43cab85c280eb2e?s=96&d=mm&r=pg","contentUrl":"https:\/\/secure.gravatar.com\/avatar\/42263f39aa27ac04c43cab85c280eb2e?s=96&d=mm&r=pg","caption":"Kul"},"logo":{"@id":"https:\/\/sandzakpress.net\/arhiva\/#\/schema\/person\/image\/"}},{"@type":"Person","@id":"https:\/\/sandzakpress.net\/arhiva\/#\/schema\/person\/cb59d7e3ab91ab90dd680ad0305a6185","name":"Agencija","image":{"@type":"ImageObject","inLanguage":"bs-BA","@id":"https:\/\/sandzakpress.net\/arhiva\/#\/schema\/person\/image\/","url":"https:\/\/secure.gravatar.com\/avatar\/4b7fafa80a22f0c2afe23966b3961fe0?s=96&d=mm&r=pg","contentUrl":"https:\/\/secure.gravatar.com\/avatar\/4b7fafa80a22f0c2afe23966b3961fe0?s=96&d=mm&r=pg","caption":"Agencija"},"url":"https:\/\/sandzakpress.net\/arhiva\/author\/agencija\/"}]}},"_links":{"self":[{"href":"https:\/\/sandzakpress.net\/arhiva\/wp-json\/wp\/v2\/posts\/183541"}],"collection":[{"href":"https:\/\/sandzakpress.net\/arhiva\/wp-json\/wp\/v2\/posts"}],"about":[{"href":"https:\/\/sandzakpress.net\/arhiva\/wp-json\/wp\/v2\/types\/post"}],"author":[{"embeddable":true,"href":"https:\/\/sandzakpress.net\/arhiva\/wp-json\/wp\/v2\/users\/509"}],"replies":[{"embeddable":true,"href":"https:\/\/sandzakpress.net\/arhiva\/wp-json\/wp\/v2\/comments?post=183541"}],"version-history":[{"count":0,"href":"https:\/\/sandzakpress.net\/arhiva\/wp-json\/wp\/v2\/posts\/183541\/revisions"}],"wp:featuredmedia":[{"embeddable":true,"href":"https:\/\/sandzakpress.net\/arhiva\/wp-json\/wp\/v2\/media\/183545"}],"wp:attachment":[{"href":"https:\/\/sandzakpress.net\/arhiva\/wp-json\/wp\/v2\/media?parent=183541"}],"wp:term":[{"taxonomy":"category","embeddable":true,"href":"https:\/\/sandzakpress.net\/arhiva\/wp-json\/wp\/v2\/categories?post=183541"},{"taxonomy":"post_tag","embeddable":true,"href":"https:\/\/sandzakpress.net\/arhiva\/wp-json\/wp\/v2\/tags?post=183541"}],"curies":[{"name":"wp","href":"https:\/\/api.w.org\/{rel}","templated":true}]}}