{"id":183469,"date":"2017-04-01T13:30:14","date_gmt":"2017-04-01T11:30:14","guid":{"rendered":"https:\/\/sandzakpress.net\/arhiva\/?p=183469"},"modified":"2017-04-01T13:17:18","modified_gmt":"2017-04-01T11:17:18","slug":"na-pomolu-ademov-transfer-iz-snova","status":"publish","type":"post","link":"https:\/\/sandzakpress.net\/arhiva\/na-pomolu-ademov-transfer-iz-snova\/","title":{"rendered":"Na pomolu Ademov transfer iz snova!"},"content":{"rendered":"<p><img decoding=\"async\" src=\"http:\/\/www.sportske.net\/text_images\/201610\/ademljajic375640501972020161017223416.jpg\" alt=\"Luda\u010dka vrte\u0161ka - Ademov transfer iz snova, ali i veliko poja\u010danje za Mihu!\" \/><\/p>\n<p><strong>Kakva bi ovo bila vrte\u0161ka, a pro\u0161li bi dobro i Adem Ljaji\u0107a, ali i Sini\u0161a Mihajlovi\u0107.<\/strong><\/p>\n<p>Kako su danas prenijeli italijanski mediji, Torino i Roma bi po ko zna koji put mogli da posluju, a to bi dovelo i do transfera iz snova za Adema Ljaji\u0107a!<\/p>\n<p>Pri\u010da ide ovako &#8211; Sini\u0161a Mihajlovi\u0107 \u017eeli da proda Adema Ljaji\u0107a i da od njegove prodaje dovede Stefana El \u0160aravija iz Rome za 10 miliona eura.<\/p>\n<p>Adem ne bi tek tako oti\u0161ao, \u017eeli u veliki klub i gde \u0107e dobiti va\u017enu ulogu, a upravo mu to nudi Vin\u0107enco Montela u Milanu!<\/p>\n<p>Montela i Ljaji\u0107 se znaju veoma dobro iz sezone 2012\/13 kada su zajedno bili u Fiorentini.<\/p>\n<p>Ljaji\u0107 je u Firenci ostavio solidan utisak, u periodu od januara 2010. do leta 2013. godine odigrao je 88 me\u010deva i postigao 16 pogodaka.<\/p>\n<p>Kasnije je pre\u0161ao u Romu, gdje se nije pokazao, pa je posljednju sezonu 2015\/16 proveo na pozajmici u Interu.<\/p>\n<p>Sada bi ponovo mogao da se vrati na isti stadion, ali bi promenio boje kluba, \u0161to nije ni\u0161ta \u010dudno kada su milanski klubovi u pitanju.<\/p>\n<p>Milan je jo\u0161 ranije \u017eeleo Ljaji\u0107a, \u010dak je i potpis bio veoma blizu, pa na kraju nije do\u0161lo do saradanje. Sada bi upravo Montela mogao da u\u010dini klju\u010dan potez i kona\u010dno dovede Ljaji\u0107a na &#8221;San Siro&#8221;.<\/p>\n<p>U Milanu strahuju da \u0107e ostati bez \u0110erara Delofeua po\u0161to su sve glasniji navodi da \u0107e Barselona iskoristiti klauzulu da ga vrati za 12 miliona eura i potom ga proda za ve\u0107i novac, ako odlu\u010di da ga ne zadr\u017ei.<\/p>\n<p>U svakom slu\u010daju, ova vrte\u0161ka bi mogla da bude odli\u010dna i za Mihajlovi\u0107a, koji bi dobio El \u0160aravija iz Rome, a i za Adema Ljaji\u0107a koji bi opet zaigrao u velikom klubu.<\/p>\n<p>(Sportske)<\/p>\n","protected":false},"excerpt":{"rendered":"<p>Kakva bi ovo bila vrte\u0161ka, a pro\u0161li bi dobro i Adem Ljaji\u0107a, ali i Sini\u0161a Mihajlovi\u0107. Kako su danas prenijeli italijanski mediji, Torino i Roma bi po ko zna koji put mogli da posluju, a to bi dovelo i do transfera iz snova za Adema Ljaji\u0107a! Pri\u010da ide ovako &#8211; Sini\u0161a Mihajlovi\u0107 \u017eeli da proda [&hellip;]<\/p>\n","protected":false},"author":509,"featured_media":183475,"comment_status":"open","ping_status":"open","sticky":false,"template":"","format":"standard","meta":{"footnotes":""},"categories":[72,13,10429],"tags":[],"class_list":{"0":"post-183469","1":"post","2":"type-post","3":"status-publish","4":"format-standard","5":"has-post-thumbnail","7":"category-novi-pazar","8":"category-sport","9":"category-vazno"},"yoast_head":"<!-- This site is optimized with the Yoast SEO Premium plugin v23.1 (Yoast SEO v24.9) - https:\/\/yoast.com\/wordpress\/plugins\/seo\/ -->\n<title>Na pomolu Ademov transfer iz snova!<\/title>\n<meta name=\"robots\" content=\"index, follow, max-snippet:-1, max-image-preview:large, max-video-preview:-1\" \/>\n<link rel=\"canonical\" href=\"https:\/\/sandzakpress.net\/arhiva\/na-pomolu-ademov-transfer-iz-snova\/\" \/>\n<meta property=\"og:locale\" content=\"bs_BA\" \/>\n<meta property=\"og:type\" content=\"article\" \/>\n<meta property=\"og:title\" content=\"Na pomolu Ademov transfer iz snova!\" \/>\n<meta property=\"og:description\" content=\"Kakva bi ovo bila vrte\u0161ka, a pro\u0161li bi dobro i Adem Ljaji\u0107a, ali i Sini\u0161a Mihajlovi\u0107. Kako su danas prenijeli italijanski mediji, Torino i Roma bi po ko zna koji put mogli da posluju, a to bi dovelo i do transfera iz snova za Adema Ljaji\u0107a! Pri\u010da ide ovako &#8211; Sini\u0161a Mihajlovi\u0107 \u017eeli da proda [&hellip;]\" \/>\n<meta property=\"og:url\" content=\"https:\/\/sandzakpress.net\/arhiva\/na-pomolu-ademov-transfer-iz-snova\/\" \/>\n<meta property=\"og:site_name\" content=\"Sand\u017eak PRESS\" \/>\n<meta property=\"article:published_time\" content=\"2017-04-01T11:30:14+00:00\" \/>\n<meta property=\"og:image\" content=\"https:\/\/sandzakpress.net\/arhiva\/wp-content\/uploads\/2017\/04\/ademljajic375640501972020161017223416.jpg\" \/>\n\t<meta property=\"og:image:width\" content=\"640\" \/>\n\t<meta property=\"og:image:height\" content=\"438\" \/>\n\t<meta property=\"og:image:type\" content=\"image\/jpeg\" \/>\n<meta name=\"author\" content=\"Agencija\" \/>\n<meta name=\"twitter:card\" content=\"summary_large_image\" \/>\n<meta name=\"twitter:label1\" content=\"Written by\" \/>\n\t<meta name=\"twitter:data1\" content=\"Agencija\" \/>\n\t<meta name=\"twitter:label2\" content=\"Est. reading time\" \/>\n\t<meta name=\"twitter:data2\" content=\"2 minute\" \/>\n<script type=\"application\/ld+json\" class=\"yoast-schema-graph\">{\"@context\":\"https:\/\/schema.org\",\"@graph\":[{\"@type\":\"Article\",\"@id\":\"https:\/\/sandzakpress.net\/arhiva\/na-pomolu-ademov-transfer-iz-snova\/#article\",\"isPartOf\":{\"@id\":\"https:\/\/sandzakpress.net\/arhiva\/na-pomolu-ademov-transfer-iz-snova\/\"},\"author\":{\"name\":\"Agencija\",\"@id\":\"https:\/\/sandzakpress.net\/arhiva\/#\/schema\/person\/cb59d7e3ab91ab90dd680ad0305a6185\"},\"headline\":\"Na pomolu Ademov transfer iz snova!\",\"datePublished\":\"2017-04-01T11:30:14+00:00\",\"mainEntityOfPage\":{\"@id\":\"https:\/\/sandzakpress.net\/arhiva\/na-pomolu-ademov-transfer-iz-snova\/\"},\"wordCount\":316,\"commentCount\":0,\"publisher\":{\"@id\":\"https:\/\/sandzakpress.net\/arhiva\/#\/schema\/person\/6e72b67d6e51910a1117b3b483ba20bd\"},\"image\":{\"@id\":\"https:\/\/sandzakpress.net\/arhiva\/na-pomolu-ademov-transfer-iz-snova\/#primaryimage\"},\"thumbnailUrl\":\"https:\/\/sandzakpress.net\/arhiva\/wp-content\/uploads\/2017\/04\/ademljajic375640501972020161017223416.jpg\",\"articleSection\":[\"Novi Pazar\",\"Sport\",\"VA\u017dNO!\"],\"inLanguage\":\"bs-BA\",\"potentialAction\":[{\"@type\":\"CommentAction\",\"name\":\"Comment\",\"target\":[\"https:\/\/sandzakpress.net\/arhiva\/na-pomolu-ademov-transfer-iz-snova\/#respond\"]}]},{\"@type\":\"WebPage\",\"@id\":\"https:\/\/sandzakpress.net\/arhiva\/na-pomolu-ademov-transfer-iz-snova\/\",\"url\":\"https:\/\/sandzakpress.net\/arhiva\/na-pomolu-ademov-transfer-iz-snova\/\",\"name\":\"Na pomolu Ademov transfer iz snova!\",\"isPartOf\":{\"@id\":\"https:\/\/sandzakpress.net\/arhiva\/#website\"},\"primaryImageOfPage\":{\"@id\":\"https:\/\/sandzakpress.net\/arhiva\/na-pomolu-ademov-transfer-iz-snova\/#primaryimage\"},\"image\":{\"@id\":\"https:\/\/sandzakpress.net\/arhiva\/na-pomolu-ademov-transfer-iz-snova\/#primaryimage\"},\"thumbnailUrl\":\"https:\/\/sandzakpress.net\/arhiva\/wp-content\/uploads\/2017\/04\/ademljajic375640501972020161017223416.jpg\",\"datePublished\":\"2017-04-01T11:30:14+00:00\",\"breadcrumb\":{\"@id\":\"https:\/\/sandzakpress.net\/arhiva\/na-pomolu-ademov-transfer-iz-snova\/#breadcrumb\"},\"inLanguage\":\"bs-BA\",\"potentialAction\":[{\"@type\":\"ReadAction\",\"target\":[\"https:\/\/sandzakpress.net\/arhiva\/na-pomolu-ademov-transfer-iz-snova\/\"]}]},{\"@type\":\"ImageObject\",\"inLanguage\":\"bs-BA\",\"@id\":\"https:\/\/sandzakpress.net\/arhiva\/na-pomolu-ademov-transfer-iz-snova\/#primaryimage\",\"url\":\"https:\/\/sandzakpress.net\/arhiva\/wp-content\/uploads\/2017\/04\/ademljajic375640501972020161017223416.jpg\",\"contentUrl\":\"https:\/\/sandzakpress.net\/arhiva\/wp-content\/uploads\/2017\/04\/ademljajic375640501972020161017223416.jpg\",\"width\":640,\"height\":438},{\"@type\":\"BreadcrumbList\",\"@id\":\"https:\/\/sandzakpress.net\/arhiva\/na-pomolu-ademov-transfer-iz-snova\/#breadcrumb\",\"itemListElement\":[{\"@type\":\"ListItem\",\"position\":1,\"name\":\"Home\",\"item\":\"https:\/\/sandzakpress.net\/arhiva\/\"},{\"@type\":\"ListItem\",\"position\":2,\"name\":\"Na pomolu Ademov transfer iz snova!\"}]},{\"@type\":\"WebSite\",\"@id\":\"https:\/\/sandzakpress.net\/arhiva\/#website\",\"url\":\"https:\/\/sandzakpress.net\/arhiva\/\",\"name\":\"Sand\u017eak PRESS\",\"description\":\"Prve elektronske novine u Sand\u017eaku\",\"publisher\":{\"@id\":\"https:\/\/sandzakpress.net\/arhiva\/#\/schema\/person\/6e72b67d6e51910a1117b3b483ba20bd\"},\"potentialAction\":[{\"@type\":\"SearchAction\",\"target\":{\"@type\":\"EntryPoint\",\"urlTemplate\":\"https:\/\/sandzakpress.net\/arhiva\/?s={search_term_string}\"},\"query-input\":{\"@type\":\"PropertyValueSpecification\",\"valueRequired\":true,\"valueName\":\"search_term_string\"}}],\"inLanguage\":\"bs-BA\"},{\"@type\":[\"Person\",\"Organization\"],\"@id\":\"https:\/\/sandzakpress.net\/arhiva\/#\/schema\/person\/6e72b67d6e51910a1117b3b483ba20bd\",\"name\":\"Kul\",\"image\":{\"@type\":\"ImageObject\",\"inLanguage\":\"bs-BA\",\"@id\":\"https:\/\/sandzakpress.net\/arhiva\/#\/schema\/person\/image\/\",\"url\":\"https:\/\/secure.gravatar.com\/avatar\/42263f39aa27ac04c43cab85c280eb2e?s=96&d=mm&r=pg\",\"contentUrl\":\"https:\/\/secure.gravatar.com\/avatar\/42263f39aa27ac04c43cab85c280eb2e?s=96&d=mm&r=pg\",\"caption\":\"Kul\"},\"logo\":{\"@id\":\"https:\/\/sandzakpress.net\/arhiva\/#\/schema\/person\/image\/\"}},{\"@type\":\"Person\",\"@id\":\"https:\/\/sandzakpress.net\/arhiva\/#\/schema\/person\/cb59d7e3ab91ab90dd680ad0305a6185\",\"name\":\"Agencija\",\"image\":{\"@type\":\"ImageObject\",\"inLanguage\":\"bs-BA\",\"@id\":\"https:\/\/sandzakpress.net\/arhiva\/#\/schema\/person\/image\/\",\"url\":\"https:\/\/secure.gravatar.com\/avatar\/4b7fafa80a22f0c2afe23966b3961fe0?s=96&d=mm&r=pg\",\"contentUrl\":\"https:\/\/secure.gravatar.com\/avatar\/4b7fafa80a22f0c2afe23966b3961fe0?s=96&d=mm&r=pg\",\"caption\":\"Agencija\"},\"url\":\"https:\/\/sandzakpress.net\/arhiva\/author\/agencija\/\"}]}<\/script>\n<!-- \/ Yoast SEO Premium plugin. -->","yoast_head_json":{"title":"Na pomolu Ademov transfer iz snova!","robots":{"index":"index","follow":"follow","max-snippet":"max-snippet:-1","max-image-preview":"max-image-preview:large","max-video-preview":"max-video-preview:-1"},"canonical":"https:\/\/sandzakpress.net\/arhiva\/na-pomolu-ademov-transfer-iz-snova\/","og_locale":"bs_BA","og_type":"article","og_title":"Na pomolu Ademov transfer iz snova!","og_description":"Kakva bi ovo bila vrte\u0161ka, a pro\u0161li bi dobro i Adem Ljaji\u0107a, ali i Sini\u0161a Mihajlovi\u0107. Kako su danas prenijeli italijanski mediji, Torino i Roma bi po ko zna koji put mogli da posluju, a to bi dovelo i do transfera iz snova za Adema Ljaji\u0107a! Pri\u010da ide ovako &#8211; Sini\u0161a Mihajlovi\u0107 \u017eeli da proda [&hellip;]","og_url":"https:\/\/sandzakpress.net\/arhiva\/na-pomolu-ademov-transfer-iz-snova\/","og_site_name":"Sand\u017eak PRESS","article_published_time":"2017-04-01T11:30:14+00:00","og_image":[{"width":640,"height":438,"url":"https:\/\/sandzakpress.net\/arhiva\/wp-content\/uploads\/2017\/04\/ademljajic375640501972020161017223416.jpg","type":"image\/jpeg"}],"author":"Agencija","twitter_card":"summary_large_image","twitter_misc":{"Written by":"Agencija","Est. reading time":"2 minute"},"schema":{"@context":"https:\/\/schema.org","@graph":[{"@type":"Article","@id":"https:\/\/sandzakpress.net\/arhiva\/na-pomolu-ademov-transfer-iz-snova\/#article","isPartOf":{"@id":"https:\/\/sandzakpress.net\/arhiva\/na-pomolu-ademov-transfer-iz-snova\/"},"author":{"name":"Agencija","@id":"https:\/\/sandzakpress.net\/arhiva\/#\/schema\/person\/cb59d7e3ab91ab90dd680ad0305a6185"},"headline":"Na pomolu Ademov transfer iz snova!","datePublished":"2017-04-01T11:30:14+00:00","mainEntityOfPage":{"@id":"https:\/\/sandzakpress.net\/arhiva\/na-pomolu-ademov-transfer-iz-snova\/"},"wordCount":316,"commentCount":0,"publisher":{"@id":"https:\/\/sandzakpress.net\/arhiva\/#\/schema\/person\/6e72b67d6e51910a1117b3b483ba20bd"},"image":{"@id":"https:\/\/sandzakpress.net\/arhiva\/na-pomolu-ademov-transfer-iz-snova\/#primaryimage"},"thumbnailUrl":"https:\/\/sandzakpress.net\/arhiva\/wp-content\/uploads\/2017\/04\/ademljajic375640501972020161017223416.jpg","articleSection":["Novi Pazar","Sport","VA\u017dNO!"],"inLanguage":"bs-BA","potentialAction":[{"@type":"CommentAction","name":"Comment","target":["https:\/\/sandzakpress.net\/arhiva\/na-pomolu-ademov-transfer-iz-snova\/#respond"]}]},{"@type":"WebPage","@id":"https:\/\/sandzakpress.net\/arhiva\/na-pomolu-ademov-transfer-iz-snova\/","url":"https:\/\/sandzakpress.net\/arhiva\/na-pomolu-ademov-transfer-iz-snova\/","name":"Na pomolu Ademov transfer iz snova!","isPartOf":{"@id":"https:\/\/sandzakpress.net\/arhiva\/#website"},"primaryImageOfPage":{"@id":"https:\/\/sandzakpress.net\/arhiva\/na-pomolu-ademov-transfer-iz-snova\/#primaryimage"},"image":{"@id":"https:\/\/sandzakpress.net\/arhiva\/na-pomolu-ademov-transfer-iz-snova\/#primaryimage"},"thumbnailUrl":"https:\/\/sandzakpress.net\/arhiva\/wp-content\/uploads\/2017\/04\/ademljajic375640501972020161017223416.jpg","datePublished":"2017-04-01T11:30:14+00:00","breadcrumb":{"@id":"https:\/\/sandzakpress.net\/arhiva\/na-pomolu-ademov-transfer-iz-snova\/#breadcrumb"},"inLanguage":"bs-BA","potentialAction":[{"@type":"ReadAction","target":["https:\/\/sandzakpress.net\/arhiva\/na-pomolu-ademov-transfer-iz-snova\/"]}]},{"@type":"ImageObject","inLanguage":"bs-BA","@id":"https:\/\/sandzakpress.net\/arhiva\/na-pomolu-ademov-transfer-iz-snova\/#primaryimage","url":"https:\/\/sandzakpress.net\/arhiva\/wp-content\/uploads\/2017\/04\/ademljajic375640501972020161017223416.jpg","contentUrl":"https:\/\/sandzakpress.net\/arhiva\/wp-content\/uploads\/2017\/04\/ademljajic375640501972020161017223416.jpg","width":640,"height":438},{"@type":"BreadcrumbList","@id":"https:\/\/sandzakpress.net\/arhiva\/na-pomolu-ademov-transfer-iz-snova\/#breadcrumb","itemListElement":[{"@type":"ListItem","position":1,"name":"Home","item":"https:\/\/sandzakpress.net\/arhiva\/"},{"@type":"ListItem","position":2,"name":"Na pomolu Ademov transfer iz snova!"}]},{"@type":"WebSite","@id":"https:\/\/sandzakpress.net\/arhiva\/#website","url":"https:\/\/sandzakpress.net\/arhiva\/","name":"Sand\u017eak PRESS","description":"Prve elektronske novine u Sand\u017eaku","publisher":{"@id":"https:\/\/sandzakpress.net\/arhiva\/#\/schema\/person\/6e72b67d6e51910a1117b3b483ba20bd"},"potentialAction":[{"@type":"SearchAction","target":{"@type":"EntryPoint","urlTemplate":"https:\/\/sandzakpress.net\/arhiva\/?s={search_term_string}"},"query-input":{"@type":"PropertyValueSpecification","valueRequired":true,"valueName":"search_term_string"}}],"inLanguage":"bs-BA"},{"@type":["Person","Organization"],"@id":"https:\/\/sandzakpress.net\/arhiva\/#\/schema\/person\/6e72b67d6e51910a1117b3b483ba20bd","name":"Kul","image":{"@type":"ImageObject","inLanguage":"bs-BA","@id":"https:\/\/sandzakpress.net\/arhiva\/#\/schema\/person\/image\/","url":"https:\/\/secure.gravatar.com\/avatar\/42263f39aa27ac04c43cab85c280eb2e?s=96&d=mm&r=pg","contentUrl":"https:\/\/secure.gravatar.com\/avatar\/42263f39aa27ac04c43cab85c280eb2e?s=96&d=mm&r=pg","caption":"Kul"},"logo":{"@id":"https:\/\/sandzakpress.net\/arhiva\/#\/schema\/person\/image\/"}},{"@type":"Person","@id":"https:\/\/sandzakpress.net\/arhiva\/#\/schema\/person\/cb59d7e3ab91ab90dd680ad0305a6185","name":"Agencija","image":{"@type":"ImageObject","inLanguage":"bs-BA","@id":"https:\/\/sandzakpress.net\/arhiva\/#\/schema\/person\/image\/","url":"https:\/\/secure.gravatar.com\/avatar\/4b7fafa80a22f0c2afe23966b3961fe0?s=96&d=mm&r=pg","contentUrl":"https:\/\/secure.gravatar.com\/avatar\/4b7fafa80a22f0c2afe23966b3961fe0?s=96&d=mm&r=pg","caption":"Agencija"},"url":"https:\/\/sandzakpress.net\/arhiva\/author\/agencija\/"}]}},"_links":{"self":[{"href":"https:\/\/sandzakpress.net\/arhiva\/wp-json\/wp\/v2\/posts\/183469"}],"collection":[{"href":"https:\/\/sandzakpress.net\/arhiva\/wp-json\/wp\/v2\/posts"}],"about":[{"href":"https:\/\/sandzakpress.net\/arhiva\/wp-json\/wp\/v2\/types\/post"}],"author":[{"embeddable":true,"href":"https:\/\/sandzakpress.net\/arhiva\/wp-json\/wp\/v2\/users\/509"}],"replies":[{"embeddable":true,"href":"https:\/\/sandzakpress.net\/arhiva\/wp-json\/wp\/v2\/comments?post=183469"}],"version-history":[{"count":0,"href":"https:\/\/sandzakpress.net\/arhiva\/wp-json\/wp\/v2\/posts\/183469\/revisions"}],"wp:featuredmedia":[{"embeddable":true,"href":"https:\/\/sandzakpress.net\/arhiva\/wp-json\/wp\/v2\/media\/183475"}],"wp:attachment":[{"href":"https:\/\/sandzakpress.net\/arhiva\/wp-json\/wp\/v2\/media?parent=183469"}],"wp:term":[{"taxonomy":"category","embeddable":true,"href":"https:\/\/sandzakpress.net\/arhiva\/wp-json\/wp\/v2\/categories?post=183469"},{"taxonomy":"post_tag","embeddable":true,"href":"https:\/\/sandzakpress.net\/arhiva\/wp-json\/wp\/v2\/tags?post=183469"}],"curies":[{"name":"wp","href":"https:\/\/api.w.org\/{rel}","templated":true}]}}