{"id":183223,"date":"2017-03-29T15:07:10","date_gmt":"2017-03-29T13:07:10","guid":{"rendered":"https:\/\/sandzakpress.net\/arhiva\/tv-justice-o-radikalizaciji-i-prevaspitavanju-osudenika-za-terorizam-u-zatvorima-u-bosni-i-hercegovini-video"},"modified":"2017-03-29T15:07:10","modified_gmt":"2017-03-29T13:07:10","slug":"tv-justice-o-radikalizaciji-i-prevaspitavanju-osudenika-za-terorizam-u-zatvorima-u-bosni-i-hercegovini-video","status":"publish","type":"post","link":"https:\/\/sandzakpress.net\/arhiva\/tv-justice-o-radikalizaciji-i-prevaspitavanju-osudenika-za-terorizam-u-zatvorima-u-bosni-i-hercegovini-video\/","title":{"rendered":"TV Justice o radikalizaciji i prevaspitavanju osu\u0111enika za terorizam u zatvorima u Bosni i Hercegovini (Video)"},"content":{"rendered":"<p><span class=\"cb-itemprop\"><\/p>\n<p><img decoding=\"async\" src=\"http:\/\/saff.ba\/wp-content\/uploads\/2017\/03\/Screen-Shot-2017-03-29-at-11.09.53.jpg\" \/><\/p>\n<p class=\"p1\"><strong><span class=\"s1\">Osu\u0111eni za ratovanje u teroristi\u010dkim organizacijama ne prolaze u zatvorima u BiH kroz program deradikalizacije, a postoje tvrdnje i da oko sebe okupljaju sljedbenike.<\/span><\/strong><\/p>\n<p class=\"p1\"><span class=\"s1\">Nedostatak novca je razlog za\u0161to kroz proces deradikalizacije ne prolazi 12 osoba osu\u0111enih za poticanje ili ratovanje u stranim teroristi\u010dkim organizacijama na rati\u0161tima u Siriji i Iraku a koji se nalaze u kazneno-popravnim zavodima u BiH.<\/span><\/p>\n<p class=\"p1\"><span class=\"s1\">Me\u0111u osu\u0111enicima koji izdr\u017eavaju kaznu je i Fikret Had\u017ei\u0107, koji ka\u017ee da je prijatno iznena\u0111en svojim prvim dodirom sa zatvorskom ustanovom u kojoj boravi nekoliko mjeseci, ali da mu je sve te\u0161ko palo jer je musliman.<\/span><\/p>\n<p class=\"p1\"><span class=\"s1\">\u201cOvdje sam prijatno iznena\u0111en od samog osoblja, zatvorske slu\u017ebe korektno rade svoj posao i ba\u0161 nam poku\u0161avaju udovoljiti\u201d, ka\u017ee Had\u017ei\u0107 u razgovoru za Balkansku istra\u017eiva\u010dku mre\u017eu Bosne i Hercegovine (BIRN BiH).<\/span><\/p>\n<p class=\"p1\"><span class=\"s1\">Had\u017ei\u0107 je priznao krivicu zbog toga \u0161to je dva puta \u2013 2013. i 2015. godine \u2013 boravio u Siriji, gdje je oti\u0161ao, kako ka\u017ee, da pomogne napa\u0107enom narodu. Nagla\u0161ava da nije bio \u010dlan Islamske dr\u017eave i da nije radikalan.<\/span><\/p>\n<p class=\"p1\"><span class=\"s1\">Stru\u010dnjaci ipak smatraju da postoji mogu\u0107nost da se povratnici sa stranih rati\u0161ta radikaliziraju tokom izdr\u017eavanja kazne. Uz to, isti\u010du da u zatvorima nema ni dovoljan broj psihologa i sociologa.<\/span><\/p>\n<p class=\"p1\"><span class=\"s1\">U dr\u017eavnim ministarstvima sigurnosti i pravde svjesni su da ne postoji program deradikalizacije i da osu\u0111enici koji su bili na stranim rati\u0161tima, u zatvorima radikaliziraju druge i time nanose \u0161tetu BiH.<\/span><\/p>\n<p class=\"p3\"><span class=\"s1\">Osobe osu\u0111ene za ratovanje na stranim rati\u0161tima, njih 12, nalaze se na izdr\u017eavanju kazni u zavodima u Zenici, Sarajevu, Biha\u0107u i Tuzli. Dvojica osu\u0111enika su ve\u0107 izdr\u017eala kazne. U Sudu BiH su dobili ukupno 25 godina zatvora. Najve\u0107u kaznu je dobio Husein Bilal Bosni\u0107, koji je osu\u0111en na sedam godina zbog poticanja na odlazak na strana rati\u0161ta.<\/span><\/p>\n<p class=\"p1\"><span class=\"s1\">Od 2012. do 2016. godine u Siriju i Irak je oti\u0161lo oko 180 mu\u0161karaca iz BiH, te oko 100 \u017eena i maloljetnika. Oko 70 ih je poginulo u Siriji, a 46 se vratilo u BiH.<\/span><\/p>\n<p class=\"p1\"><span class=\"s1\">Me\u0111u povratnicima je i Had\u017ei\u0107, koji izdr\u017eava jednogodi\u0161nju kaznu zatvora u Kazneno-popravnom zavodu na Igmanu. On je, kao i sedam drugih povratnika iz Sirije, priznao krivicu zbog odlaska na strana rati\u0161ta. Ipak, jedini je pristao na razgovor.<\/span><\/p>\n<p class=\"p1\"><span class=\"s1\">\u201cRazo\u010daran sam postupkom jer Sud i Tu\u017eila\u0161tvo BiH imaju stav da su svi borci koji su iz BiH oti\u0161li u Siriju bili u takozvanoj Islamskoj dr\u017eavi, koja sa islamom nema ni\u0161ta. Ja sam veliki protivnik te Islamske dr\u017eave\u201d, ka\u017ee Had\u017ei\u0107.<\/span><\/p>\n<p class=\"p1\"><span class=\"s1\">On tvrdi da je u Siriji vidio najmanje \u201cna\u0161ih boraca\u201d u Islamskoj dr\u017eavi.<\/span><\/p>\n<p class=\"p1\"><span class=\"s1\">Za povratnike sa stranih rati\u0161ta u Ministarstvu sigurnosti BiH ka\u017eu da su izuzetno radikalizirani i opasni ljudi.<\/span><\/p>\n<p class=\"p1\"><span class=\"s1\">\u201cVrlo ozbiljno shvatamo povratnike s rati\u0161ta jer se radi o radikalizovanim osobama i jer se tokom boravka u teroristi\u010dkim organizacijama nau\u010de dodatnim vje\u0161tinama, koje na razne na\u010dine koriste na prostoru rati\u0161ta, ali i u Evropi\u201d, ka\u017ee ministar sigurnosti Dragan Mekti\u0107.<\/span><\/p>\n<p class=\"p1\"><span class=\"s1\">Had\u017ei\u0107 nagla\u0161ava da je njemu boravak u zatvoru prvi \u201cdodir sa zakonom i zatvorskom slu\u017ebom\u201d, ali je zadovoljan uslovima i osobljem, iako priznaje da, i poslije nekoliko mjeseci boravka, nije upoznao psihologa.<\/span><\/p>\n<p class=\"p1\"><span class=\"s1\">Pomo\u0107nik ministra pravde u BiH za izdr\u017eavanje krivi\u010dnih sankcija i rad kaznenih ustanova Mustafa Bisi\u0107 ka\u017ee da, zbog nedostatka sredstava, u zatvorima postoji manjak doktora, medicinskog kadra i opreme, kao i radnika u slu\u017ebi tretmana, u koje spadaju psiholozi, sociolozi i drugi stru\u010dnjaci.<\/span><\/p>\n<p class=\"p1\"><span class=\"s1\">\u201cSlu\u017ebe tretmana rade u ote\u017eanim uslovima\u201d, isti\u010de Bisi\u0107.<\/span><\/p>\n<p class=\"p1\"><span class=\"s1\">Psihologinja Renata Krstanovi\u0107 poja\u0161njava da osobe koje se nalaze u zatvoru naj\u010de\u0161\u0107e su u besperspektivnom stanju i pogodne su za \u0161irenje radikalnih ideja.<\/span><\/p>\n<p class=\"p1\"><span class=\"s1\">\u201cMi sada gasimo vatru, bavimo se tercijarnom prevencijom kada se ne\u0161to desi. Trebalo bi organizovati kompletan sistem, dr\u017eavu, institucije, ministarstva i religijske institucije kako bismo se borili protiv radikalnih ideja\u201d, ka\u017ee Krstanovi\u0107.<\/span><\/p>\n<p class=\"p1\"><span class=\"s1\">Stru\u010dnjak za terorizam Vlado Azinovi\u0107 smatra da osu\u0111enici za ratovanje u Siriji i Iraku mogu u zatvorskom sistemu radikalizirati druge osu\u0111enike jer im lako mogu postati uzori.<\/span><\/p>\n<p class=\"p1\"><span class=\"s1\">\u201cPresu\u0111eni teroristi su druga struktura prestupnika u odnosu na ubice, lopove i kriminalce drugih vrsta\u201d, ka\u017ee Azinovi\u0107, koji nagla\u0161ava da zna da je u zatvorskom sistemu malo psihologa, te da se njihova funkcija svodi na ulogu neke vrste \u201cmentalnog vatrogasca\u201d.<\/span><\/p>\n<p class=\"p1\"><span class=\"s1\">Mekti\u0107 tvrdi da postoje situacije u zatvorima u BiH da neka osoba radikalizira jednu, pet ili desetak drugih, ali ne \u017eeli govoriti o kojim se ta\u010dno zavodima radi.<\/span><\/p>\n<p class=\"p1\"><span class=\"s1\">Osim \u0161to se sa osu\u0111enicima ne radi dok izdr\u017eavaju kazne, stru\u010dnjaci isti\u010du i problem njihove resocijalizacije kada ponovno postanu aktivni dio bh. dru\u0161tva.<\/span><\/p>\n<p class=\"p1\"><span class=\"s1\">Krstanovi\u0107 poja\u0161njava da su osu\u0111enici pod stigmom, odnosno da su ozna\u010deni kao teroristi, i dru\u0161tvo ih odbacuje iako je potrebno da ih ponovno integrira.<\/span><\/p>\n<p class=\"p1\"><span class=\"s1\">Sistem podr\u0161ke osobama tokom boravka u zatvoru, ali i kad iza\u0111u, predvi\u0111a Zakon o izvr\u0161enju krivi\u010dnopravnih sankcija. Bisi\u0107 ka\u017ee da se ne primjenjuje zbog nedostatka sredstava. Prema zakonu, predvi\u0111en je individualizirani tretman, da se za svaku osobu sa\u010dini program resocijalizacije i rehabilitacije.<\/span><\/p>\n<p class=\"p1\"><span class=\"s1\">\u201cZakon predvi\u0111a, i prije nego \u0161to lice izi\u0111e sa izdr\u017eavanja kazne zatvora, da je slu\u017eba tretmana du\u017ena napraviti profil li\u010dnosti sa svim mogu\u0107im problemima izlaska na slobodu, i o tome obavijestiti centar za socijalni rad\u201d, poja\u0161njava Bisi\u0107.<\/span><\/p>\n<p class=\"p1\"><span class=\"s1\">Azinovi\u0107 navodi da problem nastaje po izlasku tih ljudi iz zatvora, zato \u0161to ne postoji komunikacija izme\u0111u zajednica i zatvorskog sistema. \u201cNema prethodnog upozorenja zajednici da za mjesec dana izlazi zatvorenik koji je osu\u0111en kao terorista a koji se smatra sigurnosnim rizikom. Policija ne dobije tu vrstu obavijesti mjesec ili tri mjeseca prije\u201d, ka\u017ee Azinovi\u0107.<\/span><\/p>\n<p class=\"p1\"><span class=\"s1\">Had\u017ei\u0107 nema planove \u0161ta \u0107e raditi kada izi\u0111e iz zatvora. Napominje da ima posao u \u201cHidrogradnji\u201d, ali da mu primanja nisu redovna.<\/span><\/p>\n<p class=\"p1\"><span class=\"s1\">\u201cJedna stvar u koju sam siguran nakon svog izlaska iz zatvora jeste da namjeravam \u0161iriti vjeru. Moja obaveza, kao \u010dovjeka i muslimana, jeste da prenesem istinu i da ljudi znaju istinu. Ja \u0107u poslije mog izlaska, ako Bog da, nastaviti da propagiram istinu za op\u0161te dobro svih nas, a posebno muslimana, jer nam je natureno ne\u0161to strano, na\u0161oj vjeri\u201d, poja\u0161njava Had\u017ei\u0107.<\/span><\/p>\n<\/p>\n<p>BIRN<\/p>\n<p><\/span><br \/>\nPogledajte vijest na izvornom sajtu:<\/p>\n<p><a href=\"http:\/\/bosnapress.net\/tv-justice-o-radikalizaciji-i-prevaspitavanju-osudenika-za-terorizam-u-zatvorima-u-bosni-i-hercegovini-video\/\" target=\"_blank\">TV Justice o radikalizaciji i prevaspitavanju osu\u0111enika za terorizam u zatvorima u Bosni i Hercegovini (Video)<\/a><\/p>\n","protected":false},"excerpt":{"rendered":"<p>Osu\u0111eni za ratovanje u teroristi\u010dkim organizacijama ne prolaze u zatvorima u BiH kroz program deradikalizacije, a postoje tvrdnje i da oko sebe okupljaju sljedbenike. Nedostatak novca je razlog za\u0161to kroz proces deradikalizacije ne prolazi 12 osoba osu\u0111enih za poticanje ili ratovanje u stranim teroristi\u010dkim organizacijama na rati\u0161tima u Siriji i Iraku a koji se nalaze [&hellip;]<\/p>\n","protected":false},"author":83,"featured_media":183225,"comment_status":"open","ping_status":"open","sticky":false,"template":"","format":"standard","meta":{"footnotes":""},"categories":[10513],"tags":[10466],"class_list":{"0":"post-183223","1":"post","2":"type-post","3":"status-publish","4":"format-standard","5":"has-post-thumbnail","7":"category-bosna-press","8":"tag-bosna-i-hercegovina"},"yoast_head":"<!-- This site is optimized with the Yoast SEO Premium plugin v23.1 (Yoast SEO v24.9) - https:\/\/yoast.com\/wordpress\/plugins\/seo\/ -->\n<title>TV Justice o radikalizaciji i prevaspitavanju osu\u0111enika za terorizam u zatvorima u Bosni i Hercegovini (Video)<\/title>\n<meta name=\"robots\" content=\"index, follow, max-snippet:-1, max-image-preview:large, max-video-preview:-1\" \/>\n<link rel=\"canonical\" href=\"https:\/\/sandzakpress.net\/arhiva\/tv-justice-o-radikalizaciji-i-prevaspitavanju-osudenika-za-terorizam-u-zatvorima-u-bosni-i-hercegovini-video\/\" \/>\n<meta property=\"og:locale\" content=\"bs_BA\" \/>\n<meta property=\"og:type\" content=\"article\" \/>\n<meta property=\"og:title\" content=\"TV Justice o radikalizaciji i prevaspitavanju osu\u0111enika za terorizam u zatvorima u Bosni i Hercegovini (Video)\" \/>\n<meta property=\"og:description\" content=\"Osu\u0111eni za ratovanje u teroristi\u010dkim organizacijama ne prolaze u zatvorima u BiH kroz program deradikalizacije, a postoje tvrdnje i da oko sebe okupljaju sljedbenike. Nedostatak novca je razlog za\u0161to kroz proces deradikalizacije ne prolazi 12 osoba osu\u0111enih za poticanje ili ratovanje u stranim teroristi\u010dkim organizacijama na rati\u0161tima u Siriji i Iraku a koji se nalaze [&hellip;]\" \/>\n<meta property=\"og:url\" content=\"https:\/\/sandzakpress.net\/arhiva\/tv-justice-o-radikalizaciji-i-prevaspitavanju-osudenika-za-terorizam-u-zatvorima-u-bosni-i-hercegovini-video\/\" \/>\n<meta property=\"og:site_name\" content=\"Sand\u017eak PRESS\" \/>\n<meta property=\"article:published_time\" content=\"2017-03-29T13:07:10+00:00\" \/>\n<meta property=\"og:image\" content=\"https:\/\/sandzakpress.net\/arhiva\/wp-content\/uploads\/2017\/03\/Screen-Shot-2017-03-29-at-11.09.53-1.jpg\" \/>\n\t<meta property=\"og:image:width\" content=\"1252\" \/>\n\t<meta property=\"og:image:height\" content=\"700\" \/>\n\t<meta property=\"og:image:type\" content=\"image\/jpeg\" \/>\n<meta name=\"author\" content=\"bosniak\" \/>\n<meta name=\"twitter:card\" content=\"summary_large_image\" \/>\n<meta name=\"twitter:label1\" content=\"Written by\" \/>\n\t<meta name=\"twitter:data1\" content=\"bosniak\" \/>\n\t<meta name=\"twitter:label2\" content=\"Est. reading time\" \/>\n\t<meta name=\"twitter:data2\" content=\"6 minuta\" \/>\n<script type=\"application\/ld+json\" class=\"yoast-schema-graph\">{\"@context\":\"https:\/\/schema.org\",\"@graph\":[{\"@type\":\"Article\",\"@id\":\"https:\/\/sandzakpress.net\/arhiva\/tv-justice-o-radikalizaciji-i-prevaspitavanju-osudenika-za-terorizam-u-zatvorima-u-bosni-i-hercegovini-video\/#article\",\"isPartOf\":{\"@id\":\"https:\/\/sandzakpress.net\/arhiva\/tv-justice-o-radikalizaciji-i-prevaspitavanju-osudenika-za-terorizam-u-zatvorima-u-bosni-i-hercegovini-video\/\"},\"author\":{\"name\":\"bosniak\",\"@id\":\"https:\/\/sandzakpress.net\/arhiva\/#\/schema\/person\/c8baee722073534b583ea7bdb2e36c02\"},\"headline\":\"TV Justice o radikalizaciji i prevaspitavanju osu\u0111enika za terorizam u zatvorima u Bosni i Hercegovini (Video)\",\"datePublished\":\"2017-03-29T13:07:10+00:00\",\"mainEntityOfPage\":{\"@id\":\"https:\/\/sandzakpress.net\/arhiva\/tv-justice-o-radikalizaciji-i-prevaspitavanju-osudenika-za-terorizam-u-zatvorima-u-bosni-i-hercegovini-video\/\"},\"wordCount\":1120,\"commentCount\":0,\"publisher\":{\"@id\":\"https:\/\/sandzakpress.net\/arhiva\/#\/schema\/person\/6e72b67d6e51910a1117b3b483ba20bd\"},\"image\":{\"@id\":\"https:\/\/sandzakpress.net\/arhiva\/tv-justice-o-radikalizaciji-i-prevaspitavanju-osudenika-za-terorizam-u-zatvorima-u-bosni-i-hercegovini-video\/#primaryimage\"},\"thumbnailUrl\":\"https:\/\/sandzakpress.net\/arhiva\/wp-content\/uploads\/2017\/03\/Screen-Shot-2017-03-29-at-11.09.53-1.jpg\",\"keywords\":[\"Bosna i Hercegovina\"],\"articleSection\":[\"Bosna PRESS\"],\"inLanguage\":\"bs-BA\",\"potentialAction\":[{\"@type\":\"CommentAction\",\"name\":\"Comment\",\"target\":[\"https:\/\/sandzakpress.net\/arhiva\/tv-justice-o-radikalizaciji-i-prevaspitavanju-osudenika-za-terorizam-u-zatvorima-u-bosni-i-hercegovini-video\/#respond\"]}]},{\"@type\":\"WebPage\",\"@id\":\"https:\/\/sandzakpress.net\/arhiva\/tv-justice-o-radikalizaciji-i-prevaspitavanju-osudenika-za-terorizam-u-zatvorima-u-bosni-i-hercegovini-video\/\",\"url\":\"https:\/\/sandzakpress.net\/arhiva\/tv-justice-o-radikalizaciji-i-prevaspitavanju-osudenika-za-terorizam-u-zatvorima-u-bosni-i-hercegovini-video\/\",\"name\":\"TV Justice o radikalizaciji i prevaspitavanju osu\u0111enika za terorizam u zatvorima u Bosni i Hercegovini (Video)\",\"isPartOf\":{\"@id\":\"https:\/\/sandzakpress.net\/arhiva\/#website\"},\"primaryImageOfPage\":{\"@id\":\"https:\/\/sandzakpress.net\/arhiva\/tv-justice-o-radikalizaciji-i-prevaspitavanju-osudenika-za-terorizam-u-zatvorima-u-bosni-i-hercegovini-video\/#primaryimage\"},\"image\":{\"@id\":\"https:\/\/sandzakpress.net\/arhiva\/tv-justice-o-radikalizaciji-i-prevaspitavanju-osudenika-za-terorizam-u-zatvorima-u-bosni-i-hercegovini-video\/#primaryimage\"},\"thumbnailUrl\":\"https:\/\/sandzakpress.net\/arhiva\/wp-content\/uploads\/2017\/03\/Screen-Shot-2017-03-29-at-11.09.53-1.jpg\",\"datePublished\":\"2017-03-29T13:07:10+00:00\",\"breadcrumb\":{\"@id\":\"https:\/\/sandzakpress.net\/arhiva\/tv-justice-o-radikalizaciji-i-prevaspitavanju-osudenika-za-terorizam-u-zatvorima-u-bosni-i-hercegovini-video\/#breadcrumb\"},\"inLanguage\":\"bs-BA\",\"potentialAction\":[{\"@type\":\"ReadAction\",\"target\":[\"https:\/\/sandzakpress.net\/arhiva\/tv-justice-o-radikalizaciji-i-prevaspitavanju-osudenika-za-terorizam-u-zatvorima-u-bosni-i-hercegovini-video\/\"]}]},{\"@type\":\"ImageObject\",\"inLanguage\":\"bs-BA\",\"@id\":\"https:\/\/sandzakpress.net\/arhiva\/tv-justice-o-radikalizaciji-i-prevaspitavanju-osudenika-za-terorizam-u-zatvorima-u-bosni-i-hercegovini-video\/#primaryimage\",\"url\":\"https:\/\/sandzakpress.net\/arhiva\/wp-content\/uploads\/2017\/03\/Screen-Shot-2017-03-29-at-11.09.53-1.jpg\",\"contentUrl\":\"https:\/\/sandzakpress.net\/arhiva\/wp-content\/uploads\/2017\/03\/Screen-Shot-2017-03-29-at-11.09.53-1.jpg\",\"width\":1252,\"height\":700},{\"@type\":\"BreadcrumbList\",\"@id\":\"https:\/\/sandzakpress.net\/arhiva\/tv-justice-o-radikalizaciji-i-prevaspitavanju-osudenika-za-terorizam-u-zatvorima-u-bosni-i-hercegovini-video\/#breadcrumb\",\"itemListElement\":[{\"@type\":\"ListItem\",\"position\":1,\"name\":\"Home\",\"item\":\"https:\/\/sandzakpress.net\/arhiva\/\"},{\"@type\":\"ListItem\",\"position\":2,\"name\":\"TV Justice o radikalizaciji i prevaspitavanju osu\u0111enika za terorizam u zatvorima u Bosni i Hercegovini (Video)\"}]},{\"@type\":\"WebSite\",\"@id\":\"https:\/\/sandzakpress.net\/arhiva\/#website\",\"url\":\"https:\/\/sandzakpress.net\/arhiva\/\",\"name\":\"Sand\u017eak PRESS\",\"description\":\"Prve elektronske novine u Sand\u017eaku\",\"publisher\":{\"@id\":\"https:\/\/sandzakpress.net\/arhiva\/#\/schema\/person\/6e72b67d6e51910a1117b3b483ba20bd\"},\"potentialAction\":[{\"@type\":\"SearchAction\",\"target\":{\"@type\":\"EntryPoint\",\"urlTemplate\":\"https:\/\/sandzakpress.net\/arhiva\/?s={search_term_string}\"},\"query-input\":{\"@type\":\"PropertyValueSpecification\",\"valueRequired\":true,\"valueName\":\"search_term_string\"}}],\"inLanguage\":\"bs-BA\"},{\"@type\":[\"Person\",\"Organization\"],\"@id\":\"https:\/\/sandzakpress.net\/arhiva\/#\/schema\/person\/6e72b67d6e51910a1117b3b483ba20bd\",\"name\":\"Kul\",\"image\":{\"@type\":\"ImageObject\",\"inLanguage\":\"bs-BA\",\"@id\":\"https:\/\/sandzakpress.net\/arhiva\/#\/schema\/person\/image\/\",\"url\":\"https:\/\/secure.gravatar.com\/avatar\/42263f39aa27ac04c43cab85c280eb2e?s=96&d=mm&r=pg\",\"contentUrl\":\"https:\/\/secure.gravatar.com\/avatar\/42263f39aa27ac04c43cab85c280eb2e?s=96&d=mm&r=pg\",\"caption\":\"Kul\"},\"logo\":{\"@id\":\"https:\/\/sandzakpress.net\/arhiva\/#\/schema\/person\/image\/\"}},{\"@type\":\"Person\",\"@id\":\"https:\/\/sandzakpress.net\/arhiva\/#\/schema\/person\/c8baee722073534b583ea7bdb2e36c02\",\"name\":\"bosniak\",\"image\":{\"@type\":\"ImageObject\",\"inLanguage\":\"bs-BA\",\"@id\":\"https:\/\/sandzakpress.net\/arhiva\/#\/schema\/person\/image\/\",\"url\":\"https:\/\/secure.gravatar.com\/avatar\/a04fd330bfe3a36a72a0ad4a6d89fca7?s=96&d=mm&r=pg\",\"contentUrl\":\"https:\/\/secure.gravatar.com\/avatar\/a04fd330bfe3a36a72a0ad4a6d89fca7?s=96&d=mm&r=pg\",\"caption\":\"bosniak\"},\"url\":\"https:\/\/sandzakpress.net\/arhiva\/author\/bosniak\/\"}]}<\/script>\n<!-- \/ Yoast SEO Premium plugin. -->","yoast_head_json":{"title":"TV Justice o radikalizaciji i prevaspitavanju osu\u0111enika za terorizam u zatvorima u Bosni i Hercegovini (Video)","robots":{"index":"index","follow":"follow","max-snippet":"max-snippet:-1","max-image-preview":"max-image-preview:large","max-video-preview":"max-video-preview:-1"},"canonical":"https:\/\/sandzakpress.net\/arhiva\/tv-justice-o-radikalizaciji-i-prevaspitavanju-osudenika-za-terorizam-u-zatvorima-u-bosni-i-hercegovini-video\/","og_locale":"bs_BA","og_type":"article","og_title":"TV Justice o radikalizaciji i prevaspitavanju osu\u0111enika za terorizam u zatvorima u Bosni i Hercegovini (Video)","og_description":"Osu\u0111eni za ratovanje u teroristi\u010dkim organizacijama ne prolaze u zatvorima u BiH kroz program deradikalizacije, a postoje tvrdnje i da oko sebe okupljaju sljedbenike. Nedostatak novca je razlog za\u0161to kroz proces deradikalizacije ne prolazi 12 osoba osu\u0111enih za poticanje ili ratovanje u stranim teroristi\u010dkim organizacijama na rati\u0161tima u Siriji i Iraku a koji se nalaze [&hellip;]","og_url":"https:\/\/sandzakpress.net\/arhiva\/tv-justice-o-radikalizaciji-i-prevaspitavanju-osudenika-za-terorizam-u-zatvorima-u-bosni-i-hercegovini-video\/","og_site_name":"Sand\u017eak PRESS","article_published_time":"2017-03-29T13:07:10+00:00","og_image":[{"width":1252,"height":700,"url":"https:\/\/sandzakpress.net\/arhiva\/wp-content\/uploads\/2017\/03\/Screen-Shot-2017-03-29-at-11.09.53-1.jpg","type":"image\/jpeg"}],"author":"bosniak","twitter_card":"summary_large_image","twitter_misc":{"Written by":"bosniak","Est. reading time":"6 minuta"},"schema":{"@context":"https:\/\/schema.org","@graph":[{"@type":"Article","@id":"https:\/\/sandzakpress.net\/arhiva\/tv-justice-o-radikalizaciji-i-prevaspitavanju-osudenika-za-terorizam-u-zatvorima-u-bosni-i-hercegovini-video\/#article","isPartOf":{"@id":"https:\/\/sandzakpress.net\/arhiva\/tv-justice-o-radikalizaciji-i-prevaspitavanju-osudenika-za-terorizam-u-zatvorima-u-bosni-i-hercegovini-video\/"},"author":{"name":"bosniak","@id":"https:\/\/sandzakpress.net\/arhiva\/#\/schema\/person\/c8baee722073534b583ea7bdb2e36c02"},"headline":"TV Justice o radikalizaciji i prevaspitavanju osu\u0111enika za terorizam u zatvorima u Bosni i Hercegovini (Video)","datePublished":"2017-03-29T13:07:10+00:00","mainEntityOfPage":{"@id":"https:\/\/sandzakpress.net\/arhiva\/tv-justice-o-radikalizaciji-i-prevaspitavanju-osudenika-za-terorizam-u-zatvorima-u-bosni-i-hercegovini-video\/"},"wordCount":1120,"commentCount":0,"publisher":{"@id":"https:\/\/sandzakpress.net\/arhiva\/#\/schema\/person\/6e72b67d6e51910a1117b3b483ba20bd"},"image":{"@id":"https:\/\/sandzakpress.net\/arhiva\/tv-justice-o-radikalizaciji-i-prevaspitavanju-osudenika-za-terorizam-u-zatvorima-u-bosni-i-hercegovini-video\/#primaryimage"},"thumbnailUrl":"https:\/\/sandzakpress.net\/arhiva\/wp-content\/uploads\/2017\/03\/Screen-Shot-2017-03-29-at-11.09.53-1.jpg","keywords":["Bosna i Hercegovina"],"articleSection":["Bosna PRESS"],"inLanguage":"bs-BA","potentialAction":[{"@type":"CommentAction","name":"Comment","target":["https:\/\/sandzakpress.net\/arhiva\/tv-justice-o-radikalizaciji-i-prevaspitavanju-osudenika-za-terorizam-u-zatvorima-u-bosni-i-hercegovini-video\/#respond"]}]},{"@type":"WebPage","@id":"https:\/\/sandzakpress.net\/arhiva\/tv-justice-o-radikalizaciji-i-prevaspitavanju-osudenika-za-terorizam-u-zatvorima-u-bosni-i-hercegovini-video\/","url":"https:\/\/sandzakpress.net\/arhiva\/tv-justice-o-radikalizaciji-i-prevaspitavanju-osudenika-za-terorizam-u-zatvorima-u-bosni-i-hercegovini-video\/","name":"TV Justice o radikalizaciji i prevaspitavanju osu\u0111enika za terorizam u zatvorima u Bosni i Hercegovini (Video)","isPartOf":{"@id":"https:\/\/sandzakpress.net\/arhiva\/#website"},"primaryImageOfPage":{"@id":"https:\/\/sandzakpress.net\/arhiva\/tv-justice-o-radikalizaciji-i-prevaspitavanju-osudenika-za-terorizam-u-zatvorima-u-bosni-i-hercegovini-video\/#primaryimage"},"image":{"@id":"https:\/\/sandzakpress.net\/arhiva\/tv-justice-o-radikalizaciji-i-prevaspitavanju-osudenika-za-terorizam-u-zatvorima-u-bosni-i-hercegovini-video\/#primaryimage"},"thumbnailUrl":"https:\/\/sandzakpress.net\/arhiva\/wp-content\/uploads\/2017\/03\/Screen-Shot-2017-03-29-at-11.09.53-1.jpg","datePublished":"2017-03-29T13:07:10+00:00","breadcrumb":{"@id":"https:\/\/sandzakpress.net\/arhiva\/tv-justice-o-radikalizaciji-i-prevaspitavanju-osudenika-za-terorizam-u-zatvorima-u-bosni-i-hercegovini-video\/#breadcrumb"},"inLanguage":"bs-BA","potentialAction":[{"@type":"ReadAction","target":["https:\/\/sandzakpress.net\/arhiva\/tv-justice-o-radikalizaciji-i-prevaspitavanju-osudenika-za-terorizam-u-zatvorima-u-bosni-i-hercegovini-video\/"]}]},{"@type":"ImageObject","inLanguage":"bs-BA","@id":"https:\/\/sandzakpress.net\/arhiva\/tv-justice-o-radikalizaciji-i-prevaspitavanju-osudenika-za-terorizam-u-zatvorima-u-bosni-i-hercegovini-video\/#primaryimage","url":"https:\/\/sandzakpress.net\/arhiva\/wp-content\/uploads\/2017\/03\/Screen-Shot-2017-03-29-at-11.09.53-1.jpg","contentUrl":"https:\/\/sandzakpress.net\/arhiva\/wp-content\/uploads\/2017\/03\/Screen-Shot-2017-03-29-at-11.09.53-1.jpg","width":1252,"height":700},{"@type":"BreadcrumbList","@id":"https:\/\/sandzakpress.net\/arhiva\/tv-justice-o-radikalizaciji-i-prevaspitavanju-osudenika-za-terorizam-u-zatvorima-u-bosni-i-hercegovini-video\/#breadcrumb","itemListElement":[{"@type":"ListItem","position":1,"name":"Home","item":"https:\/\/sandzakpress.net\/arhiva\/"},{"@type":"ListItem","position":2,"name":"TV Justice o radikalizaciji i prevaspitavanju osu\u0111enika za terorizam u zatvorima u Bosni i Hercegovini (Video)"}]},{"@type":"WebSite","@id":"https:\/\/sandzakpress.net\/arhiva\/#website","url":"https:\/\/sandzakpress.net\/arhiva\/","name":"Sand\u017eak PRESS","description":"Prve elektronske novine u Sand\u017eaku","publisher":{"@id":"https:\/\/sandzakpress.net\/arhiva\/#\/schema\/person\/6e72b67d6e51910a1117b3b483ba20bd"},"potentialAction":[{"@type":"SearchAction","target":{"@type":"EntryPoint","urlTemplate":"https:\/\/sandzakpress.net\/arhiva\/?s={search_term_string}"},"query-input":{"@type":"PropertyValueSpecification","valueRequired":true,"valueName":"search_term_string"}}],"inLanguage":"bs-BA"},{"@type":["Person","Organization"],"@id":"https:\/\/sandzakpress.net\/arhiva\/#\/schema\/person\/6e72b67d6e51910a1117b3b483ba20bd","name":"Kul","image":{"@type":"ImageObject","inLanguage":"bs-BA","@id":"https:\/\/sandzakpress.net\/arhiva\/#\/schema\/person\/image\/","url":"https:\/\/secure.gravatar.com\/avatar\/42263f39aa27ac04c43cab85c280eb2e?s=96&d=mm&r=pg","contentUrl":"https:\/\/secure.gravatar.com\/avatar\/42263f39aa27ac04c43cab85c280eb2e?s=96&d=mm&r=pg","caption":"Kul"},"logo":{"@id":"https:\/\/sandzakpress.net\/arhiva\/#\/schema\/person\/image\/"}},{"@type":"Person","@id":"https:\/\/sandzakpress.net\/arhiva\/#\/schema\/person\/c8baee722073534b583ea7bdb2e36c02","name":"bosniak","image":{"@type":"ImageObject","inLanguage":"bs-BA","@id":"https:\/\/sandzakpress.net\/arhiva\/#\/schema\/person\/image\/","url":"https:\/\/secure.gravatar.com\/avatar\/a04fd330bfe3a36a72a0ad4a6d89fca7?s=96&d=mm&r=pg","contentUrl":"https:\/\/secure.gravatar.com\/avatar\/a04fd330bfe3a36a72a0ad4a6d89fca7?s=96&d=mm&r=pg","caption":"bosniak"},"url":"https:\/\/sandzakpress.net\/arhiva\/author\/bosniak\/"}]}},"_links":{"self":[{"href":"https:\/\/sandzakpress.net\/arhiva\/wp-json\/wp\/v2\/posts\/183223"}],"collection":[{"href":"https:\/\/sandzakpress.net\/arhiva\/wp-json\/wp\/v2\/posts"}],"about":[{"href":"https:\/\/sandzakpress.net\/arhiva\/wp-json\/wp\/v2\/types\/post"}],"author":[{"embeddable":true,"href":"https:\/\/sandzakpress.net\/arhiva\/wp-json\/wp\/v2\/users\/83"}],"replies":[{"embeddable":true,"href":"https:\/\/sandzakpress.net\/arhiva\/wp-json\/wp\/v2\/comments?post=183223"}],"version-history":[{"count":0,"href":"https:\/\/sandzakpress.net\/arhiva\/wp-json\/wp\/v2\/posts\/183223\/revisions"}],"wp:featuredmedia":[{"embeddable":true,"href":"https:\/\/sandzakpress.net\/arhiva\/wp-json\/wp\/v2\/media\/183225"}],"wp:attachment":[{"href":"https:\/\/sandzakpress.net\/arhiva\/wp-json\/wp\/v2\/media?parent=183223"}],"wp:term":[{"taxonomy":"category","embeddable":true,"href":"https:\/\/sandzakpress.net\/arhiva\/wp-json\/wp\/v2\/categories?post=183223"},{"taxonomy":"post_tag","embeddable":true,"href":"https:\/\/sandzakpress.net\/arhiva\/wp-json\/wp\/v2\/tags?post=183223"}],"curies":[{"name":"wp","href":"https:\/\/api.w.org\/{rel}","templated":true}]}}