{"id":18265,"date":"2011-08-03T00:06:29","date_gmt":"2011-08-02T22:06:29","guid":{"rendered":"https:\/\/sandzakpress.net\/arhiva\/?p=18265"},"modified":"2011-08-03T00:06:29","modified_gmt":"2011-08-02T22:06:29","slug":"21-kroz-21","status":"publish","type":"post","link":"https:\/\/sandzakpress.net\/arhiva\/21-kroz-21\/","title":{"rendered":"21 kroz 21"},"content":{"rendered":"<p><a href=\"https:\/\/sandzakpress.net\/arhiva\/wp-content\/uploads\/2011\/08\/4583886674def5b7433042560101675_640x360.jpg\"><img loading=\"lazy\" decoding=\"async\" class=\"aligncenter size-full wp-image-18266\" title=\"4583886674def5b7433042560101675_640x360\" src=\"https:\/\/sandzakpress.net\/arhiva\/wp-content\/uploads\/2011\/08\/4583886674def5b7433042560101675_640x360.jpg\" alt=\"\" width=\"616\" height=\"347\" \/><\/a><\/p>\n<p><strong>Sand\u017eak &#8211; Stranka demokratske akcije Sand\u017eaka 29. jula puni 21. godinu. Iz mora  bisera predsjednika ove stranke Sulejmana Ugljanina, izdvojili smo  simboli\u010dkih 21 koji vjerno oslikavaju ovaj nekada op\u0107enarodni pokret  Bo\u0161njaka Sand\u017eaka, a danas tek jednu od postoje\u0107ih politi\u010dkih partija.<\/strong><\/p>\n<p><strong>1991.<\/strong><\/p>\n<p>-Prodajte krave i petoljirke i kupite pu\u0161ke.<br \/>\n-Lji\u0107no \u0107u oti\u0107i u Priboj i sam proterati srpsku vojsku i poljiciju.<br \/>\n-Srcem i du\u0161om podr\u017eavam Sadama Huseina (Zeleni megaherc Radio Beograd 1991)<br \/>\n-Bi\u0107u posljednji muha\u0111ir koji \u0107e napustiti San\u0111ak.<br \/>\n-Od Jugoslavije treba napraviti Balkaniju kojoj \u0107e se priklju\u010diti i Albanija.<\/p>\n<p><strong>1992<\/strong>.<\/p>\n<p>-Hamdija Jusufspahi\u0107 nije na\u0161, ve\u0107 pravoslavni muftija.<br \/>\n-Imamo naoru\u017eane formacije, falji nam samo te\u0161ko oru\u017eje.<br \/>\n-Srpski poljicajci su, u stvari, pravi \u0107etnici.<\/p>\n<p><strong>1993<\/strong>.<\/p>\n<p>-Sa srpskim paso\u0161em ne mo\u017ee\u0161 ni u \u0107enef da ode\u0161.<br \/>\n-San\u0111ak \u0107e se pripojiti Kosovu ili Bosni ili \u0107e postati samostaini entitet.<br \/>\n-Bo\u0161njaci \u0107e braniti Albance na Kosovu ako ih napadnu Srbi.<\/p>\n<p><strong>1994. <\/strong><\/p>\n<p>-Imam 6000 boraca u Bosni. (Turski zaman 1994)<br \/>\n-Turski piloti porijeklom iz San\u0111aka \u0107e bombardovati Srbiju ako Milo\u0161evi\u0107 nastavi represiju u San\u0111aku<\/p>\n<p><strong> 1995. <\/strong><\/p>\n<p>-Alija  Izetbegovi\u0107 se ne zala\u017ee za pitanje San\u0111aka i zato \u0107u zatra\u017eiti da to  u\u0107ini Franjo Tu\u0111man (Intervju Slobodnoj dalmaciji 1995)<\/p>\n<p><strong>1996<\/strong>.<\/p>\n<p>-Bosna je za nas isto \u0161to i Hrvatska i Slovenija. Mi nemamo ni\u0161ta sa njom. (po povratku iz Turske)<br \/>\n-Srpska poljicija se sada promenila (po povratku iz Turske)<br \/>\n-Srbija je postal demokratska zemlja (po povratku iz Turske)<br \/>\n-Hvala dijaspori \u0161to mi je name\u0161\u0107ila ku\u0107u.<br \/>\n-Sagradi\u0107emo najmoderniji aerodrom na Pe\u0161ter koji \u0107e mo\u0107i da koriste i turisti, a mo\u017eemo da ga ustupimo i ameri\u0107koj vojsci.<br \/>\n-Novi Pazar treba da bude glavni grad Srbije i Crne Gore.<\/p>\n<p><strong>2004.<\/strong><\/p>\n<p>-Protjerat \u0107u muftiju Zukorli\u0107a iz Sand\u017eaka.<br \/>\n-Kultura je va\u017ena. Ono dijete koje nosi najiscepan\u0161ije patike, ja njemu kupujem druge. I to je na\u0161a kultura.<br \/>\n-Danas pu\u0161tamo u rad centralno grijanje. Do sada su se djeca grijala samo odnaprijed, a sa\u0107emo da ih ugrijemo i otpozadi.<br \/>\n-Napravi\u0107emo heljiodrom i hipodrom u Deljime\u0111u.<br \/>\n-Izgradi\u0107emo \u017eeljezni\u0107ku prugu i gasovod do Pazara.<\/p>\n<p><strong>2005.<\/strong><\/p>\n<p>-San\u0111a\u0107ke igre \u0107e nadma\u0161iti Oljimpijske igre.<br \/>\n-Od sme\u0107a \u0107emo praviti struju i izvozi\u0107emo je u inostranstvo. To \u0107e biti san\u0111a\u0107ki brend.<br \/>\n-Ko\u0161tunica je salonski \u0107etnik.<\/p>\n<p><strong>2006<\/strong>.<\/p>\n<p>-Koristim priliku da vama novinarkama \u0107estitam 8. mart \u2013 praznik rada<br \/>\n-Nama bolnice ne trebaju, gradi\u0107emo sportske terene.<br \/>\n-San\u0111ak, Crna Gora i Srbija, to je jedna familjija.<br \/>\n-Ko\u0161tunica je u\u0107inio vi\u0161e za Bo\u0161njake nego svi drugi srpski poljiti\u0107ari.<br \/>\n-Ljijepo se obu\u0107ite i iza\u0111ite na izbore, jer su izbori narodno veselje.<\/p>\n<p><strong>2007<\/strong>.<\/p>\n<p>-Islamska zajednica vi\u0161e ne postoji.<br \/>\n-Mo\u017eemo da imamo vi\u0161e islamskih zajednica.<br \/>\n-Islamska zajednica je kao fudbalski klub.<br \/>\n-Po\u0107astvovani smo \u0161to prvi put u istoriji moremo u San\u0111aku da do\u010dekamo na\u0161eg reisa Hamdiju Jusufspahi\u0107a.<br \/>\n-Naru\u010dilji smo Ijijepo vrijeme (za Ko\u0161tunicu)<br \/>\n-Ljudi nemaju naviku da \u0107itaju, ali ako ne \u0107itaju Nu\u0161i\u0107a, onda neka odu u pozori\u0161te.<br \/>\n-Sre\u0107an vam dan invaljida!<br \/>\n-Izvozi\u0107emo maljine u Tataristan.<br \/>\n-Evropa vodi histeri\u0107nu antimusljimansku kampanju i umije\u0161ala je svoje prste u ova doga\u0111anja u San\u0111aku.<br \/>\n-Nadam se u narednih tri godine da \u0107emo mo\u0107i sigurno da otvorimo bljizu 10.000 novih Ijudi da zaposljimo<br \/>\n-Amerika je najve\u0107i neprijatelj islama.<\/p>\n<p><strong>2008<\/strong>.<\/p>\n<p>-Novi Pazar \u2013 \u0161to u prijevodu zna\u0107i sajam.<br \/>\n-Mi podr\u017eavamo politiku Ko\u0161tuni\u010dine vlade prema Kosovu.<br \/>\n-Velja lli\u0107 je u\u0107inio za nas mnogo. Sad treba da poka\u017eemo kakvi smo mi Ijudi.<\/p>\n<p><strong>2011.<\/strong><\/p>\n<p>-Ja  sam kao gradona\u010delnik govorio i preko medija i na skup\u0161tini mojim  sugra\u0111anima ne\u0161to \u0161ta je istina: svetosavlje to je temelj srpskog i  vjerskog i nacionalnog identiteta. I to je jedna od po\u017eeljnih razlika  izme\u0111u srpskog ve\u0107inskog naroda i manjina koje imaju neki svoj  idnetitet. Ja kao ministar u ovoj demokratskoj Srbiji, demokratskoj  vladi tvrdim da mi, kao vlada, ne\u0107emo dozvoliti ni\u010diju asimilaciju.  Prisustvovanje akademija, to je jedna fakultativna stvar. Regularno bi  bilo da prisustvuju roditelji a ne djeca. Za\u0161to ne djeca? Zato \u0161to su  djeca maloljetna. Ona ne poznaju svoju vjeru, a kamoli tu\u0111u. I postoji  mogu\u0107nost da postoji mogu\u0107nost asimilacije. Zato smi mi, kao Vlada,  rekli: \u2018To je fakultaivno.\u2019 Ko ho\u0107e nek do\u0111e, ko ne\u0107e ne mora. Nije  stvar samo sa Bo\u0161njacimam, ista je stvar i sa Rusinima. Ima ateista u  Pazaru \u010dija \u0107e djeca da u\u010destvuju, i da pi\u0161u radove, i da crtaju, i da  u\u010destvuju na takmi\u010denju. Zna\u010di, to je fakultativna stvar.<\/p>\n<p>Priredio: <strong>Zaim Red\u017eepovi\u0107<\/strong><\/p>\n","protected":false},"excerpt":{"rendered":"<p>Sand\u017eak &#8211; Stranka demokratske akcije Sand\u017eaka 29. jula puni 21. godinu. Iz mora bisera predsjednika ove stranke Sulejmana Ugljanina, izdvojili smo simboli\u010dkih 21 koji vjerno oslikavaju ovaj nekada op\u0107enarodni pokret Bo\u0161njaka Sand\u017eaka, a danas tek jednu od postoje\u0107ih politi\u010dkih partija. 1991. -Prodajte krave i petoljirke i kupite pu\u0161ke. -Lji\u0107no \u0107u oti\u0107i u Priboj i sam [&hellip;]<\/p>\n","protected":false},"author":83,"featured_media":18266,"comment_status":"open","ping_status":"open","sticky":false,"template":"","format":"standard","meta":{"footnotes":""},"categories":[72,52,327,392,393,394],"tags":[],"class_list":{"0":"post-18265","1":"post","2":"type-post","3":"status-publish","4":"format-standard","5":"has-post-thumbnail","7":"category-novi-pazar","8":"category-sjenica","9":"category-tutin","10":"category-prijepolje_","11":"category-priboj","12":"category-nova-varos"},"yoast_head":"<!-- This site is optimized with the Yoast SEO Premium plugin v23.1 (Yoast SEO v24.9) - https:\/\/yoast.com\/wordpress\/plugins\/seo\/ -->\n<title>21 kroz 21<\/title>\n<meta name=\"robots\" content=\"index, follow, max-snippet:-1, max-image-preview:large, max-video-preview:-1\" \/>\n<link rel=\"canonical\" href=\"https:\/\/sandzakpress.net\/arhiva\/21-kroz-21\/\" \/>\n<meta property=\"og:locale\" content=\"bs_BA\" \/>\n<meta property=\"og:type\" content=\"article\" \/>\n<meta property=\"og:title\" content=\"21 kroz 21\" \/>\n<meta property=\"og:description\" content=\"Sand\u017eak &#8211; Stranka demokratske akcije Sand\u017eaka 29. jula puni 21. godinu. Iz mora bisera predsjednika ove stranke Sulejmana Ugljanina, izdvojili smo simboli\u010dkih 21 koji vjerno oslikavaju ovaj nekada op\u0107enarodni pokret Bo\u0161njaka Sand\u017eaka, a danas tek jednu od postoje\u0107ih politi\u010dkih partija. 1991. -Prodajte krave i petoljirke i kupite pu\u0161ke. -Lji\u0107no \u0107u oti\u0107i u Priboj i sam [&hellip;]\" \/>\n<meta property=\"og:url\" content=\"https:\/\/sandzakpress.net\/arhiva\/21-kroz-21\/\" \/>\n<meta property=\"og:site_name\" content=\"Sand\u017eak PRESS\" \/>\n<meta property=\"article:published_time\" content=\"2011-08-02T22:06:29+00:00\" \/>\n<meta property=\"og:image\" content=\"https:\/\/sandzakpress.net\/arhiva\/wp-content\/uploads\/2011\/08\/4583886674def5b7433042560101675_640x360.jpg\" \/>\n\t<meta property=\"og:image:width\" content=\"616\" \/>\n\t<meta property=\"og:image:height\" content=\"347\" \/>\n\t<meta property=\"og:image:type\" content=\"image\/jpeg\" \/>\n<meta name=\"author\" content=\"bosniak\" \/>\n<meta name=\"twitter:card\" content=\"summary_large_image\" \/>\n<meta name=\"twitter:label1\" content=\"Written by\" \/>\n\t<meta name=\"twitter:data1\" content=\"bosniak\" \/>\n\t<meta name=\"twitter:label2\" content=\"Est. reading time\" \/>\n\t<meta name=\"twitter:data2\" content=\"4 minute\" \/>\n<script type=\"application\/ld+json\" class=\"yoast-schema-graph\">{\"@context\":\"https:\/\/schema.org\",\"@graph\":[{\"@type\":\"Article\",\"@id\":\"https:\/\/sandzakpress.net\/arhiva\/21-kroz-21\/#article\",\"isPartOf\":{\"@id\":\"https:\/\/sandzakpress.net\/arhiva\/21-kroz-21\/\"},\"author\":{\"name\":\"bosniak\",\"@id\":\"https:\/\/sandzakpress.net\/arhiva\/#\/schema\/person\/c8baee722073534b583ea7bdb2e36c02\"},\"headline\":\"21 kroz 21\",\"datePublished\":\"2011-08-02T22:06:29+00:00\",\"mainEntityOfPage\":{\"@id\":\"https:\/\/sandzakpress.net\/arhiva\/21-kroz-21\/\"},\"wordCount\":790,\"commentCount\":56,\"publisher\":{\"@id\":\"https:\/\/sandzakpress.net\/arhiva\/#\/schema\/person\/6e72b67d6e51910a1117b3b483ba20bd\"},\"image\":{\"@id\":\"https:\/\/sandzakpress.net\/arhiva\/21-kroz-21\/#primaryimage\"},\"thumbnailUrl\":\"https:\/\/sandzakpress.net\/arhiva\/wp-content\/uploads\/2011\/08\/4583886674def5b7433042560101675_640x360.jpg\",\"articleSection\":[\"Novi Pazar\",\"Sjenica\",\"Tutin\",\"Prijepolje\",\"Priboj\",\"Nova Varo\u0161\"],\"inLanguage\":\"bs-BA\",\"potentialAction\":[{\"@type\":\"CommentAction\",\"name\":\"Comment\",\"target\":[\"https:\/\/sandzakpress.net\/arhiva\/21-kroz-21\/#respond\"]}]},{\"@type\":\"WebPage\",\"@id\":\"https:\/\/sandzakpress.net\/arhiva\/21-kroz-21\/\",\"url\":\"https:\/\/sandzakpress.net\/arhiva\/21-kroz-21\/\",\"name\":\"21 kroz 21\",\"isPartOf\":{\"@id\":\"https:\/\/sandzakpress.net\/arhiva\/#website\"},\"primaryImageOfPage\":{\"@id\":\"https:\/\/sandzakpress.net\/arhiva\/21-kroz-21\/#primaryimage\"},\"image\":{\"@id\":\"https:\/\/sandzakpress.net\/arhiva\/21-kroz-21\/#primaryimage\"},\"thumbnailUrl\":\"https:\/\/sandzakpress.net\/arhiva\/wp-content\/uploads\/2011\/08\/4583886674def5b7433042560101675_640x360.jpg\",\"datePublished\":\"2011-08-02T22:06:29+00:00\",\"breadcrumb\":{\"@id\":\"https:\/\/sandzakpress.net\/arhiva\/21-kroz-21\/#breadcrumb\"},\"inLanguage\":\"bs-BA\",\"potentialAction\":[{\"@type\":\"ReadAction\",\"target\":[\"https:\/\/sandzakpress.net\/arhiva\/21-kroz-21\/\"]}]},{\"@type\":\"ImageObject\",\"inLanguage\":\"bs-BA\",\"@id\":\"https:\/\/sandzakpress.net\/arhiva\/21-kroz-21\/#primaryimage\",\"url\":\"https:\/\/sandzakpress.net\/arhiva\/wp-content\/uploads\/2011\/08\/4583886674def5b7433042560101675_640x360.jpg\",\"contentUrl\":\"https:\/\/sandzakpress.net\/arhiva\/wp-content\/uploads\/2011\/08\/4583886674def5b7433042560101675_640x360.jpg\",\"width\":616,\"height\":347},{\"@type\":\"BreadcrumbList\",\"@id\":\"https:\/\/sandzakpress.net\/arhiva\/21-kroz-21\/#breadcrumb\",\"itemListElement\":[{\"@type\":\"ListItem\",\"position\":1,\"name\":\"Home\",\"item\":\"https:\/\/sandzakpress.net\/arhiva\/\"},{\"@type\":\"ListItem\",\"position\":2,\"name\":\"21 kroz 21\"}]},{\"@type\":\"WebSite\",\"@id\":\"https:\/\/sandzakpress.net\/arhiva\/#website\",\"url\":\"https:\/\/sandzakpress.net\/arhiva\/\",\"name\":\"Sand\u017eak PRESS\",\"description\":\"Prve elektronske novine u Sand\u017eaku\",\"publisher\":{\"@id\":\"https:\/\/sandzakpress.net\/arhiva\/#\/schema\/person\/6e72b67d6e51910a1117b3b483ba20bd\"},\"potentialAction\":[{\"@type\":\"SearchAction\",\"target\":{\"@type\":\"EntryPoint\",\"urlTemplate\":\"https:\/\/sandzakpress.net\/arhiva\/?s={search_term_string}\"},\"query-input\":{\"@type\":\"PropertyValueSpecification\",\"valueRequired\":true,\"valueName\":\"search_term_string\"}}],\"inLanguage\":\"bs-BA\"},{\"@type\":[\"Person\",\"Organization\"],\"@id\":\"https:\/\/sandzakpress.net\/arhiva\/#\/schema\/person\/6e72b67d6e51910a1117b3b483ba20bd\",\"name\":\"Kul\",\"image\":{\"@type\":\"ImageObject\",\"inLanguage\":\"bs-BA\",\"@id\":\"https:\/\/sandzakpress.net\/arhiva\/#\/schema\/person\/image\/\",\"url\":\"https:\/\/secure.gravatar.com\/avatar\/42263f39aa27ac04c43cab85c280eb2e?s=96&d=mm&r=pg\",\"contentUrl\":\"https:\/\/secure.gravatar.com\/avatar\/42263f39aa27ac04c43cab85c280eb2e?s=96&d=mm&r=pg\",\"caption\":\"Kul\"},\"logo\":{\"@id\":\"https:\/\/sandzakpress.net\/arhiva\/#\/schema\/person\/image\/\"}},{\"@type\":\"Person\",\"@id\":\"https:\/\/sandzakpress.net\/arhiva\/#\/schema\/person\/c8baee722073534b583ea7bdb2e36c02\",\"name\":\"bosniak\",\"image\":{\"@type\":\"ImageObject\",\"inLanguage\":\"bs-BA\",\"@id\":\"https:\/\/sandzakpress.net\/arhiva\/#\/schema\/person\/image\/\",\"url\":\"https:\/\/secure.gravatar.com\/avatar\/a04fd330bfe3a36a72a0ad4a6d89fca7?s=96&d=mm&r=pg\",\"contentUrl\":\"https:\/\/secure.gravatar.com\/avatar\/a04fd330bfe3a36a72a0ad4a6d89fca7?s=96&d=mm&r=pg\",\"caption\":\"bosniak\"},\"url\":\"https:\/\/sandzakpress.net\/arhiva\/author\/bosniak\/\"}]}<\/script>\n<!-- \/ Yoast SEO Premium plugin. -->","yoast_head_json":{"title":"21 kroz 21","robots":{"index":"index","follow":"follow","max-snippet":"max-snippet:-1","max-image-preview":"max-image-preview:large","max-video-preview":"max-video-preview:-1"},"canonical":"https:\/\/sandzakpress.net\/arhiva\/21-kroz-21\/","og_locale":"bs_BA","og_type":"article","og_title":"21 kroz 21","og_description":"Sand\u017eak &#8211; Stranka demokratske akcije Sand\u017eaka 29. jula puni 21. godinu. Iz mora bisera predsjednika ove stranke Sulejmana Ugljanina, izdvojili smo simboli\u010dkih 21 koji vjerno oslikavaju ovaj nekada op\u0107enarodni pokret Bo\u0161njaka Sand\u017eaka, a danas tek jednu od postoje\u0107ih politi\u010dkih partija. 1991. -Prodajte krave i petoljirke i kupite pu\u0161ke. -Lji\u0107no \u0107u oti\u0107i u Priboj i sam [&hellip;]","og_url":"https:\/\/sandzakpress.net\/arhiva\/21-kroz-21\/","og_site_name":"Sand\u017eak PRESS","article_published_time":"2011-08-02T22:06:29+00:00","og_image":[{"width":616,"height":347,"url":"https:\/\/sandzakpress.net\/arhiva\/wp-content\/uploads\/2011\/08\/4583886674def5b7433042560101675_640x360.jpg","type":"image\/jpeg"}],"author":"bosniak","twitter_card":"summary_large_image","twitter_misc":{"Written by":"bosniak","Est. reading time":"4 minute"},"schema":{"@context":"https:\/\/schema.org","@graph":[{"@type":"Article","@id":"https:\/\/sandzakpress.net\/arhiva\/21-kroz-21\/#article","isPartOf":{"@id":"https:\/\/sandzakpress.net\/arhiva\/21-kroz-21\/"},"author":{"name":"bosniak","@id":"https:\/\/sandzakpress.net\/arhiva\/#\/schema\/person\/c8baee722073534b583ea7bdb2e36c02"},"headline":"21 kroz 21","datePublished":"2011-08-02T22:06:29+00:00","mainEntityOfPage":{"@id":"https:\/\/sandzakpress.net\/arhiva\/21-kroz-21\/"},"wordCount":790,"commentCount":56,"publisher":{"@id":"https:\/\/sandzakpress.net\/arhiva\/#\/schema\/person\/6e72b67d6e51910a1117b3b483ba20bd"},"image":{"@id":"https:\/\/sandzakpress.net\/arhiva\/21-kroz-21\/#primaryimage"},"thumbnailUrl":"https:\/\/sandzakpress.net\/arhiva\/wp-content\/uploads\/2011\/08\/4583886674def5b7433042560101675_640x360.jpg","articleSection":["Novi Pazar","Sjenica","Tutin","Prijepolje","Priboj","Nova Varo\u0161"],"inLanguage":"bs-BA","potentialAction":[{"@type":"CommentAction","name":"Comment","target":["https:\/\/sandzakpress.net\/arhiva\/21-kroz-21\/#respond"]}]},{"@type":"WebPage","@id":"https:\/\/sandzakpress.net\/arhiva\/21-kroz-21\/","url":"https:\/\/sandzakpress.net\/arhiva\/21-kroz-21\/","name":"21 kroz 21","isPartOf":{"@id":"https:\/\/sandzakpress.net\/arhiva\/#website"},"primaryImageOfPage":{"@id":"https:\/\/sandzakpress.net\/arhiva\/21-kroz-21\/#primaryimage"},"image":{"@id":"https:\/\/sandzakpress.net\/arhiva\/21-kroz-21\/#primaryimage"},"thumbnailUrl":"https:\/\/sandzakpress.net\/arhiva\/wp-content\/uploads\/2011\/08\/4583886674def5b7433042560101675_640x360.jpg","datePublished":"2011-08-02T22:06:29+00:00","breadcrumb":{"@id":"https:\/\/sandzakpress.net\/arhiva\/21-kroz-21\/#breadcrumb"},"inLanguage":"bs-BA","potentialAction":[{"@type":"ReadAction","target":["https:\/\/sandzakpress.net\/arhiva\/21-kroz-21\/"]}]},{"@type":"ImageObject","inLanguage":"bs-BA","@id":"https:\/\/sandzakpress.net\/arhiva\/21-kroz-21\/#primaryimage","url":"https:\/\/sandzakpress.net\/arhiva\/wp-content\/uploads\/2011\/08\/4583886674def5b7433042560101675_640x360.jpg","contentUrl":"https:\/\/sandzakpress.net\/arhiva\/wp-content\/uploads\/2011\/08\/4583886674def5b7433042560101675_640x360.jpg","width":616,"height":347},{"@type":"BreadcrumbList","@id":"https:\/\/sandzakpress.net\/arhiva\/21-kroz-21\/#breadcrumb","itemListElement":[{"@type":"ListItem","position":1,"name":"Home","item":"https:\/\/sandzakpress.net\/arhiva\/"},{"@type":"ListItem","position":2,"name":"21 kroz 21"}]},{"@type":"WebSite","@id":"https:\/\/sandzakpress.net\/arhiva\/#website","url":"https:\/\/sandzakpress.net\/arhiva\/","name":"Sand\u017eak PRESS","description":"Prve elektronske novine u Sand\u017eaku","publisher":{"@id":"https:\/\/sandzakpress.net\/arhiva\/#\/schema\/person\/6e72b67d6e51910a1117b3b483ba20bd"},"potentialAction":[{"@type":"SearchAction","target":{"@type":"EntryPoint","urlTemplate":"https:\/\/sandzakpress.net\/arhiva\/?s={search_term_string}"},"query-input":{"@type":"PropertyValueSpecification","valueRequired":true,"valueName":"search_term_string"}}],"inLanguage":"bs-BA"},{"@type":["Person","Organization"],"@id":"https:\/\/sandzakpress.net\/arhiva\/#\/schema\/person\/6e72b67d6e51910a1117b3b483ba20bd","name":"Kul","image":{"@type":"ImageObject","inLanguage":"bs-BA","@id":"https:\/\/sandzakpress.net\/arhiva\/#\/schema\/person\/image\/","url":"https:\/\/secure.gravatar.com\/avatar\/42263f39aa27ac04c43cab85c280eb2e?s=96&d=mm&r=pg","contentUrl":"https:\/\/secure.gravatar.com\/avatar\/42263f39aa27ac04c43cab85c280eb2e?s=96&d=mm&r=pg","caption":"Kul"},"logo":{"@id":"https:\/\/sandzakpress.net\/arhiva\/#\/schema\/person\/image\/"}},{"@type":"Person","@id":"https:\/\/sandzakpress.net\/arhiva\/#\/schema\/person\/c8baee722073534b583ea7bdb2e36c02","name":"bosniak","image":{"@type":"ImageObject","inLanguage":"bs-BA","@id":"https:\/\/sandzakpress.net\/arhiva\/#\/schema\/person\/image\/","url":"https:\/\/secure.gravatar.com\/avatar\/a04fd330bfe3a36a72a0ad4a6d89fca7?s=96&d=mm&r=pg","contentUrl":"https:\/\/secure.gravatar.com\/avatar\/a04fd330bfe3a36a72a0ad4a6d89fca7?s=96&d=mm&r=pg","caption":"bosniak"},"url":"https:\/\/sandzakpress.net\/arhiva\/author\/bosniak\/"}]}},"_links":{"self":[{"href":"https:\/\/sandzakpress.net\/arhiva\/wp-json\/wp\/v2\/posts\/18265"}],"collection":[{"href":"https:\/\/sandzakpress.net\/arhiva\/wp-json\/wp\/v2\/posts"}],"about":[{"href":"https:\/\/sandzakpress.net\/arhiva\/wp-json\/wp\/v2\/types\/post"}],"author":[{"embeddable":true,"href":"https:\/\/sandzakpress.net\/arhiva\/wp-json\/wp\/v2\/users\/83"}],"replies":[{"embeddable":true,"href":"https:\/\/sandzakpress.net\/arhiva\/wp-json\/wp\/v2\/comments?post=18265"}],"version-history":[{"count":0,"href":"https:\/\/sandzakpress.net\/arhiva\/wp-json\/wp\/v2\/posts\/18265\/revisions"}],"wp:featuredmedia":[{"embeddable":true,"href":"https:\/\/sandzakpress.net\/arhiva\/wp-json\/wp\/v2\/media\/18266"}],"wp:attachment":[{"href":"https:\/\/sandzakpress.net\/arhiva\/wp-json\/wp\/v2\/media?parent=18265"}],"wp:term":[{"taxonomy":"category","embeddable":true,"href":"https:\/\/sandzakpress.net\/arhiva\/wp-json\/wp\/v2\/categories?post=18265"},{"taxonomy":"post_tag","embeddable":true,"href":"https:\/\/sandzakpress.net\/arhiva\/wp-json\/wp\/v2\/tags?post=18265"}],"curies":[{"name":"wp","href":"https:\/\/api.w.org\/{rel}","templated":true}]}}