{"id":182620,"date":"2017-03-22T09:25:38","date_gmt":"2017-03-22T08:25:38","guid":{"rendered":"https:\/\/sandzakpress.net\/arhiva\/?p=182620"},"modified":"2017-03-22T09:25:38","modified_gmt":"2017-03-22T08:25:38","slug":"canak-priznao-bih-kosovo-a-sandzaku-bih-dao-autonomiju","status":"publish","type":"post","link":"https:\/\/sandzakpress.net\/arhiva\/canak-priznao-bih-kosovo-a-sandzaku-bih-dao-autonomiju\/","title":{"rendered":"\u010cANAK: Priznao bih KOSOVO, a SAND\u017dAKU bih dao autonomiju"},"content":{"rendered":"<p><img loading=\"lazy\" decoding=\"async\" class=\"\" src=\"http:\/\/www.sandzaklive.rs\/images\/2\/Canak-500x282.jpg\" alt=\"Canak 500x282\" width=\"722\" height=\"407\" \/><\/p>\n<p><strong>Srbija, Kosovo, Sand\u017eak &#8211; Predsjedni\u010dki kandidat na izborima u Srbiji Nenad \u010canak osudio je optu\u017ebe iz SNS upu\u0107ene Nata\u0161i Jeremi\u0107 i dodao da na to mora da se reaguje sudski.<\/strong><\/p>\n<p>Rekao bi da bi priznao nezavisnost Kosova u ime budu\u0107nosti \u010ditavog regiona: \u201cNe priznati fakticitet je \u017eivjeti u zabludi\u201d. Ocijenio je da dobar dio kandidata i nije pokazao neki program.<\/p>\n<p>Komentari\u0161u\u0107i optu\u017ebu Milenka Jovanova da je Nata\u0161a Jeremi\u0107 \u201cnarko-diler\u201d, ka\u017ee da je ovo sigurno najprljavija kampanja do sada.<\/p>\n<p>\u201cKampanja je razmjena ideja, kad se napada \u010dovjek to je prljava kampanja, a napad na porodicu je ne\u0161to jo\u0161 prljavije. Tako se nisko skoro nije palo\u201d, rekao je.<\/p>\n<p>Mi\u0161ljenja je da tako ne\u0161to nije do\u0161lo od lidera SNS-a i predsjedni\u010dkog kandidata Aleksandra Vu\u010di\u0107a.<\/p>\n<p>\u201cNevjerovatno je do koje mjere ho\u0107e da ode poltronska svijest u odbrani lika i djela, \u010disto sumnjam da je on li\u010dno tra\u017eio, umije on sam dobro da se brani \u2013 da se napadne \u017eena jednog od protivkandidata\u201d, ka\u017ee \u010canak.<\/p>\n<p>Navodi da je stra\u0161no da to ostane na nivou izvinjenja. \u201cJako je va\u017eno da ovo sa gospo\u0111om Jeremi\u0107 bude zadnji put, ne samo sa ovom kampanjom, nego i ubudu\u0107e da se to ne desi\u201d, ka\u017ee \u010canak.<\/p>\n<p>U tom takmi\u010denju ko \u0107e od poltrona vi\u0161e da se dodvori vo\u0111i, de\u0161avaju se i gore stvari od ovog, naveo je predsjedni\u010dki kandidat pod brojem 11 na glasa\u010dkom listi\u0107u i uputio punu podr\u0161ku Nata\u0161i Jeremi\u0107.<\/p>\n<p>Lider LSV-a ka\u017ee da se u Vojvodini osje\u0107a strah i da ljudi ne smiju o tome ni da pri\u010daju. Imamo strah u Vojvodini, koji nisam vidio od mobilizacije devedesetih \u2013 ovoga puta nije od vojske i policije, ve\u0107 da ne izgube posao, dodao je.<\/p>\n<p>\u201cVrlo \u010desto se vezuje da iza takvih stvari stoji Andrej Vu\u010di\u0107 (brat aktuelnog premijera), ne znam da li taj \u010dovjek stoji iza bilo \u010dega, nikad ga nisam vidio\u2026\u201d, rekao je i dodao da ne podvla\u010di paralelu izme\u0111u ova dva slu\u010daja (Nata\u0161a Jeremi\u0107 \u2013 Andrej Vu\u010di\u0107). Razlika je, ka\u017ee, \u0161to je Andrej Vu\u010di\u0107 aktivan \u010dlan stranke. \u201cA \u010dim se uklju\u010di\u0161 u kampanju, mo\u017ee\u0161 da o\u010dekuje\u0161 napade sa svih strana\u201d.<\/p>\n<p>Napad na \u017eenu da je narko-bos je uvredljivo, logi\u010dki uvredljivo i mora da se reaguje sudski, navodi \u010canak.<br \/>\u201cApelujem na SNS da to hitno razrije\u0161i, da na nju (stranku) ne padne sumnja da stoji iza stava koji je uvredljiv, a ima i elemenata krivi\u010dnog gonjenja\u201d, ocijenio je \u010canak.<\/p>\n<p>Ne mogu se stvari gurati pod tepih i niko ne smije biti nedodirljiv za zakon, a i pravosudni organi treba da rade svoj posao \u2013 da se ne juna\u010de na u\u010diteljicama, a ne hapse narko-bosove koji se sukobljavaju ispred \u0161kola, naveo je.<br \/>Kandidovao sam se iz istog razloga zbog kog sam u\u0161ao u rijaliti<\/p>\n<p>Ankete slu\u017ee tome da bi se pojedini kandidati ohrabrivali, a pojedini obeshrabrivali, mi\u0161ljenja je \u010canak, koji dodaje i da se na njih ne obazire.<\/p>\n<p>\u201cRazlog ulaska u predsjedni\u010dku kampanju je sli\u010dan razlogu mog ulaska u rijaliti \u0161ou Veliki brat, a to je da dobijem publiku, da ka\u017eem istinu\u201d, naveo je.<\/p>\n<p>Vrata u RTV su mi zatvorena<\/p>\n<p>Podsjetio je da je \u017eelio ljudima da uka\u017ee da je to dno, a da je to jedino mogao iznutra, obra\u0107aju\u0107i se direktno onima koji gledaju. Ista stvar je sa kampanjom, dodao je.<\/p>\n<p>\u201cDobar dio kandidata nisu do sada pokazali neki program\u2026 Nije program po\u0161tovat \u0107u Ustav i vratit \u0107u osmjeh zemlji\u2026 Nisam ja tu da pravim zvijezde ili akrobacije na trapezu, ve\u0107 da rje\u0161avamo probleme, a problemi su \u0161ta raditi sa ovom zemljom\u201d<\/p>\n<p>On navodi da nema danas gdje da se ka\u017ee istina, i da je stoga u\u0161ao u trku za predsjednika, da se tokom nje obrati gra\u0111anima i uka\u017ee na probleme.<\/p>\n<p>Sada imamo ogledalo u lice kako nas gleda mla\u0111a generacija, rekao je osvr\u0107u\u0107i se na kandidaturu Belog Preleta\u010devi\u0107a, za koga ka\u017ee da, prema dosada\u0161njem raspolo\u017eenju, ima \u0161anse i da u\u0111e u drugi krug.<br \/>O decentralizaciji, lustraciji, NIS-u<\/p>\n<p>Decentralizacija je tema koju govorim 27 godina, a kad o tome govorim ne govorim samo o autonomnoj Vojvodini, ve\u0107 o cijeloj Srbiji, ka\u017ee \u010canak i dodaje da pri\u010da o pet jedinica sa svojim stepenom autonomije. Naveo je da su to: pokrajina Vojvodina, pokrajina \u0160umadija, Grad Beograd, Moravska i Sand\u017eak.<\/p>\n<p>Naveo je da bi vlast onda bila bli\u017ee gra\u0111anima, a ne da se o svemu odlu\u010duje u Beogradu. \u201cNe zava\u0111am ja Beogra\u0111ane i Novosa\u0111ane, nego mi je pitanje da li postoji \u017eivot van Beograda i da li tri \u010detvrtine gra\u0111ana van Beograda mo\u017ee da odlu\u010di ko \u0107e da im bude na\u010delnik policije, direktor doma zdravlja, \u0161kole\u201d, ka\u017ee.<\/p>\n<p>Kao primjer navodi da svojevremeno nisu mogli da se dogovore SPS i DS iz \u010dijih redova \u0107e biti na\u010delnik policije u Novom Sadu, pa ga nije bilo \u010detiri godine, u Ni\u0161u, kako navodi \u2013 tri.<\/p>\n<p>\u201cDa se odlu\u010divalo u Ni\u0161u i Novom Sadu, odlu\u010dilo bi se za sedam dana\u201d, ka\u017ee i dodaje da je zbog toga potrebna vlast bli\u017ea gra\u0111anima.<\/p>\n<p>Tvrdi da se sada ide dalje sa centralizacijom, jer sada direktore domova zdravlja postavljaju iz Beograda.<\/p>\n<p>\u201cNe interesuje me \u201cnovosadizacija\u201d umjesto \u201cbeogradizacije\u201d, ve\u0107 da ljudi odlu\u010duju\u201d, ka\u017ee \u010canak.<\/p>\n<p>Ocijenjuje da danas imamo samo centralizaciju. \u201cA sada \u010dim se ne\u0161to negdje desi, to je milost gospodara iz Beograda\u201d, dodao je.<\/p>\n<p>Govore\u0107i o pitanju Kosova, ka\u017ee da je nedavno izjavio da je Kosovo nezavisno i da je to notorna \u010dinjenica koju treba priznati.<\/p>\n<p>Kosovo nije najskuplja srpska rije\u010d, kako neko re\u010de, ve\u0107 naj\u010de\u0161\u0107a srpska rije\u010d koje se \u010desto hvatamo, rekao je \u010canak.<\/p>\n<p>On je naveo da je to prostor na kome nemamo nikakve ingerencije, koji ima svoje institucije, pravosu\u0111e, carine, svoju vojsku, svoje sudstvo, koji je priznao pola svijeta, i da mi to ne mo\u017eemo da nazivamo \u201csrcem Srbije\u201d.<\/p>\n<p>Rekao bi da bi priznao nezavisnost Kosova u ime budu\u0107nosti \u010ditavog regiona. \u201cNe priznati fakticitet je \u017eivjeti u zabludi\u201d, kazao je.<\/p>\n<p>Vra\u0107aju\u0107i se na Vojvodinu, ka\u017ee da pitanje nezavisnosti Vojvodine nije bila tema ni jedne politi\u010dke stranke, i da je to \u010dista la\u017e.<\/p>\n<p>\u201cTo je \u010dista la\u017e, kao \u0161to je la\u017e da je SNS skupljao potpise za mene, da \u0107u otcijepiti Vojvodinu i pripojiti je Hrvatskoj, Ma\u0111arskoj ili ne znam kome\u201d, naveo je.<\/p>\n<p>N1<\/p>\n","protected":false},"excerpt":{"rendered":"<p>Srbija, Kosovo, Sand\u017eak &#8211; Predsjedni\u010dki kandidat na izborima u Srbiji Nenad \u010canak osudio je optu\u017ebe iz SNS upu\u0107ene Nata\u0161i Jeremi\u0107 i dodao da na to mora da se reaguje sudski. Rekao bi da bi priznao nezavisnost Kosova u ime budu\u0107nosti \u010ditavog regiona: \u201cNe priznati fakticitet je \u017eivjeti u zabludi\u201d. Ocijenio je da dobar dio kandidata [&hellip;]<\/p>\n","protected":false},"author":509,"featured_media":182621,"comment_status":"open","ping_status":"open","sticky":false,"template":"","format":"standard","meta":{"footnotes":""},"categories":[1,2690,10307,8957,798,10193],"tags":[10288],"class_list":{"0":"post-182620","1":"post","2":"type-post","3":"status-publish","4":"format-standard","5":"has-post-thumbnail","7":"category-politika","8":"category-kosovo-gradovi","9":"category-srbija","10":"category-vijesti-dana","11":"category-teme","12":"category-sandzak-2","13":"tag-autonomija-sandzaka"},"yoast_head":"<!-- This site is optimized with the Yoast SEO Premium plugin v23.1 (Yoast SEO v24.9) - https:\/\/yoast.com\/wordpress\/plugins\/seo\/ -->\n<title>\u010cANAK: Priznao bih KOSOVO, a SAND\u017dAKU bih dao autonomiju<\/title>\n<meta name=\"robots\" content=\"index, follow, max-snippet:-1, max-image-preview:large, max-video-preview:-1\" \/>\n<link rel=\"canonical\" href=\"https:\/\/sandzakpress.net\/arhiva\/canak-priznao-bih-kosovo-a-sandzaku-bih-dao-autonomiju\/\" \/>\n<meta property=\"og:locale\" content=\"bs_BA\" \/>\n<meta property=\"og:type\" content=\"article\" \/>\n<meta property=\"og:title\" content=\"\u010cANAK: Priznao bih KOSOVO, a SAND\u017dAKU bih dao autonomiju\" \/>\n<meta property=\"og:description\" content=\"Srbija, Kosovo, Sand\u017eak &#8211; Predsjedni\u010dki kandidat na izborima u Srbiji Nenad \u010canak osudio je optu\u017ebe iz SNS upu\u0107ene Nata\u0161i Jeremi\u0107 i dodao da na to mora da se reaguje sudski. Rekao bi da bi priznao nezavisnost Kosova u ime budu\u0107nosti \u010ditavog regiona: \u201cNe priznati fakticitet je \u017eivjeti u zabludi\u201d. Ocijenio je da dobar dio kandidata [&hellip;]\" \/>\n<meta property=\"og:url\" content=\"https:\/\/sandzakpress.net\/arhiva\/canak-priznao-bih-kosovo-a-sandzaku-bih-dao-autonomiju\/\" \/>\n<meta property=\"og:site_name\" content=\"Sand\u017eak PRESS\" \/>\n<meta property=\"article:published_time\" content=\"2017-03-22T08:25:38+00:00\" \/>\n<meta property=\"og:image\" content=\"https:\/\/sandzakpress.net\/arhiva\/wp-content\/uploads\/2017\/03\/Canak-500x282.jpg\" \/>\n\t<meta property=\"og:image:width\" content=\"500\" \/>\n\t<meta property=\"og:image:height\" content=\"282\" \/>\n\t<meta property=\"og:image:type\" content=\"image\/jpeg\" \/>\n<meta name=\"author\" content=\"Agencija\" \/>\n<meta name=\"twitter:card\" content=\"summary_large_image\" \/>\n<meta name=\"twitter:label1\" content=\"Written by\" \/>\n\t<meta name=\"twitter:data1\" content=\"Agencija\" \/>\n\t<meta name=\"twitter:label2\" content=\"Est. reading time\" \/>\n\t<meta name=\"twitter:data2\" content=\"6 minuta\" \/>\n<script type=\"application\/ld+json\" class=\"yoast-schema-graph\">{\"@context\":\"https:\/\/schema.org\",\"@graph\":[{\"@type\":\"Article\",\"@id\":\"https:\/\/sandzakpress.net\/arhiva\/canak-priznao-bih-kosovo-a-sandzaku-bih-dao-autonomiju\/#article\",\"isPartOf\":{\"@id\":\"https:\/\/sandzakpress.net\/arhiva\/canak-priznao-bih-kosovo-a-sandzaku-bih-dao-autonomiju\/\"},\"author\":{\"name\":\"Agencija\",\"@id\":\"https:\/\/sandzakpress.net\/arhiva\/#\/schema\/person\/cb59d7e3ab91ab90dd680ad0305a6185\"},\"headline\":\"\u010cANAK: Priznao bih KOSOVO, a SAND\u017dAKU bih dao autonomiju\",\"datePublished\":\"2017-03-22T08:25:38+00:00\",\"mainEntityOfPage\":{\"@id\":\"https:\/\/sandzakpress.net\/arhiva\/canak-priznao-bih-kosovo-a-sandzaku-bih-dao-autonomiju\/\"},\"wordCount\":1127,\"commentCount\":22,\"publisher\":{\"@id\":\"https:\/\/sandzakpress.net\/arhiva\/#\/schema\/person\/6e72b67d6e51910a1117b3b483ba20bd\"},\"image\":{\"@id\":\"https:\/\/sandzakpress.net\/arhiva\/canak-priznao-bih-kosovo-a-sandzaku-bih-dao-autonomiju\/#primaryimage\"},\"thumbnailUrl\":\"https:\/\/sandzakpress.net\/arhiva\/wp-content\/uploads\/2017\/03\/Canak-500x282.jpg\",\"keywords\":[\"Autonomija Sand\u017eaka\"],\"articleSection\":[\"Politika\",\"Kosovo\",\"Srbija\",\"VIJESTI DANA\",\"NAJNOVIJE\",\"Sand\u017eak\"],\"inLanguage\":\"bs-BA\",\"potentialAction\":[{\"@type\":\"CommentAction\",\"name\":\"Comment\",\"target\":[\"https:\/\/sandzakpress.net\/arhiva\/canak-priznao-bih-kosovo-a-sandzaku-bih-dao-autonomiju\/#respond\"]}]},{\"@type\":\"WebPage\",\"@id\":\"https:\/\/sandzakpress.net\/arhiva\/canak-priznao-bih-kosovo-a-sandzaku-bih-dao-autonomiju\/\",\"url\":\"https:\/\/sandzakpress.net\/arhiva\/canak-priznao-bih-kosovo-a-sandzaku-bih-dao-autonomiju\/\",\"name\":\"\u010cANAK: Priznao bih KOSOVO, a SAND\u017dAKU bih dao autonomiju\",\"isPartOf\":{\"@id\":\"https:\/\/sandzakpress.net\/arhiva\/#website\"},\"primaryImageOfPage\":{\"@id\":\"https:\/\/sandzakpress.net\/arhiva\/canak-priznao-bih-kosovo-a-sandzaku-bih-dao-autonomiju\/#primaryimage\"},\"image\":{\"@id\":\"https:\/\/sandzakpress.net\/arhiva\/canak-priznao-bih-kosovo-a-sandzaku-bih-dao-autonomiju\/#primaryimage\"},\"thumbnailUrl\":\"https:\/\/sandzakpress.net\/arhiva\/wp-content\/uploads\/2017\/03\/Canak-500x282.jpg\",\"datePublished\":\"2017-03-22T08:25:38+00:00\",\"breadcrumb\":{\"@id\":\"https:\/\/sandzakpress.net\/arhiva\/canak-priznao-bih-kosovo-a-sandzaku-bih-dao-autonomiju\/#breadcrumb\"},\"inLanguage\":\"bs-BA\",\"potentialAction\":[{\"@type\":\"ReadAction\",\"target\":[\"https:\/\/sandzakpress.net\/arhiva\/canak-priznao-bih-kosovo-a-sandzaku-bih-dao-autonomiju\/\"]}]},{\"@type\":\"ImageObject\",\"inLanguage\":\"bs-BA\",\"@id\":\"https:\/\/sandzakpress.net\/arhiva\/canak-priznao-bih-kosovo-a-sandzaku-bih-dao-autonomiju\/#primaryimage\",\"url\":\"https:\/\/sandzakpress.net\/arhiva\/wp-content\/uploads\/2017\/03\/Canak-500x282.jpg\",\"contentUrl\":\"https:\/\/sandzakpress.net\/arhiva\/wp-content\/uploads\/2017\/03\/Canak-500x282.jpg\",\"width\":500,\"height\":282},{\"@type\":\"BreadcrumbList\",\"@id\":\"https:\/\/sandzakpress.net\/arhiva\/canak-priznao-bih-kosovo-a-sandzaku-bih-dao-autonomiju\/#breadcrumb\",\"itemListElement\":[{\"@type\":\"ListItem\",\"position\":1,\"name\":\"Home\",\"item\":\"https:\/\/sandzakpress.net\/arhiva\/\"},{\"@type\":\"ListItem\",\"position\":2,\"name\":\"\u010cANAK: Priznao bih KOSOVO, a SAND\u017dAKU bih dao autonomiju\"}]},{\"@type\":\"WebSite\",\"@id\":\"https:\/\/sandzakpress.net\/arhiva\/#website\",\"url\":\"https:\/\/sandzakpress.net\/arhiva\/\",\"name\":\"Sand\u017eak PRESS\",\"description\":\"Prve elektronske novine u Sand\u017eaku\",\"publisher\":{\"@id\":\"https:\/\/sandzakpress.net\/arhiva\/#\/schema\/person\/6e72b67d6e51910a1117b3b483ba20bd\"},\"potentialAction\":[{\"@type\":\"SearchAction\",\"target\":{\"@type\":\"EntryPoint\",\"urlTemplate\":\"https:\/\/sandzakpress.net\/arhiva\/?s={search_term_string}\"},\"query-input\":{\"@type\":\"PropertyValueSpecification\",\"valueRequired\":true,\"valueName\":\"search_term_string\"}}],\"inLanguage\":\"bs-BA\"},{\"@type\":[\"Person\",\"Organization\"],\"@id\":\"https:\/\/sandzakpress.net\/arhiva\/#\/schema\/person\/6e72b67d6e51910a1117b3b483ba20bd\",\"name\":\"Kul\",\"image\":{\"@type\":\"ImageObject\",\"inLanguage\":\"bs-BA\",\"@id\":\"https:\/\/sandzakpress.net\/arhiva\/#\/schema\/person\/image\/\",\"url\":\"https:\/\/secure.gravatar.com\/avatar\/42263f39aa27ac04c43cab85c280eb2e?s=96&d=mm&r=pg\",\"contentUrl\":\"https:\/\/secure.gravatar.com\/avatar\/42263f39aa27ac04c43cab85c280eb2e?s=96&d=mm&r=pg\",\"caption\":\"Kul\"},\"logo\":{\"@id\":\"https:\/\/sandzakpress.net\/arhiva\/#\/schema\/person\/image\/\"}},{\"@type\":\"Person\",\"@id\":\"https:\/\/sandzakpress.net\/arhiva\/#\/schema\/person\/cb59d7e3ab91ab90dd680ad0305a6185\",\"name\":\"Agencija\",\"image\":{\"@type\":\"ImageObject\",\"inLanguage\":\"bs-BA\",\"@id\":\"https:\/\/sandzakpress.net\/arhiva\/#\/schema\/person\/image\/\",\"url\":\"https:\/\/secure.gravatar.com\/avatar\/4b7fafa80a22f0c2afe23966b3961fe0?s=96&d=mm&r=pg\",\"contentUrl\":\"https:\/\/secure.gravatar.com\/avatar\/4b7fafa80a22f0c2afe23966b3961fe0?s=96&d=mm&r=pg\",\"caption\":\"Agencija\"},\"url\":\"https:\/\/sandzakpress.net\/arhiva\/author\/agencija\/\"}]}<\/script>\n<!-- \/ Yoast SEO Premium plugin. -->","yoast_head_json":{"title":"\u010cANAK: Priznao bih KOSOVO, a SAND\u017dAKU bih dao autonomiju","robots":{"index":"index","follow":"follow","max-snippet":"max-snippet:-1","max-image-preview":"max-image-preview:large","max-video-preview":"max-video-preview:-1"},"canonical":"https:\/\/sandzakpress.net\/arhiva\/canak-priznao-bih-kosovo-a-sandzaku-bih-dao-autonomiju\/","og_locale":"bs_BA","og_type":"article","og_title":"\u010cANAK: Priznao bih KOSOVO, a SAND\u017dAKU bih dao autonomiju","og_description":"Srbija, Kosovo, Sand\u017eak &#8211; Predsjedni\u010dki kandidat na izborima u Srbiji Nenad \u010canak osudio je optu\u017ebe iz SNS upu\u0107ene Nata\u0161i Jeremi\u0107 i dodao da na to mora da se reaguje sudski. Rekao bi da bi priznao nezavisnost Kosova u ime budu\u0107nosti \u010ditavog regiona: \u201cNe priznati fakticitet je \u017eivjeti u zabludi\u201d. Ocijenio je da dobar dio kandidata [&hellip;]","og_url":"https:\/\/sandzakpress.net\/arhiva\/canak-priznao-bih-kosovo-a-sandzaku-bih-dao-autonomiju\/","og_site_name":"Sand\u017eak PRESS","article_published_time":"2017-03-22T08:25:38+00:00","og_image":[{"width":500,"height":282,"url":"https:\/\/sandzakpress.net\/arhiva\/wp-content\/uploads\/2017\/03\/Canak-500x282.jpg","type":"image\/jpeg"}],"author":"Agencija","twitter_card":"summary_large_image","twitter_misc":{"Written by":"Agencija","Est. reading time":"6 minuta"},"schema":{"@context":"https:\/\/schema.org","@graph":[{"@type":"Article","@id":"https:\/\/sandzakpress.net\/arhiva\/canak-priznao-bih-kosovo-a-sandzaku-bih-dao-autonomiju\/#article","isPartOf":{"@id":"https:\/\/sandzakpress.net\/arhiva\/canak-priznao-bih-kosovo-a-sandzaku-bih-dao-autonomiju\/"},"author":{"name":"Agencija","@id":"https:\/\/sandzakpress.net\/arhiva\/#\/schema\/person\/cb59d7e3ab91ab90dd680ad0305a6185"},"headline":"\u010cANAK: Priznao bih KOSOVO, a SAND\u017dAKU bih dao autonomiju","datePublished":"2017-03-22T08:25:38+00:00","mainEntityOfPage":{"@id":"https:\/\/sandzakpress.net\/arhiva\/canak-priznao-bih-kosovo-a-sandzaku-bih-dao-autonomiju\/"},"wordCount":1127,"commentCount":22,"publisher":{"@id":"https:\/\/sandzakpress.net\/arhiva\/#\/schema\/person\/6e72b67d6e51910a1117b3b483ba20bd"},"image":{"@id":"https:\/\/sandzakpress.net\/arhiva\/canak-priznao-bih-kosovo-a-sandzaku-bih-dao-autonomiju\/#primaryimage"},"thumbnailUrl":"https:\/\/sandzakpress.net\/arhiva\/wp-content\/uploads\/2017\/03\/Canak-500x282.jpg","keywords":["Autonomija Sand\u017eaka"],"articleSection":["Politika","Kosovo","Srbija","VIJESTI DANA","NAJNOVIJE","Sand\u017eak"],"inLanguage":"bs-BA","potentialAction":[{"@type":"CommentAction","name":"Comment","target":["https:\/\/sandzakpress.net\/arhiva\/canak-priznao-bih-kosovo-a-sandzaku-bih-dao-autonomiju\/#respond"]}]},{"@type":"WebPage","@id":"https:\/\/sandzakpress.net\/arhiva\/canak-priznao-bih-kosovo-a-sandzaku-bih-dao-autonomiju\/","url":"https:\/\/sandzakpress.net\/arhiva\/canak-priznao-bih-kosovo-a-sandzaku-bih-dao-autonomiju\/","name":"\u010cANAK: Priznao bih KOSOVO, a SAND\u017dAKU bih dao autonomiju","isPartOf":{"@id":"https:\/\/sandzakpress.net\/arhiva\/#website"},"primaryImageOfPage":{"@id":"https:\/\/sandzakpress.net\/arhiva\/canak-priznao-bih-kosovo-a-sandzaku-bih-dao-autonomiju\/#primaryimage"},"image":{"@id":"https:\/\/sandzakpress.net\/arhiva\/canak-priznao-bih-kosovo-a-sandzaku-bih-dao-autonomiju\/#primaryimage"},"thumbnailUrl":"https:\/\/sandzakpress.net\/arhiva\/wp-content\/uploads\/2017\/03\/Canak-500x282.jpg","datePublished":"2017-03-22T08:25:38+00:00","breadcrumb":{"@id":"https:\/\/sandzakpress.net\/arhiva\/canak-priznao-bih-kosovo-a-sandzaku-bih-dao-autonomiju\/#breadcrumb"},"inLanguage":"bs-BA","potentialAction":[{"@type":"ReadAction","target":["https:\/\/sandzakpress.net\/arhiva\/canak-priznao-bih-kosovo-a-sandzaku-bih-dao-autonomiju\/"]}]},{"@type":"ImageObject","inLanguage":"bs-BA","@id":"https:\/\/sandzakpress.net\/arhiva\/canak-priznao-bih-kosovo-a-sandzaku-bih-dao-autonomiju\/#primaryimage","url":"https:\/\/sandzakpress.net\/arhiva\/wp-content\/uploads\/2017\/03\/Canak-500x282.jpg","contentUrl":"https:\/\/sandzakpress.net\/arhiva\/wp-content\/uploads\/2017\/03\/Canak-500x282.jpg","width":500,"height":282},{"@type":"BreadcrumbList","@id":"https:\/\/sandzakpress.net\/arhiva\/canak-priznao-bih-kosovo-a-sandzaku-bih-dao-autonomiju\/#breadcrumb","itemListElement":[{"@type":"ListItem","position":1,"name":"Home","item":"https:\/\/sandzakpress.net\/arhiva\/"},{"@type":"ListItem","position":2,"name":"\u010cANAK: Priznao bih KOSOVO, a SAND\u017dAKU bih dao autonomiju"}]},{"@type":"WebSite","@id":"https:\/\/sandzakpress.net\/arhiva\/#website","url":"https:\/\/sandzakpress.net\/arhiva\/","name":"Sand\u017eak PRESS","description":"Prve elektronske novine u Sand\u017eaku","publisher":{"@id":"https:\/\/sandzakpress.net\/arhiva\/#\/schema\/person\/6e72b67d6e51910a1117b3b483ba20bd"},"potentialAction":[{"@type":"SearchAction","target":{"@type":"EntryPoint","urlTemplate":"https:\/\/sandzakpress.net\/arhiva\/?s={search_term_string}"},"query-input":{"@type":"PropertyValueSpecification","valueRequired":true,"valueName":"search_term_string"}}],"inLanguage":"bs-BA"},{"@type":["Person","Organization"],"@id":"https:\/\/sandzakpress.net\/arhiva\/#\/schema\/person\/6e72b67d6e51910a1117b3b483ba20bd","name":"Kul","image":{"@type":"ImageObject","inLanguage":"bs-BA","@id":"https:\/\/sandzakpress.net\/arhiva\/#\/schema\/person\/image\/","url":"https:\/\/secure.gravatar.com\/avatar\/42263f39aa27ac04c43cab85c280eb2e?s=96&d=mm&r=pg","contentUrl":"https:\/\/secure.gravatar.com\/avatar\/42263f39aa27ac04c43cab85c280eb2e?s=96&d=mm&r=pg","caption":"Kul"},"logo":{"@id":"https:\/\/sandzakpress.net\/arhiva\/#\/schema\/person\/image\/"}},{"@type":"Person","@id":"https:\/\/sandzakpress.net\/arhiva\/#\/schema\/person\/cb59d7e3ab91ab90dd680ad0305a6185","name":"Agencija","image":{"@type":"ImageObject","inLanguage":"bs-BA","@id":"https:\/\/sandzakpress.net\/arhiva\/#\/schema\/person\/image\/","url":"https:\/\/secure.gravatar.com\/avatar\/4b7fafa80a22f0c2afe23966b3961fe0?s=96&d=mm&r=pg","contentUrl":"https:\/\/secure.gravatar.com\/avatar\/4b7fafa80a22f0c2afe23966b3961fe0?s=96&d=mm&r=pg","caption":"Agencija"},"url":"https:\/\/sandzakpress.net\/arhiva\/author\/agencija\/"}]}},"_links":{"self":[{"href":"https:\/\/sandzakpress.net\/arhiva\/wp-json\/wp\/v2\/posts\/182620"}],"collection":[{"href":"https:\/\/sandzakpress.net\/arhiva\/wp-json\/wp\/v2\/posts"}],"about":[{"href":"https:\/\/sandzakpress.net\/arhiva\/wp-json\/wp\/v2\/types\/post"}],"author":[{"embeddable":true,"href":"https:\/\/sandzakpress.net\/arhiva\/wp-json\/wp\/v2\/users\/509"}],"replies":[{"embeddable":true,"href":"https:\/\/sandzakpress.net\/arhiva\/wp-json\/wp\/v2\/comments?post=182620"}],"version-history":[{"count":0,"href":"https:\/\/sandzakpress.net\/arhiva\/wp-json\/wp\/v2\/posts\/182620\/revisions"}],"wp:featuredmedia":[{"embeddable":true,"href":"https:\/\/sandzakpress.net\/arhiva\/wp-json\/wp\/v2\/media\/182621"}],"wp:attachment":[{"href":"https:\/\/sandzakpress.net\/arhiva\/wp-json\/wp\/v2\/media?parent=182620"}],"wp:term":[{"taxonomy":"category","embeddable":true,"href":"https:\/\/sandzakpress.net\/arhiva\/wp-json\/wp\/v2\/categories?post=182620"},{"taxonomy":"post_tag","embeddable":true,"href":"https:\/\/sandzakpress.net\/arhiva\/wp-json\/wp\/v2\/tags?post=182620"}],"curies":[{"name":"wp","href":"https:\/\/api.w.org\/{rel}","templated":true}]}}