{"id":18250,"date":"2011-08-02T15:47:08","date_gmt":"2011-08-02T13:47:08","guid":{"rendered":"https:\/\/sandzakpress.net\/arhiva\/?p=18250"},"modified":"2011-08-02T15:47:08","modified_gmt":"2011-08-02T13:47:08","slug":"autonomija-sandzaka-za-stabilnu-srbiju","status":"publish","type":"post","link":"https:\/\/sandzakpress.net\/arhiva\/autonomija-sandzaka-za-stabilnu-srbiju\/","title":{"rendered":"Autonomija Sand\u017eaka za stabilnu Srbiju"},"content":{"rendered":"<div dir=\"ltr\"><strong><a href=\"https:\/\/sandzakpress.net\/arhiva\/wp-content\/uploads\/2011\/08\/muamer-zukorlic.jpg\"><img loading=\"lazy\" decoding=\"async\" class=\"alignleft size-full wp-image-18251\" title=\"muamer-zukorlic\" src=\"https:\/\/sandzakpress.net\/arhiva\/wp-content\/uploads\/2011\/08\/muamer-zukorlic.jpg\" alt=\"\" width=\"190\" height=\"206\" \/><\/a>Bo\u0161nja\u010dko nacionalno vije\u0107e je formirano i ono funkcionira.\u00a0Ono \u0161to, na\u017ealost, prati formiranje BNV-a jest uporna opstrukcija predstavnika re\u017eima, a posebno nadle\u017enog Ministarstva za ljudska prava &#8211; rekao je Muamer Zukorli\u0107, glavni muftija Islamske zajednice u Srbiji, u razgovoru za &#8220;Pravdu&#8221;. <\/strong><\/div>\n<div dir=\"ltr\"><\/div>\n<div dir=\"ltr\">&#8211; Imali smo pozitivnu najavu da bi moglo do\u0107i do nekog raspleta poslije smjene ministra Svetozara \u010cipli\u0107a.\u00a0\u010cinjenica da re\u017eim priznaje Vije\u0107e koje je u\u0161lo u devetu godinu mandata na \u010delu sa Sulejmanom Ugljaninom govori da ne postoji zakon koji ne\u0107e prekr\u0161iti, samo s ciljem da odr\u017ee svoje re\u017eimske suradnike na pozicijama u Sand\u017eaku ili u Beogradu.\u00a0To samo potvr\u0111uje da je sva na\u0161a retorika i sve ono \u0161to smo govorili blaga verzija stvarnosti u kojoj re\u017eim kr\u0161i ljudska prava.<\/div>\n<div dir=\"ltr\"><\/div>\n<div dir=\"ltr\"><strong>Za\u0161to mislite da vlast u Beogradu ima namjeru kontrolirati BNV? <\/strong><\/div>\n<div dir=\"ltr\"><strong><br \/>\n<\/strong><\/div>\n<div dir=\"ltr\">&#8211; Oni \u017eele na \u010delu Vije\u0107a ili u ve\u0107ini budu ljudi koji spadaju u red re\u017eimskih suradnika, a me\u0111u njima Ugljanin i Rasim Ljaji\u0107.\u00a0To je isti onaj scenarij koji je nekada kori\u0161ten na Kosovu.\u00a0Nijedan scenarij ne mo\u017ee im osigurati pobjedu u Sand\u017eaku.\u00a0Sredstva iz Prora\u010duna koja su predvi\u0111ena za rad BNV-a pripadaju Bo\u0161njacima.\u00a0Sada se tim sredstvima financirati re\u017eimski suradnici kroz to ve\u0107e, koje oni zovu tehni\u010dki saziv.\u00a0To govori da je pona\u0161anje re\u017eima prema nama brutalno.<\/div>\n<div dir=\"ltr\">\n<strong>Nedavno ste se sastali s predstavnicima Veleposlanstva SAD.\u00a0O \u010demu ste razgovarali? <\/strong><\/div>\n<div dir=\"ltr\">\n&#8211; To su uobi\u010dajeni razgovori koji nemaju nikakav epilog, jer to nisu diplomate koje mogu dati neke odgovore.\u00a0Tu nema ni\u0161ta neuobi\u010dajeno, niti posebno bitno da se istakne.<\/div>\n<div dir=\"ltr\">\n<strong>Posjetili ste i Saudijsku Arabiju.\u00a0Da li ste tamo napravili neke dogovore? <\/strong><\/div>\n<div dir=\"ltr\">\n&#8211; Bio sam na jednom od najve\u0107ih doga\u0111aja za Islam i muslimane &#8211; na konferenciji najve\u0107eg koordinacionog tijela muslimana u svijetu, gdje su bile zastupljene gotovo sve islamske zajednice cijelog svijeta.\u00a0Tema je bila &#8220;Islamski svijet, problemi i rje\u0161enja&#8221;.\u00a0Imao sam brojne sastanke u svom petodnevnom boravku.\u00a0Tu je bio veliki broj sponzora skupa, politike, znanosti, biznismena.\u00a0Oni su zainteresirani za financiranje i investicije na ovom prostoru.\u00a0Me\u0111utim, ono \u0161to oni podvla\u010de jeste to da ih brine korupcija, lo\u0161a vlast i ka\u017eu: ukoliko biste imali po\u0161tenu vlast, mi bismo do\u0161li investirati.\u00a0Nakon \u0161to narod smjeni vlast Rasima Ljaji\u0107a i Sulejmana Ugljanina, vjerujem da \u0107e investicije vrlo brzo do\u0107i.<\/div>\n<div dir=\"ltr\">\n<strong>Koja je uloga Islamskog kulturnog centra koji formirate? <\/strong><\/div>\n<div dir=\"ltr\">\n&#8211; U subotu smo imali sve\u010danost povodom osnutka Islamskog kulturnog centra, ali i istovremeno ponovnog otvaranja restaurirane Altun-alem d\u017eamije.\u00a0To je jedan konkretan korak prema nastupaju\u0107em ramazanu u mjesecu posta.\u00a0Islamski kulturni centar je institucija koja je nedostajala islamskoj kulturnoj zajednici.\u00a0U okviru Islamskog centra prima\u0107e i turiste kako bi se upoznali s na\u0161om kulturom.<\/div>\n<div dir=\"ltr\">\n<strong>\u0160to je s BANU? <\/strong><\/div>\n<div dir=\"ltr\">\n&#8211; Predali smo dokumentaciju za registraciju BANU, ali ona ve\u0107 funkcionira.\u00a0Postoji komunikacija me\u0111u osniva\u010dima, i sada je u fazi osnivanje &#8220;Glasnika BANU&#8221;, kao slu\u017ebenog \u010dasopisa Akademije.\u00a0U rujnu treba biti inauguracija osniva\u010da Akademije, koja \u0107e se odr\u017eati u Sarajevu.<\/div>\n<div dir=\"ltr\"><\/div>\n<div dir=\"ltr\"><strong>Ho\u0107e li do\u0107i do ujedinjenja Islamske zajednice u Srbiji i Islamske zajednice Srbije? <\/strong><\/div>\n<div dir=\"ltr\">\n&#8211; IZuS \u0107e biti jedinstvena kao \u0161to je bila i kroz povijest, iu to nemam nikakvu sumnju.\u00a0Cijepanje Islamske zajednice je politi\u010dki projekt i on \u0107e politi\u010dki biti rije\u0161en.\u00a0Onog trenutka kada budu pora\u017eene one politi\u010dke snage koje su formirale tu paralelnu zajednicu ili grupaciju, ona \u0107e potpuno izgubiti na smislu, pa \u0107e se sama od sebe i ugasiti.\u00a0Mi prihva\u0107amo svaki dogovor koji \u0107e dovesti do ga\u0161enja te paraverske tvorevine.\u00a0Politi\u010dka pobjeda autenti\u010dnih bo\u0161nja\u010dkih snaga je neophodna da bi do\u0161lo do dijaloga sa predstavnicima Beograda.<\/div>\n<div dir=\"ltr\">\n<strong>Da li planirate sudjelovanje na predstoje\u0107im parlamentarnim i lokalnim izborima? <\/strong><\/div>\n<div dir=\"ltr\">\n&#8211; Apsolutno ne, ja sam muftija.<\/div>\n<div dir=\"ltr\">\n<strong>Da li \u0107ete podr\u017eati neku stranku na izborima? <\/strong><\/div>\n<div dir=\"ltr\">\n&#8211; Mi \u0107emo podr\u017eati politi\u010dke snage koje \u0107e biti uz vlastiti narod.\u00a0Naredne izbore, kao Islamska zajednica, promatramo kao referendum.\u00a0Ti su izbori za nas povijesni va\u017eni, jer se rje\u0161ava pitanje Islamske zajednice, vakufske imovine, vjeronauka, BNV-a, Univerziteta, statusa naroda, slobode i dostojanstva.<\/div>\n<div dir=\"ltr\">\n<strong>Da li ste za suradnju s ostalim bo\u0161nja\u010dkim grupacijama, i sam Esad D\u017eud\u017eevi\u0107 je pozivao na jedinstvo? <\/strong><\/div>\n<div dir=\"ltr\"><\/div>\n<div dir=\"ltr\">&#8211; D\u017eud\u017eevi\u0107 za nas mo\u017ee biti ozbiljan partner samo ukoliko se ogradi od politike Sulejmana Ugljanina, koja je dovela do cijepanja Islamske zajednice, i ukoliko ozbiljno poka\u017ee da stoji uz koncept bo\u0161nja\u010dkih interesa.<\/div>\n<div dir=\"ltr\">\n<strong>Da li pitanje autonomije Sand\u017eaka mo\u017ee biti tema za suradnju? <\/strong><\/div>\n<div dir=\"ltr\">\n&#8211; Pitanje autonomije Sand\u017eaka je zahtjev koji vodi stabilizaciji iu Sand\u017eaku, ali iu Srbiji.\u00a0On vra\u0107a povjerenje izme\u0111u Bo\u0161njaka Sand\u017eaka i Srbije u cjelini, a posebno vlasti u Beogradu.\u00a0Besmisleno je govoriti o nekom otcjepljenju, ja govorim o stabilizaciji i rje\u0161avanju pitanja Bo\u0161njaka u okviru Srbije, a sve u okviru Ustava.<br \/>\nZil-ki-\u0107e-vi tri-ko-vi<\/div>\n<div dir=\"ltr\"><\/div>\n<div dir=\"ltr\"><strong>Jeste li za to da d\u017eamija u Sjenici ponese ime Alije Izetbegovi\u0107a, kako to predla\u017ee vo\u0111a Islamske zajednice Srbije Adem Zilki\u0107? <\/strong><\/div>\n<div dir=\"ltr\">\n&#8211; Sve su to jeftini politi\u010dki trikovi onih koji su oti\u0161li u Beograd i sa tih pozicija potcjenjuju vlastiti narod.\u00a0Principijelno ne bih imao ni\u0161ta protiv tog imena.\u00a0Imena d\u017eamijama uvijek su davali sa nekim povodom.\u00a0Kada bi to bila \u010disto \u017eelja vjernika, ja ne bih imao ni\u0161ta protiv.<\/div>\n<div dir=\"ltr\"><\/div>\n<div dir=\"ltr\">Izvor: <strong>Pravda.rs<\/strong><\/div>\n","protected":false},"excerpt":{"rendered":"<p>Bo\u0161nja\u010dko nacionalno vije\u0107e je formirano i ono funkcionira.\u00a0Ono \u0161to, na\u017ealost, prati formiranje BNV-a jest uporna opstrukcija predstavnika re\u017eima, a posebno nadle\u017enog Ministarstva za ljudska prava &#8211; rekao je Muamer Zukorli\u0107, glavni muftija Islamske zajednice u Srbiji, u razgovoru za &#8220;Pravdu&#8221;. &#8211; Imali smo pozitivnu najavu da bi moglo do\u0107i do nekog raspleta poslije smjene ministra [&hellip;]<\/p>\n","protected":false},"author":83,"featured_media":18251,"comment_status":"open","ping_status":"open","sticky":false,"template":"","format":"standard","meta":{"footnotes":""},"categories":[72,52,327,392,393,394],"tags":[],"class_list":{"0":"post-18250","1":"post","2":"type-post","3":"status-publish","4":"format-standard","5":"has-post-thumbnail","7":"category-novi-pazar","8":"category-sjenica","9":"category-tutin","10":"category-prijepolje_","11":"category-priboj","12":"category-nova-varos"},"yoast_head":"<!-- This site is optimized with the Yoast SEO Premium plugin v23.1 (Yoast SEO v24.9) - https:\/\/yoast.com\/wordpress\/plugins\/seo\/ -->\n<title>Autonomija Sand\u017eaka za stabilnu Srbiju<\/title>\n<meta name=\"robots\" content=\"index, follow, max-snippet:-1, max-image-preview:large, max-video-preview:-1\" \/>\n<link rel=\"canonical\" href=\"https:\/\/sandzakpress.net\/arhiva\/autonomija-sandzaka-za-stabilnu-srbiju\/\" \/>\n<meta property=\"og:locale\" content=\"bs_BA\" \/>\n<meta property=\"og:type\" content=\"article\" \/>\n<meta property=\"og:title\" content=\"Autonomija Sand\u017eaka za stabilnu Srbiju\" \/>\n<meta property=\"og:description\" content=\"Bo\u0161nja\u010dko nacionalno vije\u0107e je formirano i ono funkcionira.\u00a0Ono \u0161to, na\u017ealost, prati formiranje BNV-a jest uporna opstrukcija predstavnika re\u017eima, a posebno nadle\u017enog Ministarstva za ljudska prava &#8211; rekao je Muamer Zukorli\u0107, glavni muftija Islamske zajednice u Srbiji, u razgovoru za &#8220;Pravdu&#8221;. &#8211; Imali smo pozitivnu najavu da bi moglo do\u0107i do nekog raspleta poslije smjene ministra [&hellip;]\" \/>\n<meta property=\"og:url\" content=\"https:\/\/sandzakpress.net\/arhiva\/autonomija-sandzaka-za-stabilnu-srbiju\/\" \/>\n<meta property=\"og:site_name\" content=\"Sand\u017eak PRESS\" \/>\n<meta property=\"article:published_time\" content=\"2011-08-02T13:47:08+00:00\" \/>\n<meta property=\"og:image\" content=\"https:\/\/sandzakpress.net\/arhiva\/wp-content\/uploads\/2011\/08\/muamer-zukorlic.jpg\" \/>\n\t<meta property=\"og:image:width\" content=\"190\" \/>\n\t<meta property=\"og:image:height\" content=\"206\" \/>\n\t<meta property=\"og:image:type\" content=\"image\/jpeg\" \/>\n<meta name=\"author\" content=\"bosniak\" \/>\n<meta name=\"twitter:card\" content=\"summary_large_image\" \/>\n<meta name=\"twitter:label1\" content=\"Written by\" \/>\n\t<meta name=\"twitter:data1\" content=\"bosniak\" \/>\n\t<meta name=\"twitter:label2\" content=\"Est. reading time\" \/>\n\t<meta name=\"twitter:data2\" content=\"5 minuta\" \/>\n<script type=\"application\/ld+json\" class=\"yoast-schema-graph\">{\"@context\":\"https:\/\/schema.org\",\"@graph\":[{\"@type\":\"Article\",\"@id\":\"https:\/\/sandzakpress.net\/arhiva\/autonomija-sandzaka-za-stabilnu-srbiju\/#article\",\"isPartOf\":{\"@id\":\"https:\/\/sandzakpress.net\/arhiva\/autonomija-sandzaka-za-stabilnu-srbiju\/\"},\"author\":{\"name\":\"bosniak\",\"@id\":\"https:\/\/sandzakpress.net\/arhiva\/#\/schema\/person\/c8baee722073534b583ea7bdb2e36c02\"},\"headline\":\"Autonomija Sand\u017eaka za stabilnu Srbiju\",\"datePublished\":\"2011-08-02T13:47:08+00:00\",\"mainEntityOfPage\":{\"@id\":\"https:\/\/sandzakpress.net\/arhiva\/autonomija-sandzaka-za-stabilnu-srbiju\/\"},\"wordCount\":946,\"commentCount\":8,\"publisher\":{\"@id\":\"https:\/\/sandzakpress.net\/arhiva\/#\/schema\/person\/6e72b67d6e51910a1117b3b483ba20bd\"},\"image\":{\"@id\":\"https:\/\/sandzakpress.net\/arhiva\/autonomija-sandzaka-za-stabilnu-srbiju\/#primaryimage\"},\"thumbnailUrl\":\"https:\/\/sandzakpress.net\/arhiva\/wp-content\/uploads\/2011\/08\/muamer-zukorlic.jpg\",\"articleSection\":[\"Novi Pazar\",\"Sjenica\",\"Tutin\",\"Prijepolje\",\"Priboj\",\"Nova Varo\u0161\"],\"inLanguage\":\"bs-BA\",\"potentialAction\":[{\"@type\":\"CommentAction\",\"name\":\"Comment\",\"target\":[\"https:\/\/sandzakpress.net\/arhiva\/autonomija-sandzaka-za-stabilnu-srbiju\/#respond\"]}]},{\"@type\":\"WebPage\",\"@id\":\"https:\/\/sandzakpress.net\/arhiva\/autonomija-sandzaka-za-stabilnu-srbiju\/\",\"url\":\"https:\/\/sandzakpress.net\/arhiva\/autonomija-sandzaka-za-stabilnu-srbiju\/\",\"name\":\"Autonomija Sand\u017eaka za stabilnu Srbiju\",\"isPartOf\":{\"@id\":\"https:\/\/sandzakpress.net\/arhiva\/#website\"},\"primaryImageOfPage\":{\"@id\":\"https:\/\/sandzakpress.net\/arhiva\/autonomija-sandzaka-za-stabilnu-srbiju\/#primaryimage\"},\"image\":{\"@id\":\"https:\/\/sandzakpress.net\/arhiva\/autonomija-sandzaka-za-stabilnu-srbiju\/#primaryimage\"},\"thumbnailUrl\":\"https:\/\/sandzakpress.net\/arhiva\/wp-content\/uploads\/2011\/08\/muamer-zukorlic.jpg\",\"datePublished\":\"2011-08-02T13:47:08+00:00\",\"breadcrumb\":{\"@id\":\"https:\/\/sandzakpress.net\/arhiva\/autonomija-sandzaka-za-stabilnu-srbiju\/#breadcrumb\"},\"inLanguage\":\"bs-BA\",\"potentialAction\":[{\"@type\":\"ReadAction\",\"target\":[\"https:\/\/sandzakpress.net\/arhiva\/autonomija-sandzaka-za-stabilnu-srbiju\/\"]}]},{\"@type\":\"ImageObject\",\"inLanguage\":\"bs-BA\",\"@id\":\"https:\/\/sandzakpress.net\/arhiva\/autonomija-sandzaka-za-stabilnu-srbiju\/#primaryimage\",\"url\":\"https:\/\/sandzakpress.net\/arhiva\/wp-content\/uploads\/2011\/08\/muamer-zukorlic.jpg\",\"contentUrl\":\"https:\/\/sandzakpress.net\/arhiva\/wp-content\/uploads\/2011\/08\/muamer-zukorlic.jpg\",\"width\":190,\"height\":206},{\"@type\":\"BreadcrumbList\",\"@id\":\"https:\/\/sandzakpress.net\/arhiva\/autonomija-sandzaka-za-stabilnu-srbiju\/#breadcrumb\",\"itemListElement\":[{\"@type\":\"ListItem\",\"position\":1,\"name\":\"Home\",\"item\":\"https:\/\/sandzakpress.net\/arhiva\/\"},{\"@type\":\"ListItem\",\"position\":2,\"name\":\"Autonomija Sand\u017eaka za stabilnu Srbiju\"}]},{\"@type\":\"WebSite\",\"@id\":\"https:\/\/sandzakpress.net\/arhiva\/#website\",\"url\":\"https:\/\/sandzakpress.net\/arhiva\/\",\"name\":\"Sand\u017eak PRESS\",\"description\":\"Prve elektronske novine u Sand\u017eaku\",\"publisher\":{\"@id\":\"https:\/\/sandzakpress.net\/arhiva\/#\/schema\/person\/6e72b67d6e51910a1117b3b483ba20bd\"},\"potentialAction\":[{\"@type\":\"SearchAction\",\"target\":{\"@type\":\"EntryPoint\",\"urlTemplate\":\"https:\/\/sandzakpress.net\/arhiva\/?s={search_term_string}\"},\"query-input\":{\"@type\":\"PropertyValueSpecification\",\"valueRequired\":true,\"valueName\":\"search_term_string\"}}],\"inLanguage\":\"bs-BA\"},{\"@type\":[\"Person\",\"Organization\"],\"@id\":\"https:\/\/sandzakpress.net\/arhiva\/#\/schema\/person\/6e72b67d6e51910a1117b3b483ba20bd\",\"name\":\"Kul\",\"image\":{\"@type\":\"ImageObject\",\"inLanguage\":\"bs-BA\",\"@id\":\"https:\/\/sandzakpress.net\/arhiva\/#\/schema\/person\/image\/\",\"url\":\"https:\/\/secure.gravatar.com\/avatar\/42263f39aa27ac04c43cab85c280eb2e?s=96&d=mm&r=pg\",\"contentUrl\":\"https:\/\/secure.gravatar.com\/avatar\/42263f39aa27ac04c43cab85c280eb2e?s=96&d=mm&r=pg\",\"caption\":\"Kul\"},\"logo\":{\"@id\":\"https:\/\/sandzakpress.net\/arhiva\/#\/schema\/person\/image\/\"}},{\"@type\":\"Person\",\"@id\":\"https:\/\/sandzakpress.net\/arhiva\/#\/schema\/person\/c8baee722073534b583ea7bdb2e36c02\",\"name\":\"bosniak\",\"image\":{\"@type\":\"ImageObject\",\"inLanguage\":\"bs-BA\",\"@id\":\"https:\/\/sandzakpress.net\/arhiva\/#\/schema\/person\/image\/\",\"url\":\"https:\/\/secure.gravatar.com\/avatar\/a04fd330bfe3a36a72a0ad4a6d89fca7?s=96&d=mm&r=pg\",\"contentUrl\":\"https:\/\/secure.gravatar.com\/avatar\/a04fd330bfe3a36a72a0ad4a6d89fca7?s=96&d=mm&r=pg\",\"caption\":\"bosniak\"},\"url\":\"https:\/\/sandzakpress.net\/arhiva\/author\/bosniak\/\"}]}<\/script>\n<!-- \/ Yoast SEO Premium plugin. -->","yoast_head_json":{"title":"Autonomija Sand\u017eaka za stabilnu Srbiju","robots":{"index":"index","follow":"follow","max-snippet":"max-snippet:-1","max-image-preview":"max-image-preview:large","max-video-preview":"max-video-preview:-1"},"canonical":"https:\/\/sandzakpress.net\/arhiva\/autonomija-sandzaka-za-stabilnu-srbiju\/","og_locale":"bs_BA","og_type":"article","og_title":"Autonomija Sand\u017eaka za stabilnu Srbiju","og_description":"Bo\u0161nja\u010dko nacionalno vije\u0107e je formirano i ono funkcionira.\u00a0Ono \u0161to, na\u017ealost, prati formiranje BNV-a jest uporna opstrukcija predstavnika re\u017eima, a posebno nadle\u017enog Ministarstva za ljudska prava &#8211; rekao je Muamer Zukorli\u0107, glavni muftija Islamske zajednice u Srbiji, u razgovoru za &#8220;Pravdu&#8221;. &#8211; Imali smo pozitivnu najavu da bi moglo do\u0107i do nekog raspleta poslije smjene ministra [&hellip;]","og_url":"https:\/\/sandzakpress.net\/arhiva\/autonomija-sandzaka-za-stabilnu-srbiju\/","og_site_name":"Sand\u017eak PRESS","article_published_time":"2011-08-02T13:47:08+00:00","og_image":[{"width":190,"height":206,"url":"https:\/\/sandzakpress.net\/arhiva\/wp-content\/uploads\/2011\/08\/muamer-zukorlic.jpg","type":"image\/jpeg"}],"author":"bosniak","twitter_card":"summary_large_image","twitter_misc":{"Written by":"bosniak","Est. reading time":"5 minuta"},"schema":{"@context":"https:\/\/schema.org","@graph":[{"@type":"Article","@id":"https:\/\/sandzakpress.net\/arhiva\/autonomija-sandzaka-za-stabilnu-srbiju\/#article","isPartOf":{"@id":"https:\/\/sandzakpress.net\/arhiva\/autonomija-sandzaka-za-stabilnu-srbiju\/"},"author":{"name":"bosniak","@id":"https:\/\/sandzakpress.net\/arhiva\/#\/schema\/person\/c8baee722073534b583ea7bdb2e36c02"},"headline":"Autonomija Sand\u017eaka za stabilnu Srbiju","datePublished":"2011-08-02T13:47:08+00:00","mainEntityOfPage":{"@id":"https:\/\/sandzakpress.net\/arhiva\/autonomija-sandzaka-za-stabilnu-srbiju\/"},"wordCount":946,"commentCount":8,"publisher":{"@id":"https:\/\/sandzakpress.net\/arhiva\/#\/schema\/person\/6e72b67d6e51910a1117b3b483ba20bd"},"image":{"@id":"https:\/\/sandzakpress.net\/arhiva\/autonomija-sandzaka-za-stabilnu-srbiju\/#primaryimage"},"thumbnailUrl":"https:\/\/sandzakpress.net\/arhiva\/wp-content\/uploads\/2011\/08\/muamer-zukorlic.jpg","articleSection":["Novi Pazar","Sjenica","Tutin","Prijepolje","Priboj","Nova Varo\u0161"],"inLanguage":"bs-BA","potentialAction":[{"@type":"CommentAction","name":"Comment","target":["https:\/\/sandzakpress.net\/arhiva\/autonomija-sandzaka-za-stabilnu-srbiju\/#respond"]}]},{"@type":"WebPage","@id":"https:\/\/sandzakpress.net\/arhiva\/autonomija-sandzaka-za-stabilnu-srbiju\/","url":"https:\/\/sandzakpress.net\/arhiva\/autonomija-sandzaka-za-stabilnu-srbiju\/","name":"Autonomija Sand\u017eaka za stabilnu Srbiju","isPartOf":{"@id":"https:\/\/sandzakpress.net\/arhiva\/#website"},"primaryImageOfPage":{"@id":"https:\/\/sandzakpress.net\/arhiva\/autonomija-sandzaka-za-stabilnu-srbiju\/#primaryimage"},"image":{"@id":"https:\/\/sandzakpress.net\/arhiva\/autonomija-sandzaka-za-stabilnu-srbiju\/#primaryimage"},"thumbnailUrl":"https:\/\/sandzakpress.net\/arhiva\/wp-content\/uploads\/2011\/08\/muamer-zukorlic.jpg","datePublished":"2011-08-02T13:47:08+00:00","breadcrumb":{"@id":"https:\/\/sandzakpress.net\/arhiva\/autonomija-sandzaka-za-stabilnu-srbiju\/#breadcrumb"},"inLanguage":"bs-BA","potentialAction":[{"@type":"ReadAction","target":["https:\/\/sandzakpress.net\/arhiva\/autonomija-sandzaka-za-stabilnu-srbiju\/"]}]},{"@type":"ImageObject","inLanguage":"bs-BA","@id":"https:\/\/sandzakpress.net\/arhiva\/autonomija-sandzaka-za-stabilnu-srbiju\/#primaryimage","url":"https:\/\/sandzakpress.net\/arhiva\/wp-content\/uploads\/2011\/08\/muamer-zukorlic.jpg","contentUrl":"https:\/\/sandzakpress.net\/arhiva\/wp-content\/uploads\/2011\/08\/muamer-zukorlic.jpg","width":190,"height":206},{"@type":"BreadcrumbList","@id":"https:\/\/sandzakpress.net\/arhiva\/autonomija-sandzaka-za-stabilnu-srbiju\/#breadcrumb","itemListElement":[{"@type":"ListItem","position":1,"name":"Home","item":"https:\/\/sandzakpress.net\/arhiva\/"},{"@type":"ListItem","position":2,"name":"Autonomija Sand\u017eaka za stabilnu Srbiju"}]},{"@type":"WebSite","@id":"https:\/\/sandzakpress.net\/arhiva\/#website","url":"https:\/\/sandzakpress.net\/arhiva\/","name":"Sand\u017eak PRESS","description":"Prve elektronske novine u Sand\u017eaku","publisher":{"@id":"https:\/\/sandzakpress.net\/arhiva\/#\/schema\/person\/6e72b67d6e51910a1117b3b483ba20bd"},"potentialAction":[{"@type":"SearchAction","target":{"@type":"EntryPoint","urlTemplate":"https:\/\/sandzakpress.net\/arhiva\/?s={search_term_string}"},"query-input":{"@type":"PropertyValueSpecification","valueRequired":true,"valueName":"search_term_string"}}],"inLanguage":"bs-BA"},{"@type":["Person","Organization"],"@id":"https:\/\/sandzakpress.net\/arhiva\/#\/schema\/person\/6e72b67d6e51910a1117b3b483ba20bd","name":"Kul","image":{"@type":"ImageObject","inLanguage":"bs-BA","@id":"https:\/\/sandzakpress.net\/arhiva\/#\/schema\/person\/image\/","url":"https:\/\/secure.gravatar.com\/avatar\/42263f39aa27ac04c43cab85c280eb2e?s=96&d=mm&r=pg","contentUrl":"https:\/\/secure.gravatar.com\/avatar\/42263f39aa27ac04c43cab85c280eb2e?s=96&d=mm&r=pg","caption":"Kul"},"logo":{"@id":"https:\/\/sandzakpress.net\/arhiva\/#\/schema\/person\/image\/"}},{"@type":"Person","@id":"https:\/\/sandzakpress.net\/arhiva\/#\/schema\/person\/c8baee722073534b583ea7bdb2e36c02","name":"bosniak","image":{"@type":"ImageObject","inLanguage":"bs-BA","@id":"https:\/\/sandzakpress.net\/arhiva\/#\/schema\/person\/image\/","url":"https:\/\/secure.gravatar.com\/avatar\/a04fd330bfe3a36a72a0ad4a6d89fca7?s=96&d=mm&r=pg","contentUrl":"https:\/\/secure.gravatar.com\/avatar\/a04fd330bfe3a36a72a0ad4a6d89fca7?s=96&d=mm&r=pg","caption":"bosniak"},"url":"https:\/\/sandzakpress.net\/arhiva\/author\/bosniak\/"}]}},"_links":{"self":[{"href":"https:\/\/sandzakpress.net\/arhiva\/wp-json\/wp\/v2\/posts\/18250"}],"collection":[{"href":"https:\/\/sandzakpress.net\/arhiva\/wp-json\/wp\/v2\/posts"}],"about":[{"href":"https:\/\/sandzakpress.net\/arhiva\/wp-json\/wp\/v2\/types\/post"}],"author":[{"embeddable":true,"href":"https:\/\/sandzakpress.net\/arhiva\/wp-json\/wp\/v2\/users\/83"}],"replies":[{"embeddable":true,"href":"https:\/\/sandzakpress.net\/arhiva\/wp-json\/wp\/v2\/comments?post=18250"}],"version-history":[{"count":0,"href":"https:\/\/sandzakpress.net\/arhiva\/wp-json\/wp\/v2\/posts\/18250\/revisions"}],"wp:featuredmedia":[{"embeddable":true,"href":"https:\/\/sandzakpress.net\/arhiva\/wp-json\/wp\/v2\/media\/18251"}],"wp:attachment":[{"href":"https:\/\/sandzakpress.net\/arhiva\/wp-json\/wp\/v2\/media?parent=18250"}],"wp:term":[{"taxonomy":"category","embeddable":true,"href":"https:\/\/sandzakpress.net\/arhiva\/wp-json\/wp\/v2\/categories?post=18250"},{"taxonomy":"post_tag","embeddable":true,"href":"https:\/\/sandzakpress.net\/arhiva\/wp-json\/wp\/v2\/tags?post=18250"}],"curies":[{"name":"wp","href":"https:\/\/api.w.org\/{rel}","templated":true}]}}