{"id":182487,"date":"2017-03-20T12:29:38","date_gmt":"2017-03-20T11:29:38","guid":{"rendered":"https:\/\/sandzakpress.net\/arhiva\/?p=182487"},"modified":"2017-03-20T12:29:38","modified_gmt":"2017-03-20T11:29:38","slug":"skupstina-prijepolje-odbornici-raspravljaju-o-planovima-rada-preduzeca-i-ustanova","status":"publish","type":"post","link":"https:\/\/sandzakpress.net\/arhiva\/skupstina-prijepolje-odbornici-raspravljaju-o-planovima-rada-preduzeca-i-ustanova\/","title":{"rendered":"Skup\u0161tina Prijepolje \u2013 Odbornici raspravljaju o planovima rada preduze\u0107a i ustanova"},"content":{"rendered":"<p><img decoding=\"async\" src=\"http:\/\/sanapress.info\/wp-content\/uploads\/2017\/03\/1-5.jpg\" \/><\/p>\n<p><strong>U Prijepolju se odr\u017eava sedma skup\u0161tina grada. Odbornici Skup\u0161tine op\u0161tine Prijepolje \u0107e na sjednici razmatrati prijedlog rje\u0161enja o obrazovanju.<\/strong><\/p>\n<p>Na dnevnom redu \u0107e se na\u0107i prijedlog programa za\u0161tite, ure\u0111enja i kori\u0161\u0107enja poljoprivrednog zemlji\u0161ta op\u0161tine za ovu godinu, zatim programi poslovanja Javno komunalnog preduze\u0107a \u201cLim\u201d, muzeja, biblioteke \u201cVuk Karadzi\u0107\u201d, Doma kulture, Centra za socijalni rad, Turisti\u010dke organizacije, Doma zdravlja i Pred\u0161kolske ustanove \u201cMi\u0161a Cvijovi\u0107\u201d. Odbornici \u0107e razmatrati i plan i program rada Crvenog krsta, Centra za podr\u0161ku malim i srednjim preduze\u0107ima, Turisti\u010dke organizacije Regija zapadne Srbije i Op\u0161tinskog \u0161taba za vanredne situacije.<\/p>\n<p>Pred odbornicima \u0107e se na\u0107i izmjene i dopune odluke o osnivanju Turisti\u010dke organizacije Prijepolje, odluka o anga\u017eovanju revizora za obavljanje eksterne revizije zavr\u0161nog ra\u010duna bud\u017eeta op\u0161tine za 2016. godine, kao i prijedlog odluke o taksi prevozu.<\/p>\n<p>Sjednici prisustvuje 32 odbornika, tako da je ostvaren kvorum potreban za rad Skup\u0161tine.<\/p>\n<p>Gospodin Bahrija Beganovi\u0107 \u2013 Lutka komentari\u0161u\u0107i problem sme\u0107a, isti\u010de da je on naslije\u0111en i da je dugogodi\u0161nji. \u201cPo\u0161to niste ni\u0161ta uradili 12 godine, a sme\u0107e ste nam donijeli vi i ostavili, mi \u0107emo rije\u0161iti ovaj problem. Da li za mjesec dana, za godinu, dvije ili pet ne znam, ali \u0107emo rije\u0161iti, a vi batalite ove selja\u010dke bune, to vrijeme je pro\u0161lo\u201d, isti\u010de Beganovi\u0107.<\/p>\n<p>Komentari\u0161u\u0107i plan rada skup\u0161tine Prijepolje, gospodin Tandir je pohvalio sada\u0161nju vlast, navode\u0107i da se promjena ve\u0107 osje\u0107a.<\/p>\n<p>\u201cNije te\u0161ko biti bolji od prethodnog predsjednika koji je cijeli svoj mandat proveo da progoni odbornike opozicije, pogotovu Bo\u0161nja\u010dke demokratske zajednice, \u0161to je bio dokaz njegovog neprofesionalizma. Sada toga nema, vidite da je ujedna\u010dena zastupljenost za govornicom i predstavnika pozicije i opozicije. Ranije niste mogli vidjeti da bude opomenut ili sankcionisan predstavnik pozicije, sada to imate prilike vidjeti. Mo\u017eda se meni to \u010desto ne svi\u0111a, ali to je po pravdi i samo neka se nastavi tako. Mi \u0107emo podr\u017eati ovakav plan rada\u201d, navodi Tandir.<\/p>\n<p><img loading=\"lazy\" decoding=\"async\" class=\"alignnone size-full wp-image-29555\" src=\"http:\/\/sanapress.info\/wp-content\/uploads\/2017\/03\/2-5.jpg\" sizes=\"(max-width: 1280px) 100vw, 1280px\" srcset=\"http:\/\/sanapress.info\/wp-content\/uploads\/2017\/03\/2-5.jpg 1280w, http:\/\/sanapress.info\/wp-content\/uploads\/2017\/03\/2-5-300x225.jpg 300w, http:\/\/sanapress.info\/wp-content\/uploads\/2017\/03\/2-5-768x576.jpg 768w, http:\/\/sanapress.info\/wp-content\/uploads\/2017\/03\/2-5-1024x768.jpg 1024w\" alt=\"\" width=\"1280\" height=\"960\" \/><img loading=\"lazy\" decoding=\"async\" class=\"alignnone size-full wp-image-29556\" src=\"http:\/\/sanapress.info\/wp-content\/uploads\/2017\/03\/3-3.jpg\" sizes=\"(max-width: 1280px) 100vw, 1280px\" srcset=\"http:\/\/sanapress.info\/wp-content\/uploads\/2017\/03\/3-3.jpg 1280w, http:\/\/sanapress.info\/wp-content\/uploads\/2017\/03\/3-3-300x225.jpg 300w, http:\/\/sanapress.info\/wp-content\/uploads\/2017\/03\/3-3-768x576.jpg 768w, http:\/\/sanapress.info\/wp-content\/uploads\/2017\/03\/3-3-1024x768.jpg 1024w\" alt=\"\" width=\"1280\" height=\"960\" \/><\/p>\n<p>SANA<\/p>\n","protected":false},"excerpt":{"rendered":"<p>U Prijepolju se odr\u017eava sedma skup\u0161tina grada. Odbornici Skup\u0161tine op\u0161tine Prijepolje \u0107e na sjednici razmatrati prijedlog rje\u0161enja o obrazovanju. Na dnevnom redu \u0107e se na\u0107i prijedlog programa za\u0161tite, ure\u0111enja i kori\u0161\u0107enja poljoprivrednog zemlji\u0161ta op\u0161tine za ovu godinu, zatim programi poslovanja Javno komunalnog preduze\u0107a \u201cLim\u201d, muzeja, biblioteke \u201cVuk Karadzi\u0107\u201d, Doma kulture, Centra za socijalni rad, Turisti\u010dke [&hellip;]<\/p>\n","protected":false},"author":509,"featured_media":182493,"comment_status":"open","ping_status":"open","sticky":false,"template":"","format":"standard","meta":{"footnotes":""},"categories":[1,392,10429],"tags":[],"class_list":{"0":"post-182487","1":"post","2":"type-post","3":"status-publish","4":"format-standard","5":"has-post-thumbnail","7":"category-politika","8":"category-prijepolje_","9":"category-vazno"},"yoast_head":"<!-- This site is optimized with the Yoast SEO Premium plugin v23.1 (Yoast SEO v24.9) - https:\/\/yoast.com\/wordpress\/plugins\/seo\/ -->\n<title>Skup\u0161tina Prijepolje \u2013 Odbornici raspravljaju o planovima rada preduze\u0107a i ustanova<\/title>\n<meta name=\"robots\" content=\"index, follow, max-snippet:-1, max-image-preview:large, max-video-preview:-1\" \/>\n<link rel=\"canonical\" href=\"https:\/\/sandzakpress.net\/arhiva\/skupstina-prijepolje-odbornici-raspravljaju-o-planovima-rada-preduzeca-i-ustanova\/\" \/>\n<meta property=\"og:locale\" content=\"bs_BA\" \/>\n<meta property=\"og:type\" content=\"article\" \/>\n<meta property=\"og:title\" content=\"Skup\u0161tina Prijepolje \u2013 Odbornici raspravljaju o planovima rada preduze\u0107a i ustanova\" \/>\n<meta property=\"og:description\" content=\"U Prijepolju se odr\u017eava sedma skup\u0161tina grada. Odbornici Skup\u0161tine op\u0161tine Prijepolje \u0107e na sjednici razmatrati prijedlog rje\u0161enja o obrazovanju. Na dnevnom redu \u0107e se na\u0107i prijedlog programa za\u0161tite, ure\u0111enja i kori\u0161\u0107enja poljoprivrednog zemlji\u0161ta op\u0161tine za ovu godinu, zatim programi poslovanja Javno komunalnog preduze\u0107a \u201cLim\u201d, muzeja, biblioteke \u201cVuk Karadzi\u0107\u201d, Doma kulture, Centra za socijalni rad, Turisti\u010dke [&hellip;]\" \/>\n<meta property=\"og:url\" content=\"https:\/\/sandzakpress.net\/arhiva\/skupstina-prijepolje-odbornici-raspravljaju-o-planovima-rada-preduzeca-i-ustanova\/\" \/>\n<meta property=\"og:site_name\" content=\"Sand\u017eak PRESS\" \/>\n<meta property=\"article:published_time\" content=\"2017-03-20T11:29:38+00:00\" \/>\n<meta property=\"og:image\" content=\"https:\/\/sandzakpress.net\/arhiva\/wp-content\/uploads\/2017\/03\/1-5.jpg\" \/>\n\t<meta property=\"og:image:width\" content=\"1280\" \/>\n\t<meta property=\"og:image:height\" content=\"960\" \/>\n\t<meta property=\"og:image:type\" content=\"image\/jpeg\" \/>\n<meta name=\"author\" content=\"Agencija\" \/>\n<meta name=\"twitter:card\" content=\"summary_large_image\" \/>\n<meta name=\"twitter:label1\" content=\"Written by\" \/>\n\t<meta name=\"twitter:data1\" content=\"Agencija\" \/>\n\t<meta name=\"twitter:label2\" content=\"Est. reading time\" \/>\n\t<meta name=\"twitter:data2\" content=\"2 minute\" \/>\n<script type=\"application\/ld+json\" class=\"yoast-schema-graph\">{\"@context\":\"https:\/\/schema.org\",\"@graph\":[{\"@type\":\"Article\",\"@id\":\"https:\/\/sandzakpress.net\/arhiva\/skupstina-prijepolje-odbornici-raspravljaju-o-planovima-rada-preduzeca-i-ustanova\/#article\",\"isPartOf\":{\"@id\":\"https:\/\/sandzakpress.net\/arhiva\/skupstina-prijepolje-odbornici-raspravljaju-o-planovima-rada-preduzeca-i-ustanova\/\"},\"author\":{\"name\":\"Agencija\",\"@id\":\"https:\/\/sandzakpress.net\/arhiva\/#\/schema\/person\/cb59d7e3ab91ab90dd680ad0305a6185\"},\"headline\":\"Skup\u0161tina Prijepolje \u2013 Odbornici raspravljaju o planovima rada preduze\u0107a i ustanova\",\"datePublished\":\"2017-03-20T11:29:38+00:00\",\"mainEntityOfPage\":{\"@id\":\"https:\/\/sandzakpress.net\/arhiva\/skupstina-prijepolje-odbornici-raspravljaju-o-planovima-rada-preduzeca-i-ustanova\/\"},\"wordCount\":367,\"commentCount\":0,\"publisher\":{\"@id\":\"https:\/\/sandzakpress.net\/arhiva\/#\/schema\/person\/6e72b67d6e51910a1117b3b483ba20bd\"},\"image\":{\"@id\":\"https:\/\/sandzakpress.net\/arhiva\/skupstina-prijepolje-odbornici-raspravljaju-o-planovima-rada-preduzeca-i-ustanova\/#primaryimage\"},\"thumbnailUrl\":\"https:\/\/sandzakpress.net\/arhiva\/wp-content\/uploads\/2017\/03\/1-5.jpg\",\"articleSection\":[\"Politika\",\"Prijepolje\",\"VA\u017dNO!\"],\"inLanguage\":\"bs-BA\",\"potentialAction\":[{\"@type\":\"CommentAction\",\"name\":\"Comment\",\"target\":[\"https:\/\/sandzakpress.net\/arhiva\/skupstina-prijepolje-odbornici-raspravljaju-o-planovima-rada-preduzeca-i-ustanova\/#respond\"]}]},{\"@type\":\"WebPage\",\"@id\":\"https:\/\/sandzakpress.net\/arhiva\/skupstina-prijepolje-odbornici-raspravljaju-o-planovima-rada-preduzeca-i-ustanova\/\",\"url\":\"https:\/\/sandzakpress.net\/arhiva\/skupstina-prijepolje-odbornici-raspravljaju-o-planovima-rada-preduzeca-i-ustanova\/\",\"name\":\"Skup\u0161tina Prijepolje \u2013 Odbornici raspravljaju o planovima rada preduze\u0107a i ustanova\",\"isPartOf\":{\"@id\":\"https:\/\/sandzakpress.net\/arhiva\/#website\"},\"primaryImageOfPage\":{\"@id\":\"https:\/\/sandzakpress.net\/arhiva\/skupstina-prijepolje-odbornici-raspravljaju-o-planovima-rada-preduzeca-i-ustanova\/#primaryimage\"},\"image\":{\"@id\":\"https:\/\/sandzakpress.net\/arhiva\/skupstina-prijepolje-odbornici-raspravljaju-o-planovima-rada-preduzeca-i-ustanova\/#primaryimage\"},\"thumbnailUrl\":\"https:\/\/sandzakpress.net\/arhiva\/wp-content\/uploads\/2017\/03\/1-5.jpg\",\"datePublished\":\"2017-03-20T11:29:38+00:00\",\"breadcrumb\":{\"@id\":\"https:\/\/sandzakpress.net\/arhiva\/skupstina-prijepolje-odbornici-raspravljaju-o-planovima-rada-preduzeca-i-ustanova\/#breadcrumb\"},\"inLanguage\":\"bs-BA\",\"potentialAction\":[{\"@type\":\"ReadAction\",\"target\":[\"https:\/\/sandzakpress.net\/arhiva\/skupstina-prijepolje-odbornici-raspravljaju-o-planovima-rada-preduzeca-i-ustanova\/\"]}]},{\"@type\":\"ImageObject\",\"inLanguage\":\"bs-BA\",\"@id\":\"https:\/\/sandzakpress.net\/arhiva\/skupstina-prijepolje-odbornici-raspravljaju-o-planovima-rada-preduzeca-i-ustanova\/#primaryimage\",\"url\":\"https:\/\/sandzakpress.net\/arhiva\/wp-content\/uploads\/2017\/03\/1-5.jpg\",\"contentUrl\":\"https:\/\/sandzakpress.net\/arhiva\/wp-content\/uploads\/2017\/03\/1-5.jpg\",\"width\":1280,\"height\":960},{\"@type\":\"BreadcrumbList\",\"@id\":\"https:\/\/sandzakpress.net\/arhiva\/skupstina-prijepolje-odbornici-raspravljaju-o-planovima-rada-preduzeca-i-ustanova\/#breadcrumb\",\"itemListElement\":[{\"@type\":\"ListItem\",\"position\":1,\"name\":\"Home\",\"item\":\"https:\/\/sandzakpress.net\/arhiva\/\"},{\"@type\":\"ListItem\",\"position\":2,\"name\":\"Skup\u0161tina Prijepolje \u2013 Odbornici raspravljaju o planovima rada preduze\u0107a i ustanova\"}]},{\"@type\":\"WebSite\",\"@id\":\"https:\/\/sandzakpress.net\/arhiva\/#website\",\"url\":\"https:\/\/sandzakpress.net\/arhiva\/\",\"name\":\"Sand\u017eak PRESS\",\"description\":\"Prve elektronske novine u Sand\u017eaku\",\"publisher\":{\"@id\":\"https:\/\/sandzakpress.net\/arhiva\/#\/schema\/person\/6e72b67d6e51910a1117b3b483ba20bd\"},\"potentialAction\":[{\"@type\":\"SearchAction\",\"target\":{\"@type\":\"EntryPoint\",\"urlTemplate\":\"https:\/\/sandzakpress.net\/arhiva\/?s={search_term_string}\"},\"query-input\":{\"@type\":\"PropertyValueSpecification\",\"valueRequired\":true,\"valueName\":\"search_term_string\"}}],\"inLanguage\":\"bs-BA\"},{\"@type\":[\"Person\",\"Organization\"],\"@id\":\"https:\/\/sandzakpress.net\/arhiva\/#\/schema\/person\/6e72b67d6e51910a1117b3b483ba20bd\",\"name\":\"Kul\",\"image\":{\"@type\":\"ImageObject\",\"inLanguage\":\"bs-BA\",\"@id\":\"https:\/\/sandzakpress.net\/arhiva\/#\/schema\/person\/image\/\",\"url\":\"https:\/\/secure.gravatar.com\/avatar\/42263f39aa27ac04c43cab85c280eb2e?s=96&d=mm&r=pg\",\"contentUrl\":\"https:\/\/secure.gravatar.com\/avatar\/42263f39aa27ac04c43cab85c280eb2e?s=96&d=mm&r=pg\",\"caption\":\"Kul\"},\"logo\":{\"@id\":\"https:\/\/sandzakpress.net\/arhiva\/#\/schema\/person\/image\/\"}},{\"@type\":\"Person\",\"@id\":\"https:\/\/sandzakpress.net\/arhiva\/#\/schema\/person\/cb59d7e3ab91ab90dd680ad0305a6185\",\"name\":\"Agencija\",\"image\":{\"@type\":\"ImageObject\",\"inLanguage\":\"bs-BA\",\"@id\":\"https:\/\/sandzakpress.net\/arhiva\/#\/schema\/person\/image\/\",\"url\":\"https:\/\/secure.gravatar.com\/avatar\/4b7fafa80a22f0c2afe23966b3961fe0?s=96&d=mm&r=pg\",\"contentUrl\":\"https:\/\/secure.gravatar.com\/avatar\/4b7fafa80a22f0c2afe23966b3961fe0?s=96&d=mm&r=pg\",\"caption\":\"Agencija\"},\"url\":\"https:\/\/sandzakpress.net\/arhiva\/author\/agencija\/\"}]}<\/script>\n<!-- \/ Yoast SEO Premium plugin. -->","yoast_head_json":{"title":"Skup\u0161tina Prijepolje \u2013 Odbornici raspravljaju o planovima rada preduze\u0107a i ustanova","robots":{"index":"index","follow":"follow","max-snippet":"max-snippet:-1","max-image-preview":"max-image-preview:large","max-video-preview":"max-video-preview:-1"},"canonical":"https:\/\/sandzakpress.net\/arhiva\/skupstina-prijepolje-odbornici-raspravljaju-o-planovima-rada-preduzeca-i-ustanova\/","og_locale":"bs_BA","og_type":"article","og_title":"Skup\u0161tina Prijepolje \u2013 Odbornici raspravljaju o planovima rada preduze\u0107a i ustanova","og_description":"U Prijepolju se odr\u017eava sedma skup\u0161tina grada. Odbornici Skup\u0161tine op\u0161tine Prijepolje \u0107e na sjednici razmatrati prijedlog rje\u0161enja o obrazovanju. Na dnevnom redu \u0107e se na\u0107i prijedlog programa za\u0161tite, ure\u0111enja i kori\u0161\u0107enja poljoprivrednog zemlji\u0161ta op\u0161tine za ovu godinu, zatim programi poslovanja Javno komunalnog preduze\u0107a \u201cLim\u201d, muzeja, biblioteke \u201cVuk Karadzi\u0107\u201d, Doma kulture, Centra za socijalni rad, Turisti\u010dke [&hellip;]","og_url":"https:\/\/sandzakpress.net\/arhiva\/skupstina-prijepolje-odbornici-raspravljaju-o-planovima-rada-preduzeca-i-ustanova\/","og_site_name":"Sand\u017eak PRESS","article_published_time":"2017-03-20T11:29:38+00:00","og_image":[{"width":1280,"height":960,"url":"https:\/\/sandzakpress.net\/arhiva\/wp-content\/uploads\/2017\/03\/1-5.jpg","type":"image\/jpeg"}],"author":"Agencija","twitter_card":"summary_large_image","twitter_misc":{"Written by":"Agencija","Est. reading time":"2 minute"},"schema":{"@context":"https:\/\/schema.org","@graph":[{"@type":"Article","@id":"https:\/\/sandzakpress.net\/arhiva\/skupstina-prijepolje-odbornici-raspravljaju-o-planovima-rada-preduzeca-i-ustanova\/#article","isPartOf":{"@id":"https:\/\/sandzakpress.net\/arhiva\/skupstina-prijepolje-odbornici-raspravljaju-o-planovima-rada-preduzeca-i-ustanova\/"},"author":{"name":"Agencija","@id":"https:\/\/sandzakpress.net\/arhiva\/#\/schema\/person\/cb59d7e3ab91ab90dd680ad0305a6185"},"headline":"Skup\u0161tina Prijepolje \u2013 Odbornici raspravljaju o planovima rada preduze\u0107a i ustanova","datePublished":"2017-03-20T11:29:38+00:00","mainEntityOfPage":{"@id":"https:\/\/sandzakpress.net\/arhiva\/skupstina-prijepolje-odbornici-raspravljaju-o-planovima-rada-preduzeca-i-ustanova\/"},"wordCount":367,"commentCount":0,"publisher":{"@id":"https:\/\/sandzakpress.net\/arhiva\/#\/schema\/person\/6e72b67d6e51910a1117b3b483ba20bd"},"image":{"@id":"https:\/\/sandzakpress.net\/arhiva\/skupstina-prijepolje-odbornici-raspravljaju-o-planovima-rada-preduzeca-i-ustanova\/#primaryimage"},"thumbnailUrl":"https:\/\/sandzakpress.net\/arhiva\/wp-content\/uploads\/2017\/03\/1-5.jpg","articleSection":["Politika","Prijepolje","VA\u017dNO!"],"inLanguage":"bs-BA","potentialAction":[{"@type":"CommentAction","name":"Comment","target":["https:\/\/sandzakpress.net\/arhiva\/skupstina-prijepolje-odbornici-raspravljaju-o-planovima-rada-preduzeca-i-ustanova\/#respond"]}]},{"@type":"WebPage","@id":"https:\/\/sandzakpress.net\/arhiva\/skupstina-prijepolje-odbornici-raspravljaju-o-planovima-rada-preduzeca-i-ustanova\/","url":"https:\/\/sandzakpress.net\/arhiva\/skupstina-prijepolje-odbornici-raspravljaju-o-planovima-rada-preduzeca-i-ustanova\/","name":"Skup\u0161tina Prijepolje \u2013 Odbornici raspravljaju o planovima rada preduze\u0107a i ustanova","isPartOf":{"@id":"https:\/\/sandzakpress.net\/arhiva\/#website"},"primaryImageOfPage":{"@id":"https:\/\/sandzakpress.net\/arhiva\/skupstina-prijepolje-odbornici-raspravljaju-o-planovima-rada-preduzeca-i-ustanova\/#primaryimage"},"image":{"@id":"https:\/\/sandzakpress.net\/arhiva\/skupstina-prijepolje-odbornici-raspravljaju-o-planovima-rada-preduzeca-i-ustanova\/#primaryimage"},"thumbnailUrl":"https:\/\/sandzakpress.net\/arhiva\/wp-content\/uploads\/2017\/03\/1-5.jpg","datePublished":"2017-03-20T11:29:38+00:00","breadcrumb":{"@id":"https:\/\/sandzakpress.net\/arhiva\/skupstina-prijepolje-odbornici-raspravljaju-o-planovima-rada-preduzeca-i-ustanova\/#breadcrumb"},"inLanguage":"bs-BA","potentialAction":[{"@type":"ReadAction","target":["https:\/\/sandzakpress.net\/arhiva\/skupstina-prijepolje-odbornici-raspravljaju-o-planovima-rada-preduzeca-i-ustanova\/"]}]},{"@type":"ImageObject","inLanguage":"bs-BA","@id":"https:\/\/sandzakpress.net\/arhiva\/skupstina-prijepolje-odbornici-raspravljaju-o-planovima-rada-preduzeca-i-ustanova\/#primaryimage","url":"https:\/\/sandzakpress.net\/arhiva\/wp-content\/uploads\/2017\/03\/1-5.jpg","contentUrl":"https:\/\/sandzakpress.net\/arhiva\/wp-content\/uploads\/2017\/03\/1-5.jpg","width":1280,"height":960},{"@type":"BreadcrumbList","@id":"https:\/\/sandzakpress.net\/arhiva\/skupstina-prijepolje-odbornici-raspravljaju-o-planovima-rada-preduzeca-i-ustanova\/#breadcrumb","itemListElement":[{"@type":"ListItem","position":1,"name":"Home","item":"https:\/\/sandzakpress.net\/arhiva\/"},{"@type":"ListItem","position":2,"name":"Skup\u0161tina Prijepolje \u2013 Odbornici raspravljaju o planovima rada preduze\u0107a i ustanova"}]},{"@type":"WebSite","@id":"https:\/\/sandzakpress.net\/arhiva\/#website","url":"https:\/\/sandzakpress.net\/arhiva\/","name":"Sand\u017eak PRESS","description":"Prve elektronske novine u Sand\u017eaku","publisher":{"@id":"https:\/\/sandzakpress.net\/arhiva\/#\/schema\/person\/6e72b67d6e51910a1117b3b483ba20bd"},"potentialAction":[{"@type":"SearchAction","target":{"@type":"EntryPoint","urlTemplate":"https:\/\/sandzakpress.net\/arhiva\/?s={search_term_string}"},"query-input":{"@type":"PropertyValueSpecification","valueRequired":true,"valueName":"search_term_string"}}],"inLanguage":"bs-BA"},{"@type":["Person","Organization"],"@id":"https:\/\/sandzakpress.net\/arhiva\/#\/schema\/person\/6e72b67d6e51910a1117b3b483ba20bd","name":"Kul","image":{"@type":"ImageObject","inLanguage":"bs-BA","@id":"https:\/\/sandzakpress.net\/arhiva\/#\/schema\/person\/image\/","url":"https:\/\/secure.gravatar.com\/avatar\/42263f39aa27ac04c43cab85c280eb2e?s=96&d=mm&r=pg","contentUrl":"https:\/\/secure.gravatar.com\/avatar\/42263f39aa27ac04c43cab85c280eb2e?s=96&d=mm&r=pg","caption":"Kul"},"logo":{"@id":"https:\/\/sandzakpress.net\/arhiva\/#\/schema\/person\/image\/"}},{"@type":"Person","@id":"https:\/\/sandzakpress.net\/arhiva\/#\/schema\/person\/cb59d7e3ab91ab90dd680ad0305a6185","name":"Agencija","image":{"@type":"ImageObject","inLanguage":"bs-BA","@id":"https:\/\/sandzakpress.net\/arhiva\/#\/schema\/person\/image\/","url":"https:\/\/secure.gravatar.com\/avatar\/4b7fafa80a22f0c2afe23966b3961fe0?s=96&d=mm&r=pg","contentUrl":"https:\/\/secure.gravatar.com\/avatar\/4b7fafa80a22f0c2afe23966b3961fe0?s=96&d=mm&r=pg","caption":"Agencija"},"url":"https:\/\/sandzakpress.net\/arhiva\/author\/agencija\/"}]}},"_links":{"self":[{"href":"https:\/\/sandzakpress.net\/arhiva\/wp-json\/wp\/v2\/posts\/182487"}],"collection":[{"href":"https:\/\/sandzakpress.net\/arhiva\/wp-json\/wp\/v2\/posts"}],"about":[{"href":"https:\/\/sandzakpress.net\/arhiva\/wp-json\/wp\/v2\/types\/post"}],"author":[{"embeddable":true,"href":"https:\/\/sandzakpress.net\/arhiva\/wp-json\/wp\/v2\/users\/509"}],"replies":[{"embeddable":true,"href":"https:\/\/sandzakpress.net\/arhiva\/wp-json\/wp\/v2\/comments?post=182487"}],"version-history":[{"count":0,"href":"https:\/\/sandzakpress.net\/arhiva\/wp-json\/wp\/v2\/posts\/182487\/revisions"}],"wp:featuredmedia":[{"embeddable":true,"href":"https:\/\/sandzakpress.net\/arhiva\/wp-json\/wp\/v2\/media\/182493"}],"wp:attachment":[{"href":"https:\/\/sandzakpress.net\/arhiva\/wp-json\/wp\/v2\/media?parent=182487"}],"wp:term":[{"taxonomy":"category","embeddable":true,"href":"https:\/\/sandzakpress.net\/arhiva\/wp-json\/wp\/v2\/categories?post=182487"},{"taxonomy":"post_tag","embeddable":true,"href":"https:\/\/sandzakpress.net\/arhiva\/wp-json\/wp\/v2\/tags?post=182487"}],"curies":[{"name":"wp","href":"https:\/\/api.w.org\/{rel}","templated":true}]}}