{"id":182398,"date":"2017-03-17T23:37:31","date_gmt":"2017-03-17T22:37:31","guid":{"rendered":"https:\/\/sandzakpress.net\/arhiva\/?p=182398"},"modified":"2017-03-17T23:37:31","modified_gmt":"2017-03-17T22:37:31","slug":"muftijstvo-sandzacko-za-dijalog-fejzic-protiv","status":"publish","type":"post","link":"https:\/\/sandzakpress.net\/arhiva\/muftijstvo-sandzacko-za-dijalog-fejzic-protiv\/","title":{"rendered":"Muftijstvo sand\u017ea\u010dko za dijalog, Fejzi\u0107 protiv"},"content":{"rendered":"<p><span style=\"color: #000000; font-family: Calibri;\">Usljed velike hajke koju je reis Islamske zajednice u CG Rifat Fejzi\u0107 pokrenuo protiv Medrese Gazi Isa-beg u Novom Pazaru, odjeljenja u Ro\u017eajama, koju je kako i sam navodi \u201eosnivao\u201c, ali mu vi\u0161e ne treba, Radio Televizija Crne Gore uradila je specijalnu emisiju <b>TV Magazin<\/b> posve\u0107enu ovom problemu. <\/span><\/p>\n<p><span style=\"color: #000000; font-family: Calibri;\">Akteri emisije su <b>Reis Fejzi\u0107, muftija Kujevi\u0107, muftija Zukorli\u0107, te Rijaset IZ-e<\/b> u BiH koji je za potrebe emisije izdao saop\u0107enje, i svakako nadle\u017eno <b>Ministarstvo obrazovanja u RCG i Za\u0161titnik gra\u0111ana<\/b> te dr\u017eave. <\/span><\/p>\n<p><span style=\"color: #000000; font-family: Calibri;\">Kao glavni problem i optu\u017ebe Fejzi\u0107a na ra\u010dun ove \u0161kole, iznose se <b>planovi i programi rada Medrese<\/b>, te \u201e\u0161ta se zapravo u Medresi u\u010di\u201c.<\/span><\/p>\n<p><span style=\"color: #000000; font-family: Calibri;\">Muftija sand\u017ea\u010dki hfz. Abdurahman Kujevi\u0107 kazao je da Medresa radi <b>\u201epo planu i programu Rijaseta IZ-e u Bosni i Hercegovini\u201c<\/b>, te da je program skoro nepromijenjen od onda kada je Reis Fejzi\u0107 bio jedan od profesora u toj Medresi. <\/span><\/p>\n<p><span style=\"font-family: Calibri;\"><span style=\"color: #000000;\">Narodni poslanik u Parlamentu Republike Srbije muftija Muamer Zukorli\u0107 ka\u017ee da je <b>problem i nepostojanju komunikacije, u nesporazumu, te da Muftijstvo sand\u017ea\u010dko nema nikakve pretenzije na administrativne jurisdikcije Islamske zajednice u Crnoj Gori,<\/b> <b>ali se nipo\u0161to ne odri\u010de svog vjersko-prosvjetnog djelovanja koje mu omogu\u0107ava Ustav Rijaseta IZ-e u BiH.<\/b><\/span><\/span><\/p>\n<p><span style=\"color: #000000; font-family: Calibri;\">Fejzi\u0107 vrlo <b>\u017eustro odbija bilo kakvu mogu\u0107nost pregovora i dogovora<\/b>, obrazlo\u017eenjem da \u201ene mo\u017eete nekome uzeti malo teritorije, a onda do\u0107i da se dogovarate \u2013 To malo sutra\u201c, ka\u017ee Fejzi\u0107.<\/span><\/p>\n<div class=\"youtube-embed\" data-video_id=\"l52r2pdavG0\"><iframe loading=\"lazy\" title=\"RTCG - NESPORAZUM OKO MEDRESE U RO\u017dAJAMA\" width=\"696\" height=\"522\" src=\"https:\/\/www.youtube.com\/embed\/l52r2pdavG0?feature=oembed&#038;enablejsapi=1\" frameborder=\"0\" allow=\"accelerometer; autoplay; encrypted-media; gyroscope; picture-in-picture\" allowfullscreen><\/iframe><\/div>\n<p><span style=\"color: #000000; font-family: Calibri;\">Iz Rijaseta IZ-e u BiH tako\u0111er poru\u010duju <b>da se Reis Fejzi\u0107 strpi<\/b> dok ne do\u0111e do rje\u0161avanja problema, koje \u0107e po njihovim rije\u010dima uslijediti <b>do nove \u0161kolske godine<\/b>, a do tada Fejzi\u0107 da se uzdr\u017ei od neodmjerenih izjava.<\/span><\/p>\n<p><span style=\"color: #000000; font-family: Calibri;\">Muftija Kujevi\u0107 ka\u017ee da je <b>Medresu posjetio i Republi\u010dki inspektor<\/b>, da je upoznat sa svim detaljima rada Medrese, te da nije imao niti jednu primjedbu na rad. <\/span><\/p>\n<p><span style=\"color: #000000; font-family: Calibri;\">Iz Ministarstva poru\u010duju da se <b>vjerske \u0161kole ne licenciraju standardnom procedurom<\/b>, ve\u0107 da im dr\u017eava daje autonomnost u planovima i programima koje samostalno javno promoviraju. <\/span><\/p>\n<p><span style=\"color: #000000; font-family: Calibri;\">Fejzi\u0107 na kraju jo\u0161 \u017eustrije <b>prijeti dr\u017eavi Crnoj Gori<\/b> da u koliko ne zabrani rad Medresi Gazi Isa-beg u Ro\u017eajama <b>da \u0107e povu\u0107i svoj potpis sa Ugovora<\/b> koji je Islamska zajednica potpisala sa Vladom Republike Crne Gore.<\/span><\/p>\n<p>&nbsp;<\/p>\n","protected":false},"excerpt":{"rendered":"<p>Usljed velike hajke koju je reis Islamske zajednice u CG Rifat Fejzi\u0107 pokrenuo protiv Medrese Gazi Isa-beg u Novom Pazaru, odjeljenja u Ro\u017eajama, koju je kako i sam navodi \u201eosnivao\u201c, ali mu vi\u0161e ne treba, Radio Televizija Crne Gore uradila je specijalnu emisiju TV Magazin posve\u0107enu ovom problemu. Akteri emisije su Reis Fejzi\u0107, muftija Kujevi\u0107, [&hellip;]<\/p>\n","protected":false},"author":509,"featured_media":182399,"comment_status":"open","ping_status":"open","sticky":false,"template":"","format":"standard","meta":{"footnotes":""},"categories":[72,398,10497,10308,802,8957],"tags":[],"class_list":{"0":"post-182398","1":"post","2":"type-post","3":"status-publish","4":"format-standard","5":"has-post-thumbnail","7":"category-novi-pazar","8":"category-rozaje","9":"category-teme-3","10":"category-crna-gora","11":"category-islamska_zajednica","12":"category-vijesti-dana"},"yoast_head":"<!-- This site is optimized with the Yoast SEO Premium plugin v23.1 (Yoast SEO v24.9) - https:\/\/yoast.com\/wordpress\/plugins\/seo\/ -->\n<title>Muftijstvo sand\u017ea\u010dko za dijalog, Fejzi\u0107 protiv<\/title>\n<meta name=\"robots\" content=\"index, follow, max-snippet:-1, max-image-preview:large, max-video-preview:-1\" \/>\n<link rel=\"canonical\" href=\"https:\/\/sandzakpress.net\/arhiva\/muftijstvo-sandzacko-za-dijalog-fejzic-protiv\/\" \/>\n<meta property=\"og:locale\" content=\"bs_BA\" \/>\n<meta property=\"og:type\" content=\"article\" \/>\n<meta property=\"og:title\" content=\"Muftijstvo sand\u017ea\u010dko za dijalog, Fejzi\u0107 protiv\" \/>\n<meta property=\"og:description\" content=\"Usljed velike hajke koju je reis Islamske zajednice u CG Rifat Fejzi\u0107 pokrenuo protiv Medrese Gazi Isa-beg u Novom Pazaru, odjeljenja u Ro\u017eajama, koju je kako i sam navodi \u201eosnivao\u201c, ali mu vi\u0161e ne treba, Radio Televizija Crne Gore uradila je specijalnu emisiju TV Magazin posve\u0107enu ovom problemu. Akteri emisije su Reis Fejzi\u0107, muftija Kujevi\u0107, [&hellip;]\" \/>\n<meta property=\"og:url\" content=\"https:\/\/sandzakpress.net\/arhiva\/muftijstvo-sandzacko-za-dijalog-fejzic-protiv\/\" \/>\n<meta property=\"og:site_name\" content=\"Sand\u017eak PRESS\" \/>\n<meta property=\"article:published_time\" content=\"2017-03-17T22:37:31+00:00\" \/>\n<meta property=\"og:image\" content=\"https:\/\/sandzakpress.net\/arhiva\/wp-content\/uploads\/2017\/03\/0-39.jpg\" \/>\n\t<meta property=\"og:image:width\" content=\"480\" \/>\n\t<meta property=\"og:image:height\" content=\"360\" \/>\n\t<meta property=\"og:image:type\" content=\"image\/jpeg\" \/>\n<meta name=\"author\" content=\"Agencija\" \/>\n<meta name=\"twitter:card\" content=\"summary_large_image\" \/>\n<meta name=\"twitter:label1\" content=\"Written by\" \/>\n\t<meta name=\"twitter:data1\" content=\"Agencija\" \/>\n\t<meta name=\"twitter:label2\" content=\"Est. reading time\" \/>\n\t<meta name=\"twitter:data2\" content=\"2 minute\" \/>\n<script type=\"application\/ld+json\" class=\"yoast-schema-graph\">{\"@context\":\"https:\/\/schema.org\",\"@graph\":[{\"@type\":\"Article\",\"@id\":\"https:\/\/sandzakpress.net\/arhiva\/muftijstvo-sandzacko-za-dijalog-fejzic-protiv\/#article\",\"isPartOf\":{\"@id\":\"https:\/\/sandzakpress.net\/arhiva\/muftijstvo-sandzacko-za-dijalog-fejzic-protiv\/\"},\"author\":{\"name\":\"Agencija\",\"@id\":\"https:\/\/sandzakpress.net\/arhiva\/#\/schema\/person\/cb59d7e3ab91ab90dd680ad0305a6185\"},\"headline\":\"Muftijstvo sand\u017ea\u010dko za dijalog, Fejzi\u0107 protiv\",\"datePublished\":\"2017-03-17T22:37:31+00:00\",\"mainEntityOfPage\":{\"@id\":\"https:\/\/sandzakpress.net\/arhiva\/muftijstvo-sandzacko-za-dijalog-fejzic-protiv\/\"},\"wordCount\":405,\"commentCount\":9,\"publisher\":{\"@id\":\"https:\/\/sandzakpress.net\/arhiva\/#\/schema\/person\/6e72b67d6e51910a1117b3b483ba20bd\"},\"image\":{\"@id\":\"https:\/\/sandzakpress.net\/arhiva\/muftijstvo-sandzacko-za-dijalog-fejzic-protiv\/#primaryimage\"},\"thumbnailUrl\":\"https:\/\/sandzakpress.net\/arhiva\/wp-content\/uploads\/2017\/03\/0-39.jpg\",\"articleSection\":[\"Novi Pazar\",\"Ro\u017eaje\",\"najnovije\",\"Crna Gora\",\"Islamska zajednica\",\"VIJESTI DANA\"],\"inLanguage\":\"bs-BA\",\"potentialAction\":[{\"@type\":\"CommentAction\",\"name\":\"Comment\",\"target\":[\"https:\/\/sandzakpress.net\/arhiva\/muftijstvo-sandzacko-za-dijalog-fejzic-protiv\/#respond\"]}]},{\"@type\":\"WebPage\",\"@id\":\"https:\/\/sandzakpress.net\/arhiva\/muftijstvo-sandzacko-za-dijalog-fejzic-protiv\/\",\"url\":\"https:\/\/sandzakpress.net\/arhiva\/muftijstvo-sandzacko-za-dijalog-fejzic-protiv\/\",\"name\":\"Muftijstvo sand\u017ea\u010dko za dijalog, Fejzi\u0107 protiv\",\"isPartOf\":{\"@id\":\"https:\/\/sandzakpress.net\/arhiva\/#website\"},\"primaryImageOfPage\":{\"@id\":\"https:\/\/sandzakpress.net\/arhiva\/muftijstvo-sandzacko-za-dijalog-fejzic-protiv\/#primaryimage\"},\"image\":{\"@id\":\"https:\/\/sandzakpress.net\/arhiva\/muftijstvo-sandzacko-za-dijalog-fejzic-protiv\/#primaryimage\"},\"thumbnailUrl\":\"https:\/\/sandzakpress.net\/arhiva\/wp-content\/uploads\/2017\/03\/0-39.jpg\",\"datePublished\":\"2017-03-17T22:37:31+00:00\",\"breadcrumb\":{\"@id\":\"https:\/\/sandzakpress.net\/arhiva\/muftijstvo-sandzacko-za-dijalog-fejzic-protiv\/#breadcrumb\"},\"inLanguage\":\"bs-BA\",\"potentialAction\":[{\"@type\":\"ReadAction\",\"target\":[\"https:\/\/sandzakpress.net\/arhiva\/muftijstvo-sandzacko-za-dijalog-fejzic-protiv\/\"]}]},{\"@type\":\"ImageObject\",\"inLanguage\":\"bs-BA\",\"@id\":\"https:\/\/sandzakpress.net\/arhiva\/muftijstvo-sandzacko-za-dijalog-fejzic-protiv\/#primaryimage\",\"url\":\"https:\/\/sandzakpress.net\/arhiva\/wp-content\/uploads\/2017\/03\/0-39.jpg\",\"contentUrl\":\"https:\/\/sandzakpress.net\/arhiva\/wp-content\/uploads\/2017\/03\/0-39.jpg\",\"width\":480,\"height\":360},{\"@type\":\"BreadcrumbList\",\"@id\":\"https:\/\/sandzakpress.net\/arhiva\/muftijstvo-sandzacko-za-dijalog-fejzic-protiv\/#breadcrumb\",\"itemListElement\":[{\"@type\":\"ListItem\",\"position\":1,\"name\":\"Home\",\"item\":\"https:\/\/sandzakpress.net\/arhiva\/\"},{\"@type\":\"ListItem\",\"position\":2,\"name\":\"Muftijstvo sand\u017ea\u010dko za dijalog, Fejzi\u0107 protiv\"}]},{\"@type\":\"WebSite\",\"@id\":\"https:\/\/sandzakpress.net\/arhiva\/#website\",\"url\":\"https:\/\/sandzakpress.net\/arhiva\/\",\"name\":\"Sand\u017eak PRESS\",\"description\":\"Prve elektronske novine u Sand\u017eaku\",\"publisher\":{\"@id\":\"https:\/\/sandzakpress.net\/arhiva\/#\/schema\/person\/6e72b67d6e51910a1117b3b483ba20bd\"},\"potentialAction\":[{\"@type\":\"SearchAction\",\"target\":{\"@type\":\"EntryPoint\",\"urlTemplate\":\"https:\/\/sandzakpress.net\/arhiva\/?s={search_term_string}\"},\"query-input\":{\"@type\":\"PropertyValueSpecification\",\"valueRequired\":true,\"valueName\":\"search_term_string\"}}],\"inLanguage\":\"bs-BA\"},{\"@type\":[\"Person\",\"Organization\"],\"@id\":\"https:\/\/sandzakpress.net\/arhiva\/#\/schema\/person\/6e72b67d6e51910a1117b3b483ba20bd\",\"name\":\"Kul\",\"image\":{\"@type\":\"ImageObject\",\"inLanguage\":\"bs-BA\",\"@id\":\"https:\/\/sandzakpress.net\/arhiva\/#\/schema\/person\/image\/\",\"url\":\"https:\/\/secure.gravatar.com\/avatar\/42263f39aa27ac04c43cab85c280eb2e?s=96&d=mm&r=pg\",\"contentUrl\":\"https:\/\/secure.gravatar.com\/avatar\/42263f39aa27ac04c43cab85c280eb2e?s=96&d=mm&r=pg\",\"caption\":\"Kul\"},\"logo\":{\"@id\":\"https:\/\/sandzakpress.net\/arhiva\/#\/schema\/person\/image\/\"}},{\"@type\":\"Person\",\"@id\":\"https:\/\/sandzakpress.net\/arhiva\/#\/schema\/person\/cb59d7e3ab91ab90dd680ad0305a6185\",\"name\":\"Agencija\",\"image\":{\"@type\":\"ImageObject\",\"inLanguage\":\"bs-BA\",\"@id\":\"https:\/\/sandzakpress.net\/arhiva\/#\/schema\/person\/image\/\",\"url\":\"https:\/\/secure.gravatar.com\/avatar\/4b7fafa80a22f0c2afe23966b3961fe0?s=96&d=mm&r=pg\",\"contentUrl\":\"https:\/\/secure.gravatar.com\/avatar\/4b7fafa80a22f0c2afe23966b3961fe0?s=96&d=mm&r=pg\",\"caption\":\"Agencija\"},\"url\":\"https:\/\/sandzakpress.net\/arhiva\/author\/agencija\/\"}]}<\/script>\n<!-- \/ Yoast SEO Premium plugin. -->","yoast_head_json":{"title":"Muftijstvo sand\u017ea\u010dko za dijalog, Fejzi\u0107 protiv","robots":{"index":"index","follow":"follow","max-snippet":"max-snippet:-1","max-image-preview":"max-image-preview:large","max-video-preview":"max-video-preview:-1"},"canonical":"https:\/\/sandzakpress.net\/arhiva\/muftijstvo-sandzacko-za-dijalog-fejzic-protiv\/","og_locale":"bs_BA","og_type":"article","og_title":"Muftijstvo sand\u017ea\u010dko za dijalog, Fejzi\u0107 protiv","og_description":"Usljed velike hajke koju je reis Islamske zajednice u CG Rifat Fejzi\u0107 pokrenuo protiv Medrese Gazi Isa-beg u Novom Pazaru, odjeljenja u Ro\u017eajama, koju je kako i sam navodi \u201eosnivao\u201c, ali mu vi\u0161e ne treba, Radio Televizija Crne Gore uradila je specijalnu emisiju TV Magazin posve\u0107enu ovom problemu. Akteri emisije su Reis Fejzi\u0107, muftija Kujevi\u0107, [&hellip;]","og_url":"https:\/\/sandzakpress.net\/arhiva\/muftijstvo-sandzacko-za-dijalog-fejzic-protiv\/","og_site_name":"Sand\u017eak PRESS","article_published_time":"2017-03-17T22:37:31+00:00","og_image":[{"width":480,"height":360,"url":"https:\/\/sandzakpress.net\/arhiva\/wp-content\/uploads\/2017\/03\/0-39.jpg","type":"image\/jpeg"}],"author":"Agencija","twitter_card":"summary_large_image","twitter_misc":{"Written by":"Agencija","Est. reading time":"2 minute"},"schema":{"@context":"https:\/\/schema.org","@graph":[{"@type":"Article","@id":"https:\/\/sandzakpress.net\/arhiva\/muftijstvo-sandzacko-za-dijalog-fejzic-protiv\/#article","isPartOf":{"@id":"https:\/\/sandzakpress.net\/arhiva\/muftijstvo-sandzacko-za-dijalog-fejzic-protiv\/"},"author":{"name":"Agencija","@id":"https:\/\/sandzakpress.net\/arhiva\/#\/schema\/person\/cb59d7e3ab91ab90dd680ad0305a6185"},"headline":"Muftijstvo sand\u017ea\u010dko za dijalog, Fejzi\u0107 protiv","datePublished":"2017-03-17T22:37:31+00:00","mainEntityOfPage":{"@id":"https:\/\/sandzakpress.net\/arhiva\/muftijstvo-sandzacko-za-dijalog-fejzic-protiv\/"},"wordCount":405,"commentCount":9,"publisher":{"@id":"https:\/\/sandzakpress.net\/arhiva\/#\/schema\/person\/6e72b67d6e51910a1117b3b483ba20bd"},"image":{"@id":"https:\/\/sandzakpress.net\/arhiva\/muftijstvo-sandzacko-za-dijalog-fejzic-protiv\/#primaryimage"},"thumbnailUrl":"https:\/\/sandzakpress.net\/arhiva\/wp-content\/uploads\/2017\/03\/0-39.jpg","articleSection":["Novi Pazar","Ro\u017eaje","najnovije","Crna Gora","Islamska zajednica","VIJESTI DANA"],"inLanguage":"bs-BA","potentialAction":[{"@type":"CommentAction","name":"Comment","target":["https:\/\/sandzakpress.net\/arhiva\/muftijstvo-sandzacko-za-dijalog-fejzic-protiv\/#respond"]}]},{"@type":"WebPage","@id":"https:\/\/sandzakpress.net\/arhiva\/muftijstvo-sandzacko-za-dijalog-fejzic-protiv\/","url":"https:\/\/sandzakpress.net\/arhiva\/muftijstvo-sandzacko-za-dijalog-fejzic-protiv\/","name":"Muftijstvo sand\u017ea\u010dko za dijalog, Fejzi\u0107 protiv","isPartOf":{"@id":"https:\/\/sandzakpress.net\/arhiva\/#website"},"primaryImageOfPage":{"@id":"https:\/\/sandzakpress.net\/arhiva\/muftijstvo-sandzacko-za-dijalog-fejzic-protiv\/#primaryimage"},"image":{"@id":"https:\/\/sandzakpress.net\/arhiva\/muftijstvo-sandzacko-za-dijalog-fejzic-protiv\/#primaryimage"},"thumbnailUrl":"https:\/\/sandzakpress.net\/arhiva\/wp-content\/uploads\/2017\/03\/0-39.jpg","datePublished":"2017-03-17T22:37:31+00:00","breadcrumb":{"@id":"https:\/\/sandzakpress.net\/arhiva\/muftijstvo-sandzacko-za-dijalog-fejzic-protiv\/#breadcrumb"},"inLanguage":"bs-BA","potentialAction":[{"@type":"ReadAction","target":["https:\/\/sandzakpress.net\/arhiva\/muftijstvo-sandzacko-za-dijalog-fejzic-protiv\/"]}]},{"@type":"ImageObject","inLanguage":"bs-BA","@id":"https:\/\/sandzakpress.net\/arhiva\/muftijstvo-sandzacko-za-dijalog-fejzic-protiv\/#primaryimage","url":"https:\/\/sandzakpress.net\/arhiva\/wp-content\/uploads\/2017\/03\/0-39.jpg","contentUrl":"https:\/\/sandzakpress.net\/arhiva\/wp-content\/uploads\/2017\/03\/0-39.jpg","width":480,"height":360},{"@type":"BreadcrumbList","@id":"https:\/\/sandzakpress.net\/arhiva\/muftijstvo-sandzacko-za-dijalog-fejzic-protiv\/#breadcrumb","itemListElement":[{"@type":"ListItem","position":1,"name":"Home","item":"https:\/\/sandzakpress.net\/arhiva\/"},{"@type":"ListItem","position":2,"name":"Muftijstvo sand\u017ea\u010dko za dijalog, Fejzi\u0107 protiv"}]},{"@type":"WebSite","@id":"https:\/\/sandzakpress.net\/arhiva\/#website","url":"https:\/\/sandzakpress.net\/arhiva\/","name":"Sand\u017eak PRESS","description":"Prve elektronske novine u Sand\u017eaku","publisher":{"@id":"https:\/\/sandzakpress.net\/arhiva\/#\/schema\/person\/6e72b67d6e51910a1117b3b483ba20bd"},"potentialAction":[{"@type":"SearchAction","target":{"@type":"EntryPoint","urlTemplate":"https:\/\/sandzakpress.net\/arhiva\/?s={search_term_string}"},"query-input":{"@type":"PropertyValueSpecification","valueRequired":true,"valueName":"search_term_string"}}],"inLanguage":"bs-BA"},{"@type":["Person","Organization"],"@id":"https:\/\/sandzakpress.net\/arhiva\/#\/schema\/person\/6e72b67d6e51910a1117b3b483ba20bd","name":"Kul","image":{"@type":"ImageObject","inLanguage":"bs-BA","@id":"https:\/\/sandzakpress.net\/arhiva\/#\/schema\/person\/image\/","url":"https:\/\/secure.gravatar.com\/avatar\/42263f39aa27ac04c43cab85c280eb2e?s=96&d=mm&r=pg","contentUrl":"https:\/\/secure.gravatar.com\/avatar\/42263f39aa27ac04c43cab85c280eb2e?s=96&d=mm&r=pg","caption":"Kul"},"logo":{"@id":"https:\/\/sandzakpress.net\/arhiva\/#\/schema\/person\/image\/"}},{"@type":"Person","@id":"https:\/\/sandzakpress.net\/arhiva\/#\/schema\/person\/cb59d7e3ab91ab90dd680ad0305a6185","name":"Agencija","image":{"@type":"ImageObject","inLanguage":"bs-BA","@id":"https:\/\/sandzakpress.net\/arhiva\/#\/schema\/person\/image\/","url":"https:\/\/secure.gravatar.com\/avatar\/4b7fafa80a22f0c2afe23966b3961fe0?s=96&d=mm&r=pg","contentUrl":"https:\/\/secure.gravatar.com\/avatar\/4b7fafa80a22f0c2afe23966b3961fe0?s=96&d=mm&r=pg","caption":"Agencija"},"url":"https:\/\/sandzakpress.net\/arhiva\/author\/agencija\/"}]}},"_links":{"self":[{"href":"https:\/\/sandzakpress.net\/arhiva\/wp-json\/wp\/v2\/posts\/182398"}],"collection":[{"href":"https:\/\/sandzakpress.net\/arhiva\/wp-json\/wp\/v2\/posts"}],"about":[{"href":"https:\/\/sandzakpress.net\/arhiva\/wp-json\/wp\/v2\/types\/post"}],"author":[{"embeddable":true,"href":"https:\/\/sandzakpress.net\/arhiva\/wp-json\/wp\/v2\/users\/509"}],"replies":[{"embeddable":true,"href":"https:\/\/sandzakpress.net\/arhiva\/wp-json\/wp\/v2\/comments?post=182398"}],"version-history":[{"count":0,"href":"https:\/\/sandzakpress.net\/arhiva\/wp-json\/wp\/v2\/posts\/182398\/revisions"}],"wp:featuredmedia":[{"embeddable":true,"href":"https:\/\/sandzakpress.net\/arhiva\/wp-json\/wp\/v2\/media\/182399"}],"wp:attachment":[{"href":"https:\/\/sandzakpress.net\/arhiva\/wp-json\/wp\/v2\/media?parent=182398"}],"wp:term":[{"taxonomy":"category","embeddable":true,"href":"https:\/\/sandzakpress.net\/arhiva\/wp-json\/wp\/v2\/categories?post=182398"},{"taxonomy":"post_tag","embeddable":true,"href":"https:\/\/sandzakpress.net\/arhiva\/wp-json\/wp\/v2\/tags?post=182398"}],"curies":[{"name":"wp","href":"https:\/\/api.w.org\/{rel}","templated":true}]}}