{"id":18221,"date":"2011-08-01T12:48:16","date_gmt":"2011-08-01T10:48:16","guid":{"rendered":"https:\/\/sandzakpress.net\/arhiva\/?p=18221"},"modified":"2011-08-01T12:48:16","modified_gmt":"2011-08-01T10:48:16","slug":"opljackan-dok-je-vozio-svoj-automobil","status":"publish","type":"post","link":"https:\/\/sandzakpress.net\/arhiva\/opljackan-dok-je-vozio-svoj-automobil\/","title":{"rendered":"Oplja\u010dkan dok je vozio svoj automobil"},"content":{"rendered":"<p><strong><a href=\"https:\/\/sandzakpress.net\/arhiva\/wp-content\/uploads\/2011\/08\/plackas.jpg\"><img loading=\"lazy\" decoding=\"async\" class=\"alignleft size-medium wp-image-18222\" src=\"https:\/\/sandzakpress.net\/arhiva\/wp-content\/uploads\/2011\/08\/plackas-300x225.jpg\" alt=\"\" width=\"300\" height=\"225\" \/><\/a>Kosovo &#8211; Na dijelu puta od \u0110akovice ka Prizrenu, kod mjesta Ljandovica,  nepoznate osobe su zaustavile auto i uz pretnju pi\u0161toljem odnijeli  nov\u010danik sa 2.300 eura i jo\u0161 neke li\u010dne stvari, javljaju iz policije.<\/strong><\/p>\n<p>\u017drtva, Kosovar koji je na privremenom radu u inostranstvu, policiji  je ispri\u010dala da su plja\u010dka\u0161i jednim autom izi\u0161li ispred njegovog  automobila sa \u0161vicarskim tablicama dok su sa drugim vozili iza te su ga  uspjeli zaustaviti i uz pretnju vatrenim oru\u017ejem prinudili ga da im  preda nov\u010danik.<\/p>\n<p>On je policiji rekao da je jedan od automobila koji su vozili plja\u010dka\u0161i bio crni Golf IV sa tablicama TR (Tirana).<\/p>\n<p>Izvor<strong>: Info-Ks.net<\/strong><\/p>\n","protected":false},"excerpt":{"rendered":"<p>Kosovo &#8211; Na dijelu puta od \u0110akovice ka Prizrenu, kod mjesta Ljandovica, nepoznate osobe su zaustavile auto i uz pretnju pi\u0161toljem odnijeli nov\u010danik sa 2.300 eura i jo\u0161 neke li\u010dne stvari, javljaju iz policije. \u017drtva, Kosovar koji je na privremenom radu u inostranstvu, policiji je ispri\u010dala da su plja\u010dka\u0161i jednim autom izi\u0161li ispred njegovog automobila [&hellip;]<\/p>\n","protected":false},"author":13,"featured_media":18222,"comment_status":"open","ping_status":"open","sticky":false,"template":"","format":"standard","meta":{"footnotes":""},"categories":[2690,801],"tags":[],"class_list":{"0":"post-18221","1":"post","2":"type-post","3":"status-publish","4":"format-standard","5":"has-post-thumbnail","7":"category-kosovo-gradovi","8":"category-crna_hronika"},"yoast_head":"<!-- This site is optimized with the Yoast SEO Premium plugin v23.1 (Yoast SEO v24.9) - https:\/\/yoast.com\/wordpress\/plugins\/seo\/ -->\n<title>Oplja\u010dkan dok je vozio svoj automobil<\/title>\n<meta name=\"robots\" content=\"index, follow, max-snippet:-1, max-image-preview:large, max-video-preview:-1\" \/>\n<link rel=\"canonical\" href=\"https:\/\/sandzakpress.net\/arhiva\/opljackan-dok-je-vozio-svoj-automobil\/\" \/>\n<meta property=\"og:locale\" content=\"bs_BA\" \/>\n<meta property=\"og:type\" content=\"article\" \/>\n<meta property=\"og:title\" content=\"Oplja\u010dkan dok je vozio svoj automobil\" \/>\n<meta property=\"og:description\" content=\"Kosovo &#8211; Na dijelu puta od \u0110akovice ka Prizrenu, kod mjesta Ljandovica, nepoznate osobe su zaustavile auto i uz pretnju pi\u0161toljem odnijeli nov\u010danik sa 2.300 eura i jo\u0161 neke li\u010dne stvari, javljaju iz policije. \u017drtva, Kosovar koji je na privremenom radu u inostranstvu, policiji je ispri\u010dala da su plja\u010dka\u0161i jednim autom izi\u0161li ispred njegovog automobila [&hellip;]\" \/>\n<meta property=\"og:url\" content=\"https:\/\/sandzakpress.net\/arhiva\/opljackan-dok-je-vozio-svoj-automobil\/\" \/>\n<meta property=\"og:site_name\" content=\"Sand\u017eak PRESS\" \/>\n<meta property=\"article:published_time\" content=\"2011-08-01T10:48:16+00:00\" \/>\n<meta property=\"og:image\" content=\"https:\/\/sandzakpress.net\/arhiva\/wp-content\/uploads\/2011\/08\/plackas.jpg\" \/>\n\t<meta property=\"og:image:width\" content=\"302\" \/>\n\t<meta property=\"og:image:height\" content=\"227\" \/>\n\t<meta property=\"og:image:type\" content=\"image\/jpeg\" \/>\n<meta name=\"twitter:card\" content=\"summary_large_image\" \/>\n<meta name=\"twitter:label1\" content=\"Written by\" \/>\n\t<meta name=\"twitter:data1\" content=\"\" \/>\n\t<meta name=\"twitter:label2\" content=\"Est. reading time\" \/>\n\t<meta name=\"twitter:data2\" content=\"1 minuta\" \/>\n<script type=\"application\/ld+json\" class=\"yoast-schema-graph\">{\"@context\":\"https:\/\/schema.org\",\"@graph\":[{\"@type\":\"Article\",\"@id\":\"https:\/\/sandzakpress.net\/arhiva\/opljackan-dok-je-vozio-svoj-automobil\/#article\",\"isPartOf\":{\"@id\":\"https:\/\/sandzakpress.net\/arhiva\/opljackan-dok-je-vozio-svoj-automobil\/\"},\"author\":{\"name\":\"\",\"@id\":\"\"},\"headline\":\"Oplja\u010dkan dok je vozio svoj automobil\",\"datePublished\":\"2011-08-01T10:48:16+00:00\",\"mainEntityOfPage\":{\"@id\":\"https:\/\/sandzakpress.net\/arhiva\/opljackan-dok-je-vozio-svoj-automobil\/\"},\"wordCount\":121,\"commentCount\":0,\"publisher\":{\"@id\":\"https:\/\/sandzakpress.net\/arhiva\/#\/schema\/person\/6e72b67d6e51910a1117b3b483ba20bd\"},\"image\":{\"@id\":\"https:\/\/sandzakpress.net\/arhiva\/opljackan-dok-je-vozio-svoj-automobil\/#primaryimage\"},\"thumbnailUrl\":\"https:\/\/sandzakpress.net\/arhiva\/wp-content\/uploads\/2011\/08\/plackas.jpg\",\"articleSection\":[\"Kosovo\",\"Hronika\"],\"inLanguage\":\"bs-BA\",\"potentialAction\":[{\"@type\":\"CommentAction\",\"name\":\"Comment\",\"target\":[\"https:\/\/sandzakpress.net\/arhiva\/opljackan-dok-je-vozio-svoj-automobil\/#respond\"]}]},{\"@type\":\"WebPage\",\"@id\":\"https:\/\/sandzakpress.net\/arhiva\/opljackan-dok-je-vozio-svoj-automobil\/\",\"url\":\"https:\/\/sandzakpress.net\/arhiva\/opljackan-dok-je-vozio-svoj-automobil\/\",\"name\":\"Oplja\u010dkan dok je vozio svoj automobil\",\"isPartOf\":{\"@id\":\"https:\/\/sandzakpress.net\/arhiva\/#website\"},\"primaryImageOfPage\":{\"@id\":\"https:\/\/sandzakpress.net\/arhiva\/opljackan-dok-je-vozio-svoj-automobil\/#primaryimage\"},\"image\":{\"@id\":\"https:\/\/sandzakpress.net\/arhiva\/opljackan-dok-je-vozio-svoj-automobil\/#primaryimage\"},\"thumbnailUrl\":\"https:\/\/sandzakpress.net\/arhiva\/wp-content\/uploads\/2011\/08\/plackas.jpg\",\"datePublished\":\"2011-08-01T10:48:16+00:00\",\"breadcrumb\":{\"@id\":\"https:\/\/sandzakpress.net\/arhiva\/opljackan-dok-je-vozio-svoj-automobil\/#breadcrumb\"},\"inLanguage\":\"bs-BA\",\"potentialAction\":[{\"@type\":\"ReadAction\",\"target\":[\"https:\/\/sandzakpress.net\/arhiva\/opljackan-dok-je-vozio-svoj-automobil\/\"]}]},{\"@type\":\"ImageObject\",\"inLanguage\":\"bs-BA\",\"@id\":\"https:\/\/sandzakpress.net\/arhiva\/opljackan-dok-je-vozio-svoj-automobil\/#primaryimage\",\"url\":\"https:\/\/sandzakpress.net\/arhiva\/wp-content\/uploads\/2011\/08\/plackas.jpg\",\"contentUrl\":\"https:\/\/sandzakpress.net\/arhiva\/wp-content\/uploads\/2011\/08\/plackas.jpg\",\"width\":302,\"height\":227},{\"@type\":\"BreadcrumbList\",\"@id\":\"https:\/\/sandzakpress.net\/arhiva\/opljackan-dok-je-vozio-svoj-automobil\/#breadcrumb\",\"itemListElement\":[{\"@type\":\"ListItem\",\"position\":1,\"name\":\"Home\",\"item\":\"https:\/\/sandzakpress.net\/arhiva\/\"},{\"@type\":\"ListItem\",\"position\":2,\"name\":\"Oplja\u010dkan dok je vozio svoj automobil\"}]},{\"@type\":\"WebSite\",\"@id\":\"https:\/\/sandzakpress.net\/arhiva\/#website\",\"url\":\"https:\/\/sandzakpress.net\/arhiva\/\",\"name\":\"Sand\u017eak PRESS\",\"description\":\"Prve elektronske novine u Sand\u017eaku\",\"publisher\":{\"@id\":\"https:\/\/sandzakpress.net\/arhiva\/#\/schema\/person\/6e72b67d6e51910a1117b3b483ba20bd\"},\"potentialAction\":[{\"@type\":\"SearchAction\",\"target\":{\"@type\":\"EntryPoint\",\"urlTemplate\":\"https:\/\/sandzakpress.net\/arhiva\/?s={search_term_string}\"},\"query-input\":{\"@type\":\"PropertyValueSpecification\",\"valueRequired\":true,\"valueName\":\"search_term_string\"}}],\"inLanguage\":\"bs-BA\"},{\"@type\":[\"Person\",\"Organization\"],\"@id\":\"https:\/\/sandzakpress.net\/arhiva\/#\/schema\/person\/6e72b67d6e51910a1117b3b483ba20bd\",\"name\":\"Kul\",\"image\":{\"@type\":\"ImageObject\",\"inLanguage\":\"bs-BA\",\"@id\":\"https:\/\/sandzakpress.net\/arhiva\/#\/schema\/person\/image\/\",\"url\":\"https:\/\/secure.gravatar.com\/avatar\/42263f39aa27ac04c43cab85c280eb2e?s=96&d=mm&r=pg\",\"contentUrl\":\"https:\/\/secure.gravatar.com\/avatar\/42263f39aa27ac04c43cab85c280eb2e?s=96&d=mm&r=pg\",\"caption\":\"Kul\"},\"logo\":{\"@id\":\"https:\/\/sandzakpress.net\/arhiva\/#\/schema\/person\/image\/\"}},{\"@type\":\"Person\",\"@id\":\"\",\"url\":\"https:\/\/sandzakpress.net\/arhiva\/author\/\"}]}<\/script>\n<!-- \/ Yoast SEO Premium plugin. -->","yoast_head_json":{"title":"Oplja\u010dkan dok je vozio svoj automobil","robots":{"index":"index","follow":"follow","max-snippet":"max-snippet:-1","max-image-preview":"max-image-preview:large","max-video-preview":"max-video-preview:-1"},"canonical":"https:\/\/sandzakpress.net\/arhiva\/opljackan-dok-je-vozio-svoj-automobil\/","og_locale":"bs_BA","og_type":"article","og_title":"Oplja\u010dkan dok je vozio svoj automobil","og_description":"Kosovo &#8211; Na dijelu puta od \u0110akovice ka Prizrenu, kod mjesta Ljandovica, nepoznate osobe su zaustavile auto i uz pretnju pi\u0161toljem odnijeli nov\u010danik sa 2.300 eura i jo\u0161 neke li\u010dne stvari, javljaju iz policije. \u017drtva, Kosovar koji je na privremenom radu u inostranstvu, policiji je ispri\u010dala da su plja\u010dka\u0161i jednim autom izi\u0161li ispred njegovog automobila [&hellip;]","og_url":"https:\/\/sandzakpress.net\/arhiva\/opljackan-dok-je-vozio-svoj-automobil\/","og_site_name":"Sand\u017eak PRESS","article_published_time":"2011-08-01T10:48:16+00:00","og_image":[{"width":302,"height":227,"url":"https:\/\/sandzakpress.net\/arhiva\/wp-content\/uploads\/2011\/08\/plackas.jpg","type":"image\/jpeg"}],"twitter_card":"summary_large_image","twitter_misc":{"Written by":"","Est. reading time":"1 minuta"},"schema":{"@context":"https:\/\/schema.org","@graph":[{"@type":"Article","@id":"https:\/\/sandzakpress.net\/arhiva\/opljackan-dok-je-vozio-svoj-automobil\/#article","isPartOf":{"@id":"https:\/\/sandzakpress.net\/arhiva\/opljackan-dok-je-vozio-svoj-automobil\/"},"author":{"name":"","@id":""},"headline":"Oplja\u010dkan dok je vozio svoj automobil","datePublished":"2011-08-01T10:48:16+00:00","mainEntityOfPage":{"@id":"https:\/\/sandzakpress.net\/arhiva\/opljackan-dok-je-vozio-svoj-automobil\/"},"wordCount":121,"commentCount":0,"publisher":{"@id":"https:\/\/sandzakpress.net\/arhiva\/#\/schema\/person\/6e72b67d6e51910a1117b3b483ba20bd"},"image":{"@id":"https:\/\/sandzakpress.net\/arhiva\/opljackan-dok-je-vozio-svoj-automobil\/#primaryimage"},"thumbnailUrl":"https:\/\/sandzakpress.net\/arhiva\/wp-content\/uploads\/2011\/08\/plackas.jpg","articleSection":["Kosovo","Hronika"],"inLanguage":"bs-BA","potentialAction":[{"@type":"CommentAction","name":"Comment","target":["https:\/\/sandzakpress.net\/arhiva\/opljackan-dok-je-vozio-svoj-automobil\/#respond"]}]},{"@type":"WebPage","@id":"https:\/\/sandzakpress.net\/arhiva\/opljackan-dok-je-vozio-svoj-automobil\/","url":"https:\/\/sandzakpress.net\/arhiva\/opljackan-dok-je-vozio-svoj-automobil\/","name":"Oplja\u010dkan dok je vozio svoj automobil","isPartOf":{"@id":"https:\/\/sandzakpress.net\/arhiva\/#website"},"primaryImageOfPage":{"@id":"https:\/\/sandzakpress.net\/arhiva\/opljackan-dok-je-vozio-svoj-automobil\/#primaryimage"},"image":{"@id":"https:\/\/sandzakpress.net\/arhiva\/opljackan-dok-je-vozio-svoj-automobil\/#primaryimage"},"thumbnailUrl":"https:\/\/sandzakpress.net\/arhiva\/wp-content\/uploads\/2011\/08\/plackas.jpg","datePublished":"2011-08-01T10:48:16+00:00","breadcrumb":{"@id":"https:\/\/sandzakpress.net\/arhiva\/opljackan-dok-je-vozio-svoj-automobil\/#breadcrumb"},"inLanguage":"bs-BA","potentialAction":[{"@type":"ReadAction","target":["https:\/\/sandzakpress.net\/arhiva\/opljackan-dok-je-vozio-svoj-automobil\/"]}]},{"@type":"ImageObject","inLanguage":"bs-BA","@id":"https:\/\/sandzakpress.net\/arhiva\/opljackan-dok-je-vozio-svoj-automobil\/#primaryimage","url":"https:\/\/sandzakpress.net\/arhiva\/wp-content\/uploads\/2011\/08\/plackas.jpg","contentUrl":"https:\/\/sandzakpress.net\/arhiva\/wp-content\/uploads\/2011\/08\/plackas.jpg","width":302,"height":227},{"@type":"BreadcrumbList","@id":"https:\/\/sandzakpress.net\/arhiva\/opljackan-dok-je-vozio-svoj-automobil\/#breadcrumb","itemListElement":[{"@type":"ListItem","position":1,"name":"Home","item":"https:\/\/sandzakpress.net\/arhiva\/"},{"@type":"ListItem","position":2,"name":"Oplja\u010dkan dok je vozio svoj automobil"}]},{"@type":"WebSite","@id":"https:\/\/sandzakpress.net\/arhiva\/#website","url":"https:\/\/sandzakpress.net\/arhiva\/","name":"Sand\u017eak PRESS","description":"Prve elektronske novine u Sand\u017eaku","publisher":{"@id":"https:\/\/sandzakpress.net\/arhiva\/#\/schema\/person\/6e72b67d6e51910a1117b3b483ba20bd"},"potentialAction":[{"@type":"SearchAction","target":{"@type":"EntryPoint","urlTemplate":"https:\/\/sandzakpress.net\/arhiva\/?s={search_term_string}"},"query-input":{"@type":"PropertyValueSpecification","valueRequired":true,"valueName":"search_term_string"}}],"inLanguage":"bs-BA"},{"@type":["Person","Organization"],"@id":"https:\/\/sandzakpress.net\/arhiva\/#\/schema\/person\/6e72b67d6e51910a1117b3b483ba20bd","name":"Kul","image":{"@type":"ImageObject","inLanguage":"bs-BA","@id":"https:\/\/sandzakpress.net\/arhiva\/#\/schema\/person\/image\/","url":"https:\/\/secure.gravatar.com\/avatar\/42263f39aa27ac04c43cab85c280eb2e?s=96&d=mm&r=pg","contentUrl":"https:\/\/secure.gravatar.com\/avatar\/42263f39aa27ac04c43cab85c280eb2e?s=96&d=mm&r=pg","caption":"Kul"},"logo":{"@id":"https:\/\/sandzakpress.net\/arhiva\/#\/schema\/person\/image\/"}},{"@type":"Person","@id":"","url":"https:\/\/sandzakpress.net\/arhiva\/author\/"}]}},"_links":{"self":[{"href":"https:\/\/sandzakpress.net\/arhiva\/wp-json\/wp\/v2\/posts\/18221"}],"collection":[{"href":"https:\/\/sandzakpress.net\/arhiva\/wp-json\/wp\/v2\/posts"}],"about":[{"href":"https:\/\/sandzakpress.net\/arhiva\/wp-json\/wp\/v2\/types\/post"}],"author":[{"embeddable":true,"href":"https:\/\/sandzakpress.net\/arhiva\/wp-json\/wp\/v2\/users\/13"}],"replies":[{"embeddable":true,"href":"https:\/\/sandzakpress.net\/arhiva\/wp-json\/wp\/v2\/comments?post=18221"}],"version-history":[{"count":0,"href":"https:\/\/sandzakpress.net\/arhiva\/wp-json\/wp\/v2\/posts\/18221\/revisions"}],"wp:featuredmedia":[{"embeddable":true,"href":"https:\/\/sandzakpress.net\/arhiva\/wp-json\/wp\/v2\/media\/18222"}],"wp:attachment":[{"href":"https:\/\/sandzakpress.net\/arhiva\/wp-json\/wp\/v2\/media?parent=18221"}],"wp:term":[{"taxonomy":"category","embeddable":true,"href":"https:\/\/sandzakpress.net\/arhiva\/wp-json\/wp\/v2\/categories?post=18221"},{"taxonomy":"post_tag","embeddable":true,"href":"https:\/\/sandzakpress.net\/arhiva\/wp-json\/wp\/v2\/tags?post=18221"}],"curies":[{"name":"wp","href":"https:\/\/api.w.org\/{rel}","templated":true}]}}