{"id":182057,"date":"2017-03-14T13:55:20","date_gmt":"2017-03-14T12:55:20","guid":{"rendered":"https:\/\/sandzakpress.net\/arhiva\/?p=182057"},"modified":"2017-03-14T13:55:50","modified_gmt":"2017-03-14T12:55:50","slug":"neke-skole-u-novom-pazaru-od-septembra-uvode-uniforme-za-dake","status":"publish","type":"post","link":"https:\/\/sandzakpress.net\/arhiva\/neke-skole-u-novom-pazaru-od-septembra-uvode-uniforme-za-dake\/","title":{"rendered":"Neke \u0161kole u Novom Pazaru od septembra uvode uniforme za \u0111ake"},"content":{"rendered":"<p><img loading=\"lazy\" decoding=\"async\" class=\"size-full wp-image-29455 aligncenter\" src=\"http:\/\/sanapress.info\/wp-content\/uploads\/2017\/03\/OS-Bratstvo.jpg\" alt=\"\" width=\"600\" height=\"400\" \/><\/p>\n<p><strong>\u0160kolske uniforme- Da ili Ne. Dobra ideja, samo pitanje, ko \u0107e to finansirati. Roditelji, prema svemu sude\u0107i!<\/strong><\/p>\n<p>Uvo\u0111enje \u0161kolskog kodeksa obla\u010denja, odnosno \u0161kolske uniforme za u\u010denike ideja kojom se \u0161kolama omogu\u0107ava da odr\u017ee status institucije gdje se u\u010denik osje\u0107a prihva\u0107eno bez obzira na socijalnu sredinu iz koje dolazi. Ipak, do realizacije ideje, prema svemu sude\u0107i, te\u0161ko.<\/p>\n<p>&#8220;To je dobra ideja ministra i dosta \u0161kola je to pokrenulo van na\u0161e zemlje, ali trebamo biti realni koliko je to izvodljivo.&#8221; ka\u017ee direktor O\u0160 Bratstvo Dejan Kulund\u017ei\u0107.<\/p>\n<p>A finansirati, smatra, ne mo\u017ee niko osim roditelja. Situacija ionako te\u0161ka da bi svaki roditelj \u0161kolsku uniformu mogao priu\u0161titi. Ministarstvo da finansira ogromna je brojka i ogroman projekt jer je gotovo dvije hiljade \u0161kola u Srbiji plus koliko u\u010denika. Ni Grad iz svog prora\u010duna sredstva ne bi mogao osigurati.<\/p>\n<p>Bez obzira na odluku Ministarstva, direktor Osnovne \u0161kole Bratstvo u Novom Pazaru ima ka\u017ee prijedlog kako bi uniforme u njegovoj \u0161koli mogle izgledati, a usvoji li ideju Vije\u0107e roditelja, u\u010denici \u0107e ih nositi ve\u0107 od septembra.<\/p>\n<p>Da podsjetimo, nakon ankete provedene u svim osnovnim i srednjim \u0161kolama na podru\u010dju Srbije, polovina se izjasnila za uvo\u0111enje \u0161kolskih uniformi od naredne \u0161kolske godine. Radi se o polovini od tri i po hiljade osnovnih i srednjih \u0161kola , \u0161to zna\u010di da \u0107e biti obavezne u vi\u0161e od 1.700 osnovnih i srednjih \u0161kola.<\/p>\n<p><iframe loading=\"lazy\" title=\"Da li \u0107e se uvesti uniforme za u\u010denike u Srbiji?\" width=\"696\" height=\"522\" src=\"https:\/\/www.youtube.com\/embed\/WumXS9Bs72c?feature=oembed\" frameborder=\"0\" allow=\"accelerometer; autoplay; encrypted-media; gyroscope; picture-in-picture\" allowfullscreen><\/iframe><\/p>\n<p>Izvor: <a href=\"http:\/\/sanapress.info\/?p=29454\">SANA &#8211; A.Sofi\u0107<\/a><\/p>\n","protected":false},"excerpt":{"rendered":"<p>\u0160kolske uniforme- Da ili Ne. Dobra ideja, samo pitanje, ko \u0107e to finansirati. Roditelji, prema svemu sude\u0107i! Uvo\u0111enje \u0161kolskog kodeksa obla\u010denja, odnosno \u0161kolske uniforme za u\u010denike ideja kojom se \u0161kolama omogu\u0107ava da odr\u017ee status institucije gdje se u\u010denik osje\u0107a prihva\u0107eno bez obzira na socijalnu sredinu iz koje dolazi. Ipak, do realizacije ideje, prema svemu sude\u0107i, [&hellip;]<\/p>\n","protected":false},"author":509,"featured_media":182058,"comment_status":"open","ping_status":"open","sticky":false,"template":"","format":"standard","meta":{"footnotes":""},"categories":[72,4,8957],"tags":[],"class_list":{"0":"post-182057","1":"post","2":"type-post","3":"status-publish","4":"format-standard","5":"has-post-thumbnail","7":"category-novi-pazar","8":"category-obrazovanje","9":"category-vijesti-dana"},"yoast_head":"<!-- This site is optimized with the Yoast SEO Premium plugin v23.1 (Yoast SEO v24.9) - https:\/\/yoast.com\/wordpress\/plugins\/seo\/ -->\n<title>Neke \u0161kole u Novom Pazaru od septembra uvode uniforme za \u0111ake<\/title>\n<meta name=\"robots\" content=\"index, follow, max-snippet:-1, max-image-preview:large, max-video-preview:-1\" \/>\n<link rel=\"canonical\" href=\"https:\/\/sandzakpress.net\/arhiva\/neke-skole-u-novom-pazaru-od-septembra-uvode-uniforme-za-dake\/\" \/>\n<meta property=\"og:locale\" content=\"bs_BA\" \/>\n<meta property=\"og:type\" content=\"article\" \/>\n<meta property=\"og:title\" content=\"Neke \u0161kole u Novom Pazaru od septembra uvode uniforme za \u0111ake\" \/>\n<meta property=\"og:description\" content=\"\u0160kolske uniforme- Da ili Ne. Dobra ideja, samo pitanje, ko \u0107e to finansirati. Roditelji, prema svemu sude\u0107i! Uvo\u0111enje \u0161kolskog kodeksa obla\u010denja, odnosno \u0161kolske uniforme za u\u010denike ideja kojom se \u0161kolama omogu\u0107ava da odr\u017ee status institucije gdje se u\u010denik osje\u0107a prihva\u0107eno bez obzira na socijalnu sredinu iz koje dolazi. Ipak, do realizacije ideje, prema svemu sude\u0107i, [&hellip;]\" \/>\n<meta property=\"og:url\" content=\"https:\/\/sandzakpress.net\/arhiva\/neke-skole-u-novom-pazaru-od-septembra-uvode-uniforme-za-dake\/\" \/>\n<meta property=\"og:site_name\" content=\"Sand\u017eak PRESS\" \/>\n<meta property=\"article:published_time\" content=\"2017-03-14T12:55:20+00:00\" \/>\n<meta property=\"article:modified_time\" content=\"2017-03-14T12:55:50+00:00\" \/>\n<meta property=\"og:image\" content=\"https:\/\/sandzakpress.net\/arhiva\/wp-content\/uploads\/2017\/03\/OS-Bratstvo.jpg\" \/>\n\t<meta property=\"og:image:width\" content=\"600\" \/>\n\t<meta property=\"og:image:height\" content=\"400\" \/>\n\t<meta property=\"og:image:type\" content=\"image\/jpeg\" \/>\n<meta name=\"author\" content=\"Agencija\" \/>\n<meta name=\"twitter:card\" content=\"summary_large_image\" \/>\n<meta name=\"twitter:label1\" content=\"Written by\" \/>\n\t<meta name=\"twitter:data1\" content=\"Agencija\" \/>\n\t<meta name=\"twitter:label2\" content=\"Est. reading time\" \/>\n\t<meta name=\"twitter:data2\" content=\"1 minuta\" \/>\n<script type=\"application\/ld+json\" class=\"yoast-schema-graph\">{\"@context\":\"https:\/\/schema.org\",\"@graph\":[{\"@type\":\"Article\",\"@id\":\"https:\/\/sandzakpress.net\/arhiva\/neke-skole-u-novom-pazaru-od-septembra-uvode-uniforme-za-dake\/#article\",\"isPartOf\":{\"@id\":\"https:\/\/sandzakpress.net\/arhiva\/neke-skole-u-novom-pazaru-od-septembra-uvode-uniforme-za-dake\/\"},\"author\":{\"name\":\"Agencija\",\"@id\":\"https:\/\/sandzakpress.net\/arhiva\/#\/schema\/person\/cb59d7e3ab91ab90dd680ad0305a6185\"},\"headline\":\"Neke \u0161kole u Novom Pazaru od septembra uvode uniforme za \u0111ake\",\"datePublished\":\"2017-03-14T12:55:20+00:00\",\"dateModified\":\"2017-03-14T12:55:50+00:00\",\"mainEntityOfPage\":{\"@id\":\"https:\/\/sandzakpress.net\/arhiva\/neke-skole-u-novom-pazaru-od-septembra-uvode-uniforme-za-dake\/\"},\"wordCount\":268,\"commentCount\":1,\"publisher\":{\"@id\":\"https:\/\/sandzakpress.net\/arhiva\/#\/schema\/person\/6e72b67d6e51910a1117b3b483ba20bd\"},\"image\":{\"@id\":\"https:\/\/sandzakpress.net\/arhiva\/neke-skole-u-novom-pazaru-od-septembra-uvode-uniforme-za-dake\/#primaryimage\"},\"thumbnailUrl\":\"https:\/\/sandzakpress.net\/arhiva\/wp-content\/uploads\/2017\/03\/OS-Bratstvo.jpg\",\"articleSection\":[\"Novi Pazar\",\"Obrazovanje\",\"VIJESTI DANA\"],\"inLanguage\":\"bs-BA\",\"potentialAction\":[{\"@type\":\"CommentAction\",\"name\":\"Comment\",\"target\":[\"https:\/\/sandzakpress.net\/arhiva\/neke-skole-u-novom-pazaru-od-septembra-uvode-uniforme-za-dake\/#respond\"]}]},{\"@type\":\"WebPage\",\"@id\":\"https:\/\/sandzakpress.net\/arhiva\/neke-skole-u-novom-pazaru-od-septembra-uvode-uniforme-za-dake\/\",\"url\":\"https:\/\/sandzakpress.net\/arhiva\/neke-skole-u-novom-pazaru-od-septembra-uvode-uniforme-za-dake\/\",\"name\":\"Neke \u0161kole u Novom Pazaru od septembra uvode uniforme za \u0111ake\",\"isPartOf\":{\"@id\":\"https:\/\/sandzakpress.net\/arhiva\/#website\"},\"primaryImageOfPage\":{\"@id\":\"https:\/\/sandzakpress.net\/arhiva\/neke-skole-u-novom-pazaru-od-septembra-uvode-uniforme-za-dake\/#primaryimage\"},\"image\":{\"@id\":\"https:\/\/sandzakpress.net\/arhiva\/neke-skole-u-novom-pazaru-od-septembra-uvode-uniforme-za-dake\/#primaryimage\"},\"thumbnailUrl\":\"https:\/\/sandzakpress.net\/arhiva\/wp-content\/uploads\/2017\/03\/OS-Bratstvo.jpg\",\"datePublished\":\"2017-03-14T12:55:20+00:00\",\"dateModified\":\"2017-03-14T12:55:50+00:00\",\"breadcrumb\":{\"@id\":\"https:\/\/sandzakpress.net\/arhiva\/neke-skole-u-novom-pazaru-od-septembra-uvode-uniforme-za-dake\/#breadcrumb\"},\"inLanguage\":\"bs-BA\",\"potentialAction\":[{\"@type\":\"ReadAction\",\"target\":[\"https:\/\/sandzakpress.net\/arhiva\/neke-skole-u-novom-pazaru-od-septembra-uvode-uniforme-za-dake\/\"]}]},{\"@type\":\"ImageObject\",\"inLanguage\":\"bs-BA\",\"@id\":\"https:\/\/sandzakpress.net\/arhiva\/neke-skole-u-novom-pazaru-od-septembra-uvode-uniforme-za-dake\/#primaryimage\",\"url\":\"https:\/\/sandzakpress.net\/arhiva\/wp-content\/uploads\/2017\/03\/OS-Bratstvo.jpg\",\"contentUrl\":\"https:\/\/sandzakpress.net\/arhiva\/wp-content\/uploads\/2017\/03\/OS-Bratstvo.jpg\",\"width\":600,\"height\":400},{\"@type\":\"BreadcrumbList\",\"@id\":\"https:\/\/sandzakpress.net\/arhiva\/neke-skole-u-novom-pazaru-od-septembra-uvode-uniforme-za-dake\/#breadcrumb\",\"itemListElement\":[{\"@type\":\"ListItem\",\"position\":1,\"name\":\"Home\",\"item\":\"https:\/\/sandzakpress.net\/arhiva\/\"},{\"@type\":\"ListItem\",\"position\":2,\"name\":\"Neke \u0161kole u Novom Pazaru od septembra uvode uniforme za \u0111ake\"}]},{\"@type\":\"WebSite\",\"@id\":\"https:\/\/sandzakpress.net\/arhiva\/#website\",\"url\":\"https:\/\/sandzakpress.net\/arhiva\/\",\"name\":\"Sand\u017eak PRESS\",\"description\":\"Prve elektronske novine u Sand\u017eaku\",\"publisher\":{\"@id\":\"https:\/\/sandzakpress.net\/arhiva\/#\/schema\/person\/6e72b67d6e51910a1117b3b483ba20bd\"},\"potentialAction\":[{\"@type\":\"SearchAction\",\"target\":{\"@type\":\"EntryPoint\",\"urlTemplate\":\"https:\/\/sandzakpress.net\/arhiva\/?s={search_term_string}\"},\"query-input\":{\"@type\":\"PropertyValueSpecification\",\"valueRequired\":true,\"valueName\":\"search_term_string\"}}],\"inLanguage\":\"bs-BA\"},{\"@type\":[\"Person\",\"Organization\"],\"@id\":\"https:\/\/sandzakpress.net\/arhiva\/#\/schema\/person\/6e72b67d6e51910a1117b3b483ba20bd\",\"name\":\"Kul\",\"image\":{\"@type\":\"ImageObject\",\"inLanguage\":\"bs-BA\",\"@id\":\"https:\/\/sandzakpress.net\/arhiva\/#\/schema\/person\/image\/\",\"url\":\"https:\/\/secure.gravatar.com\/avatar\/42263f39aa27ac04c43cab85c280eb2e?s=96&d=mm&r=pg\",\"contentUrl\":\"https:\/\/secure.gravatar.com\/avatar\/42263f39aa27ac04c43cab85c280eb2e?s=96&d=mm&r=pg\",\"caption\":\"Kul\"},\"logo\":{\"@id\":\"https:\/\/sandzakpress.net\/arhiva\/#\/schema\/person\/image\/\"}},{\"@type\":\"Person\",\"@id\":\"https:\/\/sandzakpress.net\/arhiva\/#\/schema\/person\/cb59d7e3ab91ab90dd680ad0305a6185\",\"name\":\"Agencija\",\"image\":{\"@type\":\"ImageObject\",\"inLanguage\":\"bs-BA\",\"@id\":\"https:\/\/sandzakpress.net\/arhiva\/#\/schema\/person\/image\/\",\"url\":\"https:\/\/secure.gravatar.com\/avatar\/4b7fafa80a22f0c2afe23966b3961fe0?s=96&d=mm&r=pg\",\"contentUrl\":\"https:\/\/secure.gravatar.com\/avatar\/4b7fafa80a22f0c2afe23966b3961fe0?s=96&d=mm&r=pg\",\"caption\":\"Agencija\"},\"url\":\"https:\/\/sandzakpress.net\/arhiva\/author\/agencija\/\"}]}<\/script>\n<!-- \/ Yoast SEO Premium plugin. -->","yoast_head_json":{"title":"Neke \u0161kole u Novom Pazaru od septembra uvode uniforme za \u0111ake","robots":{"index":"index","follow":"follow","max-snippet":"max-snippet:-1","max-image-preview":"max-image-preview:large","max-video-preview":"max-video-preview:-1"},"canonical":"https:\/\/sandzakpress.net\/arhiva\/neke-skole-u-novom-pazaru-od-septembra-uvode-uniforme-za-dake\/","og_locale":"bs_BA","og_type":"article","og_title":"Neke \u0161kole u Novom Pazaru od septembra uvode uniforme za \u0111ake","og_description":"\u0160kolske uniforme- Da ili Ne. Dobra ideja, samo pitanje, ko \u0107e to finansirati. Roditelji, prema svemu sude\u0107i! Uvo\u0111enje \u0161kolskog kodeksa obla\u010denja, odnosno \u0161kolske uniforme za u\u010denike ideja kojom se \u0161kolama omogu\u0107ava da odr\u017ee status institucije gdje se u\u010denik osje\u0107a prihva\u0107eno bez obzira na socijalnu sredinu iz koje dolazi. Ipak, do realizacije ideje, prema svemu sude\u0107i, [&hellip;]","og_url":"https:\/\/sandzakpress.net\/arhiva\/neke-skole-u-novom-pazaru-od-septembra-uvode-uniforme-za-dake\/","og_site_name":"Sand\u017eak PRESS","article_published_time":"2017-03-14T12:55:20+00:00","article_modified_time":"2017-03-14T12:55:50+00:00","og_image":[{"width":600,"height":400,"url":"https:\/\/sandzakpress.net\/arhiva\/wp-content\/uploads\/2017\/03\/OS-Bratstvo.jpg","type":"image\/jpeg"}],"author":"Agencija","twitter_card":"summary_large_image","twitter_misc":{"Written by":"Agencija","Est. reading time":"1 minuta"},"schema":{"@context":"https:\/\/schema.org","@graph":[{"@type":"Article","@id":"https:\/\/sandzakpress.net\/arhiva\/neke-skole-u-novom-pazaru-od-septembra-uvode-uniforme-za-dake\/#article","isPartOf":{"@id":"https:\/\/sandzakpress.net\/arhiva\/neke-skole-u-novom-pazaru-od-septembra-uvode-uniforme-za-dake\/"},"author":{"name":"Agencija","@id":"https:\/\/sandzakpress.net\/arhiva\/#\/schema\/person\/cb59d7e3ab91ab90dd680ad0305a6185"},"headline":"Neke \u0161kole u Novom Pazaru od septembra uvode uniforme za \u0111ake","datePublished":"2017-03-14T12:55:20+00:00","dateModified":"2017-03-14T12:55:50+00:00","mainEntityOfPage":{"@id":"https:\/\/sandzakpress.net\/arhiva\/neke-skole-u-novom-pazaru-od-septembra-uvode-uniforme-za-dake\/"},"wordCount":268,"commentCount":1,"publisher":{"@id":"https:\/\/sandzakpress.net\/arhiva\/#\/schema\/person\/6e72b67d6e51910a1117b3b483ba20bd"},"image":{"@id":"https:\/\/sandzakpress.net\/arhiva\/neke-skole-u-novom-pazaru-od-septembra-uvode-uniforme-za-dake\/#primaryimage"},"thumbnailUrl":"https:\/\/sandzakpress.net\/arhiva\/wp-content\/uploads\/2017\/03\/OS-Bratstvo.jpg","articleSection":["Novi Pazar","Obrazovanje","VIJESTI DANA"],"inLanguage":"bs-BA","potentialAction":[{"@type":"CommentAction","name":"Comment","target":["https:\/\/sandzakpress.net\/arhiva\/neke-skole-u-novom-pazaru-od-septembra-uvode-uniforme-za-dake\/#respond"]}]},{"@type":"WebPage","@id":"https:\/\/sandzakpress.net\/arhiva\/neke-skole-u-novom-pazaru-od-septembra-uvode-uniforme-za-dake\/","url":"https:\/\/sandzakpress.net\/arhiva\/neke-skole-u-novom-pazaru-od-septembra-uvode-uniforme-za-dake\/","name":"Neke \u0161kole u Novom Pazaru od septembra uvode uniforme za \u0111ake","isPartOf":{"@id":"https:\/\/sandzakpress.net\/arhiva\/#website"},"primaryImageOfPage":{"@id":"https:\/\/sandzakpress.net\/arhiva\/neke-skole-u-novom-pazaru-od-septembra-uvode-uniforme-za-dake\/#primaryimage"},"image":{"@id":"https:\/\/sandzakpress.net\/arhiva\/neke-skole-u-novom-pazaru-od-septembra-uvode-uniforme-za-dake\/#primaryimage"},"thumbnailUrl":"https:\/\/sandzakpress.net\/arhiva\/wp-content\/uploads\/2017\/03\/OS-Bratstvo.jpg","datePublished":"2017-03-14T12:55:20+00:00","dateModified":"2017-03-14T12:55:50+00:00","breadcrumb":{"@id":"https:\/\/sandzakpress.net\/arhiva\/neke-skole-u-novom-pazaru-od-septembra-uvode-uniforme-za-dake\/#breadcrumb"},"inLanguage":"bs-BA","potentialAction":[{"@type":"ReadAction","target":["https:\/\/sandzakpress.net\/arhiva\/neke-skole-u-novom-pazaru-od-septembra-uvode-uniforme-za-dake\/"]}]},{"@type":"ImageObject","inLanguage":"bs-BA","@id":"https:\/\/sandzakpress.net\/arhiva\/neke-skole-u-novom-pazaru-od-septembra-uvode-uniforme-za-dake\/#primaryimage","url":"https:\/\/sandzakpress.net\/arhiva\/wp-content\/uploads\/2017\/03\/OS-Bratstvo.jpg","contentUrl":"https:\/\/sandzakpress.net\/arhiva\/wp-content\/uploads\/2017\/03\/OS-Bratstvo.jpg","width":600,"height":400},{"@type":"BreadcrumbList","@id":"https:\/\/sandzakpress.net\/arhiva\/neke-skole-u-novom-pazaru-od-septembra-uvode-uniforme-za-dake\/#breadcrumb","itemListElement":[{"@type":"ListItem","position":1,"name":"Home","item":"https:\/\/sandzakpress.net\/arhiva\/"},{"@type":"ListItem","position":2,"name":"Neke \u0161kole u Novom Pazaru od septembra uvode uniforme za \u0111ake"}]},{"@type":"WebSite","@id":"https:\/\/sandzakpress.net\/arhiva\/#website","url":"https:\/\/sandzakpress.net\/arhiva\/","name":"Sand\u017eak PRESS","description":"Prve elektronske novine u Sand\u017eaku","publisher":{"@id":"https:\/\/sandzakpress.net\/arhiva\/#\/schema\/person\/6e72b67d6e51910a1117b3b483ba20bd"},"potentialAction":[{"@type":"SearchAction","target":{"@type":"EntryPoint","urlTemplate":"https:\/\/sandzakpress.net\/arhiva\/?s={search_term_string}"},"query-input":{"@type":"PropertyValueSpecification","valueRequired":true,"valueName":"search_term_string"}}],"inLanguage":"bs-BA"},{"@type":["Person","Organization"],"@id":"https:\/\/sandzakpress.net\/arhiva\/#\/schema\/person\/6e72b67d6e51910a1117b3b483ba20bd","name":"Kul","image":{"@type":"ImageObject","inLanguage":"bs-BA","@id":"https:\/\/sandzakpress.net\/arhiva\/#\/schema\/person\/image\/","url":"https:\/\/secure.gravatar.com\/avatar\/42263f39aa27ac04c43cab85c280eb2e?s=96&d=mm&r=pg","contentUrl":"https:\/\/secure.gravatar.com\/avatar\/42263f39aa27ac04c43cab85c280eb2e?s=96&d=mm&r=pg","caption":"Kul"},"logo":{"@id":"https:\/\/sandzakpress.net\/arhiva\/#\/schema\/person\/image\/"}},{"@type":"Person","@id":"https:\/\/sandzakpress.net\/arhiva\/#\/schema\/person\/cb59d7e3ab91ab90dd680ad0305a6185","name":"Agencija","image":{"@type":"ImageObject","inLanguage":"bs-BA","@id":"https:\/\/sandzakpress.net\/arhiva\/#\/schema\/person\/image\/","url":"https:\/\/secure.gravatar.com\/avatar\/4b7fafa80a22f0c2afe23966b3961fe0?s=96&d=mm&r=pg","contentUrl":"https:\/\/secure.gravatar.com\/avatar\/4b7fafa80a22f0c2afe23966b3961fe0?s=96&d=mm&r=pg","caption":"Agencija"},"url":"https:\/\/sandzakpress.net\/arhiva\/author\/agencija\/"}]}},"_links":{"self":[{"href":"https:\/\/sandzakpress.net\/arhiva\/wp-json\/wp\/v2\/posts\/182057"}],"collection":[{"href":"https:\/\/sandzakpress.net\/arhiva\/wp-json\/wp\/v2\/posts"}],"about":[{"href":"https:\/\/sandzakpress.net\/arhiva\/wp-json\/wp\/v2\/types\/post"}],"author":[{"embeddable":true,"href":"https:\/\/sandzakpress.net\/arhiva\/wp-json\/wp\/v2\/users\/509"}],"replies":[{"embeddable":true,"href":"https:\/\/sandzakpress.net\/arhiva\/wp-json\/wp\/v2\/comments?post=182057"}],"version-history":[{"count":0,"href":"https:\/\/sandzakpress.net\/arhiva\/wp-json\/wp\/v2\/posts\/182057\/revisions"}],"wp:featuredmedia":[{"embeddable":true,"href":"https:\/\/sandzakpress.net\/arhiva\/wp-json\/wp\/v2\/media\/182058"}],"wp:attachment":[{"href":"https:\/\/sandzakpress.net\/arhiva\/wp-json\/wp\/v2\/media?parent=182057"}],"wp:term":[{"taxonomy":"category","embeddable":true,"href":"https:\/\/sandzakpress.net\/arhiva\/wp-json\/wp\/v2\/categories?post=182057"},{"taxonomy":"post_tag","embeddable":true,"href":"https:\/\/sandzakpress.net\/arhiva\/wp-json\/wp\/v2\/tags?post=182057"}],"curies":[{"name":"wp","href":"https:\/\/api.w.org\/{rel}","templated":true}]}}