{"id":181992,"date":"2017-03-13T22:45:17","date_gmt":"2017-03-13T21:45:17","guid":{"rendered":"https:\/\/sandzakpress.net\/arhiva\/?p=181992"},"modified":"2017-03-13T22:45:17","modified_gmt":"2017-03-13T21:45:17","slug":"muslimani-luksemburga-na-celu-sa-surom-odgovorno-nose-preuzeti-emanet","status":"publish","type":"post","link":"https:\/\/sandzakpress.net\/arhiva\/muslimani-luksemburga-na-celu-sa-surom-odgovorno-nose-preuzeti-emanet\/","title":{"rendered":"Muslimani Luksemburga na \u010delu sa \u0160urom odgovorno nose preuzeti emanet"},"content":{"rendered":"<p><img decoding=\"async\" src=\"http:\/\/www.identitet.lu\/wp-content\/uploads\/2017\/03\/image-0-02-05-35307a181198070387c89aca37f13cd6e75b6ee651b21cb3f2156b14518bd656-V.jpg\" \/><\/p>\n<p><strong>Luksemburg &#8211; Nakon \u0161to je proces konvencionisanja islama u Luksemburgu uspje\u0161no priveden kraju, vrhovni predstavni\u010dki organ muslimana Velikog vojvodstva \u2013 \u0160ura (Shoura), nastavlja sa svojim radom fokusiraju\u0107i se na re\u0161avanje preostalih otvorenih pitanja za muslimane ove zemlje.<\/strong><\/p>\n<p>U tom kontekstu, nedavno je raspisan konkurs za mjesto sekretara \u0160ure, tako da \u0107e u bliskoj budu\u0107nosti biti objavljeno ime kandidata koji je odabran da obavlja tu, za muslimane ali i za sve ostale gra\u0111ane Luksemburga, vrlo va\u017enu odgovornost.<\/p>\n<p>Ujedno, svi preostali d\u017eematu u Luksemburgu izuzev jednog, koji do sada nisu bili \u010dlanovi \u0160ure, predali su svoj zahtjev za pristup istoj, tako da se trenutno ula\u017ee veliki napor na putu usagla\u0161avanja svih detalja kako bi se i taj zapo\u010deti proces uspje\u0161no realizovao.<\/p>\n<p>Ve\u0107 du\u017ei period \u0160ura aktivno radi i na uspostavljanju dobrih odnosa sa raznim zna\u010dajnim institucijama, ustanovama i predstavni\u010dkim tijelima. U tom kontekstu zna\u010dajno je pomenuti napore koji se ula\u017eu kako bi se uspostavila bratska suradnja sa ambasadom Saudijske Arabije u Briselu, sa ciljem olak\u0161avanja procedure izdavanja viza za had\u017eije iz Luksemburga kojih je iz godine u godinu sve vi\u0161e. S tim u vezi, realizovan je zna\u010dajan napredak u odnosu na prethodni period, \u010demu svjedo\u010di i ponuda ambasade Saudijske Arabije da u svojstvu gostiju \u010cuvara dva sveta harema, tj. kralja Selmana i o njegovom tro\u0161ku, na had\u017e ove godine otputuju 2 muslimana iz Luksemburga.<\/p>\n<p>Na ponudu ambasade, \u0160ura je zatra\u017eila od svih d\u017eemata \u010dlanova, da predlo\u017ee po 2 kandidata, te se nakon objedinjavanja imena svih predlo\u017eenih kandidata, obavilo izvla\u010denje sretnog dobitnika. Izvla\u010denje se obavilo u subotu ve\u010de u prostorijama d\u017eemata AIL. Na po\u010detku, prisutnima se kratkim vazom obratio hafiz Edis ef. Gor\u010devi\u0107. Zatim je obavljeno izvla\u010denje. Iz kutije sa ceduljicama na kojima su napisana imena kandidata, izvu\u010deno je ime Mustafe Junuzovi\u0107a koji je predlo\u017een ispred d\u017eemata CCIL-a. Druga osoba koja \u0107e u istom aran\u017emanu ove godine i\u0107i na had\u017e je Sabahudin \u0160ehi\u0107 ispred d\u017eemata AIL, kojem je prethodne godine ambasador Saudijske Arabije u Briselu li\u010dno u prisustvu \u010dlanova \u0160ure obe\u0107ao odlazak na taj mubarek put. Na kraju ve\u010deri, sakupljana su nov\u010dana sredstva za potrebe kupovine prostorija za d\u017eamiju u gradu Differdan\u017ee, te je tom prilikom prikupljeno 2 760 \u20ac, sa \u010dime su muslimani Luksemburga jo\u0161 jednom potvrdili svoje jedinstvo i dobre me\u0111ubratske odnose.<\/p>\n<p>Sigurno smo da \u0107e i u narednom periodu, \u0160ura kao predstavni\u010dki organ muslimana Luksemburga, ali i d\u017eemati kao osnovne organizacione jedinice muslimana uop\u0161teno, odgovorno nositi emanet koji su preuzeli.<\/p>\n<p>IDENTITET.LU<\/p>\n","protected":false},"excerpt":{"rendered":"<p>Luksemburg &#8211; Nakon \u0161to je proces konvencionisanja islama u Luksemburgu uspje\u0161no priveden kraju, vrhovni predstavni\u010dki organ muslimana Velikog vojvodstva \u2013 \u0160ura (Shoura), nastavlja sa svojim radom fokusiraju\u0107i se na re\u0161avanje preostalih otvorenih pitanja za muslimane ove zemlje. U tom kontekstu, nedavno je raspisan konkurs za mjesto sekretara \u0160ure, tako da \u0107e u bliskoj budu\u0107nosti biti [&hellip;]<\/p>\n","protected":false},"author":509,"featured_media":181993,"comment_status":"open","ping_status":"open","sticky":false,"template":"","format":"standard","meta":{"footnotes":""},"categories":[802,9549,798,10429],"tags":[],"class_list":{"0":"post-181992","1":"post","2":"type-post","3":"status-publish","4":"format-standard","5":"has-post-thumbnail","7":"category-islamska_zajednica","8":"category-luxemburg","9":"category-teme","10":"category-vazno"},"yoast_head":"<!-- This site is optimized with the Yoast SEO Premium plugin v23.1 (Yoast SEO v24.9) - https:\/\/yoast.com\/wordpress\/plugins\/seo\/ -->\n<title>Muslimani Luksemburga na \u010delu sa \u0160urom odgovorno nose preuzeti emanet<\/title>\n<meta name=\"robots\" content=\"index, follow, max-snippet:-1, max-image-preview:large, max-video-preview:-1\" \/>\n<link rel=\"canonical\" href=\"https:\/\/sandzakpress.net\/arhiva\/muslimani-luksemburga-na-celu-sa-surom-odgovorno-nose-preuzeti-emanet\/\" \/>\n<meta property=\"og:locale\" content=\"bs_BA\" \/>\n<meta property=\"og:type\" content=\"article\" \/>\n<meta property=\"og:title\" content=\"Muslimani Luksemburga na \u010delu sa \u0160urom odgovorno nose preuzeti emanet\" \/>\n<meta property=\"og:description\" content=\"Luksemburg &#8211; Nakon \u0161to je proces konvencionisanja islama u Luksemburgu uspje\u0161no priveden kraju, vrhovni predstavni\u010dki organ muslimana Velikog vojvodstva \u2013 \u0160ura (Shoura), nastavlja sa svojim radom fokusiraju\u0107i se na re\u0161avanje preostalih otvorenih pitanja za muslimane ove zemlje. U tom kontekstu, nedavno je raspisan konkurs za mjesto sekretara \u0160ure, tako da \u0107e u bliskoj budu\u0107nosti biti [&hellip;]\" \/>\n<meta property=\"og:url\" content=\"https:\/\/sandzakpress.net\/arhiva\/muslimani-luksemburga-na-celu-sa-surom-odgovorno-nose-preuzeti-emanet\/\" \/>\n<meta property=\"og:site_name\" content=\"Sand\u017eak PRESS\" \/>\n<meta property=\"article:published_time\" content=\"2017-03-13T21:45:17+00:00\" \/>\n<meta property=\"og:image\" content=\"https:\/\/sandzakpress.net\/arhiva\/wp-content\/uploads\/2017\/03\/image-0-02-05-35307a181198070387c89aca37f13cd6e75b6ee651b21cb3f2156b14518bd656-V.jpg\" \/>\n\t<meta property=\"og:image:width\" content=\"1280\" \/>\n\t<meta property=\"og:image:height\" content=\"720\" \/>\n\t<meta property=\"og:image:type\" content=\"image\/jpeg\" \/>\n<meta name=\"author\" content=\"Agencija\" \/>\n<meta name=\"twitter:card\" content=\"summary_large_image\" \/>\n<meta name=\"twitter:label1\" content=\"Written by\" \/>\n\t<meta name=\"twitter:data1\" content=\"Agencija\" \/>\n\t<meta name=\"twitter:label2\" content=\"Est. reading time\" \/>\n\t<meta name=\"twitter:data2\" content=\"2 minute\" \/>\n<script type=\"application\/ld+json\" class=\"yoast-schema-graph\">{\"@context\":\"https:\/\/schema.org\",\"@graph\":[{\"@type\":\"Article\",\"@id\":\"https:\/\/sandzakpress.net\/arhiva\/muslimani-luksemburga-na-celu-sa-surom-odgovorno-nose-preuzeti-emanet\/#article\",\"isPartOf\":{\"@id\":\"https:\/\/sandzakpress.net\/arhiva\/muslimani-luksemburga-na-celu-sa-surom-odgovorno-nose-preuzeti-emanet\/\"},\"author\":{\"name\":\"Agencija\",\"@id\":\"https:\/\/sandzakpress.net\/arhiva\/#\/schema\/person\/cb59d7e3ab91ab90dd680ad0305a6185\"},\"headline\":\"Muslimani Luksemburga na \u010delu sa \u0160urom odgovorno nose preuzeti emanet\",\"datePublished\":\"2017-03-13T21:45:17+00:00\",\"mainEntityOfPage\":{\"@id\":\"https:\/\/sandzakpress.net\/arhiva\/muslimani-luksemburga-na-celu-sa-surom-odgovorno-nose-preuzeti-emanet\/\"},\"wordCount\":457,\"commentCount\":0,\"publisher\":{\"@id\":\"https:\/\/sandzakpress.net\/arhiva\/#\/schema\/person\/6e72b67d6e51910a1117b3b483ba20bd\"},\"image\":{\"@id\":\"https:\/\/sandzakpress.net\/arhiva\/muslimani-luksemburga-na-celu-sa-surom-odgovorno-nose-preuzeti-emanet\/#primaryimage\"},\"thumbnailUrl\":\"https:\/\/sandzakpress.net\/arhiva\/wp-content\/uploads\/2017\/03\/image-0-02-05-35307a181198070387c89aca37f13cd6e75b6ee651b21cb3f2156b14518bd656-V.jpg\",\"articleSection\":[\"Islamska zajednica\",\"Luksemburg\",\"NAJNOVIJE\",\"VA\u017dNO!\"],\"inLanguage\":\"bs-BA\",\"potentialAction\":[{\"@type\":\"CommentAction\",\"name\":\"Comment\",\"target\":[\"https:\/\/sandzakpress.net\/arhiva\/muslimani-luksemburga-na-celu-sa-surom-odgovorno-nose-preuzeti-emanet\/#respond\"]}]},{\"@type\":\"WebPage\",\"@id\":\"https:\/\/sandzakpress.net\/arhiva\/muslimani-luksemburga-na-celu-sa-surom-odgovorno-nose-preuzeti-emanet\/\",\"url\":\"https:\/\/sandzakpress.net\/arhiva\/muslimani-luksemburga-na-celu-sa-surom-odgovorno-nose-preuzeti-emanet\/\",\"name\":\"Muslimani Luksemburga na \u010delu sa \u0160urom odgovorno nose preuzeti emanet\",\"isPartOf\":{\"@id\":\"https:\/\/sandzakpress.net\/arhiva\/#website\"},\"primaryImageOfPage\":{\"@id\":\"https:\/\/sandzakpress.net\/arhiva\/muslimani-luksemburga-na-celu-sa-surom-odgovorno-nose-preuzeti-emanet\/#primaryimage\"},\"image\":{\"@id\":\"https:\/\/sandzakpress.net\/arhiva\/muslimani-luksemburga-na-celu-sa-surom-odgovorno-nose-preuzeti-emanet\/#primaryimage\"},\"thumbnailUrl\":\"https:\/\/sandzakpress.net\/arhiva\/wp-content\/uploads\/2017\/03\/image-0-02-05-35307a181198070387c89aca37f13cd6e75b6ee651b21cb3f2156b14518bd656-V.jpg\",\"datePublished\":\"2017-03-13T21:45:17+00:00\",\"breadcrumb\":{\"@id\":\"https:\/\/sandzakpress.net\/arhiva\/muslimani-luksemburga-na-celu-sa-surom-odgovorno-nose-preuzeti-emanet\/#breadcrumb\"},\"inLanguage\":\"bs-BA\",\"potentialAction\":[{\"@type\":\"ReadAction\",\"target\":[\"https:\/\/sandzakpress.net\/arhiva\/muslimani-luksemburga-na-celu-sa-surom-odgovorno-nose-preuzeti-emanet\/\"]}]},{\"@type\":\"ImageObject\",\"inLanguage\":\"bs-BA\",\"@id\":\"https:\/\/sandzakpress.net\/arhiva\/muslimani-luksemburga-na-celu-sa-surom-odgovorno-nose-preuzeti-emanet\/#primaryimage\",\"url\":\"https:\/\/sandzakpress.net\/arhiva\/wp-content\/uploads\/2017\/03\/image-0-02-05-35307a181198070387c89aca37f13cd6e75b6ee651b21cb3f2156b14518bd656-V.jpg\",\"contentUrl\":\"https:\/\/sandzakpress.net\/arhiva\/wp-content\/uploads\/2017\/03\/image-0-02-05-35307a181198070387c89aca37f13cd6e75b6ee651b21cb3f2156b14518bd656-V.jpg\",\"width\":1280,\"height\":720},{\"@type\":\"BreadcrumbList\",\"@id\":\"https:\/\/sandzakpress.net\/arhiva\/muslimani-luksemburga-na-celu-sa-surom-odgovorno-nose-preuzeti-emanet\/#breadcrumb\",\"itemListElement\":[{\"@type\":\"ListItem\",\"position\":1,\"name\":\"Home\",\"item\":\"https:\/\/sandzakpress.net\/arhiva\/\"},{\"@type\":\"ListItem\",\"position\":2,\"name\":\"Muslimani Luksemburga na \u010delu sa \u0160urom odgovorno nose preuzeti emanet\"}]},{\"@type\":\"WebSite\",\"@id\":\"https:\/\/sandzakpress.net\/arhiva\/#website\",\"url\":\"https:\/\/sandzakpress.net\/arhiva\/\",\"name\":\"Sand\u017eak PRESS\",\"description\":\"Prve elektronske novine u Sand\u017eaku\",\"publisher\":{\"@id\":\"https:\/\/sandzakpress.net\/arhiva\/#\/schema\/person\/6e72b67d6e51910a1117b3b483ba20bd\"},\"potentialAction\":[{\"@type\":\"SearchAction\",\"target\":{\"@type\":\"EntryPoint\",\"urlTemplate\":\"https:\/\/sandzakpress.net\/arhiva\/?s={search_term_string}\"},\"query-input\":{\"@type\":\"PropertyValueSpecification\",\"valueRequired\":true,\"valueName\":\"search_term_string\"}}],\"inLanguage\":\"bs-BA\"},{\"@type\":[\"Person\",\"Organization\"],\"@id\":\"https:\/\/sandzakpress.net\/arhiva\/#\/schema\/person\/6e72b67d6e51910a1117b3b483ba20bd\",\"name\":\"Kul\",\"image\":{\"@type\":\"ImageObject\",\"inLanguage\":\"bs-BA\",\"@id\":\"https:\/\/sandzakpress.net\/arhiva\/#\/schema\/person\/image\/\",\"url\":\"https:\/\/secure.gravatar.com\/avatar\/42263f39aa27ac04c43cab85c280eb2e?s=96&d=mm&r=pg\",\"contentUrl\":\"https:\/\/secure.gravatar.com\/avatar\/42263f39aa27ac04c43cab85c280eb2e?s=96&d=mm&r=pg\",\"caption\":\"Kul\"},\"logo\":{\"@id\":\"https:\/\/sandzakpress.net\/arhiva\/#\/schema\/person\/image\/\"}},{\"@type\":\"Person\",\"@id\":\"https:\/\/sandzakpress.net\/arhiva\/#\/schema\/person\/cb59d7e3ab91ab90dd680ad0305a6185\",\"name\":\"Agencija\",\"image\":{\"@type\":\"ImageObject\",\"inLanguage\":\"bs-BA\",\"@id\":\"https:\/\/sandzakpress.net\/arhiva\/#\/schema\/person\/image\/\",\"url\":\"https:\/\/secure.gravatar.com\/avatar\/4b7fafa80a22f0c2afe23966b3961fe0?s=96&d=mm&r=pg\",\"contentUrl\":\"https:\/\/secure.gravatar.com\/avatar\/4b7fafa80a22f0c2afe23966b3961fe0?s=96&d=mm&r=pg\",\"caption\":\"Agencija\"},\"url\":\"https:\/\/sandzakpress.net\/arhiva\/author\/agencija\/\"}]}<\/script>\n<!-- \/ Yoast SEO Premium plugin. -->","yoast_head_json":{"title":"Muslimani Luksemburga na \u010delu sa \u0160urom odgovorno nose preuzeti emanet","robots":{"index":"index","follow":"follow","max-snippet":"max-snippet:-1","max-image-preview":"max-image-preview:large","max-video-preview":"max-video-preview:-1"},"canonical":"https:\/\/sandzakpress.net\/arhiva\/muslimani-luksemburga-na-celu-sa-surom-odgovorno-nose-preuzeti-emanet\/","og_locale":"bs_BA","og_type":"article","og_title":"Muslimani Luksemburga na \u010delu sa \u0160urom odgovorno nose preuzeti emanet","og_description":"Luksemburg &#8211; Nakon \u0161to je proces konvencionisanja islama u Luksemburgu uspje\u0161no priveden kraju, vrhovni predstavni\u010dki organ muslimana Velikog vojvodstva \u2013 \u0160ura (Shoura), nastavlja sa svojim radom fokusiraju\u0107i se na re\u0161avanje preostalih otvorenih pitanja za muslimane ove zemlje. U tom kontekstu, nedavno je raspisan konkurs za mjesto sekretara \u0160ure, tako da \u0107e u bliskoj budu\u0107nosti biti [&hellip;]","og_url":"https:\/\/sandzakpress.net\/arhiva\/muslimani-luksemburga-na-celu-sa-surom-odgovorno-nose-preuzeti-emanet\/","og_site_name":"Sand\u017eak PRESS","article_published_time":"2017-03-13T21:45:17+00:00","og_image":[{"width":1280,"height":720,"url":"https:\/\/sandzakpress.net\/arhiva\/wp-content\/uploads\/2017\/03\/image-0-02-05-35307a181198070387c89aca37f13cd6e75b6ee651b21cb3f2156b14518bd656-V.jpg","type":"image\/jpeg"}],"author":"Agencija","twitter_card":"summary_large_image","twitter_misc":{"Written by":"Agencija","Est. reading time":"2 minute"},"schema":{"@context":"https:\/\/schema.org","@graph":[{"@type":"Article","@id":"https:\/\/sandzakpress.net\/arhiva\/muslimani-luksemburga-na-celu-sa-surom-odgovorno-nose-preuzeti-emanet\/#article","isPartOf":{"@id":"https:\/\/sandzakpress.net\/arhiva\/muslimani-luksemburga-na-celu-sa-surom-odgovorno-nose-preuzeti-emanet\/"},"author":{"name":"Agencija","@id":"https:\/\/sandzakpress.net\/arhiva\/#\/schema\/person\/cb59d7e3ab91ab90dd680ad0305a6185"},"headline":"Muslimani Luksemburga na \u010delu sa \u0160urom odgovorno nose preuzeti emanet","datePublished":"2017-03-13T21:45:17+00:00","mainEntityOfPage":{"@id":"https:\/\/sandzakpress.net\/arhiva\/muslimani-luksemburga-na-celu-sa-surom-odgovorno-nose-preuzeti-emanet\/"},"wordCount":457,"commentCount":0,"publisher":{"@id":"https:\/\/sandzakpress.net\/arhiva\/#\/schema\/person\/6e72b67d6e51910a1117b3b483ba20bd"},"image":{"@id":"https:\/\/sandzakpress.net\/arhiva\/muslimani-luksemburga-na-celu-sa-surom-odgovorno-nose-preuzeti-emanet\/#primaryimage"},"thumbnailUrl":"https:\/\/sandzakpress.net\/arhiva\/wp-content\/uploads\/2017\/03\/image-0-02-05-35307a181198070387c89aca37f13cd6e75b6ee651b21cb3f2156b14518bd656-V.jpg","articleSection":["Islamska zajednica","Luksemburg","NAJNOVIJE","VA\u017dNO!"],"inLanguage":"bs-BA","potentialAction":[{"@type":"CommentAction","name":"Comment","target":["https:\/\/sandzakpress.net\/arhiva\/muslimani-luksemburga-na-celu-sa-surom-odgovorno-nose-preuzeti-emanet\/#respond"]}]},{"@type":"WebPage","@id":"https:\/\/sandzakpress.net\/arhiva\/muslimani-luksemburga-na-celu-sa-surom-odgovorno-nose-preuzeti-emanet\/","url":"https:\/\/sandzakpress.net\/arhiva\/muslimani-luksemburga-na-celu-sa-surom-odgovorno-nose-preuzeti-emanet\/","name":"Muslimani Luksemburga na \u010delu sa \u0160urom odgovorno nose preuzeti emanet","isPartOf":{"@id":"https:\/\/sandzakpress.net\/arhiva\/#website"},"primaryImageOfPage":{"@id":"https:\/\/sandzakpress.net\/arhiva\/muslimani-luksemburga-na-celu-sa-surom-odgovorno-nose-preuzeti-emanet\/#primaryimage"},"image":{"@id":"https:\/\/sandzakpress.net\/arhiva\/muslimani-luksemburga-na-celu-sa-surom-odgovorno-nose-preuzeti-emanet\/#primaryimage"},"thumbnailUrl":"https:\/\/sandzakpress.net\/arhiva\/wp-content\/uploads\/2017\/03\/image-0-02-05-35307a181198070387c89aca37f13cd6e75b6ee651b21cb3f2156b14518bd656-V.jpg","datePublished":"2017-03-13T21:45:17+00:00","breadcrumb":{"@id":"https:\/\/sandzakpress.net\/arhiva\/muslimani-luksemburga-na-celu-sa-surom-odgovorno-nose-preuzeti-emanet\/#breadcrumb"},"inLanguage":"bs-BA","potentialAction":[{"@type":"ReadAction","target":["https:\/\/sandzakpress.net\/arhiva\/muslimani-luksemburga-na-celu-sa-surom-odgovorno-nose-preuzeti-emanet\/"]}]},{"@type":"ImageObject","inLanguage":"bs-BA","@id":"https:\/\/sandzakpress.net\/arhiva\/muslimani-luksemburga-na-celu-sa-surom-odgovorno-nose-preuzeti-emanet\/#primaryimage","url":"https:\/\/sandzakpress.net\/arhiva\/wp-content\/uploads\/2017\/03\/image-0-02-05-35307a181198070387c89aca37f13cd6e75b6ee651b21cb3f2156b14518bd656-V.jpg","contentUrl":"https:\/\/sandzakpress.net\/arhiva\/wp-content\/uploads\/2017\/03\/image-0-02-05-35307a181198070387c89aca37f13cd6e75b6ee651b21cb3f2156b14518bd656-V.jpg","width":1280,"height":720},{"@type":"BreadcrumbList","@id":"https:\/\/sandzakpress.net\/arhiva\/muslimani-luksemburga-na-celu-sa-surom-odgovorno-nose-preuzeti-emanet\/#breadcrumb","itemListElement":[{"@type":"ListItem","position":1,"name":"Home","item":"https:\/\/sandzakpress.net\/arhiva\/"},{"@type":"ListItem","position":2,"name":"Muslimani Luksemburga na \u010delu sa \u0160urom odgovorno nose preuzeti emanet"}]},{"@type":"WebSite","@id":"https:\/\/sandzakpress.net\/arhiva\/#website","url":"https:\/\/sandzakpress.net\/arhiva\/","name":"Sand\u017eak PRESS","description":"Prve elektronske novine u Sand\u017eaku","publisher":{"@id":"https:\/\/sandzakpress.net\/arhiva\/#\/schema\/person\/6e72b67d6e51910a1117b3b483ba20bd"},"potentialAction":[{"@type":"SearchAction","target":{"@type":"EntryPoint","urlTemplate":"https:\/\/sandzakpress.net\/arhiva\/?s={search_term_string}"},"query-input":{"@type":"PropertyValueSpecification","valueRequired":true,"valueName":"search_term_string"}}],"inLanguage":"bs-BA"},{"@type":["Person","Organization"],"@id":"https:\/\/sandzakpress.net\/arhiva\/#\/schema\/person\/6e72b67d6e51910a1117b3b483ba20bd","name":"Kul","image":{"@type":"ImageObject","inLanguage":"bs-BA","@id":"https:\/\/sandzakpress.net\/arhiva\/#\/schema\/person\/image\/","url":"https:\/\/secure.gravatar.com\/avatar\/42263f39aa27ac04c43cab85c280eb2e?s=96&d=mm&r=pg","contentUrl":"https:\/\/secure.gravatar.com\/avatar\/42263f39aa27ac04c43cab85c280eb2e?s=96&d=mm&r=pg","caption":"Kul"},"logo":{"@id":"https:\/\/sandzakpress.net\/arhiva\/#\/schema\/person\/image\/"}},{"@type":"Person","@id":"https:\/\/sandzakpress.net\/arhiva\/#\/schema\/person\/cb59d7e3ab91ab90dd680ad0305a6185","name":"Agencija","image":{"@type":"ImageObject","inLanguage":"bs-BA","@id":"https:\/\/sandzakpress.net\/arhiva\/#\/schema\/person\/image\/","url":"https:\/\/secure.gravatar.com\/avatar\/4b7fafa80a22f0c2afe23966b3961fe0?s=96&d=mm&r=pg","contentUrl":"https:\/\/secure.gravatar.com\/avatar\/4b7fafa80a22f0c2afe23966b3961fe0?s=96&d=mm&r=pg","caption":"Agencija"},"url":"https:\/\/sandzakpress.net\/arhiva\/author\/agencija\/"}]}},"_links":{"self":[{"href":"https:\/\/sandzakpress.net\/arhiva\/wp-json\/wp\/v2\/posts\/181992"}],"collection":[{"href":"https:\/\/sandzakpress.net\/arhiva\/wp-json\/wp\/v2\/posts"}],"about":[{"href":"https:\/\/sandzakpress.net\/arhiva\/wp-json\/wp\/v2\/types\/post"}],"author":[{"embeddable":true,"href":"https:\/\/sandzakpress.net\/arhiva\/wp-json\/wp\/v2\/users\/509"}],"replies":[{"embeddable":true,"href":"https:\/\/sandzakpress.net\/arhiva\/wp-json\/wp\/v2\/comments?post=181992"}],"version-history":[{"count":0,"href":"https:\/\/sandzakpress.net\/arhiva\/wp-json\/wp\/v2\/posts\/181992\/revisions"}],"wp:featuredmedia":[{"embeddable":true,"href":"https:\/\/sandzakpress.net\/arhiva\/wp-json\/wp\/v2\/media\/181993"}],"wp:attachment":[{"href":"https:\/\/sandzakpress.net\/arhiva\/wp-json\/wp\/v2\/media?parent=181992"}],"wp:term":[{"taxonomy":"category","embeddable":true,"href":"https:\/\/sandzakpress.net\/arhiva\/wp-json\/wp\/v2\/categories?post=181992"},{"taxonomy":"post_tag","embeddable":true,"href":"https:\/\/sandzakpress.net\/arhiva\/wp-json\/wp\/v2\/tags?post=181992"}],"curies":[{"name":"wp","href":"https:\/\/api.w.org\/{rel}","templated":true}]}}