{"id":1817,"date":"2010-01-30T16:17:09","date_gmt":"2010-01-30T15:17:09","guid":{"rendered":"https:\/\/sandzakpress.net\/arhiva\/?p=1817"},"modified":"2010-01-30T16:17:09","modified_gmt":"2010-01-30T15:17:09","slug":"muamer-bacevac-predsjednik-gradskog-odbora-sdp-a","status":"publish","type":"post","link":"https:\/\/sandzakpress.net\/arhiva\/muamer-bacevac-predsjednik-gradskog-odbora-sdp-a\/","title":{"rendered":"Muamer Ba\u010devac predsjednik Gradskog odbora SDP-a"},"content":{"rendered":"<p><strong><a href=\"https:\/\/sandzakpress.net\/arhiva\/wp-content\/uploads\/2010\/01\/sdps.jpg\"><img loading=\"lazy\" decoding=\"async\" class=\"alignleft size-medium wp-image-1818\" title=\"sdps\" src=\"https:\/\/sandzakpress.net\/arhiva\/wp-content\/uploads\/2010\/01\/sdps-300x104.jpg\" alt=\"\" width=\"300\" height=\"104\" \/><\/a>Srbija &#8211; Na Skup\u0161tini Gradskog odbora Sand\u017ea\u010dke demokratske partije u Novom pazaru za predsjednika je izabran Muamer Ba\u010devac, ljekar u ovda\u0161njem Zdravstvenom centru i \u0161ef odborni\u010dkog kluba koalicije Za evropski Novi Pazar.<\/strong><\/p>\n<p>Osim predsjednika, izabran je i pedeseto\u010dlani novi Gradski odbor stranke, koji \u010dine uglavnom mladi i obrazovani ljudi.<\/p>\n<p>Osniva\u010d ove partije Rasim Ljaji\u0107 je izrazio zadovoljstvo novim timom mladih ljudi, koji su, kako je rekao, najve\u0107e bogatstvo i budu\u0107nost bo\u0161nja\u010dkog naroda i Sand\u017eaka, snaga u koju treba da se vjeruje, ula\u017ee i invenstira.<\/p>\n<p>\u201eImamo jo\u0161\u00a0dve i po godine vlasti i taj period moramo da iskoristimo za ne\u0161to \u0161to \u0107e ostati iza nas. Te\u0161ko je, ali moramo da probudimo optimizam i nadu ovog naroda u Sand\u017eaku. To podrazumijeva veliki rad, ali moramo i da mijenjamo sebe. Smjenili smo mnoge na\u0161e ljude po Sand\u017eaku i mijenjat \u0107emo sve dok ne do\u0111e najbolja garnitura. Tra\u017eit \u0107emo i da se mijenjaju na\u0161i koalicioni partneri. Ne\u0107emo dopustiti da do 3 sata budemo koalicija, a posle toga me\u0111usobna opozicija\u201d, rekao je Ljaji\u0107.<\/p>\n<p>On je za ovu godinu najavio nove investicije u Novi Pazar, izgradnju \u0161kola, obdani\u0161ta, doma za stare i po\u010detak izgradnje kazneno-popravnog zavoda.<\/p>\n<p>Ljaji\u0107 je rekao da \u0107e SDP i novoosnovana Socijaldemokratska partija Srbije (SDPS), na \u010dijem je on \u010delu, zajedno igrati veliku utakmicu .<\/p>\n<p>\u201cSDPS\u00a0 bi\u0107e politi\u010dki faktor u Srbiji. Na izborima u Negotinu u\u010destvovat \u0107emo sami i napravit \u0107emo rezultat, kao \u0161to \u0107emo i u Srbiji napraviti rezultat\u201d, rekao je Ljaji\u0107.<\/p>\n<p>Ljaji\u0107 je dodao da u Sand\u017eaku ne mo\u017ee imati deset stranaka.<\/p>\n<p>\u201cTo je mnogo za bilo koji narod, a kod nas ko god se naljuti na nekoga osniva svoju stranku, da bi mu se osvetio. Posle sljede\u0107ih izbora ostat \u0107e dvije ili tri stranke\u201c, rekao je Ljaji\u0107.<\/p>\n<p>On je pred vi\u0161e stotina \u010dlanova i simpatizera ove stranke, u sali Kulturnog centra, obe\u0107ao da Sand\u017eak ne\u0107e biti podijeljen u dva regiona.<\/p>\n<p>Izvor: <strong>RadioStoPlus.com<\/strong><\/p>\n","protected":false},"excerpt":{"rendered":"<p>Srbija &#8211; Na Skup\u0161tini Gradskog odbora Sand\u017ea\u010dke demokratske partije u Novom pazaru za predsjednika je izabran Muamer Ba\u010devac, ljekar u ovda\u0161njem Zdravstvenom centru i \u0161ef odborni\u010dkog kluba koalicije Za evropski Novi Pazar. Osim predsjednika, izabran je i pedeseto\u010dlani novi Gradski odbor stranke, koji \u010dine uglavnom mladi i obrazovani ljudi. Osniva\u010d ove partije Rasim Ljaji\u0107 je [&hellip;]<\/p>\n","protected":false},"author":83,"featured_media":1818,"comment_status":"open","ping_status":"open","sticky":false,"template":"","format":"standard","meta":{"footnotes":""},"categories":[1],"tags":[],"class_list":{"0":"post-1817","1":"post","2":"type-post","3":"status-publish","4":"format-standard","5":"has-post-thumbnail","7":"category-politika"},"yoast_head":"<!-- This site is optimized with the Yoast SEO Premium plugin v23.1 (Yoast SEO v24.9) - https:\/\/yoast.com\/wordpress\/plugins\/seo\/ -->\n<title>Muamer Ba\u010devac predsjednik Gradskog odbora SDP-a<\/title>\n<meta name=\"robots\" content=\"index, follow, max-snippet:-1, max-image-preview:large, max-video-preview:-1\" \/>\n<link rel=\"canonical\" href=\"https:\/\/sandzakpress.net\/arhiva\/muamer-bacevac-predsjednik-gradskog-odbora-sdp-a\/\" \/>\n<meta property=\"og:locale\" content=\"bs_BA\" \/>\n<meta property=\"og:type\" content=\"article\" \/>\n<meta property=\"og:title\" content=\"Muamer Ba\u010devac predsjednik Gradskog odbora SDP-a\" \/>\n<meta property=\"og:description\" content=\"Srbija &#8211; Na Skup\u0161tini Gradskog odbora Sand\u017ea\u010dke demokratske partije u Novom pazaru za predsjednika je izabran Muamer Ba\u010devac, ljekar u ovda\u0161njem Zdravstvenom centru i \u0161ef odborni\u010dkog kluba koalicije Za evropski Novi Pazar. Osim predsjednika, izabran je i pedeseto\u010dlani novi Gradski odbor stranke, koji \u010dine uglavnom mladi i obrazovani ljudi. Osniva\u010d ove partije Rasim Ljaji\u0107 je [&hellip;]\" \/>\n<meta property=\"og:url\" content=\"https:\/\/sandzakpress.net\/arhiva\/muamer-bacevac-predsjednik-gradskog-odbora-sdp-a\/\" \/>\n<meta property=\"og:site_name\" content=\"Sand\u017eak PRESS\" \/>\n<meta property=\"article:published_time\" content=\"2010-01-30T15:17:09+00:00\" \/>\n<meta property=\"og:image\" content=\"https:\/\/sandzakpress.net\/arhiva\/wp-content\/uploads\/2010\/01\/sdps.jpg\" \/>\n\t<meta property=\"og:image:width\" content=\"304\" \/>\n\t<meta property=\"og:image:height\" content=\"106\" \/>\n\t<meta property=\"og:image:type\" content=\"image\/jpeg\" \/>\n<meta name=\"author\" content=\"bosniak\" \/>\n<meta name=\"twitter:card\" content=\"summary_large_image\" \/>\n<meta name=\"twitter:label1\" content=\"Written by\" \/>\n\t<meta name=\"twitter:data1\" content=\"bosniak\" \/>\n\t<meta name=\"twitter:label2\" content=\"Est. reading time\" \/>\n\t<meta name=\"twitter:data2\" content=\"2 minute\" \/>\n<script type=\"application\/ld+json\" class=\"yoast-schema-graph\">{\"@context\":\"https:\/\/schema.org\",\"@graph\":[{\"@type\":\"Article\",\"@id\":\"https:\/\/sandzakpress.net\/arhiva\/muamer-bacevac-predsjednik-gradskog-odbora-sdp-a\/#article\",\"isPartOf\":{\"@id\":\"https:\/\/sandzakpress.net\/arhiva\/muamer-bacevac-predsjednik-gradskog-odbora-sdp-a\/\"},\"author\":{\"name\":\"bosniak\",\"@id\":\"https:\/\/sandzakpress.net\/arhiva\/#\/schema\/person\/c8baee722073534b583ea7bdb2e36c02\"},\"headline\":\"Muamer Ba\u010devac predsjednik Gradskog odbora SDP-a\",\"datePublished\":\"2010-01-30T15:17:09+00:00\",\"mainEntityOfPage\":{\"@id\":\"https:\/\/sandzakpress.net\/arhiva\/muamer-bacevac-predsjednik-gradskog-odbora-sdp-a\/\"},\"wordCount\":353,\"commentCount\":1,\"publisher\":{\"@id\":\"https:\/\/sandzakpress.net\/arhiva\/#\/schema\/person\/6e72b67d6e51910a1117b3b483ba20bd\"},\"image\":{\"@id\":\"https:\/\/sandzakpress.net\/arhiva\/muamer-bacevac-predsjednik-gradskog-odbora-sdp-a\/#primaryimage\"},\"thumbnailUrl\":\"https:\/\/sandzakpress.net\/arhiva\/wp-content\/uploads\/2010\/01\/sdps.jpg\",\"articleSection\":[\"Politika\"],\"inLanguage\":\"bs-BA\",\"potentialAction\":[{\"@type\":\"CommentAction\",\"name\":\"Comment\",\"target\":[\"https:\/\/sandzakpress.net\/arhiva\/muamer-bacevac-predsjednik-gradskog-odbora-sdp-a\/#respond\"]}]},{\"@type\":\"WebPage\",\"@id\":\"https:\/\/sandzakpress.net\/arhiva\/muamer-bacevac-predsjednik-gradskog-odbora-sdp-a\/\",\"url\":\"https:\/\/sandzakpress.net\/arhiva\/muamer-bacevac-predsjednik-gradskog-odbora-sdp-a\/\",\"name\":\"Muamer Ba\u010devac predsjednik Gradskog odbora SDP-a\",\"isPartOf\":{\"@id\":\"https:\/\/sandzakpress.net\/arhiva\/#website\"},\"primaryImageOfPage\":{\"@id\":\"https:\/\/sandzakpress.net\/arhiva\/muamer-bacevac-predsjednik-gradskog-odbora-sdp-a\/#primaryimage\"},\"image\":{\"@id\":\"https:\/\/sandzakpress.net\/arhiva\/muamer-bacevac-predsjednik-gradskog-odbora-sdp-a\/#primaryimage\"},\"thumbnailUrl\":\"https:\/\/sandzakpress.net\/arhiva\/wp-content\/uploads\/2010\/01\/sdps.jpg\",\"datePublished\":\"2010-01-30T15:17:09+00:00\",\"breadcrumb\":{\"@id\":\"https:\/\/sandzakpress.net\/arhiva\/muamer-bacevac-predsjednik-gradskog-odbora-sdp-a\/#breadcrumb\"},\"inLanguage\":\"bs-BA\",\"potentialAction\":[{\"@type\":\"ReadAction\",\"target\":[\"https:\/\/sandzakpress.net\/arhiva\/muamer-bacevac-predsjednik-gradskog-odbora-sdp-a\/\"]}]},{\"@type\":\"ImageObject\",\"inLanguage\":\"bs-BA\",\"@id\":\"https:\/\/sandzakpress.net\/arhiva\/muamer-bacevac-predsjednik-gradskog-odbora-sdp-a\/#primaryimage\",\"url\":\"https:\/\/sandzakpress.net\/arhiva\/wp-content\/uploads\/2010\/01\/sdps.jpg\",\"contentUrl\":\"https:\/\/sandzakpress.net\/arhiva\/wp-content\/uploads\/2010\/01\/sdps.jpg\",\"width\":304,\"height\":106},{\"@type\":\"BreadcrumbList\",\"@id\":\"https:\/\/sandzakpress.net\/arhiva\/muamer-bacevac-predsjednik-gradskog-odbora-sdp-a\/#breadcrumb\",\"itemListElement\":[{\"@type\":\"ListItem\",\"position\":1,\"name\":\"Home\",\"item\":\"https:\/\/sandzakpress.net\/arhiva\/\"},{\"@type\":\"ListItem\",\"position\":2,\"name\":\"Muamer Ba\u010devac predsjednik Gradskog odbora SDP-a\"}]},{\"@type\":\"WebSite\",\"@id\":\"https:\/\/sandzakpress.net\/arhiva\/#website\",\"url\":\"https:\/\/sandzakpress.net\/arhiva\/\",\"name\":\"Sand\u017eak PRESS\",\"description\":\"Prve elektronske novine u Sand\u017eaku\",\"publisher\":{\"@id\":\"https:\/\/sandzakpress.net\/arhiva\/#\/schema\/person\/6e72b67d6e51910a1117b3b483ba20bd\"},\"potentialAction\":[{\"@type\":\"SearchAction\",\"target\":{\"@type\":\"EntryPoint\",\"urlTemplate\":\"https:\/\/sandzakpress.net\/arhiva\/?s={search_term_string}\"},\"query-input\":{\"@type\":\"PropertyValueSpecification\",\"valueRequired\":true,\"valueName\":\"search_term_string\"}}],\"inLanguage\":\"bs-BA\"},{\"@type\":[\"Person\",\"Organization\"],\"@id\":\"https:\/\/sandzakpress.net\/arhiva\/#\/schema\/person\/6e72b67d6e51910a1117b3b483ba20bd\",\"name\":\"Kul\",\"image\":{\"@type\":\"ImageObject\",\"inLanguage\":\"bs-BA\",\"@id\":\"https:\/\/sandzakpress.net\/arhiva\/#\/schema\/person\/image\/\",\"url\":\"https:\/\/secure.gravatar.com\/avatar\/42263f39aa27ac04c43cab85c280eb2e?s=96&d=mm&r=pg\",\"contentUrl\":\"https:\/\/secure.gravatar.com\/avatar\/42263f39aa27ac04c43cab85c280eb2e?s=96&d=mm&r=pg\",\"caption\":\"Kul\"},\"logo\":{\"@id\":\"https:\/\/sandzakpress.net\/arhiva\/#\/schema\/person\/image\/\"}},{\"@type\":\"Person\",\"@id\":\"https:\/\/sandzakpress.net\/arhiva\/#\/schema\/person\/c8baee722073534b583ea7bdb2e36c02\",\"name\":\"bosniak\",\"image\":{\"@type\":\"ImageObject\",\"inLanguage\":\"bs-BA\",\"@id\":\"https:\/\/sandzakpress.net\/arhiva\/#\/schema\/person\/image\/\",\"url\":\"https:\/\/secure.gravatar.com\/avatar\/a04fd330bfe3a36a72a0ad4a6d89fca7?s=96&d=mm&r=pg\",\"contentUrl\":\"https:\/\/secure.gravatar.com\/avatar\/a04fd330bfe3a36a72a0ad4a6d89fca7?s=96&d=mm&r=pg\",\"caption\":\"bosniak\"},\"url\":\"https:\/\/sandzakpress.net\/arhiva\/author\/bosniak\/\"}]}<\/script>\n<!-- \/ Yoast SEO Premium plugin. -->","yoast_head_json":{"title":"Muamer Ba\u010devac predsjednik Gradskog odbora SDP-a","robots":{"index":"index","follow":"follow","max-snippet":"max-snippet:-1","max-image-preview":"max-image-preview:large","max-video-preview":"max-video-preview:-1"},"canonical":"https:\/\/sandzakpress.net\/arhiva\/muamer-bacevac-predsjednik-gradskog-odbora-sdp-a\/","og_locale":"bs_BA","og_type":"article","og_title":"Muamer Ba\u010devac predsjednik Gradskog odbora SDP-a","og_description":"Srbija &#8211; Na Skup\u0161tini Gradskog odbora Sand\u017ea\u010dke demokratske partije u Novom pazaru za predsjednika je izabran Muamer Ba\u010devac, ljekar u ovda\u0161njem Zdravstvenom centru i \u0161ef odborni\u010dkog kluba koalicije Za evropski Novi Pazar. Osim predsjednika, izabran je i pedeseto\u010dlani novi Gradski odbor stranke, koji \u010dine uglavnom mladi i obrazovani ljudi. Osniva\u010d ove partije Rasim Ljaji\u0107 je [&hellip;]","og_url":"https:\/\/sandzakpress.net\/arhiva\/muamer-bacevac-predsjednik-gradskog-odbora-sdp-a\/","og_site_name":"Sand\u017eak PRESS","article_published_time":"2010-01-30T15:17:09+00:00","og_image":[{"width":304,"height":106,"url":"https:\/\/sandzakpress.net\/arhiva\/wp-content\/uploads\/2010\/01\/sdps.jpg","type":"image\/jpeg"}],"author":"bosniak","twitter_card":"summary_large_image","twitter_misc":{"Written by":"bosniak","Est. reading time":"2 minute"},"schema":{"@context":"https:\/\/schema.org","@graph":[{"@type":"Article","@id":"https:\/\/sandzakpress.net\/arhiva\/muamer-bacevac-predsjednik-gradskog-odbora-sdp-a\/#article","isPartOf":{"@id":"https:\/\/sandzakpress.net\/arhiva\/muamer-bacevac-predsjednik-gradskog-odbora-sdp-a\/"},"author":{"name":"bosniak","@id":"https:\/\/sandzakpress.net\/arhiva\/#\/schema\/person\/c8baee722073534b583ea7bdb2e36c02"},"headline":"Muamer Ba\u010devac predsjednik Gradskog odbora SDP-a","datePublished":"2010-01-30T15:17:09+00:00","mainEntityOfPage":{"@id":"https:\/\/sandzakpress.net\/arhiva\/muamer-bacevac-predsjednik-gradskog-odbora-sdp-a\/"},"wordCount":353,"commentCount":1,"publisher":{"@id":"https:\/\/sandzakpress.net\/arhiva\/#\/schema\/person\/6e72b67d6e51910a1117b3b483ba20bd"},"image":{"@id":"https:\/\/sandzakpress.net\/arhiva\/muamer-bacevac-predsjednik-gradskog-odbora-sdp-a\/#primaryimage"},"thumbnailUrl":"https:\/\/sandzakpress.net\/arhiva\/wp-content\/uploads\/2010\/01\/sdps.jpg","articleSection":["Politika"],"inLanguage":"bs-BA","potentialAction":[{"@type":"CommentAction","name":"Comment","target":["https:\/\/sandzakpress.net\/arhiva\/muamer-bacevac-predsjednik-gradskog-odbora-sdp-a\/#respond"]}]},{"@type":"WebPage","@id":"https:\/\/sandzakpress.net\/arhiva\/muamer-bacevac-predsjednik-gradskog-odbora-sdp-a\/","url":"https:\/\/sandzakpress.net\/arhiva\/muamer-bacevac-predsjednik-gradskog-odbora-sdp-a\/","name":"Muamer Ba\u010devac predsjednik Gradskog odbora SDP-a","isPartOf":{"@id":"https:\/\/sandzakpress.net\/arhiva\/#website"},"primaryImageOfPage":{"@id":"https:\/\/sandzakpress.net\/arhiva\/muamer-bacevac-predsjednik-gradskog-odbora-sdp-a\/#primaryimage"},"image":{"@id":"https:\/\/sandzakpress.net\/arhiva\/muamer-bacevac-predsjednik-gradskog-odbora-sdp-a\/#primaryimage"},"thumbnailUrl":"https:\/\/sandzakpress.net\/arhiva\/wp-content\/uploads\/2010\/01\/sdps.jpg","datePublished":"2010-01-30T15:17:09+00:00","breadcrumb":{"@id":"https:\/\/sandzakpress.net\/arhiva\/muamer-bacevac-predsjednik-gradskog-odbora-sdp-a\/#breadcrumb"},"inLanguage":"bs-BA","potentialAction":[{"@type":"ReadAction","target":["https:\/\/sandzakpress.net\/arhiva\/muamer-bacevac-predsjednik-gradskog-odbora-sdp-a\/"]}]},{"@type":"ImageObject","inLanguage":"bs-BA","@id":"https:\/\/sandzakpress.net\/arhiva\/muamer-bacevac-predsjednik-gradskog-odbora-sdp-a\/#primaryimage","url":"https:\/\/sandzakpress.net\/arhiva\/wp-content\/uploads\/2010\/01\/sdps.jpg","contentUrl":"https:\/\/sandzakpress.net\/arhiva\/wp-content\/uploads\/2010\/01\/sdps.jpg","width":304,"height":106},{"@type":"BreadcrumbList","@id":"https:\/\/sandzakpress.net\/arhiva\/muamer-bacevac-predsjednik-gradskog-odbora-sdp-a\/#breadcrumb","itemListElement":[{"@type":"ListItem","position":1,"name":"Home","item":"https:\/\/sandzakpress.net\/arhiva\/"},{"@type":"ListItem","position":2,"name":"Muamer Ba\u010devac predsjednik Gradskog odbora SDP-a"}]},{"@type":"WebSite","@id":"https:\/\/sandzakpress.net\/arhiva\/#website","url":"https:\/\/sandzakpress.net\/arhiva\/","name":"Sand\u017eak PRESS","description":"Prve elektronske novine u Sand\u017eaku","publisher":{"@id":"https:\/\/sandzakpress.net\/arhiva\/#\/schema\/person\/6e72b67d6e51910a1117b3b483ba20bd"},"potentialAction":[{"@type":"SearchAction","target":{"@type":"EntryPoint","urlTemplate":"https:\/\/sandzakpress.net\/arhiva\/?s={search_term_string}"},"query-input":{"@type":"PropertyValueSpecification","valueRequired":true,"valueName":"search_term_string"}}],"inLanguage":"bs-BA"},{"@type":["Person","Organization"],"@id":"https:\/\/sandzakpress.net\/arhiva\/#\/schema\/person\/6e72b67d6e51910a1117b3b483ba20bd","name":"Kul","image":{"@type":"ImageObject","inLanguage":"bs-BA","@id":"https:\/\/sandzakpress.net\/arhiva\/#\/schema\/person\/image\/","url":"https:\/\/secure.gravatar.com\/avatar\/42263f39aa27ac04c43cab85c280eb2e?s=96&d=mm&r=pg","contentUrl":"https:\/\/secure.gravatar.com\/avatar\/42263f39aa27ac04c43cab85c280eb2e?s=96&d=mm&r=pg","caption":"Kul"},"logo":{"@id":"https:\/\/sandzakpress.net\/arhiva\/#\/schema\/person\/image\/"}},{"@type":"Person","@id":"https:\/\/sandzakpress.net\/arhiva\/#\/schema\/person\/c8baee722073534b583ea7bdb2e36c02","name":"bosniak","image":{"@type":"ImageObject","inLanguage":"bs-BA","@id":"https:\/\/sandzakpress.net\/arhiva\/#\/schema\/person\/image\/","url":"https:\/\/secure.gravatar.com\/avatar\/a04fd330bfe3a36a72a0ad4a6d89fca7?s=96&d=mm&r=pg","contentUrl":"https:\/\/secure.gravatar.com\/avatar\/a04fd330bfe3a36a72a0ad4a6d89fca7?s=96&d=mm&r=pg","caption":"bosniak"},"url":"https:\/\/sandzakpress.net\/arhiva\/author\/bosniak\/"}]}},"_links":{"self":[{"href":"https:\/\/sandzakpress.net\/arhiva\/wp-json\/wp\/v2\/posts\/1817"}],"collection":[{"href":"https:\/\/sandzakpress.net\/arhiva\/wp-json\/wp\/v2\/posts"}],"about":[{"href":"https:\/\/sandzakpress.net\/arhiva\/wp-json\/wp\/v2\/types\/post"}],"author":[{"embeddable":true,"href":"https:\/\/sandzakpress.net\/arhiva\/wp-json\/wp\/v2\/users\/83"}],"replies":[{"embeddable":true,"href":"https:\/\/sandzakpress.net\/arhiva\/wp-json\/wp\/v2\/comments?post=1817"}],"version-history":[{"count":0,"href":"https:\/\/sandzakpress.net\/arhiva\/wp-json\/wp\/v2\/posts\/1817\/revisions"}],"wp:featuredmedia":[{"embeddable":true,"href":"https:\/\/sandzakpress.net\/arhiva\/wp-json\/wp\/v2\/media\/1818"}],"wp:attachment":[{"href":"https:\/\/sandzakpress.net\/arhiva\/wp-json\/wp\/v2\/media?parent=1817"}],"wp:term":[{"taxonomy":"category","embeddable":true,"href":"https:\/\/sandzakpress.net\/arhiva\/wp-json\/wp\/v2\/categories?post=1817"},{"taxonomy":"post_tag","embeddable":true,"href":"https:\/\/sandzakpress.net\/arhiva\/wp-json\/wp\/v2\/tags?post=1817"}],"curies":[{"name":"wp","href":"https:\/\/api.w.org\/{rel}","templated":true}]}}