{"id":181643,"date":"2017-03-09T17:11:34","date_gmt":"2017-03-09T16:11:34","guid":{"rendered":"https:\/\/sandzakpress.net\/arhiva\/izetbegovic-nakon-odbijanja-zahtjeva-za-reviziju-presude-sud-u-hagu-je-donio-politicku-odluku"},"modified":"2017-03-09T17:11:34","modified_gmt":"2017-03-09T16:11:34","slug":"izetbegovic-nakon-odbijanja-zahtjeva-za-reviziju-presude-sud-u-hagu-je-donio-politicku-odluku","status":"publish","type":"post","link":"https:\/\/sandzakpress.net\/arhiva\/izetbegovic-nakon-odbijanja-zahtjeva-za-reviziju-presude-sud-u-hagu-je-donio-politicku-odluku\/","title":{"rendered":"Izetbegovi\u0107 nakon odbijanja zahtjeva za reviziju presude: Sud u Hagu je donio politi\u010dku odluku"},"content":{"rendered":"<p><span class=\"cb-itemprop\"><\/p>\n<div class=\"uvod uvod-clanka hidden-xs\"><img decoding=\"async\" src=\"https:\/\/static.klix.ba\/media\/images\/vijesti\/b_170309122.jpg?v=1\" alt=\"Izetbegovi\u0107 nakon odbijanja zahtjeva za reviziju presude: Sud u Hagu je donio politi\u010dku odluku\" \/><\/div>\n<div class=\"uvod uvod-clanka hidden-xs\"><strong>Bo\u0161nja\u010dki \u010dlan Predsjedni\u0161tva BiH Bakir Izetbegovi\u0107 odr\u017eao je konferenciju za medije nakon odluke Ha\u0161kog tribunala da se zahtjev za reviziju odbaci, poru\u010div\u0161i da je Sud donio politi\u010dku odluku.<\/strong>\n<\/div>\n<div class=\"tekst clanak_vijesti\">\u201cSud nije donio odluku kojim je ova materija regulisana. Sud nije donio odluku jer je nije ni razmatrao. Sud je donio politi\u010dku odluku i odigrao politi\u010dku igru. Tra\u017eili su od nas zajedni\u010dki stav, znaju\u0107i za takvog stava nema\u201d, kazao je Izetbegovi\u0107.<\/p>\n<p>Kazao je da Mladen Ivani\u0107 ima pravo na vlastite stavove, ali Sud u Hagu nema.<\/p>\n<p>\u201cSud je odlu\u010dio da zatvori vrata pravdi. Ranija presuda ni pribli\u017eno je razja\u0161njava ulogu Milo\u0161evi\u0107evog re\u017eima u ratu u BiH. U\u010dinili smo sve \u0161to je u na\u0161oj mo\u0107i da se istina doka\u017ee i da pravda pobijedi\u201d, poru\u010dio je Izetbegovi\u0107.<\/p>\n<p>Naglasio je da se zahtjev za reviziju presude odnosio na Srbiju iz vremena vladavine Slobodana Milo\u0161evi\u0107a.<\/p>\n<p>\u201cOva odluka \u0107e donekle smiriti politi\u010dku krizu, ali ne znam kako \u0107e nadoknaditi nepravdu koja se Bo\u0161njacima nanosi. Pola dr\u017eave je o\u010di\u0161\u0107eno od Bo\u0161njaka i sada se o\u010dekuje da se mi nekome izvinjavamo, d arazmi\u0161ljamo \u0161ta \u0107e biti samnom, s mojoj strankom\u201d, naglasio je Izetbegovi\u0107.<\/p>\n<p><i>Uskoro op\u0161irnije\u2026<\/i><\/p>\n<\/div>\n<p><\/span><br \/>\nPogledajte vijest na izvornom sajtu:<\/p>\n<p><a href=\"http:\/\/bosnapress.net\/izetbegovic-nakon-odbijanja-zahtjeva-za-reviziju-presude-sud-u-hagu-je-donio-politicku-odluku\/\" target=\"_blank\">Izetbegovi\u0107 nakon odbijanja zahtjeva za reviziju presude: Sud u Hagu je donio politi\u010dku odluku<\/a><\/p>\n","protected":false},"excerpt":{"rendered":"<p>Bo\u0161nja\u010dki \u010dlan Predsjedni\u0161tva BiH Bakir Izetbegovi\u0107 odr\u017eao je konferenciju za medije nakon odluke Ha\u0161kog tribunala da se zahtjev za reviziju odbaci, poru\u010div\u0161i da je Sud donio politi\u010dku odluku. \u201cSud nije donio odluku kojim je ova materija regulisana. Sud nije donio odluku jer je nije ni razmatrao. Sud je donio politi\u010dku odluku i odigrao politi\u010dku igru. [&hellip;]<\/p>\n","protected":false},"author":83,"featured_media":181644,"comment_status":"open","ping_status":"open","sticky":false,"template":"","format":"standard","meta":{"footnotes":""},"categories":[10513],"tags":[10466],"class_list":{"0":"post-181643","1":"post","2":"type-post","3":"status-publish","4":"format-standard","5":"has-post-thumbnail","7":"category-bosna-press","8":"tag-bosna-i-hercegovina"},"yoast_head":"<!-- This site is optimized with the Yoast SEO Premium plugin v23.1 (Yoast SEO v24.9) - https:\/\/yoast.com\/wordpress\/plugins\/seo\/ -->\n<title>Izetbegovi\u0107 nakon odbijanja zahtjeva za reviziju presude: Sud u Hagu je donio politi\u010dku odluku<\/title>\n<meta name=\"robots\" content=\"index, follow, max-snippet:-1, max-image-preview:large, max-video-preview:-1\" \/>\n<link rel=\"canonical\" href=\"https:\/\/sandzakpress.net\/arhiva\/izetbegovic-nakon-odbijanja-zahtjeva-za-reviziju-presude-sud-u-hagu-je-donio-politicku-odluku\/\" \/>\n<meta property=\"og:locale\" content=\"bs_BA\" \/>\n<meta property=\"og:type\" content=\"article\" \/>\n<meta property=\"og:title\" content=\"Izetbegovi\u0107 nakon odbijanja zahtjeva za reviziju presude: Sud u Hagu je donio politi\u010dku odluku\" \/>\n<meta property=\"og:description\" content=\"Bo\u0161nja\u010dki \u010dlan Predsjedni\u0161tva BiH Bakir Izetbegovi\u0107 odr\u017eao je konferenciju za medije nakon odluke Ha\u0161kog tribunala da se zahtjev za reviziju odbaci, poru\u010div\u0161i da je Sud donio politi\u010dku odluku. \u201cSud nije donio odluku kojim je ova materija regulisana. Sud nije donio odluku jer je nije ni razmatrao. Sud je donio politi\u010dku odluku i odigrao politi\u010dku igru. [&hellip;]\" \/>\n<meta property=\"og:url\" content=\"https:\/\/sandzakpress.net\/arhiva\/izetbegovic-nakon-odbijanja-zahtjeva-za-reviziju-presude-sud-u-hagu-je-donio-politicku-odluku\/\" \/>\n<meta property=\"og:site_name\" content=\"Sand\u017eak PRESS\" \/>\n<meta property=\"article:published_time\" content=\"2017-03-09T16:11:34+00:00\" \/>\n<meta property=\"og:image\" content=\"https:\/\/sandzakpress.net\/arhiva\/wp-content\/uploads\/2017\/03\/b_170309122.jpg\" \/>\n\t<meta property=\"og:image:width\" content=\"850\" \/>\n\t<meta property=\"og:image:height\" content=\"567\" \/>\n\t<meta property=\"og:image:type\" content=\"image\/jpeg\" \/>\n<meta name=\"author\" content=\"bosniak\" \/>\n<meta name=\"twitter:card\" content=\"summary_large_image\" \/>\n<meta name=\"twitter:label1\" content=\"Written by\" \/>\n\t<meta name=\"twitter:data1\" content=\"bosniak\" \/>\n\t<meta name=\"twitter:label2\" content=\"Est. reading time\" \/>\n\t<meta name=\"twitter:data2\" content=\"1 minuta\" \/>\n<script type=\"application\/ld+json\" class=\"yoast-schema-graph\">{\"@context\":\"https:\/\/schema.org\",\"@graph\":[{\"@type\":\"Article\",\"@id\":\"https:\/\/sandzakpress.net\/arhiva\/izetbegovic-nakon-odbijanja-zahtjeva-za-reviziju-presude-sud-u-hagu-je-donio-politicku-odluku\/#article\",\"isPartOf\":{\"@id\":\"https:\/\/sandzakpress.net\/arhiva\/izetbegovic-nakon-odbijanja-zahtjeva-za-reviziju-presude-sud-u-hagu-je-donio-politicku-odluku\/\"},\"author\":{\"name\":\"bosniak\",\"@id\":\"https:\/\/sandzakpress.net\/arhiva\/#\/schema\/person\/c8baee722073534b583ea7bdb2e36c02\"},\"headline\":\"Izetbegovi\u0107 nakon odbijanja zahtjeva za reviziju presude: Sud u Hagu je donio politi\u010dku odluku\",\"datePublished\":\"2017-03-09T16:11:34+00:00\",\"mainEntityOfPage\":{\"@id\":\"https:\/\/sandzakpress.net\/arhiva\/izetbegovic-nakon-odbijanja-zahtjeva-za-reviziju-presude-sud-u-hagu-je-donio-politicku-odluku\/\"},\"wordCount\":256,\"commentCount\":4,\"publisher\":{\"@id\":\"https:\/\/sandzakpress.net\/arhiva\/#\/schema\/person\/6e72b67d6e51910a1117b3b483ba20bd\"},\"image\":{\"@id\":\"https:\/\/sandzakpress.net\/arhiva\/izetbegovic-nakon-odbijanja-zahtjeva-za-reviziju-presude-sud-u-hagu-je-donio-politicku-odluku\/#primaryimage\"},\"thumbnailUrl\":\"https:\/\/sandzakpress.net\/arhiva\/wp-content\/uploads\/2017\/03\/b_170309122.jpg\",\"keywords\":[\"Bosna i Hercegovina\"],\"articleSection\":[\"Bosna PRESS\"],\"inLanguage\":\"bs-BA\",\"potentialAction\":[{\"@type\":\"CommentAction\",\"name\":\"Comment\",\"target\":[\"https:\/\/sandzakpress.net\/arhiva\/izetbegovic-nakon-odbijanja-zahtjeva-za-reviziju-presude-sud-u-hagu-je-donio-politicku-odluku\/#respond\"]}]},{\"@type\":\"WebPage\",\"@id\":\"https:\/\/sandzakpress.net\/arhiva\/izetbegovic-nakon-odbijanja-zahtjeva-za-reviziju-presude-sud-u-hagu-je-donio-politicku-odluku\/\",\"url\":\"https:\/\/sandzakpress.net\/arhiva\/izetbegovic-nakon-odbijanja-zahtjeva-za-reviziju-presude-sud-u-hagu-je-donio-politicku-odluku\/\",\"name\":\"Izetbegovi\u0107 nakon odbijanja zahtjeva za reviziju presude: Sud u Hagu je donio politi\u010dku odluku\",\"isPartOf\":{\"@id\":\"https:\/\/sandzakpress.net\/arhiva\/#website\"},\"primaryImageOfPage\":{\"@id\":\"https:\/\/sandzakpress.net\/arhiva\/izetbegovic-nakon-odbijanja-zahtjeva-za-reviziju-presude-sud-u-hagu-je-donio-politicku-odluku\/#primaryimage\"},\"image\":{\"@id\":\"https:\/\/sandzakpress.net\/arhiva\/izetbegovic-nakon-odbijanja-zahtjeva-za-reviziju-presude-sud-u-hagu-je-donio-politicku-odluku\/#primaryimage\"},\"thumbnailUrl\":\"https:\/\/sandzakpress.net\/arhiva\/wp-content\/uploads\/2017\/03\/b_170309122.jpg\",\"datePublished\":\"2017-03-09T16:11:34+00:00\",\"breadcrumb\":{\"@id\":\"https:\/\/sandzakpress.net\/arhiva\/izetbegovic-nakon-odbijanja-zahtjeva-za-reviziju-presude-sud-u-hagu-je-donio-politicku-odluku\/#breadcrumb\"},\"inLanguage\":\"bs-BA\",\"potentialAction\":[{\"@type\":\"ReadAction\",\"target\":[\"https:\/\/sandzakpress.net\/arhiva\/izetbegovic-nakon-odbijanja-zahtjeva-za-reviziju-presude-sud-u-hagu-je-donio-politicku-odluku\/\"]}]},{\"@type\":\"ImageObject\",\"inLanguage\":\"bs-BA\",\"@id\":\"https:\/\/sandzakpress.net\/arhiva\/izetbegovic-nakon-odbijanja-zahtjeva-za-reviziju-presude-sud-u-hagu-je-donio-politicku-odluku\/#primaryimage\",\"url\":\"https:\/\/sandzakpress.net\/arhiva\/wp-content\/uploads\/2017\/03\/b_170309122.jpg\",\"contentUrl\":\"https:\/\/sandzakpress.net\/arhiva\/wp-content\/uploads\/2017\/03\/b_170309122.jpg\",\"width\":850,\"height\":567},{\"@type\":\"BreadcrumbList\",\"@id\":\"https:\/\/sandzakpress.net\/arhiva\/izetbegovic-nakon-odbijanja-zahtjeva-za-reviziju-presude-sud-u-hagu-je-donio-politicku-odluku\/#breadcrumb\",\"itemListElement\":[{\"@type\":\"ListItem\",\"position\":1,\"name\":\"Home\",\"item\":\"https:\/\/sandzakpress.net\/arhiva\/\"},{\"@type\":\"ListItem\",\"position\":2,\"name\":\"Izetbegovi\u0107 nakon odbijanja zahtjeva za reviziju presude: Sud u Hagu je donio politi\u010dku odluku\"}]},{\"@type\":\"WebSite\",\"@id\":\"https:\/\/sandzakpress.net\/arhiva\/#website\",\"url\":\"https:\/\/sandzakpress.net\/arhiva\/\",\"name\":\"Sand\u017eak PRESS\",\"description\":\"Prve elektronske novine u Sand\u017eaku\",\"publisher\":{\"@id\":\"https:\/\/sandzakpress.net\/arhiva\/#\/schema\/person\/6e72b67d6e51910a1117b3b483ba20bd\"},\"potentialAction\":[{\"@type\":\"SearchAction\",\"target\":{\"@type\":\"EntryPoint\",\"urlTemplate\":\"https:\/\/sandzakpress.net\/arhiva\/?s={search_term_string}\"},\"query-input\":{\"@type\":\"PropertyValueSpecification\",\"valueRequired\":true,\"valueName\":\"search_term_string\"}}],\"inLanguage\":\"bs-BA\"},{\"@type\":[\"Person\",\"Organization\"],\"@id\":\"https:\/\/sandzakpress.net\/arhiva\/#\/schema\/person\/6e72b67d6e51910a1117b3b483ba20bd\",\"name\":\"Kul\",\"image\":{\"@type\":\"ImageObject\",\"inLanguage\":\"bs-BA\",\"@id\":\"https:\/\/sandzakpress.net\/arhiva\/#\/schema\/person\/image\/\",\"url\":\"https:\/\/secure.gravatar.com\/avatar\/42263f39aa27ac04c43cab85c280eb2e?s=96&d=mm&r=pg\",\"contentUrl\":\"https:\/\/secure.gravatar.com\/avatar\/42263f39aa27ac04c43cab85c280eb2e?s=96&d=mm&r=pg\",\"caption\":\"Kul\"},\"logo\":{\"@id\":\"https:\/\/sandzakpress.net\/arhiva\/#\/schema\/person\/image\/\"}},{\"@type\":\"Person\",\"@id\":\"https:\/\/sandzakpress.net\/arhiva\/#\/schema\/person\/c8baee722073534b583ea7bdb2e36c02\",\"name\":\"bosniak\",\"image\":{\"@type\":\"ImageObject\",\"inLanguage\":\"bs-BA\",\"@id\":\"https:\/\/sandzakpress.net\/arhiva\/#\/schema\/person\/image\/\",\"url\":\"https:\/\/secure.gravatar.com\/avatar\/a04fd330bfe3a36a72a0ad4a6d89fca7?s=96&d=mm&r=pg\",\"contentUrl\":\"https:\/\/secure.gravatar.com\/avatar\/a04fd330bfe3a36a72a0ad4a6d89fca7?s=96&d=mm&r=pg\",\"caption\":\"bosniak\"},\"url\":\"https:\/\/sandzakpress.net\/arhiva\/author\/bosniak\/\"}]}<\/script>\n<!-- \/ Yoast SEO Premium plugin. -->","yoast_head_json":{"title":"Izetbegovi\u0107 nakon odbijanja zahtjeva za reviziju presude: Sud u Hagu je donio politi\u010dku odluku","robots":{"index":"index","follow":"follow","max-snippet":"max-snippet:-1","max-image-preview":"max-image-preview:large","max-video-preview":"max-video-preview:-1"},"canonical":"https:\/\/sandzakpress.net\/arhiva\/izetbegovic-nakon-odbijanja-zahtjeva-za-reviziju-presude-sud-u-hagu-je-donio-politicku-odluku\/","og_locale":"bs_BA","og_type":"article","og_title":"Izetbegovi\u0107 nakon odbijanja zahtjeva za reviziju presude: Sud u Hagu je donio politi\u010dku odluku","og_description":"Bo\u0161nja\u010dki \u010dlan Predsjedni\u0161tva BiH Bakir Izetbegovi\u0107 odr\u017eao je konferenciju za medije nakon odluke Ha\u0161kog tribunala da se zahtjev za reviziju odbaci, poru\u010div\u0161i da je Sud donio politi\u010dku odluku. \u201cSud nije donio odluku kojim je ova materija regulisana. Sud nije donio odluku jer je nije ni razmatrao. Sud je donio politi\u010dku odluku i odigrao politi\u010dku igru. [&hellip;]","og_url":"https:\/\/sandzakpress.net\/arhiva\/izetbegovic-nakon-odbijanja-zahtjeva-za-reviziju-presude-sud-u-hagu-je-donio-politicku-odluku\/","og_site_name":"Sand\u017eak PRESS","article_published_time":"2017-03-09T16:11:34+00:00","og_image":[{"width":850,"height":567,"url":"https:\/\/sandzakpress.net\/arhiva\/wp-content\/uploads\/2017\/03\/b_170309122.jpg","type":"image\/jpeg"}],"author":"bosniak","twitter_card":"summary_large_image","twitter_misc":{"Written by":"bosniak","Est. reading time":"1 minuta"},"schema":{"@context":"https:\/\/schema.org","@graph":[{"@type":"Article","@id":"https:\/\/sandzakpress.net\/arhiva\/izetbegovic-nakon-odbijanja-zahtjeva-za-reviziju-presude-sud-u-hagu-je-donio-politicku-odluku\/#article","isPartOf":{"@id":"https:\/\/sandzakpress.net\/arhiva\/izetbegovic-nakon-odbijanja-zahtjeva-za-reviziju-presude-sud-u-hagu-je-donio-politicku-odluku\/"},"author":{"name":"bosniak","@id":"https:\/\/sandzakpress.net\/arhiva\/#\/schema\/person\/c8baee722073534b583ea7bdb2e36c02"},"headline":"Izetbegovi\u0107 nakon odbijanja zahtjeva za reviziju presude: Sud u Hagu je donio politi\u010dku odluku","datePublished":"2017-03-09T16:11:34+00:00","mainEntityOfPage":{"@id":"https:\/\/sandzakpress.net\/arhiva\/izetbegovic-nakon-odbijanja-zahtjeva-za-reviziju-presude-sud-u-hagu-je-donio-politicku-odluku\/"},"wordCount":256,"commentCount":4,"publisher":{"@id":"https:\/\/sandzakpress.net\/arhiva\/#\/schema\/person\/6e72b67d6e51910a1117b3b483ba20bd"},"image":{"@id":"https:\/\/sandzakpress.net\/arhiva\/izetbegovic-nakon-odbijanja-zahtjeva-za-reviziju-presude-sud-u-hagu-je-donio-politicku-odluku\/#primaryimage"},"thumbnailUrl":"https:\/\/sandzakpress.net\/arhiva\/wp-content\/uploads\/2017\/03\/b_170309122.jpg","keywords":["Bosna i Hercegovina"],"articleSection":["Bosna PRESS"],"inLanguage":"bs-BA","potentialAction":[{"@type":"CommentAction","name":"Comment","target":["https:\/\/sandzakpress.net\/arhiva\/izetbegovic-nakon-odbijanja-zahtjeva-za-reviziju-presude-sud-u-hagu-je-donio-politicku-odluku\/#respond"]}]},{"@type":"WebPage","@id":"https:\/\/sandzakpress.net\/arhiva\/izetbegovic-nakon-odbijanja-zahtjeva-za-reviziju-presude-sud-u-hagu-je-donio-politicku-odluku\/","url":"https:\/\/sandzakpress.net\/arhiva\/izetbegovic-nakon-odbijanja-zahtjeva-za-reviziju-presude-sud-u-hagu-je-donio-politicku-odluku\/","name":"Izetbegovi\u0107 nakon odbijanja zahtjeva za reviziju presude: Sud u Hagu je donio politi\u010dku odluku","isPartOf":{"@id":"https:\/\/sandzakpress.net\/arhiva\/#website"},"primaryImageOfPage":{"@id":"https:\/\/sandzakpress.net\/arhiva\/izetbegovic-nakon-odbijanja-zahtjeva-za-reviziju-presude-sud-u-hagu-je-donio-politicku-odluku\/#primaryimage"},"image":{"@id":"https:\/\/sandzakpress.net\/arhiva\/izetbegovic-nakon-odbijanja-zahtjeva-za-reviziju-presude-sud-u-hagu-je-donio-politicku-odluku\/#primaryimage"},"thumbnailUrl":"https:\/\/sandzakpress.net\/arhiva\/wp-content\/uploads\/2017\/03\/b_170309122.jpg","datePublished":"2017-03-09T16:11:34+00:00","breadcrumb":{"@id":"https:\/\/sandzakpress.net\/arhiva\/izetbegovic-nakon-odbijanja-zahtjeva-za-reviziju-presude-sud-u-hagu-je-donio-politicku-odluku\/#breadcrumb"},"inLanguage":"bs-BA","potentialAction":[{"@type":"ReadAction","target":["https:\/\/sandzakpress.net\/arhiva\/izetbegovic-nakon-odbijanja-zahtjeva-za-reviziju-presude-sud-u-hagu-je-donio-politicku-odluku\/"]}]},{"@type":"ImageObject","inLanguage":"bs-BA","@id":"https:\/\/sandzakpress.net\/arhiva\/izetbegovic-nakon-odbijanja-zahtjeva-za-reviziju-presude-sud-u-hagu-je-donio-politicku-odluku\/#primaryimage","url":"https:\/\/sandzakpress.net\/arhiva\/wp-content\/uploads\/2017\/03\/b_170309122.jpg","contentUrl":"https:\/\/sandzakpress.net\/arhiva\/wp-content\/uploads\/2017\/03\/b_170309122.jpg","width":850,"height":567},{"@type":"BreadcrumbList","@id":"https:\/\/sandzakpress.net\/arhiva\/izetbegovic-nakon-odbijanja-zahtjeva-za-reviziju-presude-sud-u-hagu-je-donio-politicku-odluku\/#breadcrumb","itemListElement":[{"@type":"ListItem","position":1,"name":"Home","item":"https:\/\/sandzakpress.net\/arhiva\/"},{"@type":"ListItem","position":2,"name":"Izetbegovi\u0107 nakon odbijanja zahtjeva za reviziju presude: Sud u Hagu je donio politi\u010dku odluku"}]},{"@type":"WebSite","@id":"https:\/\/sandzakpress.net\/arhiva\/#website","url":"https:\/\/sandzakpress.net\/arhiva\/","name":"Sand\u017eak PRESS","description":"Prve elektronske novine u Sand\u017eaku","publisher":{"@id":"https:\/\/sandzakpress.net\/arhiva\/#\/schema\/person\/6e72b67d6e51910a1117b3b483ba20bd"},"potentialAction":[{"@type":"SearchAction","target":{"@type":"EntryPoint","urlTemplate":"https:\/\/sandzakpress.net\/arhiva\/?s={search_term_string}"},"query-input":{"@type":"PropertyValueSpecification","valueRequired":true,"valueName":"search_term_string"}}],"inLanguage":"bs-BA"},{"@type":["Person","Organization"],"@id":"https:\/\/sandzakpress.net\/arhiva\/#\/schema\/person\/6e72b67d6e51910a1117b3b483ba20bd","name":"Kul","image":{"@type":"ImageObject","inLanguage":"bs-BA","@id":"https:\/\/sandzakpress.net\/arhiva\/#\/schema\/person\/image\/","url":"https:\/\/secure.gravatar.com\/avatar\/42263f39aa27ac04c43cab85c280eb2e?s=96&d=mm&r=pg","contentUrl":"https:\/\/secure.gravatar.com\/avatar\/42263f39aa27ac04c43cab85c280eb2e?s=96&d=mm&r=pg","caption":"Kul"},"logo":{"@id":"https:\/\/sandzakpress.net\/arhiva\/#\/schema\/person\/image\/"}},{"@type":"Person","@id":"https:\/\/sandzakpress.net\/arhiva\/#\/schema\/person\/c8baee722073534b583ea7bdb2e36c02","name":"bosniak","image":{"@type":"ImageObject","inLanguage":"bs-BA","@id":"https:\/\/sandzakpress.net\/arhiva\/#\/schema\/person\/image\/","url":"https:\/\/secure.gravatar.com\/avatar\/a04fd330bfe3a36a72a0ad4a6d89fca7?s=96&d=mm&r=pg","contentUrl":"https:\/\/secure.gravatar.com\/avatar\/a04fd330bfe3a36a72a0ad4a6d89fca7?s=96&d=mm&r=pg","caption":"bosniak"},"url":"https:\/\/sandzakpress.net\/arhiva\/author\/bosniak\/"}]}},"_links":{"self":[{"href":"https:\/\/sandzakpress.net\/arhiva\/wp-json\/wp\/v2\/posts\/181643"}],"collection":[{"href":"https:\/\/sandzakpress.net\/arhiva\/wp-json\/wp\/v2\/posts"}],"about":[{"href":"https:\/\/sandzakpress.net\/arhiva\/wp-json\/wp\/v2\/types\/post"}],"author":[{"embeddable":true,"href":"https:\/\/sandzakpress.net\/arhiva\/wp-json\/wp\/v2\/users\/83"}],"replies":[{"embeddable":true,"href":"https:\/\/sandzakpress.net\/arhiva\/wp-json\/wp\/v2\/comments?post=181643"}],"version-history":[{"count":0,"href":"https:\/\/sandzakpress.net\/arhiva\/wp-json\/wp\/v2\/posts\/181643\/revisions"}],"wp:featuredmedia":[{"embeddable":true,"href":"https:\/\/sandzakpress.net\/arhiva\/wp-json\/wp\/v2\/media\/181644"}],"wp:attachment":[{"href":"https:\/\/sandzakpress.net\/arhiva\/wp-json\/wp\/v2\/media?parent=181643"}],"wp:term":[{"taxonomy":"category","embeddable":true,"href":"https:\/\/sandzakpress.net\/arhiva\/wp-json\/wp\/v2\/categories?post=181643"},{"taxonomy":"post_tag","embeddable":true,"href":"https:\/\/sandzakpress.net\/arhiva\/wp-json\/wp\/v2\/tags?post=181643"}],"curies":[{"name":"wp","href":"https:\/\/api.w.org\/{rel}","templated":true}]}}