{"id":181621,"date":"2017-03-09T13:12:39","date_gmt":"2017-03-09T12:12:39","guid":{"rendered":"https:\/\/sandzakpress.net\/arhiva\/eu-danas-raspravlja-o-krizi-na-zapadnom-balkanu"},"modified":"2017-03-09T13:12:39","modified_gmt":"2017-03-09T12:12:39","slug":"eu-danas-raspravlja-o-krizi-na-zapadnom-balkanu","status":"publish","type":"post","link":"https:\/\/sandzakpress.net\/arhiva\/eu-danas-raspravlja-o-krizi-na-zapadnom-balkanu\/","title":{"rendered":"EU danas raspravlja o krizi na zapadnom Balkanu"},"content":{"rendered":"<p><span class=\"cb-itemprop\"><\/p>\n<p><img decoding=\"async\" src=\"http:\/\/balkans.aljazeera.net\/sites\/default\/files\/styles\/d8\/public\/tusk_main_ap.jpg?itok=J3TStH85\" \/><\/p>\n<p><strong>Zapad, Balkan \u2013 Na poziv Donalda Tuska, jedna od tema samita Evropske unije u \u010detvrtak i petak u Briselu bit \u0107e situacija na zapadnom Balkanu.<\/strong><\/p>\n<p>Predsjednik Evropskog vije\u0107a Donald Tusk ocjenjuje da je situacija na zapadnom Balkanu krhka i pozvao je lidere EU-a da na samitu u \u010detvrtak razmotre situaciju u regionu.<\/p>\n<p>Predsjednik Evropskog vije\u0107a u pozivnom pismu, upu\u0107enom u utorak, premijerima i predsjednicima 28 zemalja \u010dlanica EU-a naveo je da \u0107e zapadni Balkan biti tema prvog dana samita lidera EU-a, zakazanog za 9. i 10. mart u Briselu.<\/p>\n<p>On je naveo da je na ovoj temi insistirao jedan broj lidera EU-a tokom prethodnog sastanka, a usljed rasta zabrinutosti zbog posljednjih de\u0161avanja u regionu.<\/p>\n<p>\u201cEU \u0107e zadr\u017eati anga\u017eman na zapadnom Balkanu i ispunjavati svoje obaveze\u201d, poru\u010dio je Tusk u pismu koje je poslao na adrese lidera EU-a.<\/p>\n<p>Pred sastanak lidera EU-a Vije\u0107e ministara vanjskih poslova, na \u010delu sa \u0161eficom diplomatije EU-a Federicom Mogherini, razmatralo je situaciju na zapadnom Balkanu.<\/p>\n<p><strong>Pogor\u0161ana stabilnost i odnosi<\/strong><\/p>\n<p>Jednoglasan zaklju\u010dak jest da se EU mora vi\u0161e anga\u017eirati u regionu.<\/p>\n<p>Evropski ministri ocijenili su da se napu\u0161tanje fokusa EU-a s regiona odrazilo na pogor\u0161anje stabilnosti i u samim dr\u017eavama zapadnog Balkana i u njihovim me\u0111usobnim odnosima.<\/p>\n<p>O\u010dekuje se da se me\u0111u pisanim zaklju\u010dcima Evropskog vije\u0107a, koje \u0107e u \u010detvrtak i petak donijeti lideri EU-a, na\u0111e i dio koji se odnosi na Zapadni Balkan.<\/p>\n<p>O\u010dekuje se da Evropsko vije\u0107e jo\u0161 jednom potvrdi evropsku perspektivu Zapadnog Balkana i posve\u0107enost EU-a regionu.<\/p>\n<p>Lideri evropske 28-erice trebali bi iz Brisela put Balkana poslati poruku koja se odnosi na nastavak anga\u017eiranja EU-a na svim nivoima u regionu, po\u010dev\u0161i od podr\u0161ke stabilnosti do produbljivanja politi\u010dkih i ekonomskih odnosa EU-a s tom regijom.<\/p>\n<p>Izvor: Agencije<\/p>\n<p><\/span><br \/>\nPogledajte vijest na izvornom sajtu:<\/p>\n<p><a href=\"http:\/\/islampress.net\/28797\/eu-danas-raspravlja-o-krizi-na-zapadnom-balkanu\/\" target=\"_blank\">EU danas raspravlja o krizi na zapadnom Balkanu<\/a><\/p>\n","protected":false},"excerpt":{"rendered":"<p>Zapad, Balkan \u2013 Na poziv Donalda Tuska, jedna od tema samita Evropske unije u \u010detvrtak i petak u Briselu bit \u0107e situacija na zapadnom Balkanu. Predsjednik Evropskog vije\u0107a Donald Tusk ocjenjuje da je situacija na zapadnom Balkanu krhka i pozvao je lidere EU-a da na samitu u \u010detvrtak razmotre situaciju u regionu. Predsjednik Evropskog vije\u0107a [&hellip;]<\/p>\n","protected":false},"author":83,"featured_media":181622,"comment_status":"open","ping_status":"open","sticky":false,"template":"","format":"standard","meta":{"footnotes":""},"categories":[9],"tags":[10499],"class_list":{"0":"post-181621","1":"post","2":"type-post","3":"status-publish","4":"format-standard","5":"has-post-thumbnail","7":"category-svijet","8":"tag-a"},"yoast_head":"<!-- This site is optimized with the Yoast SEO Premium plugin v23.1 (Yoast SEO v24.9) - https:\/\/yoast.com\/wordpress\/plugins\/seo\/ -->\n<title>EU danas raspravlja o krizi na zapadnom Balkanu<\/title>\n<meta name=\"robots\" content=\"index, follow, max-snippet:-1, max-image-preview:large, max-video-preview:-1\" \/>\n<link rel=\"canonical\" href=\"https:\/\/sandzakpress.net\/arhiva\/eu-danas-raspravlja-o-krizi-na-zapadnom-balkanu\/\" \/>\n<meta property=\"og:locale\" content=\"bs_BA\" \/>\n<meta property=\"og:type\" content=\"article\" \/>\n<meta property=\"og:title\" content=\"EU danas raspravlja o krizi na zapadnom Balkanu\" \/>\n<meta property=\"og:description\" content=\"Zapad, Balkan \u2013 Na poziv Donalda Tuska, jedna od tema samita Evropske unije u \u010detvrtak i petak u Briselu bit \u0107e situacija na zapadnom Balkanu. Predsjednik Evropskog vije\u0107a Donald Tusk ocjenjuje da je situacija na zapadnom Balkanu krhka i pozvao je lidere EU-a da na samitu u \u010detvrtak razmotre situaciju u regionu. Predsjednik Evropskog vije\u0107a [&hellip;]\" \/>\n<meta property=\"og:url\" content=\"https:\/\/sandzakpress.net\/arhiva\/eu-danas-raspravlja-o-krizi-na-zapadnom-balkanu\/\" \/>\n<meta property=\"og:site_name\" content=\"Sand\u017eak PRESS\" \/>\n<meta property=\"article:published_time\" content=\"2017-03-09T12:12:39+00:00\" \/>\n<meta property=\"og:image\" content=\"https:\/\/sandzakpress.net\/arhiva\/wp-content\/uploads\/2017\/03\/tusk_main_ap.jpg\" \/>\n\t<meta property=\"og:image:width\" content=\"770\" \/>\n\t<meta property=\"og:image:height\" content=\"433\" \/>\n\t<meta property=\"og:image:type\" content=\"image\/jpeg\" \/>\n<meta name=\"author\" content=\"bosniak\" \/>\n<meta name=\"twitter:card\" content=\"summary_large_image\" \/>\n<meta name=\"twitter:label1\" content=\"Written by\" \/>\n\t<meta name=\"twitter:data1\" content=\"bosniak\" \/>\n\t<meta name=\"twitter:label2\" content=\"Est. reading time\" \/>\n\t<meta name=\"twitter:data2\" content=\"2 minute\" \/>\n<script type=\"application\/ld+json\" class=\"yoast-schema-graph\">{\"@context\":\"https:\/\/schema.org\",\"@graph\":[{\"@type\":\"Article\",\"@id\":\"https:\/\/sandzakpress.net\/arhiva\/eu-danas-raspravlja-o-krizi-na-zapadnom-balkanu\/#article\",\"isPartOf\":{\"@id\":\"https:\/\/sandzakpress.net\/arhiva\/eu-danas-raspravlja-o-krizi-na-zapadnom-balkanu\/\"},\"author\":{\"name\":\"bosniak\",\"@id\":\"https:\/\/sandzakpress.net\/arhiva\/#\/schema\/person\/c8baee722073534b583ea7bdb2e36c02\"},\"headline\":\"EU danas raspravlja o krizi na zapadnom Balkanu\",\"datePublished\":\"2017-03-09T12:12:39+00:00\",\"mainEntityOfPage\":{\"@id\":\"https:\/\/sandzakpress.net\/arhiva\/eu-danas-raspravlja-o-krizi-na-zapadnom-balkanu\/\"},\"wordCount\":328,\"commentCount\":0,\"publisher\":{\"@id\":\"https:\/\/sandzakpress.net\/arhiva\/#\/schema\/person\/6e72b67d6e51910a1117b3b483ba20bd\"},\"image\":{\"@id\":\"https:\/\/sandzakpress.net\/arhiva\/eu-danas-raspravlja-o-krizi-na-zapadnom-balkanu\/#primaryimage\"},\"thumbnailUrl\":\"https:\/\/sandzakpress.net\/arhiva\/wp-content\/uploads\/2017\/03\/tusk_main_ap.jpg\",\"keywords\":[\"A\"],\"articleSection\":[\"Svijet\"],\"inLanguage\":\"bs-BA\",\"potentialAction\":[{\"@type\":\"CommentAction\",\"name\":\"Comment\",\"target\":[\"https:\/\/sandzakpress.net\/arhiva\/eu-danas-raspravlja-o-krizi-na-zapadnom-balkanu\/#respond\"]}]},{\"@type\":\"WebPage\",\"@id\":\"https:\/\/sandzakpress.net\/arhiva\/eu-danas-raspravlja-o-krizi-na-zapadnom-balkanu\/\",\"url\":\"https:\/\/sandzakpress.net\/arhiva\/eu-danas-raspravlja-o-krizi-na-zapadnom-balkanu\/\",\"name\":\"EU danas raspravlja o krizi na zapadnom Balkanu\",\"isPartOf\":{\"@id\":\"https:\/\/sandzakpress.net\/arhiva\/#website\"},\"primaryImageOfPage\":{\"@id\":\"https:\/\/sandzakpress.net\/arhiva\/eu-danas-raspravlja-o-krizi-na-zapadnom-balkanu\/#primaryimage\"},\"image\":{\"@id\":\"https:\/\/sandzakpress.net\/arhiva\/eu-danas-raspravlja-o-krizi-na-zapadnom-balkanu\/#primaryimage\"},\"thumbnailUrl\":\"https:\/\/sandzakpress.net\/arhiva\/wp-content\/uploads\/2017\/03\/tusk_main_ap.jpg\",\"datePublished\":\"2017-03-09T12:12:39+00:00\",\"breadcrumb\":{\"@id\":\"https:\/\/sandzakpress.net\/arhiva\/eu-danas-raspravlja-o-krizi-na-zapadnom-balkanu\/#breadcrumb\"},\"inLanguage\":\"bs-BA\",\"potentialAction\":[{\"@type\":\"ReadAction\",\"target\":[\"https:\/\/sandzakpress.net\/arhiva\/eu-danas-raspravlja-o-krizi-na-zapadnom-balkanu\/\"]}]},{\"@type\":\"ImageObject\",\"inLanguage\":\"bs-BA\",\"@id\":\"https:\/\/sandzakpress.net\/arhiva\/eu-danas-raspravlja-o-krizi-na-zapadnom-balkanu\/#primaryimage\",\"url\":\"https:\/\/sandzakpress.net\/arhiva\/wp-content\/uploads\/2017\/03\/tusk_main_ap.jpg\",\"contentUrl\":\"https:\/\/sandzakpress.net\/arhiva\/wp-content\/uploads\/2017\/03\/tusk_main_ap.jpg\",\"width\":770,\"height\":433},{\"@type\":\"BreadcrumbList\",\"@id\":\"https:\/\/sandzakpress.net\/arhiva\/eu-danas-raspravlja-o-krizi-na-zapadnom-balkanu\/#breadcrumb\",\"itemListElement\":[{\"@type\":\"ListItem\",\"position\":1,\"name\":\"Home\",\"item\":\"https:\/\/sandzakpress.net\/arhiva\/\"},{\"@type\":\"ListItem\",\"position\":2,\"name\":\"EU danas raspravlja o krizi na zapadnom Balkanu\"}]},{\"@type\":\"WebSite\",\"@id\":\"https:\/\/sandzakpress.net\/arhiva\/#website\",\"url\":\"https:\/\/sandzakpress.net\/arhiva\/\",\"name\":\"Sand\u017eak PRESS\",\"description\":\"Prve elektronske novine u Sand\u017eaku\",\"publisher\":{\"@id\":\"https:\/\/sandzakpress.net\/arhiva\/#\/schema\/person\/6e72b67d6e51910a1117b3b483ba20bd\"},\"potentialAction\":[{\"@type\":\"SearchAction\",\"target\":{\"@type\":\"EntryPoint\",\"urlTemplate\":\"https:\/\/sandzakpress.net\/arhiva\/?s={search_term_string}\"},\"query-input\":{\"@type\":\"PropertyValueSpecification\",\"valueRequired\":true,\"valueName\":\"search_term_string\"}}],\"inLanguage\":\"bs-BA\"},{\"@type\":[\"Person\",\"Organization\"],\"@id\":\"https:\/\/sandzakpress.net\/arhiva\/#\/schema\/person\/6e72b67d6e51910a1117b3b483ba20bd\",\"name\":\"Kul\",\"image\":{\"@type\":\"ImageObject\",\"inLanguage\":\"bs-BA\",\"@id\":\"https:\/\/sandzakpress.net\/arhiva\/#\/schema\/person\/image\/\",\"url\":\"https:\/\/secure.gravatar.com\/avatar\/42263f39aa27ac04c43cab85c280eb2e?s=96&d=mm&r=pg\",\"contentUrl\":\"https:\/\/secure.gravatar.com\/avatar\/42263f39aa27ac04c43cab85c280eb2e?s=96&d=mm&r=pg\",\"caption\":\"Kul\"},\"logo\":{\"@id\":\"https:\/\/sandzakpress.net\/arhiva\/#\/schema\/person\/image\/\"}},{\"@type\":\"Person\",\"@id\":\"https:\/\/sandzakpress.net\/arhiva\/#\/schema\/person\/c8baee722073534b583ea7bdb2e36c02\",\"name\":\"bosniak\",\"image\":{\"@type\":\"ImageObject\",\"inLanguage\":\"bs-BA\",\"@id\":\"https:\/\/sandzakpress.net\/arhiva\/#\/schema\/person\/image\/\",\"url\":\"https:\/\/secure.gravatar.com\/avatar\/a04fd330bfe3a36a72a0ad4a6d89fca7?s=96&d=mm&r=pg\",\"contentUrl\":\"https:\/\/secure.gravatar.com\/avatar\/a04fd330bfe3a36a72a0ad4a6d89fca7?s=96&d=mm&r=pg\",\"caption\":\"bosniak\"},\"url\":\"https:\/\/sandzakpress.net\/arhiva\/author\/bosniak\/\"}]}<\/script>\n<!-- \/ Yoast SEO Premium plugin. -->","yoast_head_json":{"title":"EU danas raspravlja o krizi na zapadnom Balkanu","robots":{"index":"index","follow":"follow","max-snippet":"max-snippet:-1","max-image-preview":"max-image-preview:large","max-video-preview":"max-video-preview:-1"},"canonical":"https:\/\/sandzakpress.net\/arhiva\/eu-danas-raspravlja-o-krizi-na-zapadnom-balkanu\/","og_locale":"bs_BA","og_type":"article","og_title":"EU danas raspravlja o krizi na zapadnom Balkanu","og_description":"Zapad, Balkan \u2013 Na poziv Donalda Tuska, jedna od tema samita Evropske unije u \u010detvrtak i petak u Briselu bit \u0107e situacija na zapadnom Balkanu. Predsjednik Evropskog vije\u0107a Donald Tusk ocjenjuje da je situacija na zapadnom Balkanu krhka i pozvao je lidere EU-a da na samitu u \u010detvrtak razmotre situaciju u regionu. Predsjednik Evropskog vije\u0107a [&hellip;]","og_url":"https:\/\/sandzakpress.net\/arhiva\/eu-danas-raspravlja-o-krizi-na-zapadnom-balkanu\/","og_site_name":"Sand\u017eak PRESS","article_published_time":"2017-03-09T12:12:39+00:00","og_image":[{"width":770,"height":433,"url":"https:\/\/sandzakpress.net\/arhiva\/wp-content\/uploads\/2017\/03\/tusk_main_ap.jpg","type":"image\/jpeg"}],"author":"bosniak","twitter_card":"summary_large_image","twitter_misc":{"Written by":"bosniak","Est. reading time":"2 minute"},"schema":{"@context":"https:\/\/schema.org","@graph":[{"@type":"Article","@id":"https:\/\/sandzakpress.net\/arhiva\/eu-danas-raspravlja-o-krizi-na-zapadnom-balkanu\/#article","isPartOf":{"@id":"https:\/\/sandzakpress.net\/arhiva\/eu-danas-raspravlja-o-krizi-na-zapadnom-balkanu\/"},"author":{"name":"bosniak","@id":"https:\/\/sandzakpress.net\/arhiva\/#\/schema\/person\/c8baee722073534b583ea7bdb2e36c02"},"headline":"EU danas raspravlja o krizi na zapadnom Balkanu","datePublished":"2017-03-09T12:12:39+00:00","mainEntityOfPage":{"@id":"https:\/\/sandzakpress.net\/arhiva\/eu-danas-raspravlja-o-krizi-na-zapadnom-balkanu\/"},"wordCount":328,"commentCount":0,"publisher":{"@id":"https:\/\/sandzakpress.net\/arhiva\/#\/schema\/person\/6e72b67d6e51910a1117b3b483ba20bd"},"image":{"@id":"https:\/\/sandzakpress.net\/arhiva\/eu-danas-raspravlja-o-krizi-na-zapadnom-balkanu\/#primaryimage"},"thumbnailUrl":"https:\/\/sandzakpress.net\/arhiva\/wp-content\/uploads\/2017\/03\/tusk_main_ap.jpg","keywords":["A"],"articleSection":["Svijet"],"inLanguage":"bs-BA","potentialAction":[{"@type":"CommentAction","name":"Comment","target":["https:\/\/sandzakpress.net\/arhiva\/eu-danas-raspravlja-o-krizi-na-zapadnom-balkanu\/#respond"]}]},{"@type":"WebPage","@id":"https:\/\/sandzakpress.net\/arhiva\/eu-danas-raspravlja-o-krizi-na-zapadnom-balkanu\/","url":"https:\/\/sandzakpress.net\/arhiva\/eu-danas-raspravlja-o-krizi-na-zapadnom-balkanu\/","name":"EU danas raspravlja o krizi na zapadnom Balkanu","isPartOf":{"@id":"https:\/\/sandzakpress.net\/arhiva\/#website"},"primaryImageOfPage":{"@id":"https:\/\/sandzakpress.net\/arhiva\/eu-danas-raspravlja-o-krizi-na-zapadnom-balkanu\/#primaryimage"},"image":{"@id":"https:\/\/sandzakpress.net\/arhiva\/eu-danas-raspravlja-o-krizi-na-zapadnom-balkanu\/#primaryimage"},"thumbnailUrl":"https:\/\/sandzakpress.net\/arhiva\/wp-content\/uploads\/2017\/03\/tusk_main_ap.jpg","datePublished":"2017-03-09T12:12:39+00:00","breadcrumb":{"@id":"https:\/\/sandzakpress.net\/arhiva\/eu-danas-raspravlja-o-krizi-na-zapadnom-balkanu\/#breadcrumb"},"inLanguage":"bs-BA","potentialAction":[{"@type":"ReadAction","target":["https:\/\/sandzakpress.net\/arhiva\/eu-danas-raspravlja-o-krizi-na-zapadnom-balkanu\/"]}]},{"@type":"ImageObject","inLanguage":"bs-BA","@id":"https:\/\/sandzakpress.net\/arhiva\/eu-danas-raspravlja-o-krizi-na-zapadnom-balkanu\/#primaryimage","url":"https:\/\/sandzakpress.net\/arhiva\/wp-content\/uploads\/2017\/03\/tusk_main_ap.jpg","contentUrl":"https:\/\/sandzakpress.net\/arhiva\/wp-content\/uploads\/2017\/03\/tusk_main_ap.jpg","width":770,"height":433},{"@type":"BreadcrumbList","@id":"https:\/\/sandzakpress.net\/arhiva\/eu-danas-raspravlja-o-krizi-na-zapadnom-balkanu\/#breadcrumb","itemListElement":[{"@type":"ListItem","position":1,"name":"Home","item":"https:\/\/sandzakpress.net\/arhiva\/"},{"@type":"ListItem","position":2,"name":"EU danas raspravlja o krizi na zapadnom Balkanu"}]},{"@type":"WebSite","@id":"https:\/\/sandzakpress.net\/arhiva\/#website","url":"https:\/\/sandzakpress.net\/arhiva\/","name":"Sand\u017eak PRESS","description":"Prve elektronske novine u Sand\u017eaku","publisher":{"@id":"https:\/\/sandzakpress.net\/arhiva\/#\/schema\/person\/6e72b67d6e51910a1117b3b483ba20bd"},"potentialAction":[{"@type":"SearchAction","target":{"@type":"EntryPoint","urlTemplate":"https:\/\/sandzakpress.net\/arhiva\/?s={search_term_string}"},"query-input":{"@type":"PropertyValueSpecification","valueRequired":true,"valueName":"search_term_string"}}],"inLanguage":"bs-BA"},{"@type":["Person","Organization"],"@id":"https:\/\/sandzakpress.net\/arhiva\/#\/schema\/person\/6e72b67d6e51910a1117b3b483ba20bd","name":"Kul","image":{"@type":"ImageObject","inLanguage":"bs-BA","@id":"https:\/\/sandzakpress.net\/arhiva\/#\/schema\/person\/image\/","url":"https:\/\/secure.gravatar.com\/avatar\/42263f39aa27ac04c43cab85c280eb2e?s=96&d=mm&r=pg","contentUrl":"https:\/\/secure.gravatar.com\/avatar\/42263f39aa27ac04c43cab85c280eb2e?s=96&d=mm&r=pg","caption":"Kul"},"logo":{"@id":"https:\/\/sandzakpress.net\/arhiva\/#\/schema\/person\/image\/"}},{"@type":"Person","@id":"https:\/\/sandzakpress.net\/arhiva\/#\/schema\/person\/c8baee722073534b583ea7bdb2e36c02","name":"bosniak","image":{"@type":"ImageObject","inLanguage":"bs-BA","@id":"https:\/\/sandzakpress.net\/arhiva\/#\/schema\/person\/image\/","url":"https:\/\/secure.gravatar.com\/avatar\/a04fd330bfe3a36a72a0ad4a6d89fca7?s=96&d=mm&r=pg","contentUrl":"https:\/\/secure.gravatar.com\/avatar\/a04fd330bfe3a36a72a0ad4a6d89fca7?s=96&d=mm&r=pg","caption":"bosniak"},"url":"https:\/\/sandzakpress.net\/arhiva\/author\/bosniak\/"}]}},"_links":{"self":[{"href":"https:\/\/sandzakpress.net\/arhiva\/wp-json\/wp\/v2\/posts\/181621"}],"collection":[{"href":"https:\/\/sandzakpress.net\/arhiva\/wp-json\/wp\/v2\/posts"}],"about":[{"href":"https:\/\/sandzakpress.net\/arhiva\/wp-json\/wp\/v2\/types\/post"}],"author":[{"embeddable":true,"href":"https:\/\/sandzakpress.net\/arhiva\/wp-json\/wp\/v2\/users\/83"}],"replies":[{"embeddable":true,"href":"https:\/\/sandzakpress.net\/arhiva\/wp-json\/wp\/v2\/comments?post=181621"}],"version-history":[{"count":0,"href":"https:\/\/sandzakpress.net\/arhiva\/wp-json\/wp\/v2\/posts\/181621\/revisions"}],"wp:featuredmedia":[{"embeddable":true,"href":"https:\/\/sandzakpress.net\/arhiva\/wp-json\/wp\/v2\/media\/181622"}],"wp:attachment":[{"href":"https:\/\/sandzakpress.net\/arhiva\/wp-json\/wp\/v2\/media?parent=181621"}],"wp:term":[{"taxonomy":"category","embeddable":true,"href":"https:\/\/sandzakpress.net\/arhiva\/wp-json\/wp\/v2\/categories?post=181621"},{"taxonomy":"post_tag","embeddable":true,"href":"https:\/\/sandzakpress.net\/arhiva\/wp-json\/wp\/v2\/tags?post=181621"}],"curies":[{"name":"wp","href":"https:\/\/api.w.org\/{rel}","templated":true}]}}