{"id":18147,"date":"2011-07-29T12:08:19","date_gmt":"2011-07-29T10:08:19","guid":{"rendered":"https:\/\/sandzakpress.net\/arhiva\/?p=18147"},"modified":"2011-07-29T12:08:19","modified_gmt":"2011-07-29T10:08:19","slug":"%e2%80%9eja-imam-pravo-na-zaposlenje-podrzi-me%e2%80%9c","status":"publish","type":"post","link":"https:\/\/sandzakpress.net\/arhiva\/%e2%80%9eja-imam-pravo-na-zaposlenje-podrzi-me%e2%80%9c\/","title":{"rendered":"\u201eJa imam pravo na zaposlenje &#8211; Podr\u017ei me\u201c"},"content":{"rendered":"<p><strong><a href=\"https:\/\/sandzakpress.net\/arhiva\/wp-content\/uploads\/2011\/07\/50274_164881760194782_4223080_n.jpg\"><img loading=\"lazy\" decoding=\"async\" class=\"alignleft size-full wp-image-18148\" src=\"https:\/\/sandzakpress.net\/arhiva\/wp-content\/uploads\/2011\/07\/50274_164881760194782_4223080_n.jpg\" alt=\"\" width=\"200\" height=\"150\" \/><\/a>Pljevlja &#8211; Udru\u017eenje \u201eZra\u010dak nade\u201c u saradnji sa Centrom za socijalni rad i uz  podr\u0161ku Zavoda za zapo\u0161ljavanje Crne Gore, organizovali su okrugli sto u  okviru projekta partnerski \u201eJa imam pravo na zaposlenje &#8211; Podr\u017ei me.\u201c   Cilj je da se predstavnici op\u0107ine, ustanova i poslodavaca upoznaju sa  izmjenama i dopunama Zakona koji je u skup\u0161tinskoj proceduri. <\/strong><\/p>\n<p>U okviru ovog projekta realizuje se obuka za osobe  sa invaliditetom za novo zanimanje \u2013 izra\u0111iva\u010d jednostavnih ukrasnih  predmeta i nakita. Obuku izvodi Centar za obrazovanje i trening ZOPT iz  Podgorice. Kandidati su na obuci i nakon toga obavi\u0107e se ispit, nakon  \u010dega \u0107e dobiti sertifikat o tome da su polo\u017eili za novo zanimanje.<\/p>\n<p>&#8211; Organizovali smo prvi okrugli sto jer, pored toga  \u0161to realizujemo obuku, mislimo da je jako va\u017eno promijeniti nivo  svijesti poslodavaca i gra\u0111ana Crne Gore o tome da osobe sa  invaliditetom treba da se zapo\u0161ljavaju  i da imaju svoje ravnopravno  mjesto u dru\u0161tvenoj zajednici &#8211; istakla je predsjednica NVU \u201eZra\u010dak  nade\u201c Svetlana Dujovi\u0107.<\/p>\n<p>Projekat \u201eJa imam pravo na zaposlenje &#8211; Podr\u017ei me\u201c po\u010deo je 15.  maja i traja\u0107e sedam mjeseci. Medijska kampanja obuhvati\u0107e TV emisije,  tribine i \u0161tampanje bro\u0161ura.<\/p>\n<p>Na kraju projekta nakon obuke i prakse za novo zanimanje &#8211;   izra\u0111iva\u010d jednostavnih ukrasnih predmeta i nakita &#8211; planira se  zapo\u0161ljavanje \u0161est osoba sa invaliditetom.<\/p>\n<p>&#8211; Projekat je dobar primjer saradnje, a ovaj vid partnerstva mo\u017ee  se pro\u0161iriti i na druge projekte &#8211; istakli su iz Biroa rada Pljevlja.<\/p>\n<p>Vrijednost projekta je 27.000 eura.<\/p>\n<p>Izvor:<strong> Pobjeda.Co.me<\/strong><\/p>\n","protected":false},"excerpt":{"rendered":"<p>Pljevlja &#8211; Udru\u017eenje \u201eZra\u010dak nade\u201c u saradnji sa Centrom za socijalni rad i uz podr\u0161ku Zavoda za zapo\u0161ljavanje Crne Gore, organizovali su okrugli sto u okviru projekta partnerski \u201eJa imam pravo na zaposlenje &#8211; Podr\u017ei me.\u201c Cilj je da se predstavnici op\u0107ine, ustanova i poslodavaca upoznaju sa izmjenama i dopunama Zakona koji je u skup\u0161tinskoj [&hellip;]<\/p>\n","protected":false},"author":13,"featured_media":18148,"comment_status":"open","ping_status":"open","sticky":false,"template":"","format":"standard","meta":{"footnotes":""},"categories":[395,5],"tags":[],"class_list":{"0":"post-18147","1":"post","2":"type-post","3":"status-publish","4":"format-standard","5":"has-post-thumbnail","7":"category-pljevlja_","8":"category-drustvo"},"yoast_head":"<!-- This site is optimized with the Yoast SEO Premium plugin v23.1 (Yoast SEO v24.9) - https:\/\/yoast.com\/wordpress\/plugins\/seo\/ -->\n<title>\u201eJa imam pravo na zaposlenje - Podr\u017ei me\u201c<\/title>\n<meta name=\"robots\" content=\"index, follow, max-snippet:-1, max-image-preview:large, max-video-preview:-1\" \/>\n<link rel=\"canonical\" href=\"https:\/\/sandzakpress.net\/arhiva\/\u201eja-imam-pravo-na-zaposlenje-podrzi-me\u201c\/\" \/>\n<meta property=\"og:locale\" content=\"bs_BA\" \/>\n<meta property=\"og:type\" content=\"article\" \/>\n<meta property=\"og:title\" content=\"\u201eJa imam pravo na zaposlenje - Podr\u017ei me\u201c\" \/>\n<meta property=\"og:description\" content=\"Pljevlja &#8211; Udru\u017eenje \u201eZra\u010dak nade\u201c u saradnji sa Centrom za socijalni rad i uz podr\u0161ku Zavoda za zapo\u0161ljavanje Crne Gore, organizovali su okrugli sto u okviru projekta partnerski \u201eJa imam pravo na zaposlenje &#8211; Podr\u017ei me.\u201c Cilj je da se predstavnici op\u0107ine, ustanova i poslodavaca upoznaju sa izmjenama i dopunama Zakona koji je u skup\u0161tinskoj [&hellip;]\" \/>\n<meta property=\"og:url\" content=\"https:\/\/sandzakpress.net\/arhiva\/\u201eja-imam-pravo-na-zaposlenje-podrzi-me\u201c\/\" \/>\n<meta property=\"og:site_name\" content=\"Sand\u017eak PRESS\" \/>\n<meta property=\"article:published_time\" content=\"2011-07-29T10:08:19+00:00\" \/>\n<meta property=\"og:image\" content=\"https:\/\/sandzakpress.net\/arhiva\/wp-content\/uploads\/2011\/07\/50274_164881760194782_4223080_n.jpg\" \/>\n\t<meta property=\"og:image:width\" content=\"200\" \/>\n\t<meta property=\"og:image:height\" content=\"150\" \/>\n\t<meta property=\"og:image:type\" content=\"image\/jpeg\" \/>\n<meta name=\"twitter:card\" content=\"summary_large_image\" \/>\n<meta name=\"twitter:label1\" content=\"Written by\" \/>\n\t<meta name=\"twitter:data1\" content=\"\" \/>\n\t<meta name=\"twitter:label2\" content=\"Est. reading time\" \/>\n\t<meta name=\"twitter:data2\" content=\"1 minuta\" \/>\n<script type=\"application\/ld+json\" class=\"yoast-schema-graph\">{\"@context\":\"https:\/\/schema.org\",\"@graph\":[{\"@type\":\"Article\",\"@id\":\"https:\/\/sandzakpress.net\/arhiva\/%e2%80%9eja-imam-pravo-na-zaposlenje-podrzi-me%e2%80%9c\/#article\",\"isPartOf\":{\"@id\":\"https:\/\/sandzakpress.net\/arhiva\/%e2%80%9eja-imam-pravo-na-zaposlenje-podrzi-me%e2%80%9c\/\"},\"author\":{\"name\":\"\",\"@id\":\"\"},\"headline\":\"\u201eJa imam pravo na zaposlenje &#8211; Podr\u017ei me\u201c\",\"datePublished\":\"2011-07-29T10:08:19+00:00\",\"mainEntityOfPage\":{\"@id\":\"https:\/\/sandzakpress.net\/arhiva\/%e2%80%9eja-imam-pravo-na-zaposlenje-podrzi-me%e2%80%9c\/\"},\"wordCount\":277,\"commentCount\":0,\"publisher\":{\"@id\":\"https:\/\/sandzakpress.net\/arhiva\/#\/schema\/person\/6e72b67d6e51910a1117b3b483ba20bd\"},\"image\":{\"@id\":\"https:\/\/sandzakpress.net\/arhiva\/%e2%80%9eja-imam-pravo-na-zaposlenje-podrzi-me%e2%80%9c\/#primaryimage\"},\"thumbnailUrl\":\"https:\/\/sandzakpress.net\/arhiva\/wp-content\/uploads\/2011\/07\/50274_164881760194782_4223080_n.jpg\",\"articleSection\":[\"Pljevlja\",\"Dru\u0161tvo\"],\"inLanguage\":\"bs-BA\",\"potentialAction\":[{\"@type\":\"CommentAction\",\"name\":\"Comment\",\"target\":[\"https:\/\/sandzakpress.net\/arhiva\/%e2%80%9eja-imam-pravo-na-zaposlenje-podrzi-me%e2%80%9c\/#respond\"]}]},{\"@type\":\"WebPage\",\"@id\":\"https:\/\/sandzakpress.net\/arhiva\/%e2%80%9eja-imam-pravo-na-zaposlenje-podrzi-me%e2%80%9c\/\",\"url\":\"https:\/\/sandzakpress.net\/arhiva\/%e2%80%9eja-imam-pravo-na-zaposlenje-podrzi-me%e2%80%9c\/\",\"name\":\"\u201eJa imam pravo na zaposlenje - Podr\u017ei me\u201c\",\"isPartOf\":{\"@id\":\"https:\/\/sandzakpress.net\/arhiva\/#website\"},\"primaryImageOfPage\":{\"@id\":\"https:\/\/sandzakpress.net\/arhiva\/%e2%80%9eja-imam-pravo-na-zaposlenje-podrzi-me%e2%80%9c\/#primaryimage\"},\"image\":{\"@id\":\"https:\/\/sandzakpress.net\/arhiva\/%e2%80%9eja-imam-pravo-na-zaposlenje-podrzi-me%e2%80%9c\/#primaryimage\"},\"thumbnailUrl\":\"https:\/\/sandzakpress.net\/arhiva\/wp-content\/uploads\/2011\/07\/50274_164881760194782_4223080_n.jpg\",\"datePublished\":\"2011-07-29T10:08:19+00:00\",\"breadcrumb\":{\"@id\":\"https:\/\/sandzakpress.net\/arhiva\/%e2%80%9eja-imam-pravo-na-zaposlenje-podrzi-me%e2%80%9c\/#breadcrumb\"},\"inLanguage\":\"bs-BA\",\"potentialAction\":[{\"@type\":\"ReadAction\",\"target\":[\"https:\/\/sandzakpress.net\/arhiva\/%e2%80%9eja-imam-pravo-na-zaposlenje-podrzi-me%e2%80%9c\/\"]}]},{\"@type\":\"ImageObject\",\"inLanguage\":\"bs-BA\",\"@id\":\"https:\/\/sandzakpress.net\/arhiva\/%e2%80%9eja-imam-pravo-na-zaposlenje-podrzi-me%e2%80%9c\/#primaryimage\",\"url\":\"https:\/\/sandzakpress.net\/arhiva\/wp-content\/uploads\/2011\/07\/50274_164881760194782_4223080_n.jpg\",\"contentUrl\":\"https:\/\/sandzakpress.net\/arhiva\/wp-content\/uploads\/2011\/07\/50274_164881760194782_4223080_n.jpg\",\"width\":200,\"height\":150},{\"@type\":\"BreadcrumbList\",\"@id\":\"https:\/\/sandzakpress.net\/arhiva\/%e2%80%9eja-imam-pravo-na-zaposlenje-podrzi-me%e2%80%9c\/#breadcrumb\",\"itemListElement\":[{\"@type\":\"ListItem\",\"position\":1,\"name\":\"Home\",\"item\":\"https:\/\/sandzakpress.net\/arhiva\/\"},{\"@type\":\"ListItem\",\"position\":2,\"name\":\"\u201eJa imam pravo na zaposlenje &#8211; Podr\u017ei me\u201c\"}]},{\"@type\":\"WebSite\",\"@id\":\"https:\/\/sandzakpress.net\/arhiva\/#website\",\"url\":\"https:\/\/sandzakpress.net\/arhiva\/\",\"name\":\"Sand\u017eak PRESS\",\"description\":\"Prve elektronske novine u Sand\u017eaku\",\"publisher\":{\"@id\":\"https:\/\/sandzakpress.net\/arhiva\/#\/schema\/person\/6e72b67d6e51910a1117b3b483ba20bd\"},\"potentialAction\":[{\"@type\":\"SearchAction\",\"target\":{\"@type\":\"EntryPoint\",\"urlTemplate\":\"https:\/\/sandzakpress.net\/arhiva\/?s={search_term_string}\"},\"query-input\":{\"@type\":\"PropertyValueSpecification\",\"valueRequired\":true,\"valueName\":\"search_term_string\"}}],\"inLanguage\":\"bs-BA\"},{\"@type\":[\"Person\",\"Organization\"],\"@id\":\"https:\/\/sandzakpress.net\/arhiva\/#\/schema\/person\/6e72b67d6e51910a1117b3b483ba20bd\",\"name\":\"Kul\",\"image\":{\"@type\":\"ImageObject\",\"inLanguage\":\"bs-BA\",\"@id\":\"https:\/\/sandzakpress.net\/arhiva\/#\/schema\/person\/image\/\",\"url\":\"https:\/\/secure.gravatar.com\/avatar\/42263f39aa27ac04c43cab85c280eb2e?s=96&d=mm&r=pg\",\"contentUrl\":\"https:\/\/secure.gravatar.com\/avatar\/42263f39aa27ac04c43cab85c280eb2e?s=96&d=mm&r=pg\",\"caption\":\"Kul\"},\"logo\":{\"@id\":\"https:\/\/sandzakpress.net\/arhiva\/#\/schema\/person\/image\/\"}},{\"@type\":\"Person\",\"@id\":\"\",\"url\":\"https:\/\/sandzakpress.net\/arhiva\/author\/\"}]}<\/script>\n<!-- \/ Yoast SEO Premium plugin. -->","yoast_head_json":{"title":"\u201eJa imam pravo na zaposlenje - Podr\u017ei me\u201c","robots":{"index":"index","follow":"follow","max-snippet":"max-snippet:-1","max-image-preview":"max-image-preview:large","max-video-preview":"max-video-preview:-1"},"canonical":"https:\/\/sandzakpress.net\/arhiva\/\u201eja-imam-pravo-na-zaposlenje-podrzi-me\u201c\/","og_locale":"bs_BA","og_type":"article","og_title":"\u201eJa imam pravo na zaposlenje - Podr\u017ei me\u201c","og_description":"Pljevlja &#8211; Udru\u017eenje \u201eZra\u010dak nade\u201c u saradnji sa Centrom za socijalni rad i uz podr\u0161ku Zavoda za zapo\u0161ljavanje Crne Gore, organizovali su okrugli sto u okviru projekta partnerski \u201eJa imam pravo na zaposlenje &#8211; Podr\u017ei me.\u201c Cilj je da se predstavnici op\u0107ine, ustanova i poslodavaca upoznaju sa izmjenama i dopunama Zakona koji je u skup\u0161tinskoj [&hellip;]","og_url":"https:\/\/sandzakpress.net\/arhiva\/\u201eja-imam-pravo-na-zaposlenje-podrzi-me\u201c\/","og_site_name":"Sand\u017eak PRESS","article_published_time":"2011-07-29T10:08:19+00:00","og_image":[{"width":200,"height":150,"url":"https:\/\/sandzakpress.net\/arhiva\/wp-content\/uploads\/2011\/07\/50274_164881760194782_4223080_n.jpg","type":"image\/jpeg"}],"twitter_card":"summary_large_image","twitter_misc":{"Written by":"","Est. reading time":"1 minuta"},"schema":{"@context":"https:\/\/schema.org","@graph":[{"@type":"Article","@id":"https:\/\/sandzakpress.net\/arhiva\/%e2%80%9eja-imam-pravo-na-zaposlenje-podrzi-me%e2%80%9c\/#article","isPartOf":{"@id":"https:\/\/sandzakpress.net\/arhiva\/%e2%80%9eja-imam-pravo-na-zaposlenje-podrzi-me%e2%80%9c\/"},"author":{"name":"","@id":""},"headline":"\u201eJa imam pravo na zaposlenje &#8211; Podr\u017ei me\u201c","datePublished":"2011-07-29T10:08:19+00:00","mainEntityOfPage":{"@id":"https:\/\/sandzakpress.net\/arhiva\/%e2%80%9eja-imam-pravo-na-zaposlenje-podrzi-me%e2%80%9c\/"},"wordCount":277,"commentCount":0,"publisher":{"@id":"https:\/\/sandzakpress.net\/arhiva\/#\/schema\/person\/6e72b67d6e51910a1117b3b483ba20bd"},"image":{"@id":"https:\/\/sandzakpress.net\/arhiva\/%e2%80%9eja-imam-pravo-na-zaposlenje-podrzi-me%e2%80%9c\/#primaryimage"},"thumbnailUrl":"https:\/\/sandzakpress.net\/arhiva\/wp-content\/uploads\/2011\/07\/50274_164881760194782_4223080_n.jpg","articleSection":["Pljevlja","Dru\u0161tvo"],"inLanguage":"bs-BA","potentialAction":[{"@type":"CommentAction","name":"Comment","target":["https:\/\/sandzakpress.net\/arhiva\/%e2%80%9eja-imam-pravo-na-zaposlenje-podrzi-me%e2%80%9c\/#respond"]}]},{"@type":"WebPage","@id":"https:\/\/sandzakpress.net\/arhiva\/%e2%80%9eja-imam-pravo-na-zaposlenje-podrzi-me%e2%80%9c\/","url":"https:\/\/sandzakpress.net\/arhiva\/%e2%80%9eja-imam-pravo-na-zaposlenje-podrzi-me%e2%80%9c\/","name":"\u201eJa imam pravo na zaposlenje - Podr\u017ei me\u201c","isPartOf":{"@id":"https:\/\/sandzakpress.net\/arhiva\/#website"},"primaryImageOfPage":{"@id":"https:\/\/sandzakpress.net\/arhiva\/%e2%80%9eja-imam-pravo-na-zaposlenje-podrzi-me%e2%80%9c\/#primaryimage"},"image":{"@id":"https:\/\/sandzakpress.net\/arhiva\/%e2%80%9eja-imam-pravo-na-zaposlenje-podrzi-me%e2%80%9c\/#primaryimage"},"thumbnailUrl":"https:\/\/sandzakpress.net\/arhiva\/wp-content\/uploads\/2011\/07\/50274_164881760194782_4223080_n.jpg","datePublished":"2011-07-29T10:08:19+00:00","breadcrumb":{"@id":"https:\/\/sandzakpress.net\/arhiva\/%e2%80%9eja-imam-pravo-na-zaposlenje-podrzi-me%e2%80%9c\/#breadcrumb"},"inLanguage":"bs-BA","potentialAction":[{"@type":"ReadAction","target":["https:\/\/sandzakpress.net\/arhiva\/%e2%80%9eja-imam-pravo-na-zaposlenje-podrzi-me%e2%80%9c\/"]}]},{"@type":"ImageObject","inLanguage":"bs-BA","@id":"https:\/\/sandzakpress.net\/arhiva\/%e2%80%9eja-imam-pravo-na-zaposlenje-podrzi-me%e2%80%9c\/#primaryimage","url":"https:\/\/sandzakpress.net\/arhiva\/wp-content\/uploads\/2011\/07\/50274_164881760194782_4223080_n.jpg","contentUrl":"https:\/\/sandzakpress.net\/arhiva\/wp-content\/uploads\/2011\/07\/50274_164881760194782_4223080_n.jpg","width":200,"height":150},{"@type":"BreadcrumbList","@id":"https:\/\/sandzakpress.net\/arhiva\/%e2%80%9eja-imam-pravo-na-zaposlenje-podrzi-me%e2%80%9c\/#breadcrumb","itemListElement":[{"@type":"ListItem","position":1,"name":"Home","item":"https:\/\/sandzakpress.net\/arhiva\/"},{"@type":"ListItem","position":2,"name":"\u201eJa imam pravo na zaposlenje &#8211; Podr\u017ei me\u201c"}]},{"@type":"WebSite","@id":"https:\/\/sandzakpress.net\/arhiva\/#website","url":"https:\/\/sandzakpress.net\/arhiva\/","name":"Sand\u017eak PRESS","description":"Prve elektronske novine u Sand\u017eaku","publisher":{"@id":"https:\/\/sandzakpress.net\/arhiva\/#\/schema\/person\/6e72b67d6e51910a1117b3b483ba20bd"},"potentialAction":[{"@type":"SearchAction","target":{"@type":"EntryPoint","urlTemplate":"https:\/\/sandzakpress.net\/arhiva\/?s={search_term_string}"},"query-input":{"@type":"PropertyValueSpecification","valueRequired":true,"valueName":"search_term_string"}}],"inLanguage":"bs-BA"},{"@type":["Person","Organization"],"@id":"https:\/\/sandzakpress.net\/arhiva\/#\/schema\/person\/6e72b67d6e51910a1117b3b483ba20bd","name":"Kul","image":{"@type":"ImageObject","inLanguage":"bs-BA","@id":"https:\/\/sandzakpress.net\/arhiva\/#\/schema\/person\/image\/","url":"https:\/\/secure.gravatar.com\/avatar\/42263f39aa27ac04c43cab85c280eb2e?s=96&d=mm&r=pg","contentUrl":"https:\/\/secure.gravatar.com\/avatar\/42263f39aa27ac04c43cab85c280eb2e?s=96&d=mm&r=pg","caption":"Kul"},"logo":{"@id":"https:\/\/sandzakpress.net\/arhiva\/#\/schema\/person\/image\/"}},{"@type":"Person","@id":"","url":"https:\/\/sandzakpress.net\/arhiva\/author\/"}]}},"_links":{"self":[{"href":"https:\/\/sandzakpress.net\/arhiva\/wp-json\/wp\/v2\/posts\/18147"}],"collection":[{"href":"https:\/\/sandzakpress.net\/arhiva\/wp-json\/wp\/v2\/posts"}],"about":[{"href":"https:\/\/sandzakpress.net\/arhiva\/wp-json\/wp\/v2\/types\/post"}],"author":[{"embeddable":true,"href":"https:\/\/sandzakpress.net\/arhiva\/wp-json\/wp\/v2\/users\/13"}],"replies":[{"embeddable":true,"href":"https:\/\/sandzakpress.net\/arhiva\/wp-json\/wp\/v2\/comments?post=18147"}],"version-history":[{"count":0,"href":"https:\/\/sandzakpress.net\/arhiva\/wp-json\/wp\/v2\/posts\/18147\/revisions"}],"wp:featuredmedia":[{"embeddable":true,"href":"https:\/\/sandzakpress.net\/arhiva\/wp-json\/wp\/v2\/media\/18148"}],"wp:attachment":[{"href":"https:\/\/sandzakpress.net\/arhiva\/wp-json\/wp\/v2\/media?parent=18147"}],"wp:term":[{"taxonomy":"category","embeddable":true,"href":"https:\/\/sandzakpress.net\/arhiva\/wp-json\/wp\/v2\/categories?post=18147"},{"taxonomy":"post_tag","embeddable":true,"href":"https:\/\/sandzakpress.net\/arhiva\/wp-json\/wp\/v2\/tags?post=18147"}],"curies":[{"name":"wp","href":"https:\/\/api.w.org\/{rel}","templated":true}]}}