{"id":181396,"date":"2017-03-06T14:15:05","date_gmt":"2017-03-06T13:15:05","guid":{"rendered":"https:\/\/sandzakpress.net\/arhiva\/?p=181396"},"modified":"2017-03-06T19:42:32","modified_gmt":"2017-03-06T18:42:32","slug":"svecano-otvorena-prva-faza-nadogradnja-zgrade-islasmkih-ustanova","status":"publish","type":"post","link":"https:\/\/sandzakpress.net\/arhiva\/svecano-otvorena-prva-faza-nadogradnja-zgrade-islasmkih-ustanova\/","title":{"rendered":"Sve\u010dano otvorena prva faza nadogradnje zgrade Islamskih ustanova"},"content":{"rendered":"<p><strong><img loading=\"lazy\" decoding=\"async\" class=\"alignnone size-full wp-image-29319\" src=\"http:\/\/sanapress.info\/wp-content\/uploads\/2017\/03\/DSC_5797.jpg\" alt=\"\" width=\"4288\" height=\"2848\" \/><\/strong><\/p>\n<p><strong>Fakultet za islamske studije koji se nakon 15 godina mo\u017ee pohvaliti da je jedini ovakve vrste na ovom podru\u010dju, koji je osigurao svoj kadar za izvo\u0111enje nastave sve\u010dano otvorio nadogra\u0111eni dio uz prisustvo brojnih gostiju, me\u0111u kojima Delegacija Rijaseta IZ u BiH na \u010delu s reis-ul-ulemom Huseinom ef. Kavazovi\u0107em.<\/strong><\/p>\n<p><iframe loading=\"lazy\" src=\"https:\/\/www.facebook.com\/plugins\/video.php?href=https%3A%2F%2Fwww.facebook.com%2Ffisnp%2Fvideos%2F1759189594303565%2F&amp;show_text=0&amp;width=560\" width=\"560\" height=\"315\" frameborder=\"0\" scrolling=\"no\" allowfullscreen=\"allowfullscreen\"><\/iframe><\/p>\n<p>Nakon beskrupulozne kampanje koja je trebala dovesti do gubitka povjerenja u \u010delnike IZ desilo se suprotno. Svi su, iz Sand\u017eaka, dijaspore, svijeta, dali svoj doprinos da projekt uspije.<\/p>\n<p>Na po\u010detku sve\u010danosti dekan FIS-a prof. dr. Enver Gici\u0107 uru\u010dio zahvalnice pojedincima i ustanovama koje su dali svoje u\u010de\u0161\u0107e za izgradnju ugledne institucije.<\/p>\n<p>-Veliki, historijski dan ne samo za FIS ve\u0107 cvijet ba\u0161te \u010diji je miris stigao i na Istok i na Zapad. U ime kolektiva, profesora, FIS-a, svih Bo\u0161njaka Sand\u017eaka zahvaljujem se svima koji su dali svoj doprinos za ovaj Fakultet, ka\u017ee dekan Gici\u0107.<\/p>\n<p>Zasluge predsjednika Me\u0161ihata ne mogu se nabrojati.<\/p>\n<p>-Sve \u0161to bih rekao samo bih oskrnavio zasluge Va\u0161eg rada ve\u0107 Vam ovom prilikom upu\u0107ujem dovu, ka\u017ee dekan FIS-a u svojoj poruci muftiji Dudi\u0107u. Da Sand\u017eaklije nisu imali \u010dovjeka koji vrijedi hiljade drugih danas ne bi sjedile ovdje.<\/p>\n<p>-Da nismo imali gromobran, \u010dovjeka koji \u0107e stati ispred nas ne bi napravili ni\u0161ta. Mi se na\u0161em lideru, ponosu, sand\u017ea\u010dkom i bo\u0161nja\u010dkom sinu nikad ne mo\u017eemo odu\u017eiti ako pogledamo \u0161ta je pro\u017eivio samo zadnjih mjeseci, ostaje jedino da\u00a0 upu\u0107ujemo dovu Allahu d\u017e.\u0161. da ga u\u010dvrsti na putu. Muamere ef. je na\u0161 lider, ponos, grudobran i gdje god da ode on je na\u0161 Muftija, ka\u017ee dekan.<\/p>\n<p>\u010cestitaju\u0107i i vakifima koji su stali u red onoga koji je na ovom mjestu sagradio prvu d\u017eamiju isti\u010de da su je ponovo o\u017eivjeli i, ka\u017ee, \u201ezajedno \u0107emo na Sudnjem danu biti zajedno s na\u0161im djedom koji je danas ponosan na nas\u201c. U akciji podsje\u0107a sudjelovalo 285 ljudi. Svima zahvalan, posebno studentima koji su bili \u010dvrsti i ostali uz svoj Fakultet.<\/p>\n<p>-Da im Allah d\u017e.\u0161. olak\u0161a, podari znanje, i u\u010dvrsti na njihovom putu, poruka je. Dekan Gici\u0107 na arapskom jeziku poselamio goste iz arapskog svijeta koji zajedno sa svima prisustvuju historijskom danu ne samo za ovo podru\u010dje, ve\u0107 islamski svijet op\u0107enito.<\/p>\n<p>Abdul Aziz Jusuf Ezzaid\u00a0ispred bra\u0107e iz Kuvajta koji su prepoznali zna\u010daj i va\u017enost FIS-a i pokazali spremnost da pomognu u radu i napredovanju, podsje\u0107a na va\u017enost zna\u010daja i prou\u010davanja arapskog jezika za, kako ka\u017ee, narod koji \u017eeli da razmi\u0161lja.<\/p>\n<p>-Mi ispred na\u0161e organizacije koja se bavi izu\u010davanjem i podu\u010davanjem arapskog poku\u0161ali smo sagraditi mostove suradnje s Me\u0161ihatom IZ u Srbiji, a konkretno s FIS-om, pogotovo nakon posjete muftije Dudi\u0107a koja je rezultirala brojnim dogovorima, me\u0111u kojima su i stipendije za studente, kao i za u\u010denike Medrese, te one na magistratu i doktoratu. Nudimo pomo\u0107 ukoliko neko \u017eeli studirati vani, ka\u017ee gost iz Kuvajta.<\/p>\n<p>Emir Zindan, direktor Islamskog instituta u Be\u010du ka\u017ee da prvi put kad je \u010duo za mjesto koje se zove Sand\u017eak, kad se prvi put prije 25 godina susreo s Muamerom Zukorli\u0107em, njegovo ime govori da \u0107e biti izgradnje.<\/p>\n<p>-I zaista mnogo toga je izgradio za sand\u017eak. Najzaslu\u017eniji je za sve ono \u0161to vidimo danas. On zna da uputi ljude \u0161ta i kako treba da rade. Zato pored njega vidimo i muftiju Mevluda ef. Dudi\u0107a. Prvi onaj koji je ispred FIS-a a kada treba da mu zahvalimo negdje je u pozadini je prof. dr. Enver Gici\u0107 i ba\u0161 je taj koji je napisao sve zahvalnice a svoje ime izostavio, ka\u017ee Zindan srda\u010dno izra\u017eavaju\u0107i zahvalnost.<\/p>\n<p>Od svega \u0161to se uradilo, vidjet \u0107e se velika korist ba\u0161 kao \u0161to stoji u hadisu.<\/p>\n<p><iframe loading=\"lazy\" style=\"border: none; overflow: hidden;\" src=\"https:\/\/www.facebook.com\/plugins\/post.php?href=https%3A%2F%2Fwww.facebook.com%2Fmedia%2Fset%2F%3Fset%3Da.1759247604297764.1073741829.1382531615302700%26type%3D3&amp;width=500\" width=\"500\" height=\"597\" frameborder=\"0\" scrolling=\"no\"><\/iframe><\/p>\n<p>-Vi ste s ovim vakufom i novcem koji ste dali osigurali sadaku do Sudnjeg dana. Ovo je prilika da se jo\u0161 vi\u0161e ulo\u017ei na Bo\u017eijem putu. Udijelite jer je to jedino \u0161to \u0107e svaki \u010dovjek na\u0107i na Sudnjem danu.<\/p>\n<p>Obrazovanje je temelj \u010dovjekovog uspjeha. Tako se stvara balans izme\u0111u materijalnog i duhovnog. Va\u017enost vakufa je nemjerljiv a posebno se odnosi na doprinos u odgoju i obrazovanju. Odlu\u010dnost ljudi da uvakufljuju je u uzlaznoj putanju u odnosu prethodno stolje\u0107e. FIS je od svog osnivanja bio meta onih koji su \u017eeljeli sru\u0161iti izvor znanja, identitet jednog naroda.<\/p>\n<p>\u010clan Unije svjetskih univerziteta, svjetiljka vjere jo\u0161 \u0107e lak\u0161e sijati pa i za one koji su radili protiv njega podsje\u0107aju\u0107i sve da je simbol postojanosti vjere, nacije, borbe, dio je iz autorskog djela Zindana.<\/p>\n<p>Predsjednik odbora za obrazovanje, narodni poslanik muftija Muamer ef. Zukorli\u0107 ka\u017ee kad \u010dujete toliko lijepih rije\u010di na svoju adresu, osjeti dodatan teret jer rije\u010d hvale upravo je to. Mada, mo\u017ee biti, ka\u017ee,pijesak u o\u010di.<\/p>\n<p>-Molim Allaha d\u017e.\u0161. Da nas uputi od ku\u0161nje hvalospijeva i da snagu da se nosim sa svim emanetima. Na ta\u010dki smo gdje je veliki \u010dovjek, heroj odlu\u010dio da ba\u0161 na ovom mjestu podigne vakuf i posije sjeme ovog grada. Upravo prema Kur'anskoj da se pjena ispari a korisno ostaje na zemlji, svjedoci smo da snaga energije \u010distog duha kojeg je vakif tada utisnuo u korijene ovog vakufa i grada nakon 600 godina udara, osvaja\u010da, destruktora svega \u0161to se nalazilo putu ovog vakufa svjedoci smo kako danas blista, dobija novo svjetlo, a shodno izvornoj namjeri i vakufnami vakifa. Vakuf je najimpresivnije oli\u010denje dobra. U biolo\u0161koj prirodi \u010dovjeka je da radi za sebe i porodicu, ali u njegovoj fitri je ono \u0161to ga \u010dini \u010dovjekom i daje za pravo da se vertikalno uzdigne, a to je dobro i dobro\u010dinstvo, ka\u017ee Zukorli\u0107.<\/p>\n<p>Vjeruje,isti\u010de, u dalji napredak ove ali i svih drugih institucija dok na njihovom \u010delu budu oni \u010dija je volja dobro\u010dinstvo.<\/p>\n<p>-Optimista sam po pitanju ove ustanove jer sam siguran da je u svoj centar stavila pojedinca, \u010dovjeka kojeg treba odgojiti tako da \u0107e njegova plemenitost zra\u010diti na sve strane. Zbog takvog pristupa i percepcije o\u017eivljavamo i one vakufe za koje se \u010dinilo da im je presu\u0111eno. Zbog takvog odnosa i kulture opstaje bo\u0161nja\u010dki narod na svim vrletima gdje su rasuti. Dostojanstveni smo i dostojni emaneta pravih ljudskih vrijednosti, opredjeljenja da \u010dinimo dobro i uzvratimo dobro, ne pasivnim ve\u0107 progresivnim posebno na polju sticanja znanja da na\u0161e generacije podi\u017eemo na na\u010delima prvih rije\u010di objave svjesni Stvoritelja i onog koji kreira. Takvo znanje slu\u017ei \u010dovjeku i imamo dobro i dobro\u010dinstvo koje nije sebi\u010dno ve\u0107 pored dobra prema svojima je dobro prema drugima, kom\u0161ijama, iste i druge nacije. Mi koji se iskreno napajamo iz autenti\u010dne Bo\u017eije rije\u010di moramo imati autenti\u010dnost \u010dine\u0107i dobro prema svima. Tako smo uzvratili na sve agresije na IZ na sve udare pa i prije nekoliko mjeseci na ovaj objekat, ka\u017ee Zukorli\u0107 isti\u010du\u0107i da je ova zgrada najpoznatija na Balkanu.<\/p>\n<p>Gospodo profesori, studenti, s tolikim rezultatom riskirate urok, pa i mi, ka\u017ee, moramo na\u0107i ne\u0161to da za\u0161titimo od uroka- uzvra\u0107anje samo dobrim djelom podizat \u0107e se generacije mladih pojedinaca, odgojenih, vaspitanih da su za\u0161titnici Bo\u017eijeg reda a kvalitet \u0107e se mjeriti prema tome koliko koristimo ljudima, poru\u010duje Zukorli\u0107, \u010destitaju\u0107i svima koji se raduju, a onima koji jo\u0161 nisu kadri da se raduju moli Stvoritelja da iz njihovih grudi iza\u0111e to \u0161to im ne dozvoljava pa da se zbiju redovi i drugima s kojima je kroz historiju bilo i dobrih i lo\u0161ih iskustava i izvuku pouku i smognu snage da kroz dijalog i pomirenje stavi ta\u010dka na pro\u0161lost, a otvori bijela strana novih odnosa.<\/p>\n<p>Predsjednik Upravnog odbora FIS-a muftija dr. Mevlud ef. Dudi\u0107 uru\u010dio plakete i drugima koji su dali svoj doprinos za ovu odgojno-obrazovnu instituciju, me\u0111u njima i reisu Kavazovi\u0107u.<\/p>\n<p>U obra\u0107anju, muftija Dudi\u0107 nagla\u0161ava da je ovo poseban dan kada se prisje\u0107amo prvog gradona\u010delnika N.Pazara, Skoplja i Sarajeva koji je dao sve vrste dozvola do Sudnjeg dana za ovaj objekt.<\/p>\n<p>-Za nas Bo\u0161njake za ovo mjesto postojat \u0107e pravila jer je to ostavio prvi gradona\u010delnik, a nadam se da \u0107e i ovi dana\u0161nji imati razumijevanja. Tad je jo\u0161 zanijetio da pravi ovdje d\u017eamiju koja je bila aktivna sa \u0161kolom dok nije sru\u0161ena, ponovo napravljena, pa onda sru\u0161ena. Nadali smo se da \u0107e 2006. sa Zakonom o povratu imovine vjerskim zajednicama nepravda biti ispravljen, ka\u017ee dr. Dudi\u0107.<\/p>\n<p>Me\u0111utim, dva bo\u0161nja\u010dka politi\u010dara idalje se bore protiv toga, osim jednog Muamera Zukorli\u0107a koji je sve od sebe dao u samo nekoliko dana gostuju\u0107i na nekoliko tv s nacionalnom frekvencijom bore\u0107i se za ovaj objekat.<\/p>\n<ul>\n<li>Svi su se utrkivali da pomognu, a veliki doprinos dala su na\u0161a bra\u0107a iz Kuvajta, ka\u017ee Dudi\u0107 zahvaljuju\u0107i svim koji su svaki euro dali, posebno zahvaljuje reisu koji je rekao vama tamo treba pomo\u0107 i imat \u0107ete.<\/li>\n<li>Samo danas stajemo, a od srijede po\u010dinjemo ostatak jer se na\u0161oj generaciji posre\u0107ilo da dovr\u0161i ovo \u0161to je ostalo, ka\u017ee, izme\u0111u ostalog, muftija.<\/li>\n<\/ul>\n<p>U ime muslimana iz BiH, Islamske zajednice reis Kavazovi\u0107 izrazio veliku zahvalnost, muftiji Dudi\u0107u, narodnom poslaniku Zukorli\u0107u, dekanu Fisa, svoj ulemi.<\/p>\n<p>-Svjedo\u010dimo onome \u0161to je u temelju na\u0161eg ummeta. Na historijskom mjestu moram re\u0107i da je temelj bo\u0161nja\u010dkog obrazovanja u na\u0161oj povijesti ovdje na ovom mjestu u Novom pazaru. Kad sam vidio sve vakife, znao sam da je ovaj narod koji ima najve\u0107i kapital, svijest o znanju koje mo\u017eemo ste\u0107i i dijeliti s drugima. Ovdje pokazujemo da smo narod koji zna vrijednosti znanja. Imamo i odgovornost kao narod da razumijemo vrijeme i svijet koji nas okru\u017euje, koji su na\u0161i ciljevi, a ovo je jedno od sredstava do cilja a onda mo\u017eemo biti mirni jer \u0107e i sada\u0161njost i budu\u0107nost biti znanje koje ljude osloba\u0111a od mitologije i la\u017ei. Samo ono stvara zdravo dru\u0161tvo i okru\u017eenje, ka\u017ee reis Kavazovi\u0107.<\/p>\n<p>Bo\u0161njaci imaju dvije domovine, a ona je jedna, Bosna i Sand\u017eak<\/p>\n<p>-Ni\u0161ta ne mo\u017ee biti svetije nakon vjere u Allaha d\u017e.\u0161. od ljubavi prema narodu kojem pripadaju. Ko god radi na tome da potare ovu svijest o na\u0161im domovinskim temljama je du\u0161man. Mi kao narod smo svjesni da \u017eivimo u dvije dr\u017eave, ali trebamo tra\u017eiti da i Bosna i Srbija po\u0161tuju na\u0161a prava i budu garanti i vjerskih i nacionalnih prava. Nijedna ni druga \u010desto nisu prema IZ bili doma\u0107ini, ve\u0107 su se ma\u0107ehinski odnosili. Ovo mjesto ovdje je najbolji znak kako se dr\u017eava ne treba pona\u0161ati, ve\u0107 gra\u0111anima Muslimanima da ono \u0161to im pripada. Svi oni znaju da je ovo vakuf, i da je ovdje bila d\u017eamija, zato o\u010dekujemo od dr\u017eava da prema muslimanima budu kao i prema drugima, ka\u017ee Kavazovi\u0107 podsje\u0107aju\u0107i da ni u BiH IZ nije potpisala ugovor kakav su potpisale katoli\u010dka i pravoslavna crkva.<\/p>\n<p>Svjesni na\u0161e pro\u0161losti, rana koje nosimo, genocida, ali isti\u010de, spremni smo zakora\u010diti u budu\u0107nost ali je \u010dini se istina o genocidu u Srebrenici bitnija Srbiji.<\/p>\n<p>-Mi \u017eelimo osloboditi srpski narod a pomo\u0107i nama jer jedino istina osloba\u0111a. Treba otvoriti novu stranicu. To mo\u017eemo u\u010diniti. Kao reis govorim, znam \u0161ta muslimani osje\u0107aju. Mi trebamo iskren razgovor i iznijeti sve \u0161to nas optere\u0107uje na svjetlo sunca koje \u0107e rasvijetliti put u budu\u0107nost. Danas smo jedina dva naroda na Balkanu koja su ostala zajedno uz sve velike izazove. Apeliram na politi\u010dke predstavnike da gdje god mogu otvore vrata dijalogu. U Sand\u017eaku \u017eivi najvitalniji dio na\u0161eg naroda, ka\u017ee, izme\u0111u ostalog, reis Kavazovi\u0107 \u017eele\u0107i da ovaj kao i ostala tri fakulteta u zajednici budu perjanica i stra\u017eari kule koji brane domovinu, narod, tradiciju.<\/p>\n<p>Na kraju skupa dovu je prou\u010dio direktor medrese Gazi Isa-beg dr. Re\u0161ad ef. Plojovi\u0107.<\/p>\n<p>&nbsp;<\/p>\n<p>Izvor: SANA &#8211; A.Sofi\u0107 \/ foto. R.Ze\u0107ovi\u0107<\/p>\n<p><img loading=\"lazy\" decoding=\"async\" class=\"alignnone size-full wp-image-29325\" src=\"http:\/\/sanapress.info\/wp-content\/uploads\/2017\/03\/DSC_5641.jpg\" alt=\"\" width=\"4288\" height=\"2848\" \/> <img loading=\"lazy\" decoding=\"async\" class=\"alignnone size-full wp-image-29326\" src=\"http:\/\/sanapress.info\/wp-content\/uploads\/2017\/03\/DSC_5664.jpg\" alt=\"\" width=\"4288\" height=\"2848\" \/> <img loading=\"lazy\" decoding=\"async\" class=\"alignnone size-full wp-image-29314\" src=\"http:\/\/sanapress.info\/wp-content\/uploads\/2017\/03\/DSC_5667.jpg\" alt=\"\" width=\"4288\" height=\"2848\" \/> <img loading=\"lazy\" decoding=\"async\" class=\"alignnone size-full wp-image-29315\" src=\"http:\/\/sanapress.info\/wp-content\/uploads\/2017\/03\/DSC_5680.jpg\" alt=\"\" width=\"4288\" height=\"2848\" \/> <img loading=\"lazy\" decoding=\"async\" class=\"alignnone size-full wp-image-29327\" src=\"http:\/\/sanapress.info\/wp-content\/uploads\/2017\/03\/DSC_5716.jpg\" alt=\"\" width=\"4288\" height=\"2848\" \/> <img loading=\"lazy\" decoding=\"async\" class=\"alignnone size-full wp-image-29316\" src=\"http:\/\/sanapress.info\/wp-content\/uploads\/2017\/03\/DSC_5721.jpg\" alt=\"\" width=\"4288\" height=\"2848\" \/> <img loading=\"lazy\" decoding=\"async\" class=\"alignnone size-full wp-image-29317\" src=\"http:\/\/sanapress.info\/wp-content\/uploads\/2017\/03\/DSC_5724.jpg\" alt=\"\" width=\"4288\" height=\"2848\" \/> <img loading=\"lazy\" decoding=\"async\" class=\"alignnone size-full wp-image-29318\" src=\"http:\/\/sanapress.info\/wp-content\/uploads\/2017\/03\/DSC_5790.jpg\" alt=\"\" width=\"4288\" height=\"2848\" \/> <img loading=\"lazy\" decoding=\"async\" class=\"alignnone size-full wp-image-29319\" src=\"http:\/\/sanapress.info\/wp-content\/uploads\/2017\/03\/DSC_5797.jpg\" alt=\"\" width=\"4288\" height=\"2848\" \/> <img loading=\"lazy\" decoding=\"async\" class=\"alignnone size-full wp-image-29320\" src=\"http:\/\/sanapress.info\/wp-content\/uploads\/2017\/03\/DSC_5821.jpg\" alt=\"\" width=\"4288\" height=\"2848\" \/> <img loading=\"lazy\" decoding=\"async\" class=\"alignnone size-full wp-image-29321\" src=\"http:\/\/sanapress.info\/wp-content\/uploads\/2017\/03\/DSC_5826.jpg\" alt=\"\" width=\"4288\" height=\"2848\" \/> <img loading=\"lazy\" decoding=\"async\" class=\"alignnone size-full wp-image-37106\" src=\"http:\/\/mesihat.org\/wp-content\/uploads\/2017\/03\/Re\u0161ad-ef..jpg\" alt=\"\" width=\"2048\" height=\"1360\" \/>\u00a0<img loading=\"lazy\" decoding=\"async\" class=\"alignnone size-full wp-image-29323\" src=\"http:\/\/sanapress.info\/wp-content\/uploads\/2017\/03\/DSC_5520.jpg\" alt=\"\" width=\"4288\" height=\"2848\" \/> <img loading=\"lazy\" decoding=\"async\" class=\"alignnone size-full wp-image-29324\" src=\"http:\/\/sanapress.info\/wp-content\/uploads\/2017\/03\/DSC_5542.jpg\" alt=\"\" width=\"4288\" height=\"2848\" \/><\/p>\n","protected":false},"excerpt":{"rendered":"<p>Fakultet za islamske studije koji se nakon 15 godina mo\u017ee pohvaliti da je jedini ovakve vrste na ovom podru\u010dju, koji je osigurao svoj kadar za izvo\u0111enje nastave sve\u010dano otvorio nadogra\u0111eni dio uz prisustvo brojnih gostiju, me\u0111u kojima Delegacija Rijaseta IZ u BiH na \u010delu s reis-ul-ulemom Huseinom ef. Kavazovi\u0107em. Nakon beskrupulozne kampanje koja je trebala [&hellip;]<\/p>\n","protected":false},"author":509,"featured_media":181397,"comment_status":"open","ping_status":"open","sticky":false,"template":"","format":"standard","meta":{"footnotes":""},"categories":[72,802,8957],"tags":[],"class_list":{"0":"post-181396","1":"post","2":"type-post","3":"status-publish","4":"format-standard","5":"has-post-thumbnail","7":"category-novi-pazar","8":"category-islamska_zajednica","9":"category-vijesti-dana"},"yoast_head":"<!-- This site is optimized with the Yoast SEO Premium plugin v23.1 (Yoast SEO v24.9) - https:\/\/yoast.com\/wordpress\/plugins\/seo\/ -->\n<title>Sve\u010dano otvorena prva faza nadogradnje zgrade Islamskih ustanova<\/title>\n<meta name=\"robots\" content=\"index, follow, max-snippet:-1, max-image-preview:large, max-video-preview:-1\" \/>\n<link rel=\"canonical\" href=\"https:\/\/sandzakpress.net\/arhiva\/svecano-otvorena-prva-faza-nadogradnja-zgrade-islasmkih-ustanova\/\" \/>\n<meta property=\"og:locale\" content=\"bs_BA\" \/>\n<meta property=\"og:type\" content=\"article\" \/>\n<meta property=\"og:title\" content=\"Sve\u010dano otvorena prva faza nadogradnje zgrade Islamskih ustanova\" \/>\n<meta property=\"og:description\" content=\"Fakultet za islamske studije koji se nakon 15 godina mo\u017ee pohvaliti da je jedini ovakve vrste na ovom podru\u010dju, koji je osigurao svoj kadar za izvo\u0111enje nastave sve\u010dano otvorio nadogra\u0111eni dio uz prisustvo brojnih gostiju, me\u0111u kojima Delegacija Rijaseta IZ u BiH na \u010delu s reis-ul-ulemom Huseinom ef. Kavazovi\u0107em. Nakon beskrupulozne kampanje koja je trebala [&hellip;]\" \/>\n<meta property=\"og:url\" content=\"https:\/\/sandzakpress.net\/arhiva\/svecano-otvorena-prva-faza-nadogradnja-zgrade-islasmkih-ustanova\/\" \/>\n<meta property=\"og:site_name\" content=\"Sand\u017eak PRESS\" \/>\n<meta property=\"article:published_time\" content=\"2017-03-06T13:15:05+00:00\" \/>\n<meta property=\"article:modified_time\" content=\"2017-03-06T18:42:32+00:00\" \/>\n<meta property=\"og:image\" content=\"https:\/\/sandzakpress.net\/arhiva\/wp-content\/uploads\/2017\/03\/DSC_5826.jpg\" \/>\n\t<meta property=\"og:image:width\" content=\"4288\" \/>\n\t<meta property=\"og:image:height\" content=\"2848\" \/>\n\t<meta property=\"og:image:type\" content=\"image\/jpeg\" \/>\n<meta name=\"author\" content=\"Agencija\" \/>\n<meta name=\"twitter:card\" content=\"summary_large_image\" \/>\n<meta name=\"twitter:label1\" content=\"Written by\" \/>\n\t<meta name=\"twitter:data1\" content=\"Agencija\" \/>\n\t<meta name=\"twitter:label2\" content=\"Est. reading time\" \/>\n\t<meta name=\"twitter:data2\" content=\"10 minuta\" \/>\n<script type=\"application\/ld+json\" class=\"yoast-schema-graph\">{\"@context\":\"https:\/\/schema.org\",\"@graph\":[{\"@type\":\"Article\",\"@id\":\"https:\/\/sandzakpress.net\/arhiva\/svecano-otvorena-prva-faza-nadogradnja-zgrade-islasmkih-ustanova\/#article\",\"isPartOf\":{\"@id\":\"https:\/\/sandzakpress.net\/arhiva\/svecano-otvorena-prva-faza-nadogradnja-zgrade-islasmkih-ustanova\/\"},\"author\":{\"name\":\"Agencija\",\"@id\":\"https:\/\/sandzakpress.net\/arhiva\/#\/schema\/person\/cb59d7e3ab91ab90dd680ad0305a6185\"},\"headline\":\"Sve\u010dano otvorena prva faza nadogradnje zgrade Islamskih ustanova\",\"datePublished\":\"2017-03-06T13:15:05+00:00\",\"dateModified\":\"2017-03-06T18:42:32+00:00\",\"mainEntityOfPage\":{\"@id\":\"https:\/\/sandzakpress.net\/arhiva\/svecano-otvorena-prva-faza-nadogradnja-zgrade-islasmkih-ustanova\/\"},\"wordCount\":2086,\"commentCount\":3,\"publisher\":{\"@id\":\"https:\/\/sandzakpress.net\/arhiva\/#\/schema\/person\/6e72b67d6e51910a1117b3b483ba20bd\"},\"image\":{\"@id\":\"https:\/\/sandzakpress.net\/arhiva\/svecano-otvorena-prva-faza-nadogradnja-zgrade-islasmkih-ustanova\/#primaryimage\"},\"thumbnailUrl\":\"https:\/\/sandzakpress.net\/arhiva\/wp-content\/uploads\/2017\/03\/DSC_5826.jpg\",\"articleSection\":[\"Novi Pazar\",\"Islamska zajednica\",\"VIJESTI DANA\"],\"inLanguage\":\"bs-BA\",\"potentialAction\":[{\"@type\":\"CommentAction\",\"name\":\"Comment\",\"target\":[\"https:\/\/sandzakpress.net\/arhiva\/svecano-otvorena-prva-faza-nadogradnja-zgrade-islasmkih-ustanova\/#respond\"]}]},{\"@type\":\"WebPage\",\"@id\":\"https:\/\/sandzakpress.net\/arhiva\/svecano-otvorena-prva-faza-nadogradnja-zgrade-islasmkih-ustanova\/\",\"url\":\"https:\/\/sandzakpress.net\/arhiva\/svecano-otvorena-prva-faza-nadogradnja-zgrade-islasmkih-ustanova\/\",\"name\":\"Sve\u010dano otvorena prva faza nadogradnje zgrade Islamskih ustanova\",\"isPartOf\":{\"@id\":\"https:\/\/sandzakpress.net\/arhiva\/#website\"},\"primaryImageOfPage\":{\"@id\":\"https:\/\/sandzakpress.net\/arhiva\/svecano-otvorena-prva-faza-nadogradnja-zgrade-islasmkih-ustanova\/#primaryimage\"},\"image\":{\"@id\":\"https:\/\/sandzakpress.net\/arhiva\/svecano-otvorena-prva-faza-nadogradnja-zgrade-islasmkih-ustanova\/#primaryimage\"},\"thumbnailUrl\":\"https:\/\/sandzakpress.net\/arhiva\/wp-content\/uploads\/2017\/03\/DSC_5826.jpg\",\"datePublished\":\"2017-03-06T13:15:05+00:00\",\"dateModified\":\"2017-03-06T18:42:32+00:00\",\"breadcrumb\":{\"@id\":\"https:\/\/sandzakpress.net\/arhiva\/svecano-otvorena-prva-faza-nadogradnja-zgrade-islasmkih-ustanova\/#breadcrumb\"},\"inLanguage\":\"bs-BA\",\"potentialAction\":[{\"@type\":\"ReadAction\",\"target\":[\"https:\/\/sandzakpress.net\/arhiva\/svecano-otvorena-prva-faza-nadogradnja-zgrade-islasmkih-ustanova\/\"]}]},{\"@type\":\"ImageObject\",\"inLanguage\":\"bs-BA\",\"@id\":\"https:\/\/sandzakpress.net\/arhiva\/svecano-otvorena-prva-faza-nadogradnja-zgrade-islasmkih-ustanova\/#primaryimage\",\"url\":\"https:\/\/sandzakpress.net\/arhiva\/wp-content\/uploads\/2017\/03\/DSC_5826.jpg\",\"contentUrl\":\"https:\/\/sandzakpress.net\/arhiva\/wp-content\/uploads\/2017\/03\/DSC_5826.jpg\",\"width\":4288,\"height\":2848},{\"@type\":\"BreadcrumbList\",\"@id\":\"https:\/\/sandzakpress.net\/arhiva\/svecano-otvorena-prva-faza-nadogradnja-zgrade-islasmkih-ustanova\/#breadcrumb\",\"itemListElement\":[{\"@type\":\"ListItem\",\"position\":1,\"name\":\"Home\",\"item\":\"https:\/\/sandzakpress.net\/arhiva\/\"},{\"@type\":\"ListItem\",\"position\":2,\"name\":\"Sve\u010dano otvorena prva faza nadogradnje zgrade Islamskih ustanova\"}]},{\"@type\":\"WebSite\",\"@id\":\"https:\/\/sandzakpress.net\/arhiva\/#website\",\"url\":\"https:\/\/sandzakpress.net\/arhiva\/\",\"name\":\"Sand\u017eak PRESS\",\"description\":\"Prve elektronske novine u Sand\u017eaku\",\"publisher\":{\"@id\":\"https:\/\/sandzakpress.net\/arhiva\/#\/schema\/person\/6e72b67d6e51910a1117b3b483ba20bd\"},\"potentialAction\":[{\"@type\":\"SearchAction\",\"target\":{\"@type\":\"EntryPoint\",\"urlTemplate\":\"https:\/\/sandzakpress.net\/arhiva\/?s={search_term_string}\"},\"query-input\":{\"@type\":\"PropertyValueSpecification\",\"valueRequired\":true,\"valueName\":\"search_term_string\"}}],\"inLanguage\":\"bs-BA\"},{\"@type\":[\"Person\",\"Organization\"],\"@id\":\"https:\/\/sandzakpress.net\/arhiva\/#\/schema\/person\/6e72b67d6e51910a1117b3b483ba20bd\",\"name\":\"Kul\",\"image\":{\"@type\":\"ImageObject\",\"inLanguage\":\"bs-BA\",\"@id\":\"https:\/\/sandzakpress.net\/arhiva\/#\/schema\/person\/image\/\",\"url\":\"https:\/\/secure.gravatar.com\/avatar\/42263f39aa27ac04c43cab85c280eb2e?s=96&d=mm&r=pg\",\"contentUrl\":\"https:\/\/secure.gravatar.com\/avatar\/42263f39aa27ac04c43cab85c280eb2e?s=96&d=mm&r=pg\",\"caption\":\"Kul\"},\"logo\":{\"@id\":\"https:\/\/sandzakpress.net\/arhiva\/#\/schema\/person\/image\/\"}},{\"@type\":\"Person\",\"@id\":\"https:\/\/sandzakpress.net\/arhiva\/#\/schema\/person\/cb59d7e3ab91ab90dd680ad0305a6185\",\"name\":\"Agencija\",\"image\":{\"@type\":\"ImageObject\",\"inLanguage\":\"bs-BA\",\"@id\":\"https:\/\/sandzakpress.net\/arhiva\/#\/schema\/person\/image\/\",\"url\":\"https:\/\/secure.gravatar.com\/avatar\/4b7fafa80a22f0c2afe23966b3961fe0?s=96&d=mm&r=pg\",\"contentUrl\":\"https:\/\/secure.gravatar.com\/avatar\/4b7fafa80a22f0c2afe23966b3961fe0?s=96&d=mm&r=pg\",\"caption\":\"Agencija\"},\"url\":\"https:\/\/sandzakpress.net\/arhiva\/author\/agencija\/\"}]}<\/script>\n<!-- \/ Yoast SEO Premium plugin. -->","yoast_head_json":{"title":"Sve\u010dano otvorena prva faza nadogradnje zgrade Islamskih ustanova","robots":{"index":"index","follow":"follow","max-snippet":"max-snippet:-1","max-image-preview":"max-image-preview:large","max-video-preview":"max-video-preview:-1"},"canonical":"https:\/\/sandzakpress.net\/arhiva\/svecano-otvorena-prva-faza-nadogradnja-zgrade-islasmkih-ustanova\/","og_locale":"bs_BA","og_type":"article","og_title":"Sve\u010dano otvorena prva faza nadogradnje zgrade Islamskih ustanova","og_description":"Fakultet za islamske studije koji se nakon 15 godina mo\u017ee pohvaliti da je jedini ovakve vrste na ovom podru\u010dju, koji je osigurao svoj kadar za izvo\u0111enje nastave sve\u010dano otvorio nadogra\u0111eni dio uz prisustvo brojnih gostiju, me\u0111u kojima Delegacija Rijaseta IZ u BiH na \u010delu s reis-ul-ulemom Huseinom ef. Kavazovi\u0107em. Nakon beskrupulozne kampanje koja je trebala [&hellip;]","og_url":"https:\/\/sandzakpress.net\/arhiva\/svecano-otvorena-prva-faza-nadogradnja-zgrade-islasmkih-ustanova\/","og_site_name":"Sand\u017eak PRESS","article_published_time":"2017-03-06T13:15:05+00:00","article_modified_time":"2017-03-06T18:42:32+00:00","og_image":[{"width":4288,"height":2848,"url":"https:\/\/sandzakpress.net\/arhiva\/wp-content\/uploads\/2017\/03\/DSC_5826.jpg","type":"image\/jpeg"}],"author":"Agencija","twitter_card":"summary_large_image","twitter_misc":{"Written by":"Agencija","Est. reading time":"10 minuta"},"schema":{"@context":"https:\/\/schema.org","@graph":[{"@type":"Article","@id":"https:\/\/sandzakpress.net\/arhiva\/svecano-otvorena-prva-faza-nadogradnja-zgrade-islasmkih-ustanova\/#article","isPartOf":{"@id":"https:\/\/sandzakpress.net\/arhiva\/svecano-otvorena-prva-faza-nadogradnja-zgrade-islasmkih-ustanova\/"},"author":{"name":"Agencija","@id":"https:\/\/sandzakpress.net\/arhiva\/#\/schema\/person\/cb59d7e3ab91ab90dd680ad0305a6185"},"headline":"Sve\u010dano otvorena prva faza nadogradnje zgrade Islamskih ustanova","datePublished":"2017-03-06T13:15:05+00:00","dateModified":"2017-03-06T18:42:32+00:00","mainEntityOfPage":{"@id":"https:\/\/sandzakpress.net\/arhiva\/svecano-otvorena-prva-faza-nadogradnja-zgrade-islasmkih-ustanova\/"},"wordCount":2086,"commentCount":3,"publisher":{"@id":"https:\/\/sandzakpress.net\/arhiva\/#\/schema\/person\/6e72b67d6e51910a1117b3b483ba20bd"},"image":{"@id":"https:\/\/sandzakpress.net\/arhiva\/svecano-otvorena-prva-faza-nadogradnja-zgrade-islasmkih-ustanova\/#primaryimage"},"thumbnailUrl":"https:\/\/sandzakpress.net\/arhiva\/wp-content\/uploads\/2017\/03\/DSC_5826.jpg","articleSection":["Novi Pazar","Islamska zajednica","VIJESTI DANA"],"inLanguage":"bs-BA","potentialAction":[{"@type":"CommentAction","name":"Comment","target":["https:\/\/sandzakpress.net\/arhiva\/svecano-otvorena-prva-faza-nadogradnja-zgrade-islasmkih-ustanova\/#respond"]}]},{"@type":"WebPage","@id":"https:\/\/sandzakpress.net\/arhiva\/svecano-otvorena-prva-faza-nadogradnja-zgrade-islasmkih-ustanova\/","url":"https:\/\/sandzakpress.net\/arhiva\/svecano-otvorena-prva-faza-nadogradnja-zgrade-islasmkih-ustanova\/","name":"Sve\u010dano otvorena prva faza nadogradnje zgrade Islamskih ustanova","isPartOf":{"@id":"https:\/\/sandzakpress.net\/arhiva\/#website"},"primaryImageOfPage":{"@id":"https:\/\/sandzakpress.net\/arhiva\/svecano-otvorena-prva-faza-nadogradnja-zgrade-islasmkih-ustanova\/#primaryimage"},"image":{"@id":"https:\/\/sandzakpress.net\/arhiva\/svecano-otvorena-prva-faza-nadogradnja-zgrade-islasmkih-ustanova\/#primaryimage"},"thumbnailUrl":"https:\/\/sandzakpress.net\/arhiva\/wp-content\/uploads\/2017\/03\/DSC_5826.jpg","datePublished":"2017-03-06T13:15:05+00:00","dateModified":"2017-03-06T18:42:32+00:00","breadcrumb":{"@id":"https:\/\/sandzakpress.net\/arhiva\/svecano-otvorena-prva-faza-nadogradnja-zgrade-islasmkih-ustanova\/#breadcrumb"},"inLanguage":"bs-BA","potentialAction":[{"@type":"ReadAction","target":["https:\/\/sandzakpress.net\/arhiva\/svecano-otvorena-prva-faza-nadogradnja-zgrade-islasmkih-ustanova\/"]}]},{"@type":"ImageObject","inLanguage":"bs-BA","@id":"https:\/\/sandzakpress.net\/arhiva\/svecano-otvorena-prva-faza-nadogradnja-zgrade-islasmkih-ustanova\/#primaryimage","url":"https:\/\/sandzakpress.net\/arhiva\/wp-content\/uploads\/2017\/03\/DSC_5826.jpg","contentUrl":"https:\/\/sandzakpress.net\/arhiva\/wp-content\/uploads\/2017\/03\/DSC_5826.jpg","width":4288,"height":2848},{"@type":"BreadcrumbList","@id":"https:\/\/sandzakpress.net\/arhiva\/svecano-otvorena-prva-faza-nadogradnja-zgrade-islasmkih-ustanova\/#breadcrumb","itemListElement":[{"@type":"ListItem","position":1,"name":"Home","item":"https:\/\/sandzakpress.net\/arhiva\/"},{"@type":"ListItem","position":2,"name":"Sve\u010dano otvorena prva faza nadogradnje zgrade Islamskih ustanova"}]},{"@type":"WebSite","@id":"https:\/\/sandzakpress.net\/arhiva\/#website","url":"https:\/\/sandzakpress.net\/arhiva\/","name":"Sand\u017eak PRESS","description":"Prve elektronske novine u Sand\u017eaku","publisher":{"@id":"https:\/\/sandzakpress.net\/arhiva\/#\/schema\/person\/6e72b67d6e51910a1117b3b483ba20bd"},"potentialAction":[{"@type":"SearchAction","target":{"@type":"EntryPoint","urlTemplate":"https:\/\/sandzakpress.net\/arhiva\/?s={search_term_string}"},"query-input":{"@type":"PropertyValueSpecification","valueRequired":true,"valueName":"search_term_string"}}],"inLanguage":"bs-BA"},{"@type":["Person","Organization"],"@id":"https:\/\/sandzakpress.net\/arhiva\/#\/schema\/person\/6e72b67d6e51910a1117b3b483ba20bd","name":"Kul","image":{"@type":"ImageObject","inLanguage":"bs-BA","@id":"https:\/\/sandzakpress.net\/arhiva\/#\/schema\/person\/image\/","url":"https:\/\/secure.gravatar.com\/avatar\/42263f39aa27ac04c43cab85c280eb2e?s=96&d=mm&r=pg","contentUrl":"https:\/\/secure.gravatar.com\/avatar\/42263f39aa27ac04c43cab85c280eb2e?s=96&d=mm&r=pg","caption":"Kul"},"logo":{"@id":"https:\/\/sandzakpress.net\/arhiva\/#\/schema\/person\/image\/"}},{"@type":"Person","@id":"https:\/\/sandzakpress.net\/arhiva\/#\/schema\/person\/cb59d7e3ab91ab90dd680ad0305a6185","name":"Agencija","image":{"@type":"ImageObject","inLanguage":"bs-BA","@id":"https:\/\/sandzakpress.net\/arhiva\/#\/schema\/person\/image\/","url":"https:\/\/secure.gravatar.com\/avatar\/4b7fafa80a22f0c2afe23966b3961fe0?s=96&d=mm&r=pg","contentUrl":"https:\/\/secure.gravatar.com\/avatar\/4b7fafa80a22f0c2afe23966b3961fe0?s=96&d=mm&r=pg","caption":"Agencija"},"url":"https:\/\/sandzakpress.net\/arhiva\/author\/agencija\/"}]}},"_links":{"self":[{"href":"https:\/\/sandzakpress.net\/arhiva\/wp-json\/wp\/v2\/posts\/181396"}],"collection":[{"href":"https:\/\/sandzakpress.net\/arhiva\/wp-json\/wp\/v2\/posts"}],"about":[{"href":"https:\/\/sandzakpress.net\/arhiva\/wp-json\/wp\/v2\/types\/post"}],"author":[{"embeddable":true,"href":"https:\/\/sandzakpress.net\/arhiva\/wp-json\/wp\/v2\/users\/509"}],"replies":[{"embeddable":true,"href":"https:\/\/sandzakpress.net\/arhiva\/wp-json\/wp\/v2\/comments?post=181396"}],"version-history":[{"count":0,"href":"https:\/\/sandzakpress.net\/arhiva\/wp-json\/wp\/v2\/posts\/181396\/revisions"}],"wp:featuredmedia":[{"embeddable":true,"href":"https:\/\/sandzakpress.net\/arhiva\/wp-json\/wp\/v2\/media\/181397"}],"wp:attachment":[{"href":"https:\/\/sandzakpress.net\/arhiva\/wp-json\/wp\/v2\/media?parent=181396"}],"wp:term":[{"taxonomy":"category","embeddable":true,"href":"https:\/\/sandzakpress.net\/arhiva\/wp-json\/wp\/v2\/categories?post=181396"},{"taxonomy":"post_tag","embeddable":true,"href":"https:\/\/sandzakpress.net\/arhiva\/wp-json\/wp\/v2\/tags?post=181396"}],"curies":[{"name":"wp","href":"https:\/\/api.w.org\/{rel}","templated":true}]}}