{"id":181307,"date":"2017-03-04T16:20:36","date_gmt":"2017-03-04T15:20:36","guid":{"rendered":"https:\/\/sandzakpress.net\/arhiva\/mogherini-sastankom-sa-clanovima-predsjednistva-pocela-radnu-posjetu-bih"},"modified":"2017-03-04T16:20:36","modified_gmt":"2017-03-04T15:20:36","slug":"mogherini-sastankom-sa-clanovima-predsjednistva-pocela-radnu-posjetu-bih","status":"publish","type":"post","link":"https:\/\/sandzakpress.net\/arhiva\/mogherini-sastankom-sa-clanovima-predsjednistva-pocela-radnu-posjetu-bih\/","title":{"rendered":"Mogherini sastankom sa \u010dlanovima Predsjedni\u0161tva po\u010dela radnu posjetu BiH"},"content":{"rendered":"<p><span class=\"cb-itemprop\"><\/p>\n<div class=\"uvod uvod-clanka hidden-xs\"><img decoding=\"async\" src=\"https:\/\/static.klix.ba\/media\/images\/vijesti\/170302034.1_xxl.jpg?v=2\" \/><\/div>\n<div class=\"uvod uvod-clanka hidden-xs\"><strong>\u010clanovi Predsjedni\u0161tva BiH sastali su se danas u Sarajevu sa visokom predstavnicom za vanjsku i sigurnosnu politiku EU i potpredsjednicom Evropske komisije Federicom Mogherini.<\/strong>\n<\/div>\n<div class=\"tekst clanak_vijesti\">Sastanak Mogherini sa kolektivnim \u0161efovima BiH Mladenom Ivani\u0107em, Draganom \u010covi\u0107em i Bakirom Izetbegovi\u0107em prolongiran je za danas zbog nemogu\u0107nosti slijetanja aviona na Me\u0111unarodni aerodrom Sarajevo.<\/p>\n<p>Visoka predstavnica za vanjsku i sigurnosnu politiku EU danas \u0107e se sastati i sa predsjedavaju\u0107im Vije\u0107a ministara BiH Denisom Zvizdi\u0107em, ministrom vanjskih poslova BiH Igorom Crnadkom, a sastanku bi trebali prisustvovati i ministri finansija Vjekoslav Bevanda i Mirko \u0160arovi\u0107, kao i predstavnici politi\u010dkih stranaka u na\u0161oj zemlji. Kako je najavljeno, u sjedi\u0161tu Delegacije EU u Sarajevu razgovarat \u0107e i sa predsjednikom RS-a Miloradom Dodikom, ali i predsjednikom SDS-a Vukotom Govedaricom.<\/p>\n<p>\u0160efica evropske diplomatije zapo\u010dela je zvani\u010dne posjete zemljama Jugoisto\u010dne Evrope 1. marta, a 2. marta je prvobitno trebala sti\u0107i u BiH, me\u0111utim, njen dolazak je prolongiran zbog nemogu\u0107nosti aviona na sleti u Sarajevo.<\/p>\n<p>Uo\u010di posjete izjavila je da je za Evropsku uniju rad sa Zapadnim Balkanom klju\u010dni prioritet te da ona radi sa \u017eeljom da vidim napredak na reformskom putu svakog od partnera sa Zapadnog Balkana ka Evropskoj uniji, kako bi bilo osigurano da taj proces neumoljivo napreduje.<\/p>\n<p>\u201cRegionalna saradnja i dobrosusjedski odnosi i dalje ostaju iznimno va\u017eni u ovom kontekstu\u201d, rekla je Mogherini.<\/p>\n<\/div>\n<div class=\"tekst clanak_vijesti\"><\/div>\n<div class=\"tekst clanak_vijesti\">Izvor: Klix<\/div>\n<p><\/span><br \/>\nPogledajte vijest na izvornom sajtu:<\/p>\n<p><a href=\"http:\/\/bosnapress.net\/mogherini-sastankom-sa-clanovima-predsjednistva-pocela-radnu-posjetu-bih\/\" target=\"_blank\">Mogherini sastankom sa \u010dlanovima Predsjedni\u0161tva po\u010dela radnu posjetu BiH<\/a><\/p>\n","protected":false},"excerpt":{"rendered":"<p>\u010clanovi Predsjedni\u0161tva BiH sastali su se danas u Sarajevu sa visokom predstavnicom za vanjsku i sigurnosnu politiku EU i potpredsjednicom Evropske komisije Federicom Mogherini. Sastanak Mogherini sa kolektivnim \u0161efovima BiH Mladenom Ivani\u0107em, Draganom \u010covi\u0107em i Bakirom Izetbegovi\u0107em prolongiran je za danas zbog nemogu\u0107nosti slijetanja aviona na Me\u0111unarodni aerodrom Sarajevo. Visoka predstavnica za vanjsku i sigurnosnu [&hellip;]<\/p>\n","protected":false},"author":83,"featured_media":181308,"comment_status":"open","ping_status":"open","sticky":false,"template":"","format":"standard","meta":{"footnotes":""},"categories":[10513],"tags":[10466],"class_list":{"0":"post-181307","1":"post","2":"type-post","3":"status-publish","4":"format-standard","5":"has-post-thumbnail","7":"category-bosna-press","8":"tag-bosna-i-hercegovina"},"yoast_head":"<!-- This site is optimized with the Yoast SEO Premium plugin v23.1 (Yoast SEO v24.9) - https:\/\/yoast.com\/wordpress\/plugins\/seo\/ -->\n<title>Mogherini sastankom sa \u010dlanovima Predsjedni\u0161tva po\u010dela radnu posjetu BiH<\/title>\n<meta name=\"robots\" content=\"index, follow, max-snippet:-1, max-image-preview:large, max-video-preview:-1\" \/>\n<link rel=\"canonical\" href=\"https:\/\/sandzakpress.net\/arhiva\/mogherini-sastankom-sa-clanovima-predsjednistva-pocela-radnu-posjetu-bih\/\" \/>\n<meta property=\"og:locale\" content=\"bs_BA\" \/>\n<meta property=\"og:type\" content=\"article\" \/>\n<meta property=\"og:title\" content=\"Mogherini sastankom sa \u010dlanovima Predsjedni\u0161tva po\u010dela radnu posjetu BiH\" \/>\n<meta property=\"og:description\" content=\"\u010clanovi Predsjedni\u0161tva BiH sastali su se danas u Sarajevu sa visokom predstavnicom za vanjsku i sigurnosnu politiku EU i potpredsjednicom Evropske komisije Federicom Mogherini. Sastanak Mogherini sa kolektivnim \u0161efovima BiH Mladenom Ivani\u0107em, Draganom \u010covi\u0107em i Bakirom Izetbegovi\u0107em prolongiran je za danas zbog nemogu\u0107nosti slijetanja aviona na Me\u0111unarodni aerodrom Sarajevo. Visoka predstavnica za vanjsku i sigurnosnu [&hellip;]\" \/>\n<meta property=\"og:url\" content=\"https:\/\/sandzakpress.net\/arhiva\/mogherini-sastankom-sa-clanovima-predsjednistva-pocela-radnu-posjetu-bih\/\" \/>\n<meta property=\"og:site_name\" content=\"Sand\u017eak PRESS\" \/>\n<meta property=\"article:published_time\" content=\"2017-03-04T15:20:36+00:00\" \/>\n<meta property=\"og:image\" content=\"https:\/\/sandzakpress.net\/arhiva\/wp-content\/uploads\/2017\/03\/170302034.1_xxl.jpg\" \/>\n\t<meta property=\"og:image:width\" content=\"1200\" \/>\n\t<meta property=\"og:image:height\" content=\"800\" \/>\n\t<meta property=\"og:image:type\" content=\"image\/jpeg\" \/>\n<meta name=\"author\" content=\"bosniak\" \/>\n<meta name=\"twitter:card\" content=\"summary_large_image\" \/>\n<meta name=\"twitter:label1\" content=\"Written by\" \/>\n\t<meta name=\"twitter:data1\" content=\"bosniak\" \/>\n\t<meta name=\"twitter:label2\" content=\"Est. reading time\" \/>\n\t<meta name=\"twitter:data2\" content=\"1 minuta\" \/>\n<script type=\"application\/ld+json\" class=\"yoast-schema-graph\">{\"@context\":\"https:\/\/schema.org\",\"@graph\":[{\"@type\":\"Article\",\"@id\":\"https:\/\/sandzakpress.net\/arhiva\/mogherini-sastankom-sa-clanovima-predsjednistva-pocela-radnu-posjetu-bih\/#article\",\"isPartOf\":{\"@id\":\"https:\/\/sandzakpress.net\/arhiva\/mogherini-sastankom-sa-clanovima-predsjednistva-pocela-radnu-posjetu-bih\/\"},\"author\":{\"name\":\"bosniak\",\"@id\":\"https:\/\/sandzakpress.net\/arhiva\/#\/schema\/person\/c8baee722073534b583ea7bdb2e36c02\"},\"headline\":\"Mogherini sastankom sa \u010dlanovima Predsjedni\u0161tva po\u010dela radnu posjetu BiH\",\"datePublished\":\"2017-03-04T15:20:36+00:00\",\"mainEntityOfPage\":{\"@id\":\"https:\/\/sandzakpress.net\/arhiva\/mogherini-sastankom-sa-clanovima-predsjednistva-pocela-radnu-posjetu-bih\/\"},\"wordCount\":261,\"commentCount\":0,\"publisher\":{\"@id\":\"https:\/\/sandzakpress.net\/arhiva\/#\/schema\/person\/6e72b67d6e51910a1117b3b483ba20bd\"},\"image\":{\"@id\":\"https:\/\/sandzakpress.net\/arhiva\/mogherini-sastankom-sa-clanovima-predsjednistva-pocela-radnu-posjetu-bih\/#primaryimage\"},\"thumbnailUrl\":\"https:\/\/sandzakpress.net\/arhiva\/wp-content\/uploads\/2017\/03\/170302034.1_xxl.jpg\",\"keywords\":[\"Bosna i Hercegovina\"],\"articleSection\":[\"Bosna PRESS\"],\"inLanguage\":\"bs-BA\",\"potentialAction\":[{\"@type\":\"CommentAction\",\"name\":\"Comment\",\"target\":[\"https:\/\/sandzakpress.net\/arhiva\/mogherini-sastankom-sa-clanovima-predsjednistva-pocela-radnu-posjetu-bih\/#respond\"]}]},{\"@type\":\"WebPage\",\"@id\":\"https:\/\/sandzakpress.net\/arhiva\/mogherini-sastankom-sa-clanovima-predsjednistva-pocela-radnu-posjetu-bih\/\",\"url\":\"https:\/\/sandzakpress.net\/arhiva\/mogherini-sastankom-sa-clanovima-predsjednistva-pocela-radnu-posjetu-bih\/\",\"name\":\"Mogherini sastankom sa \u010dlanovima Predsjedni\u0161tva po\u010dela radnu posjetu BiH\",\"isPartOf\":{\"@id\":\"https:\/\/sandzakpress.net\/arhiva\/#website\"},\"primaryImageOfPage\":{\"@id\":\"https:\/\/sandzakpress.net\/arhiva\/mogherini-sastankom-sa-clanovima-predsjednistva-pocela-radnu-posjetu-bih\/#primaryimage\"},\"image\":{\"@id\":\"https:\/\/sandzakpress.net\/arhiva\/mogherini-sastankom-sa-clanovima-predsjednistva-pocela-radnu-posjetu-bih\/#primaryimage\"},\"thumbnailUrl\":\"https:\/\/sandzakpress.net\/arhiva\/wp-content\/uploads\/2017\/03\/170302034.1_xxl.jpg\",\"datePublished\":\"2017-03-04T15:20:36+00:00\",\"breadcrumb\":{\"@id\":\"https:\/\/sandzakpress.net\/arhiva\/mogherini-sastankom-sa-clanovima-predsjednistva-pocela-radnu-posjetu-bih\/#breadcrumb\"},\"inLanguage\":\"bs-BA\",\"potentialAction\":[{\"@type\":\"ReadAction\",\"target\":[\"https:\/\/sandzakpress.net\/arhiva\/mogherini-sastankom-sa-clanovima-predsjednistva-pocela-radnu-posjetu-bih\/\"]}]},{\"@type\":\"ImageObject\",\"inLanguage\":\"bs-BA\",\"@id\":\"https:\/\/sandzakpress.net\/arhiva\/mogherini-sastankom-sa-clanovima-predsjednistva-pocela-radnu-posjetu-bih\/#primaryimage\",\"url\":\"https:\/\/sandzakpress.net\/arhiva\/wp-content\/uploads\/2017\/03\/170302034.1_xxl.jpg\",\"contentUrl\":\"https:\/\/sandzakpress.net\/arhiva\/wp-content\/uploads\/2017\/03\/170302034.1_xxl.jpg\",\"width\":1200,\"height\":800},{\"@type\":\"BreadcrumbList\",\"@id\":\"https:\/\/sandzakpress.net\/arhiva\/mogherini-sastankom-sa-clanovima-predsjednistva-pocela-radnu-posjetu-bih\/#breadcrumb\",\"itemListElement\":[{\"@type\":\"ListItem\",\"position\":1,\"name\":\"Home\",\"item\":\"https:\/\/sandzakpress.net\/arhiva\/\"},{\"@type\":\"ListItem\",\"position\":2,\"name\":\"Mogherini sastankom sa \u010dlanovima Predsjedni\u0161tva po\u010dela radnu posjetu BiH\"}]},{\"@type\":\"WebSite\",\"@id\":\"https:\/\/sandzakpress.net\/arhiva\/#website\",\"url\":\"https:\/\/sandzakpress.net\/arhiva\/\",\"name\":\"Sand\u017eak PRESS\",\"description\":\"Prve elektronske novine u Sand\u017eaku\",\"publisher\":{\"@id\":\"https:\/\/sandzakpress.net\/arhiva\/#\/schema\/person\/6e72b67d6e51910a1117b3b483ba20bd\"},\"potentialAction\":[{\"@type\":\"SearchAction\",\"target\":{\"@type\":\"EntryPoint\",\"urlTemplate\":\"https:\/\/sandzakpress.net\/arhiva\/?s={search_term_string}\"},\"query-input\":{\"@type\":\"PropertyValueSpecification\",\"valueRequired\":true,\"valueName\":\"search_term_string\"}}],\"inLanguage\":\"bs-BA\"},{\"@type\":[\"Person\",\"Organization\"],\"@id\":\"https:\/\/sandzakpress.net\/arhiva\/#\/schema\/person\/6e72b67d6e51910a1117b3b483ba20bd\",\"name\":\"Kul\",\"image\":{\"@type\":\"ImageObject\",\"inLanguage\":\"bs-BA\",\"@id\":\"https:\/\/sandzakpress.net\/arhiva\/#\/schema\/person\/image\/\",\"url\":\"https:\/\/secure.gravatar.com\/avatar\/42263f39aa27ac04c43cab85c280eb2e?s=96&d=mm&r=pg\",\"contentUrl\":\"https:\/\/secure.gravatar.com\/avatar\/42263f39aa27ac04c43cab85c280eb2e?s=96&d=mm&r=pg\",\"caption\":\"Kul\"},\"logo\":{\"@id\":\"https:\/\/sandzakpress.net\/arhiva\/#\/schema\/person\/image\/\"}},{\"@type\":\"Person\",\"@id\":\"https:\/\/sandzakpress.net\/arhiva\/#\/schema\/person\/c8baee722073534b583ea7bdb2e36c02\",\"name\":\"bosniak\",\"image\":{\"@type\":\"ImageObject\",\"inLanguage\":\"bs-BA\",\"@id\":\"https:\/\/sandzakpress.net\/arhiva\/#\/schema\/person\/image\/\",\"url\":\"https:\/\/secure.gravatar.com\/avatar\/a04fd330bfe3a36a72a0ad4a6d89fca7?s=96&d=mm&r=pg\",\"contentUrl\":\"https:\/\/secure.gravatar.com\/avatar\/a04fd330bfe3a36a72a0ad4a6d89fca7?s=96&d=mm&r=pg\",\"caption\":\"bosniak\"},\"url\":\"https:\/\/sandzakpress.net\/arhiva\/author\/bosniak\/\"}]}<\/script>\n<!-- \/ Yoast SEO Premium plugin. -->","yoast_head_json":{"title":"Mogherini sastankom sa \u010dlanovima Predsjedni\u0161tva po\u010dela radnu posjetu BiH","robots":{"index":"index","follow":"follow","max-snippet":"max-snippet:-1","max-image-preview":"max-image-preview:large","max-video-preview":"max-video-preview:-1"},"canonical":"https:\/\/sandzakpress.net\/arhiva\/mogherini-sastankom-sa-clanovima-predsjednistva-pocela-radnu-posjetu-bih\/","og_locale":"bs_BA","og_type":"article","og_title":"Mogherini sastankom sa \u010dlanovima Predsjedni\u0161tva po\u010dela radnu posjetu BiH","og_description":"\u010clanovi Predsjedni\u0161tva BiH sastali su se danas u Sarajevu sa visokom predstavnicom za vanjsku i sigurnosnu politiku EU i potpredsjednicom Evropske komisije Federicom Mogherini. Sastanak Mogherini sa kolektivnim \u0161efovima BiH Mladenom Ivani\u0107em, Draganom \u010covi\u0107em i Bakirom Izetbegovi\u0107em prolongiran je za danas zbog nemogu\u0107nosti slijetanja aviona na Me\u0111unarodni aerodrom Sarajevo. Visoka predstavnica za vanjsku i sigurnosnu [&hellip;]","og_url":"https:\/\/sandzakpress.net\/arhiva\/mogherini-sastankom-sa-clanovima-predsjednistva-pocela-radnu-posjetu-bih\/","og_site_name":"Sand\u017eak PRESS","article_published_time":"2017-03-04T15:20:36+00:00","og_image":[{"width":1200,"height":800,"url":"https:\/\/sandzakpress.net\/arhiva\/wp-content\/uploads\/2017\/03\/170302034.1_xxl.jpg","type":"image\/jpeg"}],"author":"bosniak","twitter_card":"summary_large_image","twitter_misc":{"Written by":"bosniak","Est. reading time":"1 minuta"},"schema":{"@context":"https:\/\/schema.org","@graph":[{"@type":"Article","@id":"https:\/\/sandzakpress.net\/arhiva\/mogherini-sastankom-sa-clanovima-predsjednistva-pocela-radnu-posjetu-bih\/#article","isPartOf":{"@id":"https:\/\/sandzakpress.net\/arhiva\/mogherini-sastankom-sa-clanovima-predsjednistva-pocela-radnu-posjetu-bih\/"},"author":{"name":"bosniak","@id":"https:\/\/sandzakpress.net\/arhiva\/#\/schema\/person\/c8baee722073534b583ea7bdb2e36c02"},"headline":"Mogherini sastankom sa \u010dlanovima Predsjedni\u0161tva po\u010dela radnu posjetu BiH","datePublished":"2017-03-04T15:20:36+00:00","mainEntityOfPage":{"@id":"https:\/\/sandzakpress.net\/arhiva\/mogherini-sastankom-sa-clanovima-predsjednistva-pocela-radnu-posjetu-bih\/"},"wordCount":261,"commentCount":0,"publisher":{"@id":"https:\/\/sandzakpress.net\/arhiva\/#\/schema\/person\/6e72b67d6e51910a1117b3b483ba20bd"},"image":{"@id":"https:\/\/sandzakpress.net\/arhiva\/mogherini-sastankom-sa-clanovima-predsjednistva-pocela-radnu-posjetu-bih\/#primaryimage"},"thumbnailUrl":"https:\/\/sandzakpress.net\/arhiva\/wp-content\/uploads\/2017\/03\/170302034.1_xxl.jpg","keywords":["Bosna i Hercegovina"],"articleSection":["Bosna PRESS"],"inLanguage":"bs-BA","potentialAction":[{"@type":"CommentAction","name":"Comment","target":["https:\/\/sandzakpress.net\/arhiva\/mogherini-sastankom-sa-clanovima-predsjednistva-pocela-radnu-posjetu-bih\/#respond"]}]},{"@type":"WebPage","@id":"https:\/\/sandzakpress.net\/arhiva\/mogherini-sastankom-sa-clanovima-predsjednistva-pocela-radnu-posjetu-bih\/","url":"https:\/\/sandzakpress.net\/arhiva\/mogherini-sastankom-sa-clanovima-predsjednistva-pocela-radnu-posjetu-bih\/","name":"Mogherini sastankom sa \u010dlanovima Predsjedni\u0161tva po\u010dela radnu posjetu BiH","isPartOf":{"@id":"https:\/\/sandzakpress.net\/arhiva\/#website"},"primaryImageOfPage":{"@id":"https:\/\/sandzakpress.net\/arhiva\/mogherini-sastankom-sa-clanovima-predsjednistva-pocela-radnu-posjetu-bih\/#primaryimage"},"image":{"@id":"https:\/\/sandzakpress.net\/arhiva\/mogherini-sastankom-sa-clanovima-predsjednistva-pocela-radnu-posjetu-bih\/#primaryimage"},"thumbnailUrl":"https:\/\/sandzakpress.net\/arhiva\/wp-content\/uploads\/2017\/03\/170302034.1_xxl.jpg","datePublished":"2017-03-04T15:20:36+00:00","breadcrumb":{"@id":"https:\/\/sandzakpress.net\/arhiva\/mogherini-sastankom-sa-clanovima-predsjednistva-pocela-radnu-posjetu-bih\/#breadcrumb"},"inLanguage":"bs-BA","potentialAction":[{"@type":"ReadAction","target":["https:\/\/sandzakpress.net\/arhiva\/mogherini-sastankom-sa-clanovima-predsjednistva-pocela-radnu-posjetu-bih\/"]}]},{"@type":"ImageObject","inLanguage":"bs-BA","@id":"https:\/\/sandzakpress.net\/arhiva\/mogherini-sastankom-sa-clanovima-predsjednistva-pocela-radnu-posjetu-bih\/#primaryimage","url":"https:\/\/sandzakpress.net\/arhiva\/wp-content\/uploads\/2017\/03\/170302034.1_xxl.jpg","contentUrl":"https:\/\/sandzakpress.net\/arhiva\/wp-content\/uploads\/2017\/03\/170302034.1_xxl.jpg","width":1200,"height":800},{"@type":"BreadcrumbList","@id":"https:\/\/sandzakpress.net\/arhiva\/mogherini-sastankom-sa-clanovima-predsjednistva-pocela-radnu-posjetu-bih\/#breadcrumb","itemListElement":[{"@type":"ListItem","position":1,"name":"Home","item":"https:\/\/sandzakpress.net\/arhiva\/"},{"@type":"ListItem","position":2,"name":"Mogherini sastankom sa \u010dlanovima Predsjedni\u0161tva po\u010dela radnu posjetu BiH"}]},{"@type":"WebSite","@id":"https:\/\/sandzakpress.net\/arhiva\/#website","url":"https:\/\/sandzakpress.net\/arhiva\/","name":"Sand\u017eak PRESS","description":"Prve elektronske novine u Sand\u017eaku","publisher":{"@id":"https:\/\/sandzakpress.net\/arhiva\/#\/schema\/person\/6e72b67d6e51910a1117b3b483ba20bd"},"potentialAction":[{"@type":"SearchAction","target":{"@type":"EntryPoint","urlTemplate":"https:\/\/sandzakpress.net\/arhiva\/?s={search_term_string}"},"query-input":{"@type":"PropertyValueSpecification","valueRequired":true,"valueName":"search_term_string"}}],"inLanguage":"bs-BA"},{"@type":["Person","Organization"],"@id":"https:\/\/sandzakpress.net\/arhiva\/#\/schema\/person\/6e72b67d6e51910a1117b3b483ba20bd","name":"Kul","image":{"@type":"ImageObject","inLanguage":"bs-BA","@id":"https:\/\/sandzakpress.net\/arhiva\/#\/schema\/person\/image\/","url":"https:\/\/secure.gravatar.com\/avatar\/42263f39aa27ac04c43cab85c280eb2e?s=96&d=mm&r=pg","contentUrl":"https:\/\/secure.gravatar.com\/avatar\/42263f39aa27ac04c43cab85c280eb2e?s=96&d=mm&r=pg","caption":"Kul"},"logo":{"@id":"https:\/\/sandzakpress.net\/arhiva\/#\/schema\/person\/image\/"}},{"@type":"Person","@id":"https:\/\/sandzakpress.net\/arhiva\/#\/schema\/person\/c8baee722073534b583ea7bdb2e36c02","name":"bosniak","image":{"@type":"ImageObject","inLanguage":"bs-BA","@id":"https:\/\/sandzakpress.net\/arhiva\/#\/schema\/person\/image\/","url":"https:\/\/secure.gravatar.com\/avatar\/a04fd330bfe3a36a72a0ad4a6d89fca7?s=96&d=mm&r=pg","contentUrl":"https:\/\/secure.gravatar.com\/avatar\/a04fd330bfe3a36a72a0ad4a6d89fca7?s=96&d=mm&r=pg","caption":"bosniak"},"url":"https:\/\/sandzakpress.net\/arhiva\/author\/bosniak\/"}]}},"_links":{"self":[{"href":"https:\/\/sandzakpress.net\/arhiva\/wp-json\/wp\/v2\/posts\/181307"}],"collection":[{"href":"https:\/\/sandzakpress.net\/arhiva\/wp-json\/wp\/v2\/posts"}],"about":[{"href":"https:\/\/sandzakpress.net\/arhiva\/wp-json\/wp\/v2\/types\/post"}],"author":[{"embeddable":true,"href":"https:\/\/sandzakpress.net\/arhiva\/wp-json\/wp\/v2\/users\/83"}],"replies":[{"embeddable":true,"href":"https:\/\/sandzakpress.net\/arhiva\/wp-json\/wp\/v2\/comments?post=181307"}],"version-history":[{"count":0,"href":"https:\/\/sandzakpress.net\/arhiva\/wp-json\/wp\/v2\/posts\/181307\/revisions"}],"wp:featuredmedia":[{"embeddable":true,"href":"https:\/\/sandzakpress.net\/arhiva\/wp-json\/wp\/v2\/media\/181308"}],"wp:attachment":[{"href":"https:\/\/sandzakpress.net\/arhiva\/wp-json\/wp\/v2\/media?parent=181307"}],"wp:term":[{"taxonomy":"category","embeddable":true,"href":"https:\/\/sandzakpress.net\/arhiva\/wp-json\/wp\/v2\/categories?post=181307"},{"taxonomy":"post_tag","embeddable":true,"href":"https:\/\/sandzakpress.net\/arhiva\/wp-json\/wp\/v2\/tags?post=181307"}],"curies":[{"name":"wp","href":"https:\/\/api.w.org\/{rel}","templated":true}]}}