{"id":181279,"date":"2017-03-04T11:26:15","date_gmt":"2017-03-04T10:26:15","guid":{"rendered":"https:\/\/sandzakpress.net\/arhiva\/mogherini-danas-u-posjeti-bih"},"modified":"2017-03-04T11:26:15","modified_gmt":"2017-03-04T10:26:15","slug":"mogherini-danas-u-posjeti-bih","status":"publish","type":"post","link":"https:\/\/sandzakpress.net\/arhiva\/mogherini-danas-u-posjeti-bih\/","title":{"rendered":"Mogherini danas u posjeti BiH"},"content":{"rendered":"<p><span class=\"cb-itemprop\"><\/p>\n<p><img decoding=\"async\" src=\"http:\/\/www.avaz.ba\/storage\/2016\/06\/28\/thumbs\/5772caaf-1520-45c5-b845-18f30a0a0a64-mogherini-718x446.jpg\" alt=\"Federica Mogherini danas u posjeti Bosni i Hercegovini\" \/><\/p>\n<p>Visoka predstavnica Evropske unije (EU)\u00a0za vanjsku\u00a0i sigurnosnu\u00a0politiku Federica Mogherini danas \u0107e,\u00a0u okviru \u0161ire balkanske turneje,\u00a0doputovati u posjetu glavnom gradu Bosne i Hercegovine.<\/p>\n<p class=\"sec\"><strong>Sastanci na visokom nivou<\/strong><\/p>\n<p>Protokolom posjete, predvi\u0111eno je da Mogherini odr\u017ei nekoliko sastanaka na visokom nivou.<\/p>\n<p>Kao prvi predvi\u0111en je susret\u00a0s\u00a0\u010dlanovima\u00a0Predsjedni\u0161tva BiH, koji je planiran u 14.30 sati u radnom salonu Predsjedni\u0161tva BiH.<\/p>\n<p>Nakon toga,\u00a0Mogherini \u0107e odr\u017eati\u00a0sastanke i s\u00a0predstavnicima Vije\u0107a ministara BiH i liderima vladaju\u0107ih stranaka.<\/p>\n<p>Sastanak sa\u00a0predsjedavaju\u0107im Vije\u0107a ministara BiH Denisom Zvizdi\u0107em, zamjenicima Vjekoslavom Bevandom i Mirkom \u0160arovi\u0107em, te ministrom vanjskih poslova BiH Igorom Crnadkom predvi\u0111en je nakon \u0161to bude okon\u010dan sastanak u zgradi Predsjedni\u0161tva BiH.\u00a0Izjave za medije Mogherini i Zvizdi\u0107a planirane su u 16.45 sati.<\/p>\n<p>Sastanak s\u00a0liderima vladaju\u0107ih stranaka trebao bi po\u010deti u 17 sati.<\/p>\n<p>Podsje\u0107amo, Mogherini je u Sarajevo iz Podgorice trebala doletjeti jo\u0161 u \u010detvrtak, ali je taj let bio otkazan\u00a0zbog magle.<\/p>\n<p><strong>Balkanska turneja<\/strong><\/p>\n<p>Za prvu stanicu posjete zemljama zapadnog Balkana\u00a0Federica\u00a0Mogherini izabrala je Crnu\u00a0Goru.\u00a0Njen boravak u Podgorici propra\u0107en je s\u00a0posebnom pa\u017enjom prvenstveno zbog \u010dinjenice da se Crna Gora nalazi\u00a0u dubokoj politi\u010dkoj krizi\u00a0i da je iz redova opozicije i nevladinog sektora\u00a0sve vi\u0161e zahtjeva\u00a0da se Brisel uklju\u010di u njeno rje\u0161avanje.<\/p>\n<p>Nakon Crne\u00a0Gore, \u0161efica evropske diplomatije posjetila je Skoplje, a ju\u010der je bila i u glavnom gradu Srbije Beogradu, gdje se sastala sa premijerom Aleksandrom Vu\u010di\u0107em, predsjednikom zemlje Tomislavom Nikoli\u0107em, te je odr\u017eala govor u Skup\u0161tini Srbije.<\/p>\n<p>Nakon sastanka sa Vu\u010di\u0107em, Mogherini je\u00a0izjavila da je EU ne samo posve\u0107ena da dr\u017ei otvorena vrata Srbiji koja \u0107e, kako ka\u017ee, biti dio EU, ve\u0107 i sa nestrpljenjem o\u010dekuje da joj po\u017eeli dobrodo\u0161licu.<\/p>\n<p>Osim u na\u0161oj\u00a0zemlji, Mogherini bi danas trebala boraviti i u\u00a0Pri\u0161tini, gdje bi se trebala sastati sa predsjednikom Kosova Hashimom Thacijem, predsjednikom Skup\u0161tine Kadrijem Veseljijem i premijerom Isom Mustafom.<\/p>\n<h2>BiH iskoristila novu inicijativu EU<\/h2>\n<p>U autorskom tekstu za \u201cDnevni avaz\u201d, napisanom prije same balkanske turneje,\u00a0Mogherini je, izme\u0111u ostalog, napisala kako je BiH\u00a0iskoristila novu inicijativu EU \u2013 krenula je s klju\u010dnim reformama i predala zahtjev za \u010dlanstvo u EU, prekidaju\u0107i zastoj koji je ometao napredak zemlje na putu ka evropskim integracijama.<\/p>\n<p>\u201cDvije decenije nakon posljednjih ratova, ovaj region vi\u0161e je stabilan i demokratski nego ikada prije.\u00a0Ipak, regionalna stabilnost i rast i dalje su krhka postignu\u0107a. Politi\u010dke prepirke \u010desto su imale primat nad ostvarivanjem interesa gra\u0111ana. Obe\u0107anja o boljim uvjetima za \u017eivot nije uvijek pratio stvarni i primjetni napredak. Slo\u017eeno me\u0111unarodno okru\u017eenje, s novim izazovima, sporim ekonomskim oporavkom i promjenjivom globalnom ravnote\u017eom mo\u0107i, dodatni je pritisak na krhki region. Ponekad smo imali utisak da se ni sami mir ne mo\u017ee uzeti zdravo za gotovo\u201d, napisala je Mogherini.<\/p>\n<p>Prema njenim rije\u010dima, svi imamo isti interes da mir na zapadnom Balkanu bude nepovratan, kao i da se ostvari dru\u0161tveni, ekonomski i demokratski napredak.<\/p>\n<p>\u201cAko se to desi, napredak ka \u010dlanstvu u EU tako\u0111er \u0107e biti nepovratan. To je klju\u010dno koliko za EU toliko i za gra\u0111ane i lidere na zapadnom Balkanu \u2013 rije\u010di su Federice Mogherini.<\/p>\n<p>Kako navodi, dinamika saradnje u BiH bit \u0107e klju\u010dna ne samo za napredak u pogledu zahtjeva za \u010dlanstvo, nego i da se zemlja osposobi da odgovori na potrebe gra\u0111ana.<\/p>\n<p>\u201cUbrzavanje ovih reformi zadatak je na\u0161e generacije. Ako \u017eelimo ostvariti vidljive i opipljive rezultate za na\u0161e gra\u0111ane i pobolj\u0161ati kvalitet \u017eivota ljudi, moramo oja\u010dati na\u0161u saradnju danas, ne sutra. To je na\u0161a odgovornost \u0161irom Evrope, kako unutar EU, tako i na zapadnom Balkanu\u201d, poru\u010dila je Mogherini.<\/p>\n<p>\u2013 See more at: http:\/\/www.avaz.ba\/clanak\/279784\/federica-mogherini-danas-u-posjeti-bosni-i-hercegovini#sthash.ZFmLRWJg.dpuf<\/p>\n<p><\/span><br \/>\nPogledajte vijest na izvornom sajtu:<\/p>\n<p><a href=\"http:\/\/bosnapress.net\/mogherini-danas-u-posjeti-bih\/\" target=\"_blank\">Mogherini danas u posjeti BiH<\/a><\/p>\n","protected":false},"excerpt":{"rendered":"<p>Visoka predstavnica Evropske unije (EU)\u00a0za vanjsku\u00a0i sigurnosnu\u00a0politiku Federica Mogherini danas \u0107e,\u00a0u okviru \u0161ire balkanske turneje,\u00a0doputovati u posjetu glavnom gradu Bosne i Hercegovine. Sastanci na visokom nivou Protokolom posjete, predvi\u0111eno je da Mogherini odr\u017ei nekoliko sastanaka na visokom nivou. Kao prvi predvi\u0111en je susret\u00a0s\u00a0\u010dlanovima\u00a0Predsjedni\u0161tva BiH, koji je planiran u 14.30 sati u radnom salonu Predsjedni\u0161tva BiH. [&hellip;]<\/p>\n","protected":false},"author":83,"featured_media":181281,"comment_status":"open","ping_status":"open","sticky":false,"template":"","format":"standard","meta":{"footnotes":""},"categories":[10513],"tags":[10466],"class_list":{"0":"post-181279","1":"post","2":"type-post","3":"status-publish","4":"format-standard","5":"has-post-thumbnail","7":"category-bosna-press","8":"tag-bosna-i-hercegovina"},"yoast_head":"<!-- This site is optimized with the Yoast SEO Premium plugin v23.1 (Yoast SEO v24.9) - https:\/\/yoast.com\/wordpress\/plugins\/seo\/ -->\n<title>Mogherini danas u posjeti BiH<\/title>\n<meta name=\"robots\" content=\"index, follow, max-snippet:-1, max-image-preview:large, max-video-preview:-1\" \/>\n<link rel=\"canonical\" href=\"https:\/\/sandzakpress.net\/arhiva\/mogherini-danas-u-posjeti-bih\/\" \/>\n<meta property=\"og:locale\" content=\"bs_BA\" \/>\n<meta property=\"og:type\" content=\"article\" \/>\n<meta property=\"og:title\" content=\"Mogherini danas u posjeti BiH\" \/>\n<meta property=\"og:description\" content=\"Visoka predstavnica Evropske unije (EU)\u00a0za vanjsku\u00a0i sigurnosnu\u00a0politiku Federica Mogherini danas \u0107e,\u00a0u okviru \u0161ire balkanske turneje,\u00a0doputovati u posjetu glavnom gradu Bosne i Hercegovine. Sastanci na visokom nivou Protokolom posjete, predvi\u0111eno je da Mogherini odr\u017ei nekoliko sastanaka na visokom nivou. Kao prvi predvi\u0111en je susret\u00a0s\u00a0\u010dlanovima\u00a0Predsjedni\u0161tva BiH, koji je planiran u 14.30 sati u radnom salonu Predsjedni\u0161tva BiH. [&hellip;]\" \/>\n<meta property=\"og:url\" content=\"https:\/\/sandzakpress.net\/arhiva\/mogherini-danas-u-posjeti-bih\/\" \/>\n<meta property=\"og:site_name\" content=\"Sand\u017eak PRESS\" \/>\n<meta property=\"article:published_time\" content=\"2017-03-04T10:26:15+00:00\" \/>\n<meta property=\"og:image\" content=\"https:\/\/sandzakpress.net\/arhiva\/wp-content\/uploads\/2017\/03\/5772caaf-1520-45c5-b845-18f30a0a0a64-mogherini-718x446-1.jpg\" \/>\n\t<meta property=\"og:image:width\" content=\"718\" \/>\n\t<meta property=\"og:image:height\" content=\"446\" \/>\n\t<meta property=\"og:image:type\" content=\"image\/jpeg\" \/>\n<meta name=\"author\" content=\"bosniak\" \/>\n<meta name=\"twitter:card\" content=\"summary_large_image\" \/>\n<meta name=\"twitter:label1\" content=\"Written by\" \/>\n\t<meta name=\"twitter:data1\" content=\"bosniak\" \/>\n\t<meta name=\"twitter:label2\" content=\"Est. reading time\" \/>\n\t<meta name=\"twitter:data2\" content=\"3 minute\" \/>\n<script type=\"application\/ld+json\" class=\"yoast-schema-graph\">{\"@context\":\"https:\/\/schema.org\",\"@graph\":[{\"@type\":\"Article\",\"@id\":\"https:\/\/sandzakpress.net\/arhiva\/mogherini-danas-u-posjeti-bih\/#article\",\"isPartOf\":{\"@id\":\"https:\/\/sandzakpress.net\/arhiva\/mogherini-danas-u-posjeti-bih\/\"},\"author\":{\"name\":\"bosniak\",\"@id\":\"https:\/\/sandzakpress.net\/arhiva\/#\/schema\/person\/c8baee722073534b583ea7bdb2e36c02\"},\"headline\":\"Mogherini danas u posjeti BiH\",\"datePublished\":\"2017-03-04T10:26:15+00:00\",\"mainEntityOfPage\":{\"@id\":\"https:\/\/sandzakpress.net\/arhiva\/mogherini-danas-u-posjeti-bih\/\"},\"wordCount\":674,\"commentCount\":0,\"publisher\":{\"@id\":\"https:\/\/sandzakpress.net\/arhiva\/#\/schema\/person\/6e72b67d6e51910a1117b3b483ba20bd\"},\"image\":{\"@id\":\"https:\/\/sandzakpress.net\/arhiva\/mogherini-danas-u-posjeti-bih\/#primaryimage\"},\"thumbnailUrl\":\"https:\/\/sandzakpress.net\/arhiva\/wp-content\/uploads\/2017\/03\/5772caaf-1520-45c5-b845-18f30a0a0a64-mogherini-718x446-1.jpg\",\"keywords\":[\"Bosna i Hercegovina\"],\"articleSection\":[\"Bosna PRESS\"],\"inLanguage\":\"bs-BA\",\"potentialAction\":[{\"@type\":\"CommentAction\",\"name\":\"Comment\",\"target\":[\"https:\/\/sandzakpress.net\/arhiva\/mogherini-danas-u-posjeti-bih\/#respond\"]}]},{\"@type\":\"WebPage\",\"@id\":\"https:\/\/sandzakpress.net\/arhiva\/mogherini-danas-u-posjeti-bih\/\",\"url\":\"https:\/\/sandzakpress.net\/arhiva\/mogherini-danas-u-posjeti-bih\/\",\"name\":\"Mogherini danas u posjeti BiH\",\"isPartOf\":{\"@id\":\"https:\/\/sandzakpress.net\/arhiva\/#website\"},\"primaryImageOfPage\":{\"@id\":\"https:\/\/sandzakpress.net\/arhiva\/mogherini-danas-u-posjeti-bih\/#primaryimage\"},\"image\":{\"@id\":\"https:\/\/sandzakpress.net\/arhiva\/mogherini-danas-u-posjeti-bih\/#primaryimage\"},\"thumbnailUrl\":\"https:\/\/sandzakpress.net\/arhiva\/wp-content\/uploads\/2017\/03\/5772caaf-1520-45c5-b845-18f30a0a0a64-mogherini-718x446-1.jpg\",\"datePublished\":\"2017-03-04T10:26:15+00:00\",\"breadcrumb\":{\"@id\":\"https:\/\/sandzakpress.net\/arhiva\/mogherini-danas-u-posjeti-bih\/#breadcrumb\"},\"inLanguage\":\"bs-BA\",\"potentialAction\":[{\"@type\":\"ReadAction\",\"target\":[\"https:\/\/sandzakpress.net\/arhiva\/mogherini-danas-u-posjeti-bih\/\"]}]},{\"@type\":\"ImageObject\",\"inLanguage\":\"bs-BA\",\"@id\":\"https:\/\/sandzakpress.net\/arhiva\/mogherini-danas-u-posjeti-bih\/#primaryimage\",\"url\":\"https:\/\/sandzakpress.net\/arhiva\/wp-content\/uploads\/2017\/03\/5772caaf-1520-45c5-b845-18f30a0a0a64-mogherini-718x446-1.jpg\",\"contentUrl\":\"https:\/\/sandzakpress.net\/arhiva\/wp-content\/uploads\/2017\/03\/5772caaf-1520-45c5-b845-18f30a0a0a64-mogherini-718x446-1.jpg\",\"width\":718,\"height\":446},{\"@type\":\"BreadcrumbList\",\"@id\":\"https:\/\/sandzakpress.net\/arhiva\/mogherini-danas-u-posjeti-bih\/#breadcrumb\",\"itemListElement\":[{\"@type\":\"ListItem\",\"position\":1,\"name\":\"Home\",\"item\":\"https:\/\/sandzakpress.net\/arhiva\/\"},{\"@type\":\"ListItem\",\"position\":2,\"name\":\"Mogherini danas u posjeti BiH\"}]},{\"@type\":\"WebSite\",\"@id\":\"https:\/\/sandzakpress.net\/arhiva\/#website\",\"url\":\"https:\/\/sandzakpress.net\/arhiva\/\",\"name\":\"Sand\u017eak PRESS\",\"description\":\"Prve elektronske novine u Sand\u017eaku\",\"publisher\":{\"@id\":\"https:\/\/sandzakpress.net\/arhiva\/#\/schema\/person\/6e72b67d6e51910a1117b3b483ba20bd\"},\"potentialAction\":[{\"@type\":\"SearchAction\",\"target\":{\"@type\":\"EntryPoint\",\"urlTemplate\":\"https:\/\/sandzakpress.net\/arhiva\/?s={search_term_string}\"},\"query-input\":{\"@type\":\"PropertyValueSpecification\",\"valueRequired\":true,\"valueName\":\"search_term_string\"}}],\"inLanguage\":\"bs-BA\"},{\"@type\":[\"Person\",\"Organization\"],\"@id\":\"https:\/\/sandzakpress.net\/arhiva\/#\/schema\/person\/6e72b67d6e51910a1117b3b483ba20bd\",\"name\":\"Kul\",\"image\":{\"@type\":\"ImageObject\",\"inLanguage\":\"bs-BA\",\"@id\":\"https:\/\/sandzakpress.net\/arhiva\/#\/schema\/person\/image\/\",\"url\":\"https:\/\/secure.gravatar.com\/avatar\/42263f39aa27ac04c43cab85c280eb2e?s=96&d=mm&r=pg\",\"contentUrl\":\"https:\/\/secure.gravatar.com\/avatar\/42263f39aa27ac04c43cab85c280eb2e?s=96&d=mm&r=pg\",\"caption\":\"Kul\"},\"logo\":{\"@id\":\"https:\/\/sandzakpress.net\/arhiva\/#\/schema\/person\/image\/\"}},{\"@type\":\"Person\",\"@id\":\"https:\/\/sandzakpress.net\/arhiva\/#\/schema\/person\/c8baee722073534b583ea7bdb2e36c02\",\"name\":\"bosniak\",\"image\":{\"@type\":\"ImageObject\",\"inLanguage\":\"bs-BA\",\"@id\":\"https:\/\/sandzakpress.net\/arhiva\/#\/schema\/person\/image\/\",\"url\":\"https:\/\/secure.gravatar.com\/avatar\/a04fd330bfe3a36a72a0ad4a6d89fca7?s=96&d=mm&r=pg\",\"contentUrl\":\"https:\/\/secure.gravatar.com\/avatar\/a04fd330bfe3a36a72a0ad4a6d89fca7?s=96&d=mm&r=pg\",\"caption\":\"bosniak\"},\"url\":\"https:\/\/sandzakpress.net\/arhiva\/author\/bosniak\/\"}]}<\/script>\n<!-- \/ Yoast SEO Premium plugin. -->","yoast_head_json":{"title":"Mogherini danas u posjeti BiH","robots":{"index":"index","follow":"follow","max-snippet":"max-snippet:-1","max-image-preview":"max-image-preview:large","max-video-preview":"max-video-preview:-1"},"canonical":"https:\/\/sandzakpress.net\/arhiva\/mogherini-danas-u-posjeti-bih\/","og_locale":"bs_BA","og_type":"article","og_title":"Mogherini danas u posjeti BiH","og_description":"Visoka predstavnica Evropske unije (EU)\u00a0za vanjsku\u00a0i sigurnosnu\u00a0politiku Federica Mogherini danas \u0107e,\u00a0u okviru \u0161ire balkanske turneje,\u00a0doputovati u posjetu glavnom gradu Bosne i Hercegovine. Sastanci na visokom nivou Protokolom posjete, predvi\u0111eno je da Mogherini odr\u017ei nekoliko sastanaka na visokom nivou. Kao prvi predvi\u0111en je susret\u00a0s\u00a0\u010dlanovima\u00a0Predsjedni\u0161tva BiH, koji je planiran u 14.30 sati u radnom salonu Predsjedni\u0161tva BiH. [&hellip;]","og_url":"https:\/\/sandzakpress.net\/arhiva\/mogherini-danas-u-posjeti-bih\/","og_site_name":"Sand\u017eak PRESS","article_published_time":"2017-03-04T10:26:15+00:00","og_image":[{"width":718,"height":446,"url":"https:\/\/sandzakpress.net\/arhiva\/wp-content\/uploads\/2017\/03\/5772caaf-1520-45c5-b845-18f30a0a0a64-mogherini-718x446-1.jpg","type":"image\/jpeg"}],"author":"bosniak","twitter_card":"summary_large_image","twitter_misc":{"Written by":"bosniak","Est. reading time":"3 minute"},"schema":{"@context":"https:\/\/schema.org","@graph":[{"@type":"Article","@id":"https:\/\/sandzakpress.net\/arhiva\/mogherini-danas-u-posjeti-bih\/#article","isPartOf":{"@id":"https:\/\/sandzakpress.net\/arhiva\/mogherini-danas-u-posjeti-bih\/"},"author":{"name":"bosniak","@id":"https:\/\/sandzakpress.net\/arhiva\/#\/schema\/person\/c8baee722073534b583ea7bdb2e36c02"},"headline":"Mogherini danas u posjeti BiH","datePublished":"2017-03-04T10:26:15+00:00","mainEntityOfPage":{"@id":"https:\/\/sandzakpress.net\/arhiva\/mogherini-danas-u-posjeti-bih\/"},"wordCount":674,"commentCount":0,"publisher":{"@id":"https:\/\/sandzakpress.net\/arhiva\/#\/schema\/person\/6e72b67d6e51910a1117b3b483ba20bd"},"image":{"@id":"https:\/\/sandzakpress.net\/arhiva\/mogherini-danas-u-posjeti-bih\/#primaryimage"},"thumbnailUrl":"https:\/\/sandzakpress.net\/arhiva\/wp-content\/uploads\/2017\/03\/5772caaf-1520-45c5-b845-18f30a0a0a64-mogherini-718x446-1.jpg","keywords":["Bosna i Hercegovina"],"articleSection":["Bosna PRESS"],"inLanguage":"bs-BA","potentialAction":[{"@type":"CommentAction","name":"Comment","target":["https:\/\/sandzakpress.net\/arhiva\/mogherini-danas-u-posjeti-bih\/#respond"]}]},{"@type":"WebPage","@id":"https:\/\/sandzakpress.net\/arhiva\/mogherini-danas-u-posjeti-bih\/","url":"https:\/\/sandzakpress.net\/arhiva\/mogherini-danas-u-posjeti-bih\/","name":"Mogherini danas u posjeti BiH","isPartOf":{"@id":"https:\/\/sandzakpress.net\/arhiva\/#website"},"primaryImageOfPage":{"@id":"https:\/\/sandzakpress.net\/arhiva\/mogherini-danas-u-posjeti-bih\/#primaryimage"},"image":{"@id":"https:\/\/sandzakpress.net\/arhiva\/mogherini-danas-u-posjeti-bih\/#primaryimage"},"thumbnailUrl":"https:\/\/sandzakpress.net\/arhiva\/wp-content\/uploads\/2017\/03\/5772caaf-1520-45c5-b845-18f30a0a0a64-mogherini-718x446-1.jpg","datePublished":"2017-03-04T10:26:15+00:00","breadcrumb":{"@id":"https:\/\/sandzakpress.net\/arhiva\/mogherini-danas-u-posjeti-bih\/#breadcrumb"},"inLanguage":"bs-BA","potentialAction":[{"@type":"ReadAction","target":["https:\/\/sandzakpress.net\/arhiva\/mogherini-danas-u-posjeti-bih\/"]}]},{"@type":"ImageObject","inLanguage":"bs-BA","@id":"https:\/\/sandzakpress.net\/arhiva\/mogherini-danas-u-posjeti-bih\/#primaryimage","url":"https:\/\/sandzakpress.net\/arhiva\/wp-content\/uploads\/2017\/03\/5772caaf-1520-45c5-b845-18f30a0a0a64-mogherini-718x446-1.jpg","contentUrl":"https:\/\/sandzakpress.net\/arhiva\/wp-content\/uploads\/2017\/03\/5772caaf-1520-45c5-b845-18f30a0a0a64-mogherini-718x446-1.jpg","width":718,"height":446},{"@type":"BreadcrumbList","@id":"https:\/\/sandzakpress.net\/arhiva\/mogherini-danas-u-posjeti-bih\/#breadcrumb","itemListElement":[{"@type":"ListItem","position":1,"name":"Home","item":"https:\/\/sandzakpress.net\/arhiva\/"},{"@type":"ListItem","position":2,"name":"Mogherini danas u posjeti BiH"}]},{"@type":"WebSite","@id":"https:\/\/sandzakpress.net\/arhiva\/#website","url":"https:\/\/sandzakpress.net\/arhiva\/","name":"Sand\u017eak PRESS","description":"Prve elektronske novine u Sand\u017eaku","publisher":{"@id":"https:\/\/sandzakpress.net\/arhiva\/#\/schema\/person\/6e72b67d6e51910a1117b3b483ba20bd"},"potentialAction":[{"@type":"SearchAction","target":{"@type":"EntryPoint","urlTemplate":"https:\/\/sandzakpress.net\/arhiva\/?s={search_term_string}"},"query-input":{"@type":"PropertyValueSpecification","valueRequired":true,"valueName":"search_term_string"}}],"inLanguage":"bs-BA"},{"@type":["Person","Organization"],"@id":"https:\/\/sandzakpress.net\/arhiva\/#\/schema\/person\/6e72b67d6e51910a1117b3b483ba20bd","name":"Kul","image":{"@type":"ImageObject","inLanguage":"bs-BA","@id":"https:\/\/sandzakpress.net\/arhiva\/#\/schema\/person\/image\/","url":"https:\/\/secure.gravatar.com\/avatar\/42263f39aa27ac04c43cab85c280eb2e?s=96&d=mm&r=pg","contentUrl":"https:\/\/secure.gravatar.com\/avatar\/42263f39aa27ac04c43cab85c280eb2e?s=96&d=mm&r=pg","caption":"Kul"},"logo":{"@id":"https:\/\/sandzakpress.net\/arhiva\/#\/schema\/person\/image\/"}},{"@type":"Person","@id":"https:\/\/sandzakpress.net\/arhiva\/#\/schema\/person\/c8baee722073534b583ea7bdb2e36c02","name":"bosniak","image":{"@type":"ImageObject","inLanguage":"bs-BA","@id":"https:\/\/sandzakpress.net\/arhiva\/#\/schema\/person\/image\/","url":"https:\/\/secure.gravatar.com\/avatar\/a04fd330bfe3a36a72a0ad4a6d89fca7?s=96&d=mm&r=pg","contentUrl":"https:\/\/secure.gravatar.com\/avatar\/a04fd330bfe3a36a72a0ad4a6d89fca7?s=96&d=mm&r=pg","caption":"bosniak"},"url":"https:\/\/sandzakpress.net\/arhiva\/author\/bosniak\/"}]}},"_links":{"self":[{"href":"https:\/\/sandzakpress.net\/arhiva\/wp-json\/wp\/v2\/posts\/181279"}],"collection":[{"href":"https:\/\/sandzakpress.net\/arhiva\/wp-json\/wp\/v2\/posts"}],"about":[{"href":"https:\/\/sandzakpress.net\/arhiva\/wp-json\/wp\/v2\/types\/post"}],"author":[{"embeddable":true,"href":"https:\/\/sandzakpress.net\/arhiva\/wp-json\/wp\/v2\/users\/83"}],"replies":[{"embeddable":true,"href":"https:\/\/sandzakpress.net\/arhiva\/wp-json\/wp\/v2\/comments?post=181279"}],"version-history":[{"count":0,"href":"https:\/\/sandzakpress.net\/arhiva\/wp-json\/wp\/v2\/posts\/181279\/revisions"}],"wp:featuredmedia":[{"embeddable":true,"href":"https:\/\/sandzakpress.net\/arhiva\/wp-json\/wp\/v2\/media\/181281"}],"wp:attachment":[{"href":"https:\/\/sandzakpress.net\/arhiva\/wp-json\/wp\/v2\/media?parent=181279"}],"wp:term":[{"taxonomy":"category","embeddable":true,"href":"https:\/\/sandzakpress.net\/arhiva\/wp-json\/wp\/v2\/categories?post=181279"},{"taxonomy":"post_tag","embeddable":true,"href":"https:\/\/sandzakpress.net\/arhiva\/wp-json\/wp\/v2\/tags?post=181279"}],"curies":[{"name":"wp","href":"https:\/\/api.w.org\/{rel}","templated":true}]}}