{"id":18126,"date":"2011-07-28T16:13:11","date_gmt":"2011-07-28T14:13:11","guid":{"rendered":"https:\/\/sandzakpress.net\/arhiva\/?p=18126"},"modified":"2011-07-28T16:17:51","modified_gmt":"2011-07-28T14:17:51","slug":"da-li-je-trsina-krv-za-autonomiju-sandzaka-uzalud-prolivena","status":"publish","type":"post","link":"https:\/\/sandzakpress.net\/arhiva\/da-li-je-trsina-krv-za-autonomiju-sandzaka-uzalud-prolivena\/","title":{"rendered":"Da li je Tr\u0161ina krv za Autonomiju Sand\u017eaka uzalud prolivena?"},"content":{"rendered":"<p><a href=\"https:\/\/sandzakpress.net\/arhiva\/wp-content\/uploads\/2011\/07\/sandzak-autonomija-11.jpg\"><img loading=\"lazy\" decoding=\"async\" class=\"aligncenter size-full wp-image-18130\" title=\"sandzak-autonomija-1\" src=\"https:\/\/sandzakpress.net\/arhiva\/wp-content\/uploads\/2011\/07\/sandzak-autonomija-11.jpg\" alt=\"\" width=\"622\" height=\"316\" \/><\/a><\/p>\n<p><strong>Od malih nogu zahvaljuju\u0107i mom sada rahmetli babu Avdulahu imao sam prilike slu\u0161ati pri\u010de o rahmetli Rifatu Burd\u017eovi\u0107u &#8211; Tr\u0161u. Rifat je bio prvi kom\u0161ija mog oca. Grani\u010dili su se avlijama. Bukvalno ku\u0107a uz ku\u0107u. Otac je bio mla\u0111i od Rifata, ali zahvaljuju\u0107i svom starijem bratu Jahu i dajid\u017ei\u0107u Smaju \u010desto je imao prilike boraviti u njegovom dru\u0161tvu. Zahvaljuju\u0107i tim dru\u017eenjima i slu\u0161anju Rifatovih razgovora sa prijateljima moj otac je rano postao politi\u010dki pismen i pronicljiv \u010dovjek. Sa odu\u0161evljenjem je govorio o Tr\u0161u. <\/strong><\/p>\n<p>Prepri\u010davao doga\u0111aje sa kupanja na Limu, dr\u017eanju tajnih sastanaka, javnih govora, sukoba sa \u017eandarima, skrivanju po bjelopoljskim mahalama i sokacima, hizbama i aravlucima itd. Dobro se sje\u0107am, uvijek, kada bi govorio o njegovom preseljenju i mu\u010deni\u010dkoj smrti, suze bi tekle njegovim obrazima. Za njegovu mu\u010deni\u010dku smrt optu\u017eivao je partizane i Komunisti\u010dku partiju Jugoslavije. Razlog Rifatovog ubitstva po mom rahmetli babi je bio Sand\u017eak. Ideju o autonomiji Sand\u017eaka platio je krvlju skupa sa Sretenom Vukosavljevi\u0107em i mnogim drugima, znanim i neznanim. Nakon Tr\u0161ove smrti njegovo mjesto zauzeli su poslu\u0161nici iz reda bo\u0161nja\u010dkog naroda. Epilog takvog razvoja situacije dobro je poznat.<\/p>\n<p>Kao dijete \u010desto sam se igrau u rodnoj ku\u0107i Rifatovoj. Vlasnik ku\u0107e bio je Bejtulah-aga Muzurovi\u0107. Sitna kaldrma aravluka, te\u0161ka starinska ulazna vrata sa mangalom i velikim \u017eeljeznim halkama, zvekirima, hizba, presjeci za \u017eito, merdevine, dihvana, odaja, sobe, mutvak, hamam, se\u0107ije, avlija ogra\u0111ena tarabama koje su zamijenile nasilno sru\u0161ene duvarove bila su mjesta moje dje\u010dije igre i radosti. Bejtulah-aga je kupio ku\u0107u od oca Hula \u0110edovi\u0107a, a ovi posljednji od Burd\u017eovi\u0107a. Svi<\/p>\n<table border=\"0\" cellspacing=\"0\" cellpadding=\"5\" width=\"250\" align=\"right\" bgcolor=\"Gainsboro\">\n<tbody>\n<tr>\n<td align=\"left\"><span style=\"color: black;\"><img decoding=\"async\" src=\"http:\/\/www.bosnjaci.net\/foto\/250_rifat_burdzovic_trso.jpg\" border=\"0\" alt=\"\" width=\"250\" \/><br \/>\nUbijen zbog autonomije Sand\u017eak: Rifat Burd\u017eovi\u0107 &#8211; Tr\u0161o<\/span><\/td>\n<\/tr>\n<\/tbody>\n<\/table>\n<p>pomenuti su rahmetlije, a ja od djeteta postao \u010dovjek koji gazi \u0161estu deceniju \u017eivota. U Tr\u0161ovoj ku\u0107i i danas \u017eive Muzurovi\u0107i. Iako je imala vi\u0161e popravki i odre\u0111enih gra\u0111evinskih radova ku\u0107a i danas ima skoro se mo\u017ee re\u0107i autenti\u010dan izgled, bar kada je vanjski dio ku\u0107e (fasada) u pitanju. Da se radi o rodnoj ku\u0107i Rifata Burd\u017eovi\u0107a &#8211; Tr\u0161a osim sje\u0107anja nas starijih ro\u0111enih Bjelopoljaca danas niko ne mo\u017ee znati. Ku\u0107a je hvala Bogu odoljela zubu vremena ali sve je prekrila pra\u0161ina zaborava. Da je na ku\u0107i postavljena plo\u010da sa natpisom danas bi znali o \u010dijoj ku\u0107i se radi. Na\u017ealost, djeca iz 3-\u0107e Sand\u017ea\u010dke brigade, ulice u kojoj se nalazi Tr\u0161ova ku\u0107a ne znaju o Tr\u0161u ni rije\u010di. Legenda otpora fa\u0161izmu i ponos bo\u0161nja\u010dke ljubavi prema Sand\u017eaku zahvaljuju\u0107i nama polahko odlazi u zaborav.<\/p>\n<p>Ali zato zahvaljuju\u0107i na\u0161em nemoralu i doma\u0107im izdajnicima, obo\u017eavaocima komformizma i negatorima svega bo\u0161nja\u010dkog na\u0161a djeca pjevaju pjesme Cecine. Roditelji djece, Cecinih obo\u017eavalaca propagiraju otvaranje tzv. Crnogorskih ku\u0107a me\u0111u politi\u010dkim emigrantima od New Yorka, Luxemburga&#8230; dezorijentacija i kolektivno ludilo komfora zahva\u0107a i bo\u0161nja\u010dku naciju. Roditelje i djecu. Postajemo li zbog neodgovornih pojedinaca bezobli\u010dna masa koju drugi oblikuju onako kako njima odgovara. Istinske vrijednosti i robovanje Bogu zamijenili smo obo\u017eavanjem d\u017eelata.<\/p>\n<p>Plav, Gusinje, \u0160ahovi\u0107i, Bijeljina, Vi\u0161egrad, Prijedor, Srebrenica&#8230; opasno upozoravaju. \u017divotni prostor kolektiviteta bo\u0161nja\u010dkog naroda zastra\u0161uju\u0107e se smanjuje, podsje\u0107a na \u0160paniju i nestanak Maura. Dok se pojedinci enormno bogate na propasti vlastitog naroda, Bo\u0161njaci nestaju. Ekstremno bogastvo slu\u017eitelja kumira, iste dovodi do samoobmane. Oni su \u201edobri\u201c Muslimani-Bo\u0161njaci i njih niko dirati ne\u0107e, tako razmi\u0161ljaju. Slijepo obo\u017eavaju i podani\u010dki slu\u0161aju. Porodice i vlastite stomake pune bo\u0161nja\u010dkom nevinom krvlju. Trguju stotinama hiljada pobijenih nevinih bo\u0161nja\u010dkih \u017ertava, a zarad vlastitog dobra. Tako se u zlo udomljuju. Prebivali\u0161te njihovo bit \u0107e \u017eestoka vatra. Kad postanu svjesni za \u0161ta su se prodali bit \u0107e im prekasno.<\/p>\n<p>Zato nam i Kur'an govori; \u201eUstraj na Allahovom putu pa makar sam ostao&#8230;\u201c<\/p>\n<p>Autor: <strong>Ibrahim \u010ciki\u0107<\/strong><\/p>\n<p>Izvor: <strong>Bosnjaci.net<\/strong><\/p>\n<table style=\"height: 100%;\" border=\"3\" width=\"640\">\n<tbody>\n<tr>\n<td width=\"60%\"><a rel=\"lightbox\" href=\"http:\/\/www.bosnjaci.net\/foto\/Cikic_Burdzevic_kuce_Bijelo_Polje0080.jpg\"><img decoding=\"async\" src=\"http:\/\/www.bosnjaci.net\/foto\/210_Cikic_Burdzevic_kuce_Bijelo_Polje0080.jpg\" border=\"0\" alt=\"\" width=\"210\" \/><\/a><br \/>\nU istoj avliji porodi\u010dna ku\u0107a \u010ciki\u0107a i rah. Tr\u0161e Burd\u017eevi\u0107a<\/td>\n<td width=\"20%\"><a rel=\"lightbox\" href=\"http:\/\/www.bosnjaci.net\/foto\/Cikic_kuca_Trso_0079.jpg\"><img decoding=\"async\" src=\"http:\/\/www.bosnjaci.net\/foto\/210_Cikic_kuca_Trso_0079.jpg\" border=\"0\" alt=\"\" width=\"210\" \/><\/a><br \/>\nKu\u0107a u kojoj je \u017eivio Burd\u017eevi\u0107<\/td>\n<td width=\"20%\"><a rel=\"lightbox\" href=\"http:\/\/www.bosnjaci.net\/foto\/Cikic_trso_burdzevic_kuca_0087.jpg\"><img decoding=\"async\" src=\"http:\/\/www.bosnjaci.net\/foto\/210_Cikic_trso_burdzevic_kuca_0087.jpg\" border=\"0\" alt=\"\" width=\"210\" \/><\/a><br \/>\nTri pend\u017eera sa desne stranu su od sobe Burd\u017eevi\u0107a<\/td>\n<\/tr>\n<\/tbody>\n<\/table>\n","protected":false},"excerpt":{"rendered":"<p>Od malih nogu zahvaljuju\u0107i mom sada rahmetli babu Avdulahu imao sam prilike slu\u0161ati pri\u010de o rahmetli Rifatu Burd\u017eovi\u0107u &#8211; Tr\u0161u. Rifat je bio prvi kom\u0161ija mog oca. Grani\u010dili su se avlijama. Bukvalno ku\u0107a uz ku\u0107u. Otac je bio mla\u0111i od Rifata, ali zahvaljuju\u0107i svom starijem bratu Jahu i dajid\u017ei\u0107u Smaju \u010desto je imao prilike boraviti [&hellip;]<\/p>\n","protected":false},"author":83,"featured_media":18130,"comment_status":"open","ping_status":"open","sticky":false,"template":"","format":"standard","meta":{"footnotes":""},"categories":[396],"tags":[],"class_list":{"0":"post-18126","1":"post","2":"type-post","3":"status-publish","4":"format-standard","5":"has-post-thumbnail","7":"category-bijelo_polje"},"yoast_head":"<!-- This site is optimized with the Yoast SEO Premium plugin v23.1 (Yoast SEO v24.9) - https:\/\/yoast.com\/wordpress\/plugins\/seo\/ -->\n<title>Da li je Tr\u0161ina krv za Autonomiju Sand\u017eaka uzalud prolivena?<\/title>\n<meta name=\"robots\" content=\"index, follow, max-snippet:-1, max-image-preview:large, max-video-preview:-1\" \/>\n<link rel=\"canonical\" href=\"https:\/\/sandzakpress.net\/arhiva\/da-li-je-trsina-krv-za-autonomiju-sandzaka-uzalud-prolivena\/\" \/>\n<meta property=\"og:locale\" content=\"bs_BA\" \/>\n<meta property=\"og:type\" content=\"article\" \/>\n<meta property=\"og:title\" content=\"Da li je Tr\u0161ina krv za Autonomiju Sand\u017eaka uzalud prolivena?\" \/>\n<meta property=\"og:description\" content=\"Od malih nogu zahvaljuju\u0107i mom sada rahmetli babu Avdulahu imao sam prilike slu\u0161ati pri\u010de o rahmetli Rifatu Burd\u017eovi\u0107u &#8211; Tr\u0161u. Rifat je bio prvi kom\u0161ija mog oca. Grani\u010dili su se avlijama. Bukvalno ku\u0107a uz ku\u0107u. Otac je bio mla\u0111i od Rifata, ali zahvaljuju\u0107i svom starijem bratu Jahu i dajid\u017ei\u0107u Smaju \u010desto je imao prilike boraviti [&hellip;]\" \/>\n<meta property=\"og:url\" content=\"https:\/\/sandzakpress.net\/arhiva\/da-li-je-trsina-krv-za-autonomiju-sandzaka-uzalud-prolivena\/\" \/>\n<meta property=\"og:site_name\" content=\"Sand\u017eak PRESS\" \/>\n<meta property=\"article:published_time\" content=\"2011-07-28T14:13:11+00:00\" \/>\n<meta property=\"article:modified_time\" content=\"2011-07-28T14:17:51+00:00\" \/>\n<meta property=\"og:image\" content=\"https:\/\/sandzakpress.net\/arhiva\/wp-content\/uploads\/2011\/07\/sandzak-autonomija-11.jpg\" \/>\n\t<meta property=\"og:image:width\" content=\"616\" \/>\n\t<meta property=\"og:image:height\" content=\"313\" \/>\n\t<meta property=\"og:image:type\" content=\"image\/jpeg\" \/>\n<meta name=\"author\" content=\"bosniak\" \/>\n<meta name=\"twitter:card\" content=\"summary_large_image\" \/>\n<meta name=\"twitter:label1\" content=\"Written by\" \/>\n\t<meta name=\"twitter:data1\" content=\"bosniak\" \/>\n\t<meta name=\"twitter:label2\" content=\"Est. reading time\" \/>\n\t<meta name=\"twitter:data2\" content=\"4 minute\" \/>\n<script type=\"application\/ld+json\" class=\"yoast-schema-graph\">{\"@context\":\"https:\/\/schema.org\",\"@graph\":[{\"@type\":\"Article\",\"@id\":\"https:\/\/sandzakpress.net\/arhiva\/da-li-je-trsina-krv-za-autonomiju-sandzaka-uzalud-prolivena\/#article\",\"isPartOf\":{\"@id\":\"https:\/\/sandzakpress.net\/arhiva\/da-li-je-trsina-krv-za-autonomiju-sandzaka-uzalud-prolivena\/\"},\"author\":{\"name\":\"bosniak\",\"@id\":\"https:\/\/sandzakpress.net\/arhiva\/#\/schema\/person\/c8baee722073534b583ea7bdb2e36c02\"},\"headline\":\"Da li je Tr\u0161ina krv za Autonomiju Sand\u017eaka uzalud prolivena?\",\"datePublished\":\"2011-07-28T14:13:11+00:00\",\"dateModified\":\"2011-07-28T14:17:51+00:00\",\"mainEntityOfPage\":{\"@id\":\"https:\/\/sandzakpress.net\/arhiva\/da-li-je-trsina-krv-za-autonomiju-sandzaka-uzalud-prolivena\/\"},\"wordCount\":758,\"commentCount\":6,\"publisher\":{\"@id\":\"https:\/\/sandzakpress.net\/arhiva\/#\/schema\/person\/6e72b67d6e51910a1117b3b483ba20bd\"},\"image\":{\"@id\":\"https:\/\/sandzakpress.net\/arhiva\/da-li-je-trsina-krv-za-autonomiju-sandzaka-uzalud-prolivena\/#primaryimage\"},\"thumbnailUrl\":\"https:\/\/sandzakpress.net\/arhiva\/wp-content\/uploads\/2011\/07\/sandzak-autonomija-11.jpg\",\"articleSection\":[\"Bijelo Polje\"],\"inLanguage\":\"bs-BA\",\"potentialAction\":[{\"@type\":\"CommentAction\",\"name\":\"Comment\",\"target\":[\"https:\/\/sandzakpress.net\/arhiva\/da-li-je-trsina-krv-za-autonomiju-sandzaka-uzalud-prolivena\/#respond\"]}]},{\"@type\":\"WebPage\",\"@id\":\"https:\/\/sandzakpress.net\/arhiva\/da-li-je-trsina-krv-za-autonomiju-sandzaka-uzalud-prolivena\/\",\"url\":\"https:\/\/sandzakpress.net\/arhiva\/da-li-je-trsina-krv-za-autonomiju-sandzaka-uzalud-prolivena\/\",\"name\":\"Da li je Tr\u0161ina krv za Autonomiju Sand\u017eaka uzalud prolivena?\",\"isPartOf\":{\"@id\":\"https:\/\/sandzakpress.net\/arhiva\/#website\"},\"primaryImageOfPage\":{\"@id\":\"https:\/\/sandzakpress.net\/arhiva\/da-li-je-trsina-krv-za-autonomiju-sandzaka-uzalud-prolivena\/#primaryimage\"},\"image\":{\"@id\":\"https:\/\/sandzakpress.net\/arhiva\/da-li-je-trsina-krv-za-autonomiju-sandzaka-uzalud-prolivena\/#primaryimage\"},\"thumbnailUrl\":\"https:\/\/sandzakpress.net\/arhiva\/wp-content\/uploads\/2011\/07\/sandzak-autonomija-11.jpg\",\"datePublished\":\"2011-07-28T14:13:11+00:00\",\"dateModified\":\"2011-07-28T14:17:51+00:00\",\"breadcrumb\":{\"@id\":\"https:\/\/sandzakpress.net\/arhiva\/da-li-je-trsina-krv-za-autonomiju-sandzaka-uzalud-prolivena\/#breadcrumb\"},\"inLanguage\":\"bs-BA\",\"potentialAction\":[{\"@type\":\"ReadAction\",\"target\":[\"https:\/\/sandzakpress.net\/arhiva\/da-li-je-trsina-krv-za-autonomiju-sandzaka-uzalud-prolivena\/\"]}]},{\"@type\":\"ImageObject\",\"inLanguage\":\"bs-BA\",\"@id\":\"https:\/\/sandzakpress.net\/arhiva\/da-li-je-trsina-krv-za-autonomiju-sandzaka-uzalud-prolivena\/#primaryimage\",\"url\":\"https:\/\/sandzakpress.net\/arhiva\/wp-content\/uploads\/2011\/07\/sandzak-autonomija-11.jpg\",\"contentUrl\":\"https:\/\/sandzakpress.net\/arhiva\/wp-content\/uploads\/2011\/07\/sandzak-autonomija-11.jpg\",\"width\":616,\"height\":313},{\"@type\":\"BreadcrumbList\",\"@id\":\"https:\/\/sandzakpress.net\/arhiva\/da-li-je-trsina-krv-za-autonomiju-sandzaka-uzalud-prolivena\/#breadcrumb\",\"itemListElement\":[{\"@type\":\"ListItem\",\"position\":1,\"name\":\"Home\",\"item\":\"https:\/\/sandzakpress.net\/arhiva\/\"},{\"@type\":\"ListItem\",\"position\":2,\"name\":\"Da li je Tr\u0161ina krv za Autonomiju Sand\u017eaka uzalud prolivena?\"}]},{\"@type\":\"WebSite\",\"@id\":\"https:\/\/sandzakpress.net\/arhiva\/#website\",\"url\":\"https:\/\/sandzakpress.net\/arhiva\/\",\"name\":\"Sand\u017eak PRESS\",\"description\":\"Prve elektronske novine u Sand\u017eaku\",\"publisher\":{\"@id\":\"https:\/\/sandzakpress.net\/arhiva\/#\/schema\/person\/6e72b67d6e51910a1117b3b483ba20bd\"},\"potentialAction\":[{\"@type\":\"SearchAction\",\"target\":{\"@type\":\"EntryPoint\",\"urlTemplate\":\"https:\/\/sandzakpress.net\/arhiva\/?s={search_term_string}\"},\"query-input\":{\"@type\":\"PropertyValueSpecification\",\"valueRequired\":true,\"valueName\":\"search_term_string\"}}],\"inLanguage\":\"bs-BA\"},{\"@type\":[\"Person\",\"Organization\"],\"@id\":\"https:\/\/sandzakpress.net\/arhiva\/#\/schema\/person\/6e72b67d6e51910a1117b3b483ba20bd\",\"name\":\"Kul\",\"image\":{\"@type\":\"ImageObject\",\"inLanguage\":\"bs-BA\",\"@id\":\"https:\/\/sandzakpress.net\/arhiva\/#\/schema\/person\/image\/\",\"url\":\"https:\/\/secure.gravatar.com\/avatar\/42263f39aa27ac04c43cab85c280eb2e?s=96&d=mm&r=pg\",\"contentUrl\":\"https:\/\/secure.gravatar.com\/avatar\/42263f39aa27ac04c43cab85c280eb2e?s=96&d=mm&r=pg\",\"caption\":\"Kul\"},\"logo\":{\"@id\":\"https:\/\/sandzakpress.net\/arhiva\/#\/schema\/person\/image\/\"}},{\"@type\":\"Person\",\"@id\":\"https:\/\/sandzakpress.net\/arhiva\/#\/schema\/person\/c8baee722073534b583ea7bdb2e36c02\",\"name\":\"bosniak\",\"image\":{\"@type\":\"ImageObject\",\"inLanguage\":\"bs-BA\",\"@id\":\"https:\/\/sandzakpress.net\/arhiva\/#\/schema\/person\/image\/\",\"url\":\"https:\/\/secure.gravatar.com\/avatar\/a04fd330bfe3a36a72a0ad4a6d89fca7?s=96&d=mm&r=pg\",\"contentUrl\":\"https:\/\/secure.gravatar.com\/avatar\/a04fd330bfe3a36a72a0ad4a6d89fca7?s=96&d=mm&r=pg\",\"caption\":\"bosniak\"},\"url\":\"https:\/\/sandzakpress.net\/arhiva\/author\/bosniak\/\"}]}<\/script>\n<!-- \/ Yoast SEO Premium plugin. -->","yoast_head_json":{"title":"Da li je Tr\u0161ina krv za Autonomiju Sand\u017eaka uzalud prolivena?","robots":{"index":"index","follow":"follow","max-snippet":"max-snippet:-1","max-image-preview":"max-image-preview:large","max-video-preview":"max-video-preview:-1"},"canonical":"https:\/\/sandzakpress.net\/arhiva\/da-li-je-trsina-krv-za-autonomiju-sandzaka-uzalud-prolivena\/","og_locale":"bs_BA","og_type":"article","og_title":"Da li je Tr\u0161ina krv za Autonomiju Sand\u017eaka uzalud prolivena?","og_description":"Od malih nogu zahvaljuju\u0107i mom sada rahmetli babu Avdulahu imao sam prilike slu\u0161ati pri\u010de o rahmetli Rifatu Burd\u017eovi\u0107u &#8211; Tr\u0161u. Rifat je bio prvi kom\u0161ija mog oca. Grani\u010dili su se avlijama. Bukvalno ku\u0107a uz ku\u0107u. Otac je bio mla\u0111i od Rifata, ali zahvaljuju\u0107i svom starijem bratu Jahu i dajid\u017ei\u0107u Smaju \u010desto je imao prilike boraviti [&hellip;]","og_url":"https:\/\/sandzakpress.net\/arhiva\/da-li-je-trsina-krv-za-autonomiju-sandzaka-uzalud-prolivena\/","og_site_name":"Sand\u017eak PRESS","article_published_time":"2011-07-28T14:13:11+00:00","article_modified_time":"2011-07-28T14:17:51+00:00","og_image":[{"width":616,"height":313,"url":"https:\/\/sandzakpress.net\/arhiva\/wp-content\/uploads\/2011\/07\/sandzak-autonomija-11.jpg","type":"image\/jpeg"}],"author":"bosniak","twitter_card":"summary_large_image","twitter_misc":{"Written by":"bosniak","Est. reading time":"4 minute"},"schema":{"@context":"https:\/\/schema.org","@graph":[{"@type":"Article","@id":"https:\/\/sandzakpress.net\/arhiva\/da-li-je-trsina-krv-za-autonomiju-sandzaka-uzalud-prolivena\/#article","isPartOf":{"@id":"https:\/\/sandzakpress.net\/arhiva\/da-li-je-trsina-krv-za-autonomiju-sandzaka-uzalud-prolivena\/"},"author":{"name":"bosniak","@id":"https:\/\/sandzakpress.net\/arhiva\/#\/schema\/person\/c8baee722073534b583ea7bdb2e36c02"},"headline":"Da li je Tr\u0161ina krv za Autonomiju Sand\u017eaka uzalud prolivena?","datePublished":"2011-07-28T14:13:11+00:00","dateModified":"2011-07-28T14:17:51+00:00","mainEntityOfPage":{"@id":"https:\/\/sandzakpress.net\/arhiva\/da-li-je-trsina-krv-za-autonomiju-sandzaka-uzalud-prolivena\/"},"wordCount":758,"commentCount":6,"publisher":{"@id":"https:\/\/sandzakpress.net\/arhiva\/#\/schema\/person\/6e72b67d6e51910a1117b3b483ba20bd"},"image":{"@id":"https:\/\/sandzakpress.net\/arhiva\/da-li-je-trsina-krv-za-autonomiju-sandzaka-uzalud-prolivena\/#primaryimage"},"thumbnailUrl":"https:\/\/sandzakpress.net\/arhiva\/wp-content\/uploads\/2011\/07\/sandzak-autonomija-11.jpg","articleSection":["Bijelo Polje"],"inLanguage":"bs-BA","potentialAction":[{"@type":"CommentAction","name":"Comment","target":["https:\/\/sandzakpress.net\/arhiva\/da-li-je-trsina-krv-za-autonomiju-sandzaka-uzalud-prolivena\/#respond"]}]},{"@type":"WebPage","@id":"https:\/\/sandzakpress.net\/arhiva\/da-li-je-trsina-krv-za-autonomiju-sandzaka-uzalud-prolivena\/","url":"https:\/\/sandzakpress.net\/arhiva\/da-li-je-trsina-krv-za-autonomiju-sandzaka-uzalud-prolivena\/","name":"Da li je Tr\u0161ina krv za Autonomiju Sand\u017eaka uzalud prolivena?","isPartOf":{"@id":"https:\/\/sandzakpress.net\/arhiva\/#website"},"primaryImageOfPage":{"@id":"https:\/\/sandzakpress.net\/arhiva\/da-li-je-trsina-krv-za-autonomiju-sandzaka-uzalud-prolivena\/#primaryimage"},"image":{"@id":"https:\/\/sandzakpress.net\/arhiva\/da-li-je-trsina-krv-za-autonomiju-sandzaka-uzalud-prolivena\/#primaryimage"},"thumbnailUrl":"https:\/\/sandzakpress.net\/arhiva\/wp-content\/uploads\/2011\/07\/sandzak-autonomija-11.jpg","datePublished":"2011-07-28T14:13:11+00:00","dateModified":"2011-07-28T14:17:51+00:00","breadcrumb":{"@id":"https:\/\/sandzakpress.net\/arhiva\/da-li-je-trsina-krv-za-autonomiju-sandzaka-uzalud-prolivena\/#breadcrumb"},"inLanguage":"bs-BA","potentialAction":[{"@type":"ReadAction","target":["https:\/\/sandzakpress.net\/arhiva\/da-li-je-trsina-krv-za-autonomiju-sandzaka-uzalud-prolivena\/"]}]},{"@type":"ImageObject","inLanguage":"bs-BA","@id":"https:\/\/sandzakpress.net\/arhiva\/da-li-je-trsina-krv-za-autonomiju-sandzaka-uzalud-prolivena\/#primaryimage","url":"https:\/\/sandzakpress.net\/arhiva\/wp-content\/uploads\/2011\/07\/sandzak-autonomija-11.jpg","contentUrl":"https:\/\/sandzakpress.net\/arhiva\/wp-content\/uploads\/2011\/07\/sandzak-autonomija-11.jpg","width":616,"height":313},{"@type":"BreadcrumbList","@id":"https:\/\/sandzakpress.net\/arhiva\/da-li-je-trsina-krv-za-autonomiju-sandzaka-uzalud-prolivena\/#breadcrumb","itemListElement":[{"@type":"ListItem","position":1,"name":"Home","item":"https:\/\/sandzakpress.net\/arhiva\/"},{"@type":"ListItem","position":2,"name":"Da li je Tr\u0161ina krv za Autonomiju Sand\u017eaka uzalud prolivena?"}]},{"@type":"WebSite","@id":"https:\/\/sandzakpress.net\/arhiva\/#website","url":"https:\/\/sandzakpress.net\/arhiva\/","name":"Sand\u017eak PRESS","description":"Prve elektronske novine u Sand\u017eaku","publisher":{"@id":"https:\/\/sandzakpress.net\/arhiva\/#\/schema\/person\/6e72b67d6e51910a1117b3b483ba20bd"},"potentialAction":[{"@type":"SearchAction","target":{"@type":"EntryPoint","urlTemplate":"https:\/\/sandzakpress.net\/arhiva\/?s={search_term_string}"},"query-input":{"@type":"PropertyValueSpecification","valueRequired":true,"valueName":"search_term_string"}}],"inLanguage":"bs-BA"},{"@type":["Person","Organization"],"@id":"https:\/\/sandzakpress.net\/arhiva\/#\/schema\/person\/6e72b67d6e51910a1117b3b483ba20bd","name":"Kul","image":{"@type":"ImageObject","inLanguage":"bs-BA","@id":"https:\/\/sandzakpress.net\/arhiva\/#\/schema\/person\/image\/","url":"https:\/\/secure.gravatar.com\/avatar\/42263f39aa27ac04c43cab85c280eb2e?s=96&d=mm&r=pg","contentUrl":"https:\/\/secure.gravatar.com\/avatar\/42263f39aa27ac04c43cab85c280eb2e?s=96&d=mm&r=pg","caption":"Kul"},"logo":{"@id":"https:\/\/sandzakpress.net\/arhiva\/#\/schema\/person\/image\/"}},{"@type":"Person","@id":"https:\/\/sandzakpress.net\/arhiva\/#\/schema\/person\/c8baee722073534b583ea7bdb2e36c02","name":"bosniak","image":{"@type":"ImageObject","inLanguage":"bs-BA","@id":"https:\/\/sandzakpress.net\/arhiva\/#\/schema\/person\/image\/","url":"https:\/\/secure.gravatar.com\/avatar\/a04fd330bfe3a36a72a0ad4a6d89fca7?s=96&d=mm&r=pg","contentUrl":"https:\/\/secure.gravatar.com\/avatar\/a04fd330bfe3a36a72a0ad4a6d89fca7?s=96&d=mm&r=pg","caption":"bosniak"},"url":"https:\/\/sandzakpress.net\/arhiva\/author\/bosniak\/"}]}},"_links":{"self":[{"href":"https:\/\/sandzakpress.net\/arhiva\/wp-json\/wp\/v2\/posts\/18126"}],"collection":[{"href":"https:\/\/sandzakpress.net\/arhiva\/wp-json\/wp\/v2\/posts"}],"about":[{"href":"https:\/\/sandzakpress.net\/arhiva\/wp-json\/wp\/v2\/types\/post"}],"author":[{"embeddable":true,"href":"https:\/\/sandzakpress.net\/arhiva\/wp-json\/wp\/v2\/users\/83"}],"replies":[{"embeddable":true,"href":"https:\/\/sandzakpress.net\/arhiva\/wp-json\/wp\/v2\/comments?post=18126"}],"version-history":[{"count":0,"href":"https:\/\/sandzakpress.net\/arhiva\/wp-json\/wp\/v2\/posts\/18126\/revisions"}],"wp:featuredmedia":[{"embeddable":true,"href":"https:\/\/sandzakpress.net\/arhiva\/wp-json\/wp\/v2\/media\/18130"}],"wp:attachment":[{"href":"https:\/\/sandzakpress.net\/arhiva\/wp-json\/wp\/v2\/media?parent=18126"}],"wp:term":[{"taxonomy":"category","embeddable":true,"href":"https:\/\/sandzakpress.net\/arhiva\/wp-json\/wp\/v2\/categories?post=18126"},{"taxonomy":"post_tag","embeddable":true,"href":"https:\/\/sandzakpress.net\/arhiva\/wp-json\/wp\/v2\/tags?post=18126"}],"curies":[{"name":"wp","href":"https:\/\/api.w.org\/{rel}","templated":true}]}}