{"id":18120,"date":"2011-07-28T15:57:46","date_gmt":"2011-07-28T13:57:46","guid":{"rendered":"https:\/\/sandzakpress.net\/arhiva\/?p=18120"},"modified":"2011-07-28T15:57:46","modified_gmt":"2011-07-28T13:57:46","slug":"sandzak-kao-protututeza-republici-srpskoj","status":"publish","type":"post","link":"https:\/\/sandzakpress.net\/arhiva\/sandzak-kao-protututeza-republici-srpskoj\/","title":{"rendered":"Sand\u017eak kao protutute\u017ea Republici Srpskoj?"},"content":{"rendered":"<figure id=\"attachment_18121\" aria-describedby=\"caption-attachment-18121\" style=\"width: 300px\" class=\"wp-caption alignleft\"><a href=\"https:\/\/sandzakpress.net\/arhiva\/wp-content\/uploads\/2011\/07\/0202sm_ocp_w380_h300.jpg\"><img loading=\"lazy\" decoding=\"async\" class=\"size-medium wp-image-18121\" title=\"0202sm_ocp_w380_h300\" src=\"https:\/\/sandzakpress.net\/arhiva\/wp-content\/uploads\/2011\/07\/0202sm_ocp_w380_h300-300x236.jpg\" alt=\"\" width=\"300\" height=\"236\" \/><\/a><figcaption id=\"caption-attachment-18121\" class=\"wp-caption-text\">Tim D\u017euda, dopisnik britanskog Ekonomista za Balkan<\/figcaption><\/figure>\n<p><strong>Iznena\u0111uje me to \u0161to je kosovska vlada odlu\u010dila tek sada da uvede embargo na uvoz robe iz Srbije, a ne jo\u0161 pre nekoliko godina. Do\u0161ao sam do zaklju\u010dka da srpski zvani\u010dnici misle da je sudbina Kosova u potpunosti u njihovim rukama. Oni, me\u0111utim, zaboravljaju na to da Kosovo u stvari dr\u017ei njihovu sudbinu u svojim rukama. Kosovo ne\u0107e mo\u0107i da postane \u010dlanica UN bez odobrenja Srbije.<\/strong><\/p>\n<p>Ali, bez postignute saglasnosti, Srbija ne\u0107e biti u prilici da u\u0111e u Evropsku uniju bez, prakti\u010dno, dozvole Kosova. Dakle, ovo je malo podsje\u0107anje na to da je politika ovdje \u201edvosmerna ulica &#8211; isti\u010de za Danas Tim D\u017euda, dopisnik britanskog Ekonomista za Balkan.<\/p>\n<p>Kako ka\u017ee, kada je Srbija blokirala uvoz robe sa Kosova, to je imalo u izvesnom smislu samo simboli\u010dki zna\u010daj, s obzirom na to da je izvoz sa KiM jako mali, a da se, u stvari, vrijednost srpskog izvoza ne sme zanemarivati. \u201eDakle, ako bi se ova mjera sprovodila kako treba, bez obzira na to koliko \u0107e trajati njena primjena, mnogi Srbi bi izgubili svoje poslove zbog gubitka ovog izvoznog tr\u017ei\u0161ta. Na kraju krajeva, sve \u0161to Srbija izvozi na Kosovo mo\u017ee biti zamijenjeno uvozom iz neke druge zemlje, uprkos tome \u0161to bi ti proizvodi bili ne\u0161to skuplji. Naravno, mi ovde ne govorimo o \u201eajpodima\u201c ve\u0107 o \u017eitaricama i gra\u0111evinskoj industriji\u201c, ukazuje D\u017euda.<\/p>\n<p>Prema njegovim rije\u010dima, na du\u017ee staze, ovaj potez Kosova jednostavno ima za cilj da izvr\u0161i pritisak na Srbiju, da bi bila \u201eohrabrena\u201c da potpi\u0161e sporazum o carinskim pe\u010datima i, naravno, da joj da do znanja da nije sva mo\u0107 na njenoj strani. \u201eU stvari, Srbija i Kosovo mi izgledaju kao dva zatvorenika koja skaku\u0107u okolo lancima vezanih nogu, jedan za drugog. O\u010dekujem uskoro sporazum o ovom pitanju\u201c, navodi D\u017euda.<\/p>\n<p>\u0160ta \u0107e sve Srbija jo\u0161 morati da uradi da bi dostigla status kandidata za \u010dlanstvo u EU, a potom i datum za po\u010detak pregovora?<\/p>\n<p>&#8211; Mislim da bi sprovo\u0111enje prvog sporazuma sa Kosovom bilo dovoljno da se dosegne status kandidata za \u010dlanstvo u EU, uz zakon o restituciji koji je ve\u0107 u pripremi. Ne mislim da se tome mo\u017ee ispostaviti kao zna\u010dajna prepreka bilo kakvo oklijevanje ili otpor, koji bi se mogli javiti od strane nekih evropskih dr\u017eava. Za dobijanje datuma po\u010detka pregovora, \u0161to je va\u017enije od samog statusa kandidata, na stolu \u0107e se pojaviti pojedina tehni\u010dka pitanja, a ne politi\u010dka, u smislu reforme ove ili one oblasti u dru\u0161tvu. Da li \u0107e neke zemlje postaviti kao uslov jo\u0161 neke ustupke u vezi sa Kosovom, na primjer, oko sjevera Kosova, uklju\u010duju\u0107i carine, ne mogu da tvrdim, ali mi se to \u010dini kao mogu\u0107e i \u010dak vjerovatno.<\/p>\n<p>Da li mislite da su Ratko Mladi\u0107 i Goran Had\u017ei\u0107 uhap\u0161eni samo zbog o\u010dekivanja srpskih vlasti da \u0107e dobiti status kandidata za \u010dlanstvo u EU?<\/p>\n<p>&#8211; Ne, zato \u0161to to implicira teoriju zavjere da su srpski zvani\u010dnici sve vrijeme znali gdje se kriju ha\u0161ki bjegunci, u \u0161ta li\u010dno ne vjerujem. Nakon hap\u0161enja Radovana Karad\u017ei\u0107a 2008, ne postoji logi\u010dan razlog zbog kojeg ovi ne bi bili uhap\u0161eni samo da se znalo gdje su se krili. To bi onda zna\u010dilo kao da su vlasti mislile sljede\u0107e: \u201eSada kada smo uhapsili Karad\u017ei\u0107a, hajde da izgubimo jo\u0161 koju godinu, u smislu napredovanja u evropskim integracijama, pa da tek onda uhapsimo preostale bjegunce?<\/p>\n<p>Da li mislite da srpske vlasti zaista odustaju od podr\u0161ke Miloradu Dodiku, ili je tu re\u010d o nekakvoj taktici?<\/p>\n<p>&#8211; Dodik je u\u010dinio mnogo na sopstvenoj nepopularnosti time \u0161to se nije unapred konsultovao sa srpskom vladom u vezi sa cijelom pri\u010dom oko referenduma, dok vlada u Srbiji dobija lo\u0161e ocjene onda kada \u010dini stvari kao \u0161to su odr\u017eavanje zajedni\u010dkih zajednica sa vladom Republike Srpske. Postupci Milorada Dodika na taj na\u010din postaju dijelom odgovornost i srpske vlade, u kontekstu napredovanja u evropskim integracijama. Imaju\u0107i to u vidu, neki ljudi u Sarajevu i Banjaluci polako uvi\u0111aju koliko BiH danas zaostaje. Bi\u0107e veoma zanimljivo posmatrati da li \u0107e Beograd i Zagreb ohrabrivati te snage zbog kojih je BiH tu gdje jeste.<\/p>\n<p>Autonomija Sand\u017eaka nema realne izglede<\/p>\n<p>Bili ste u pojseti Novom Pazaru. Kako ocjenjujete stanje ljudskih prava Bo\u0161njaka u Srbiji i koliko je ta situacija povezana sa trenutnom situacijom u BiH i na Kosovu?<\/p>\n<p>&#8211; Ivica Da\u010di\u0107 govori o podijeli Kosova, Milorad Dodik o otcjepljenju RS, a Muamer Zukorli\u0107 o autonomiji Sand\u017eaka. Stoga, logi\u010dno je \u0161to neki ljudi u Sarajevu vide Zukorli\u0107a kao neku vrstu obezbe\u0111enja &#8211; vi Srbi nama pravite problem u vezi sa RS, pa \u0107emo mi praviti vama problem u vezi sa Sand\u017eakom. U stvari, sa tako malobrojnim stanovni\u0161tvom u Sand\u017eaku, od kojeg tek polovinu \u010dine Bo\u0161njaci, nisam siguran da autonomija te oblasti ima realne izglede. U Sand\u017eaku je problem nezaposlenost, lo\u0161a ekonomija i korupcija.<\/p>\n<p>Izvor: <strong>Danas.rs<\/strong><\/p>\n","protected":false},"excerpt":{"rendered":"<p>Iznena\u0111uje me to \u0161to je kosovska vlada odlu\u010dila tek sada da uvede embargo na uvoz robe iz Srbije, a ne jo\u0161 pre nekoliko godina. Do\u0161ao sam do zaklju\u010dka da srpski zvani\u010dnici misle da je sudbina Kosova u potpunosti u njihovim rukama. Oni, me\u0111utim, zaboravljaju na to da Kosovo u stvari dr\u017ei njihovu sudbinu u svojim [&hellip;]<\/p>\n","protected":false},"author":83,"featured_media":18121,"comment_status":"open","ping_status":"open","sticky":false,"template":"","format":"standard","meta":{"footnotes":""},"categories":[72,52,327,392,393,394],"tags":[],"class_list":{"0":"post-18120","1":"post","2":"type-post","3":"status-publish","4":"format-standard","5":"has-post-thumbnail","7":"category-novi-pazar","8":"category-sjenica","9":"category-tutin","10":"category-prijepolje_","11":"category-priboj","12":"category-nova-varos"},"yoast_head":"<!-- This site is optimized with the Yoast SEO Premium plugin v23.1 (Yoast SEO v24.9) - https:\/\/yoast.com\/wordpress\/plugins\/seo\/ -->\n<title>Sand\u017eak kao protutute\u017ea Republici Srpskoj?<\/title>\n<meta name=\"robots\" content=\"index, follow, max-snippet:-1, max-image-preview:large, max-video-preview:-1\" \/>\n<link rel=\"canonical\" href=\"https:\/\/sandzakpress.net\/arhiva\/sandzak-kao-protututeza-republici-srpskoj\/\" \/>\n<meta property=\"og:locale\" content=\"bs_BA\" \/>\n<meta property=\"og:type\" content=\"article\" \/>\n<meta property=\"og:title\" content=\"Sand\u017eak kao protutute\u017ea Republici Srpskoj?\" \/>\n<meta property=\"og:description\" content=\"Iznena\u0111uje me to \u0161to je kosovska vlada odlu\u010dila tek sada da uvede embargo na uvoz robe iz Srbije, a ne jo\u0161 pre nekoliko godina. Do\u0161ao sam do zaklju\u010dka da srpski zvani\u010dnici misle da je sudbina Kosova u potpunosti u njihovim rukama. Oni, me\u0111utim, zaboravljaju na to da Kosovo u stvari dr\u017ei njihovu sudbinu u svojim [&hellip;]\" \/>\n<meta property=\"og:url\" content=\"https:\/\/sandzakpress.net\/arhiva\/sandzak-kao-protututeza-republici-srpskoj\/\" \/>\n<meta property=\"og:site_name\" content=\"Sand\u017eak PRESS\" \/>\n<meta property=\"article:published_time\" content=\"2011-07-28T13:57:46+00:00\" \/>\n<meta property=\"og:image\" content=\"https:\/\/sandzakpress.net\/arhiva\/wp-content\/uploads\/2011\/07\/0202sm_ocp_w380_h300.jpg\" \/>\n\t<meta property=\"og:image:width\" content=\"380\" \/>\n\t<meta property=\"og:image:height\" content=\"300\" \/>\n\t<meta property=\"og:image:type\" content=\"image\/jpeg\" \/>\n<meta name=\"author\" content=\"bosniak\" \/>\n<meta name=\"twitter:card\" content=\"summary_large_image\" \/>\n<meta name=\"twitter:label1\" content=\"Written by\" \/>\n\t<meta name=\"twitter:data1\" content=\"bosniak\" \/>\n\t<meta name=\"twitter:label2\" content=\"Est. reading time\" \/>\n\t<meta name=\"twitter:data2\" content=\"4 minute\" \/>\n<script type=\"application\/ld+json\" class=\"yoast-schema-graph\">{\"@context\":\"https:\/\/schema.org\",\"@graph\":[{\"@type\":\"Article\",\"@id\":\"https:\/\/sandzakpress.net\/arhiva\/sandzak-kao-protututeza-republici-srpskoj\/#article\",\"isPartOf\":{\"@id\":\"https:\/\/sandzakpress.net\/arhiva\/sandzak-kao-protututeza-republici-srpskoj\/\"},\"author\":{\"name\":\"bosniak\",\"@id\":\"https:\/\/sandzakpress.net\/arhiva\/#\/schema\/person\/c8baee722073534b583ea7bdb2e36c02\"},\"headline\":\"Sand\u017eak kao protutute\u017ea Republici Srpskoj?\",\"datePublished\":\"2011-07-28T13:57:46+00:00\",\"mainEntityOfPage\":{\"@id\":\"https:\/\/sandzakpress.net\/arhiva\/sandzak-kao-protututeza-republici-srpskoj\/\"},\"wordCount\":885,\"commentCount\":5,\"publisher\":{\"@id\":\"https:\/\/sandzakpress.net\/arhiva\/#\/schema\/person\/6e72b67d6e51910a1117b3b483ba20bd\"},\"image\":{\"@id\":\"https:\/\/sandzakpress.net\/arhiva\/sandzak-kao-protututeza-republici-srpskoj\/#primaryimage\"},\"thumbnailUrl\":\"https:\/\/sandzakpress.net\/arhiva\/wp-content\/uploads\/2011\/07\/0202sm_ocp_w380_h300.jpg\",\"articleSection\":[\"Novi Pazar\",\"Sjenica\",\"Tutin\",\"Prijepolje\",\"Priboj\",\"Nova Varo\u0161\"],\"inLanguage\":\"bs-BA\",\"potentialAction\":[{\"@type\":\"CommentAction\",\"name\":\"Comment\",\"target\":[\"https:\/\/sandzakpress.net\/arhiva\/sandzak-kao-protututeza-republici-srpskoj\/#respond\"]}]},{\"@type\":\"WebPage\",\"@id\":\"https:\/\/sandzakpress.net\/arhiva\/sandzak-kao-protututeza-republici-srpskoj\/\",\"url\":\"https:\/\/sandzakpress.net\/arhiva\/sandzak-kao-protututeza-republici-srpskoj\/\",\"name\":\"Sand\u017eak kao protutute\u017ea Republici Srpskoj?\",\"isPartOf\":{\"@id\":\"https:\/\/sandzakpress.net\/arhiva\/#website\"},\"primaryImageOfPage\":{\"@id\":\"https:\/\/sandzakpress.net\/arhiva\/sandzak-kao-protututeza-republici-srpskoj\/#primaryimage\"},\"image\":{\"@id\":\"https:\/\/sandzakpress.net\/arhiva\/sandzak-kao-protututeza-republici-srpskoj\/#primaryimage\"},\"thumbnailUrl\":\"https:\/\/sandzakpress.net\/arhiva\/wp-content\/uploads\/2011\/07\/0202sm_ocp_w380_h300.jpg\",\"datePublished\":\"2011-07-28T13:57:46+00:00\",\"breadcrumb\":{\"@id\":\"https:\/\/sandzakpress.net\/arhiva\/sandzak-kao-protututeza-republici-srpskoj\/#breadcrumb\"},\"inLanguage\":\"bs-BA\",\"potentialAction\":[{\"@type\":\"ReadAction\",\"target\":[\"https:\/\/sandzakpress.net\/arhiva\/sandzak-kao-protututeza-republici-srpskoj\/\"]}]},{\"@type\":\"ImageObject\",\"inLanguage\":\"bs-BA\",\"@id\":\"https:\/\/sandzakpress.net\/arhiva\/sandzak-kao-protututeza-republici-srpskoj\/#primaryimage\",\"url\":\"https:\/\/sandzakpress.net\/arhiva\/wp-content\/uploads\/2011\/07\/0202sm_ocp_w380_h300.jpg\",\"contentUrl\":\"https:\/\/sandzakpress.net\/arhiva\/wp-content\/uploads\/2011\/07\/0202sm_ocp_w380_h300.jpg\",\"width\":380,\"height\":300},{\"@type\":\"BreadcrumbList\",\"@id\":\"https:\/\/sandzakpress.net\/arhiva\/sandzak-kao-protututeza-republici-srpskoj\/#breadcrumb\",\"itemListElement\":[{\"@type\":\"ListItem\",\"position\":1,\"name\":\"Home\",\"item\":\"https:\/\/sandzakpress.net\/arhiva\/\"},{\"@type\":\"ListItem\",\"position\":2,\"name\":\"Sand\u017eak kao protutute\u017ea Republici Srpskoj?\"}]},{\"@type\":\"WebSite\",\"@id\":\"https:\/\/sandzakpress.net\/arhiva\/#website\",\"url\":\"https:\/\/sandzakpress.net\/arhiva\/\",\"name\":\"Sand\u017eak PRESS\",\"description\":\"Prve elektronske novine u Sand\u017eaku\",\"publisher\":{\"@id\":\"https:\/\/sandzakpress.net\/arhiva\/#\/schema\/person\/6e72b67d6e51910a1117b3b483ba20bd\"},\"potentialAction\":[{\"@type\":\"SearchAction\",\"target\":{\"@type\":\"EntryPoint\",\"urlTemplate\":\"https:\/\/sandzakpress.net\/arhiva\/?s={search_term_string}\"},\"query-input\":{\"@type\":\"PropertyValueSpecification\",\"valueRequired\":true,\"valueName\":\"search_term_string\"}}],\"inLanguage\":\"bs-BA\"},{\"@type\":[\"Person\",\"Organization\"],\"@id\":\"https:\/\/sandzakpress.net\/arhiva\/#\/schema\/person\/6e72b67d6e51910a1117b3b483ba20bd\",\"name\":\"Kul\",\"image\":{\"@type\":\"ImageObject\",\"inLanguage\":\"bs-BA\",\"@id\":\"https:\/\/sandzakpress.net\/arhiva\/#\/schema\/person\/image\/\",\"url\":\"https:\/\/secure.gravatar.com\/avatar\/42263f39aa27ac04c43cab85c280eb2e?s=96&d=mm&r=pg\",\"contentUrl\":\"https:\/\/secure.gravatar.com\/avatar\/42263f39aa27ac04c43cab85c280eb2e?s=96&d=mm&r=pg\",\"caption\":\"Kul\"},\"logo\":{\"@id\":\"https:\/\/sandzakpress.net\/arhiva\/#\/schema\/person\/image\/\"}},{\"@type\":\"Person\",\"@id\":\"https:\/\/sandzakpress.net\/arhiva\/#\/schema\/person\/c8baee722073534b583ea7bdb2e36c02\",\"name\":\"bosniak\",\"image\":{\"@type\":\"ImageObject\",\"inLanguage\":\"bs-BA\",\"@id\":\"https:\/\/sandzakpress.net\/arhiva\/#\/schema\/person\/image\/\",\"url\":\"https:\/\/secure.gravatar.com\/avatar\/a04fd330bfe3a36a72a0ad4a6d89fca7?s=96&d=mm&r=pg\",\"contentUrl\":\"https:\/\/secure.gravatar.com\/avatar\/a04fd330bfe3a36a72a0ad4a6d89fca7?s=96&d=mm&r=pg\",\"caption\":\"bosniak\"},\"url\":\"https:\/\/sandzakpress.net\/arhiva\/author\/bosniak\/\"}]}<\/script>\n<!-- \/ Yoast SEO Premium plugin. -->","yoast_head_json":{"title":"Sand\u017eak kao protutute\u017ea Republici Srpskoj?","robots":{"index":"index","follow":"follow","max-snippet":"max-snippet:-1","max-image-preview":"max-image-preview:large","max-video-preview":"max-video-preview:-1"},"canonical":"https:\/\/sandzakpress.net\/arhiva\/sandzak-kao-protututeza-republici-srpskoj\/","og_locale":"bs_BA","og_type":"article","og_title":"Sand\u017eak kao protutute\u017ea Republici Srpskoj?","og_description":"Iznena\u0111uje me to \u0161to je kosovska vlada odlu\u010dila tek sada da uvede embargo na uvoz robe iz Srbije, a ne jo\u0161 pre nekoliko godina. Do\u0161ao sam do zaklju\u010dka da srpski zvani\u010dnici misle da je sudbina Kosova u potpunosti u njihovim rukama. Oni, me\u0111utim, zaboravljaju na to da Kosovo u stvari dr\u017ei njihovu sudbinu u svojim [&hellip;]","og_url":"https:\/\/sandzakpress.net\/arhiva\/sandzak-kao-protututeza-republici-srpskoj\/","og_site_name":"Sand\u017eak PRESS","article_published_time":"2011-07-28T13:57:46+00:00","og_image":[{"width":380,"height":300,"url":"https:\/\/sandzakpress.net\/arhiva\/wp-content\/uploads\/2011\/07\/0202sm_ocp_w380_h300.jpg","type":"image\/jpeg"}],"author":"bosniak","twitter_card":"summary_large_image","twitter_misc":{"Written by":"bosniak","Est. reading time":"4 minute"},"schema":{"@context":"https:\/\/schema.org","@graph":[{"@type":"Article","@id":"https:\/\/sandzakpress.net\/arhiva\/sandzak-kao-protututeza-republici-srpskoj\/#article","isPartOf":{"@id":"https:\/\/sandzakpress.net\/arhiva\/sandzak-kao-protututeza-republici-srpskoj\/"},"author":{"name":"bosniak","@id":"https:\/\/sandzakpress.net\/arhiva\/#\/schema\/person\/c8baee722073534b583ea7bdb2e36c02"},"headline":"Sand\u017eak kao protutute\u017ea Republici Srpskoj?","datePublished":"2011-07-28T13:57:46+00:00","mainEntityOfPage":{"@id":"https:\/\/sandzakpress.net\/arhiva\/sandzak-kao-protututeza-republici-srpskoj\/"},"wordCount":885,"commentCount":5,"publisher":{"@id":"https:\/\/sandzakpress.net\/arhiva\/#\/schema\/person\/6e72b67d6e51910a1117b3b483ba20bd"},"image":{"@id":"https:\/\/sandzakpress.net\/arhiva\/sandzak-kao-protututeza-republici-srpskoj\/#primaryimage"},"thumbnailUrl":"https:\/\/sandzakpress.net\/arhiva\/wp-content\/uploads\/2011\/07\/0202sm_ocp_w380_h300.jpg","articleSection":["Novi Pazar","Sjenica","Tutin","Prijepolje","Priboj","Nova Varo\u0161"],"inLanguage":"bs-BA","potentialAction":[{"@type":"CommentAction","name":"Comment","target":["https:\/\/sandzakpress.net\/arhiva\/sandzak-kao-protututeza-republici-srpskoj\/#respond"]}]},{"@type":"WebPage","@id":"https:\/\/sandzakpress.net\/arhiva\/sandzak-kao-protututeza-republici-srpskoj\/","url":"https:\/\/sandzakpress.net\/arhiva\/sandzak-kao-protututeza-republici-srpskoj\/","name":"Sand\u017eak kao protutute\u017ea Republici Srpskoj?","isPartOf":{"@id":"https:\/\/sandzakpress.net\/arhiva\/#website"},"primaryImageOfPage":{"@id":"https:\/\/sandzakpress.net\/arhiva\/sandzak-kao-protututeza-republici-srpskoj\/#primaryimage"},"image":{"@id":"https:\/\/sandzakpress.net\/arhiva\/sandzak-kao-protututeza-republici-srpskoj\/#primaryimage"},"thumbnailUrl":"https:\/\/sandzakpress.net\/arhiva\/wp-content\/uploads\/2011\/07\/0202sm_ocp_w380_h300.jpg","datePublished":"2011-07-28T13:57:46+00:00","breadcrumb":{"@id":"https:\/\/sandzakpress.net\/arhiva\/sandzak-kao-protututeza-republici-srpskoj\/#breadcrumb"},"inLanguage":"bs-BA","potentialAction":[{"@type":"ReadAction","target":["https:\/\/sandzakpress.net\/arhiva\/sandzak-kao-protututeza-republici-srpskoj\/"]}]},{"@type":"ImageObject","inLanguage":"bs-BA","@id":"https:\/\/sandzakpress.net\/arhiva\/sandzak-kao-protututeza-republici-srpskoj\/#primaryimage","url":"https:\/\/sandzakpress.net\/arhiva\/wp-content\/uploads\/2011\/07\/0202sm_ocp_w380_h300.jpg","contentUrl":"https:\/\/sandzakpress.net\/arhiva\/wp-content\/uploads\/2011\/07\/0202sm_ocp_w380_h300.jpg","width":380,"height":300},{"@type":"BreadcrumbList","@id":"https:\/\/sandzakpress.net\/arhiva\/sandzak-kao-protututeza-republici-srpskoj\/#breadcrumb","itemListElement":[{"@type":"ListItem","position":1,"name":"Home","item":"https:\/\/sandzakpress.net\/arhiva\/"},{"@type":"ListItem","position":2,"name":"Sand\u017eak kao protutute\u017ea Republici Srpskoj?"}]},{"@type":"WebSite","@id":"https:\/\/sandzakpress.net\/arhiva\/#website","url":"https:\/\/sandzakpress.net\/arhiva\/","name":"Sand\u017eak PRESS","description":"Prve elektronske novine u Sand\u017eaku","publisher":{"@id":"https:\/\/sandzakpress.net\/arhiva\/#\/schema\/person\/6e72b67d6e51910a1117b3b483ba20bd"},"potentialAction":[{"@type":"SearchAction","target":{"@type":"EntryPoint","urlTemplate":"https:\/\/sandzakpress.net\/arhiva\/?s={search_term_string}"},"query-input":{"@type":"PropertyValueSpecification","valueRequired":true,"valueName":"search_term_string"}}],"inLanguage":"bs-BA"},{"@type":["Person","Organization"],"@id":"https:\/\/sandzakpress.net\/arhiva\/#\/schema\/person\/6e72b67d6e51910a1117b3b483ba20bd","name":"Kul","image":{"@type":"ImageObject","inLanguage":"bs-BA","@id":"https:\/\/sandzakpress.net\/arhiva\/#\/schema\/person\/image\/","url":"https:\/\/secure.gravatar.com\/avatar\/42263f39aa27ac04c43cab85c280eb2e?s=96&d=mm&r=pg","contentUrl":"https:\/\/secure.gravatar.com\/avatar\/42263f39aa27ac04c43cab85c280eb2e?s=96&d=mm&r=pg","caption":"Kul"},"logo":{"@id":"https:\/\/sandzakpress.net\/arhiva\/#\/schema\/person\/image\/"}},{"@type":"Person","@id":"https:\/\/sandzakpress.net\/arhiva\/#\/schema\/person\/c8baee722073534b583ea7bdb2e36c02","name":"bosniak","image":{"@type":"ImageObject","inLanguage":"bs-BA","@id":"https:\/\/sandzakpress.net\/arhiva\/#\/schema\/person\/image\/","url":"https:\/\/secure.gravatar.com\/avatar\/a04fd330bfe3a36a72a0ad4a6d89fca7?s=96&d=mm&r=pg","contentUrl":"https:\/\/secure.gravatar.com\/avatar\/a04fd330bfe3a36a72a0ad4a6d89fca7?s=96&d=mm&r=pg","caption":"bosniak"},"url":"https:\/\/sandzakpress.net\/arhiva\/author\/bosniak\/"}]}},"_links":{"self":[{"href":"https:\/\/sandzakpress.net\/arhiva\/wp-json\/wp\/v2\/posts\/18120"}],"collection":[{"href":"https:\/\/sandzakpress.net\/arhiva\/wp-json\/wp\/v2\/posts"}],"about":[{"href":"https:\/\/sandzakpress.net\/arhiva\/wp-json\/wp\/v2\/types\/post"}],"author":[{"embeddable":true,"href":"https:\/\/sandzakpress.net\/arhiva\/wp-json\/wp\/v2\/users\/83"}],"replies":[{"embeddable":true,"href":"https:\/\/sandzakpress.net\/arhiva\/wp-json\/wp\/v2\/comments?post=18120"}],"version-history":[{"count":0,"href":"https:\/\/sandzakpress.net\/arhiva\/wp-json\/wp\/v2\/posts\/18120\/revisions"}],"wp:featuredmedia":[{"embeddable":true,"href":"https:\/\/sandzakpress.net\/arhiva\/wp-json\/wp\/v2\/media\/18121"}],"wp:attachment":[{"href":"https:\/\/sandzakpress.net\/arhiva\/wp-json\/wp\/v2\/media?parent=18120"}],"wp:term":[{"taxonomy":"category","embeddable":true,"href":"https:\/\/sandzakpress.net\/arhiva\/wp-json\/wp\/v2\/categories?post=18120"},{"taxonomy":"post_tag","embeddable":true,"href":"https:\/\/sandzakpress.net\/arhiva\/wp-json\/wp\/v2\/tags?post=18120"}],"curies":[{"name":"wp","href":"https:\/\/api.w.org\/{rel}","templated":true}]}}