{"id":181110,"date":"2017-03-02T15:20:57","date_gmt":"2017-03-02T14:20:57","guid":{"rendered":"https:\/\/sandzakpress.net\/arhiva\/?p=181110"},"modified":"2017-03-02T15:20:57","modified_gmt":"2017-03-02T14:20:57","slug":"sandzak-prvo-se-cula-eksplozija-a-onda-je-izgorela-kuca","status":"publish","type":"post","link":"https:\/\/sandzakpress.net\/arhiva\/sandzak-prvo-se-cula-eksplozija-a-onda-je-izgorela-kuca\/","title":{"rendered":"SAND\u017dAK &#8211; Prvo se \u010dula eksplozija, a onda je izgorela ku\u0107a"},"content":{"rendered":"<p><img decoding=\"async\" src=\"http:\/\/www.sandzaklive.rs\/images\/2\/pozar-foto-profimedia-1480513669-1047371.jpg\" alt=\"pozar foto profimedia 1480513669 1047371\" \/><\/p>\n<p><strong>U po\u017earu koji se dogodio jutros u dva sata izgorela je ku\u0107a porodice Tmu\u0161i\u0107 u prigradskom naselju Beranselo u Beranama.<\/strong><\/p>\n<p>Prema izjavama kom\u0161ija koje su dali vatrogascima i policiji po\u017earu je prethodila jaka eksplozija, nakon koje se vatra pro\u0161irila u \u010ditavom objektu.<\/p>\n<p>Na\u010delnik Slu\u017ebe za\u0161tite i spasavanja Tiho Bogavac rekao je da su vatrogasci uspeli da spre\u010de da vatra proguta krov, kao i da je sa\u010duvana jedna soba.<\/p>\n<p>&#8220;Kada nam je dojavljeno, po\u017ear je ve\u0107 bio u razbuktaloj fazi. Mi smo uspeli da spasimo koliko smo mogli i spre\u010dili dalje \u0161irenje. Policija je nakon nas ostala da obavi uvi\u0111aj i da utvr\u0111uje uzrok eksplozije i po\u017eara&#8221;, rekao je Bogavac.<\/p>\n<p>U ku\u0107i u trenutku eksplozije i po\u017eara nije bilo nikoga.<\/p>\n","protected":false},"excerpt":{"rendered":"<p>U po\u017earu koji se dogodio jutros u dva sata izgorela je ku\u0107a porodice Tmu\u0161i\u0107 u prigradskom naselju Beranselo u Beranama. Prema izjavama kom\u0161ija koje su dali vatrogascima i policiji po\u017earu je prethodila jaka eksplozija, nakon koje se vatra pro\u0161irila u \u010ditavom objektu. Na\u010delnik Slu\u017ebe za\u0161tite i spasavanja Tiho Bogavac rekao je da su vatrogasci uspeli [&hellip;]<\/p>\n","protected":false},"author":509,"featured_media":181111,"comment_status":"open","ping_status":"open","sticky":false,"template":"","format":"standard","meta":{"footnotes":""},"categories":[397,801,10429],"tags":[],"class_list":{"0":"post-181110","1":"post","2":"type-post","3":"status-publish","4":"format-standard","5":"has-post-thumbnail","7":"category-berane","8":"category-crna_hronika","9":"category-vazno"},"yoast_head":"<!-- This site is optimized with the Yoast SEO Premium plugin v23.1 (Yoast SEO v24.9) - https:\/\/yoast.com\/wordpress\/plugins\/seo\/ -->\n<title>SAND\u017dAK - Prvo se \u010dula eksplozija, a onda je izgorela ku\u0107a<\/title>\n<meta name=\"robots\" content=\"index, follow, max-snippet:-1, max-image-preview:large, max-video-preview:-1\" \/>\n<link rel=\"canonical\" href=\"https:\/\/sandzakpress.net\/arhiva\/sandzak-prvo-se-cula-eksplozija-a-onda-je-izgorela-kuca\/\" \/>\n<meta property=\"og:locale\" content=\"bs_BA\" \/>\n<meta property=\"og:type\" content=\"article\" \/>\n<meta property=\"og:title\" content=\"SAND\u017dAK - Prvo se \u010dula eksplozija, a onda je izgorela ku\u0107a\" \/>\n<meta property=\"og:description\" content=\"U po\u017earu koji se dogodio jutros u dva sata izgorela je ku\u0107a porodice Tmu\u0161i\u0107 u prigradskom naselju Beranselo u Beranama. Prema izjavama kom\u0161ija koje su dali vatrogascima i policiji po\u017earu je prethodila jaka eksplozija, nakon koje se vatra pro\u0161irila u \u010ditavom objektu. Na\u010delnik Slu\u017ebe za\u0161tite i spasavanja Tiho Bogavac rekao je da su vatrogasci uspeli [&hellip;]\" \/>\n<meta property=\"og:url\" content=\"https:\/\/sandzakpress.net\/arhiva\/sandzak-prvo-se-cula-eksplozija-a-onda-je-izgorela-kuca\/\" \/>\n<meta property=\"og:site_name\" content=\"Sand\u017eak PRESS\" \/>\n<meta property=\"article:published_time\" content=\"2017-03-02T14:20:57+00:00\" \/>\n<meta property=\"og:image\" content=\"https:\/\/sandzakpress.net\/arhiva\/wp-content\/uploads\/2017\/03\/pozar-foto-profimedia-1480513669-1047371.jpg\" \/>\n\t<meta property=\"og:image:width\" content=\"724\" \/>\n\t<meta property=\"og:image:height\" content=\"489\" \/>\n\t<meta property=\"og:image:type\" content=\"image\/jpeg\" \/>\n<meta name=\"author\" content=\"Agencija\" \/>\n<meta name=\"twitter:card\" content=\"summary_large_image\" \/>\n<meta name=\"twitter:label1\" content=\"Written by\" \/>\n\t<meta name=\"twitter:data1\" content=\"Agencija\" \/>\n\t<meta name=\"twitter:label2\" content=\"Est. reading time\" \/>\n\t<meta name=\"twitter:data2\" content=\"1 minuta\" \/>\n<script type=\"application\/ld+json\" class=\"yoast-schema-graph\">{\"@context\":\"https:\/\/schema.org\",\"@graph\":[{\"@type\":\"Article\",\"@id\":\"https:\/\/sandzakpress.net\/arhiva\/sandzak-prvo-se-cula-eksplozija-a-onda-je-izgorela-kuca\/#article\",\"isPartOf\":{\"@id\":\"https:\/\/sandzakpress.net\/arhiva\/sandzak-prvo-se-cula-eksplozija-a-onda-je-izgorela-kuca\/\"},\"author\":{\"name\":\"Agencija\",\"@id\":\"https:\/\/sandzakpress.net\/arhiva\/#\/schema\/person\/cb59d7e3ab91ab90dd680ad0305a6185\"},\"headline\":\"SAND\u017dAK &#8211; Prvo se \u010dula eksplozija, a onda je izgorela ku\u0107a\",\"datePublished\":\"2017-03-02T14:20:57+00:00\",\"mainEntityOfPage\":{\"@id\":\"https:\/\/sandzakpress.net\/arhiva\/sandzak-prvo-se-cula-eksplozija-a-onda-je-izgorela-kuca\/\"},\"wordCount\":150,\"commentCount\":0,\"publisher\":{\"@id\":\"https:\/\/sandzakpress.net\/arhiva\/#\/schema\/person\/6e72b67d6e51910a1117b3b483ba20bd\"},\"image\":{\"@id\":\"https:\/\/sandzakpress.net\/arhiva\/sandzak-prvo-se-cula-eksplozija-a-onda-je-izgorela-kuca\/#primaryimage\"},\"thumbnailUrl\":\"https:\/\/sandzakpress.net\/arhiva\/wp-content\/uploads\/2017\/03\/pozar-foto-profimedia-1480513669-1047371.jpg\",\"articleSection\":[\"Berane\",\"Hronika\",\"VA\u017dNO!\"],\"inLanguage\":\"bs-BA\",\"potentialAction\":[{\"@type\":\"CommentAction\",\"name\":\"Comment\",\"target\":[\"https:\/\/sandzakpress.net\/arhiva\/sandzak-prvo-se-cula-eksplozija-a-onda-je-izgorela-kuca\/#respond\"]}]},{\"@type\":\"WebPage\",\"@id\":\"https:\/\/sandzakpress.net\/arhiva\/sandzak-prvo-se-cula-eksplozija-a-onda-je-izgorela-kuca\/\",\"url\":\"https:\/\/sandzakpress.net\/arhiva\/sandzak-prvo-se-cula-eksplozija-a-onda-je-izgorela-kuca\/\",\"name\":\"SAND\u017dAK - Prvo se \u010dula eksplozija, a onda je izgorela ku\u0107a\",\"isPartOf\":{\"@id\":\"https:\/\/sandzakpress.net\/arhiva\/#website\"},\"primaryImageOfPage\":{\"@id\":\"https:\/\/sandzakpress.net\/arhiva\/sandzak-prvo-se-cula-eksplozija-a-onda-je-izgorela-kuca\/#primaryimage\"},\"image\":{\"@id\":\"https:\/\/sandzakpress.net\/arhiva\/sandzak-prvo-se-cula-eksplozija-a-onda-je-izgorela-kuca\/#primaryimage\"},\"thumbnailUrl\":\"https:\/\/sandzakpress.net\/arhiva\/wp-content\/uploads\/2017\/03\/pozar-foto-profimedia-1480513669-1047371.jpg\",\"datePublished\":\"2017-03-02T14:20:57+00:00\",\"breadcrumb\":{\"@id\":\"https:\/\/sandzakpress.net\/arhiva\/sandzak-prvo-se-cula-eksplozija-a-onda-je-izgorela-kuca\/#breadcrumb\"},\"inLanguage\":\"bs-BA\",\"potentialAction\":[{\"@type\":\"ReadAction\",\"target\":[\"https:\/\/sandzakpress.net\/arhiva\/sandzak-prvo-se-cula-eksplozija-a-onda-je-izgorela-kuca\/\"]}]},{\"@type\":\"ImageObject\",\"inLanguage\":\"bs-BA\",\"@id\":\"https:\/\/sandzakpress.net\/arhiva\/sandzak-prvo-se-cula-eksplozija-a-onda-je-izgorela-kuca\/#primaryimage\",\"url\":\"https:\/\/sandzakpress.net\/arhiva\/wp-content\/uploads\/2017\/03\/pozar-foto-profimedia-1480513669-1047371.jpg\",\"contentUrl\":\"https:\/\/sandzakpress.net\/arhiva\/wp-content\/uploads\/2017\/03\/pozar-foto-profimedia-1480513669-1047371.jpg\",\"width\":724,\"height\":489},{\"@type\":\"BreadcrumbList\",\"@id\":\"https:\/\/sandzakpress.net\/arhiva\/sandzak-prvo-se-cula-eksplozija-a-onda-je-izgorela-kuca\/#breadcrumb\",\"itemListElement\":[{\"@type\":\"ListItem\",\"position\":1,\"name\":\"Home\",\"item\":\"https:\/\/sandzakpress.net\/arhiva\/\"},{\"@type\":\"ListItem\",\"position\":2,\"name\":\"SAND\u017dAK &#8211; Prvo se \u010dula eksplozija, a onda je izgorela ku\u0107a\"}]},{\"@type\":\"WebSite\",\"@id\":\"https:\/\/sandzakpress.net\/arhiva\/#website\",\"url\":\"https:\/\/sandzakpress.net\/arhiva\/\",\"name\":\"Sand\u017eak PRESS\",\"description\":\"Prve elektronske novine u Sand\u017eaku\",\"publisher\":{\"@id\":\"https:\/\/sandzakpress.net\/arhiva\/#\/schema\/person\/6e72b67d6e51910a1117b3b483ba20bd\"},\"potentialAction\":[{\"@type\":\"SearchAction\",\"target\":{\"@type\":\"EntryPoint\",\"urlTemplate\":\"https:\/\/sandzakpress.net\/arhiva\/?s={search_term_string}\"},\"query-input\":{\"@type\":\"PropertyValueSpecification\",\"valueRequired\":true,\"valueName\":\"search_term_string\"}}],\"inLanguage\":\"bs-BA\"},{\"@type\":[\"Person\",\"Organization\"],\"@id\":\"https:\/\/sandzakpress.net\/arhiva\/#\/schema\/person\/6e72b67d6e51910a1117b3b483ba20bd\",\"name\":\"Kul\",\"image\":{\"@type\":\"ImageObject\",\"inLanguage\":\"bs-BA\",\"@id\":\"https:\/\/sandzakpress.net\/arhiva\/#\/schema\/person\/image\/\",\"url\":\"https:\/\/secure.gravatar.com\/avatar\/42263f39aa27ac04c43cab85c280eb2e?s=96&d=mm&r=pg\",\"contentUrl\":\"https:\/\/secure.gravatar.com\/avatar\/42263f39aa27ac04c43cab85c280eb2e?s=96&d=mm&r=pg\",\"caption\":\"Kul\"},\"logo\":{\"@id\":\"https:\/\/sandzakpress.net\/arhiva\/#\/schema\/person\/image\/\"}},{\"@type\":\"Person\",\"@id\":\"https:\/\/sandzakpress.net\/arhiva\/#\/schema\/person\/cb59d7e3ab91ab90dd680ad0305a6185\",\"name\":\"Agencija\",\"image\":{\"@type\":\"ImageObject\",\"inLanguage\":\"bs-BA\",\"@id\":\"https:\/\/sandzakpress.net\/arhiva\/#\/schema\/person\/image\/\",\"url\":\"https:\/\/secure.gravatar.com\/avatar\/4b7fafa80a22f0c2afe23966b3961fe0?s=96&d=mm&r=pg\",\"contentUrl\":\"https:\/\/secure.gravatar.com\/avatar\/4b7fafa80a22f0c2afe23966b3961fe0?s=96&d=mm&r=pg\",\"caption\":\"Agencija\"},\"url\":\"https:\/\/sandzakpress.net\/arhiva\/author\/agencija\/\"}]}<\/script>\n<!-- \/ Yoast SEO Premium plugin. -->","yoast_head_json":{"title":"SAND\u017dAK - Prvo se \u010dula eksplozija, a onda je izgorela ku\u0107a","robots":{"index":"index","follow":"follow","max-snippet":"max-snippet:-1","max-image-preview":"max-image-preview:large","max-video-preview":"max-video-preview:-1"},"canonical":"https:\/\/sandzakpress.net\/arhiva\/sandzak-prvo-se-cula-eksplozija-a-onda-je-izgorela-kuca\/","og_locale":"bs_BA","og_type":"article","og_title":"SAND\u017dAK - Prvo se \u010dula eksplozija, a onda je izgorela ku\u0107a","og_description":"U po\u017earu koji se dogodio jutros u dva sata izgorela je ku\u0107a porodice Tmu\u0161i\u0107 u prigradskom naselju Beranselo u Beranama. Prema izjavama kom\u0161ija koje su dali vatrogascima i policiji po\u017earu je prethodila jaka eksplozija, nakon koje se vatra pro\u0161irila u \u010ditavom objektu. Na\u010delnik Slu\u017ebe za\u0161tite i spasavanja Tiho Bogavac rekao je da su vatrogasci uspeli [&hellip;]","og_url":"https:\/\/sandzakpress.net\/arhiva\/sandzak-prvo-se-cula-eksplozija-a-onda-je-izgorela-kuca\/","og_site_name":"Sand\u017eak PRESS","article_published_time":"2017-03-02T14:20:57+00:00","og_image":[{"width":724,"height":489,"url":"https:\/\/sandzakpress.net\/arhiva\/wp-content\/uploads\/2017\/03\/pozar-foto-profimedia-1480513669-1047371.jpg","type":"image\/jpeg"}],"author":"Agencija","twitter_card":"summary_large_image","twitter_misc":{"Written by":"Agencija","Est. reading time":"1 minuta"},"schema":{"@context":"https:\/\/schema.org","@graph":[{"@type":"Article","@id":"https:\/\/sandzakpress.net\/arhiva\/sandzak-prvo-se-cula-eksplozija-a-onda-je-izgorela-kuca\/#article","isPartOf":{"@id":"https:\/\/sandzakpress.net\/arhiva\/sandzak-prvo-se-cula-eksplozija-a-onda-je-izgorela-kuca\/"},"author":{"name":"Agencija","@id":"https:\/\/sandzakpress.net\/arhiva\/#\/schema\/person\/cb59d7e3ab91ab90dd680ad0305a6185"},"headline":"SAND\u017dAK &#8211; Prvo se \u010dula eksplozija, a onda je izgorela ku\u0107a","datePublished":"2017-03-02T14:20:57+00:00","mainEntityOfPage":{"@id":"https:\/\/sandzakpress.net\/arhiva\/sandzak-prvo-se-cula-eksplozija-a-onda-je-izgorela-kuca\/"},"wordCount":150,"commentCount":0,"publisher":{"@id":"https:\/\/sandzakpress.net\/arhiva\/#\/schema\/person\/6e72b67d6e51910a1117b3b483ba20bd"},"image":{"@id":"https:\/\/sandzakpress.net\/arhiva\/sandzak-prvo-se-cula-eksplozija-a-onda-je-izgorela-kuca\/#primaryimage"},"thumbnailUrl":"https:\/\/sandzakpress.net\/arhiva\/wp-content\/uploads\/2017\/03\/pozar-foto-profimedia-1480513669-1047371.jpg","articleSection":["Berane","Hronika","VA\u017dNO!"],"inLanguage":"bs-BA","potentialAction":[{"@type":"CommentAction","name":"Comment","target":["https:\/\/sandzakpress.net\/arhiva\/sandzak-prvo-se-cula-eksplozija-a-onda-je-izgorela-kuca\/#respond"]}]},{"@type":"WebPage","@id":"https:\/\/sandzakpress.net\/arhiva\/sandzak-prvo-se-cula-eksplozija-a-onda-je-izgorela-kuca\/","url":"https:\/\/sandzakpress.net\/arhiva\/sandzak-prvo-se-cula-eksplozija-a-onda-je-izgorela-kuca\/","name":"SAND\u017dAK - Prvo se \u010dula eksplozija, a onda je izgorela ku\u0107a","isPartOf":{"@id":"https:\/\/sandzakpress.net\/arhiva\/#website"},"primaryImageOfPage":{"@id":"https:\/\/sandzakpress.net\/arhiva\/sandzak-prvo-se-cula-eksplozija-a-onda-je-izgorela-kuca\/#primaryimage"},"image":{"@id":"https:\/\/sandzakpress.net\/arhiva\/sandzak-prvo-se-cula-eksplozija-a-onda-je-izgorela-kuca\/#primaryimage"},"thumbnailUrl":"https:\/\/sandzakpress.net\/arhiva\/wp-content\/uploads\/2017\/03\/pozar-foto-profimedia-1480513669-1047371.jpg","datePublished":"2017-03-02T14:20:57+00:00","breadcrumb":{"@id":"https:\/\/sandzakpress.net\/arhiva\/sandzak-prvo-se-cula-eksplozija-a-onda-je-izgorela-kuca\/#breadcrumb"},"inLanguage":"bs-BA","potentialAction":[{"@type":"ReadAction","target":["https:\/\/sandzakpress.net\/arhiva\/sandzak-prvo-se-cula-eksplozija-a-onda-je-izgorela-kuca\/"]}]},{"@type":"ImageObject","inLanguage":"bs-BA","@id":"https:\/\/sandzakpress.net\/arhiva\/sandzak-prvo-se-cula-eksplozija-a-onda-je-izgorela-kuca\/#primaryimage","url":"https:\/\/sandzakpress.net\/arhiva\/wp-content\/uploads\/2017\/03\/pozar-foto-profimedia-1480513669-1047371.jpg","contentUrl":"https:\/\/sandzakpress.net\/arhiva\/wp-content\/uploads\/2017\/03\/pozar-foto-profimedia-1480513669-1047371.jpg","width":724,"height":489},{"@type":"BreadcrumbList","@id":"https:\/\/sandzakpress.net\/arhiva\/sandzak-prvo-se-cula-eksplozija-a-onda-je-izgorela-kuca\/#breadcrumb","itemListElement":[{"@type":"ListItem","position":1,"name":"Home","item":"https:\/\/sandzakpress.net\/arhiva\/"},{"@type":"ListItem","position":2,"name":"SAND\u017dAK &#8211; Prvo se \u010dula eksplozija, a onda je izgorela ku\u0107a"}]},{"@type":"WebSite","@id":"https:\/\/sandzakpress.net\/arhiva\/#website","url":"https:\/\/sandzakpress.net\/arhiva\/","name":"Sand\u017eak PRESS","description":"Prve elektronske novine u Sand\u017eaku","publisher":{"@id":"https:\/\/sandzakpress.net\/arhiva\/#\/schema\/person\/6e72b67d6e51910a1117b3b483ba20bd"},"potentialAction":[{"@type":"SearchAction","target":{"@type":"EntryPoint","urlTemplate":"https:\/\/sandzakpress.net\/arhiva\/?s={search_term_string}"},"query-input":{"@type":"PropertyValueSpecification","valueRequired":true,"valueName":"search_term_string"}}],"inLanguage":"bs-BA"},{"@type":["Person","Organization"],"@id":"https:\/\/sandzakpress.net\/arhiva\/#\/schema\/person\/6e72b67d6e51910a1117b3b483ba20bd","name":"Kul","image":{"@type":"ImageObject","inLanguage":"bs-BA","@id":"https:\/\/sandzakpress.net\/arhiva\/#\/schema\/person\/image\/","url":"https:\/\/secure.gravatar.com\/avatar\/42263f39aa27ac04c43cab85c280eb2e?s=96&d=mm&r=pg","contentUrl":"https:\/\/secure.gravatar.com\/avatar\/42263f39aa27ac04c43cab85c280eb2e?s=96&d=mm&r=pg","caption":"Kul"},"logo":{"@id":"https:\/\/sandzakpress.net\/arhiva\/#\/schema\/person\/image\/"}},{"@type":"Person","@id":"https:\/\/sandzakpress.net\/arhiva\/#\/schema\/person\/cb59d7e3ab91ab90dd680ad0305a6185","name":"Agencija","image":{"@type":"ImageObject","inLanguage":"bs-BA","@id":"https:\/\/sandzakpress.net\/arhiva\/#\/schema\/person\/image\/","url":"https:\/\/secure.gravatar.com\/avatar\/4b7fafa80a22f0c2afe23966b3961fe0?s=96&d=mm&r=pg","contentUrl":"https:\/\/secure.gravatar.com\/avatar\/4b7fafa80a22f0c2afe23966b3961fe0?s=96&d=mm&r=pg","caption":"Agencija"},"url":"https:\/\/sandzakpress.net\/arhiva\/author\/agencija\/"}]}},"_links":{"self":[{"href":"https:\/\/sandzakpress.net\/arhiva\/wp-json\/wp\/v2\/posts\/181110"}],"collection":[{"href":"https:\/\/sandzakpress.net\/arhiva\/wp-json\/wp\/v2\/posts"}],"about":[{"href":"https:\/\/sandzakpress.net\/arhiva\/wp-json\/wp\/v2\/types\/post"}],"author":[{"embeddable":true,"href":"https:\/\/sandzakpress.net\/arhiva\/wp-json\/wp\/v2\/users\/509"}],"replies":[{"embeddable":true,"href":"https:\/\/sandzakpress.net\/arhiva\/wp-json\/wp\/v2\/comments?post=181110"}],"version-history":[{"count":0,"href":"https:\/\/sandzakpress.net\/arhiva\/wp-json\/wp\/v2\/posts\/181110\/revisions"}],"wp:featuredmedia":[{"embeddable":true,"href":"https:\/\/sandzakpress.net\/arhiva\/wp-json\/wp\/v2\/media\/181111"}],"wp:attachment":[{"href":"https:\/\/sandzakpress.net\/arhiva\/wp-json\/wp\/v2\/media?parent=181110"}],"wp:term":[{"taxonomy":"category","embeddable":true,"href":"https:\/\/sandzakpress.net\/arhiva\/wp-json\/wp\/v2\/categories?post=181110"},{"taxonomy":"post_tag","embeddable":true,"href":"https:\/\/sandzakpress.net\/arhiva\/wp-json\/wp\/v2\/tags?post=181110"}],"curies":[{"name":"wp","href":"https:\/\/api.w.org\/{rel}","templated":true}]}}