{"id":18095,"date":"2011-07-28T14:16:32","date_gmt":"2011-07-28T12:16:32","guid":{"rendered":"https:\/\/sandzakpress.net\/arhiva\/?p=18095"},"modified":"2011-07-28T21:51:39","modified_gmt":"2011-07-28T19:51:39","slug":"tajni-viteski-red-templara-osnovan-2002-ima-zadatakprotjerati-islam-iz-evrope","status":"publish","type":"post","link":"https:\/\/sandzakpress.net\/arhiva\/tajni-viteski-red-templara-osnovan-2002-ima-zadatakprotjerati-islam-iz-evrope\/","title":{"rendered":"Tajni Vite\u0161ki red Templara, osnovan 2002., ima zadatak protjerati islam iz Evrope?!"},"content":{"rendered":"<p><strong><a href=\"https:\/\/sandzakpress.net\/arhiva\/wp-content\/uploads\/2011\/07\/1ac7f6b3af5a95e61d29062a7294350f.jpg\"><img loading=\"lazy\" decoding=\"async\" class=\"alignleft size-full wp-image-18096\" src=\"https:\/\/sandzakpress.net\/arhiva\/wp-content\/uploads\/2011\/07\/1ac7f6b3af5a95e61d29062a7294350f.jpg\" alt=\"\" width=\"180\" height=\"220\" \/><\/a>Evropa &#8211; Trenutno se provjerava je li Breivik &#8220;usamljeni vuk&#8221; ili \u010dlan desni\u010darske organizacije, prenio je Reuters<\/strong><\/p>\n<p>Na tajnoj lokaciji u Londonu aprila 2002. godine devet pripadnika  ekstremne desnice okupilo se da bi osnovali Vite\u0161ki red templara Evrope,  malu panevropsku grupu kojoj je cilj da osvoju politi\u010dku vlast i  protjera islam sa evropskog kontinenta.<\/p>\n<p>Devet godina kasnije, jedan od te devetorice koji je prisustvoao  sastanku, izvr\u0161io je masakr kakav Norve\u0161ka nije vidila do sada ubiv\u0161i  najmanje 76 osoba.<\/p>\n<p>U\u010desnik i iz Srbije<\/p>\n<p>To je verzija doga\u0111aja o kojoj bi se moglo govoriti na osnovu  manifesta na 1.500 strana, koji je napisao Anders Bering Breivik, dok  bezbjednosne slu\u017ebe \u0161irom Evrope poku\u0161avaju da utvrde da li je Breivik  zaista \u010dlan desni\u010darske organizacije koja je planirala razne nasilne  akcije ili je on &#8220;usamljeni vuk&#8221; ili pak \u010dovjek koji \u017eivi u svojim  fantazijama, prenio je Reuters.<\/p>\n<p>Eskperti ka\u017eu da nema dokaza koji bi sugerisali da Vite\u0161ki red  templara Evrope zaista postoji i da su se oni zaista sastali u Londonu,  ali da bi bilo pogre\u0161no zanemariti u potpunosti \u010ditavu stvar.<\/p>\n<p>&#8220;\u010cak iako pogrije\u0161imo, iz mjera predostro\u017enosti, na njih treba  obratiti pa\u017enju bez obzira \u0161to su mali i u centru pa\u017eenje javnosti&#8221;,  izjavio je Martin Feldman, koji se nalazi na \u010delu istra\u017eiva\u010dke grupe  koja se bavi radikalizmom i novim medijima na Univerzitetu Nordempton.<\/p>\n<p>U svom manifestu, Breivik je napisao da su vite\u0161ki templari ponovo  &#8220;o\u017eivili&#8221; da bi se borili protiv evropskog d\u017eihada koji je u toku.<\/p>\n<p>Prema njegovim tvrdnjama, doma\u0107in tajnog sastanka je bio &#8220;engleski  protestant&#8221;, a u\u010destvovali su \u010dlanovi iz Francuske, Njema\u010dke, Gr\u010dke,  Rusije, Srbije, jo\u0161 jedan \u010dlan iz Engleske, dok \u010dlanovi iz \u0160vedske,  Belgije i &#8220;evropski Amerikanci&#8221; nisu bili u mogu\u0107nosti da prisustvuju.<\/p>\n<p>&#8220;Na\u0161 primarni cilj je da razvijemo PCCTS (Red siroma\u0161nih vitezova  Krista i Solomonovog hrama) i da vite\u0161ki templari postanu  najkonzervativniji revolucionarni pokret u zapadnoj Evropi u narednih  nekoliko godina&#8221;, napisao je Breivik.<\/p>\n<p>Breivikov advokat je  izjavio ju\u010de da je njegov klijent vjerovatno lud, dok je Feldman istakao  da bi, iako se ne zna da li se sastanak u Lonodnu ikada dogodio,  trebalo istra\u017eiti Breivikove tvrdnje o postojanju drugih \u0107elija u  Norve\u0161koj i \u0161irom Evrope.<\/p>\n<p>Britansko ministarstvo unutra\u0161njih poslova je navelo da nema  evidenciju o Breivikovom kretanju, dok su bezbjednosne slu\u017ebe u Blegiji,  \u0160vedskoj i drugim zemljama koje je pomenuo Breivik saop\u0161tile da vr\u0161e  provjere, ali da nisu prona\u0161le dokaze o postojanju veze sa  Norve\u017eaninom.<\/p>\n<p>\u010cak i da je Vite\u0161ki red templara Evrope osnovan 2002. godine, prema  mi\u0161ljenju Richarda Englisha iz Centra za prou\u010davanje terorizma i  politi\u010dkog nasilja sa Univerziteta St. Andrews u \u0160kotskoj, u ovom  momentu se ne mo\u017ee sa sigurno\u0161\u0107u govoriti o postojanju vi\u0161e \u0107elija te  organizacije.<\/p>\n<p>Ukoliko se uspostavi da Breivikova organizacija zaista postoji,  sna\u017ean kandidat za bazu te organizacije je Britanija, a veza bi mogla da  bude Engleska odbrambena liga (EDL), populisti\u010dka antiislamska grupa,  koja za sebe ka\u017ee da nije rasisti\u010dka, ali koja je organizovala  mnogobrojne proteste koji su se zav\u0161ili nasiljem.<\/p>\n<p>&#8220;Pitam se ponekad da li je jedan od osniva\u010da EDL bio i suosniva\u010d  PCCTS, pretpostavljam da nikada ne\u0107u sigurno znati&#8221;, napisao je Breivik.<\/p>\n<p>U saop\u0161tenju na svom veb sajtu EDL je, me\u0111utim, porekao bilo kakvu  zvani\u010dnu vezu sa Breivikom i naveo da ih je on u svom manifestu  kritikovao.<\/p>\n<p>Usamljeni vukovi<\/p>\n<p>&#8220;Nikada nisam upoznao tog \u010dovjeka&#8230; nikada ni\u0161ta nisam radio sa njim&#8221;, izjavio je osniva\u010d EDL Steven Lennon.<\/p>\n<p>Druga desni\u010darska grupa Zaustaviti islamizaciju Evrope (SIOE) sumnja u  postojanje Vite\u0161kog reda templara Evrope, dok u britanskoj policiji  ka\u017eu da je broj desni\u010darskih pokreta u porastu, ali da oni nemaju  organizovanu strukturu, a njihovi \u010dalnovi \u010desto djeluju kao &#8220;usmanjeni  vukovi&#8221;.<\/p>\n<p>Izvor :<strong> IslamBosna.ba<\/strong><\/p>\n","protected":false},"excerpt":{"rendered":"<p>Evropa &#8211; Trenutno se provjerava je li Breivik &#8220;usamljeni vuk&#8221; ili \u010dlan desni\u010darske organizacije, prenio je Reuters Na tajnoj lokaciji u Londonu aprila 2002. godine devet pripadnika ekstremne desnice okupilo se da bi osnovali Vite\u0161ki red templara Evrope, malu panevropsku grupu kojoj je cilj da osvoju politi\u010dku vlast i protjera islam sa evropskog kontinenta. Devet [&hellip;]<\/p>\n","protected":false},"author":13,"featured_media":18096,"comment_status":"open","ping_status":"open","sticky":false,"template":"","format":"standard","meta":{"footnotes":""},"categories":[9],"tags":[],"class_list":{"0":"post-18095","1":"post","2":"type-post","3":"status-publish","4":"format-standard","5":"has-post-thumbnail","7":"category-svijet"},"yoast_head":"<!-- This site is optimized with the Yoast SEO Premium plugin v23.1 (Yoast SEO v24.9) - https:\/\/yoast.com\/wordpress\/plugins\/seo\/ -->\n<title>Tajni Vite\u0161ki red Templara, osnovan 2002., ima zadatak protjerati islam iz Evrope?!<\/title>\n<meta name=\"robots\" content=\"index, follow, max-snippet:-1, max-image-preview:large, max-video-preview:-1\" \/>\n<link rel=\"canonical\" href=\"https:\/\/sandzakpress.net\/arhiva\/tajni-viteski-red-templara-osnovan-2002-ima-zadatakprotjerati-islam-iz-evrope\/\" \/>\n<meta property=\"og:locale\" content=\"bs_BA\" \/>\n<meta property=\"og:type\" content=\"article\" \/>\n<meta property=\"og:title\" content=\"Tajni Vite\u0161ki red Templara, osnovan 2002., ima zadatak protjerati islam iz Evrope?!\" \/>\n<meta property=\"og:description\" content=\"Evropa &#8211; Trenutno se provjerava je li Breivik &#8220;usamljeni vuk&#8221; ili \u010dlan desni\u010darske organizacije, prenio je Reuters Na tajnoj lokaciji u Londonu aprila 2002. godine devet pripadnika ekstremne desnice okupilo se da bi osnovali Vite\u0161ki red templara Evrope, malu panevropsku grupu kojoj je cilj da osvoju politi\u010dku vlast i protjera islam sa evropskog kontinenta. Devet [&hellip;]\" \/>\n<meta property=\"og:url\" content=\"https:\/\/sandzakpress.net\/arhiva\/tajni-viteski-red-templara-osnovan-2002-ima-zadatakprotjerati-islam-iz-evrope\/\" \/>\n<meta property=\"og:site_name\" content=\"Sand\u017eak PRESS\" \/>\n<meta property=\"article:published_time\" content=\"2011-07-28T12:16:32+00:00\" \/>\n<meta property=\"article:modified_time\" content=\"2011-07-28T19:51:39+00:00\" \/>\n<meta property=\"og:image\" content=\"https:\/\/sandzakpress.net\/arhiva\/wp-content\/uploads\/2011\/07\/1ac7f6b3af5a95e61d29062a7294350f.jpg\" \/>\n\t<meta property=\"og:image:width\" content=\"180\" \/>\n\t<meta property=\"og:image:height\" content=\"220\" \/>\n\t<meta property=\"og:image:type\" content=\"image\/jpeg\" \/>\n<meta name=\"twitter:card\" content=\"summary_large_image\" \/>\n<meta name=\"twitter:label1\" content=\"Written by\" \/>\n\t<meta name=\"twitter:data1\" content=\"\" \/>\n\t<meta name=\"twitter:label2\" content=\"Est. reading time\" \/>\n\t<meta name=\"twitter:data2\" content=\"3 minute\" \/>\n<script type=\"application\/ld+json\" class=\"yoast-schema-graph\">{\"@context\":\"https:\/\/schema.org\",\"@graph\":[{\"@type\":\"Article\",\"@id\":\"https:\/\/sandzakpress.net\/arhiva\/tajni-viteski-red-templara-osnovan-2002-ima-zadatakprotjerati-islam-iz-evrope\/#article\",\"isPartOf\":{\"@id\":\"https:\/\/sandzakpress.net\/arhiva\/tajni-viteski-red-templara-osnovan-2002-ima-zadatakprotjerati-islam-iz-evrope\/\"},\"author\":{\"name\":\"\",\"@id\":\"\"},\"headline\":\"Tajni Vite\u0161ki red Templara, osnovan 2002., ima zadatak protjerati islam iz Evrope?!\",\"datePublished\":\"2011-07-28T12:16:32+00:00\",\"dateModified\":\"2011-07-28T19:51:39+00:00\",\"mainEntityOfPage\":{\"@id\":\"https:\/\/sandzakpress.net\/arhiva\/tajni-viteski-red-templara-osnovan-2002-ima-zadatakprotjerati-islam-iz-evrope\/\"},\"wordCount\":665,\"commentCount\":0,\"publisher\":{\"@id\":\"https:\/\/sandzakpress.net\/arhiva\/#\/schema\/person\/6e72b67d6e51910a1117b3b483ba20bd\"},\"image\":{\"@id\":\"https:\/\/sandzakpress.net\/arhiva\/tajni-viteski-red-templara-osnovan-2002-ima-zadatakprotjerati-islam-iz-evrope\/#primaryimage\"},\"thumbnailUrl\":\"https:\/\/sandzakpress.net\/arhiva\/wp-content\/uploads\/2011\/07\/1ac7f6b3af5a95e61d29062a7294350f.jpg\",\"articleSection\":[\"Svijet\"],\"inLanguage\":\"bs-BA\",\"potentialAction\":[{\"@type\":\"CommentAction\",\"name\":\"Comment\",\"target\":[\"https:\/\/sandzakpress.net\/arhiva\/tajni-viteski-red-templara-osnovan-2002-ima-zadatakprotjerati-islam-iz-evrope\/#respond\"]}]},{\"@type\":\"WebPage\",\"@id\":\"https:\/\/sandzakpress.net\/arhiva\/tajni-viteski-red-templara-osnovan-2002-ima-zadatakprotjerati-islam-iz-evrope\/\",\"url\":\"https:\/\/sandzakpress.net\/arhiva\/tajni-viteski-red-templara-osnovan-2002-ima-zadatakprotjerati-islam-iz-evrope\/\",\"name\":\"Tajni Vite\u0161ki red Templara, osnovan 2002., ima zadatak protjerati islam iz Evrope?!\",\"isPartOf\":{\"@id\":\"https:\/\/sandzakpress.net\/arhiva\/#website\"},\"primaryImageOfPage\":{\"@id\":\"https:\/\/sandzakpress.net\/arhiva\/tajni-viteski-red-templara-osnovan-2002-ima-zadatakprotjerati-islam-iz-evrope\/#primaryimage\"},\"image\":{\"@id\":\"https:\/\/sandzakpress.net\/arhiva\/tajni-viteski-red-templara-osnovan-2002-ima-zadatakprotjerati-islam-iz-evrope\/#primaryimage\"},\"thumbnailUrl\":\"https:\/\/sandzakpress.net\/arhiva\/wp-content\/uploads\/2011\/07\/1ac7f6b3af5a95e61d29062a7294350f.jpg\",\"datePublished\":\"2011-07-28T12:16:32+00:00\",\"dateModified\":\"2011-07-28T19:51:39+00:00\",\"breadcrumb\":{\"@id\":\"https:\/\/sandzakpress.net\/arhiva\/tajni-viteski-red-templara-osnovan-2002-ima-zadatakprotjerati-islam-iz-evrope\/#breadcrumb\"},\"inLanguage\":\"bs-BA\",\"potentialAction\":[{\"@type\":\"ReadAction\",\"target\":[\"https:\/\/sandzakpress.net\/arhiva\/tajni-viteski-red-templara-osnovan-2002-ima-zadatakprotjerati-islam-iz-evrope\/\"]}]},{\"@type\":\"ImageObject\",\"inLanguage\":\"bs-BA\",\"@id\":\"https:\/\/sandzakpress.net\/arhiva\/tajni-viteski-red-templara-osnovan-2002-ima-zadatakprotjerati-islam-iz-evrope\/#primaryimage\",\"url\":\"https:\/\/sandzakpress.net\/arhiva\/wp-content\/uploads\/2011\/07\/1ac7f6b3af5a95e61d29062a7294350f.jpg\",\"contentUrl\":\"https:\/\/sandzakpress.net\/arhiva\/wp-content\/uploads\/2011\/07\/1ac7f6b3af5a95e61d29062a7294350f.jpg\",\"width\":180,\"height\":220},{\"@type\":\"BreadcrumbList\",\"@id\":\"https:\/\/sandzakpress.net\/arhiva\/tajni-viteski-red-templara-osnovan-2002-ima-zadatakprotjerati-islam-iz-evrope\/#breadcrumb\",\"itemListElement\":[{\"@type\":\"ListItem\",\"position\":1,\"name\":\"Home\",\"item\":\"https:\/\/sandzakpress.net\/arhiva\/\"},{\"@type\":\"ListItem\",\"position\":2,\"name\":\"Tajni Vite\u0161ki red Templara, osnovan 2002., ima zadatak protjerati islam iz Evrope?!\"}]},{\"@type\":\"WebSite\",\"@id\":\"https:\/\/sandzakpress.net\/arhiva\/#website\",\"url\":\"https:\/\/sandzakpress.net\/arhiva\/\",\"name\":\"Sand\u017eak PRESS\",\"description\":\"Prve elektronske novine u Sand\u017eaku\",\"publisher\":{\"@id\":\"https:\/\/sandzakpress.net\/arhiva\/#\/schema\/person\/6e72b67d6e51910a1117b3b483ba20bd\"},\"potentialAction\":[{\"@type\":\"SearchAction\",\"target\":{\"@type\":\"EntryPoint\",\"urlTemplate\":\"https:\/\/sandzakpress.net\/arhiva\/?s={search_term_string}\"},\"query-input\":{\"@type\":\"PropertyValueSpecification\",\"valueRequired\":true,\"valueName\":\"search_term_string\"}}],\"inLanguage\":\"bs-BA\"},{\"@type\":[\"Person\",\"Organization\"],\"@id\":\"https:\/\/sandzakpress.net\/arhiva\/#\/schema\/person\/6e72b67d6e51910a1117b3b483ba20bd\",\"name\":\"Kul\",\"image\":{\"@type\":\"ImageObject\",\"inLanguage\":\"bs-BA\",\"@id\":\"https:\/\/sandzakpress.net\/arhiva\/#\/schema\/person\/image\/\",\"url\":\"https:\/\/secure.gravatar.com\/avatar\/42263f39aa27ac04c43cab85c280eb2e?s=96&d=mm&r=pg\",\"contentUrl\":\"https:\/\/secure.gravatar.com\/avatar\/42263f39aa27ac04c43cab85c280eb2e?s=96&d=mm&r=pg\",\"caption\":\"Kul\"},\"logo\":{\"@id\":\"https:\/\/sandzakpress.net\/arhiva\/#\/schema\/person\/image\/\"}},{\"@type\":\"Person\",\"@id\":\"\",\"url\":\"https:\/\/sandzakpress.net\/arhiva\/author\/\"}]}<\/script>\n<!-- \/ Yoast SEO Premium plugin. -->","yoast_head_json":{"title":"Tajni Vite\u0161ki red Templara, osnovan 2002., ima zadatak protjerati islam iz Evrope?!","robots":{"index":"index","follow":"follow","max-snippet":"max-snippet:-1","max-image-preview":"max-image-preview:large","max-video-preview":"max-video-preview:-1"},"canonical":"https:\/\/sandzakpress.net\/arhiva\/tajni-viteski-red-templara-osnovan-2002-ima-zadatakprotjerati-islam-iz-evrope\/","og_locale":"bs_BA","og_type":"article","og_title":"Tajni Vite\u0161ki red Templara, osnovan 2002., ima zadatak protjerati islam iz Evrope?!","og_description":"Evropa &#8211; Trenutno se provjerava je li Breivik &#8220;usamljeni vuk&#8221; ili \u010dlan desni\u010darske organizacije, prenio je Reuters Na tajnoj lokaciji u Londonu aprila 2002. godine devet pripadnika ekstremne desnice okupilo se da bi osnovali Vite\u0161ki red templara Evrope, malu panevropsku grupu kojoj je cilj da osvoju politi\u010dku vlast i protjera islam sa evropskog kontinenta. Devet [&hellip;]","og_url":"https:\/\/sandzakpress.net\/arhiva\/tajni-viteski-red-templara-osnovan-2002-ima-zadatakprotjerati-islam-iz-evrope\/","og_site_name":"Sand\u017eak PRESS","article_published_time":"2011-07-28T12:16:32+00:00","article_modified_time":"2011-07-28T19:51:39+00:00","og_image":[{"width":180,"height":220,"url":"https:\/\/sandzakpress.net\/arhiva\/wp-content\/uploads\/2011\/07\/1ac7f6b3af5a95e61d29062a7294350f.jpg","type":"image\/jpeg"}],"twitter_card":"summary_large_image","twitter_misc":{"Written by":"","Est. reading time":"3 minute"},"schema":{"@context":"https:\/\/schema.org","@graph":[{"@type":"Article","@id":"https:\/\/sandzakpress.net\/arhiva\/tajni-viteski-red-templara-osnovan-2002-ima-zadatakprotjerati-islam-iz-evrope\/#article","isPartOf":{"@id":"https:\/\/sandzakpress.net\/arhiva\/tajni-viteski-red-templara-osnovan-2002-ima-zadatakprotjerati-islam-iz-evrope\/"},"author":{"name":"","@id":""},"headline":"Tajni Vite\u0161ki red Templara, osnovan 2002., ima zadatak protjerati islam iz Evrope?!","datePublished":"2011-07-28T12:16:32+00:00","dateModified":"2011-07-28T19:51:39+00:00","mainEntityOfPage":{"@id":"https:\/\/sandzakpress.net\/arhiva\/tajni-viteski-red-templara-osnovan-2002-ima-zadatakprotjerati-islam-iz-evrope\/"},"wordCount":665,"commentCount":0,"publisher":{"@id":"https:\/\/sandzakpress.net\/arhiva\/#\/schema\/person\/6e72b67d6e51910a1117b3b483ba20bd"},"image":{"@id":"https:\/\/sandzakpress.net\/arhiva\/tajni-viteski-red-templara-osnovan-2002-ima-zadatakprotjerati-islam-iz-evrope\/#primaryimage"},"thumbnailUrl":"https:\/\/sandzakpress.net\/arhiva\/wp-content\/uploads\/2011\/07\/1ac7f6b3af5a95e61d29062a7294350f.jpg","articleSection":["Svijet"],"inLanguage":"bs-BA","potentialAction":[{"@type":"CommentAction","name":"Comment","target":["https:\/\/sandzakpress.net\/arhiva\/tajni-viteski-red-templara-osnovan-2002-ima-zadatakprotjerati-islam-iz-evrope\/#respond"]}]},{"@type":"WebPage","@id":"https:\/\/sandzakpress.net\/arhiva\/tajni-viteski-red-templara-osnovan-2002-ima-zadatakprotjerati-islam-iz-evrope\/","url":"https:\/\/sandzakpress.net\/arhiva\/tajni-viteski-red-templara-osnovan-2002-ima-zadatakprotjerati-islam-iz-evrope\/","name":"Tajni Vite\u0161ki red Templara, osnovan 2002., ima zadatak protjerati islam iz Evrope?!","isPartOf":{"@id":"https:\/\/sandzakpress.net\/arhiva\/#website"},"primaryImageOfPage":{"@id":"https:\/\/sandzakpress.net\/arhiva\/tajni-viteski-red-templara-osnovan-2002-ima-zadatakprotjerati-islam-iz-evrope\/#primaryimage"},"image":{"@id":"https:\/\/sandzakpress.net\/arhiva\/tajni-viteski-red-templara-osnovan-2002-ima-zadatakprotjerati-islam-iz-evrope\/#primaryimage"},"thumbnailUrl":"https:\/\/sandzakpress.net\/arhiva\/wp-content\/uploads\/2011\/07\/1ac7f6b3af5a95e61d29062a7294350f.jpg","datePublished":"2011-07-28T12:16:32+00:00","dateModified":"2011-07-28T19:51:39+00:00","breadcrumb":{"@id":"https:\/\/sandzakpress.net\/arhiva\/tajni-viteski-red-templara-osnovan-2002-ima-zadatakprotjerati-islam-iz-evrope\/#breadcrumb"},"inLanguage":"bs-BA","potentialAction":[{"@type":"ReadAction","target":["https:\/\/sandzakpress.net\/arhiva\/tajni-viteski-red-templara-osnovan-2002-ima-zadatakprotjerati-islam-iz-evrope\/"]}]},{"@type":"ImageObject","inLanguage":"bs-BA","@id":"https:\/\/sandzakpress.net\/arhiva\/tajni-viteski-red-templara-osnovan-2002-ima-zadatakprotjerati-islam-iz-evrope\/#primaryimage","url":"https:\/\/sandzakpress.net\/arhiva\/wp-content\/uploads\/2011\/07\/1ac7f6b3af5a95e61d29062a7294350f.jpg","contentUrl":"https:\/\/sandzakpress.net\/arhiva\/wp-content\/uploads\/2011\/07\/1ac7f6b3af5a95e61d29062a7294350f.jpg","width":180,"height":220},{"@type":"BreadcrumbList","@id":"https:\/\/sandzakpress.net\/arhiva\/tajni-viteski-red-templara-osnovan-2002-ima-zadatakprotjerati-islam-iz-evrope\/#breadcrumb","itemListElement":[{"@type":"ListItem","position":1,"name":"Home","item":"https:\/\/sandzakpress.net\/arhiva\/"},{"@type":"ListItem","position":2,"name":"Tajni Vite\u0161ki red Templara, osnovan 2002., ima zadatak protjerati islam iz Evrope?!"}]},{"@type":"WebSite","@id":"https:\/\/sandzakpress.net\/arhiva\/#website","url":"https:\/\/sandzakpress.net\/arhiva\/","name":"Sand\u017eak PRESS","description":"Prve elektronske novine u Sand\u017eaku","publisher":{"@id":"https:\/\/sandzakpress.net\/arhiva\/#\/schema\/person\/6e72b67d6e51910a1117b3b483ba20bd"},"potentialAction":[{"@type":"SearchAction","target":{"@type":"EntryPoint","urlTemplate":"https:\/\/sandzakpress.net\/arhiva\/?s={search_term_string}"},"query-input":{"@type":"PropertyValueSpecification","valueRequired":true,"valueName":"search_term_string"}}],"inLanguage":"bs-BA"},{"@type":["Person","Organization"],"@id":"https:\/\/sandzakpress.net\/arhiva\/#\/schema\/person\/6e72b67d6e51910a1117b3b483ba20bd","name":"Kul","image":{"@type":"ImageObject","inLanguage":"bs-BA","@id":"https:\/\/sandzakpress.net\/arhiva\/#\/schema\/person\/image\/","url":"https:\/\/secure.gravatar.com\/avatar\/42263f39aa27ac04c43cab85c280eb2e?s=96&d=mm&r=pg","contentUrl":"https:\/\/secure.gravatar.com\/avatar\/42263f39aa27ac04c43cab85c280eb2e?s=96&d=mm&r=pg","caption":"Kul"},"logo":{"@id":"https:\/\/sandzakpress.net\/arhiva\/#\/schema\/person\/image\/"}},{"@type":"Person","@id":"","url":"https:\/\/sandzakpress.net\/arhiva\/author\/"}]}},"_links":{"self":[{"href":"https:\/\/sandzakpress.net\/arhiva\/wp-json\/wp\/v2\/posts\/18095"}],"collection":[{"href":"https:\/\/sandzakpress.net\/arhiva\/wp-json\/wp\/v2\/posts"}],"about":[{"href":"https:\/\/sandzakpress.net\/arhiva\/wp-json\/wp\/v2\/types\/post"}],"author":[{"embeddable":true,"href":"https:\/\/sandzakpress.net\/arhiva\/wp-json\/wp\/v2\/users\/13"}],"replies":[{"embeddable":true,"href":"https:\/\/sandzakpress.net\/arhiva\/wp-json\/wp\/v2\/comments?post=18095"}],"version-history":[{"count":0,"href":"https:\/\/sandzakpress.net\/arhiva\/wp-json\/wp\/v2\/posts\/18095\/revisions"}],"wp:featuredmedia":[{"embeddable":true,"href":"https:\/\/sandzakpress.net\/arhiva\/wp-json\/wp\/v2\/media\/18096"}],"wp:attachment":[{"href":"https:\/\/sandzakpress.net\/arhiva\/wp-json\/wp\/v2\/media?parent=18095"}],"wp:term":[{"taxonomy":"category","embeddable":true,"href":"https:\/\/sandzakpress.net\/arhiva\/wp-json\/wp\/v2\/categories?post=18095"},{"taxonomy":"post_tag","embeddable":true,"href":"https:\/\/sandzakpress.net\/arhiva\/wp-json\/wp\/v2\/tags?post=18095"}],"curies":[{"name":"wp","href":"https:\/\/api.w.org\/{rel}","templated":true}]}}