{"id":180868,"date":"2017-02-27T15:18:19","date_gmt":"2017-02-27T14:18:19","guid":{"rendered":"https:\/\/sandzakpress.net\/arhiva\/?p=180868"},"modified":"2017-02-27T15:18:19","modified_gmt":"2017-02-27T14:18:19","slug":"jos-jedan-sandzaklija-u-njemackom-prvoligasu-nurkovic-potpisao-za-ajntraht","status":"publish","type":"post","link":"https:\/\/sandzakpress.net\/arhiva\/jos-jedan-sandzaklija-u-njemackom-prvoligasu-nurkovic-potpisao-za-ajntraht\/","title":{"rendered":"Jo\u0161 jedan Sand\u017eaklija u njema\u010dkom prvoliga\u0161u &#8211; Nurkovi\u0107 potpisao za Ajntraht"},"content":{"rendered":"<p><img loading=\"lazy\" decoding=\"async\" class=\"alignnone wp-image-180869 size-full\" src=\"https:\/\/sandzakpress.net\/arhiva\/wp-content\/uploads\/2017\/02\/1-16.jpg\" width=\"750\" height=\"697\" srcset=\"https:\/\/sandzakpress.net\/arhiva\/wp-content\/uploads\/2017\/02\/1-16.jpg 750w, https:\/\/sandzakpress.net\/arhiva\/wp-content\/uploads\/2017\/02\/1-16-616x572.jpg 616w\" sizes=\"(max-width: 750px) 100vw, 750px\" \/><\/p>\n<p><strong>Mladi talentovani fudbaler, porijeklom iz Ro\u017eaja, Misin Nurkovi\u0107, nedavno je potpisao trogodi\u0161nji ugovor sa poznatim njema\u010dkim prvoliga\u0161em, Ajntrahtom iz Frankfurta.<\/strong><\/p>\n<p>Fudbalski stru\u010dnjaci iz Bundeslige predvi\u0111aju na\u0161em sugra\u0111aninu svijetlu fudbalsku budu\u010dnost. Kako su nam kazali u porodici Nurkovi\u0107, skauti njema\u010dkog prvoliga\u0161a ve\u0107 du\u017ee vrijeme su pratili razvoj ovog talentovanog juniora i odlu\u010dili da ga predlo\u017ee za potpis ugovora na tri godine.<\/p>\n<p>Nurkovi\u0107 je uvr\u0161ten u kategoriju U-15 i igra na mjestu centralnog napada\u010da. Pored Ajntrahta Nurkovi\u0107a prate i drugi njema\u010dki prvoliga\u0161i kao \u0161to su Bajern Minhen, Hamburg, Darmstad idr.<\/p>\n<p>\u00a0<img loading=\"lazy\" decoding=\"async\" class=\"alignnone wp-image-180870 size-full\" src=\"https:\/\/sandzakpress.net\/arhiva\/wp-content\/uploads\/2017\/02\/2-12.jpg\" width=\"712\" height=\"950\" srcset=\"https:\/\/sandzakpress.net\/arhiva\/wp-content\/uploads\/2017\/02\/2-12.jpg 712w, https:\/\/sandzakpress.net\/arhiva\/wp-content\/uploads\/2017\/02\/2-12-616x822.jpg 616w\" sizes=\"(max-width: 712px) 100vw, 712px\" \/><\/p>\n","protected":false},"excerpt":{"rendered":"<p>Mladi talentovani fudbaler, porijeklom iz Ro\u017eaja, Misin Nurkovi\u0107, nedavno je potpisao trogodi\u0161nji ugovor sa poznatim njema\u010dkim prvoliga\u0161em, Ajntrahtom iz Frankfurta. Fudbalski stru\u010dnjaci iz Bundeslige predvi\u0111aju na\u0161em sugra\u0111aninu svijetlu fudbalsku budu\u010dnost. Kako su nam kazali u porodici Nurkovi\u0107, skauti njema\u010dkog prvoliga\u0161a ve\u0107 du\u017ee vrijeme su pratili razvoj ovog talentovanog juniora i odlu\u010dili da ga predlo\u017ee za [&hellip;]<\/p>\n","protected":false},"author":509,"featured_media":180869,"comment_status":"open","ping_status":"open","sticky":false,"template":"","format":"standard","meta":{"footnotes":""},"categories":[398,13,10429],"tags":[],"class_list":{"0":"post-180868","1":"post","2":"type-post","3":"status-publish","4":"format-standard","5":"has-post-thumbnail","7":"category-rozaje","8":"category-sport","9":"category-vazno"},"yoast_head":"<!-- This site is optimized with the Yoast SEO Premium plugin v23.1 (Yoast SEO v24.9) - https:\/\/yoast.com\/wordpress\/plugins\/seo\/ -->\n<title>Jo\u0161 jedan Sand\u017eaklija u njema\u010dkom prvoliga\u0161u - Nurkovi\u0107 potpisao za Ajntraht<\/title>\n<meta name=\"robots\" content=\"index, follow, max-snippet:-1, max-image-preview:large, max-video-preview:-1\" \/>\n<link rel=\"canonical\" href=\"https:\/\/sandzakpress.net\/arhiva\/jos-jedan-sandzaklija-u-njemackom-prvoligasu-nurkovic-potpisao-za-ajntraht\/\" \/>\n<meta property=\"og:locale\" content=\"bs_BA\" \/>\n<meta property=\"og:type\" content=\"article\" \/>\n<meta property=\"og:title\" content=\"Jo\u0161 jedan Sand\u017eaklija u njema\u010dkom prvoliga\u0161u - Nurkovi\u0107 potpisao za Ajntraht\" \/>\n<meta property=\"og:description\" content=\"Mladi talentovani fudbaler, porijeklom iz Ro\u017eaja, Misin Nurkovi\u0107, nedavno je potpisao trogodi\u0161nji ugovor sa poznatim njema\u010dkim prvoliga\u0161em, Ajntrahtom iz Frankfurta. Fudbalski stru\u010dnjaci iz Bundeslige predvi\u0111aju na\u0161em sugra\u0111aninu svijetlu fudbalsku budu\u010dnost. Kako su nam kazali u porodici Nurkovi\u0107, skauti njema\u010dkog prvoliga\u0161a ve\u0107 du\u017ee vrijeme su pratili razvoj ovog talentovanog juniora i odlu\u010dili da ga predlo\u017ee za [&hellip;]\" \/>\n<meta property=\"og:url\" content=\"https:\/\/sandzakpress.net\/arhiva\/jos-jedan-sandzaklija-u-njemackom-prvoligasu-nurkovic-potpisao-za-ajntraht\/\" \/>\n<meta property=\"og:site_name\" content=\"Sand\u017eak PRESS\" \/>\n<meta property=\"article:published_time\" content=\"2017-02-27T14:18:19+00:00\" \/>\n<meta property=\"og:image\" content=\"https:\/\/sandzakpress.net\/arhiva\/wp-content\/uploads\/2017\/02\/1-16.jpg\" \/>\n\t<meta property=\"og:image:width\" content=\"750\" \/>\n\t<meta property=\"og:image:height\" content=\"697\" \/>\n\t<meta property=\"og:image:type\" content=\"image\/jpeg\" \/>\n<meta name=\"author\" content=\"Agencija\" \/>\n<meta name=\"twitter:card\" content=\"summary_large_image\" \/>\n<meta name=\"twitter:label1\" content=\"Written by\" \/>\n\t<meta name=\"twitter:data1\" content=\"Agencija\" \/>\n\t<meta name=\"twitter:label2\" content=\"Est. reading time\" \/>\n\t<meta name=\"twitter:data2\" content=\"1 minuta\" \/>\n<script type=\"application\/ld+json\" class=\"yoast-schema-graph\">{\"@context\":\"https:\/\/schema.org\",\"@graph\":[{\"@type\":\"Article\",\"@id\":\"https:\/\/sandzakpress.net\/arhiva\/jos-jedan-sandzaklija-u-njemackom-prvoligasu-nurkovic-potpisao-za-ajntraht\/#article\",\"isPartOf\":{\"@id\":\"https:\/\/sandzakpress.net\/arhiva\/jos-jedan-sandzaklija-u-njemackom-prvoligasu-nurkovic-potpisao-za-ajntraht\/\"},\"author\":{\"name\":\"Agencija\",\"@id\":\"https:\/\/sandzakpress.net\/arhiva\/#\/schema\/person\/cb59d7e3ab91ab90dd680ad0305a6185\"},\"headline\":\"Jo\u0161 jedan Sand\u017eaklija u njema\u010dkom prvoliga\u0161u &#8211; Nurkovi\u0107 potpisao za Ajntraht\",\"datePublished\":\"2017-02-27T14:18:19+00:00\",\"mainEntityOfPage\":{\"@id\":\"https:\/\/sandzakpress.net\/arhiva\/jos-jedan-sandzaklija-u-njemackom-prvoligasu-nurkovic-potpisao-za-ajntraht\/\"},\"wordCount\":121,\"commentCount\":0,\"publisher\":{\"@id\":\"https:\/\/sandzakpress.net\/arhiva\/#\/schema\/person\/6e72b67d6e51910a1117b3b483ba20bd\"},\"image\":{\"@id\":\"https:\/\/sandzakpress.net\/arhiva\/jos-jedan-sandzaklija-u-njemackom-prvoligasu-nurkovic-potpisao-za-ajntraht\/#primaryimage\"},\"thumbnailUrl\":\"https:\/\/sandzakpress.net\/arhiva\/wp-content\/uploads\/2017\/02\/1-16.jpg\",\"articleSection\":[\"Ro\u017eaje\",\"Sport\",\"VA\u017dNO!\"],\"inLanguage\":\"bs-BA\",\"potentialAction\":[{\"@type\":\"CommentAction\",\"name\":\"Comment\",\"target\":[\"https:\/\/sandzakpress.net\/arhiva\/jos-jedan-sandzaklija-u-njemackom-prvoligasu-nurkovic-potpisao-za-ajntraht\/#respond\"]}]},{\"@type\":\"WebPage\",\"@id\":\"https:\/\/sandzakpress.net\/arhiva\/jos-jedan-sandzaklija-u-njemackom-prvoligasu-nurkovic-potpisao-za-ajntraht\/\",\"url\":\"https:\/\/sandzakpress.net\/arhiva\/jos-jedan-sandzaklija-u-njemackom-prvoligasu-nurkovic-potpisao-za-ajntraht\/\",\"name\":\"Jo\u0161 jedan Sand\u017eaklija u njema\u010dkom prvoliga\u0161u - Nurkovi\u0107 potpisao za Ajntraht\",\"isPartOf\":{\"@id\":\"https:\/\/sandzakpress.net\/arhiva\/#website\"},\"primaryImageOfPage\":{\"@id\":\"https:\/\/sandzakpress.net\/arhiva\/jos-jedan-sandzaklija-u-njemackom-prvoligasu-nurkovic-potpisao-za-ajntraht\/#primaryimage\"},\"image\":{\"@id\":\"https:\/\/sandzakpress.net\/arhiva\/jos-jedan-sandzaklija-u-njemackom-prvoligasu-nurkovic-potpisao-za-ajntraht\/#primaryimage\"},\"thumbnailUrl\":\"https:\/\/sandzakpress.net\/arhiva\/wp-content\/uploads\/2017\/02\/1-16.jpg\",\"datePublished\":\"2017-02-27T14:18:19+00:00\",\"breadcrumb\":{\"@id\":\"https:\/\/sandzakpress.net\/arhiva\/jos-jedan-sandzaklija-u-njemackom-prvoligasu-nurkovic-potpisao-za-ajntraht\/#breadcrumb\"},\"inLanguage\":\"bs-BA\",\"potentialAction\":[{\"@type\":\"ReadAction\",\"target\":[\"https:\/\/sandzakpress.net\/arhiva\/jos-jedan-sandzaklija-u-njemackom-prvoligasu-nurkovic-potpisao-za-ajntraht\/\"]}]},{\"@type\":\"ImageObject\",\"inLanguage\":\"bs-BA\",\"@id\":\"https:\/\/sandzakpress.net\/arhiva\/jos-jedan-sandzaklija-u-njemackom-prvoligasu-nurkovic-potpisao-za-ajntraht\/#primaryimage\",\"url\":\"https:\/\/sandzakpress.net\/arhiva\/wp-content\/uploads\/2017\/02\/1-16.jpg\",\"contentUrl\":\"https:\/\/sandzakpress.net\/arhiva\/wp-content\/uploads\/2017\/02\/1-16.jpg\",\"width\":750,\"height\":697},{\"@type\":\"BreadcrumbList\",\"@id\":\"https:\/\/sandzakpress.net\/arhiva\/jos-jedan-sandzaklija-u-njemackom-prvoligasu-nurkovic-potpisao-za-ajntraht\/#breadcrumb\",\"itemListElement\":[{\"@type\":\"ListItem\",\"position\":1,\"name\":\"Home\",\"item\":\"https:\/\/sandzakpress.net\/arhiva\/\"},{\"@type\":\"ListItem\",\"position\":2,\"name\":\"Jo\u0161 jedan Sand\u017eaklija u njema\u010dkom prvoliga\u0161u &#8211; Nurkovi\u0107 potpisao za Ajntraht\"}]},{\"@type\":\"WebSite\",\"@id\":\"https:\/\/sandzakpress.net\/arhiva\/#website\",\"url\":\"https:\/\/sandzakpress.net\/arhiva\/\",\"name\":\"Sand\u017eak PRESS\",\"description\":\"Prve elektronske novine u Sand\u017eaku\",\"publisher\":{\"@id\":\"https:\/\/sandzakpress.net\/arhiva\/#\/schema\/person\/6e72b67d6e51910a1117b3b483ba20bd\"},\"potentialAction\":[{\"@type\":\"SearchAction\",\"target\":{\"@type\":\"EntryPoint\",\"urlTemplate\":\"https:\/\/sandzakpress.net\/arhiva\/?s={search_term_string}\"},\"query-input\":{\"@type\":\"PropertyValueSpecification\",\"valueRequired\":true,\"valueName\":\"search_term_string\"}}],\"inLanguage\":\"bs-BA\"},{\"@type\":[\"Person\",\"Organization\"],\"@id\":\"https:\/\/sandzakpress.net\/arhiva\/#\/schema\/person\/6e72b67d6e51910a1117b3b483ba20bd\",\"name\":\"Kul\",\"image\":{\"@type\":\"ImageObject\",\"inLanguage\":\"bs-BA\",\"@id\":\"https:\/\/sandzakpress.net\/arhiva\/#\/schema\/person\/image\/\",\"url\":\"https:\/\/secure.gravatar.com\/avatar\/42263f39aa27ac04c43cab85c280eb2e?s=96&d=mm&r=pg\",\"contentUrl\":\"https:\/\/secure.gravatar.com\/avatar\/42263f39aa27ac04c43cab85c280eb2e?s=96&d=mm&r=pg\",\"caption\":\"Kul\"},\"logo\":{\"@id\":\"https:\/\/sandzakpress.net\/arhiva\/#\/schema\/person\/image\/\"}},{\"@type\":\"Person\",\"@id\":\"https:\/\/sandzakpress.net\/arhiva\/#\/schema\/person\/cb59d7e3ab91ab90dd680ad0305a6185\",\"name\":\"Agencija\",\"image\":{\"@type\":\"ImageObject\",\"inLanguage\":\"bs-BA\",\"@id\":\"https:\/\/sandzakpress.net\/arhiva\/#\/schema\/person\/image\/\",\"url\":\"https:\/\/secure.gravatar.com\/avatar\/4b7fafa80a22f0c2afe23966b3961fe0?s=96&d=mm&r=pg\",\"contentUrl\":\"https:\/\/secure.gravatar.com\/avatar\/4b7fafa80a22f0c2afe23966b3961fe0?s=96&d=mm&r=pg\",\"caption\":\"Agencija\"},\"url\":\"https:\/\/sandzakpress.net\/arhiva\/author\/agencija\/\"}]}<\/script>\n<!-- \/ Yoast SEO Premium plugin. -->","yoast_head_json":{"title":"Jo\u0161 jedan Sand\u017eaklija u njema\u010dkom prvoliga\u0161u - Nurkovi\u0107 potpisao za Ajntraht","robots":{"index":"index","follow":"follow","max-snippet":"max-snippet:-1","max-image-preview":"max-image-preview:large","max-video-preview":"max-video-preview:-1"},"canonical":"https:\/\/sandzakpress.net\/arhiva\/jos-jedan-sandzaklija-u-njemackom-prvoligasu-nurkovic-potpisao-za-ajntraht\/","og_locale":"bs_BA","og_type":"article","og_title":"Jo\u0161 jedan Sand\u017eaklija u njema\u010dkom prvoliga\u0161u - Nurkovi\u0107 potpisao za Ajntraht","og_description":"Mladi talentovani fudbaler, porijeklom iz Ro\u017eaja, Misin Nurkovi\u0107, nedavno je potpisao trogodi\u0161nji ugovor sa poznatim njema\u010dkim prvoliga\u0161em, Ajntrahtom iz Frankfurta. Fudbalski stru\u010dnjaci iz Bundeslige predvi\u0111aju na\u0161em sugra\u0111aninu svijetlu fudbalsku budu\u010dnost. Kako su nam kazali u porodici Nurkovi\u0107, skauti njema\u010dkog prvoliga\u0161a ve\u0107 du\u017ee vrijeme su pratili razvoj ovog talentovanog juniora i odlu\u010dili da ga predlo\u017ee za [&hellip;]","og_url":"https:\/\/sandzakpress.net\/arhiva\/jos-jedan-sandzaklija-u-njemackom-prvoligasu-nurkovic-potpisao-za-ajntraht\/","og_site_name":"Sand\u017eak PRESS","article_published_time":"2017-02-27T14:18:19+00:00","og_image":[{"width":750,"height":697,"url":"https:\/\/sandzakpress.net\/arhiva\/wp-content\/uploads\/2017\/02\/1-16.jpg","type":"image\/jpeg"}],"author":"Agencija","twitter_card":"summary_large_image","twitter_misc":{"Written by":"Agencija","Est. reading time":"1 minuta"},"schema":{"@context":"https:\/\/schema.org","@graph":[{"@type":"Article","@id":"https:\/\/sandzakpress.net\/arhiva\/jos-jedan-sandzaklija-u-njemackom-prvoligasu-nurkovic-potpisao-za-ajntraht\/#article","isPartOf":{"@id":"https:\/\/sandzakpress.net\/arhiva\/jos-jedan-sandzaklija-u-njemackom-prvoligasu-nurkovic-potpisao-za-ajntraht\/"},"author":{"name":"Agencija","@id":"https:\/\/sandzakpress.net\/arhiva\/#\/schema\/person\/cb59d7e3ab91ab90dd680ad0305a6185"},"headline":"Jo\u0161 jedan Sand\u017eaklija u njema\u010dkom prvoliga\u0161u &#8211; Nurkovi\u0107 potpisao za Ajntraht","datePublished":"2017-02-27T14:18:19+00:00","mainEntityOfPage":{"@id":"https:\/\/sandzakpress.net\/arhiva\/jos-jedan-sandzaklija-u-njemackom-prvoligasu-nurkovic-potpisao-za-ajntraht\/"},"wordCount":121,"commentCount":0,"publisher":{"@id":"https:\/\/sandzakpress.net\/arhiva\/#\/schema\/person\/6e72b67d6e51910a1117b3b483ba20bd"},"image":{"@id":"https:\/\/sandzakpress.net\/arhiva\/jos-jedan-sandzaklija-u-njemackom-prvoligasu-nurkovic-potpisao-za-ajntraht\/#primaryimage"},"thumbnailUrl":"https:\/\/sandzakpress.net\/arhiva\/wp-content\/uploads\/2017\/02\/1-16.jpg","articleSection":["Ro\u017eaje","Sport","VA\u017dNO!"],"inLanguage":"bs-BA","potentialAction":[{"@type":"CommentAction","name":"Comment","target":["https:\/\/sandzakpress.net\/arhiva\/jos-jedan-sandzaklija-u-njemackom-prvoligasu-nurkovic-potpisao-za-ajntraht\/#respond"]}]},{"@type":"WebPage","@id":"https:\/\/sandzakpress.net\/arhiva\/jos-jedan-sandzaklija-u-njemackom-prvoligasu-nurkovic-potpisao-za-ajntraht\/","url":"https:\/\/sandzakpress.net\/arhiva\/jos-jedan-sandzaklija-u-njemackom-prvoligasu-nurkovic-potpisao-za-ajntraht\/","name":"Jo\u0161 jedan Sand\u017eaklija u njema\u010dkom prvoliga\u0161u - Nurkovi\u0107 potpisao za Ajntraht","isPartOf":{"@id":"https:\/\/sandzakpress.net\/arhiva\/#website"},"primaryImageOfPage":{"@id":"https:\/\/sandzakpress.net\/arhiva\/jos-jedan-sandzaklija-u-njemackom-prvoligasu-nurkovic-potpisao-za-ajntraht\/#primaryimage"},"image":{"@id":"https:\/\/sandzakpress.net\/arhiva\/jos-jedan-sandzaklija-u-njemackom-prvoligasu-nurkovic-potpisao-za-ajntraht\/#primaryimage"},"thumbnailUrl":"https:\/\/sandzakpress.net\/arhiva\/wp-content\/uploads\/2017\/02\/1-16.jpg","datePublished":"2017-02-27T14:18:19+00:00","breadcrumb":{"@id":"https:\/\/sandzakpress.net\/arhiva\/jos-jedan-sandzaklija-u-njemackom-prvoligasu-nurkovic-potpisao-za-ajntraht\/#breadcrumb"},"inLanguage":"bs-BA","potentialAction":[{"@type":"ReadAction","target":["https:\/\/sandzakpress.net\/arhiva\/jos-jedan-sandzaklija-u-njemackom-prvoligasu-nurkovic-potpisao-za-ajntraht\/"]}]},{"@type":"ImageObject","inLanguage":"bs-BA","@id":"https:\/\/sandzakpress.net\/arhiva\/jos-jedan-sandzaklija-u-njemackom-prvoligasu-nurkovic-potpisao-za-ajntraht\/#primaryimage","url":"https:\/\/sandzakpress.net\/arhiva\/wp-content\/uploads\/2017\/02\/1-16.jpg","contentUrl":"https:\/\/sandzakpress.net\/arhiva\/wp-content\/uploads\/2017\/02\/1-16.jpg","width":750,"height":697},{"@type":"BreadcrumbList","@id":"https:\/\/sandzakpress.net\/arhiva\/jos-jedan-sandzaklija-u-njemackom-prvoligasu-nurkovic-potpisao-za-ajntraht\/#breadcrumb","itemListElement":[{"@type":"ListItem","position":1,"name":"Home","item":"https:\/\/sandzakpress.net\/arhiva\/"},{"@type":"ListItem","position":2,"name":"Jo\u0161 jedan Sand\u017eaklija u njema\u010dkom prvoliga\u0161u &#8211; Nurkovi\u0107 potpisao za Ajntraht"}]},{"@type":"WebSite","@id":"https:\/\/sandzakpress.net\/arhiva\/#website","url":"https:\/\/sandzakpress.net\/arhiva\/","name":"Sand\u017eak PRESS","description":"Prve elektronske novine u Sand\u017eaku","publisher":{"@id":"https:\/\/sandzakpress.net\/arhiva\/#\/schema\/person\/6e72b67d6e51910a1117b3b483ba20bd"},"potentialAction":[{"@type":"SearchAction","target":{"@type":"EntryPoint","urlTemplate":"https:\/\/sandzakpress.net\/arhiva\/?s={search_term_string}"},"query-input":{"@type":"PropertyValueSpecification","valueRequired":true,"valueName":"search_term_string"}}],"inLanguage":"bs-BA"},{"@type":["Person","Organization"],"@id":"https:\/\/sandzakpress.net\/arhiva\/#\/schema\/person\/6e72b67d6e51910a1117b3b483ba20bd","name":"Kul","image":{"@type":"ImageObject","inLanguage":"bs-BA","@id":"https:\/\/sandzakpress.net\/arhiva\/#\/schema\/person\/image\/","url":"https:\/\/secure.gravatar.com\/avatar\/42263f39aa27ac04c43cab85c280eb2e?s=96&d=mm&r=pg","contentUrl":"https:\/\/secure.gravatar.com\/avatar\/42263f39aa27ac04c43cab85c280eb2e?s=96&d=mm&r=pg","caption":"Kul"},"logo":{"@id":"https:\/\/sandzakpress.net\/arhiva\/#\/schema\/person\/image\/"}},{"@type":"Person","@id":"https:\/\/sandzakpress.net\/arhiva\/#\/schema\/person\/cb59d7e3ab91ab90dd680ad0305a6185","name":"Agencija","image":{"@type":"ImageObject","inLanguage":"bs-BA","@id":"https:\/\/sandzakpress.net\/arhiva\/#\/schema\/person\/image\/","url":"https:\/\/secure.gravatar.com\/avatar\/4b7fafa80a22f0c2afe23966b3961fe0?s=96&d=mm&r=pg","contentUrl":"https:\/\/secure.gravatar.com\/avatar\/4b7fafa80a22f0c2afe23966b3961fe0?s=96&d=mm&r=pg","caption":"Agencija"},"url":"https:\/\/sandzakpress.net\/arhiva\/author\/agencija\/"}]}},"_links":{"self":[{"href":"https:\/\/sandzakpress.net\/arhiva\/wp-json\/wp\/v2\/posts\/180868"}],"collection":[{"href":"https:\/\/sandzakpress.net\/arhiva\/wp-json\/wp\/v2\/posts"}],"about":[{"href":"https:\/\/sandzakpress.net\/arhiva\/wp-json\/wp\/v2\/types\/post"}],"author":[{"embeddable":true,"href":"https:\/\/sandzakpress.net\/arhiva\/wp-json\/wp\/v2\/users\/509"}],"replies":[{"embeddable":true,"href":"https:\/\/sandzakpress.net\/arhiva\/wp-json\/wp\/v2\/comments?post=180868"}],"version-history":[{"count":0,"href":"https:\/\/sandzakpress.net\/arhiva\/wp-json\/wp\/v2\/posts\/180868\/revisions"}],"wp:featuredmedia":[{"embeddable":true,"href":"https:\/\/sandzakpress.net\/arhiva\/wp-json\/wp\/v2\/media\/180869"}],"wp:attachment":[{"href":"https:\/\/sandzakpress.net\/arhiva\/wp-json\/wp\/v2\/media?parent=180868"}],"wp:term":[{"taxonomy":"category","embeddable":true,"href":"https:\/\/sandzakpress.net\/arhiva\/wp-json\/wp\/v2\/categories?post=180868"},{"taxonomy":"post_tag","embeddable":true,"href":"https:\/\/sandzakpress.net\/arhiva\/wp-json\/wp\/v2\/tags?post=180868"}],"curies":[{"name":"wp","href":"https:\/\/api.w.org\/{rel}","templated":true}]}}