{"id":18067,"date":"2011-07-28T13:24:35","date_gmt":"2011-07-28T11:24:35","guid":{"rendered":"https:\/\/sandzakpress.net\/arhiva\/?p=18067"},"modified":"2011-07-28T13:24:35","modified_gmt":"2011-07-28T11:24:35","slug":"gornje-ljubinje-i-zupa-za-10","status":"publish","type":"post","link":"https:\/\/sandzakpress.net\/arhiva\/gornje-ljubinje-i-zupa-za-10\/","title":{"rendered":"Gornje Ljubinje i \u017dupa za 10+"},"content":{"rendered":"<p><strong><a href=\"https:\/\/sandzakpress.net\/arhiva\/wp-content\/uploads\/2011\/07\/slj-075.jpg\"><img loading=\"lazy\" decoding=\"async\" class=\"alignleft size-medium wp-image-18068\" src=\"https:\/\/sandzakpress.net\/arhiva\/wp-content\/uploads\/2011\/07\/slj-075-300x230.jpg\" alt=\"\" width=\"300\" height=\"230\" \/><\/a>Kosovo &#8211; Ovo je pravi raj na zemlji, ovdje je prelijepo\u201c, rije\u010di su Halila  Kolenovi\u0107a, jednog od mnogobrojnih gostiju ina\u010de prizrenskog zeta koji  je do\u0161ao iz San Dijega u Americi, da bi sa svojom porodicom propratio  vjersko-kulturnu manifestaciju \u201cSunet &#8211; Gornje Ljubinje 2011\u201c. <\/strong><\/p>\n<p>Ova manifestacija se odr\u017eava svakih pet godina i tradicionalnog je  karaktera vi\u0161e od stotinu godina. Ove godine Gornje Ljubinje je obi\u0161lo  preko deset hiljada gostiju, \u0161to sa Kosova, \u0161to iz inostranstva. Utisci\u00a0  su vi\u0161e nego izvanredni, bilo je vjerskog sadr\u017eaja manifestacije,  sportskih nadmetanja te puno dobre folk-muzike.<\/p>\n<p><img decoding=\"async\" src=\"http:\/\/info-ks.net\/images\/stories\/ajul5\/slj-066.jpg\" border=\"0\" alt=\"\" \/><\/p>\n<p>\u201cPrvi  put sam ovdje. Vrlo lijep ambijent, lijepe planine, pitom i dobar na\u0161  bo\u0161nja\u010dki narod koji ovdje \u017eivi i koji nas je do\u010dekao ra\u0161irenih ruku.  Hvala vam na gostoprimstvu\u201c, isti\u010de Kolenovi\u0107 koji je porijeklom iz Crne  Gore.<\/p>\n<p>Nakon de\u0161avanja u protekli petak i subotu &#8211; u\u010denja  mevluda, hora ilahija i kasida, muzike tradicionalnih tupane te  obrezivanje 82 dje\u010daka u subotu ujutru, nedjelja je bila dan za sportske  aktivnosti sa ve\u010dernjim koncertom kao zavr\u0161nim doga\u0111ajem.<\/p>\n<p><img decoding=\"async\" src=\"http:\/\/info-ks.net\/images\/stories\/ajul5\/slj-131.jpg\" border=\"0\" alt=\"\" \/><\/p>\n<p>Sportska  nadmetanja su odr\u017eana na mjestu Ba\u010devac iznad kraj Gornjeg Ljubinja a  pratilo ih je oko 5 hiljada gledalaca i ljubitelja tradicionalnih  seoskih igara poput tr\u010danja, bacanja kamena s ramena, skok u dalj  smjesta, borbe pehlivana&#8230; koji su sa odu\u0161evljenjem propratili ovo  takmi\u010denje te burnim aplauzima nagra\u0111ivali one najuspje\u0161nije.<\/p>\n<p><img decoding=\"async\" src=\"http:\/\/info-ks.net\/images\/stories\/ajul5\/slj-189.jpg\" border=\"0\" alt=\"\" \/><\/p>\n<p>Pobjednici po disciplinama:<br \/>\nTr\u010danje na 2000 metara \u2013 Bajram Dilji (Mu\u0161nikovo)<br \/>\nBacanje kamena sa ramena \u2013 Ajradin Vehapi (Grn\u010dare);<br \/>\nSkok u dalj smjesta &#8211; Miralem Saliji (Planjane);<br \/>\nNavla\u010denje konopca \u2013 Ekipa iz Grn\u010dara<br \/>\nPehlivani &#8211; slobodnim stilom (kategorija 3, bo\u0161nja\u010dki takmi\u010dari) &#8211; Fuad Hamza (Grn\u010dare)<br \/>\nTurnir u malom fudbalu &#8211; Ekipa iz Mu\u0161nikova;<\/p>\n<p>Pobjednici  su osim pehara i zahvalnica dobijali i nov\u010dane nagrade, a neki od njih  su svoju nov\u010danu nagradu donirali za izgradnju d\u017eamije koja se gradi u  selu Draj\u010di\u0107i.<\/p>\n<p><img decoding=\"async\" src=\"http:\/\/info-ks.net\/images\/stories\/ajul5\/slj-240.jpg\" border=\"0\" alt=\"\" \/><\/p>\n<p><span style=\"color: #808080\">Pobjednici u navla\u010denju konopca &#8211; Ekipa iz Grn\u010dara<\/span><\/p>\n<p>U  svim sportskim disciplinama prijavio se veliki broj takmi\u010dara iz ovih  krajeva, inostranstva (Makedonija, Bugarska, Albanija),\u00a0a u nekim  disciplinama takmi\u010dili su se i pripadnici Turskog Kfora.<\/p>\n<p><img decoding=\"async\" src=\"http:\/\/info-ks.net\/images\/stories\/ajul5\/slj-205.jpg\" border=\"0\" alt=\"\" \/><\/p>\n<p><span style=\"color: #993300\"><strong>Ajradin Vehapi, pobjednik disciplini bacanje kamena s ramena<br \/>\n<\/strong>\u010cesto  u\u010destvujem na ovakvim sportskim takmi\u010denjima, ovdje je organizacija na  visokom nivou, ima puno gostiju i atmosfera je fantasti\u010dna. Moja ljubav  prema sportu datira od malena i prakti\u010dno je nasljedno jer su svi u  mojoj porodici voljeli sport po\u010dev\u0161i od mog djeda pa evo sad do mene. Ja  sam po\u010deo od kraljice sportova &#8211; atletike i ranije sam u\u010destvovao na  puno trka gdje sam uvijek bio me\u0111u prvih tri takmi\u010dara. Zna\u010di ne bavim  se profesionalno nekim sportom ve\u0107 \u010disto rekreativno radi dru\u017eenja i  upoznavanja drugih ljubitelja sporta koji nam dolaze odavde ili iz vana.<\/span><\/p>\n<p><img decoding=\"async\" src=\"http:\/\/info-ks.net\/images\/stories\/ajul5\/slj-206.jpg\" border=\"0\" alt=\"\" \/><\/p>\n<p><span style=\"color: #993300\"><strong>Miralem Saliji, pobjednik u disciplini skok u dalj s mjesta<br \/>\n<\/strong>Sre\u0107an  sam zbog osvojenog prvog mjesta na ovom takmi\u010denju jer se prvi put  takmi\u010dim na ovakvim seoskim susretima. Osje\u0107aj je fenomenalan. Imao sam  tremu pri prvom skoku, a onda sam krenuo na sve ili ni\u0161ta jer sam imao  puno navija\u010da iz mog sela koji su navijali za mene i vjerovali da \u0107u  biti prvi, hvala im na povjerenju. Ina\u010de ne bavim se aktivno nekim  sportom ali sam pun kondicije jer puno pje\u0161a\u010dim.<br \/>\n<\/span><\/p>\n<p>Treba\u00a0  ista\u0107i da je najve\u0107i aplauz dobio oficir Turskog Kfora stacioniranog u  Prizrenu koji je, izme\u0111u ostalog istakao, da je Turski Kfor u svakoj  prilici na raspolaganju bo\u0161nja\u010dkoj nacionalnoj zajednici na Kosovu u  vidu svakojakih vrsta pomo\u0107i.<\/p>\n<p>Recimo i to da su doktori Turskog Kfora besplatno obrezali jedan broj mali\u0161ana na ovogodi\u0161njoj sve\u010danosti.<\/p>\n<p>Posljednji  doga\u0111aj sa kojim je i zavr\u0161ena ova manifestacija bio je ve\u010dernji  folk-koncert na poligonu osnovne \u0161kole u Gornjem Ljubinju. Pred nekoliko  hiljada posjetioca nastupili su Fazlija, Zlata Avdi\u0107 i Senad  Niko\u010devi\u0107-Niki koji su razgalili srca svih prisutnih svojom pjesmom i  gdje se igralo i pjevalo do kasno u no\u0107.<\/p>\n<p><!-- JW \"Simple Image Gallery\" Plugin (v1.2.1) starts here --> <!-- .sig_cont {width:170px;height:124px;} -->  <\/p>\n<div>\n<div>\n<div><a title=\":&lt;br \/&gt;&lt;b&gt;Gornje Ljubinje i \u017dupa za 10+&lt;\/b&gt;\" rel=\"lightbox[sig0]\" href=\"http:\/\/info-ks.net\/images\/stories\/galerije\/sport\/el-111.jpg\" target=\"_blank\"><img decoding=\"async\" src=\"http:\/\/info-ks.net\/plugins\/content\/plugin_jw_sig\/showthumb.php?img=galerije\/sport\/el-111.jpg&amp;width=140&amp;height=104&amp;quality=80\" alt=\"\" \/><\/a><\/div>\n<\/div>\n<div>\n<div><a title=\":&lt;br \/&gt;&lt;b&gt;Gornje Ljubinje i \u017dupa za 10+&lt;\/b&gt;\" rel=\"lightbox[sig0]\" href=\"http:\/\/info-ks.net\/images\/stories\/galerije\/sport\/el-179.jpg\" target=\"_blank\"><img decoding=\"async\" src=\"http:\/\/info-ks.net\/plugins\/content\/plugin_jw_sig\/showthumb.php?img=galerije\/sport\/el-179.jpg&amp;width=140&amp;height=104&amp;quality=80\" alt=\"\" \/><\/a><\/div>\n<\/div>\n<div>\n<div><a title=\":&lt;br \/&gt;&lt;b&gt;Gornje Ljubinje i \u017dupa za 10+&lt;\/b&gt;\" rel=\"lightbox[sig0]\" href=\"http:\/\/info-ks.net\/images\/stories\/galerije\/sport\/el-202.jpg\" target=\"_blank\"><img decoding=\"async\" src=\"http:\/\/info-ks.net\/plugins\/content\/plugin_jw_sig\/showthumb.php?img=galerije\/sport\/el-202.jpg&amp;width=140&amp;height=104&amp;quality=80\" alt=\"\" \/><\/a><\/div>\n<\/div>\n<div>\n<div><a title=\":&lt;br \/&gt;&lt;b&gt;Gornje Ljubinje i \u017dupa za 10+&lt;\/b&gt;\" rel=\"lightbox[sig0]\" href=\"http:\/\/info-ks.net\/images\/stories\/galerije\/sport\/el-209.jpg\" target=\"_blank\"><img decoding=\"async\" src=\"http:\/\/info-ks.net\/plugins\/content\/plugin_jw_sig\/showthumb.php?img=galerije\/sport\/el-209.jpg&amp;width=140&amp;height=104&amp;quality=80\" alt=\"\" \/><\/a><\/div>\n<\/div>\n<\/div>\n<p><!-- JW \"Simple Image Gallery\" Plugin (v1.2.1) ends here -->Sve u  svemu konstatacija je da je ovogodi\u0161nja vjersko-kulturna manifestacija  \u201cSunet 2011 &#8211; Gornje Ljubinje\u201c protekla u izvanrednoj atmosferi, sa puno  lijepih de\u0161avanja te puno zadovoljnih gostiju.<\/p>\n<p>Pohvale za  organizaciju sti\u017eu sa svih strana a to svakako zaslu\u017euju mje\u0161tani  Gornjeg Ljubinja i \u010ditave \u017dupe za svoje \u010duveno gostoprimstvo koje je i  ovoga puta bilo na visokom nivou.<\/p>\n<p>Izvor:<strong> Info-Ks.net<\/strong><\/p>\n","protected":false},"excerpt":{"rendered":"<p>Kosovo &#8211; Ovo je pravi raj na zemlji, ovdje je prelijepo\u201c, rije\u010di su Halila Kolenovi\u0107a, jednog od mnogobrojnih gostiju ina\u010de prizrenskog zeta koji je do\u0161ao iz San Dijega u Americi, da bi sa svojom porodicom propratio vjersko-kulturnu manifestaciju \u201cSunet &#8211; Gornje Ljubinje 2011\u201c. Ova manifestacija se odr\u017eava svakih pet godina i tradicionalnog je karaktera vi\u0161e [&hellip;]<\/p>\n","protected":false},"author":13,"featured_media":18068,"comment_status":"open","ping_status":"open","sticky":false,"template":"","format":"standard","meta":{"footnotes":""},"categories":[2690,5],"tags":[],"class_list":{"0":"post-18067","1":"post","2":"type-post","3":"status-publish","4":"format-standard","5":"has-post-thumbnail","7":"category-kosovo-gradovi","8":"category-drustvo"},"yoast_head":"<!-- This site is optimized with the Yoast SEO Premium plugin v23.1 (Yoast SEO v24.9) - https:\/\/yoast.com\/wordpress\/plugins\/seo\/ -->\n<title>Gornje Ljubinje i \u017dupa za 10+<\/title>\n<meta name=\"robots\" content=\"index, follow, max-snippet:-1, max-image-preview:large, max-video-preview:-1\" \/>\n<link rel=\"canonical\" href=\"https:\/\/sandzakpress.net\/arhiva\/gornje-ljubinje-i-zupa-za-10\/\" \/>\n<meta property=\"og:locale\" content=\"bs_BA\" \/>\n<meta property=\"og:type\" content=\"article\" \/>\n<meta property=\"og:title\" content=\"Gornje Ljubinje i \u017dupa za 10+\" \/>\n<meta property=\"og:description\" content=\"Kosovo &#8211; Ovo je pravi raj na zemlji, ovdje je prelijepo\u201c, rije\u010di su Halila Kolenovi\u0107a, jednog od mnogobrojnih gostiju ina\u010de prizrenskog zeta koji je do\u0161ao iz San Dijega u Americi, da bi sa svojom porodicom propratio vjersko-kulturnu manifestaciju \u201cSunet &#8211; Gornje Ljubinje 2011\u201c. Ova manifestacija se odr\u017eava svakih pet godina i tradicionalnog je karaktera vi\u0161e [&hellip;]\" \/>\n<meta property=\"og:url\" content=\"https:\/\/sandzakpress.net\/arhiva\/gornje-ljubinje-i-zupa-za-10\/\" \/>\n<meta property=\"og:site_name\" content=\"Sand\u017eak PRESS\" \/>\n<meta property=\"article:published_time\" content=\"2011-07-28T11:24:35+00:00\" \/>\n<meta property=\"og:image\" content=\"https:\/\/sandzakpress.net\/arhiva\/wp-content\/uploads\/2011\/07\/slj-075.jpg\" \/>\n\t<meta property=\"og:image:width\" content=\"302\" \/>\n\t<meta property=\"og:image:height\" content=\"232\" \/>\n\t<meta property=\"og:image:type\" content=\"image\/jpeg\" \/>\n<meta name=\"twitter:card\" content=\"summary_large_image\" \/>\n<meta name=\"twitter:label1\" content=\"Written by\" \/>\n\t<meta name=\"twitter:data1\" content=\"\" \/>\n\t<meta name=\"twitter:label2\" content=\"Est. reading time\" \/>\n\t<meta name=\"twitter:data2\" content=\"4 minute\" \/>\n<script type=\"application\/ld+json\" class=\"yoast-schema-graph\">{\"@context\":\"https:\/\/schema.org\",\"@graph\":[{\"@type\":\"Article\",\"@id\":\"https:\/\/sandzakpress.net\/arhiva\/gornje-ljubinje-i-zupa-za-10\/#article\",\"isPartOf\":{\"@id\":\"https:\/\/sandzakpress.net\/arhiva\/gornje-ljubinje-i-zupa-za-10\/\"},\"author\":{\"name\":\"\",\"@id\":\"\"},\"headline\":\"Gornje Ljubinje i \u017dupa za 10+\",\"datePublished\":\"2011-07-28T11:24:35+00:00\",\"mainEntityOfPage\":{\"@id\":\"https:\/\/sandzakpress.net\/arhiva\/gornje-ljubinje-i-zupa-za-10\/\"},\"wordCount\":758,\"commentCount\":0,\"publisher\":{\"@id\":\"https:\/\/sandzakpress.net\/arhiva\/#\/schema\/person\/6e72b67d6e51910a1117b3b483ba20bd\"},\"image\":{\"@id\":\"https:\/\/sandzakpress.net\/arhiva\/gornje-ljubinje-i-zupa-za-10\/#primaryimage\"},\"thumbnailUrl\":\"https:\/\/sandzakpress.net\/arhiva\/wp-content\/uploads\/2011\/07\/slj-075.jpg\",\"articleSection\":[\"Kosovo\",\"Dru\u0161tvo\"],\"inLanguage\":\"bs-BA\",\"potentialAction\":[{\"@type\":\"CommentAction\",\"name\":\"Comment\",\"target\":[\"https:\/\/sandzakpress.net\/arhiva\/gornje-ljubinje-i-zupa-za-10\/#respond\"]}]},{\"@type\":\"WebPage\",\"@id\":\"https:\/\/sandzakpress.net\/arhiva\/gornje-ljubinje-i-zupa-za-10\/\",\"url\":\"https:\/\/sandzakpress.net\/arhiva\/gornje-ljubinje-i-zupa-za-10\/\",\"name\":\"Gornje Ljubinje i \u017dupa za 10+\",\"isPartOf\":{\"@id\":\"https:\/\/sandzakpress.net\/arhiva\/#website\"},\"primaryImageOfPage\":{\"@id\":\"https:\/\/sandzakpress.net\/arhiva\/gornje-ljubinje-i-zupa-za-10\/#primaryimage\"},\"image\":{\"@id\":\"https:\/\/sandzakpress.net\/arhiva\/gornje-ljubinje-i-zupa-za-10\/#primaryimage\"},\"thumbnailUrl\":\"https:\/\/sandzakpress.net\/arhiva\/wp-content\/uploads\/2011\/07\/slj-075.jpg\",\"datePublished\":\"2011-07-28T11:24:35+00:00\",\"breadcrumb\":{\"@id\":\"https:\/\/sandzakpress.net\/arhiva\/gornje-ljubinje-i-zupa-za-10\/#breadcrumb\"},\"inLanguage\":\"bs-BA\",\"potentialAction\":[{\"@type\":\"ReadAction\",\"target\":[\"https:\/\/sandzakpress.net\/arhiva\/gornje-ljubinje-i-zupa-za-10\/\"]}]},{\"@type\":\"ImageObject\",\"inLanguage\":\"bs-BA\",\"@id\":\"https:\/\/sandzakpress.net\/arhiva\/gornje-ljubinje-i-zupa-za-10\/#primaryimage\",\"url\":\"https:\/\/sandzakpress.net\/arhiva\/wp-content\/uploads\/2011\/07\/slj-075.jpg\",\"contentUrl\":\"https:\/\/sandzakpress.net\/arhiva\/wp-content\/uploads\/2011\/07\/slj-075.jpg\",\"width\":302,\"height\":232},{\"@type\":\"BreadcrumbList\",\"@id\":\"https:\/\/sandzakpress.net\/arhiva\/gornje-ljubinje-i-zupa-za-10\/#breadcrumb\",\"itemListElement\":[{\"@type\":\"ListItem\",\"position\":1,\"name\":\"Home\",\"item\":\"https:\/\/sandzakpress.net\/arhiva\/\"},{\"@type\":\"ListItem\",\"position\":2,\"name\":\"Gornje Ljubinje i \u017dupa za 10+\"}]},{\"@type\":\"WebSite\",\"@id\":\"https:\/\/sandzakpress.net\/arhiva\/#website\",\"url\":\"https:\/\/sandzakpress.net\/arhiva\/\",\"name\":\"Sand\u017eak PRESS\",\"description\":\"Prve elektronske novine u Sand\u017eaku\",\"publisher\":{\"@id\":\"https:\/\/sandzakpress.net\/arhiva\/#\/schema\/person\/6e72b67d6e51910a1117b3b483ba20bd\"},\"potentialAction\":[{\"@type\":\"SearchAction\",\"target\":{\"@type\":\"EntryPoint\",\"urlTemplate\":\"https:\/\/sandzakpress.net\/arhiva\/?s={search_term_string}\"},\"query-input\":{\"@type\":\"PropertyValueSpecification\",\"valueRequired\":true,\"valueName\":\"search_term_string\"}}],\"inLanguage\":\"bs-BA\"},{\"@type\":[\"Person\",\"Organization\"],\"@id\":\"https:\/\/sandzakpress.net\/arhiva\/#\/schema\/person\/6e72b67d6e51910a1117b3b483ba20bd\",\"name\":\"Kul\",\"image\":{\"@type\":\"ImageObject\",\"inLanguage\":\"bs-BA\",\"@id\":\"https:\/\/sandzakpress.net\/arhiva\/#\/schema\/person\/image\/\",\"url\":\"https:\/\/secure.gravatar.com\/avatar\/42263f39aa27ac04c43cab85c280eb2e?s=96&d=mm&r=pg\",\"contentUrl\":\"https:\/\/secure.gravatar.com\/avatar\/42263f39aa27ac04c43cab85c280eb2e?s=96&d=mm&r=pg\",\"caption\":\"Kul\"},\"logo\":{\"@id\":\"https:\/\/sandzakpress.net\/arhiva\/#\/schema\/person\/image\/\"}},{\"@type\":\"Person\",\"@id\":\"\",\"url\":\"https:\/\/sandzakpress.net\/arhiva\/author\/\"}]}<\/script>\n<!-- \/ Yoast SEO Premium plugin. -->","yoast_head_json":{"title":"Gornje Ljubinje i \u017dupa za 10+","robots":{"index":"index","follow":"follow","max-snippet":"max-snippet:-1","max-image-preview":"max-image-preview:large","max-video-preview":"max-video-preview:-1"},"canonical":"https:\/\/sandzakpress.net\/arhiva\/gornje-ljubinje-i-zupa-za-10\/","og_locale":"bs_BA","og_type":"article","og_title":"Gornje Ljubinje i \u017dupa za 10+","og_description":"Kosovo &#8211; Ovo je pravi raj na zemlji, ovdje je prelijepo\u201c, rije\u010di su Halila Kolenovi\u0107a, jednog od mnogobrojnih gostiju ina\u010de prizrenskog zeta koji je do\u0161ao iz San Dijega u Americi, da bi sa svojom porodicom propratio vjersko-kulturnu manifestaciju \u201cSunet &#8211; Gornje Ljubinje 2011\u201c. Ova manifestacija se odr\u017eava svakih pet godina i tradicionalnog je karaktera vi\u0161e [&hellip;]","og_url":"https:\/\/sandzakpress.net\/arhiva\/gornje-ljubinje-i-zupa-za-10\/","og_site_name":"Sand\u017eak PRESS","article_published_time":"2011-07-28T11:24:35+00:00","og_image":[{"width":302,"height":232,"url":"https:\/\/sandzakpress.net\/arhiva\/wp-content\/uploads\/2011\/07\/slj-075.jpg","type":"image\/jpeg"}],"twitter_card":"summary_large_image","twitter_misc":{"Written by":"","Est. reading time":"4 minute"},"schema":{"@context":"https:\/\/schema.org","@graph":[{"@type":"Article","@id":"https:\/\/sandzakpress.net\/arhiva\/gornje-ljubinje-i-zupa-za-10\/#article","isPartOf":{"@id":"https:\/\/sandzakpress.net\/arhiva\/gornje-ljubinje-i-zupa-za-10\/"},"author":{"name":"","@id":""},"headline":"Gornje Ljubinje i \u017dupa za 10+","datePublished":"2011-07-28T11:24:35+00:00","mainEntityOfPage":{"@id":"https:\/\/sandzakpress.net\/arhiva\/gornje-ljubinje-i-zupa-za-10\/"},"wordCount":758,"commentCount":0,"publisher":{"@id":"https:\/\/sandzakpress.net\/arhiva\/#\/schema\/person\/6e72b67d6e51910a1117b3b483ba20bd"},"image":{"@id":"https:\/\/sandzakpress.net\/arhiva\/gornje-ljubinje-i-zupa-za-10\/#primaryimage"},"thumbnailUrl":"https:\/\/sandzakpress.net\/arhiva\/wp-content\/uploads\/2011\/07\/slj-075.jpg","articleSection":["Kosovo","Dru\u0161tvo"],"inLanguage":"bs-BA","potentialAction":[{"@type":"CommentAction","name":"Comment","target":["https:\/\/sandzakpress.net\/arhiva\/gornje-ljubinje-i-zupa-za-10\/#respond"]}]},{"@type":"WebPage","@id":"https:\/\/sandzakpress.net\/arhiva\/gornje-ljubinje-i-zupa-za-10\/","url":"https:\/\/sandzakpress.net\/arhiva\/gornje-ljubinje-i-zupa-za-10\/","name":"Gornje Ljubinje i \u017dupa za 10+","isPartOf":{"@id":"https:\/\/sandzakpress.net\/arhiva\/#website"},"primaryImageOfPage":{"@id":"https:\/\/sandzakpress.net\/arhiva\/gornje-ljubinje-i-zupa-za-10\/#primaryimage"},"image":{"@id":"https:\/\/sandzakpress.net\/arhiva\/gornje-ljubinje-i-zupa-za-10\/#primaryimage"},"thumbnailUrl":"https:\/\/sandzakpress.net\/arhiva\/wp-content\/uploads\/2011\/07\/slj-075.jpg","datePublished":"2011-07-28T11:24:35+00:00","breadcrumb":{"@id":"https:\/\/sandzakpress.net\/arhiva\/gornje-ljubinje-i-zupa-za-10\/#breadcrumb"},"inLanguage":"bs-BA","potentialAction":[{"@type":"ReadAction","target":["https:\/\/sandzakpress.net\/arhiva\/gornje-ljubinje-i-zupa-za-10\/"]}]},{"@type":"ImageObject","inLanguage":"bs-BA","@id":"https:\/\/sandzakpress.net\/arhiva\/gornje-ljubinje-i-zupa-za-10\/#primaryimage","url":"https:\/\/sandzakpress.net\/arhiva\/wp-content\/uploads\/2011\/07\/slj-075.jpg","contentUrl":"https:\/\/sandzakpress.net\/arhiva\/wp-content\/uploads\/2011\/07\/slj-075.jpg","width":302,"height":232},{"@type":"BreadcrumbList","@id":"https:\/\/sandzakpress.net\/arhiva\/gornje-ljubinje-i-zupa-za-10\/#breadcrumb","itemListElement":[{"@type":"ListItem","position":1,"name":"Home","item":"https:\/\/sandzakpress.net\/arhiva\/"},{"@type":"ListItem","position":2,"name":"Gornje Ljubinje i \u017dupa za 10+"}]},{"@type":"WebSite","@id":"https:\/\/sandzakpress.net\/arhiva\/#website","url":"https:\/\/sandzakpress.net\/arhiva\/","name":"Sand\u017eak PRESS","description":"Prve elektronske novine u Sand\u017eaku","publisher":{"@id":"https:\/\/sandzakpress.net\/arhiva\/#\/schema\/person\/6e72b67d6e51910a1117b3b483ba20bd"},"potentialAction":[{"@type":"SearchAction","target":{"@type":"EntryPoint","urlTemplate":"https:\/\/sandzakpress.net\/arhiva\/?s={search_term_string}"},"query-input":{"@type":"PropertyValueSpecification","valueRequired":true,"valueName":"search_term_string"}}],"inLanguage":"bs-BA"},{"@type":["Person","Organization"],"@id":"https:\/\/sandzakpress.net\/arhiva\/#\/schema\/person\/6e72b67d6e51910a1117b3b483ba20bd","name":"Kul","image":{"@type":"ImageObject","inLanguage":"bs-BA","@id":"https:\/\/sandzakpress.net\/arhiva\/#\/schema\/person\/image\/","url":"https:\/\/secure.gravatar.com\/avatar\/42263f39aa27ac04c43cab85c280eb2e?s=96&d=mm&r=pg","contentUrl":"https:\/\/secure.gravatar.com\/avatar\/42263f39aa27ac04c43cab85c280eb2e?s=96&d=mm&r=pg","caption":"Kul"},"logo":{"@id":"https:\/\/sandzakpress.net\/arhiva\/#\/schema\/person\/image\/"}},{"@type":"Person","@id":"","url":"https:\/\/sandzakpress.net\/arhiva\/author\/"}]}},"_links":{"self":[{"href":"https:\/\/sandzakpress.net\/arhiva\/wp-json\/wp\/v2\/posts\/18067"}],"collection":[{"href":"https:\/\/sandzakpress.net\/arhiva\/wp-json\/wp\/v2\/posts"}],"about":[{"href":"https:\/\/sandzakpress.net\/arhiva\/wp-json\/wp\/v2\/types\/post"}],"author":[{"embeddable":true,"href":"https:\/\/sandzakpress.net\/arhiva\/wp-json\/wp\/v2\/users\/13"}],"replies":[{"embeddable":true,"href":"https:\/\/sandzakpress.net\/arhiva\/wp-json\/wp\/v2\/comments?post=18067"}],"version-history":[{"count":0,"href":"https:\/\/sandzakpress.net\/arhiva\/wp-json\/wp\/v2\/posts\/18067\/revisions"}],"wp:featuredmedia":[{"embeddable":true,"href":"https:\/\/sandzakpress.net\/arhiva\/wp-json\/wp\/v2\/media\/18068"}],"wp:attachment":[{"href":"https:\/\/sandzakpress.net\/arhiva\/wp-json\/wp\/v2\/media?parent=18067"}],"wp:term":[{"taxonomy":"category","embeddable":true,"href":"https:\/\/sandzakpress.net\/arhiva\/wp-json\/wp\/v2\/categories?post=18067"},{"taxonomy":"post_tag","embeddable":true,"href":"https:\/\/sandzakpress.net\/arhiva\/wp-json\/wp\/v2\/tags?post=18067"}],"curies":[{"name":"wp","href":"https:\/\/api.w.org\/{rel}","templated":true}]}}