{"id":180368,"date":"2017-02-22T10:33:26","date_gmt":"2017-02-22T09:33:26","guid":{"rendered":"https:\/\/sandzakpress.net\/arhiva\/turska-odgovorila-na-prijetnje-teherana-iran-bi-trebao-da-preispita-svoju-regionalnu-politiku"},"modified":"2017-02-22T10:33:26","modified_gmt":"2017-02-22T09:33:26","slug":"turska-odgovorila-na-prijetnje-teherana-iran-bi-trebao-da-preispita-svoju-regionalnu-politiku","status":"publish","type":"post","link":"https:\/\/sandzakpress.net\/arhiva\/turska-odgovorila-na-prijetnje-teherana-iran-bi-trebao-da-preispita-svoju-regionalnu-politiku\/","title":{"rendered":"Turska odgovorila na prijetnje Teherana: Iran bi trebao da preispita svoju regionalnu politiku"},"content":{"rendered":"<p><span class=\"cb-itemprop\"><\/p>\n<p><img loading=\"lazy\" decoding=\"async\" class=\"\" src=\"http:\/\/saff.ba\/wp-content\/uploads\/2017\/02\/58abb8b71ef6b.jpg\" alt=\"Turska odgovorila na prijetnje Teherana: Iran bi trebao da preispita svoju regionalnu politiku\" width=\"738\" height=\"415\" \/><\/p>\n<p><strong>Turska, Iran \u2013 \u201eUmjesto da optu\u017euje zemlje koje iznose kritike, Iran bi trebao da poduzme odre\u0111ene konstruktivne inicijative i preispita svoju regionalnu politiku\u201c, kazao je izme\u0111u ostalog Muftuoglu.<\/strong><\/p>\n<p>Turska je objavila da je neprihvatljivo da Iran, koji se ne ustru\u010dava da izbjeglice u zemlji \u0161alje na bojno polje, druge optu\u017euje za napetost i nestabilnost u regiji.<\/p>\n<p>Glasnogovornik ministarstva vanjskih poslova Huseyin Muftuoglu je odgovorio na izjavu portparola ministarstva vanjskih poslova Irana Behram Kasimija koji je kazao da su strpljivi po pitanju Turske, ali da njihovo strpljenje ima odre\u0111ene granice.<\/p>\n<p>Muftuoglu je kazao da se \u201eIzjava portparola ministarstva vanjskih poslova Kasimi, koji je kazao da mnogi podr\u017eavaju pravednu politiku Irana u regiji, kosi sa brojnim zabrinutostima i optu\u017ebama Ujedinjenih Naroda i Organizacije Islamske Saradnje u vezi politika ove zemlje\u201c.<\/p>\n<p>\u201eUmjesto da optu\u017euje zemlje koje iznose kritike, Iran bi trebao da poduzme odre\u0111ene konstruktivne inicijative i preispita svoju regionalnu politiku\u201c, kazao je izme\u0111u ostalog Muftuoglu.<\/p>\n<p>(trt.net.tr)<\/p>\n<p><\/span><br \/>\nPogledajte vijest na izvornom sajtu:<\/p>\n<p><a href=\"http:\/\/islampress.net\/28299\/turska-odgovorila-na-prijetnje-teherana-iran-bi-trebao-da-preispita-svoju-regionalnu-politiku\/\" target=\"_blank\">Turska odgovorila na prijetnje Teherana: Iran bi trebao da preispita svoju regionalnu politiku<\/a><\/p>\n","protected":false},"excerpt":{"rendered":"<p>Turska, Iran \u2013 \u201eUmjesto da optu\u017euje zemlje koje iznose kritike, Iran bi trebao da poduzme odre\u0111ene konstruktivne inicijative i preispita svoju regionalnu politiku\u201c, kazao je izme\u0111u ostalog Muftuoglu. Turska je objavila da je neprihvatljivo da Iran, koji se ne ustru\u010dava da izbjeglice u zemlji \u0161alje na bojno polje, druge optu\u017euje za napetost i nestabilnost u [&hellip;]<\/p>\n","protected":false},"author":83,"featured_media":180370,"comment_status":"open","ping_status":"open","sticky":false,"template":"","format":"standard","meta":{"footnotes":""},"categories":[10514],"tags":[10516],"class_list":{"0":"post-180368","1":"post","2":"type-post","3":"status-publish","4":"format-standard","5":"has-post-thumbnail","7":"category-islam-press","8":"tag-islam"},"yoast_head":"<!-- This site is optimized with the Yoast SEO Premium plugin v23.1 (Yoast SEO v24.9) - https:\/\/yoast.com\/wordpress\/plugins\/seo\/ -->\n<title>Turska odgovorila na prijetnje Teherana: Iran bi trebao da preispita svoju regionalnu politiku<\/title>\n<meta name=\"robots\" content=\"index, follow, max-snippet:-1, max-image-preview:large, max-video-preview:-1\" \/>\n<link rel=\"canonical\" href=\"https:\/\/sandzakpress.net\/arhiva\/turska-odgovorila-na-prijetnje-teherana-iran-bi-trebao-da-preispita-svoju-regionalnu-politiku\/\" \/>\n<meta property=\"og:locale\" content=\"bs_BA\" \/>\n<meta property=\"og:type\" content=\"article\" \/>\n<meta property=\"og:title\" content=\"Turska odgovorila na prijetnje Teherana: Iran bi trebao da preispita svoju regionalnu politiku\" \/>\n<meta property=\"og:description\" content=\"Turska, Iran \u2013 \u201eUmjesto da optu\u017euje zemlje koje iznose kritike, Iran bi trebao da poduzme odre\u0111ene konstruktivne inicijative i preispita svoju regionalnu politiku\u201c, kazao je izme\u0111u ostalog Muftuoglu. Turska je objavila da je neprihvatljivo da Iran, koji se ne ustru\u010dava da izbjeglice u zemlji \u0161alje na bojno polje, druge optu\u017euje za napetost i nestabilnost u [&hellip;]\" \/>\n<meta property=\"og:url\" content=\"https:\/\/sandzakpress.net\/arhiva\/turska-odgovorila-na-prijetnje-teherana-iran-bi-trebao-da-preispita-svoju-regionalnu-politiku\/\" \/>\n<meta property=\"og:site_name\" content=\"Sand\u017eak PRESS\" \/>\n<meta property=\"article:published_time\" content=\"2017-02-22T09:33:26+00:00\" \/>\n<meta property=\"og:image\" content=\"https:\/\/sandzakpress.net\/arhiva\/wp-content\/uploads\/2017\/02\/58abb8b71ef6b-1.jpg\" \/>\n\t<meta property=\"og:image:width\" content=\"610\" \/>\n\t<meta property=\"og:image:height\" content=\"343\" \/>\n\t<meta property=\"og:image:type\" content=\"image\/jpeg\" \/>\n<meta name=\"author\" content=\"bosniak\" \/>\n<meta name=\"twitter:card\" content=\"summary_large_image\" \/>\n<meta name=\"twitter:label1\" content=\"Written by\" \/>\n\t<meta name=\"twitter:data1\" content=\"bosniak\" \/>\n\t<meta name=\"twitter:label2\" content=\"Est. reading time\" \/>\n\t<meta name=\"twitter:data2\" content=\"1 minuta\" \/>\n<script type=\"application\/ld+json\" class=\"yoast-schema-graph\">{\"@context\":\"https:\/\/schema.org\",\"@graph\":[{\"@type\":\"Article\",\"@id\":\"https:\/\/sandzakpress.net\/arhiva\/turska-odgovorila-na-prijetnje-teherana-iran-bi-trebao-da-preispita-svoju-regionalnu-politiku\/#article\",\"isPartOf\":{\"@id\":\"https:\/\/sandzakpress.net\/arhiva\/turska-odgovorila-na-prijetnje-teherana-iran-bi-trebao-da-preispita-svoju-regionalnu-politiku\/\"},\"author\":{\"name\":\"bosniak\",\"@id\":\"https:\/\/sandzakpress.net\/arhiva\/#\/schema\/person\/c8baee722073534b583ea7bdb2e36c02\"},\"headline\":\"Turska odgovorila na prijetnje Teherana: Iran bi trebao da preispita svoju regionalnu politiku\",\"datePublished\":\"2017-02-22T09:33:26+00:00\",\"mainEntityOfPage\":{\"@id\":\"https:\/\/sandzakpress.net\/arhiva\/turska-odgovorila-na-prijetnje-teherana-iran-bi-trebao-da-preispita-svoju-regionalnu-politiku\/\"},\"wordCount\":197,\"commentCount\":0,\"publisher\":{\"@id\":\"https:\/\/sandzakpress.net\/arhiva\/#\/schema\/person\/6e72b67d6e51910a1117b3b483ba20bd\"},\"image\":{\"@id\":\"https:\/\/sandzakpress.net\/arhiva\/turska-odgovorila-na-prijetnje-teherana-iran-bi-trebao-da-preispita-svoju-regionalnu-politiku\/#primaryimage\"},\"thumbnailUrl\":\"https:\/\/sandzakpress.net\/arhiva\/wp-content\/uploads\/2017\/02\/58abb8b71ef6b-1.jpg\",\"keywords\":[\"Islam\"],\"articleSection\":[\"Islam PRESS\"],\"inLanguage\":\"bs-BA\",\"potentialAction\":[{\"@type\":\"CommentAction\",\"name\":\"Comment\",\"target\":[\"https:\/\/sandzakpress.net\/arhiva\/turska-odgovorila-na-prijetnje-teherana-iran-bi-trebao-da-preispita-svoju-regionalnu-politiku\/#respond\"]}]},{\"@type\":\"WebPage\",\"@id\":\"https:\/\/sandzakpress.net\/arhiva\/turska-odgovorila-na-prijetnje-teherana-iran-bi-trebao-da-preispita-svoju-regionalnu-politiku\/\",\"url\":\"https:\/\/sandzakpress.net\/arhiva\/turska-odgovorila-na-prijetnje-teherana-iran-bi-trebao-da-preispita-svoju-regionalnu-politiku\/\",\"name\":\"Turska odgovorila na prijetnje Teherana: Iran bi trebao da preispita svoju regionalnu politiku\",\"isPartOf\":{\"@id\":\"https:\/\/sandzakpress.net\/arhiva\/#website\"},\"primaryImageOfPage\":{\"@id\":\"https:\/\/sandzakpress.net\/arhiva\/turska-odgovorila-na-prijetnje-teherana-iran-bi-trebao-da-preispita-svoju-regionalnu-politiku\/#primaryimage\"},\"image\":{\"@id\":\"https:\/\/sandzakpress.net\/arhiva\/turska-odgovorila-na-prijetnje-teherana-iran-bi-trebao-da-preispita-svoju-regionalnu-politiku\/#primaryimage\"},\"thumbnailUrl\":\"https:\/\/sandzakpress.net\/arhiva\/wp-content\/uploads\/2017\/02\/58abb8b71ef6b-1.jpg\",\"datePublished\":\"2017-02-22T09:33:26+00:00\",\"breadcrumb\":{\"@id\":\"https:\/\/sandzakpress.net\/arhiva\/turska-odgovorila-na-prijetnje-teherana-iran-bi-trebao-da-preispita-svoju-regionalnu-politiku\/#breadcrumb\"},\"inLanguage\":\"bs-BA\",\"potentialAction\":[{\"@type\":\"ReadAction\",\"target\":[\"https:\/\/sandzakpress.net\/arhiva\/turska-odgovorila-na-prijetnje-teherana-iran-bi-trebao-da-preispita-svoju-regionalnu-politiku\/\"]}]},{\"@type\":\"ImageObject\",\"inLanguage\":\"bs-BA\",\"@id\":\"https:\/\/sandzakpress.net\/arhiva\/turska-odgovorila-na-prijetnje-teherana-iran-bi-trebao-da-preispita-svoju-regionalnu-politiku\/#primaryimage\",\"url\":\"https:\/\/sandzakpress.net\/arhiva\/wp-content\/uploads\/2017\/02\/58abb8b71ef6b-1.jpg\",\"contentUrl\":\"https:\/\/sandzakpress.net\/arhiva\/wp-content\/uploads\/2017\/02\/58abb8b71ef6b-1.jpg\",\"width\":610,\"height\":343},{\"@type\":\"BreadcrumbList\",\"@id\":\"https:\/\/sandzakpress.net\/arhiva\/turska-odgovorila-na-prijetnje-teherana-iran-bi-trebao-da-preispita-svoju-regionalnu-politiku\/#breadcrumb\",\"itemListElement\":[{\"@type\":\"ListItem\",\"position\":1,\"name\":\"Home\",\"item\":\"https:\/\/sandzakpress.net\/arhiva\/\"},{\"@type\":\"ListItem\",\"position\":2,\"name\":\"Turska odgovorila na prijetnje Teherana: Iran bi trebao da preispita svoju regionalnu politiku\"}]},{\"@type\":\"WebSite\",\"@id\":\"https:\/\/sandzakpress.net\/arhiva\/#website\",\"url\":\"https:\/\/sandzakpress.net\/arhiva\/\",\"name\":\"Sand\u017eak PRESS\",\"description\":\"Prve elektronske novine u Sand\u017eaku\",\"publisher\":{\"@id\":\"https:\/\/sandzakpress.net\/arhiva\/#\/schema\/person\/6e72b67d6e51910a1117b3b483ba20bd\"},\"potentialAction\":[{\"@type\":\"SearchAction\",\"target\":{\"@type\":\"EntryPoint\",\"urlTemplate\":\"https:\/\/sandzakpress.net\/arhiva\/?s={search_term_string}\"},\"query-input\":{\"@type\":\"PropertyValueSpecification\",\"valueRequired\":true,\"valueName\":\"search_term_string\"}}],\"inLanguage\":\"bs-BA\"},{\"@type\":[\"Person\",\"Organization\"],\"@id\":\"https:\/\/sandzakpress.net\/arhiva\/#\/schema\/person\/6e72b67d6e51910a1117b3b483ba20bd\",\"name\":\"Kul\",\"image\":{\"@type\":\"ImageObject\",\"inLanguage\":\"bs-BA\",\"@id\":\"https:\/\/sandzakpress.net\/arhiva\/#\/schema\/person\/image\/\",\"url\":\"https:\/\/secure.gravatar.com\/avatar\/42263f39aa27ac04c43cab85c280eb2e?s=96&d=mm&r=pg\",\"contentUrl\":\"https:\/\/secure.gravatar.com\/avatar\/42263f39aa27ac04c43cab85c280eb2e?s=96&d=mm&r=pg\",\"caption\":\"Kul\"},\"logo\":{\"@id\":\"https:\/\/sandzakpress.net\/arhiva\/#\/schema\/person\/image\/\"}},{\"@type\":\"Person\",\"@id\":\"https:\/\/sandzakpress.net\/arhiva\/#\/schema\/person\/c8baee722073534b583ea7bdb2e36c02\",\"name\":\"bosniak\",\"image\":{\"@type\":\"ImageObject\",\"inLanguage\":\"bs-BA\",\"@id\":\"https:\/\/sandzakpress.net\/arhiva\/#\/schema\/person\/image\/\",\"url\":\"https:\/\/secure.gravatar.com\/avatar\/a04fd330bfe3a36a72a0ad4a6d89fca7?s=96&d=mm&r=pg\",\"contentUrl\":\"https:\/\/secure.gravatar.com\/avatar\/a04fd330bfe3a36a72a0ad4a6d89fca7?s=96&d=mm&r=pg\",\"caption\":\"bosniak\"},\"url\":\"https:\/\/sandzakpress.net\/arhiva\/author\/bosniak\/\"}]}<\/script>\n<!-- \/ Yoast SEO Premium plugin. -->","yoast_head_json":{"title":"Turska odgovorila na prijetnje Teherana: Iran bi trebao da preispita svoju regionalnu politiku","robots":{"index":"index","follow":"follow","max-snippet":"max-snippet:-1","max-image-preview":"max-image-preview:large","max-video-preview":"max-video-preview:-1"},"canonical":"https:\/\/sandzakpress.net\/arhiva\/turska-odgovorila-na-prijetnje-teherana-iran-bi-trebao-da-preispita-svoju-regionalnu-politiku\/","og_locale":"bs_BA","og_type":"article","og_title":"Turska odgovorila na prijetnje Teherana: Iran bi trebao da preispita svoju regionalnu politiku","og_description":"Turska, Iran \u2013 \u201eUmjesto da optu\u017euje zemlje koje iznose kritike, Iran bi trebao da poduzme odre\u0111ene konstruktivne inicijative i preispita svoju regionalnu politiku\u201c, kazao je izme\u0111u ostalog Muftuoglu. Turska je objavila da je neprihvatljivo da Iran, koji se ne ustru\u010dava da izbjeglice u zemlji \u0161alje na bojno polje, druge optu\u017euje za napetost i nestabilnost u [&hellip;]","og_url":"https:\/\/sandzakpress.net\/arhiva\/turska-odgovorila-na-prijetnje-teherana-iran-bi-trebao-da-preispita-svoju-regionalnu-politiku\/","og_site_name":"Sand\u017eak PRESS","article_published_time":"2017-02-22T09:33:26+00:00","og_image":[{"width":610,"height":343,"url":"https:\/\/sandzakpress.net\/arhiva\/wp-content\/uploads\/2017\/02\/58abb8b71ef6b-1.jpg","type":"image\/jpeg"}],"author":"bosniak","twitter_card":"summary_large_image","twitter_misc":{"Written by":"bosniak","Est. reading time":"1 minuta"},"schema":{"@context":"https:\/\/schema.org","@graph":[{"@type":"Article","@id":"https:\/\/sandzakpress.net\/arhiva\/turska-odgovorila-na-prijetnje-teherana-iran-bi-trebao-da-preispita-svoju-regionalnu-politiku\/#article","isPartOf":{"@id":"https:\/\/sandzakpress.net\/arhiva\/turska-odgovorila-na-prijetnje-teherana-iran-bi-trebao-da-preispita-svoju-regionalnu-politiku\/"},"author":{"name":"bosniak","@id":"https:\/\/sandzakpress.net\/arhiva\/#\/schema\/person\/c8baee722073534b583ea7bdb2e36c02"},"headline":"Turska odgovorila na prijetnje Teherana: Iran bi trebao da preispita svoju regionalnu politiku","datePublished":"2017-02-22T09:33:26+00:00","mainEntityOfPage":{"@id":"https:\/\/sandzakpress.net\/arhiva\/turska-odgovorila-na-prijetnje-teherana-iran-bi-trebao-da-preispita-svoju-regionalnu-politiku\/"},"wordCount":197,"commentCount":0,"publisher":{"@id":"https:\/\/sandzakpress.net\/arhiva\/#\/schema\/person\/6e72b67d6e51910a1117b3b483ba20bd"},"image":{"@id":"https:\/\/sandzakpress.net\/arhiva\/turska-odgovorila-na-prijetnje-teherana-iran-bi-trebao-da-preispita-svoju-regionalnu-politiku\/#primaryimage"},"thumbnailUrl":"https:\/\/sandzakpress.net\/arhiva\/wp-content\/uploads\/2017\/02\/58abb8b71ef6b-1.jpg","keywords":["Islam"],"articleSection":["Islam PRESS"],"inLanguage":"bs-BA","potentialAction":[{"@type":"CommentAction","name":"Comment","target":["https:\/\/sandzakpress.net\/arhiva\/turska-odgovorila-na-prijetnje-teherana-iran-bi-trebao-da-preispita-svoju-regionalnu-politiku\/#respond"]}]},{"@type":"WebPage","@id":"https:\/\/sandzakpress.net\/arhiva\/turska-odgovorila-na-prijetnje-teherana-iran-bi-trebao-da-preispita-svoju-regionalnu-politiku\/","url":"https:\/\/sandzakpress.net\/arhiva\/turska-odgovorila-na-prijetnje-teherana-iran-bi-trebao-da-preispita-svoju-regionalnu-politiku\/","name":"Turska odgovorila na prijetnje Teherana: Iran bi trebao da preispita svoju regionalnu politiku","isPartOf":{"@id":"https:\/\/sandzakpress.net\/arhiva\/#website"},"primaryImageOfPage":{"@id":"https:\/\/sandzakpress.net\/arhiva\/turska-odgovorila-na-prijetnje-teherana-iran-bi-trebao-da-preispita-svoju-regionalnu-politiku\/#primaryimage"},"image":{"@id":"https:\/\/sandzakpress.net\/arhiva\/turska-odgovorila-na-prijetnje-teherana-iran-bi-trebao-da-preispita-svoju-regionalnu-politiku\/#primaryimage"},"thumbnailUrl":"https:\/\/sandzakpress.net\/arhiva\/wp-content\/uploads\/2017\/02\/58abb8b71ef6b-1.jpg","datePublished":"2017-02-22T09:33:26+00:00","breadcrumb":{"@id":"https:\/\/sandzakpress.net\/arhiva\/turska-odgovorila-na-prijetnje-teherana-iran-bi-trebao-da-preispita-svoju-regionalnu-politiku\/#breadcrumb"},"inLanguage":"bs-BA","potentialAction":[{"@type":"ReadAction","target":["https:\/\/sandzakpress.net\/arhiva\/turska-odgovorila-na-prijetnje-teherana-iran-bi-trebao-da-preispita-svoju-regionalnu-politiku\/"]}]},{"@type":"ImageObject","inLanguage":"bs-BA","@id":"https:\/\/sandzakpress.net\/arhiva\/turska-odgovorila-na-prijetnje-teherana-iran-bi-trebao-da-preispita-svoju-regionalnu-politiku\/#primaryimage","url":"https:\/\/sandzakpress.net\/arhiva\/wp-content\/uploads\/2017\/02\/58abb8b71ef6b-1.jpg","contentUrl":"https:\/\/sandzakpress.net\/arhiva\/wp-content\/uploads\/2017\/02\/58abb8b71ef6b-1.jpg","width":610,"height":343},{"@type":"BreadcrumbList","@id":"https:\/\/sandzakpress.net\/arhiva\/turska-odgovorila-na-prijetnje-teherana-iran-bi-trebao-da-preispita-svoju-regionalnu-politiku\/#breadcrumb","itemListElement":[{"@type":"ListItem","position":1,"name":"Home","item":"https:\/\/sandzakpress.net\/arhiva\/"},{"@type":"ListItem","position":2,"name":"Turska odgovorila na prijetnje Teherana: Iran bi trebao da preispita svoju regionalnu politiku"}]},{"@type":"WebSite","@id":"https:\/\/sandzakpress.net\/arhiva\/#website","url":"https:\/\/sandzakpress.net\/arhiva\/","name":"Sand\u017eak PRESS","description":"Prve elektronske novine u Sand\u017eaku","publisher":{"@id":"https:\/\/sandzakpress.net\/arhiva\/#\/schema\/person\/6e72b67d6e51910a1117b3b483ba20bd"},"potentialAction":[{"@type":"SearchAction","target":{"@type":"EntryPoint","urlTemplate":"https:\/\/sandzakpress.net\/arhiva\/?s={search_term_string}"},"query-input":{"@type":"PropertyValueSpecification","valueRequired":true,"valueName":"search_term_string"}}],"inLanguage":"bs-BA"},{"@type":["Person","Organization"],"@id":"https:\/\/sandzakpress.net\/arhiva\/#\/schema\/person\/6e72b67d6e51910a1117b3b483ba20bd","name":"Kul","image":{"@type":"ImageObject","inLanguage":"bs-BA","@id":"https:\/\/sandzakpress.net\/arhiva\/#\/schema\/person\/image\/","url":"https:\/\/secure.gravatar.com\/avatar\/42263f39aa27ac04c43cab85c280eb2e?s=96&d=mm&r=pg","contentUrl":"https:\/\/secure.gravatar.com\/avatar\/42263f39aa27ac04c43cab85c280eb2e?s=96&d=mm&r=pg","caption":"Kul"},"logo":{"@id":"https:\/\/sandzakpress.net\/arhiva\/#\/schema\/person\/image\/"}},{"@type":"Person","@id":"https:\/\/sandzakpress.net\/arhiva\/#\/schema\/person\/c8baee722073534b583ea7bdb2e36c02","name":"bosniak","image":{"@type":"ImageObject","inLanguage":"bs-BA","@id":"https:\/\/sandzakpress.net\/arhiva\/#\/schema\/person\/image\/","url":"https:\/\/secure.gravatar.com\/avatar\/a04fd330bfe3a36a72a0ad4a6d89fca7?s=96&d=mm&r=pg","contentUrl":"https:\/\/secure.gravatar.com\/avatar\/a04fd330bfe3a36a72a0ad4a6d89fca7?s=96&d=mm&r=pg","caption":"bosniak"},"url":"https:\/\/sandzakpress.net\/arhiva\/author\/bosniak\/"}]}},"_links":{"self":[{"href":"https:\/\/sandzakpress.net\/arhiva\/wp-json\/wp\/v2\/posts\/180368"}],"collection":[{"href":"https:\/\/sandzakpress.net\/arhiva\/wp-json\/wp\/v2\/posts"}],"about":[{"href":"https:\/\/sandzakpress.net\/arhiva\/wp-json\/wp\/v2\/types\/post"}],"author":[{"embeddable":true,"href":"https:\/\/sandzakpress.net\/arhiva\/wp-json\/wp\/v2\/users\/83"}],"replies":[{"embeddable":true,"href":"https:\/\/sandzakpress.net\/arhiva\/wp-json\/wp\/v2\/comments?post=180368"}],"version-history":[{"count":0,"href":"https:\/\/sandzakpress.net\/arhiva\/wp-json\/wp\/v2\/posts\/180368\/revisions"}],"wp:featuredmedia":[{"embeddable":true,"href":"https:\/\/sandzakpress.net\/arhiva\/wp-json\/wp\/v2\/media\/180370"}],"wp:attachment":[{"href":"https:\/\/sandzakpress.net\/arhiva\/wp-json\/wp\/v2\/media?parent=180368"}],"wp:term":[{"taxonomy":"category","embeddable":true,"href":"https:\/\/sandzakpress.net\/arhiva\/wp-json\/wp\/v2\/categories?post=180368"},{"taxonomy":"post_tag","embeddable":true,"href":"https:\/\/sandzakpress.net\/arhiva\/wp-json\/wp\/v2\/tags?post=180368"}],"curies":[{"name":"wp","href":"https:\/\/api.w.org\/{rel}","templated":true}]}}