{"id":180257,"date":"2017-02-21T12:47:43","date_gmt":"2017-02-21T11:47:43","guid":{"rendered":"https:\/\/sandzakpress.net\/arhiva\/?p=180257"},"modified":"2017-02-21T12:47:43","modified_gmt":"2017-02-21T11:47:43","slug":"sandzak-pronadena-dva-ukradena-automobila","status":"publish","type":"post","link":"https:\/\/sandzakpress.net\/arhiva\/sandzak-pronadena-dva-ukradena-automobila\/","title":{"rendered":"Sand\u017eak &#8211; Prona\u0111ena dva ukradena automobila"},"content":{"rendered":"<p><img decoding=\"async\" src=\"http:\/\/www.sandzaklive.rs\/images\/2\/ef73ac3e46fbcfcf10750d989a980db9.jpg\" alt=\"ef73ac3e46fbcfcf10750d989a980db9\" \/><\/p>\n<p><strong>Dodaje se da je o doga\u0111aju je obavije\u0161ten dr\u017eavni tu\u017eilac u Osnovnom dr\u017eavnom tu\u017eila\u0161tvu u Beranama, od kojeg su policajci zatra\u017eili a potom i dobili naredbu za vje\u0161ta\u010denje ovog vozila<\/strong><\/p>\n<p>Beranska policija prona\u0161la\u00a0je dva ukradena\u00a0vozila i to jedno koje je prije godinu i po dana ukradeno\u00a0na Kosovu, dok su drugo vozilo koje je ukradeno u Plavu prona\u0161li u Beranama.<\/p>\n<p>&#8220;Slu\u017ebenici Uprave policije MUP-a \u2013 Centra bezbjednosti Berane prona\u0161li su dva otu\u0111ena vozila i to jedno koje je prije godinu i po dana otu\u0111eno na Kosovu, dok su drugo vozilo koje je otu\u0111eno u Plavu prona\u0161li u Beranama istog dana kada je i otu\u0111eno. Naime, slu\u017ebenici CB Berane su 25. jula 2016. godine u centru Berana kontrolisali putni\u010dko motorno vozilo \u201eBMW X 5\u201c, inostranih registarskih oznaka, kojim je upravljao N.J. (25) iz Berana. Policijski slu\u017ebenici su raspolagali saznanjem da je na vozilu koje koristi N.J. falsifikovan broj \u0161asije, te su ga stoga privremeno oduzeli radi provjera&#8221;, navodi se u saop\u0161tenju.<\/p>\n<dl>\n<dt>Dodaje se da je o\u00a0doga\u0111aju je obavije\u0161ten dr\u017eavni tu\u017eilac u Osnovnom dr\u017eavnom tu\u017eila\u0161tvu u Beranama, od kojeg su policajci zatra\u017eili a potom i dobili naredbu za vje\u0161ta\u010denje ovog vozila.<\/dt>\n<\/dl>\n<p>&#8220;Vje\u0161a\u010denjem u Forenzi\u010dkom centru u Danilovgradu utvr\u0111eno je da je broj \u0161asije na pomenutom vozilu falsifikovan. Nakon toga, slu\u017ebenici CB Berane su putem NCB Interpol Podgorica izvr\u0161ili provjere. Sveukupne aktivnosti dovele su do saznanja da je pomenuto vozilo otu\u0111eno 08. avgusta 2015. godine u Prizrenu \u2013 Kosovo. Slu\u017ebenici CB Berane su protiv N.J. potom nadle\u017enom tu\u017eiocu podnijeli krivi\u010dnu prijavu, zbog osnovane sumnje da je po\u010dinio krivi\u010dno djelo faslifikovanje isprave. Dalje aktivnosti koje su preduzete dovele su do identifikovanja lica za koje se sumnja da je ovo vozilo otu\u0111ilo u Prizrenu. Radi se o M.\u0160. (37) iz Berana. Sumnja se da je M.\u0160, 08. avgusta 2015. godine u Prizrenu, navedeno vozilo \u201eBMW X5\u201c, vlasni\u0161tvo S.K. iz Prizrena, otu\u0111io iz privatnih prostorija ovog lica u kojima je vozilo bilo zaklju\u010dano. M.\u0160. je potom, kako se sumnja, vozilo prodao N.J. koji je zatim falsifikovao broj \u0161asije na motoru vozila kao i dokumenta za ovo vozilo koja je potom upotrijebio kao prava. Kona\u010dne potvrde putem jednog od biroa Interpola u inostranstvu u vezi sa ovim vozilom su pribavljene 09. februara 2017. godine, te je stoga, nakon ustupanja dijela dokumentacije od strane nadle\u017enih organa na Kosovu radi vo\u0111enja krivi\u010dnog postupka u na\u0161oj dr\u017eavi a u vezi sa krivi\u010dnim djelom po\u010dinjenim u inostanstvu, \u00a0krivi\u010dna prijava protiv M.\u0160, zbog te\u0161ke kra\u0111e u Prizrenu, nadle\u017enom tu\u017eiocu u Beranama podnijeta 16. februara 2017. godine&#8221;, navodi se u saop\u0161tenju.<\/p>\n<p>&nbsp;<\/p>\n<div class=\"moduletable\">\u00a0(agencije)<\/div>\n","protected":false},"excerpt":{"rendered":"<p>Dodaje se da je o doga\u0111aju je obavije\u0161ten dr\u017eavni tu\u017eilac u Osnovnom dr\u017eavnom tu\u017eila\u0161tvu u Beranama, od kojeg su policajci zatra\u017eili a potom i dobili naredbu za vje\u0161ta\u010denje ovog vozila Beranska policija prona\u0161la\u00a0je dva ukradena\u00a0vozila i to jedno koje je prije godinu i po dana ukradeno\u00a0na Kosovu, dok su drugo vozilo koje je ukradeno u [&hellip;]<\/p>\n","protected":false},"author":509,"featured_media":180262,"comment_status":"open","ping_status":"open","sticky":false,"template":"","format":"standard","meta":{"footnotes":""},"categories":[397,5,10429],"tags":[],"class_list":{"0":"post-180257","1":"post","2":"type-post","3":"status-publish","4":"format-standard","5":"has-post-thumbnail","7":"category-berane","8":"category-drustvo","9":"category-vazno"},"yoast_head":"<!-- This site is optimized with the Yoast SEO Premium plugin v23.1 (Yoast SEO v24.9) - https:\/\/yoast.com\/wordpress\/plugins\/seo\/ -->\n<title>Sand\u017eak - Prona\u0111ena dva ukradena automobila<\/title>\n<meta name=\"robots\" content=\"index, follow, max-snippet:-1, max-image-preview:large, max-video-preview:-1\" \/>\n<link rel=\"canonical\" href=\"https:\/\/sandzakpress.net\/arhiva\/sandzak-pronadena-dva-ukradena-automobila\/\" \/>\n<meta property=\"og:locale\" content=\"bs_BA\" \/>\n<meta property=\"og:type\" content=\"article\" \/>\n<meta property=\"og:title\" content=\"Sand\u017eak - Prona\u0111ena dva ukradena automobila\" \/>\n<meta property=\"og:description\" content=\"Dodaje se da je o doga\u0111aju je obavije\u0161ten dr\u017eavni tu\u017eilac u Osnovnom dr\u017eavnom tu\u017eila\u0161tvu u Beranama, od kojeg su policajci zatra\u017eili a potom i dobili naredbu za vje\u0161ta\u010denje ovog vozila Beranska policija prona\u0161la\u00a0je dva ukradena\u00a0vozila i to jedno koje je prije godinu i po dana ukradeno\u00a0na Kosovu, dok su drugo vozilo koje je ukradeno u [&hellip;]\" \/>\n<meta property=\"og:url\" content=\"https:\/\/sandzakpress.net\/arhiva\/sandzak-pronadena-dva-ukradena-automobila\/\" \/>\n<meta property=\"og:site_name\" content=\"Sand\u017eak PRESS\" \/>\n<meta property=\"article:published_time\" content=\"2017-02-21T11:47:43+00:00\" \/>\n<meta property=\"og:image\" content=\"https:\/\/sandzakpress.net\/arhiva\/wp-content\/uploads\/2017\/02\/ef73ac3e46fbcfcf10750d989a980db9.jpg\" \/>\n\t<meta property=\"og:image:width\" content=\"560\" \/>\n\t<meta property=\"og:image:height\" content=\"352\" \/>\n\t<meta property=\"og:image:type\" content=\"image\/jpeg\" \/>\n<meta name=\"author\" content=\"Agencija\" \/>\n<meta name=\"twitter:card\" content=\"summary_large_image\" \/>\n<meta name=\"twitter:label1\" content=\"Written by\" \/>\n\t<meta name=\"twitter:data1\" content=\"Agencija\" \/>\n\t<meta name=\"twitter:label2\" content=\"Est. reading time\" \/>\n\t<meta name=\"twitter:data2\" content=\"2 minute\" \/>\n<script type=\"application\/ld+json\" class=\"yoast-schema-graph\">{\"@context\":\"https:\/\/schema.org\",\"@graph\":[{\"@type\":\"Article\",\"@id\":\"https:\/\/sandzakpress.net\/arhiva\/sandzak-pronadena-dva-ukradena-automobila\/#article\",\"isPartOf\":{\"@id\":\"https:\/\/sandzakpress.net\/arhiva\/sandzak-pronadena-dva-ukradena-automobila\/\"},\"author\":{\"name\":\"Agencija\",\"@id\":\"https:\/\/sandzakpress.net\/arhiva\/#\/schema\/person\/cb59d7e3ab91ab90dd680ad0305a6185\"},\"headline\":\"Sand\u017eak &#8211; Prona\u0111ena dva ukradena automobila\",\"datePublished\":\"2017-02-21T11:47:43+00:00\",\"mainEntityOfPage\":{\"@id\":\"https:\/\/sandzakpress.net\/arhiva\/sandzak-pronadena-dva-ukradena-automobila\/\"},\"wordCount\":485,\"commentCount\":0,\"publisher\":{\"@id\":\"https:\/\/sandzakpress.net\/arhiva\/#\/schema\/person\/6e72b67d6e51910a1117b3b483ba20bd\"},\"image\":{\"@id\":\"https:\/\/sandzakpress.net\/arhiva\/sandzak-pronadena-dva-ukradena-automobila\/#primaryimage\"},\"thumbnailUrl\":\"https:\/\/sandzakpress.net\/arhiva\/wp-content\/uploads\/2017\/02\/ef73ac3e46fbcfcf10750d989a980db9.jpg\",\"articleSection\":[\"Berane\",\"Dru\u0161tvo\",\"VA\u017dNO!\"],\"inLanguage\":\"bs-BA\",\"potentialAction\":[{\"@type\":\"CommentAction\",\"name\":\"Comment\",\"target\":[\"https:\/\/sandzakpress.net\/arhiva\/sandzak-pronadena-dva-ukradena-automobila\/#respond\"]}]},{\"@type\":\"WebPage\",\"@id\":\"https:\/\/sandzakpress.net\/arhiva\/sandzak-pronadena-dva-ukradena-automobila\/\",\"url\":\"https:\/\/sandzakpress.net\/arhiva\/sandzak-pronadena-dva-ukradena-automobila\/\",\"name\":\"Sand\u017eak - Prona\u0111ena dva ukradena automobila\",\"isPartOf\":{\"@id\":\"https:\/\/sandzakpress.net\/arhiva\/#website\"},\"primaryImageOfPage\":{\"@id\":\"https:\/\/sandzakpress.net\/arhiva\/sandzak-pronadena-dva-ukradena-automobila\/#primaryimage\"},\"image\":{\"@id\":\"https:\/\/sandzakpress.net\/arhiva\/sandzak-pronadena-dva-ukradena-automobila\/#primaryimage\"},\"thumbnailUrl\":\"https:\/\/sandzakpress.net\/arhiva\/wp-content\/uploads\/2017\/02\/ef73ac3e46fbcfcf10750d989a980db9.jpg\",\"datePublished\":\"2017-02-21T11:47:43+00:00\",\"breadcrumb\":{\"@id\":\"https:\/\/sandzakpress.net\/arhiva\/sandzak-pronadena-dva-ukradena-automobila\/#breadcrumb\"},\"inLanguage\":\"bs-BA\",\"potentialAction\":[{\"@type\":\"ReadAction\",\"target\":[\"https:\/\/sandzakpress.net\/arhiva\/sandzak-pronadena-dva-ukradena-automobila\/\"]}]},{\"@type\":\"ImageObject\",\"inLanguage\":\"bs-BA\",\"@id\":\"https:\/\/sandzakpress.net\/arhiva\/sandzak-pronadena-dva-ukradena-automobila\/#primaryimage\",\"url\":\"https:\/\/sandzakpress.net\/arhiva\/wp-content\/uploads\/2017\/02\/ef73ac3e46fbcfcf10750d989a980db9.jpg\",\"contentUrl\":\"https:\/\/sandzakpress.net\/arhiva\/wp-content\/uploads\/2017\/02\/ef73ac3e46fbcfcf10750d989a980db9.jpg\",\"width\":560,\"height\":352},{\"@type\":\"BreadcrumbList\",\"@id\":\"https:\/\/sandzakpress.net\/arhiva\/sandzak-pronadena-dva-ukradena-automobila\/#breadcrumb\",\"itemListElement\":[{\"@type\":\"ListItem\",\"position\":1,\"name\":\"Home\",\"item\":\"https:\/\/sandzakpress.net\/arhiva\/\"},{\"@type\":\"ListItem\",\"position\":2,\"name\":\"Sand\u017eak &#8211; Prona\u0111ena dva ukradena automobila\"}]},{\"@type\":\"WebSite\",\"@id\":\"https:\/\/sandzakpress.net\/arhiva\/#website\",\"url\":\"https:\/\/sandzakpress.net\/arhiva\/\",\"name\":\"Sand\u017eak PRESS\",\"description\":\"Prve elektronske novine u Sand\u017eaku\",\"publisher\":{\"@id\":\"https:\/\/sandzakpress.net\/arhiva\/#\/schema\/person\/6e72b67d6e51910a1117b3b483ba20bd\"},\"potentialAction\":[{\"@type\":\"SearchAction\",\"target\":{\"@type\":\"EntryPoint\",\"urlTemplate\":\"https:\/\/sandzakpress.net\/arhiva\/?s={search_term_string}\"},\"query-input\":{\"@type\":\"PropertyValueSpecification\",\"valueRequired\":true,\"valueName\":\"search_term_string\"}}],\"inLanguage\":\"bs-BA\"},{\"@type\":[\"Person\",\"Organization\"],\"@id\":\"https:\/\/sandzakpress.net\/arhiva\/#\/schema\/person\/6e72b67d6e51910a1117b3b483ba20bd\",\"name\":\"Kul\",\"image\":{\"@type\":\"ImageObject\",\"inLanguage\":\"bs-BA\",\"@id\":\"https:\/\/sandzakpress.net\/arhiva\/#\/schema\/person\/image\/\",\"url\":\"https:\/\/secure.gravatar.com\/avatar\/42263f39aa27ac04c43cab85c280eb2e?s=96&d=mm&r=pg\",\"contentUrl\":\"https:\/\/secure.gravatar.com\/avatar\/42263f39aa27ac04c43cab85c280eb2e?s=96&d=mm&r=pg\",\"caption\":\"Kul\"},\"logo\":{\"@id\":\"https:\/\/sandzakpress.net\/arhiva\/#\/schema\/person\/image\/\"}},{\"@type\":\"Person\",\"@id\":\"https:\/\/sandzakpress.net\/arhiva\/#\/schema\/person\/cb59d7e3ab91ab90dd680ad0305a6185\",\"name\":\"Agencija\",\"image\":{\"@type\":\"ImageObject\",\"inLanguage\":\"bs-BA\",\"@id\":\"https:\/\/sandzakpress.net\/arhiva\/#\/schema\/person\/image\/\",\"url\":\"https:\/\/secure.gravatar.com\/avatar\/4b7fafa80a22f0c2afe23966b3961fe0?s=96&d=mm&r=pg\",\"contentUrl\":\"https:\/\/secure.gravatar.com\/avatar\/4b7fafa80a22f0c2afe23966b3961fe0?s=96&d=mm&r=pg\",\"caption\":\"Agencija\"},\"url\":\"https:\/\/sandzakpress.net\/arhiva\/author\/agencija\/\"}]}<\/script>\n<!-- \/ Yoast SEO Premium plugin. -->","yoast_head_json":{"title":"Sand\u017eak - Prona\u0111ena dva ukradena automobila","robots":{"index":"index","follow":"follow","max-snippet":"max-snippet:-1","max-image-preview":"max-image-preview:large","max-video-preview":"max-video-preview:-1"},"canonical":"https:\/\/sandzakpress.net\/arhiva\/sandzak-pronadena-dva-ukradena-automobila\/","og_locale":"bs_BA","og_type":"article","og_title":"Sand\u017eak - Prona\u0111ena dva ukradena automobila","og_description":"Dodaje se da je o doga\u0111aju je obavije\u0161ten dr\u017eavni tu\u017eilac u Osnovnom dr\u017eavnom tu\u017eila\u0161tvu u Beranama, od kojeg su policajci zatra\u017eili a potom i dobili naredbu za vje\u0161ta\u010denje ovog vozila Beranska policija prona\u0161la\u00a0je dva ukradena\u00a0vozila i to jedno koje je prije godinu i po dana ukradeno\u00a0na Kosovu, dok su drugo vozilo koje je ukradeno u [&hellip;]","og_url":"https:\/\/sandzakpress.net\/arhiva\/sandzak-pronadena-dva-ukradena-automobila\/","og_site_name":"Sand\u017eak PRESS","article_published_time":"2017-02-21T11:47:43+00:00","og_image":[{"width":560,"height":352,"url":"https:\/\/sandzakpress.net\/arhiva\/wp-content\/uploads\/2017\/02\/ef73ac3e46fbcfcf10750d989a980db9.jpg","type":"image\/jpeg"}],"author":"Agencija","twitter_card":"summary_large_image","twitter_misc":{"Written by":"Agencija","Est. reading time":"2 minute"},"schema":{"@context":"https:\/\/schema.org","@graph":[{"@type":"Article","@id":"https:\/\/sandzakpress.net\/arhiva\/sandzak-pronadena-dva-ukradena-automobila\/#article","isPartOf":{"@id":"https:\/\/sandzakpress.net\/arhiva\/sandzak-pronadena-dva-ukradena-automobila\/"},"author":{"name":"Agencija","@id":"https:\/\/sandzakpress.net\/arhiva\/#\/schema\/person\/cb59d7e3ab91ab90dd680ad0305a6185"},"headline":"Sand\u017eak &#8211; Prona\u0111ena dva ukradena automobila","datePublished":"2017-02-21T11:47:43+00:00","mainEntityOfPage":{"@id":"https:\/\/sandzakpress.net\/arhiva\/sandzak-pronadena-dva-ukradena-automobila\/"},"wordCount":485,"commentCount":0,"publisher":{"@id":"https:\/\/sandzakpress.net\/arhiva\/#\/schema\/person\/6e72b67d6e51910a1117b3b483ba20bd"},"image":{"@id":"https:\/\/sandzakpress.net\/arhiva\/sandzak-pronadena-dva-ukradena-automobila\/#primaryimage"},"thumbnailUrl":"https:\/\/sandzakpress.net\/arhiva\/wp-content\/uploads\/2017\/02\/ef73ac3e46fbcfcf10750d989a980db9.jpg","articleSection":["Berane","Dru\u0161tvo","VA\u017dNO!"],"inLanguage":"bs-BA","potentialAction":[{"@type":"CommentAction","name":"Comment","target":["https:\/\/sandzakpress.net\/arhiva\/sandzak-pronadena-dva-ukradena-automobila\/#respond"]}]},{"@type":"WebPage","@id":"https:\/\/sandzakpress.net\/arhiva\/sandzak-pronadena-dva-ukradena-automobila\/","url":"https:\/\/sandzakpress.net\/arhiva\/sandzak-pronadena-dva-ukradena-automobila\/","name":"Sand\u017eak - Prona\u0111ena dva ukradena automobila","isPartOf":{"@id":"https:\/\/sandzakpress.net\/arhiva\/#website"},"primaryImageOfPage":{"@id":"https:\/\/sandzakpress.net\/arhiva\/sandzak-pronadena-dva-ukradena-automobila\/#primaryimage"},"image":{"@id":"https:\/\/sandzakpress.net\/arhiva\/sandzak-pronadena-dva-ukradena-automobila\/#primaryimage"},"thumbnailUrl":"https:\/\/sandzakpress.net\/arhiva\/wp-content\/uploads\/2017\/02\/ef73ac3e46fbcfcf10750d989a980db9.jpg","datePublished":"2017-02-21T11:47:43+00:00","breadcrumb":{"@id":"https:\/\/sandzakpress.net\/arhiva\/sandzak-pronadena-dva-ukradena-automobila\/#breadcrumb"},"inLanguage":"bs-BA","potentialAction":[{"@type":"ReadAction","target":["https:\/\/sandzakpress.net\/arhiva\/sandzak-pronadena-dva-ukradena-automobila\/"]}]},{"@type":"ImageObject","inLanguage":"bs-BA","@id":"https:\/\/sandzakpress.net\/arhiva\/sandzak-pronadena-dva-ukradena-automobila\/#primaryimage","url":"https:\/\/sandzakpress.net\/arhiva\/wp-content\/uploads\/2017\/02\/ef73ac3e46fbcfcf10750d989a980db9.jpg","contentUrl":"https:\/\/sandzakpress.net\/arhiva\/wp-content\/uploads\/2017\/02\/ef73ac3e46fbcfcf10750d989a980db9.jpg","width":560,"height":352},{"@type":"BreadcrumbList","@id":"https:\/\/sandzakpress.net\/arhiva\/sandzak-pronadena-dva-ukradena-automobila\/#breadcrumb","itemListElement":[{"@type":"ListItem","position":1,"name":"Home","item":"https:\/\/sandzakpress.net\/arhiva\/"},{"@type":"ListItem","position":2,"name":"Sand\u017eak &#8211; Prona\u0111ena dva ukradena automobila"}]},{"@type":"WebSite","@id":"https:\/\/sandzakpress.net\/arhiva\/#website","url":"https:\/\/sandzakpress.net\/arhiva\/","name":"Sand\u017eak PRESS","description":"Prve elektronske novine u Sand\u017eaku","publisher":{"@id":"https:\/\/sandzakpress.net\/arhiva\/#\/schema\/person\/6e72b67d6e51910a1117b3b483ba20bd"},"potentialAction":[{"@type":"SearchAction","target":{"@type":"EntryPoint","urlTemplate":"https:\/\/sandzakpress.net\/arhiva\/?s={search_term_string}"},"query-input":{"@type":"PropertyValueSpecification","valueRequired":true,"valueName":"search_term_string"}}],"inLanguage":"bs-BA"},{"@type":["Person","Organization"],"@id":"https:\/\/sandzakpress.net\/arhiva\/#\/schema\/person\/6e72b67d6e51910a1117b3b483ba20bd","name":"Kul","image":{"@type":"ImageObject","inLanguage":"bs-BA","@id":"https:\/\/sandzakpress.net\/arhiva\/#\/schema\/person\/image\/","url":"https:\/\/secure.gravatar.com\/avatar\/42263f39aa27ac04c43cab85c280eb2e?s=96&d=mm&r=pg","contentUrl":"https:\/\/secure.gravatar.com\/avatar\/42263f39aa27ac04c43cab85c280eb2e?s=96&d=mm&r=pg","caption":"Kul"},"logo":{"@id":"https:\/\/sandzakpress.net\/arhiva\/#\/schema\/person\/image\/"}},{"@type":"Person","@id":"https:\/\/sandzakpress.net\/arhiva\/#\/schema\/person\/cb59d7e3ab91ab90dd680ad0305a6185","name":"Agencija","image":{"@type":"ImageObject","inLanguage":"bs-BA","@id":"https:\/\/sandzakpress.net\/arhiva\/#\/schema\/person\/image\/","url":"https:\/\/secure.gravatar.com\/avatar\/4b7fafa80a22f0c2afe23966b3961fe0?s=96&d=mm&r=pg","contentUrl":"https:\/\/secure.gravatar.com\/avatar\/4b7fafa80a22f0c2afe23966b3961fe0?s=96&d=mm&r=pg","caption":"Agencija"},"url":"https:\/\/sandzakpress.net\/arhiva\/author\/agencija\/"}]}},"_links":{"self":[{"href":"https:\/\/sandzakpress.net\/arhiva\/wp-json\/wp\/v2\/posts\/180257"}],"collection":[{"href":"https:\/\/sandzakpress.net\/arhiva\/wp-json\/wp\/v2\/posts"}],"about":[{"href":"https:\/\/sandzakpress.net\/arhiva\/wp-json\/wp\/v2\/types\/post"}],"author":[{"embeddable":true,"href":"https:\/\/sandzakpress.net\/arhiva\/wp-json\/wp\/v2\/users\/509"}],"replies":[{"embeddable":true,"href":"https:\/\/sandzakpress.net\/arhiva\/wp-json\/wp\/v2\/comments?post=180257"}],"version-history":[{"count":0,"href":"https:\/\/sandzakpress.net\/arhiva\/wp-json\/wp\/v2\/posts\/180257\/revisions"}],"wp:featuredmedia":[{"embeddable":true,"href":"https:\/\/sandzakpress.net\/arhiva\/wp-json\/wp\/v2\/media\/180262"}],"wp:attachment":[{"href":"https:\/\/sandzakpress.net\/arhiva\/wp-json\/wp\/v2\/media?parent=180257"}],"wp:term":[{"taxonomy":"category","embeddable":true,"href":"https:\/\/sandzakpress.net\/arhiva\/wp-json\/wp\/v2\/categories?post=180257"},{"taxonomy":"post_tag","embeddable":true,"href":"https:\/\/sandzakpress.net\/arhiva\/wp-json\/wp\/v2\/tags?post=180257"}],"curies":[{"name":"wp","href":"https:\/\/api.w.org\/{rel}","templated":true}]}}