{"id":180243,"date":"2017-02-21T11:31:41","date_gmt":"2017-02-21T10:31:41","guid":{"rendered":"https:\/\/sandzakpress.net\/arhiva\/?p=180243"},"modified":"2017-02-21T19:32:47","modified_gmt":"2017-02-21T18:32:47","slug":"ambasador-turske-pomoci-cemo-sandzak-ulaganjem-u-aerodrom-kod-kraljeva","status":"publish","type":"post","link":"https:\/\/sandzakpress.net\/arhiva\/ambasador-turske-pomoci-cemo-sandzak-ulaganjem-u-aerodrom-kod-kraljeva\/","title":{"rendered":"Ambasador Turske &#8211; Pomo\u0107i \u0107emo Sand\u017eak ulaganjem u aerodrom kod Kraljeva"},"content":{"rendered":"<p><img loading=\"lazy\" decoding=\"async\" class=\"\" src=\"http:\/\/cdn.trt.net.tr\/images\/large\/rectangle\/e683\/fef0\/5fac\/58abdf04cfd99.jpg?time=1487667485\" alt=\"Turska najavila vi\u0161e projekata za Sand\u017eak i Srbiju\" width=\"781\" height=\"439\" \/><\/p>\n<p><strong>Turska, Sand\u017eak\u00a0&#8211; Ambasador Turske u Beogradu Tanju Bilgi\u0107 izjavio je u Novom Pazaru da su odnosi Turske i Srbije veoma dobri i da \u0107e Turska pove\u0107ati broj i nastaviti s projektima u Sand\u017eaku i Srbiji<\/strong><\/p>\n<p>Ambasador Turske u Beogradu Tanju Bilgic izjavio je u Novom Pazaru da su odnosi Turske i Srbije veoma dobri. Bilgic, koji je prije dva mjeseca stupio na du\u017enost ambasadora u Srbiji, je tokom prve zvani\u010dne posjete Novom Pazaru i Sand\u017eaku najavio da \u0107e Turska pove\u0107ati broj i nastaviti s projektima u Sand\u017eaku i Srbiji.<\/p>\n<p>&#8220;Sand\u017eak je bio i osta\u0107e jedan veliki most saradnje izme\u0111u Republike Turske i Republike Srbije. U Sand\u017eaku se ne osje\u0107am kao stranac, isto tako se osje\u0107am u cijeloj Srbiji. Na\u0161e kulture su gotovo identi\u010dne, na\u0161a historija je zajedni\u010dka&#8221;, rekao je turski ambasador, nakon susreta sa gradona\u010delnikom Novog Pazara Nihadom Bi\u0161evcem.<\/p>\n<p>Odgovaraju\u0107i na novinarsko pitanje, ambasador Bilgic je istakao da \u0107e Turska ulagati u ve\u0107e projekte kao \u0161to su aerodrom &#8220;Morava&#8221; kod Kraljeva i pobolj\u0161anje putne infrastrukture u regiji Sand\u017eak.<\/p>\n<p>&#8220;Vezano za ove projekte, u pregovorima smo sa srbijanskim zvani\u010dnicima, oni su na na\u0161oj agendi, bilo je nekih tehni\u010dkih pitanja. Ovi projekti nisu zaboravljeni i sigurno \u0107e imati prioritet&#8221;, naveo je Bilgic naglasiv\u0161i da se nada da \u0107e uskoro medijima saop\u0161titi vijest u vezi puteva u Sand\u017eaku.<\/p>\n<p>&#8211; Turska spremna da svojim udjelom u\u010destvuje u modernizaciji aerodroma &#8220;Morava&#8221; kod Kraljeva &#8211;<\/p>\n<p>Podsjetiv\u0161i da je delegacija eksperata krajem 2016. godine posjetila Kraljevo i dionice puteva izme\u0111u Novog Pazara, Sjenice i Tutina, podvukao je da je Turska spremna da svojim udjelom u\u010destvuje u organizaciji realizacije projekta aerodroma &#8220;Morava&#8221; kod Kraljeva.<\/p>\n<p>&#8220;Zasigurno da postoji saradnja. Mi smo spremni da realizujemo na\u0161 dio koji je potreban za modernizaciju tog aerodroma&#8221;, naglasio je turski diplomata.<\/p>\n<p>Gradona\u010delnik Novog Pazara, Nihat Bi\u0161evac je u obra\u0107anju novinarima kazao da je tokom prve posjete Sand\u017eaku turskog ambasadora upoznao s ekonomskom i politi\u010dkom situacijom u regiji i da je dogovoren nastavak saradnje.<\/p>\n<p>&#8220;Znamo da je zadnjih godina intenzivirana saradnja izme\u0111u Srbije i Turske, na zadovoljstvo svih gra\u0111ana, tako i gra\u0111ana Sand\u017eaka. Novi Pazar i Sand\u017eak su most te dobre saradnje&#8221;, poru\u010dio je Bi\u0161evac.<\/p>\n<p>Bilgic je posjetio i Turski kulturni centar &#8220;Yunus Emre&#8221; u Novom Pazaru te razgovarao s polaznicima kursa turskog jezika.<\/p>\n<p>&#8211; Donacijom TIKA-e renovirana \u0161kola u Ra\u0161koj &#8211;<\/p>\n<p>Amabsador Turske u Srbiji, Tanju Bilgic je ranije posjetio Ra\u0161ku i prisustvovao sve\u010danosti povodom realizacije projekta obnove osnovne \u0161kole izgra\u0111ene prije 54 godine.<\/p>\n<p>Donacijom u vrijednosti od blizu 33 hiljade eura, Turska agencija za saradnju i koordinaciju (TIKA) je, zajedno s lokalnom samoupravom i upravom \u0161kole, realizovala projekat renovinaranje osnovne \u0161kola &#8220;Ra\u0161ka&#8221; u Ra\u0161koj.<\/p>\n<p>Nakon obilaska \u0161kole i dru\u017eenja sa djecom, turska delegacija je do\u010dekana uz poga\u010du i so, tradicionalan na\u010din do\u010deka gostiju u Srbiji.<\/p>\n<p>Za goste iz Turske ambasade i predstavnike TIKA-e, djeca, nastavnici i uprava \u0161kole priredili su prigodan scenski program.<\/p>\n<p>Predsjednik Op\u0161tine Ra\u0161ka, Ignjat Raketi\u0107 zahvalio se na, kako je rekao, zna\u010dajnoj donaciji turske Vlade i agencije TIKA za taj grad i izrazio o\u010dekivanje za nastavak saradnje.<\/p>\n<p>&#8220;Hvala TIKA-i \u0161to je uspjela da sve ovo organizuje, uljep\u0161a na\u0161u \u0161kolu i izgled na\u0161e Ra\u0161ke. Nadamo se da je ovo nastavak ve\u0107 jedne dobre saradnje koju imamo izme\u0111u Vlade Republike Turske, TIKA-e i na\u0161e op\u0161tine&#8221;, naveo je Raketi\u0107.<\/p>\n<p>Koordinator TIKA-e u Beogradu, Mehmet Bayrak je u obra\u0107anju na skupu rekao da TIKA poseban zna\u010daj pridaje obrazovanju i da je u Srbiji u toj oblasti dosad realizovano 58 projekata.<\/p>\n<p>&#8220;Nemam sumnje da \u0107e se na\u0161a saradnja s Ra\u0161kom nastaviti. Nadam se da \u0107emo se s lijepim projektima ponovo sresti&#8221;, poru\u010dio je Bayrak.<\/p>\n<p>Ambasador Bilgic je na sve\u010danosti najavio da \u0107e Turska nastaviti sa sli\u010dnim projektima u Ra\u0161koj, kao i u svim dijelovima Srbije.<\/p>\n<p>TIKA je ranije gra\u0111anima Ra\u0161ke donirala plastenike i hladnja\u010du, a projektom energetske efikasnosti za O\u0160 &#8220;Ra\u0161ka&#8221; ure\u0111ena je fasada i promijenjena stolarija na zgradi.<\/p>\n<p>(trt.net.tr)<\/p>\n","protected":false},"excerpt":{"rendered":"<p>Turska, Sand\u017eak\u00a0&#8211; Ambasador Turske u Beogradu Tanju Bilgi\u0107 izjavio je u Novom Pazaru da su odnosi Turske i Srbije veoma dobri i da \u0107e Turska pove\u0107ati broj i nastaviti s projektima u Sand\u017eaku i Srbiji Ambasador Turske u Beogradu Tanju Bilgic izjavio je u Novom Pazaru da su odnosi Turske i Srbije veoma dobri. Bilgic, [&hellip;]<\/p>\n","protected":false},"author":509,"featured_media":180245,"comment_status":"open","ping_status":"open","sticky":false,"template":"","format":"standard","meta":{"footnotes":""},"categories":[10307,3,8957,798,2692,10193],"tags":[],"class_list":{"0":"post-180243","1":"post","2":"type-post","3":"status-publish","4":"format-standard","5":"has-post-thumbnail","7":"category-srbija","8":"category-privreda","9":"category-vijesti-dana","10":"category-teme","11":"category-turska-gradovi","12":"category-sandzak-2"},"yoast_head":"<!-- This site is optimized with the Yoast SEO Premium plugin v23.1 (Yoast SEO v24.9) - https:\/\/yoast.com\/wordpress\/plugins\/seo\/ -->\n<title>Ambasador Turske - Pomo\u0107i \u0107emo Sand\u017eak ulaganjem u aerodrom kod Kraljeva<\/title>\n<meta name=\"robots\" content=\"index, follow, max-snippet:-1, max-image-preview:large, max-video-preview:-1\" \/>\n<link rel=\"canonical\" href=\"https:\/\/sandzakpress.net\/arhiva\/ambasador-turske-pomoci-cemo-sandzak-ulaganjem-u-aerodrom-kod-kraljeva\/\" \/>\n<meta property=\"og:locale\" content=\"bs_BA\" \/>\n<meta property=\"og:type\" content=\"article\" \/>\n<meta property=\"og:title\" content=\"Ambasador Turske - Pomo\u0107i \u0107emo Sand\u017eak ulaganjem u aerodrom kod Kraljeva\" \/>\n<meta property=\"og:description\" content=\"Turska, Sand\u017eak\u00a0&#8211; Ambasador Turske u Beogradu Tanju Bilgi\u0107 izjavio je u Novom Pazaru da su odnosi Turske i Srbije veoma dobri i da \u0107e Turska pove\u0107ati broj i nastaviti s projektima u Sand\u017eaku i Srbiji Ambasador Turske u Beogradu Tanju Bilgic izjavio je u Novom Pazaru da su odnosi Turske i Srbije veoma dobri. Bilgic, [&hellip;]\" \/>\n<meta property=\"og:url\" content=\"https:\/\/sandzakpress.net\/arhiva\/ambasador-turske-pomoci-cemo-sandzak-ulaganjem-u-aerodrom-kod-kraljeva\/\" \/>\n<meta property=\"og:site_name\" content=\"Sand\u017eak PRESS\" \/>\n<meta property=\"article:published_time\" content=\"2017-02-21T10:31:41+00:00\" \/>\n<meta property=\"article:modified_time\" content=\"2017-02-21T18:32:47+00:00\" \/>\n<meta property=\"og:image\" content=\"https:\/\/sandzakpress.net\/arhiva\/wp-content\/uploads\/2017\/02\/58abdf04cfd99.jpg\" \/>\n\t<meta property=\"og:image:width\" content=\"610\" \/>\n\t<meta property=\"og:image:height\" content=\"343\" \/>\n\t<meta property=\"og:image:type\" content=\"image\/jpeg\" \/>\n<meta name=\"author\" content=\"Agencija\" \/>\n<meta name=\"twitter:card\" content=\"summary_large_image\" \/>\n<meta name=\"twitter:label1\" content=\"Written by\" \/>\n\t<meta name=\"twitter:data1\" content=\"Agencija\" \/>\n\t<meta name=\"twitter:label2\" content=\"Est. reading time\" \/>\n\t<meta name=\"twitter:data2\" content=\"4 minute\" \/>\n<script type=\"application\/ld+json\" class=\"yoast-schema-graph\">{\"@context\":\"https:\/\/schema.org\",\"@graph\":[{\"@type\":\"Article\",\"@id\":\"https:\/\/sandzakpress.net\/arhiva\/ambasador-turske-pomoci-cemo-sandzak-ulaganjem-u-aerodrom-kod-kraljeva\/#article\",\"isPartOf\":{\"@id\":\"https:\/\/sandzakpress.net\/arhiva\/ambasador-turske-pomoci-cemo-sandzak-ulaganjem-u-aerodrom-kod-kraljeva\/\"},\"author\":{\"name\":\"Agencija\",\"@id\":\"https:\/\/sandzakpress.net\/arhiva\/#\/schema\/person\/cb59d7e3ab91ab90dd680ad0305a6185\"},\"headline\":\"Ambasador Turske &#8211; Pomo\u0107i \u0107emo Sand\u017eak ulaganjem u aerodrom kod Kraljeva\",\"datePublished\":\"2017-02-21T10:31:41+00:00\",\"dateModified\":\"2017-02-21T18:32:47+00:00\",\"mainEntityOfPage\":{\"@id\":\"https:\/\/sandzakpress.net\/arhiva\/ambasador-turske-pomoci-cemo-sandzak-ulaganjem-u-aerodrom-kod-kraljeva\/\"},\"wordCount\":729,\"commentCount\":11,\"publisher\":{\"@id\":\"https:\/\/sandzakpress.net\/arhiva\/#\/schema\/person\/6e72b67d6e51910a1117b3b483ba20bd\"},\"image\":{\"@id\":\"https:\/\/sandzakpress.net\/arhiva\/ambasador-turske-pomoci-cemo-sandzak-ulaganjem-u-aerodrom-kod-kraljeva\/#primaryimage\"},\"thumbnailUrl\":\"https:\/\/sandzakpress.net\/arhiva\/wp-content\/uploads\/2017\/02\/58abdf04cfd99.jpg\",\"articleSection\":[\"Srbija\",\"Privreda\",\"VIJESTI DANA\",\"NAJNOVIJE\",\"Turska\",\"Sand\u017eak\"],\"inLanguage\":\"bs-BA\",\"potentialAction\":[{\"@type\":\"CommentAction\",\"name\":\"Comment\",\"target\":[\"https:\/\/sandzakpress.net\/arhiva\/ambasador-turske-pomoci-cemo-sandzak-ulaganjem-u-aerodrom-kod-kraljeva\/#respond\"]}]},{\"@type\":\"WebPage\",\"@id\":\"https:\/\/sandzakpress.net\/arhiva\/ambasador-turske-pomoci-cemo-sandzak-ulaganjem-u-aerodrom-kod-kraljeva\/\",\"url\":\"https:\/\/sandzakpress.net\/arhiva\/ambasador-turske-pomoci-cemo-sandzak-ulaganjem-u-aerodrom-kod-kraljeva\/\",\"name\":\"Ambasador Turske - Pomo\u0107i \u0107emo Sand\u017eak ulaganjem u aerodrom kod Kraljeva\",\"isPartOf\":{\"@id\":\"https:\/\/sandzakpress.net\/arhiva\/#website\"},\"primaryImageOfPage\":{\"@id\":\"https:\/\/sandzakpress.net\/arhiva\/ambasador-turske-pomoci-cemo-sandzak-ulaganjem-u-aerodrom-kod-kraljeva\/#primaryimage\"},\"image\":{\"@id\":\"https:\/\/sandzakpress.net\/arhiva\/ambasador-turske-pomoci-cemo-sandzak-ulaganjem-u-aerodrom-kod-kraljeva\/#primaryimage\"},\"thumbnailUrl\":\"https:\/\/sandzakpress.net\/arhiva\/wp-content\/uploads\/2017\/02\/58abdf04cfd99.jpg\",\"datePublished\":\"2017-02-21T10:31:41+00:00\",\"dateModified\":\"2017-02-21T18:32:47+00:00\",\"breadcrumb\":{\"@id\":\"https:\/\/sandzakpress.net\/arhiva\/ambasador-turske-pomoci-cemo-sandzak-ulaganjem-u-aerodrom-kod-kraljeva\/#breadcrumb\"},\"inLanguage\":\"bs-BA\",\"potentialAction\":[{\"@type\":\"ReadAction\",\"target\":[\"https:\/\/sandzakpress.net\/arhiva\/ambasador-turske-pomoci-cemo-sandzak-ulaganjem-u-aerodrom-kod-kraljeva\/\"]}]},{\"@type\":\"ImageObject\",\"inLanguage\":\"bs-BA\",\"@id\":\"https:\/\/sandzakpress.net\/arhiva\/ambasador-turske-pomoci-cemo-sandzak-ulaganjem-u-aerodrom-kod-kraljeva\/#primaryimage\",\"url\":\"https:\/\/sandzakpress.net\/arhiva\/wp-content\/uploads\/2017\/02\/58abdf04cfd99.jpg\",\"contentUrl\":\"https:\/\/sandzakpress.net\/arhiva\/wp-content\/uploads\/2017\/02\/58abdf04cfd99.jpg\",\"width\":610,\"height\":343},{\"@type\":\"BreadcrumbList\",\"@id\":\"https:\/\/sandzakpress.net\/arhiva\/ambasador-turske-pomoci-cemo-sandzak-ulaganjem-u-aerodrom-kod-kraljeva\/#breadcrumb\",\"itemListElement\":[{\"@type\":\"ListItem\",\"position\":1,\"name\":\"Home\",\"item\":\"https:\/\/sandzakpress.net\/arhiva\/\"},{\"@type\":\"ListItem\",\"position\":2,\"name\":\"Ambasador Turske &#8211; Pomo\u0107i \u0107emo Sand\u017eak ulaganjem u aerodrom kod Kraljeva\"}]},{\"@type\":\"WebSite\",\"@id\":\"https:\/\/sandzakpress.net\/arhiva\/#website\",\"url\":\"https:\/\/sandzakpress.net\/arhiva\/\",\"name\":\"Sand\u017eak PRESS\",\"description\":\"Prve elektronske novine u Sand\u017eaku\",\"publisher\":{\"@id\":\"https:\/\/sandzakpress.net\/arhiva\/#\/schema\/person\/6e72b67d6e51910a1117b3b483ba20bd\"},\"potentialAction\":[{\"@type\":\"SearchAction\",\"target\":{\"@type\":\"EntryPoint\",\"urlTemplate\":\"https:\/\/sandzakpress.net\/arhiva\/?s={search_term_string}\"},\"query-input\":{\"@type\":\"PropertyValueSpecification\",\"valueRequired\":true,\"valueName\":\"search_term_string\"}}],\"inLanguage\":\"bs-BA\"},{\"@type\":[\"Person\",\"Organization\"],\"@id\":\"https:\/\/sandzakpress.net\/arhiva\/#\/schema\/person\/6e72b67d6e51910a1117b3b483ba20bd\",\"name\":\"Kul\",\"image\":{\"@type\":\"ImageObject\",\"inLanguage\":\"bs-BA\",\"@id\":\"https:\/\/sandzakpress.net\/arhiva\/#\/schema\/person\/image\/\",\"url\":\"https:\/\/secure.gravatar.com\/avatar\/42263f39aa27ac04c43cab85c280eb2e?s=96&d=mm&r=pg\",\"contentUrl\":\"https:\/\/secure.gravatar.com\/avatar\/42263f39aa27ac04c43cab85c280eb2e?s=96&d=mm&r=pg\",\"caption\":\"Kul\"},\"logo\":{\"@id\":\"https:\/\/sandzakpress.net\/arhiva\/#\/schema\/person\/image\/\"}},{\"@type\":\"Person\",\"@id\":\"https:\/\/sandzakpress.net\/arhiva\/#\/schema\/person\/cb59d7e3ab91ab90dd680ad0305a6185\",\"name\":\"Agencija\",\"image\":{\"@type\":\"ImageObject\",\"inLanguage\":\"bs-BA\",\"@id\":\"https:\/\/sandzakpress.net\/arhiva\/#\/schema\/person\/image\/\",\"url\":\"https:\/\/secure.gravatar.com\/avatar\/4b7fafa80a22f0c2afe23966b3961fe0?s=96&d=mm&r=pg\",\"contentUrl\":\"https:\/\/secure.gravatar.com\/avatar\/4b7fafa80a22f0c2afe23966b3961fe0?s=96&d=mm&r=pg\",\"caption\":\"Agencija\"},\"url\":\"https:\/\/sandzakpress.net\/arhiva\/author\/agencija\/\"}]}<\/script>\n<!-- \/ Yoast SEO Premium plugin. -->","yoast_head_json":{"title":"Ambasador Turske - Pomo\u0107i \u0107emo Sand\u017eak ulaganjem u aerodrom kod Kraljeva","robots":{"index":"index","follow":"follow","max-snippet":"max-snippet:-1","max-image-preview":"max-image-preview:large","max-video-preview":"max-video-preview:-1"},"canonical":"https:\/\/sandzakpress.net\/arhiva\/ambasador-turske-pomoci-cemo-sandzak-ulaganjem-u-aerodrom-kod-kraljeva\/","og_locale":"bs_BA","og_type":"article","og_title":"Ambasador Turske - Pomo\u0107i \u0107emo Sand\u017eak ulaganjem u aerodrom kod Kraljeva","og_description":"Turska, Sand\u017eak\u00a0&#8211; Ambasador Turske u Beogradu Tanju Bilgi\u0107 izjavio je u Novom Pazaru da su odnosi Turske i Srbije veoma dobri i da \u0107e Turska pove\u0107ati broj i nastaviti s projektima u Sand\u017eaku i Srbiji Ambasador Turske u Beogradu Tanju Bilgic izjavio je u Novom Pazaru da su odnosi Turske i Srbije veoma dobri. Bilgic, [&hellip;]","og_url":"https:\/\/sandzakpress.net\/arhiva\/ambasador-turske-pomoci-cemo-sandzak-ulaganjem-u-aerodrom-kod-kraljeva\/","og_site_name":"Sand\u017eak PRESS","article_published_time":"2017-02-21T10:31:41+00:00","article_modified_time":"2017-02-21T18:32:47+00:00","og_image":[{"width":610,"height":343,"url":"https:\/\/sandzakpress.net\/arhiva\/wp-content\/uploads\/2017\/02\/58abdf04cfd99.jpg","type":"image\/jpeg"}],"author":"Agencija","twitter_card":"summary_large_image","twitter_misc":{"Written by":"Agencija","Est. reading time":"4 minute"},"schema":{"@context":"https:\/\/schema.org","@graph":[{"@type":"Article","@id":"https:\/\/sandzakpress.net\/arhiva\/ambasador-turske-pomoci-cemo-sandzak-ulaganjem-u-aerodrom-kod-kraljeva\/#article","isPartOf":{"@id":"https:\/\/sandzakpress.net\/arhiva\/ambasador-turske-pomoci-cemo-sandzak-ulaganjem-u-aerodrom-kod-kraljeva\/"},"author":{"name":"Agencija","@id":"https:\/\/sandzakpress.net\/arhiva\/#\/schema\/person\/cb59d7e3ab91ab90dd680ad0305a6185"},"headline":"Ambasador Turske &#8211; Pomo\u0107i \u0107emo Sand\u017eak ulaganjem u aerodrom kod Kraljeva","datePublished":"2017-02-21T10:31:41+00:00","dateModified":"2017-02-21T18:32:47+00:00","mainEntityOfPage":{"@id":"https:\/\/sandzakpress.net\/arhiva\/ambasador-turske-pomoci-cemo-sandzak-ulaganjem-u-aerodrom-kod-kraljeva\/"},"wordCount":729,"commentCount":11,"publisher":{"@id":"https:\/\/sandzakpress.net\/arhiva\/#\/schema\/person\/6e72b67d6e51910a1117b3b483ba20bd"},"image":{"@id":"https:\/\/sandzakpress.net\/arhiva\/ambasador-turske-pomoci-cemo-sandzak-ulaganjem-u-aerodrom-kod-kraljeva\/#primaryimage"},"thumbnailUrl":"https:\/\/sandzakpress.net\/arhiva\/wp-content\/uploads\/2017\/02\/58abdf04cfd99.jpg","articleSection":["Srbija","Privreda","VIJESTI DANA","NAJNOVIJE","Turska","Sand\u017eak"],"inLanguage":"bs-BA","potentialAction":[{"@type":"CommentAction","name":"Comment","target":["https:\/\/sandzakpress.net\/arhiva\/ambasador-turske-pomoci-cemo-sandzak-ulaganjem-u-aerodrom-kod-kraljeva\/#respond"]}]},{"@type":"WebPage","@id":"https:\/\/sandzakpress.net\/arhiva\/ambasador-turske-pomoci-cemo-sandzak-ulaganjem-u-aerodrom-kod-kraljeva\/","url":"https:\/\/sandzakpress.net\/arhiva\/ambasador-turske-pomoci-cemo-sandzak-ulaganjem-u-aerodrom-kod-kraljeva\/","name":"Ambasador Turske - Pomo\u0107i \u0107emo Sand\u017eak ulaganjem u aerodrom kod Kraljeva","isPartOf":{"@id":"https:\/\/sandzakpress.net\/arhiva\/#website"},"primaryImageOfPage":{"@id":"https:\/\/sandzakpress.net\/arhiva\/ambasador-turske-pomoci-cemo-sandzak-ulaganjem-u-aerodrom-kod-kraljeva\/#primaryimage"},"image":{"@id":"https:\/\/sandzakpress.net\/arhiva\/ambasador-turske-pomoci-cemo-sandzak-ulaganjem-u-aerodrom-kod-kraljeva\/#primaryimage"},"thumbnailUrl":"https:\/\/sandzakpress.net\/arhiva\/wp-content\/uploads\/2017\/02\/58abdf04cfd99.jpg","datePublished":"2017-02-21T10:31:41+00:00","dateModified":"2017-02-21T18:32:47+00:00","breadcrumb":{"@id":"https:\/\/sandzakpress.net\/arhiva\/ambasador-turske-pomoci-cemo-sandzak-ulaganjem-u-aerodrom-kod-kraljeva\/#breadcrumb"},"inLanguage":"bs-BA","potentialAction":[{"@type":"ReadAction","target":["https:\/\/sandzakpress.net\/arhiva\/ambasador-turske-pomoci-cemo-sandzak-ulaganjem-u-aerodrom-kod-kraljeva\/"]}]},{"@type":"ImageObject","inLanguage":"bs-BA","@id":"https:\/\/sandzakpress.net\/arhiva\/ambasador-turske-pomoci-cemo-sandzak-ulaganjem-u-aerodrom-kod-kraljeva\/#primaryimage","url":"https:\/\/sandzakpress.net\/arhiva\/wp-content\/uploads\/2017\/02\/58abdf04cfd99.jpg","contentUrl":"https:\/\/sandzakpress.net\/arhiva\/wp-content\/uploads\/2017\/02\/58abdf04cfd99.jpg","width":610,"height":343},{"@type":"BreadcrumbList","@id":"https:\/\/sandzakpress.net\/arhiva\/ambasador-turske-pomoci-cemo-sandzak-ulaganjem-u-aerodrom-kod-kraljeva\/#breadcrumb","itemListElement":[{"@type":"ListItem","position":1,"name":"Home","item":"https:\/\/sandzakpress.net\/arhiva\/"},{"@type":"ListItem","position":2,"name":"Ambasador Turske &#8211; Pomo\u0107i \u0107emo Sand\u017eak ulaganjem u aerodrom kod Kraljeva"}]},{"@type":"WebSite","@id":"https:\/\/sandzakpress.net\/arhiva\/#website","url":"https:\/\/sandzakpress.net\/arhiva\/","name":"Sand\u017eak PRESS","description":"Prve elektronske novine u Sand\u017eaku","publisher":{"@id":"https:\/\/sandzakpress.net\/arhiva\/#\/schema\/person\/6e72b67d6e51910a1117b3b483ba20bd"},"potentialAction":[{"@type":"SearchAction","target":{"@type":"EntryPoint","urlTemplate":"https:\/\/sandzakpress.net\/arhiva\/?s={search_term_string}"},"query-input":{"@type":"PropertyValueSpecification","valueRequired":true,"valueName":"search_term_string"}}],"inLanguage":"bs-BA"},{"@type":["Person","Organization"],"@id":"https:\/\/sandzakpress.net\/arhiva\/#\/schema\/person\/6e72b67d6e51910a1117b3b483ba20bd","name":"Kul","image":{"@type":"ImageObject","inLanguage":"bs-BA","@id":"https:\/\/sandzakpress.net\/arhiva\/#\/schema\/person\/image\/","url":"https:\/\/secure.gravatar.com\/avatar\/42263f39aa27ac04c43cab85c280eb2e?s=96&d=mm&r=pg","contentUrl":"https:\/\/secure.gravatar.com\/avatar\/42263f39aa27ac04c43cab85c280eb2e?s=96&d=mm&r=pg","caption":"Kul"},"logo":{"@id":"https:\/\/sandzakpress.net\/arhiva\/#\/schema\/person\/image\/"}},{"@type":"Person","@id":"https:\/\/sandzakpress.net\/arhiva\/#\/schema\/person\/cb59d7e3ab91ab90dd680ad0305a6185","name":"Agencija","image":{"@type":"ImageObject","inLanguage":"bs-BA","@id":"https:\/\/sandzakpress.net\/arhiva\/#\/schema\/person\/image\/","url":"https:\/\/secure.gravatar.com\/avatar\/4b7fafa80a22f0c2afe23966b3961fe0?s=96&d=mm&r=pg","contentUrl":"https:\/\/secure.gravatar.com\/avatar\/4b7fafa80a22f0c2afe23966b3961fe0?s=96&d=mm&r=pg","caption":"Agencija"},"url":"https:\/\/sandzakpress.net\/arhiva\/author\/agencija\/"}]}},"_links":{"self":[{"href":"https:\/\/sandzakpress.net\/arhiva\/wp-json\/wp\/v2\/posts\/180243"}],"collection":[{"href":"https:\/\/sandzakpress.net\/arhiva\/wp-json\/wp\/v2\/posts"}],"about":[{"href":"https:\/\/sandzakpress.net\/arhiva\/wp-json\/wp\/v2\/types\/post"}],"author":[{"embeddable":true,"href":"https:\/\/sandzakpress.net\/arhiva\/wp-json\/wp\/v2\/users\/509"}],"replies":[{"embeddable":true,"href":"https:\/\/sandzakpress.net\/arhiva\/wp-json\/wp\/v2\/comments?post=180243"}],"version-history":[{"count":0,"href":"https:\/\/sandzakpress.net\/arhiva\/wp-json\/wp\/v2\/posts\/180243\/revisions"}],"wp:featuredmedia":[{"embeddable":true,"href":"https:\/\/sandzakpress.net\/arhiva\/wp-json\/wp\/v2\/media\/180245"}],"wp:attachment":[{"href":"https:\/\/sandzakpress.net\/arhiva\/wp-json\/wp\/v2\/media?parent=180243"}],"wp:term":[{"taxonomy":"category","embeddable":true,"href":"https:\/\/sandzakpress.net\/arhiva\/wp-json\/wp\/v2\/categories?post=180243"},{"taxonomy":"post_tag","embeddable":true,"href":"https:\/\/sandzakpress.net\/arhiva\/wp-json\/wp\/v2\/tags?post=180243"}],"curies":[{"name":"wp","href":"https:\/\/api.w.org\/{rel}","templated":true}]}}