{"id":180162,"date":"2017-02-20T14:20:31","date_gmt":"2017-02-20T13:20:31","guid":{"rendered":"https:\/\/sandzakpress.net\/arhiva\/?p=180162"},"modified":"2017-02-20T14:20:31","modified_gmt":"2017-02-20T13:20:31","slug":"24-godine-od-zlocina-u-kukurovicima-pocinioci-bez-osude-a-zrtve-bez-pravde","status":"publish","type":"post","link":"https:\/\/sandzakpress.net\/arhiva\/24-godine-od-zlocina-u-kukurovicima-pocinioci-bez-osude-a-zrtve-bez-pravde\/","title":{"rendered":"24 godine od zlo\u010dina u Kukurovi\u0107ima &#8211; po\u010dinioci bez osude, a \u017ertve bez pravde"},"content":{"rendered":"<p><img loading=\"lazy\" decoding=\"async\" class=\"aligncenter\" src=\"https:\/\/sandzakpress.net\/arhiva\/wp-content\/uploads\/2011\/02\/vijest-214.jpg\" width=\"679\" height=\"477\" \/><\/p>\n<p><strong>Dana 18. februara 2017. godine navr\u0161ile su se 24 godine od kako su pripadnici tada\u0161nje Vojske Jugoslavije (VJ) napali i granatiranjem razru\u0161ili selo Kukurovi\u0107i u op\u0161tini Priboj, nastanjeno bo\u0161nja\u010dkim stanovni\u0161tvom, i tom prilikom ubili troje me\u0161tana. Fond za humanitarno pravo (FHP) i Sand\u017ea\u010dki odbor za za\u0161titu ljudskih prava i sloboda (Sand\u017ea\u010dki odbor) podsje\u0107aju da ni posle 24 godine Srbija ne priznaje odgovornost za ovaj zlo\u010din, odbija da kazni po\u010dinioce i obe\u0161teti porodice \u017ertava i one stanovnike Kukurovi\u0107a kojima je uni\u0161tena imovina.<\/strong><\/p>\n<p>Selo Kukurovi\u0107i nalazi se na trome\u0111i Srbije, Crne Gore i Bosne i Hercegovine, u kojoj se tada odvijao oru\u017eani sukob. Napadu na selo prethodilo je stacioniranje pripadnika U\u017ei\u010dkog korpusa VJ na uzvi\u0161enja koja ga okru\u017euju, kao i vi\u0161emjese\u010dno maltretiranje, plja\u010dkanje i zastra\u0161ivanje njegovih stanovnika koje je uzrokovalo odlazak velikog broja njih. Dana 18. februara 1993. godine, pripadnici VJ izvr\u0161ili su pje\u0161adijski i minobaca\u010dki napad na Kukurovi\u0107e. Preostali mje\u0161tani pobjegli su iz sela, a njihova imovina je uni\u0161tena i zapaljena. Kada se dva dana kasnije njih nekoliko vratilo u selo, zateklo je zgari\u0161ta i pobijenu stoku, a u spaljenim ku\u0107ama tijela\u00a0troje ubijenih staraca \u2013 Uzeira Bulutovi\u0107a, Mu\u0161ana Husovi\u0107a i Fatime Sara\u010d. U aprilu iste godine, kada u selu vi\u0161e nije bilo stanovnika, zapaljeno je jo\u0161 osam ku\u0107a.<\/p>\n<p>Iako su nadle\u017eni organi odmah po ovom doga\u0111aju iza\u0161li na teren da izvr\u0161e uvi\u0111aj, niko od mje\u0161tana Kukurovi\u0107a nije saslu\u0161an, a za ove zlo\u010dine do danas niko nije odgovarao. FHP je u oktobru 2006. godine podnio krivi\u010dnu prijavu protiv NN pripadnika U\u017ei\u010dkog korpusa VJ, a Okru\u017eno javno tu\u017eila\u0161tvo u U\u017eicu je istragu proslijedilo Tu\u017eila\u0161tvu za ratne zlo\u010dine. Predmet se i danas \u2013 deset godina od podno\u0161enja krivi\u010dne prijave \u2013 nalazi u fazi istrage.<\/p>\n<p>FHP je 2007. godine u ime protjeranih mje\u0161tana pokrenuo i parni\u010dni postupak protiv dr\u017eave radi naknade materijalne \u0161tete zbog uni\u0161tenja imovine. Me\u0111upresudom Vi\u0161eg suda u Beogradu iz 2013. godine <a href=\"http:\/\/www.hlc-rdc.org\/?p=22804\">utvr\u0111ena je odgovornost Srbije za ratni zlo\u010din u selu Kukurovi\u0107i<\/a>, \u0161to je bila prva presuda kojom se utvr\u0111uje odgovornost dr\u017eave za ratni zlo\u010din koji su pripadnici srpskih snaga po\u010dinili na teritoriji Sand\u017eaka tokom devedesetih godina. Ovu presudu je, me\u0111utim, ukinuo Apelacioni sud u Beogradu 2014. godine i predmet vratio na ponovno su\u0111enje. Vi\u0161i sud u Beogradu je, nakon ponovljenog postupka, zauzeo potpuno druga\u010diji stav nego ranije. U obrazlo\u017eenju stoji da je sud poklonio veru <a href=\"http:\/\/www.hlc-rdc.org\/?p=13100\">iskazima me\u0161tana<\/a>, <em>osim u dijelu u kome su tvrdili da je Vojska SRJ uni\u0161tila spornu imovinu<\/em>, jer oni \u201enisu bili neposredno prisutni prilikom uni\u0161tavanja predmetne imovine\u02ee. Pored toga, sud je tu\u017ebene zahtjeve proglasio i zastarelim. Ovu presudu je u novembru 2015. potvrdio i Apelacioni sud, a od tada se predmet nalazi pred Ustavnim sudom Srbije.<\/p>\n<p>U odvojenom postupku, k\u0107erke i sin pokojnog Mu\u0161ana Husovi\u0107a potra\u017eivali su od dr\u017eave naknadu nematerijalne \u0161tete za pretrpljene du\u0161evne bolove zbog ubistva oca. Nakon \u0161to su svi njihovi zahtjevi odbijeni kao zastareli, Ustavni sud je odbio njihove ustavne \u017ealbe i time potvrdio presude ni\u017eih sudova. Na\u017ealost, i Evropski sud za ljudska prava je odbacio predstavku \u010dlanova porodice Mu\u0161ana Husovi\u0107a u novembru 2016. godine, zauzev\u0161i stav da se radi o doga\u0111ajima iz 1993. godine, kada Evropska konvencija o ljudskim pravima nije va\u017eila za Srbiju. Evropski sud je, usredsrediv\u0161i se samo na ovu \u010dinjenicu, odbio da razmatra navode o kr\u0161enju prava na pravi\u010dno su\u0111enje \u010dlanovima porodice Mu\u0161ana Husovi\u0107a od strane doma\u0107ih sudova. Sli\u010dnu praksu stavljanja na stranu dr\u017eave potpisnice Konvencije, a protiv \u017ertava koje ukazuju na te\u0161ke povrede osnovnih ljudskih prava, <a href=\"http:\/\/www.hlc-rdc.org\/?p=32878\">Evropski sud pokazao je i u drugim postupcima<\/a> pokrenutim protiv Srbije.<\/p>\n<p>Nijednom stanovniku Kukurovi\u0107a nije priznat ni status civilne \u017ertve rata. Va\u017ee\u0107i <a href=\"http:\/\/www.osobesainvaliditetom.rs\/attachments\/023_Zakon%20o%20pravima%20civilnih%20invalida%20rata.pdf\">Zakon o pravima civilnih invalida rata<\/a> njih, kao i brojne druge kategorije \u017ertava, isklju\u010duje iz obima korisnika ina\u010de skromne podr\u0161ke koja je Zakonom predvi\u0111ena. Pored \u010dinjenice da se izvjestan broj njih, prinu\u0111en da napusti Kukurovi\u0107e, naselio u Crnoj Gori ili Bosni i Hercegovini i da samim tim ne mo\u017ee vi\u0161e podijneti zahtjev po ovom Zakonu, s\u00e2m Zakon ne obuhvata slu\u010dajeve uni\u0161tenja domova i proterivanja, ali tako\u0111e ne priznaje nijednu \u017ertvu koja je stradala od pripadnika snaga koje dr\u017eava Srbija ne smatra neprijateljskim, \u0161to je u ovom slu\u010daju VJ.<\/p>\n<p>Jedini pozitivni postupak dr\u017eave ogledao se u usvajanju \u201ePrograma za povratak izbeglih i raseljenih Bo\u0161njaka iz op\u0161tine Priboj u periodu 1991\u20131999. godine\u201d koji je predvi\u0111ao obnovu uni\u0161tenih ku\u0107a i infrastrukture. Me\u0111utim, za ovaj Program su iz bud\u017eeta odvajana sredstva do 2015. godine, nakon \u010dega se on nije dalje realizovao, te njime nije postignuta puna obnova svih domova poru\u0161enih u datom periodu.<\/p>\n<p>FHP i Sand\u017ea\u010dki odbor pozivaju nadle\u017ene dr\u017eavne institucije da, radi punog po\u0161tovanja prava svih gra\u0111ana Srbije, prekinu sa pasivno\u0161\u0107u u gonjenju po\u010dinilaca te\u0161kih zlo\u010dina iz devedesetih godina iz redova vojske i policije, da odustanu od diskriminatorne i pogre\u0161ne primjene zakonskih i procesnih normi na \u0161tetu \u017ertava, za \u0161ta Kukurovi\u0107i i danas slu\u017ee kao eklatantan primer, te da u punoj mjeri ispune obaveze preuzete Programom za povratak izbjeglih i raseljenih iz op\u0161tine Priboj.<\/p>\n","protected":false},"excerpt":{"rendered":"<p>Dana 18. februara 2017. godine navr\u0161ile su se 24 godine od kako su pripadnici tada\u0161nje Vojske Jugoslavije (VJ) napali i granatiranjem razru\u0161ili selo Kukurovi\u0107i u op\u0161tini Priboj, nastanjeno bo\u0161nja\u010dkim stanovni\u0161tvom, i tom prilikom ubili troje me\u0161tana. Fond za humanitarno pravo (FHP) i Sand\u017ea\u010dki odbor za za\u0161titu ljudskih prava i sloboda (Sand\u017ea\u010dki odbor) podsje\u0107aju da ni [&hellip;]<\/p>\n","protected":false},"author":509,"featured_media":12851,"comment_status":"open","ping_status":"open","sticky":false,"template":"","format":"standard","meta":{"footnotes":""},"categories":[800,393,8957,16],"tags":[],"class_list":{"0":"post-180162","1":"post","2":"type-post","3":"status-publish","4":"format-standard","5":"has-post-thumbnail","7":"category-nacija","8":"category-priboj","9":"category-vijesti-dana","10":"category-novine"},"yoast_head":"<!-- This site is optimized with the Yoast SEO Premium plugin v23.1 (Yoast SEO v24.9) - https:\/\/yoast.com\/wordpress\/plugins\/seo\/ -->\n<title>24 godine od zlo\u010dina u Kukurovi\u0107ima - po\u010dinioci bez osude, a \u017ertve bez pravde<\/title>\n<meta name=\"robots\" content=\"index, follow, max-snippet:-1, max-image-preview:large, max-video-preview:-1\" \/>\n<link rel=\"canonical\" href=\"https:\/\/sandzakpress.net\/arhiva\/24-godine-od-zlocina-u-kukurovicima-pocinioci-bez-osude-a-zrtve-bez-pravde\/\" \/>\n<meta property=\"og:locale\" content=\"bs_BA\" \/>\n<meta property=\"og:type\" content=\"article\" \/>\n<meta property=\"og:title\" content=\"24 godine od zlo\u010dina u Kukurovi\u0107ima - po\u010dinioci bez osude, a \u017ertve bez pravde\" \/>\n<meta property=\"og:description\" content=\"Dana 18. februara 2017. godine navr\u0161ile su se 24 godine od kako su pripadnici tada\u0161nje Vojske Jugoslavije (VJ) napali i granatiranjem razru\u0161ili selo Kukurovi\u0107i u op\u0161tini Priboj, nastanjeno bo\u0161nja\u010dkim stanovni\u0161tvom, i tom prilikom ubili troje me\u0161tana. Fond za humanitarno pravo (FHP) i Sand\u017ea\u010dki odbor za za\u0161titu ljudskih prava i sloboda (Sand\u017ea\u010dki odbor) podsje\u0107aju da ni [&hellip;]\" \/>\n<meta property=\"og:url\" content=\"https:\/\/sandzakpress.net\/arhiva\/24-godine-od-zlocina-u-kukurovicima-pocinioci-bez-osude-a-zrtve-bez-pravde\/\" \/>\n<meta property=\"og:site_name\" content=\"Sand\u017eak PRESS\" \/>\n<meta property=\"article:published_time\" content=\"2017-02-20T13:20:31+00:00\" \/>\n<meta property=\"og:image\" content=\"https:\/\/sandzakpress.net\/arhiva\/wp-content\/uploads\/2011\/02\/vijest-214.jpg\" \/>\n\t<meta property=\"og:image:width\" content=\"616\" \/>\n\t<meta property=\"og:image:height\" content=\"393\" \/>\n\t<meta property=\"og:image:type\" content=\"image\/jpeg\" \/>\n<meta name=\"author\" content=\"Agencija\" \/>\n<meta name=\"twitter:card\" content=\"summary_large_image\" \/>\n<meta name=\"twitter:label1\" content=\"Written by\" \/>\n\t<meta name=\"twitter:data1\" content=\"Agencija\" \/>\n\t<meta name=\"twitter:label2\" content=\"Est. reading time\" \/>\n\t<meta name=\"twitter:data2\" content=\"5 minuta\" \/>\n<script type=\"application\/ld+json\" class=\"yoast-schema-graph\">{\"@context\":\"https:\/\/schema.org\",\"@graph\":[{\"@type\":\"Article\",\"@id\":\"https:\/\/sandzakpress.net\/arhiva\/24-godine-od-zlocina-u-kukurovicima-pocinioci-bez-osude-a-zrtve-bez-pravde\/#article\",\"isPartOf\":{\"@id\":\"https:\/\/sandzakpress.net\/arhiva\/24-godine-od-zlocina-u-kukurovicima-pocinioci-bez-osude-a-zrtve-bez-pravde\/\"},\"author\":{\"name\":\"Agencija\",\"@id\":\"https:\/\/sandzakpress.net\/arhiva\/#\/schema\/person\/cb59d7e3ab91ab90dd680ad0305a6185\"},\"headline\":\"24 godine od zlo\u010dina u Kukurovi\u0107ima &#8211; po\u010dinioci bez osude, a \u017ertve bez pravde\",\"datePublished\":\"2017-02-20T13:20:31+00:00\",\"mainEntityOfPage\":{\"@id\":\"https:\/\/sandzakpress.net\/arhiva\/24-godine-od-zlocina-u-kukurovicima-pocinioci-bez-osude-a-zrtve-bez-pravde\/\"},\"wordCount\":960,\"commentCount\":2,\"publisher\":{\"@id\":\"https:\/\/sandzakpress.net\/arhiva\/#\/schema\/person\/6e72b67d6e51910a1117b3b483ba20bd\"},\"image\":{\"@id\":\"https:\/\/sandzakpress.net\/arhiva\/24-godine-od-zlocina-u-kukurovicima-pocinioci-bez-osude-a-zrtve-bez-pravde\/#primaryimage\"},\"thumbnailUrl\":\"https:\/\/sandzakpress.net\/arhiva\/wp-content\/uploads\/2011\/02\/vijest-214.jpg\",\"articleSection\":[\"Nacija\",\"Priboj\",\"VIJESTI DANA\",\"Novine\"],\"inLanguage\":\"bs-BA\",\"potentialAction\":[{\"@type\":\"CommentAction\",\"name\":\"Comment\",\"target\":[\"https:\/\/sandzakpress.net\/arhiva\/24-godine-od-zlocina-u-kukurovicima-pocinioci-bez-osude-a-zrtve-bez-pravde\/#respond\"]}]},{\"@type\":\"WebPage\",\"@id\":\"https:\/\/sandzakpress.net\/arhiva\/24-godine-od-zlocina-u-kukurovicima-pocinioci-bez-osude-a-zrtve-bez-pravde\/\",\"url\":\"https:\/\/sandzakpress.net\/arhiva\/24-godine-od-zlocina-u-kukurovicima-pocinioci-bez-osude-a-zrtve-bez-pravde\/\",\"name\":\"24 godine od zlo\u010dina u Kukurovi\u0107ima - po\u010dinioci bez osude, a \u017ertve bez pravde\",\"isPartOf\":{\"@id\":\"https:\/\/sandzakpress.net\/arhiva\/#website\"},\"primaryImageOfPage\":{\"@id\":\"https:\/\/sandzakpress.net\/arhiva\/24-godine-od-zlocina-u-kukurovicima-pocinioci-bez-osude-a-zrtve-bez-pravde\/#primaryimage\"},\"image\":{\"@id\":\"https:\/\/sandzakpress.net\/arhiva\/24-godine-od-zlocina-u-kukurovicima-pocinioci-bez-osude-a-zrtve-bez-pravde\/#primaryimage\"},\"thumbnailUrl\":\"https:\/\/sandzakpress.net\/arhiva\/wp-content\/uploads\/2011\/02\/vijest-214.jpg\",\"datePublished\":\"2017-02-20T13:20:31+00:00\",\"breadcrumb\":{\"@id\":\"https:\/\/sandzakpress.net\/arhiva\/24-godine-od-zlocina-u-kukurovicima-pocinioci-bez-osude-a-zrtve-bez-pravde\/#breadcrumb\"},\"inLanguage\":\"bs-BA\",\"potentialAction\":[{\"@type\":\"ReadAction\",\"target\":[\"https:\/\/sandzakpress.net\/arhiva\/24-godine-od-zlocina-u-kukurovicima-pocinioci-bez-osude-a-zrtve-bez-pravde\/\"]}]},{\"@type\":\"ImageObject\",\"inLanguage\":\"bs-BA\",\"@id\":\"https:\/\/sandzakpress.net\/arhiva\/24-godine-od-zlocina-u-kukurovicima-pocinioci-bez-osude-a-zrtve-bez-pravde\/#primaryimage\",\"url\":\"https:\/\/sandzakpress.net\/arhiva\/wp-content\/uploads\/2011\/02\/vijest-214.jpg\",\"contentUrl\":\"https:\/\/sandzakpress.net\/arhiva\/wp-content\/uploads\/2011\/02\/vijest-214.jpg\",\"width\":616,\"height\":393},{\"@type\":\"BreadcrumbList\",\"@id\":\"https:\/\/sandzakpress.net\/arhiva\/24-godine-od-zlocina-u-kukurovicima-pocinioci-bez-osude-a-zrtve-bez-pravde\/#breadcrumb\",\"itemListElement\":[{\"@type\":\"ListItem\",\"position\":1,\"name\":\"Home\",\"item\":\"https:\/\/sandzakpress.net\/arhiva\/\"},{\"@type\":\"ListItem\",\"position\":2,\"name\":\"24 godine od zlo\u010dina u Kukurovi\u0107ima &#8211; po\u010dinioci bez osude, a \u017ertve bez pravde\"}]},{\"@type\":\"WebSite\",\"@id\":\"https:\/\/sandzakpress.net\/arhiva\/#website\",\"url\":\"https:\/\/sandzakpress.net\/arhiva\/\",\"name\":\"Sand\u017eak PRESS\",\"description\":\"Prve elektronske novine u Sand\u017eaku\",\"publisher\":{\"@id\":\"https:\/\/sandzakpress.net\/arhiva\/#\/schema\/person\/6e72b67d6e51910a1117b3b483ba20bd\"},\"potentialAction\":[{\"@type\":\"SearchAction\",\"target\":{\"@type\":\"EntryPoint\",\"urlTemplate\":\"https:\/\/sandzakpress.net\/arhiva\/?s={search_term_string}\"},\"query-input\":{\"@type\":\"PropertyValueSpecification\",\"valueRequired\":true,\"valueName\":\"search_term_string\"}}],\"inLanguage\":\"bs-BA\"},{\"@type\":[\"Person\",\"Organization\"],\"@id\":\"https:\/\/sandzakpress.net\/arhiva\/#\/schema\/person\/6e72b67d6e51910a1117b3b483ba20bd\",\"name\":\"Kul\",\"image\":{\"@type\":\"ImageObject\",\"inLanguage\":\"bs-BA\",\"@id\":\"https:\/\/sandzakpress.net\/arhiva\/#\/schema\/person\/image\/\",\"url\":\"https:\/\/secure.gravatar.com\/avatar\/42263f39aa27ac04c43cab85c280eb2e?s=96&d=mm&r=pg\",\"contentUrl\":\"https:\/\/secure.gravatar.com\/avatar\/42263f39aa27ac04c43cab85c280eb2e?s=96&d=mm&r=pg\",\"caption\":\"Kul\"},\"logo\":{\"@id\":\"https:\/\/sandzakpress.net\/arhiva\/#\/schema\/person\/image\/\"}},{\"@type\":\"Person\",\"@id\":\"https:\/\/sandzakpress.net\/arhiva\/#\/schema\/person\/cb59d7e3ab91ab90dd680ad0305a6185\",\"name\":\"Agencija\",\"image\":{\"@type\":\"ImageObject\",\"inLanguage\":\"bs-BA\",\"@id\":\"https:\/\/sandzakpress.net\/arhiva\/#\/schema\/person\/image\/\",\"url\":\"https:\/\/secure.gravatar.com\/avatar\/4b7fafa80a22f0c2afe23966b3961fe0?s=96&d=mm&r=pg\",\"contentUrl\":\"https:\/\/secure.gravatar.com\/avatar\/4b7fafa80a22f0c2afe23966b3961fe0?s=96&d=mm&r=pg\",\"caption\":\"Agencija\"},\"url\":\"https:\/\/sandzakpress.net\/arhiva\/author\/agencija\/\"}]}<\/script>\n<!-- \/ Yoast SEO Premium plugin. -->","yoast_head_json":{"title":"24 godine od zlo\u010dina u Kukurovi\u0107ima - po\u010dinioci bez osude, a \u017ertve bez pravde","robots":{"index":"index","follow":"follow","max-snippet":"max-snippet:-1","max-image-preview":"max-image-preview:large","max-video-preview":"max-video-preview:-1"},"canonical":"https:\/\/sandzakpress.net\/arhiva\/24-godine-od-zlocina-u-kukurovicima-pocinioci-bez-osude-a-zrtve-bez-pravde\/","og_locale":"bs_BA","og_type":"article","og_title":"24 godine od zlo\u010dina u Kukurovi\u0107ima - po\u010dinioci bez osude, a \u017ertve bez pravde","og_description":"Dana 18. februara 2017. godine navr\u0161ile su se 24 godine od kako su pripadnici tada\u0161nje Vojske Jugoslavije (VJ) napali i granatiranjem razru\u0161ili selo Kukurovi\u0107i u op\u0161tini Priboj, nastanjeno bo\u0161nja\u010dkim stanovni\u0161tvom, i tom prilikom ubili troje me\u0161tana. Fond za humanitarno pravo (FHP) i Sand\u017ea\u010dki odbor za za\u0161titu ljudskih prava i sloboda (Sand\u017ea\u010dki odbor) podsje\u0107aju da ni [&hellip;]","og_url":"https:\/\/sandzakpress.net\/arhiva\/24-godine-od-zlocina-u-kukurovicima-pocinioci-bez-osude-a-zrtve-bez-pravde\/","og_site_name":"Sand\u017eak PRESS","article_published_time":"2017-02-20T13:20:31+00:00","og_image":[{"width":616,"height":393,"url":"https:\/\/sandzakpress.net\/arhiva\/wp-content\/uploads\/2011\/02\/vijest-214.jpg","type":"image\/jpeg"}],"author":"Agencija","twitter_card":"summary_large_image","twitter_misc":{"Written by":"Agencija","Est. reading time":"5 minuta"},"schema":{"@context":"https:\/\/schema.org","@graph":[{"@type":"Article","@id":"https:\/\/sandzakpress.net\/arhiva\/24-godine-od-zlocina-u-kukurovicima-pocinioci-bez-osude-a-zrtve-bez-pravde\/#article","isPartOf":{"@id":"https:\/\/sandzakpress.net\/arhiva\/24-godine-od-zlocina-u-kukurovicima-pocinioci-bez-osude-a-zrtve-bez-pravde\/"},"author":{"name":"Agencija","@id":"https:\/\/sandzakpress.net\/arhiva\/#\/schema\/person\/cb59d7e3ab91ab90dd680ad0305a6185"},"headline":"24 godine od zlo\u010dina u Kukurovi\u0107ima &#8211; po\u010dinioci bez osude, a \u017ertve bez pravde","datePublished":"2017-02-20T13:20:31+00:00","mainEntityOfPage":{"@id":"https:\/\/sandzakpress.net\/arhiva\/24-godine-od-zlocina-u-kukurovicima-pocinioci-bez-osude-a-zrtve-bez-pravde\/"},"wordCount":960,"commentCount":2,"publisher":{"@id":"https:\/\/sandzakpress.net\/arhiva\/#\/schema\/person\/6e72b67d6e51910a1117b3b483ba20bd"},"image":{"@id":"https:\/\/sandzakpress.net\/arhiva\/24-godine-od-zlocina-u-kukurovicima-pocinioci-bez-osude-a-zrtve-bez-pravde\/#primaryimage"},"thumbnailUrl":"https:\/\/sandzakpress.net\/arhiva\/wp-content\/uploads\/2011\/02\/vijest-214.jpg","articleSection":["Nacija","Priboj","VIJESTI DANA","Novine"],"inLanguage":"bs-BA","potentialAction":[{"@type":"CommentAction","name":"Comment","target":["https:\/\/sandzakpress.net\/arhiva\/24-godine-od-zlocina-u-kukurovicima-pocinioci-bez-osude-a-zrtve-bez-pravde\/#respond"]}]},{"@type":"WebPage","@id":"https:\/\/sandzakpress.net\/arhiva\/24-godine-od-zlocina-u-kukurovicima-pocinioci-bez-osude-a-zrtve-bez-pravde\/","url":"https:\/\/sandzakpress.net\/arhiva\/24-godine-od-zlocina-u-kukurovicima-pocinioci-bez-osude-a-zrtve-bez-pravde\/","name":"24 godine od zlo\u010dina u Kukurovi\u0107ima - po\u010dinioci bez osude, a \u017ertve bez pravde","isPartOf":{"@id":"https:\/\/sandzakpress.net\/arhiva\/#website"},"primaryImageOfPage":{"@id":"https:\/\/sandzakpress.net\/arhiva\/24-godine-od-zlocina-u-kukurovicima-pocinioci-bez-osude-a-zrtve-bez-pravde\/#primaryimage"},"image":{"@id":"https:\/\/sandzakpress.net\/arhiva\/24-godine-od-zlocina-u-kukurovicima-pocinioci-bez-osude-a-zrtve-bez-pravde\/#primaryimage"},"thumbnailUrl":"https:\/\/sandzakpress.net\/arhiva\/wp-content\/uploads\/2011\/02\/vijest-214.jpg","datePublished":"2017-02-20T13:20:31+00:00","breadcrumb":{"@id":"https:\/\/sandzakpress.net\/arhiva\/24-godine-od-zlocina-u-kukurovicima-pocinioci-bez-osude-a-zrtve-bez-pravde\/#breadcrumb"},"inLanguage":"bs-BA","potentialAction":[{"@type":"ReadAction","target":["https:\/\/sandzakpress.net\/arhiva\/24-godine-od-zlocina-u-kukurovicima-pocinioci-bez-osude-a-zrtve-bez-pravde\/"]}]},{"@type":"ImageObject","inLanguage":"bs-BA","@id":"https:\/\/sandzakpress.net\/arhiva\/24-godine-od-zlocina-u-kukurovicima-pocinioci-bez-osude-a-zrtve-bez-pravde\/#primaryimage","url":"https:\/\/sandzakpress.net\/arhiva\/wp-content\/uploads\/2011\/02\/vijest-214.jpg","contentUrl":"https:\/\/sandzakpress.net\/arhiva\/wp-content\/uploads\/2011\/02\/vijest-214.jpg","width":616,"height":393},{"@type":"BreadcrumbList","@id":"https:\/\/sandzakpress.net\/arhiva\/24-godine-od-zlocina-u-kukurovicima-pocinioci-bez-osude-a-zrtve-bez-pravde\/#breadcrumb","itemListElement":[{"@type":"ListItem","position":1,"name":"Home","item":"https:\/\/sandzakpress.net\/arhiva\/"},{"@type":"ListItem","position":2,"name":"24 godine od zlo\u010dina u Kukurovi\u0107ima &#8211; po\u010dinioci bez osude, a \u017ertve bez pravde"}]},{"@type":"WebSite","@id":"https:\/\/sandzakpress.net\/arhiva\/#website","url":"https:\/\/sandzakpress.net\/arhiva\/","name":"Sand\u017eak PRESS","description":"Prve elektronske novine u Sand\u017eaku","publisher":{"@id":"https:\/\/sandzakpress.net\/arhiva\/#\/schema\/person\/6e72b67d6e51910a1117b3b483ba20bd"},"potentialAction":[{"@type":"SearchAction","target":{"@type":"EntryPoint","urlTemplate":"https:\/\/sandzakpress.net\/arhiva\/?s={search_term_string}"},"query-input":{"@type":"PropertyValueSpecification","valueRequired":true,"valueName":"search_term_string"}}],"inLanguage":"bs-BA"},{"@type":["Person","Organization"],"@id":"https:\/\/sandzakpress.net\/arhiva\/#\/schema\/person\/6e72b67d6e51910a1117b3b483ba20bd","name":"Kul","image":{"@type":"ImageObject","inLanguage":"bs-BA","@id":"https:\/\/sandzakpress.net\/arhiva\/#\/schema\/person\/image\/","url":"https:\/\/secure.gravatar.com\/avatar\/42263f39aa27ac04c43cab85c280eb2e?s=96&d=mm&r=pg","contentUrl":"https:\/\/secure.gravatar.com\/avatar\/42263f39aa27ac04c43cab85c280eb2e?s=96&d=mm&r=pg","caption":"Kul"},"logo":{"@id":"https:\/\/sandzakpress.net\/arhiva\/#\/schema\/person\/image\/"}},{"@type":"Person","@id":"https:\/\/sandzakpress.net\/arhiva\/#\/schema\/person\/cb59d7e3ab91ab90dd680ad0305a6185","name":"Agencija","image":{"@type":"ImageObject","inLanguage":"bs-BA","@id":"https:\/\/sandzakpress.net\/arhiva\/#\/schema\/person\/image\/","url":"https:\/\/secure.gravatar.com\/avatar\/4b7fafa80a22f0c2afe23966b3961fe0?s=96&d=mm&r=pg","contentUrl":"https:\/\/secure.gravatar.com\/avatar\/4b7fafa80a22f0c2afe23966b3961fe0?s=96&d=mm&r=pg","caption":"Agencija"},"url":"https:\/\/sandzakpress.net\/arhiva\/author\/agencija\/"}]}},"_links":{"self":[{"href":"https:\/\/sandzakpress.net\/arhiva\/wp-json\/wp\/v2\/posts\/180162"}],"collection":[{"href":"https:\/\/sandzakpress.net\/arhiva\/wp-json\/wp\/v2\/posts"}],"about":[{"href":"https:\/\/sandzakpress.net\/arhiva\/wp-json\/wp\/v2\/types\/post"}],"author":[{"embeddable":true,"href":"https:\/\/sandzakpress.net\/arhiva\/wp-json\/wp\/v2\/users\/509"}],"replies":[{"embeddable":true,"href":"https:\/\/sandzakpress.net\/arhiva\/wp-json\/wp\/v2\/comments?post=180162"}],"version-history":[{"count":0,"href":"https:\/\/sandzakpress.net\/arhiva\/wp-json\/wp\/v2\/posts\/180162\/revisions"}],"wp:featuredmedia":[{"embeddable":true,"href":"https:\/\/sandzakpress.net\/arhiva\/wp-json\/wp\/v2\/media\/12851"}],"wp:attachment":[{"href":"https:\/\/sandzakpress.net\/arhiva\/wp-json\/wp\/v2\/media?parent=180162"}],"wp:term":[{"taxonomy":"category","embeddable":true,"href":"https:\/\/sandzakpress.net\/arhiva\/wp-json\/wp\/v2\/categories?post=180162"},{"taxonomy":"post_tag","embeddable":true,"href":"https:\/\/sandzakpress.net\/arhiva\/wp-json\/wp\/v2\/tags?post=180162"}],"curies":[{"name":"wp","href":"https:\/\/api.w.org\/{rel}","templated":true}]}}