{"id":180125,"date":"2017-02-20T12:35:13","date_gmt":"2017-02-20T11:35:13","guid":{"rendered":"https:\/\/sandzakpress.net\/arhiva\/?p=180125"},"modified":"2017-02-20T12:35:13","modified_gmt":"2017-02-20T11:35:13","slug":"danas-saslusanje-mandica-i-knezevica","status":"publish","type":"post","link":"https:\/\/sandzakpress.net\/arhiva\/danas-saslusanje-mandica-i-knezevica\/","title":{"rendered":"Danas saslu\u0161anje Mandi\u0107a i Kne\u017eevi\u0107a"},"content":{"rendered":"<p><img decoding=\"async\" src=\"http:\/\/balkans.aljazeera.net\/sites\/default\/files\/styles\/d8\/public\/mandic_knezevic_crna_gora_ajb.jpg?itok=Fg-zZ_9q\" \/><\/p>\n<p><strong>\u010celnici opozicionog Demokratskog Fronta (DF) Andrija Mandi\u0107 i Milan Kne\u017eevi\u0107 bit \u0107e saslu\u0161ani danas u Specijalnom tu\u017eila\u0161tvu u Podgorici zbog sumnje da su umije\u0161ani u osuje\u0107eni poku\u0161aj terorizma na izborni dan u Crnoj Gori.<\/strong><\/p>\n<p>Specijalni tu\u017eilac Milivoje Katni\u0107 je rekao za radio Antena M da Tu\u017eila\u0161tvo treba da utvrdi da li su Mandi\u0107 i Kne\u017eevi\u0107 znali za plan koji je osmislio Rus Eduard \u0160irokov, ozna\u010den kao glavni organizator osuje\u0107enog dr\u017eavnog udara.<\/p>\n<p>Po njegovim rije\u010dima, umije\u0161anost pojedinaca iz DF-a ve\u0107 je dokazana pred sudom u slu\u010daju \u010detvorice \u010dlanova grupe, osumnji\u010denih za umije\u0161anost, a koji su se nagodili sa Tu\u017eila\u0161tvom i priznali krivicu.<\/p>\n<p>Tu\u017eilac: Umije\u0161ani ruski dr\u017eavni organi<br \/>Prema sumnjama Tu\u017eila\u0161tva, \u010delnici Fronta trebalo je da predvode nasilan upad u Skup\u0161tinu te da proglase izbornu pobjedu tog opozicionog saveza. Plan je podrazumijevao i hap\u0161enje tada\u0161njeg premijera Mila \u0110ukanovi\u0107a.<\/p>\n<p>Mandi\u0107u i Kne\u017eevi\u0107u je Skup\u0161tina pro\u0161le sedmice ukinula imunitet na zahtjev specijalnog tu\u017eioca koji je to tra\u017eio i zbog privo\u0111enja ove dvojice poslanika.<\/p>\n<p>Obavezuju\u0107im uputstvom vrhovni dr\u017eavni tu\u017eilac Ivica Stankovi\u0107 je, me\u0111utim, predlo\u017eio specijalnom tu\u017eiocu da odustane od privo\u0111enja dvojice \u010delnika DF-a, smatraju\u0107i da ono nije potrebno.<\/p>\n<p>Katni\u0107 je saop\u0161tio da razumije odluku specijalnog tu\u017eioca, da je ona donesena u &#8220;izmenjenim okolnostima&#8221; , jer se &#8220;prijetilo gra\u0111anskim ratom&#8221;.<\/p>\n<p>Tu\u017eilac je prvi put javno saop\u0161tio da su pored &#8220;ruskih nacionalista&#8221; u poku\u0161aj terorizma umije\u0161ani odre\u0111eni dr\u017eavni organi Rusije, &#8220;na kojoj je da to ispita&#8221;.<\/p>\n<p>U tom smislu pomenuo je glavnoosumnji\u010denog Eduarda \u0160irokova za koga tvrdi da mu je to la\u017eni identitet, da se on zove \u0160i\u0161makov i da je bio zamjenik ruskog vojnog ata\u0161ea u Poljskoj iz koje je, kako je rekao, protjeran zbog \u0161pijuna\u017ee.<\/p>\n<p>Izvor: Agencije<\/p>\n","protected":false},"excerpt":{"rendered":"<p>\u010celnici opozicionog Demokratskog Fronta (DF) Andrija Mandi\u0107 i Milan Kne\u017eevi\u0107 bit \u0107e saslu\u0161ani danas u Specijalnom tu\u017eila\u0161tvu u Podgorici zbog sumnje da su umije\u0161ani u osuje\u0107eni poku\u0161aj terorizma na izborni dan u Crnoj Gori. Specijalni tu\u017eilac Milivoje Katni\u0107 je rekao za radio Antena M da Tu\u017eila\u0161tvo treba da utvrdi da li su Mandi\u0107 i Kne\u017eevi\u0107 [&hellip;]<\/p>\n","protected":false},"author":509,"featured_media":180136,"comment_status":"open","ping_status":"open","sticky":false,"template":"","format":"standard","meta":{"footnotes":""},"categories":[398,1,397,10174,396,395,399,10173,16],"tags":[],"class_list":{"0":"post-180125","1":"post","2":"type-post","3":"status-publish","4":"format-standard","5":"has-post-thumbnail","7":"category-rozaje","8":"category-politika","9":"category-berane","10":"category-petnjica-vase-vijesti","11":"category-bijelo_polje","12":"category-pljevlja_","13":"category-plav_","14":"category-gusinje-vase-vijesti","15":"category-novine"},"yoast_head":"<!-- This site is optimized with the Yoast SEO Premium plugin v23.1 (Yoast SEO v24.9) - https:\/\/yoast.com\/wordpress\/plugins\/seo\/ -->\n<title>Danas saslu\u0161anje Mandi\u0107a i Kne\u017eevi\u0107a<\/title>\n<meta name=\"robots\" content=\"index, follow, max-snippet:-1, max-image-preview:large, max-video-preview:-1\" \/>\n<link rel=\"canonical\" href=\"https:\/\/sandzakpress.net\/arhiva\/danas-saslusanje-mandica-i-knezevica\/\" \/>\n<meta property=\"og:locale\" content=\"bs_BA\" \/>\n<meta property=\"og:type\" content=\"article\" \/>\n<meta property=\"og:title\" content=\"Danas saslu\u0161anje Mandi\u0107a i Kne\u017eevi\u0107a\" \/>\n<meta property=\"og:description\" content=\"\u010celnici opozicionog Demokratskog Fronta (DF) Andrija Mandi\u0107 i Milan Kne\u017eevi\u0107 bit \u0107e saslu\u0161ani danas u Specijalnom tu\u017eila\u0161tvu u Podgorici zbog sumnje da su umije\u0161ani u osuje\u0107eni poku\u0161aj terorizma na izborni dan u Crnoj Gori. Specijalni tu\u017eilac Milivoje Katni\u0107 je rekao za radio Antena M da Tu\u017eila\u0161tvo treba da utvrdi da li su Mandi\u0107 i Kne\u017eevi\u0107 [&hellip;]\" \/>\n<meta property=\"og:url\" content=\"https:\/\/sandzakpress.net\/arhiva\/danas-saslusanje-mandica-i-knezevica\/\" \/>\n<meta property=\"og:site_name\" content=\"Sand\u017eak PRESS\" \/>\n<meta property=\"article:published_time\" content=\"2017-02-20T11:35:13+00:00\" \/>\n<meta property=\"og:image\" content=\"https:\/\/sandzakpress.net\/arhiva\/wp-content\/uploads\/2017\/02\/mandic_knezevic_crna_gora_ajb.jpg\" \/>\n\t<meta property=\"og:image:width\" content=\"770\" \/>\n\t<meta property=\"og:image:height\" content=\"433\" \/>\n\t<meta property=\"og:image:type\" content=\"image\/jpeg\" \/>\n<meta name=\"author\" content=\"Agencija\" \/>\n<meta name=\"twitter:card\" content=\"summary_large_image\" \/>\n<meta name=\"twitter:label1\" content=\"Written by\" \/>\n\t<meta name=\"twitter:data1\" content=\"Agencija\" \/>\n\t<meta name=\"twitter:label2\" content=\"Est. reading time\" \/>\n\t<meta name=\"twitter:data2\" content=\"2 minute\" \/>\n<script type=\"application\/ld+json\" class=\"yoast-schema-graph\">{\"@context\":\"https:\/\/schema.org\",\"@graph\":[{\"@type\":\"Article\",\"@id\":\"https:\/\/sandzakpress.net\/arhiva\/danas-saslusanje-mandica-i-knezevica\/#article\",\"isPartOf\":{\"@id\":\"https:\/\/sandzakpress.net\/arhiva\/danas-saslusanje-mandica-i-knezevica\/\"},\"author\":{\"name\":\"Agencija\",\"@id\":\"https:\/\/sandzakpress.net\/arhiva\/#\/schema\/person\/cb59d7e3ab91ab90dd680ad0305a6185\"},\"headline\":\"Danas saslu\u0161anje Mandi\u0107a i Kne\u017eevi\u0107a\",\"datePublished\":\"2017-02-20T11:35:13+00:00\",\"mainEntityOfPage\":{\"@id\":\"https:\/\/sandzakpress.net\/arhiva\/danas-saslusanje-mandica-i-knezevica\/\"},\"wordCount\":339,\"commentCount\":1,\"publisher\":{\"@id\":\"https:\/\/sandzakpress.net\/arhiva\/#\/schema\/person\/6e72b67d6e51910a1117b3b483ba20bd\"},\"image\":{\"@id\":\"https:\/\/sandzakpress.net\/arhiva\/danas-saslusanje-mandica-i-knezevica\/#primaryimage\"},\"thumbnailUrl\":\"https:\/\/sandzakpress.net\/arhiva\/wp-content\/uploads\/2017\/02\/mandic_knezevic_crna_gora_ajb.jpg\",\"articleSection\":[\"Ro\u017eaje\",\"Politika\",\"Berane\",\"Petnjica\",\"Bijelo Polje\",\"Pljevlja\",\"Plav\",\"Gusinje\",\"Novine\"],\"inLanguage\":\"bs-BA\",\"potentialAction\":[{\"@type\":\"CommentAction\",\"name\":\"Comment\",\"target\":[\"https:\/\/sandzakpress.net\/arhiva\/danas-saslusanje-mandica-i-knezevica\/#respond\"]}]},{\"@type\":\"WebPage\",\"@id\":\"https:\/\/sandzakpress.net\/arhiva\/danas-saslusanje-mandica-i-knezevica\/\",\"url\":\"https:\/\/sandzakpress.net\/arhiva\/danas-saslusanje-mandica-i-knezevica\/\",\"name\":\"Danas saslu\u0161anje Mandi\u0107a i Kne\u017eevi\u0107a\",\"isPartOf\":{\"@id\":\"https:\/\/sandzakpress.net\/arhiva\/#website\"},\"primaryImageOfPage\":{\"@id\":\"https:\/\/sandzakpress.net\/arhiva\/danas-saslusanje-mandica-i-knezevica\/#primaryimage\"},\"image\":{\"@id\":\"https:\/\/sandzakpress.net\/arhiva\/danas-saslusanje-mandica-i-knezevica\/#primaryimage\"},\"thumbnailUrl\":\"https:\/\/sandzakpress.net\/arhiva\/wp-content\/uploads\/2017\/02\/mandic_knezevic_crna_gora_ajb.jpg\",\"datePublished\":\"2017-02-20T11:35:13+00:00\",\"breadcrumb\":{\"@id\":\"https:\/\/sandzakpress.net\/arhiva\/danas-saslusanje-mandica-i-knezevica\/#breadcrumb\"},\"inLanguage\":\"bs-BA\",\"potentialAction\":[{\"@type\":\"ReadAction\",\"target\":[\"https:\/\/sandzakpress.net\/arhiva\/danas-saslusanje-mandica-i-knezevica\/\"]}]},{\"@type\":\"ImageObject\",\"inLanguage\":\"bs-BA\",\"@id\":\"https:\/\/sandzakpress.net\/arhiva\/danas-saslusanje-mandica-i-knezevica\/#primaryimage\",\"url\":\"https:\/\/sandzakpress.net\/arhiva\/wp-content\/uploads\/2017\/02\/mandic_knezevic_crna_gora_ajb.jpg\",\"contentUrl\":\"https:\/\/sandzakpress.net\/arhiva\/wp-content\/uploads\/2017\/02\/mandic_knezevic_crna_gora_ajb.jpg\",\"width\":770,\"height\":433},{\"@type\":\"BreadcrumbList\",\"@id\":\"https:\/\/sandzakpress.net\/arhiva\/danas-saslusanje-mandica-i-knezevica\/#breadcrumb\",\"itemListElement\":[{\"@type\":\"ListItem\",\"position\":1,\"name\":\"Home\",\"item\":\"https:\/\/sandzakpress.net\/arhiva\/\"},{\"@type\":\"ListItem\",\"position\":2,\"name\":\"Danas saslu\u0161anje Mandi\u0107a i Kne\u017eevi\u0107a\"}]},{\"@type\":\"WebSite\",\"@id\":\"https:\/\/sandzakpress.net\/arhiva\/#website\",\"url\":\"https:\/\/sandzakpress.net\/arhiva\/\",\"name\":\"Sand\u017eak PRESS\",\"description\":\"Prve elektronske novine u Sand\u017eaku\",\"publisher\":{\"@id\":\"https:\/\/sandzakpress.net\/arhiva\/#\/schema\/person\/6e72b67d6e51910a1117b3b483ba20bd\"},\"potentialAction\":[{\"@type\":\"SearchAction\",\"target\":{\"@type\":\"EntryPoint\",\"urlTemplate\":\"https:\/\/sandzakpress.net\/arhiva\/?s={search_term_string}\"},\"query-input\":{\"@type\":\"PropertyValueSpecification\",\"valueRequired\":true,\"valueName\":\"search_term_string\"}}],\"inLanguage\":\"bs-BA\"},{\"@type\":[\"Person\",\"Organization\"],\"@id\":\"https:\/\/sandzakpress.net\/arhiva\/#\/schema\/person\/6e72b67d6e51910a1117b3b483ba20bd\",\"name\":\"Kul\",\"image\":{\"@type\":\"ImageObject\",\"inLanguage\":\"bs-BA\",\"@id\":\"https:\/\/sandzakpress.net\/arhiva\/#\/schema\/person\/image\/\",\"url\":\"https:\/\/secure.gravatar.com\/avatar\/42263f39aa27ac04c43cab85c280eb2e?s=96&d=mm&r=pg\",\"contentUrl\":\"https:\/\/secure.gravatar.com\/avatar\/42263f39aa27ac04c43cab85c280eb2e?s=96&d=mm&r=pg\",\"caption\":\"Kul\"},\"logo\":{\"@id\":\"https:\/\/sandzakpress.net\/arhiva\/#\/schema\/person\/image\/\"}},{\"@type\":\"Person\",\"@id\":\"https:\/\/sandzakpress.net\/arhiva\/#\/schema\/person\/cb59d7e3ab91ab90dd680ad0305a6185\",\"name\":\"Agencija\",\"image\":{\"@type\":\"ImageObject\",\"inLanguage\":\"bs-BA\",\"@id\":\"https:\/\/sandzakpress.net\/arhiva\/#\/schema\/person\/image\/\",\"url\":\"https:\/\/secure.gravatar.com\/avatar\/4b7fafa80a22f0c2afe23966b3961fe0?s=96&d=mm&r=pg\",\"contentUrl\":\"https:\/\/secure.gravatar.com\/avatar\/4b7fafa80a22f0c2afe23966b3961fe0?s=96&d=mm&r=pg\",\"caption\":\"Agencija\"},\"url\":\"https:\/\/sandzakpress.net\/arhiva\/author\/agencija\/\"}]}<\/script>\n<!-- \/ Yoast SEO Premium plugin. -->","yoast_head_json":{"title":"Danas saslu\u0161anje Mandi\u0107a i Kne\u017eevi\u0107a","robots":{"index":"index","follow":"follow","max-snippet":"max-snippet:-1","max-image-preview":"max-image-preview:large","max-video-preview":"max-video-preview:-1"},"canonical":"https:\/\/sandzakpress.net\/arhiva\/danas-saslusanje-mandica-i-knezevica\/","og_locale":"bs_BA","og_type":"article","og_title":"Danas saslu\u0161anje Mandi\u0107a i Kne\u017eevi\u0107a","og_description":"\u010celnici opozicionog Demokratskog Fronta (DF) Andrija Mandi\u0107 i Milan Kne\u017eevi\u0107 bit \u0107e saslu\u0161ani danas u Specijalnom tu\u017eila\u0161tvu u Podgorici zbog sumnje da su umije\u0161ani u osuje\u0107eni poku\u0161aj terorizma na izborni dan u Crnoj Gori. Specijalni tu\u017eilac Milivoje Katni\u0107 je rekao za radio Antena M da Tu\u017eila\u0161tvo treba da utvrdi da li su Mandi\u0107 i Kne\u017eevi\u0107 [&hellip;]","og_url":"https:\/\/sandzakpress.net\/arhiva\/danas-saslusanje-mandica-i-knezevica\/","og_site_name":"Sand\u017eak PRESS","article_published_time":"2017-02-20T11:35:13+00:00","og_image":[{"width":770,"height":433,"url":"https:\/\/sandzakpress.net\/arhiva\/wp-content\/uploads\/2017\/02\/mandic_knezevic_crna_gora_ajb.jpg","type":"image\/jpeg"}],"author":"Agencija","twitter_card":"summary_large_image","twitter_misc":{"Written by":"Agencija","Est. reading time":"2 minute"},"schema":{"@context":"https:\/\/schema.org","@graph":[{"@type":"Article","@id":"https:\/\/sandzakpress.net\/arhiva\/danas-saslusanje-mandica-i-knezevica\/#article","isPartOf":{"@id":"https:\/\/sandzakpress.net\/arhiva\/danas-saslusanje-mandica-i-knezevica\/"},"author":{"name":"Agencija","@id":"https:\/\/sandzakpress.net\/arhiva\/#\/schema\/person\/cb59d7e3ab91ab90dd680ad0305a6185"},"headline":"Danas saslu\u0161anje Mandi\u0107a i Kne\u017eevi\u0107a","datePublished":"2017-02-20T11:35:13+00:00","mainEntityOfPage":{"@id":"https:\/\/sandzakpress.net\/arhiva\/danas-saslusanje-mandica-i-knezevica\/"},"wordCount":339,"commentCount":1,"publisher":{"@id":"https:\/\/sandzakpress.net\/arhiva\/#\/schema\/person\/6e72b67d6e51910a1117b3b483ba20bd"},"image":{"@id":"https:\/\/sandzakpress.net\/arhiva\/danas-saslusanje-mandica-i-knezevica\/#primaryimage"},"thumbnailUrl":"https:\/\/sandzakpress.net\/arhiva\/wp-content\/uploads\/2017\/02\/mandic_knezevic_crna_gora_ajb.jpg","articleSection":["Ro\u017eaje","Politika","Berane","Petnjica","Bijelo Polje","Pljevlja","Plav","Gusinje","Novine"],"inLanguage":"bs-BA","potentialAction":[{"@type":"CommentAction","name":"Comment","target":["https:\/\/sandzakpress.net\/arhiva\/danas-saslusanje-mandica-i-knezevica\/#respond"]}]},{"@type":"WebPage","@id":"https:\/\/sandzakpress.net\/arhiva\/danas-saslusanje-mandica-i-knezevica\/","url":"https:\/\/sandzakpress.net\/arhiva\/danas-saslusanje-mandica-i-knezevica\/","name":"Danas saslu\u0161anje Mandi\u0107a i Kne\u017eevi\u0107a","isPartOf":{"@id":"https:\/\/sandzakpress.net\/arhiva\/#website"},"primaryImageOfPage":{"@id":"https:\/\/sandzakpress.net\/arhiva\/danas-saslusanje-mandica-i-knezevica\/#primaryimage"},"image":{"@id":"https:\/\/sandzakpress.net\/arhiva\/danas-saslusanje-mandica-i-knezevica\/#primaryimage"},"thumbnailUrl":"https:\/\/sandzakpress.net\/arhiva\/wp-content\/uploads\/2017\/02\/mandic_knezevic_crna_gora_ajb.jpg","datePublished":"2017-02-20T11:35:13+00:00","breadcrumb":{"@id":"https:\/\/sandzakpress.net\/arhiva\/danas-saslusanje-mandica-i-knezevica\/#breadcrumb"},"inLanguage":"bs-BA","potentialAction":[{"@type":"ReadAction","target":["https:\/\/sandzakpress.net\/arhiva\/danas-saslusanje-mandica-i-knezevica\/"]}]},{"@type":"ImageObject","inLanguage":"bs-BA","@id":"https:\/\/sandzakpress.net\/arhiva\/danas-saslusanje-mandica-i-knezevica\/#primaryimage","url":"https:\/\/sandzakpress.net\/arhiva\/wp-content\/uploads\/2017\/02\/mandic_knezevic_crna_gora_ajb.jpg","contentUrl":"https:\/\/sandzakpress.net\/arhiva\/wp-content\/uploads\/2017\/02\/mandic_knezevic_crna_gora_ajb.jpg","width":770,"height":433},{"@type":"BreadcrumbList","@id":"https:\/\/sandzakpress.net\/arhiva\/danas-saslusanje-mandica-i-knezevica\/#breadcrumb","itemListElement":[{"@type":"ListItem","position":1,"name":"Home","item":"https:\/\/sandzakpress.net\/arhiva\/"},{"@type":"ListItem","position":2,"name":"Danas saslu\u0161anje Mandi\u0107a i Kne\u017eevi\u0107a"}]},{"@type":"WebSite","@id":"https:\/\/sandzakpress.net\/arhiva\/#website","url":"https:\/\/sandzakpress.net\/arhiva\/","name":"Sand\u017eak PRESS","description":"Prve elektronske novine u Sand\u017eaku","publisher":{"@id":"https:\/\/sandzakpress.net\/arhiva\/#\/schema\/person\/6e72b67d6e51910a1117b3b483ba20bd"},"potentialAction":[{"@type":"SearchAction","target":{"@type":"EntryPoint","urlTemplate":"https:\/\/sandzakpress.net\/arhiva\/?s={search_term_string}"},"query-input":{"@type":"PropertyValueSpecification","valueRequired":true,"valueName":"search_term_string"}}],"inLanguage":"bs-BA"},{"@type":["Person","Organization"],"@id":"https:\/\/sandzakpress.net\/arhiva\/#\/schema\/person\/6e72b67d6e51910a1117b3b483ba20bd","name":"Kul","image":{"@type":"ImageObject","inLanguage":"bs-BA","@id":"https:\/\/sandzakpress.net\/arhiva\/#\/schema\/person\/image\/","url":"https:\/\/secure.gravatar.com\/avatar\/42263f39aa27ac04c43cab85c280eb2e?s=96&d=mm&r=pg","contentUrl":"https:\/\/secure.gravatar.com\/avatar\/42263f39aa27ac04c43cab85c280eb2e?s=96&d=mm&r=pg","caption":"Kul"},"logo":{"@id":"https:\/\/sandzakpress.net\/arhiva\/#\/schema\/person\/image\/"}},{"@type":"Person","@id":"https:\/\/sandzakpress.net\/arhiva\/#\/schema\/person\/cb59d7e3ab91ab90dd680ad0305a6185","name":"Agencija","image":{"@type":"ImageObject","inLanguage":"bs-BA","@id":"https:\/\/sandzakpress.net\/arhiva\/#\/schema\/person\/image\/","url":"https:\/\/secure.gravatar.com\/avatar\/4b7fafa80a22f0c2afe23966b3961fe0?s=96&d=mm&r=pg","contentUrl":"https:\/\/secure.gravatar.com\/avatar\/4b7fafa80a22f0c2afe23966b3961fe0?s=96&d=mm&r=pg","caption":"Agencija"},"url":"https:\/\/sandzakpress.net\/arhiva\/author\/agencija\/"}]}},"_links":{"self":[{"href":"https:\/\/sandzakpress.net\/arhiva\/wp-json\/wp\/v2\/posts\/180125"}],"collection":[{"href":"https:\/\/sandzakpress.net\/arhiva\/wp-json\/wp\/v2\/posts"}],"about":[{"href":"https:\/\/sandzakpress.net\/arhiva\/wp-json\/wp\/v2\/types\/post"}],"author":[{"embeddable":true,"href":"https:\/\/sandzakpress.net\/arhiva\/wp-json\/wp\/v2\/users\/509"}],"replies":[{"embeddable":true,"href":"https:\/\/sandzakpress.net\/arhiva\/wp-json\/wp\/v2\/comments?post=180125"}],"version-history":[{"count":0,"href":"https:\/\/sandzakpress.net\/arhiva\/wp-json\/wp\/v2\/posts\/180125\/revisions"}],"wp:featuredmedia":[{"embeddable":true,"href":"https:\/\/sandzakpress.net\/arhiva\/wp-json\/wp\/v2\/media\/180136"}],"wp:attachment":[{"href":"https:\/\/sandzakpress.net\/arhiva\/wp-json\/wp\/v2\/media?parent=180125"}],"wp:term":[{"taxonomy":"category","embeddable":true,"href":"https:\/\/sandzakpress.net\/arhiva\/wp-json\/wp\/v2\/categories?post=180125"},{"taxonomy":"post_tag","embeddable":true,"href":"https:\/\/sandzakpress.net\/arhiva\/wp-json\/wp\/v2\/tags?post=180125"}],"curies":[{"name":"wp","href":"https:\/\/api.w.org\/{rel}","templated":true}]}}