{"id":18007,"date":"2011-07-27T10:45:33","date_gmt":"2011-07-27T08:45:33","guid":{"rendered":"https:\/\/sandzakpress.net\/arhiva\/?p=18007"},"modified":"2011-07-27T10:45:33","modified_gmt":"2011-07-27T08:45:33","slug":"sunet-svadba-2011-u-gornjem-ljubinju","status":"publish","type":"post","link":"https:\/\/sandzakpress.net\/arhiva\/sunet-svadba-2011-u-gornjem-ljubinju\/","title":{"rendered":"Sunet svadba 2011 u Gornjem Ljubinju"},"content":{"rendered":"<p><strong><a href=\"https:\/\/sandzakpress.net\/arhiva\/wp-content\/uploads\/2011\/07\/Sunet_CB1_big.jpg\"><img loading=\"lazy\" decoding=\"async\" class=\"alignleft size-full wp-image-18008\" src=\"https:\/\/sandzakpress.net\/arhiva\/wp-content\/uploads\/2011\/07\/Sunet_CB1_big.jpg\" alt=\"\" width=\"220\" height=\"165\" \/><\/a>Kosovo &#8211; U\u010denjem mevluda danas je u Gornjem Ljubinju kod Prizrena  sve\u010dano zapo\u010dela kulturno-vjerska manifestacija Sunet-svadba 2011.  Ova  manifestacija koja se odr\u017eava svakih pet godina, tradicionalnog je  karaktera a ove godine \u0107e biti osune\u0107ena 84 dje\u010daka.<\/strong><\/p>\n<p>Pored mnogobrojnih gostiju iz svih krajeva Kosova i mje\u0161tana ovoj  manifestaciji koja je pokrenuta jos davne 1933 godine  prisustvovali su i  predstavnici Islamske zajednice Kosova iz Prizrena te imami bo\u0161nja\u010dkih  sela iz \u017dupe i Podgore.<\/p>\n<p>Ve\u010deras su na programu ilahije i kaside gdje \u0107e gosti iz Sand\u017eaka,  odnosno Novog Pazara u\u010destvovati sa horom Isa-beg medrese. Predvidjen je  i sportski program. Prije svega, turnir u malom fudbalu na kome  u\u010destvuje osam ekipa iz ve\u0107ine sela u \u017dupi. Pobjednik je ekipa Mu\u0161nikova  koja je pobjedila ekipu iz Lokvica sa 4:2.Predvi\u0111ene da se odr\u017ee i  druge sportske discipline. Atletika (trka amatera u du\u017eini oko 2,5 km),  navla\u010denje konopca, pa bacanje kamena s ramena te skok u dalj s mjesta.  Tradicionalna je i veoma popularna sportska disciplina borba pehlivana.  Ucestvovace poznati pehlivani iz Makedonije, Turske, Bugarske, Albanije i  sa Kosova.<\/p>\n<p>\u201cTo je tradicija koja se odr\u017eava svakih pet godina i dosada, evo  nakon toliko godina, nije prekidana i ako bog da ne\u0107e biti prekidana  nikad. Bilo je i vrijeme kada je bilo zabranjeno u\u010diti mevlud ili  zabranjene neke druge vjerske aktivnosti ali tradicija kolektivnog  sune\u0107enja u ovom selu nikad nije bila prekidana \u010dak i u ona te\u0161ka  vremena kada smo bili u opasnosti zbog ispoljavnja na\u0161e vjere. Tradicija  se nastavlja a vi bujrum budite na\u0161i gosti\u201c, istakao je imam iz Gornjeg  Ljubinja.<\/p>\n<p>Izvor:<strong> Alem-Kosovo.com<\/strong><\/p>\n","protected":false},"excerpt":{"rendered":"<p>Kosovo &#8211; U\u010denjem mevluda danas je u Gornjem Ljubinju kod Prizrena sve\u010dano zapo\u010dela kulturno-vjerska manifestacija Sunet-svadba 2011. Ova manifestacija koja se odr\u017eava svakih pet godina, tradicionalnog je karaktera a ove godine \u0107e biti osune\u0107ena 84 dje\u010daka. Pored mnogobrojnih gostiju iz svih krajeva Kosova i mje\u0161tana ovoj manifestaciji koja je pokrenuta jos davne 1933 godine prisustvovali [&hellip;]<\/p>\n","protected":false},"author":13,"featured_media":18008,"comment_status":"open","ping_status":"open","sticky":false,"template":"","format":"standard","meta":{"footnotes":""},"categories":[2690],"tags":[],"class_list":{"0":"post-18007","1":"post","2":"type-post","3":"status-publish","4":"format-standard","5":"has-post-thumbnail","7":"category-kosovo-gradovi"},"yoast_head":"<!-- This site is optimized with the Yoast SEO Premium plugin v23.1 (Yoast SEO v24.9) - https:\/\/yoast.com\/wordpress\/plugins\/seo\/ -->\n<title>Sunet svadba 2011 u Gornjem Ljubinju<\/title>\n<meta name=\"robots\" content=\"index, follow, max-snippet:-1, max-image-preview:large, max-video-preview:-1\" \/>\n<link rel=\"canonical\" href=\"https:\/\/sandzakpress.net\/arhiva\/sunet-svadba-2011-u-gornjem-ljubinju\/\" \/>\n<meta property=\"og:locale\" content=\"bs_BA\" \/>\n<meta property=\"og:type\" content=\"article\" \/>\n<meta property=\"og:title\" content=\"Sunet svadba 2011 u Gornjem Ljubinju\" \/>\n<meta property=\"og:description\" content=\"Kosovo &#8211; U\u010denjem mevluda danas je u Gornjem Ljubinju kod Prizrena sve\u010dano zapo\u010dela kulturno-vjerska manifestacija Sunet-svadba 2011. Ova manifestacija koja se odr\u017eava svakih pet godina, tradicionalnog je karaktera a ove godine \u0107e biti osune\u0107ena 84 dje\u010daka. Pored mnogobrojnih gostiju iz svih krajeva Kosova i mje\u0161tana ovoj manifestaciji koja je pokrenuta jos davne 1933 godine prisustvovali [&hellip;]\" \/>\n<meta property=\"og:url\" content=\"https:\/\/sandzakpress.net\/arhiva\/sunet-svadba-2011-u-gornjem-ljubinju\/\" \/>\n<meta property=\"og:site_name\" content=\"Sand\u017eak PRESS\" \/>\n<meta property=\"article:published_time\" content=\"2011-07-27T08:45:33+00:00\" \/>\n<meta property=\"og:image\" content=\"https:\/\/sandzakpress.net\/arhiva\/wp-content\/uploads\/2011\/07\/Sunet_CB1_big.jpg\" \/>\n\t<meta property=\"og:image:width\" content=\"220\" \/>\n\t<meta property=\"og:image:height\" content=\"165\" \/>\n\t<meta property=\"og:image:type\" content=\"image\/jpeg\" \/>\n<meta name=\"twitter:card\" content=\"summary_large_image\" \/>\n<meta name=\"twitter:label1\" content=\"Written by\" \/>\n\t<meta name=\"twitter:data1\" content=\"\" \/>\n\t<meta name=\"twitter:label2\" content=\"Est. reading time\" \/>\n\t<meta name=\"twitter:data2\" content=\"1 minuta\" \/>\n<script type=\"application\/ld+json\" class=\"yoast-schema-graph\">{\"@context\":\"https:\/\/schema.org\",\"@graph\":[{\"@type\":\"Article\",\"@id\":\"https:\/\/sandzakpress.net\/arhiva\/sunet-svadba-2011-u-gornjem-ljubinju\/#article\",\"isPartOf\":{\"@id\":\"https:\/\/sandzakpress.net\/arhiva\/sunet-svadba-2011-u-gornjem-ljubinju\/\"},\"author\":{\"name\":\"\",\"@id\":\"\"},\"headline\":\"Sunet svadba 2011 u Gornjem Ljubinju\",\"datePublished\":\"2011-07-27T08:45:33+00:00\",\"mainEntityOfPage\":{\"@id\":\"https:\/\/sandzakpress.net\/arhiva\/sunet-svadba-2011-u-gornjem-ljubinju\/\"},\"wordCount\":284,\"commentCount\":0,\"publisher\":{\"@id\":\"https:\/\/sandzakpress.net\/arhiva\/#\/schema\/person\/6e72b67d6e51910a1117b3b483ba20bd\"},\"image\":{\"@id\":\"https:\/\/sandzakpress.net\/arhiva\/sunet-svadba-2011-u-gornjem-ljubinju\/#primaryimage\"},\"thumbnailUrl\":\"https:\/\/sandzakpress.net\/arhiva\/wp-content\/uploads\/2011\/07\/Sunet_CB1_big.jpg\",\"articleSection\":[\"Kosovo\"],\"inLanguage\":\"bs-BA\",\"potentialAction\":[{\"@type\":\"CommentAction\",\"name\":\"Comment\",\"target\":[\"https:\/\/sandzakpress.net\/arhiva\/sunet-svadba-2011-u-gornjem-ljubinju\/#respond\"]}]},{\"@type\":\"WebPage\",\"@id\":\"https:\/\/sandzakpress.net\/arhiva\/sunet-svadba-2011-u-gornjem-ljubinju\/\",\"url\":\"https:\/\/sandzakpress.net\/arhiva\/sunet-svadba-2011-u-gornjem-ljubinju\/\",\"name\":\"Sunet svadba 2011 u Gornjem Ljubinju\",\"isPartOf\":{\"@id\":\"https:\/\/sandzakpress.net\/arhiva\/#website\"},\"primaryImageOfPage\":{\"@id\":\"https:\/\/sandzakpress.net\/arhiva\/sunet-svadba-2011-u-gornjem-ljubinju\/#primaryimage\"},\"image\":{\"@id\":\"https:\/\/sandzakpress.net\/arhiva\/sunet-svadba-2011-u-gornjem-ljubinju\/#primaryimage\"},\"thumbnailUrl\":\"https:\/\/sandzakpress.net\/arhiva\/wp-content\/uploads\/2011\/07\/Sunet_CB1_big.jpg\",\"datePublished\":\"2011-07-27T08:45:33+00:00\",\"breadcrumb\":{\"@id\":\"https:\/\/sandzakpress.net\/arhiva\/sunet-svadba-2011-u-gornjem-ljubinju\/#breadcrumb\"},\"inLanguage\":\"bs-BA\",\"potentialAction\":[{\"@type\":\"ReadAction\",\"target\":[\"https:\/\/sandzakpress.net\/arhiva\/sunet-svadba-2011-u-gornjem-ljubinju\/\"]}]},{\"@type\":\"ImageObject\",\"inLanguage\":\"bs-BA\",\"@id\":\"https:\/\/sandzakpress.net\/arhiva\/sunet-svadba-2011-u-gornjem-ljubinju\/#primaryimage\",\"url\":\"https:\/\/sandzakpress.net\/arhiva\/wp-content\/uploads\/2011\/07\/Sunet_CB1_big.jpg\",\"contentUrl\":\"https:\/\/sandzakpress.net\/arhiva\/wp-content\/uploads\/2011\/07\/Sunet_CB1_big.jpg\",\"width\":220,\"height\":165},{\"@type\":\"BreadcrumbList\",\"@id\":\"https:\/\/sandzakpress.net\/arhiva\/sunet-svadba-2011-u-gornjem-ljubinju\/#breadcrumb\",\"itemListElement\":[{\"@type\":\"ListItem\",\"position\":1,\"name\":\"Home\",\"item\":\"https:\/\/sandzakpress.net\/arhiva\/\"},{\"@type\":\"ListItem\",\"position\":2,\"name\":\"Sunet svadba 2011 u Gornjem Ljubinju\"}]},{\"@type\":\"WebSite\",\"@id\":\"https:\/\/sandzakpress.net\/arhiva\/#website\",\"url\":\"https:\/\/sandzakpress.net\/arhiva\/\",\"name\":\"Sand\u017eak PRESS\",\"description\":\"Prve elektronske novine u Sand\u017eaku\",\"publisher\":{\"@id\":\"https:\/\/sandzakpress.net\/arhiva\/#\/schema\/person\/6e72b67d6e51910a1117b3b483ba20bd\"},\"potentialAction\":[{\"@type\":\"SearchAction\",\"target\":{\"@type\":\"EntryPoint\",\"urlTemplate\":\"https:\/\/sandzakpress.net\/arhiva\/?s={search_term_string}\"},\"query-input\":{\"@type\":\"PropertyValueSpecification\",\"valueRequired\":true,\"valueName\":\"search_term_string\"}}],\"inLanguage\":\"bs-BA\"},{\"@type\":[\"Person\",\"Organization\"],\"@id\":\"https:\/\/sandzakpress.net\/arhiva\/#\/schema\/person\/6e72b67d6e51910a1117b3b483ba20bd\",\"name\":\"Kul\",\"image\":{\"@type\":\"ImageObject\",\"inLanguage\":\"bs-BA\",\"@id\":\"https:\/\/sandzakpress.net\/arhiva\/#\/schema\/person\/image\/\",\"url\":\"https:\/\/secure.gravatar.com\/avatar\/42263f39aa27ac04c43cab85c280eb2e?s=96&d=mm&r=pg\",\"contentUrl\":\"https:\/\/secure.gravatar.com\/avatar\/42263f39aa27ac04c43cab85c280eb2e?s=96&d=mm&r=pg\",\"caption\":\"Kul\"},\"logo\":{\"@id\":\"https:\/\/sandzakpress.net\/arhiva\/#\/schema\/person\/image\/\"}},{\"@type\":\"Person\",\"@id\":\"\",\"url\":\"https:\/\/sandzakpress.net\/arhiva\/author\/\"}]}<\/script>\n<!-- \/ Yoast SEO Premium plugin. -->","yoast_head_json":{"title":"Sunet svadba 2011 u Gornjem Ljubinju","robots":{"index":"index","follow":"follow","max-snippet":"max-snippet:-1","max-image-preview":"max-image-preview:large","max-video-preview":"max-video-preview:-1"},"canonical":"https:\/\/sandzakpress.net\/arhiva\/sunet-svadba-2011-u-gornjem-ljubinju\/","og_locale":"bs_BA","og_type":"article","og_title":"Sunet svadba 2011 u Gornjem Ljubinju","og_description":"Kosovo &#8211; U\u010denjem mevluda danas je u Gornjem Ljubinju kod Prizrena sve\u010dano zapo\u010dela kulturno-vjerska manifestacija Sunet-svadba 2011. Ova manifestacija koja se odr\u017eava svakih pet godina, tradicionalnog je karaktera a ove godine \u0107e biti osune\u0107ena 84 dje\u010daka. Pored mnogobrojnih gostiju iz svih krajeva Kosova i mje\u0161tana ovoj manifestaciji koja je pokrenuta jos davne 1933 godine prisustvovali [&hellip;]","og_url":"https:\/\/sandzakpress.net\/arhiva\/sunet-svadba-2011-u-gornjem-ljubinju\/","og_site_name":"Sand\u017eak PRESS","article_published_time":"2011-07-27T08:45:33+00:00","og_image":[{"width":220,"height":165,"url":"https:\/\/sandzakpress.net\/arhiva\/wp-content\/uploads\/2011\/07\/Sunet_CB1_big.jpg","type":"image\/jpeg"}],"twitter_card":"summary_large_image","twitter_misc":{"Written by":"","Est. reading time":"1 minuta"},"schema":{"@context":"https:\/\/schema.org","@graph":[{"@type":"Article","@id":"https:\/\/sandzakpress.net\/arhiva\/sunet-svadba-2011-u-gornjem-ljubinju\/#article","isPartOf":{"@id":"https:\/\/sandzakpress.net\/arhiva\/sunet-svadba-2011-u-gornjem-ljubinju\/"},"author":{"name":"","@id":""},"headline":"Sunet svadba 2011 u Gornjem Ljubinju","datePublished":"2011-07-27T08:45:33+00:00","mainEntityOfPage":{"@id":"https:\/\/sandzakpress.net\/arhiva\/sunet-svadba-2011-u-gornjem-ljubinju\/"},"wordCount":284,"commentCount":0,"publisher":{"@id":"https:\/\/sandzakpress.net\/arhiva\/#\/schema\/person\/6e72b67d6e51910a1117b3b483ba20bd"},"image":{"@id":"https:\/\/sandzakpress.net\/arhiva\/sunet-svadba-2011-u-gornjem-ljubinju\/#primaryimage"},"thumbnailUrl":"https:\/\/sandzakpress.net\/arhiva\/wp-content\/uploads\/2011\/07\/Sunet_CB1_big.jpg","articleSection":["Kosovo"],"inLanguage":"bs-BA","potentialAction":[{"@type":"CommentAction","name":"Comment","target":["https:\/\/sandzakpress.net\/arhiva\/sunet-svadba-2011-u-gornjem-ljubinju\/#respond"]}]},{"@type":"WebPage","@id":"https:\/\/sandzakpress.net\/arhiva\/sunet-svadba-2011-u-gornjem-ljubinju\/","url":"https:\/\/sandzakpress.net\/arhiva\/sunet-svadba-2011-u-gornjem-ljubinju\/","name":"Sunet svadba 2011 u Gornjem Ljubinju","isPartOf":{"@id":"https:\/\/sandzakpress.net\/arhiva\/#website"},"primaryImageOfPage":{"@id":"https:\/\/sandzakpress.net\/arhiva\/sunet-svadba-2011-u-gornjem-ljubinju\/#primaryimage"},"image":{"@id":"https:\/\/sandzakpress.net\/arhiva\/sunet-svadba-2011-u-gornjem-ljubinju\/#primaryimage"},"thumbnailUrl":"https:\/\/sandzakpress.net\/arhiva\/wp-content\/uploads\/2011\/07\/Sunet_CB1_big.jpg","datePublished":"2011-07-27T08:45:33+00:00","breadcrumb":{"@id":"https:\/\/sandzakpress.net\/arhiva\/sunet-svadba-2011-u-gornjem-ljubinju\/#breadcrumb"},"inLanguage":"bs-BA","potentialAction":[{"@type":"ReadAction","target":["https:\/\/sandzakpress.net\/arhiva\/sunet-svadba-2011-u-gornjem-ljubinju\/"]}]},{"@type":"ImageObject","inLanguage":"bs-BA","@id":"https:\/\/sandzakpress.net\/arhiva\/sunet-svadba-2011-u-gornjem-ljubinju\/#primaryimage","url":"https:\/\/sandzakpress.net\/arhiva\/wp-content\/uploads\/2011\/07\/Sunet_CB1_big.jpg","contentUrl":"https:\/\/sandzakpress.net\/arhiva\/wp-content\/uploads\/2011\/07\/Sunet_CB1_big.jpg","width":220,"height":165},{"@type":"BreadcrumbList","@id":"https:\/\/sandzakpress.net\/arhiva\/sunet-svadba-2011-u-gornjem-ljubinju\/#breadcrumb","itemListElement":[{"@type":"ListItem","position":1,"name":"Home","item":"https:\/\/sandzakpress.net\/arhiva\/"},{"@type":"ListItem","position":2,"name":"Sunet svadba 2011 u Gornjem Ljubinju"}]},{"@type":"WebSite","@id":"https:\/\/sandzakpress.net\/arhiva\/#website","url":"https:\/\/sandzakpress.net\/arhiva\/","name":"Sand\u017eak PRESS","description":"Prve elektronske novine u Sand\u017eaku","publisher":{"@id":"https:\/\/sandzakpress.net\/arhiva\/#\/schema\/person\/6e72b67d6e51910a1117b3b483ba20bd"},"potentialAction":[{"@type":"SearchAction","target":{"@type":"EntryPoint","urlTemplate":"https:\/\/sandzakpress.net\/arhiva\/?s={search_term_string}"},"query-input":{"@type":"PropertyValueSpecification","valueRequired":true,"valueName":"search_term_string"}}],"inLanguage":"bs-BA"},{"@type":["Person","Organization"],"@id":"https:\/\/sandzakpress.net\/arhiva\/#\/schema\/person\/6e72b67d6e51910a1117b3b483ba20bd","name":"Kul","image":{"@type":"ImageObject","inLanguage":"bs-BA","@id":"https:\/\/sandzakpress.net\/arhiva\/#\/schema\/person\/image\/","url":"https:\/\/secure.gravatar.com\/avatar\/42263f39aa27ac04c43cab85c280eb2e?s=96&d=mm&r=pg","contentUrl":"https:\/\/secure.gravatar.com\/avatar\/42263f39aa27ac04c43cab85c280eb2e?s=96&d=mm&r=pg","caption":"Kul"},"logo":{"@id":"https:\/\/sandzakpress.net\/arhiva\/#\/schema\/person\/image\/"}},{"@type":"Person","@id":"","url":"https:\/\/sandzakpress.net\/arhiva\/author\/"}]}},"_links":{"self":[{"href":"https:\/\/sandzakpress.net\/arhiva\/wp-json\/wp\/v2\/posts\/18007"}],"collection":[{"href":"https:\/\/sandzakpress.net\/arhiva\/wp-json\/wp\/v2\/posts"}],"about":[{"href":"https:\/\/sandzakpress.net\/arhiva\/wp-json\/wp\/v2\/types\/post"}],"author":[{"embeddable":true,"href":"https:\/\/sandzakpress.net\/arhiva\/wp-json\/wp\/v2\/users\/13"}],"replies":[{"embeddable":true,"href":"https:\/\/sandzakpress.net\/arhiva\/wp-json\/wp\/v2\/comments?post=18007"}],"version-history":[{"count":0,"href":"https:\/\/sandzakpress.net\/arhiva\/wp-json\/wp\/v2\/posts\/18007\/revisions"}],"wp:featuredmedia":[{"embeddable":true,"href":"https:\/\/sandzakpress.net\/arhiva\/wp-json\/wp\/v2\/media\/18008"}],"wp:attachment":[{"href":"https:\/\/sandzakpress.net\/arhiva\/wp-json\/wp\/v2\/media?parent=18007"}],"wp:term":[{"taxonomy":"category","embeddable":true,"href":"https:\/\/sandzakpress.net\/arhiva\/wp-json\/wp\/v2\/categories?post=18007"},{"taxonomy":"post_tag","embeddable":true,"href":"https:\/\/sandzakpress.net\/arhiva\/wp-json\/wp\/v2\/tags?post=18007"}],"curies":[{"name":"wp","href":"https:\/\/api.w.org\/{rel}","templated":true}]}}