{"id":179943,"date":"2017-02-17T16:09:41","date_gmt":"2017-02-17T15:09:41","guid":{"rendered":"https:\/\/sandzakpress.net\/arhiva\/reis-kavazovic-o-reviziji-presude-da-li-imamo-pravo-odustati-od-pravde"},"modified":"2017-02-17T16:09:41","modified_gmt":"2017-02-17T15:09:41","slug":"reis-kavazovic-o-reviziji-presude-da-li-imamo-pravo-odustati-od-pravde","status":"publish","type":"post","link":"https:\/\/sandzakpress.net\/arhiva\/reis-kavazovic-o-reviziji-presude-da-li-imamo-pravo-odustati-od-pravde\/","title":{"rendered":"Reis Kavazovi\u0107 o reviziji presude: Da li imamo pravo odustati od pravde?"},"content":{"rendered":"<p><span class=\"cb-itemprop\"><\/p>\n<p class=\"p1\"><img decoding=\"async\" src=\"http:\/\/saff.ba\/wp-content\/uploads\/2017\/02\/reis_husein_kavazovic-650x390.jpg\" alt=\"Reis Kavazovi\u0107 o reviziji presude: Da li imamo pravo odustati od pravde?\" \/><\/p>\n<p class=\"p1\"><strong><span class=\"s1\">Za reviziju postoje tri mogu\u0107a razloga: pravni, politi\u010dki i moralni. To su tri ravni na kojima valja odvagati ovu dilemu koju ste postavili. <\/span><\/strong><\/p>\n<p class=\"p1\"><span class=\"s1\">Pravni aspekt je \u010dinjeni\u010dni; to je ono kako stvari \u010dinjeni\u010dno stoje, koliko i kakve dokaze imamo koji potkrepljuju poznatu \u010dinjenicu da se genocid dogodio, za koju sud tra\u017ei vi\u0161e od \u010dinjenice, tra\u017ei dokaz ili, kumulativno, niz dokaza koji bi tu \u010dinjenicu potkrijepili. Naravno, prije pokretanja same revizije, ostala dva plana su va\u017ena \u2013 moralni i politi\u010dki, izjavio je u intervjuu za dana\u0161nje \u201cOslobo\u0111enje\u201d reisu-l-ulema Islamske zajednice u BiH Husein ef. Kavazovi\u0107, komentiraju\u0107i pitanje revizije presude Me\u0111unarodnog suda pravde u Haagu.<\/span><\/p>\n<p class=\"p1\"><span class=\"s1\">\u2013 Moralno pitanje je najdominantnije u ovome: da li imamo pravo odustati od utvr\u0111ivanja pravde za one koji je vi\u0161e ne mogu zahtijevati u prilici kada nam se to samo sada omogu\u0107ava i nikada vi\u0161e, ali i zbog \u017eivih i ubijenih: zbog Bo\u0161njaka i Srba; zbog \u017ertava i zlo\u010dinaca; zbog istine i njenih neprijatelja. Vjerujem da za moralno osjetljive i odgovorne osobe, bili oni Bo\u0161njaci ili Srbi, ne postoji dilema kako bi trebalo postupiti. Pravno utvr\u0111ene \u010dinjenice su na ovom svijetu najbli\u017ee apsolutnoj istini i bilo bi moralno utvrditi ulogu onih za koje veoma osnovano pretpostavljamo da su odgovorni za genocid i tu dileme ne bi trebalo biti \u2013 kazao je.<\/span><\/p>\n<p class=\"p1\"><span class=\"s1\">Me\u0111utim, nagla\u0161ava, za \u017ertvu nije moralni aspekt ovog problema jedini.<\/span><\/p>\n<p class=\"p1\"><span class=\"s1\">\u2013 U tome le\u017ei ta ogromna odgovornost pred stvarno\u0161\u0107u onoga \u0161to se dogodilo u pro\u0161losti, zahtjevima sada\u0161njosti i izazovima budu\u0107nosti. To je politi\u010dki aspekt ovog pitanja, o kojem ne mogu potpuno kompetentno govoriti, jer nemam cjelovitu sliku politi\u010dkih implikacija jednog takvog \u010dina. O tome bi bo\u0161nja\u010dki politi\u010dari, bez politikantstva, ako su dobronamjerni prema svom narodu i dr\u017eavi Bosni i Hercegovini, morali zauzeti stav nakon \u0161to odmjere prethodna dva aspekta. Bje\u017eanje od ovog pitanja zna\u010di nemati svijesti i odgovornosti za politi\u010dke posljedice jednog od najkrupnijih pitanja za na\u0161 narod. Kako god postupili, u\u010destvovali u toj odluci ili ne, oni \u0107e morati podnijeti politi\u010dke posljedice koje \u0107e iz toga proiza\u0107i. Ono \u0161to sada vidim, ne daje mi nade da oni zrelo i odgovorno razumiju svoju ulogu u formiranju politi\u010dkog stava o ovom pitanju \u2013 rekao je Kavazovi\u0107.<\/span><\/p>\n<p class=\"p1\"><span class=\"s1\">S druge strane, ka\u017ee da ne vidi razloga za galamu i viku.<\/span><\/p>\n<p class=\"p1\"><span class=\"s1\">\u2013 Podjednako svojim istupima u ovom slu\u010daju stvari politiziraju i Bo\u0161njaci i Srbi i zvani\u010dnici me\u0111unarodne zajednice u Bosni i Hercegovini. Nije ovo politi\u010dko pitanje niti pitanje Sudnjega dana. \u0160to god da se dogodi, mi \u0107emo i dalje \u017eivjeti, raditi i gledati kako da prehranimo svoju \u010deljad, kako je uvijek i bilo. Istina neka se utvr\u0111uje tamo gdje je uvijek i bilo mjesto za nju, na sudu \u2013 izjavio je reisu-l-ulema Husein ef. Kavazovi\u0107 za \u201cOslobo\u0111enje\u201d.<\/span><\/p>\n<p class=\"p2\"><span class=\"s2\">Podsje\u0107anja radi, danas u 15:00 sati u Gradskoj vije\u0107nici u Sarajevu po\u010dinje sastanak na kojem \u0107e biti raspravljano o mogu\u0107nosti pokretanja revizije presude, a sastanku \u0107e, prema dostupnim informacijama, prisustvovati pravni eksperti, lideri bh. politi\u010dkih stranaka, predstavnici akademske zajednice i predstavnici civilnog dru\u0161tva.<\/span><\/p>\n<p><\/span><br \/>\nPogledajte vijest na izvornom sajtu:<\/p>\n<p><a href=\"http:\/\/bosnapress.net\/reis-kavazovic-o-reviziji-presude-da-li-imamo-pravo-odustati-od-pravde\/\" target=\"_blank\">Reis Kavazovi\u0107 o reviziji presude: Da li imamo pravo odustati od pravde?<\/a><\/p>\n","protected":false},"excerpt":{"rendered":"<p>Za reviziju postoje tri mogu\u0107a razloga: pravni, politi\u010dki i moralni. To su tri ravni na kojima valja odvagati ovu dilemu koju ste postavili. Pravni aspekt je \u010dinjeni\u010dni; to je ono kako stvari \u010dinjeni\u010dno stoje, koliko i kakve dokaze imamo koji potkrepljuju poznatu \u010dinjenicu da se genocid dogodio, za koju sud tra\u017ei vi\u0161e od \u010dinjenice, tra\u017ei [&hellip;]<\/p>\n","protected":false},"author":83,"featured_media":179945,"comment_status":"open","ping_status":"open","sticky":false,"template":"","format":"standard","meta":{"footnotes":""},"categories":[10513],"tags":[10466],"class_list":{"0":"post-179943","1":"post","2":"type-post","3":"status-publish","4":"format-standard","5":"has-post-thumbnail","7":"category-bosna-press","8":"tag-bosna-i-hercegovina"},"yoast_head":"<!-- This site is optimized with the Yoast SEO Premium plugin v23.1 (Yoast SEO v24.9) - https:\/\/yoast.com\/wordpress\/plugins\/seo\/ -->\n<title>Reis Kavazovi\u0107 o reviziji presude: Da li imamo pravo odustati od pravde?<\/title>\n<meta name=\"robots\" content=\"index, follow, max-snippet:-1, max-image-preview:large, max-video-preview:-1\" \/>\n<link rel=\"canonical\" href=\"https:\/\/sandzakpress.net\/arhiva\/reis-kavazovic-o-reviziji-presude-da-li-imamo-pravo-odustati-od-pravde\/\" \/>\n<meta property=\"og:locale\" content=\"bs_BA\" \/>\n<meta property=\"og:type\" content=\"article\" \/>\n<meta property=\"og:title\" content=\"Reis Kavazovi\u0107 o reviziji presude: Da li imamo pravo odustati od pravde?\" \/>\n<meta property=\"og:description\" content=\"Za reviziju postoje tri mogu\u0107a razloga: pravni, politi\u010dki i moralni. To su tri ravni na kojima valja odvagati ovu dilemu koju ste postavili. Pravni aspekt je \u010dinjeni\u010dni; to je ono kako stvari \u010dinjeni\u010dno stoje, koliko i kakve dokaze imamo koji potkrepljuju poznatu \u010dinjenicu da se genocid dogodio, za koju sud tra\u017ei vi\u0161e od \u010dinjenice, tra\u017ei [&hellip;]\" \/>\n<meta property=\"og:url\" content=\"https:\/\/sandzakpress.net\/arhiva\/reis-kavazovic-o-reviziji-presude-da-li-imamo-pravo-odustati-od-pravde\/\" \/>\n<meta property=\"og:site_name\" content=\"Sand\u017eak PRESS\" \/>\n<meta property=\"article:published_time\" content=\"2017-02-17T15:09:41+00:00\" \/>\n<meta property=\"og:image\" content=\"https:\/\/sandzakpress.net\/arhiva\/wp-content\/uploads\/2017\/02\/reis_husein_kavazovic-650x390-3.jpg\" \/>\n\t<meta property=\"og:image:width\" content=\"650\" \/>\n\t<meta property=\"og:image:height\" content=\"390\" \/>\n\t<meta property=\"og:image:type\" content=\"image\/jpeg\" \/>\n<meta name=\"author\" content=\"bosniak\" \/>\n<meta name=\"twitter:card\" content=\"summary_large_image\" \/>\n<meta name=\"twitter:label1\" content=\"Written by\" \/>\n\t<meta name=\"twitter:data1\" content=\"bosniak\" \/>\n\t<meta name=\"twitter:label2\" content=\"Est. reading time\" \/>\n\t<meta name=\"twitter:data2\" content=\"3 minute\" \/>\n<script type=\"application\/ld+json\" class=\"yoast-schema-graph\">{\"@context\":\"https:\/\/schema.org\",\"@graph\":[{\"@type\":\"Article\",\"@id\":\"https:\/\/sandzakpress.net\/arhiva\/reis-kavazovic-o-reviziji-presude-da-li-imamo-pravo-odustati-od-pravde\/#article\",\"isPartOf\":{\"@id\":\"https:\/\/sandzakpress.net\/arhiva\/reis-kavazovic-o-reviziji-presude-da-li-imamo-pravo-odustati-od-pravde\/\"},\"author\":{\"name\":\"bosniak\",\"@id\":\"https:\/\/sandzakpress.net\/arhiva\/#\/schema\/person\/c8baee722073534b583ea7bdb2e36c02\"},\"headline\":\"Reis Kavazovi\u0107 o reviziji presude: Da li imamo pravo odustati od pravde?\",\"datePublished\":\"2017-02-17T15:09:41+00:00\",\"mainEntityOfPage\":{\"@id\":\"https:\/\/sandzakpress.net\/arhiva\/reis-kavazovic-o-reviziji-presude-da-li-imamo-pravo-odustati-od-pravde\/\"},\"wordCount\":567,\"commentCount\":0,\"publisher\":{\"@id\":\"https:\/\/sandzakpress.net\/arhiva\/#\/schema\/person\/6e72b67d6e51910a1117b3b483ba20bd\"},\"image\":{\"@id\":\"https:\/\/sandzakpress.net\/arhiva\/reis-kavazovic-o-reviziji-presude-da-li-imamo-pravo-odustati-od-pravde\/#primaryimage\"},\"thumbnailUrl\":\"https:\/\/sandzakpress.net\/arhiva\/wp-content\/uploads\/2017\/02\/reis_husein_kavazovic-650x390-3.jpg\",\"keywords\":[\"Bosna i Hercegovina\"],\"articleSection\":[\"Bosna PRESS\"],\"inLanguage\":\"bs-BA\",\"potentialAction\":[{\"@type\":\"CommentAction\",\"name\":\"Comment\",\"target\":[\"https:\/\/sandzakpress.net\/arhiva\/reis-kavazovic-o-reviziji-presude-da-li-imamo-pravo-odustati-od-pravde\/#respond\"]}]},{\"@type\":\"WebPage\",\"@id\":\"https:\/\/sandzakpress.net\/arhiva\/reis-kavazovic-o-reviziji-presude-da-li-imamo-pravo-odustati-od-pravde\/\",\"url\":\"https:\/\/sandzakpress.net\/arhiva\/reis-kavazovic-o-reviziji-presude-da-li-imamo-pravo-odustati-od-pravde\/\",\"name\":\"Reis Kavazovi\u0107 o reviziji presude: Da li imamo pravo odustati od pravde?\",\"isPartOf\":{\"@id\":\"https:\/\/sandzakpress.net\/arhiva\/#website\"},\"primaryImageOfPage\":{\"@id\":\"https:\/\/sandzakpress.net\/arhiva\/reis-kavazovic-o-reviziji-presude-da-li-imamo-pravo-odustati-od-pravde\/#primaryimage\"},\"image\":{\"@id\":\"https:\/\/sandzakpress.net\/arhiva\/reis-kavazovic-o-reviziji-presude-da-li-imamo-pravo-odustati-od-pravde\/#primaryimage\"},\"thumbnailUrl\":\"https:\/\/sandzakpress.net\/arhiva\/wp-content\/uploads\/2017\/02\/reis_husein_kavazovic-650x390-3.jpg\",\"datePublished\":\"2017-02-17T15:09:41+00:00\",\"breadcrumb\":{\"@id\":\"https:\/\/sandzakpress.net\/arhiva\/reis-kavazovic-o-reviziji-presude-da-li-imamo-pravo-odustati-od-pravde\/#breadcrumb\"},\"inLanguage\":\"bs-BA\",\"potentialAction\":[{\"@type\":\"ReadAction\",\"target\":[\"https:\/\/sandzakpress.net\/arhiva\/reis-kavazovic-o-reviziji-presude-da-li-imamo-pravo-odustati-od-pravde\/\"]}]},{\"@type\":\"ImageObject\",\"inLanguage\":\"bs-BA\",\"@id\":\"https:\/\/sandzakpress.net\/arhiva\/reis-kavazovic-o-reviziji-presude-da-li-imamo-pravo-odustati-od-pravde\/#primaryimage\",\"url\":\"https:\/\/sandzakpress.net\/arhiva\/wp-content\/uploads\/2017\/02\/reis_husein_kavazovic-650x390-3.jpg\",\"contentUrl\":\"https:\/\/sandzakpress.net\/arhiva\/wp-content\/uploads\/2017\/02\/reis_husein_kavazovic-650x390-3.jpg\",\"width\":650,\"height\":390},{\"@type\":\"BreadcrumbList\",\"@id\":\"https:\/\/sandzakpress.net\/arhiva\/reis-kavazovic-o-reviziji-presude-da-li-imamo-pravo-odustati-od-pravde\/#breadcrumb\",\"itemListElement\":[{\"@type\":\"ListItem\",\"position\":1,\"name\":\"Home\",\"item\":\"https:\/\/sandzakpress.net\/arhiva\/\"},{\"@type\":\"ListItem\",\"position\":2,\"name\":\"Reis Kavazovi\u0107 o reviziji presude: Da li imamo pravo odustati od pravde?\"}]},{\"@type\":\"WebSite\",\"@id\":\"https:\/\/sandzakpress.net\/arhiva\/#website\",\"url\":\"https:\/\/sandzakpress.net\/arhiva\/\",\"name\":\"Sand\u017eak PRESS\",\"description\":\"Prve elektronske novine u Sand\u017eaku\",\"publisher\":{\"@id\":\"https:\/\/sandzakpress.net\/arhiva\/#\/schema\/person\/6e72b67d6e51910a1117b3b483ba20bd\"},\"potentialAction\":[{\"@type\":\"SearchAction\",\"target\":{\"@type\":\"EntryPoint\",\"urlTemplate\":\"https:\/\/sandzakpress.net\/arhiva\/?s={search_term_string}\"},\"query-input\":{\"@type\":\"PropertyValueSpecification\",\"valueRequired\":true,\"valueName\":\"search_term_string\"}}],\"inLanguage\":\"bs-BA\"},{\"@type\":[\"Person\",\"Organization\"],\"@id\":\"https:\/\/sandzakpress.net\/arhiva\/#\/schema\/person\/6e72b67d6e51910a1117b3b483ba20bd\",\"name\":\"Kul\",\"image\":{\"@type\":\"ImageObject\",\"inLanguage\":\"bs-BA\",\"@id\":\"https:\/\/sandzakpress.net\/arhiva\/#\/schema\/person\/image\/\",\"url\":\"https:\/\/secure.gravatar.com\/avatar\/42263f39aa27ac04c43cab85c280eb2e?s=96&d=mm&r=pg\",\"contentUrl\":\"https:\/\/secure.gravatar.com\/avatar\/42263f39aa27ac04c43cab85c280eb2e?s=96&d=mm&r=pg\",\"caption\":\"Kul\"},\"logo\":{\"@id\":\"https:\/\/sandzakpress.net\/arhiva\/#\/schema\/person\/image\/\"}},{\"@type\":\"Person\",\"@id\":\"https:\/\/sandzakpress.net\/arhiva\/#\/schema\/person\/c8baee722073534b583ea7bdb2e36c02\",\"name\":\"bosniak\",\"image\":{\"@type\":\"ImageObject\",\"inLanguage\":\"bs-BA\",\"@id\":\"https:\/\/sandzakpress.net\/arhiva\/#\/schema\/person\/image\/\",\"url\":\"https:\/\/secure.gravatar.com\/avatar\/a04fd330bfe3a36a72a0ad4a6d89fca7?s=96&d=mm&r=pg\",\"contentUrl\":\"https:\/\/secure.gravatar.com\/avatar\/a04fd330bfe3a36a72a0ad4a6d89fca7?s=96&d=mm&r=pg\",\"caption\":\"bosniak\"},\"url\":\"https:\/\/sandzakpress.net\/arhiva\/author\/bosniak\/\"}]}<\/script>\n<!-- \/ Yoast SEO Premium plugin. -->","yoast_head_json":{"title":"Reis Kavazovi\u0107 o reviziji presude: Da li imamo pravo odustati od pravde?","robots":{"index":"index","follow":"follow","max-snippet":"max-snippet:-1","max-image-preview":"max-image-preview:large","max-video-preview":"max-video-preview:-1"},"canonical":"https:\/\/sandzakpress.net\/arhiva\/reis-kavazovic-o-reviziji-presude-da-li-imamo-pravo-odustati-od-pravde\/","og_locale":"bs_BA","og_type":"article","og_title":"Reis Kavazovi\u0107 o reviziji presude: Da li imamo pravo odustati od pravde?","og_description":"Za reviziju postoje tri mogu\u0107a razloga: pravni, politi\u010dki i moralni. To su tri ravni na kojima valja odvagati ovu dilemu koju ste postavili. Pravni aspekt je \u010dinjeni\u010dni; to je ono kako stvari \u010dinjeni\u010dno stoje, koliko i kakve dokaze imamo koji potkrepljuju poznatu \u010dinjenicu da se genocid dogodio, za koju sud tra\u017ei vi\u0161e od \u010dinjenice, tra\u017ei [&hellip;]","og_url":"https:\/\/sandzakpress.net\/arhiva\/reis-kavazovic-o-reviziji-presude-da-li-imamo-pravo-odustati-od-pravde\/","og_site_name":"Sand\u017eak PRESS","article_published_time":"2017-02-17T15:09:41+00:00","og_image":[{"width":650,"height":390,"url":"https:\/\/sandzakpress.net\/arhiva\/wp-content\/uploads\/2017\/02\/reis_husein_kavazovic-650x390-3.jpg","type":"image\/jpeg"}],"author":"bosniak","twitter_card":"summary_large_image","twitter_misc":{"Written by":"bosniak","Est. reading time":"3 minute"},"schema":{"@context":"https:\/\/schema.org","@graph":[{"@type":"Article","@id":"https:\/\/sandzakpress.net\/arhiva\/reis-kavazovic-o-reviziji-presude-da-li-imamo-pravo-odustati-od-pravde\/#article","isPartOf":{"@id":"https:\/\/sandzakpress.net\/arhiva\/reis-kavazovic-o-reviziji-presude-da-li-imamo-pravo-odustati-od-pravde\/"},"author":{"name":"bosniak","@id":"https:\/\/sandzakpress.net\/arhiva\/#\/schema\/person\/c8baee722073534b583ea7bdb2e36c02"},"headline":"Reis Kavazovi\u0107 o reviziji presude: Da li imamo pravo odustati od pravde?","datePublished":"2017-02-17T15:09:41+00:00","mainEntityOfPage":{"@id":"https:\/\/sandzakpress.net\/arhiva\/reis-kavazovic-o-reviziji-presude-da-li-imamo-pravo-odustati-od-pravde\/"},"wordCount":567,"commentCount":0,"publisher":{"@id":"https:\/\/sandzakpress.net\/arhiva\/#\/schema\/person\/6e72b67d6e51910a1117b3b483ba20bd"},"image":{"@id":"https:\/\/sandzakpress.net\/arhiva\/reis-kavazovic-o-reviziji-presude-da-li-imamo-pravo-odustati-od-pravde\/#primaryimage"},"thumbnailUrl":"https:\/\/sandzakpress.net\/arhiva\/wp-content\/uploads\/2017\/02\/reis_husein_kavazovic-650x390-3.jpg","keywords":["Bosna i Hercegovina"],"articleSection":["Bosna PRESS"],"inLanguage":"bs-BA","potentialAction":[{"@type":"CommentAction","name":"Comment","target":["https:\/\/sandzakpress.net\/arhiva\/reis-kavazovic-o-reviziji-presude-da-li-imamo-pravo-odustati-od-pravde\/#respond"]}]},{"@type":"WebPage","@id":"https:\/\/sandzakpress.net\/arhiva\/reis-kavazovic-o-reviziji-presude-da-li-imamo-pravo-odustati-od-pravde\/","url":"https:\/\/sandzakpress.net\/arhiva\/reis-kavazovic-o-reviziji-presude-da-li-imamo-pravo-odustati-od-pravde\/","name":"Reis Kavazovi\u0107 o reviziji presude: Da li imamo pravo odustati od pravde?","isPartOf":{"@id":"https:\/\/sandzakpress.net\/arhiva\/#website"},"primaryImageOfPage":{"@id":"https:\/\/sandzakpress.net\/arhiva\/reis-kavazovic-o-reviziji-presude-da-li-imamo-pravo-odustati-od-pravde\/#primaryimage"},"image":{"@id":"https:\/\/sandzakpress.net\/arhiva\/reis-kavazovic-o-reviziji-presude-da-li-imamo-pravo-odustati-od-pravde\/#primaryimage"},"thumbnailUrl":"https:\/\/sandzakpress.net\/arhiva\/wp-content\/uploads\/2017\/02\/reis_husein_kavazovic-650x390-3.jpg","datePublished":"2017-02-17T15:09:41+00:00","breadcrumb":{"@id":"https:\/\/sandzakpress.net\/arhiva\/reis-kavazovic-o-reviziji-presude-da-li-imamo-pravo-odustati-od-pravde\/#breadcrumb"},"inLanguage":"bs-BA","potentialAction":[{"@type":"ReadAction","target":["https:\/\/sandzakpress.net\/arhiva\/reis-kavazovic-o-reviziji-presude-da-li-imamo-pravo-odustati-od-pravde\/"]}]},{"@type":"ImageObject","inLanguage":"bs-BA","@id":"https:\/\/sandzakpress.net\/arhiva\/reis-kavazovic-o-reviziji-presude-da-li-imamo-pravo-odustati-od-pravde\/#primaryimage","url":"https:\/\/sandzakpress.net\/arhiva\/wp-content\/uploads\/2017\/02\/reis_husein_kavazovic-650x390-3.jpg","contentUrl":"https:\/\/sandzakpress.net\/arhiva\/wp-content\/uploads\/2017\/02\/reis_husein_kavazovic-650x390-3.jpg","width":650,"height":390},{"@type":"BreadcrumbList","@id":"https:\/\/sandzakpress.net\/arhiva\/reis-kavazovic-o-reviziji-presude-da-li-imamo-pravo-odustati-od-pravde\/#breadcrumb","itemListElement":[{"@type":"ListItem","position":1,"name":"Home","item":"https:\/\/sandzakpress.net\/arhiva\/"},{"@type":"ListItem","position":2,"name":"Reis Kavazovi\u0107 o reviziji presude: Da li imamo pravo odustati od pravde?"}]},{"@type":"WebSite","@id":"https:\/\/sandzakpress.net\/arhiva\/#website","url":"https:\/\/sandzakpress.net\/arhiva\/","name":"Sand\u017eak PRESS","description":"Prve elektronske novine u Sand\u017eaku","publisher":{"@id":"https:\/\/sandzakpress.net\/arhiva\/#\/schema\/person\/6e72b67d6e51910a1117b3b483ba20bd"},"potentialAction":[{"@type":"SearchAction","target":{"@type":"EntryPoint","urlTemplate":"https:\/\/sandzakpress.net\/arhiva\/?s={search_term_string}"},"query-input":{"@type":"PropertyValueSpecification","valueRequired":true,"valueName":"search_term_string"}}],"inLanguage":"bs-BA"},{"@type":["Person","Organization"],"@id":"https:\/\/sandzakpress.net\/arhiva\/#\/schema\/person\/6e72b67d6e51910a1117b3b483ba20bd","name":"Kul","image":{"@type":"ImageObject","inLanguage":"bs-BA","@id":"https:\/\/sandzakpress.net\/arhiva\/#\/schema\/person\/image\/","url":"https:\/\/secure.gravatar.com\/avatar\/42263f39aa27ac04c43cab85c280eb2e?s=96&d=mm&r=pg","contentUrl":"https:\/\/secure.gravatar.com\/avatar\/42263f39aa27ac04c43cab85c280eb2e?s=96&d=mm&r=pg","caption":"Kul"},"logo":{"@id":"https:\/\/sandzakpress.net\/arhiva\/#\/schema\/person\/image\/"}},{"@type":"Person","@id":"https:\/\/sandzakpress.net\/arhiva\/#\/schema\/person\/c8baee722073534b583ea7bdb2e36c02","name":"bosniak","image":{"@type":"ImageObject","inLanguage":"bs-BA","@id":"https:\/\/sandzakpress.net\/arhiva\/#\/schema\/person\/image\/","url":"https:\/\/secure.gravatar.com\/avatar\/a04fd330bfe3a36a72a0ad4a6d89fca7?s=96&d=mm&r=pg","contentUrl":"https:\/\/secure.gravatar.com\/avatar\/a04fd330bfe3a36a72a0ad4a6d89fca7?s=96&d=mm&r=pg","caption":"bosniak"},"url":"https:\/\/sandzakpress.net\/arhiva\/author\/bosniak\/"}]}},"_links":{"self":[{"href":"https:\/\/sandzakpress.net\/arhiva\/wp-json\/wp\/v2\/posts\/179943"}],"collection":[{"href":"https:\/\/sandzakpress.net\/arhiva\/wp-json\/wp\/v2\/posts"}],"about":[{"href":"https:\/\/sandzakpress.net\/arhiva\/wp-json\/wp\/v2\/types\/post"}],"author":[{"embeddable":true,"href":"https:\/\/sandzakpress.net\/arhiva\/wp-json\/wp\/v2\/users\/83"}],"replies":[{"embeddable":true,"href":"https:\/\/sandzakpress.net\/arhiva\/wp-json\/wp\/v2\/comments?post=179943"}],"version-history":[{"count":0,"href":"https:\/\/sandzakpress.net\/arhiva\/wp-json\/wp\/v2\/posts\/179943\/revisions"}],"wp:featuredmedia":[{"embeddable":true,"href":"https:\/\/sandzakpress.net\/arhiva\/wp-json\/wp\/v2\/media\/179945"}],"wp:attachment":[{"href":"https:\/\/sandzakpress.net\/arhiva\/wp-json\/wp\/v2\/media?parent=179943"}],"wp:term":[{"taxonomy":"category","embeddable":true,"href":"https:\/\/sandzakpress.net\/arhiva\/wp-json\/wp\/v2\/categories?post=179943"},{"taxonomy":"post_tag","embeddable":true,"href":"https:\/\/sandzakpress.net\/arhiva\/wp-json\/wp\/v2\/tags?post=179943"}],"curies":[{"name":"wp","href":"https:\/\/api.w.org\/{rel}","templated":true}]}}