{"id":17983,"date":"2011-07-26T19:34:42","date_gmt":"2011-07-26T17:34:42","guid":{"rendered":"https:\/\/sandzakpress.net\/arhiva\/?p=17983"},"modified":"2011-07-27T22:50:55","modified_gmt":"2011-07-27T20:50:55","slug":"kosovo-na-pomolu-novi-rat","status":"publish","type":"post","link":"https:\/\/sandzakpress.net\/arhiva\/kosovo-na-pomolu-novi-rat\/","title":{"rendered":"Kosovo: I dalje napeto"},"content":{"rendered":"<p><strong><a href=\"https:\/\/sandzakpress.net\/arhiva\/wp-content\/uploads\/2011\/07\/162117_0415-kosovo-foto-tanjug_f.jpg\"><img loading=\"lazy\" decoding=\"async\" class=\"alignleft size-medium wp-image-18045\" title=\"162117_0415-kosovo-foto-tanjug_f\" src=\"https:\/\/sandzakpress.net\/arhiva\/wp-content\/uploads\/2011\/07\/162117_0415-kosovo-foto-tanjug_f-300x172.jpg\" alt=\"\" width=\"300\" height=\"172\" \/><\/a>Kosovo &#8211; Sa Kosova sti\u017eu protivre\u010dne informacije. U 16h \u010dula se pucnjava kod sela Varage. KIM radio: U Zubinom Potoku povrije\u0111eno troje Srba. <\/strong><\/p>\n<p>U mjestu Varage po podne je do\u0161lo do pucnjave u kojoj je jedan Albanac te\u0161ko ranjen i preba\u010den helikopterom u pri\u0161tinsku bolnicu.<\/p>\n<p>Agencija Tanjug javlja da je posle napete no\u0107i na sjeveru Kosova, na prijelazima Brnjak i Jarinje i u susjednom Leposavi\u0107u, situacija ne\u0161to posle 17 sati mirna.<\/p>\n<p>RTS javlja da se manje grupe ljudi okupljaju oko 18 sati na ju\u017enoj i sjevernoj strani mosta u Kosovskoj Mitrovici.<br \/>\nSpecijalne jedinice Kosovova pod imenom Rosu su sino\u0107 pod naredbom Ha\u0161ima Ta\u010dija zauzele grani\u010dni prijelaz Brnjak.<\/p>\n<figure id=\"attachment_17984\" aria-describedby=\"caption-attachment-17984\" style=\"width: 300px\" class=\"wp-caption alignright\"><a href=\"https:\/\/sandzakpress.net\/arhiva\/wp-content\/uploads\/2011\/07\/20018413654e2e884fa8176398923283_orig.jpg\"><img loading=\"lazy\" decoding=\"async\" class=\"size-medium wp-image-17984 \" title=\"20018413654e2e884fa8176398923283_orig\" src=\"https:\/\/sandzakpress.net\/arhiva\/wp-content\/uploads\/2011\/07\/20018413654e2e884fa8176398923283_orig-300x173.jpg\" alt=\"\" width=\"300\" height=\"173\" \/><\/a><figcaption id=\"caption-attachment-17984\" class=\"wp-caption-text\">Pripadnici specijalne jedinice Kosova &quot;Rosu&quot;<\/figcaption><\/figure>\n<p><strong> <\/strong>Srbi su blokorali put ka grani\u010dnom prijelazu Jarinje da sprije\u010dili osvajanje i ovog grani\u010dnog prijelaza.<\/p>\n<p>Boris Tadi\u0107 je izjavio da Srbija ne\u0107e ratovati, a Ta\u010di je zapo\u010deo sa vojnim operacijama u cilju osloboa\u0111anja sjevera Kosova.<\/p>\n<p>Ostaju pitanja: &#8220;Da li su na Balkanu zatvr\u0161eni ratovi?&#8221; i &#8220;Kakve posljedice \u0107e imati eskalacija problema na Kosovu na susjedni Sand\u017eak?&#8221;<\/p>\n<p>&#8230;&#8230;&#8230;&#8230;&#8230;&#8230;&#8230;&#8230;&#8230;&#8230;&#8230;&#8230;&#8230;&#8230;.<\/p>\n<p><strong>27. 07. 2011.<\/strong><\/p>\n<p>Najnovije informacije sa Kosova su da su na prijelazu Brnjak, koji se nalazi nedaleko od Ribari\u0107a u Sand\u017eaku, isklju\u010divo pripadnici albanske nacionalnosti. Srbi tra\u017ee hitno vra\u0107anje pripadnika srpske nacionalnosti.<\/p>\n<p>Ta\u010di je rekao da kosovska vlada ne\u0107e odustati od namere da uspostavi kontrolu na prelazima i dodao da je to njeno prioritetno pitanje, koje ne mo\u017ee dugo \u010dekati odgovor.<\/p>\n<p>Grupa od pedesetak mladi\u0107a sa kapulja\u010dama na glavama, navodno pripadnici  ekstremisti\u010dkih pokreta iz Srbije, zapalili su danas oko 19 sati  administrativni punkt Jarinje na severu Kosova, koji se nalazi nedaleko od Ra\u0161ke. Kako saznajemo, oni su  pro\u0161li pored Srba sa Kosova koji ve\u0107 dva dana blokiraju prijelaz i od njih  zatra\u017eili da se udalje od punkta, a potom po\u010deli da ru\u0161e i pale objekte  na prijelazu.<\/p>\n<p>Izvor: <strong>SandzakPRESS.net<\/strong><\/p>\n","protected":false},"excerpt":{"rendered":"<p>Kosovo &#8211; Sa Kosova sti\u017eu protivre\u010dne informacije. U 16h \u010dula se pucnjava kod sela Varage. KIM radio: U Zubinom Potoku povrije\u0111eno troje Srba. U mjestu Varage po podne je do\u0161lo do pucnjave u kojoj je jedan Albanac te\u0161ko ranjen i preba\u010den helikopterom u pri\u0161tinsku bolnicu. Agencija Tanjug javlja da je posle napete no\u0107i na sjeveru [&hellip;]<\/p>\n","protected":false},"author":83,"featured_media":18045,"comment_status":"open","ping_status":"open","sticky":false,"template":"","format":"standard","meta":{"footnotes":""},"categories":[800,2690],"tags":[],"class_list":{"0":"post-17983","1":"post","2":"type-post","3":"status-publish","4":"format-standard","5":"has-post-thumbnail","7":"category-nacija","8":"category-kosovo-gradovi"},"yoast_head":"<!-- This site is optimized with the Yoast SEO Premium plugin v23.1 (Yoast SEO v24.9) - https:\/\/yoast.com\/wordpress\/plugins\/seo\/ -->\n<title>Kosovo: I dalje napeto<\/title>\n<meta name=\"robots\" content=\"index, follow, max-snippet:-1, max-image-preview:large, max-video-preview:-1\" \/>\n<link rel=\"canonical\" href=\"https:\/\/sandzakpress.net\/arhiva\/kosovo-na-pomolu-novi-rat\/\" \/>\n<meta property=\"og:locale\" content=\"bs_BA\" \/>\n<meta property=\"og:type\" content=\"article\" \/>\n<meta property=\"og:title\" content=\"Kosovo: I dalje napeto\" \/>\n<meta property=\"og:description\" content=\"Kosovo &#8211; Sa Kosova sti\u017eu protivre\u010dne informacije. U 16h \u010dula se pucnjava kod sela Varage. KIM radio: U Zubinom Potoku povrije\u0111eno troje Srba. U mjestu Varage po podne je do\u0161lo do pucnjave u kojoj je jedan Albanac te\u0161ko ranjen i preba\u010den helikopterom u pri\u0161tinsku bolnicu. Agencija Tanjug javlja da je posle napete no\u0107i na sjeveru [&hellip;]\" \/>\n<meta property=\"og:url\" content=\"https:\/\/sandzakpress.net\/arhiva\/kosovo-na-pomolu-novi-rat\/\" \/>\n<meta property=\"og:site_name\" content=\"Sand\u017eak PRESS\" \/>\n<meta property=\"article:published_time\" content=\"2011-07-26T17:34:42+00:00\" \/>\n<meta property=\"article:modified_time\" content=\"2011-07-27T20:50:55+00:00\" \/>\n<meta property=\"og:image\" content=\"https:\/\/sandzakpress.net\/arhiva\/wp-content\/uploads\/2011\/07\/162117_0415-kosovo-foto-tanjug_f.jpg\" \/>\n\t<meta property=\"og:image:width\" content=\"470\" \/>\n\t<meta property=\"og:image:height\" content=\"270\" \/>\n\t<meta property=\"og:image:type\" content=\"image\/jpeg\" \/>\n<meta name=\"author\" content=\"bosniak\" \/>\n<meta name=\"twitter:card\" content=\"summary_large_image\" \/>\n<meta name=\"twitter:label1\" content=\"Written by\" \/>\n\t<meta name=\"twitter:data1\" content=\"bosniak\" \/>\n\t<meta name=\"twitter:label2\" content=\"Est. reading time\" \/>\n\t<meta name=\"twitter:data2\" content=\"2 minute\" \/>\n<script type=\"application\/ld+json\" class=\"yoast-schema-graph\">{\"@context\":\"https:\/\/schema.org\",\"@graph\":[{\"@type\":\"Article\",\"@id\":\"https:\/\/sandzakpress.net\/arhiva\/kosovo-na-pomolu-novi-rat\/#article\",\"isPartOf\":{\"@id\":\"https:\/\/sandzakpress.net\/arhiva\/kosovo-na-pomolu-novi-rat\/\"},\"author\":{\"name\":\"bosniak\",\"@id\":\"https:\/\/sandzakpress.net\/arhiva\/#\/schema\/person\/c8baee722073534b583ea7bdb2e36c02\"},\"headline\":\"Kosovo: I dalje napeto\",\"datePublished\":\"2011-07-26T17:34:42+00:00\",\"dateModified\":\"2011-07-27T20:50:55+00:00\",\"mainEntityOfPage\":{\"@id\":\"https:\/\/sandzakpress.net\/arhiva\/kosovo-na-pomolu-novi-rat\/\"},\"wordCount\":345,\"commentCount\":30,\"publisher\":{\"@id\":\"https:\/\/sandzakpress.net\/arhiva\/#\/schema\/person\/6e72b67d6e51910a1117b3b483ba20bd\"},\"image\":{\"@id\":\"https:\/\/sandzakpress.net\/arhiva\/kosovo-na-pomolu-novi-rat\/#primaryimage\"},\"thumbnailUrl\":\"https:\/\/sandzakpress.net\/arhiva\/wp-content\/uploads\/2011\/07\/162117_0415-kosovo-foto-tanjug_f.jpg\",\"articleSection\":[\"Nacija\",\"Kosovo\"],\"inLanguage\":\"bs-BA\",\"potentialAction\":[{\"@type\":\"CommentAction\",\"name\":\"Comment\",\"target\":[\"https:\/\/sandzakpress.net\/arhiva\/kosovo-na-pomolu-novi-rat\/#respond\"]}]},{\"@type\":\"WebPage\",\"@id\":\"https:\/\/sandzakpress.net\/arhiva\/kosovo-na-pomolu-novi-rat\/\",\"url\":\"https:\/\/sandzakpress.net\/arhiva\/kosovo-na-pomolu-novi-rat\/\",\"name\":\"Kosovo: I dalje napeto\",\"isPartOf\":{\"@id\":\"https:\/\/sandzakpress.net\/arhiva\/#website\"},\"primaryImageOfPage\":{\"@id\":\"https:\/\/sandzakpress.net\/arhiva\/kosovo-na-pomolu-novi-rat\/#primaryimage\"},\"image\":{\"@id\":\"https:\/\/sandzakpress.net\/arhiva\/kosovo-na-pomolu-novi-rat\/#primaryimage\"},\"thumbnailUrl\":\"https:\/\/sandzakpress.net\/arhiva\/wp-content\/uploads\/2011\/07\/162117_0415-kosovo-foto-tanjug_f.jpg\",\"datePublished\":\"2011-07-26T17:34:42+00:00\",\"dateModified\":\"2011-07-27T20:50:55+00:00\",\"breadcrumb\":{\"@id\":\"https:\/\/sandzakpress.net\/arhiva\/kosovo-na-pomolu-novi-rat\/#breadcrumb\"},\"inLanguage\":\"bs-BA\",\"potentialAction\":[{\"@type\":\"ReadAction\",\"target\":[\"https:\/\/sandzakpress.net\/arhiva\/kosovo-na-pomolu-novi-rat\/\"]}]},{\"@type\":\"ImageObject\",\"inLanguage\":\"bs-BA\",\"@id\":\"https:\/\/sandzakpress.net\/arhiva\/kosovo-na-pomolu-novi-rat\/#primaryimage\",\"url\":\"https:\/\/sandzakpress.net\/arhiva\/wp-content\/uploads\/2011\/07\/162117_0415-kosovo-foto-tanjug_f.jpg\",\"contentUrl\":\"https:\/\/sandzakpress.net\/arhiva\/wp-content\/uploads\/2011\/07\/162117_0415-kosovo-foto-tanjug_f.jpg\",\"width\":470,\"height\":270},{\"@type\":\"BreadcrumbList\",\"@id\":\"https:\/\/sandzakpress.net\/arhiva\/kosovo-na-pomolu-novi-rat\/#breadcrumb\",\"itemListElement\":[{\"@type\":\"ListItem\",\"position\":1,\"name\":\"Home\",\"item\":\"https:\/\/sandzakpress.net\/arhiva\/\"},{\"@type\":\"ListItem\",\"position\":2,\"name\":\"Kosovo: I dalje napeto\"}]},{\"@type\":\"WebSite\",\"@id\":\"https:\/\/sandzakpress.net\/arhiva\/#website\",\"url\":\"https:\/\/sandzakpress.net\/arhiva\/\",\"name\":\"Sand\u017eak PRESS\",\"description\":\"Prve elektronske novine u Sand\u017eaku\",\"publisher\":{\"@id\":\"https:\/\/sandzakpress.net\/arhiva\/#\/schema\/person\/6e72b67d6e51910a1117b3b483ba20bd\"},\"potentialAction\":[{\"@type\":\"SearchAction\",\"target\":{\"@type\":\"EntryPoint\",\"urlTemplate\":\"https:\/\/sandzakpress.net\/arhiva\/?s={search_term_string}\"},\"query-input\":{\"@type\":\"PropertyValueSpecification\",\"valueRequired\":true,\"valueName\":\"search_term_string\"}}],\"inLanguage\":\"bs-BA\"},{\"@type\":[\"Person\",\"Organization\"],\"@id\":\"https:\/\/sandzakpress.net\/arhiva\/#\/schema\/person\/6e72b67d6e51910a1117b3b483ba20bd\",\"name\":\"Kul\",\"image\":{\"@type\":\"ImageObject\",\"inLanguage\":\"bs-BA\",\"@id\":\"https:\/\/sandzakpress.net\/arhiva\/#\/schema\/person\/image\/\",\"url\":\"https:\/\/secure.gravatar.com\/avatar\/42263f39aa27ac04c43cab85c280eb2e?s=96&d=mm&r=pg\",\"contentUrl\":\"https:\/\/secure.gravatar.com\/avatar\/42263f39aa27ac04c43cab85c280eb2e?s=96&d=mm&r=pg\",\"caption\":\"Kul\"},\"logo\":{\"@id\":\"https:\/\/sandzakpress.net\/arhiva\/#\/schema\/person\/image\/\"}},{\"@type\":\"Person\",\"@id\":\"https:\/\/sandzakpress.net\/arhiva\/#\/schema\/person\/c8baee722073534b583ea7bdb2e36c02\",\"name\":\"bosniak\",\"image\":{\"@type\":\"ImageObject\",\"inLanguage\":\"bs-BA\",\"@id\":\"https:\/\/sandzakpress.net\/arhiva\/#\/schema\/person\/image\/\",\"url\":\"https:\/\/secure.gravatar.com\/avatar\/a04fd330bfe3a36a72a0ad4a6d89fca7?s=96&d=mm&r=pg\",\"contentUrl\":\"https:\/\/secure.gravatar.com\/avatar\/a04fd330bfe3a36a72a0ad4a6d89fca7?s=96&d=mm&r=pg\",\"caption\":\"bosniak\"},\"url\":\"https:\/\/sandzakpress.net\/arhiva\/author\/bosniak\/\"}]}<\/script>\n<!-- \/ Yoast SEO Premium plugin. -->","yoast_head_json":{"title":"Kosovo: I dalje napeto","robots":{"index":"index","follow":"follow","max-snippet":"max-snippet:-1","max-image-preview":"max-image-preview:large","max-video-preview":"max-video-preview:-1"},"canonical":"https:\/\/sandzakpress.net\/arhiva\/kosovo-na-pomolu-novi-rat\/","og_locale":"bs_BA","og_type":"article","og_title":"Kosovo: I dalje napeto","og_description":"Kosovo &#8211; Sa Kosova sti\u017eu protivre\u010dne informacije. U 16h \u010dula se pucnjava kod sela Varage. KIM radio: U Zubinom Potoku povrije\u0111eno troje Srba. U mjestu Varage po podne je do\u0161lo do pucnjave u kojoj je jedan Albanac te\u0161ko ranjen i preba\u010den helikopterom u pri\u0161tinsku bolnicu. Agencija Tanjug javlja da je posle napete no\u0107i na sjeveru [&hellip;]","og_url":"https:\/\/sandzakpress.net\/arhiva\/kosovo-na-pomolu-novi-rat\/","og_site_name":"Sand\u017eak PRESS","article_published_time":"2011-07-26T17:34:42+00:00","article_modified_time":"2011-07-27T20:50:55+00:00","og_image":[{"width":470,"height":270,"url":"https:\/\/sandzakpress.net\/arhiva\/wp-content\/uploads\/2011\/07\/162117_0415-kosovo-foto-tanjug_f.jpg","type":"image\/jpeg"}],"author":"bosniak","twitter_card":"summary_large_image","twitter_misc":{"Written by":"bosniak","Est. reading time":"2 minute"},"schema":{"@context":"https:\/\/schema.org","@graph":[{"@type":"Article","@id":"https:\/\/sandzakpress.net\/arhiva\/kosovo-na-pomolu-novi-rat\/#article","isPartOf":{"@id":"https:\/\/sandzakpress.net\/arhiva\/kosovo-na-pomolu-novi-rat\/"},"author":{"name":"bosniak","@id":"https:\/\/sandzakpress.net\/arhiva\/#\/schema\/person\/c8baee722073534b583ea7bdb2e36c02"},"headline":"Kosovo: I dalje napeto","datePublished":"2011-07-26T17:34:42+00:00","dateModified":"2011-07-27T20:50:55+00:00","mainEntityOfPage":{"@id":"https:\/\/sandzakpress.net\/arhiva\/kosovo-na-pomolu-novi-rat\/"},"wordCount":345,"commentCount":30,"publisher":{"@id":"https:\/\/sandzakpress.net\/arhiva\/#\/schema\/person\/6e72b67d6e51910a1117b3b483ba20bd"},"image":{"@id":"https:\/\/sandzakpress.net\/arhiva\/kosovo-na-pomolu-novi-rat\/#primaryimage"},"thumbnailUrl":"https:\/\/sandzakpress.net\/arhiva\/wp-content\/uploads\/2011\/07\/162117_0415-kosovo-foto-tanjug_f.jpg","articleSection":["Nacija","Kosovo"],"inLanguage":"bs-BA","potentialAction":[{"@type":"CommentAction","name":"Comment","target":["https:\/\/sandzakpress.net\/arhiva\/kosovo-na-pomolu-novi-rat\/#respond"]}]},{"@type":"WebPage","@id":"https:\/\/sandzakpress.net\/arhiva\/kosovo-na-pomolu-novi-rat\/","url":"https:\/\/sandzakpress.net\/arhiva\/kosovo-na-pomolu-novi-rat\/","name":"Kosovo: I dalje napeto","isPartOf":{"@id":"https:\/\/sandzakpress.net\/arhiva\/#website"},"primaryImageOfPage":{"@id":"https:\/\/sandzakpress.net\/arhiva\/kosovo-na-pomolu-novi-rat\/#primaryimage"},"image":{"@id":"https:\/\/sandzakpress.net\/arhiva\/kosovo-na-pomolu-novi-rat\/#primaryimage"},"thumbnailUrl":"https:\/\/sandzakpress.net\/arhiva\/wp-content\/uploads\/2011\/07\/162117_0415-kosovo-foto-tanjug_f.jpg","datePublished":"2011-07-26T17:34:42+00:00","dateModified":"2011-07-27T20:50:55+00:00","breadcrumb":{"@id":"https:\/\/sandzakpress.net\/arhiva\/kosovo-na-pomolu-novi-rat\/#breadcrumb"},"inLanguage":"bs-BA","potentialAction":[{"@type":"ReadAction","target":["https:\/\/sandzakpress.net\/arhiva\/kosovo-na-pomolu-novi-rat\/"]}]},{"@type":"ImageObject","inLanguage":"bs-BA","@id":"https:\/\/sandzakpress.net\/arhiva\/kosovo-na-pomolu-novi-rat\/#primaryimage","url":"https:\/\/sandzakpress.net\/arhiva\/wp-content\/uploads\/2011\/07\/162117_0415-kosovo-foto-tanjug_f.jpg","contentUrl":"https:\/\/sandzakpress.net\/arhiva\/wp-content\/uploads\/2011\/07\/162117_0415-kosovo-foto-tanjug_f.jpg","width":470,"height":270},{"@type":"BreadcrumbList","@id":"https:\/\/sandzakpress.net\/arhiva\/kosovo-na-pomolu-novi-rat\/#breadcrumb","itemListElement":[{"@type":"ListItem","position":1,"name":"Home","item":"https:\/\/sandzakpress.net\/arhiva\/"},{"@type":"ListItem","position":2,"name":"Kosovo: I dalje napeto"}]},{"@type":"WebSite","@id":"https:\/\/sandzakpress.net\/arhiva\/#website","url":"https:\/\/sandzakpress.net\/arhiva\/","name":"Sand\u017eak PRESS","description":"Prve elektronske novine u Sand\u017eaku","publisher":{"@id":"https:\/\/sandzakpress.net\/arhiva\/#\/schema\/person\/6e72b67d6e51910a1117b3b483ba20bd"},"potentialAction":[{"@type":"SearchAction","target":{"@type":"EntryPoint","urlTemplate":"https:\/\/sandzakpress.net\/arhiva\/?s={search_term_string}"},"query-input":{"@type":"PropertyValueSpecification","valueRequired":true,"valueName":"search_term_string"}}],"inLanguage":"bs-BA"},{"@type":["Person","Organization"],"@id":"https:\/\/sandzakpress.net\/arhiva\/#\/schema\/person\/6e72b67d6e51910a1117b3b483ba20bd","name":"Kul","image":{"@type":"ImageObject","inLanguage":"bs-BA","@id":"https:\/\/sandzakpress.net\/arhiva\/#\/schema\/person\/image\/","url":"https:\/\/secure.gravatar.com\/avatar\/42263f39aa27ac04c43cab85c280eb2e?s=96&d=mm&r=pg","contentUrl":"https:\/\/secure.gravatar.com\/avatar\/42263f39aa27ac04c43cab85c280eb2e?s=96&d=mm&r=pg","caption":"Kul"},"logo":{"@id":"https:\/\/sandzakpress.net\/arhiva\/#\/schema\/person\/image\/"}},{"@type":"Person","@id":"https:\/\/sandzakpress.net\/arhiva\/#\/schema\/person\/c8baee722073534b583ea7bdb2e36c02","name":"bosniak","image":{"@type":"ImageObject","inLanguage":"bs-BA","@id":"https:\/\/sandzakpress.net\/arhiva\/#\/schema\/person\/image\/","url":"https:\/\/secure.gravatar.com\/avatar\/a04fd330bfe3a36a72a0ad4a6d89fca7?s=96&d=mm&r=pg","contentUrl":"https:\/\/secure.gravatar.com\/avatar\/a04fd330bfe3a36a72a0ad4a6d89fca7?s=96&d=mm&r=pg","caption":"bosniak"},"url":"https:\/\/sandzakpress.net\/arhiva\/author\/bosniak\/"}]}},"_links":{"self":[{"href":"https:\/\/sandzakpress.net\/arhiva\/wp-json\/wp\/v2\/posts\/17983"}],"collection":[{"href":"https:\/\/sandzakpress.net\/arhiva\/wp-json\/wp\/v2\/posts"}],"about":[{"href":"https:\/\/sandzakpress.net\/arhiva\/wp-json\/wp\/v2\/types\/post"}],"author":[{"embeddable":true,"href":"https:\/\/sandzakpress.net\/arhiva\/wp-json\/wp\/v2\/users\/83"}],"replies":[{"embeddable":true,"href":"https:\/\/sandzakpress.net\/arhiva\/wp-json\/wp\/v2\/comments?post=17983"}],"version-history":[{"count":0,"href":"https:\/\/sandzakpress.net\/arhiva\/wp-json\/wp\/v2\/posts\/17983\/revisions"}],"wp:featuredmedia":[{"embeddable":true,"href":"https:\/\/sandzakpress.net\/arhiva\/wp-json\/wp\/v2\/media\/18045"}],"wp:attachment":[{"href":"https:\/\/sandzakpress.net\/arhiva\/wp-json\/wp\/v2\/media?parent=17983"}],"wp:term":[{"taxonomy":"category","embeddable":true,"href":"https:\/\/sandzakpress.net\/arhiva\/wp-json\/wp\/v2\/categories?post=17983"},{"taxonomy":"post_tag","embeddable":true,"href":"https:\/\/sandzakpress.net\/arhiva\/wp-json\/wp\/v2\/tags?post=17983"}],"curies":[{"name":"wp","href":"https:\/\/api.w.org\/{rel}","templated":true}]}}