{"id":179801,"date":"2017-02-16T10:07:28","date_gmt":"2017-02-16T09:07:28","guid":{"rendered":"https:\/\/sandzakpress.net\/arhiva\/?p=179801"},"modified":"2017-02-16T10:08:22","modified_gmt":"2017-02-16T09:08:22","slug":"dacic-o-nikolicu-ako-je-tacno-sramotno-je","status":"publish","type":"post","link":"https:\/\/sandzakpress.net\/arhiva\/dacic-o-nikolicu-ako-je-tacno-sramotno-je\/","title":{"rendered":"Da\u010di\u0107 o Nikoli\u0107u: Ako je ta\u010dno &#8211; sramotno je"},"content":{"rendered":"<p><img decoding=\"async\" src=\"http:\/\/www.b92.net\/news\/pics\/2017\/02\/10\/1738627285589d730b939e8949066067_v4_big.jpg\" alt=\"Foto: Tanjug\" \/><\/p>\n<p><strong>Srbija &#8211; Lider SPS Ivica Da\u010di\u0107 ocjenio je da je, ako je vijest o kandidovanju Nikoli\u0107a ta\u010dna, sramotno da se on time pridru\u017euje plejadi kandidata koji su protiv Vu\u010di\u0107a.<\/strong><\/p>\n<p>&#8220;Vi\u0161e puta sam isticao da je za Srbiju najbolje da se sa\u010duva politi\u010dka stabilnost putem kandidature \u010dovjeka koji u\u017eiva najve\u0107u podr\u0161ku naroda, a to je nesumnjivo Vu\u010di\u0107&#8221;, rekao je Da\u010di\u0107 za Tanjug.<\/p>\n<p>Da\u010di\u0107 je istakao da \u0107e, ako se Nikoli\u0107 zaista kandiduje protiv Vu\u010di\u0107a, on li\u010dno i cio SPS, kao i Dragan Markovi\u0107 Palma i Jedinstvena Srbija, jo\u0161 sna\u017enije podr\u017eati Vu\u010di\u0107a.<\/p>\n<p>&#8220;Jedino logi\u010dno i racionalno je da kandidat bude onaj koji \u0107e pobjediti, sa ili bez Nikoli\u0107a, svejedno. A \u0161ta \u0107e uraditi Nikoli\u0107 bez Vu\u010di\u0107a i to je jasno, ni\u0161ta, samo \u0107e pomo\u0107i onima koji su protiv Vu\u010di\u0107a. I to bezuspje\u0161no&#8221;, zaklju\u010dio je Da\u010di\u0107.<\/p>\n<p>Sputnjik i N1 prenijeli su ranije kao ekskluzivnu vest da je Nikoli\u0107 odlu\u010dio da se kandiduje na predsjedni\u010dkim izborima. B92 je dobio potvrdu ove informacije iz kabineta predsjednika Nikoli\u0107a.<\/p>\n<p>Mediji prenose da je Nikoli\u0107 odluku da se kandiduje donio na proslavi svog 65. ro\u0111endana.<\/p>\n<p>Na prijemu koji je organizovao povodom Dana dr\u017eavnosti Nikoli\u0107 je rekao da Srbija nema prava da se odrekne davno nasle\u0111enih vrijednosti.<\/p>\n<p>On je dodao da nema uzmicanja ni povla\u010denja \u010dak i kada &#8220;vetrovi ho\u0107e da vas slome&#8221;.<\/p>\n<p>Predsjedni\u0161tvo SNS je n\u0430 sednici odr\u017eanoj u utorak odlu\u010dilo da za predsjednik\u0430 Srbije, k\u0430o svog k\u0430ndid\u0430t\u0430, ist\u0430kne Aleks\u0430ndr\u0430 Vu\u010di\u0107\u0430 i t\u0430 odluk\u0430 donet\u0430 je jednogl\u0430sno.<\/p>\n<p>Vu\u010di\u0107 je potom u Upitniku na RTS naveo da bez podr\u0161ke predsjednika Nikoli\u0107a ni\u0161ta ne bi mogli da urade i da je to njegova \u201cistorijska uloga\u201d.<\/p>\n<p>\u201eKo bi glasao za mene glasao bi i za njega. On je najbolji mogu\u0107i kandidat, ali ovo je procjena zbog stabilnosti i tri-\u010detiri odsto koje bi mogle da odlu\u010de. Procjena je da bismo ovako mogli lak\u0161e protiv onih koji su se ujedinili da Srbiju vrate nazad\u201c, rekao je premijer.<\/p>\n<p>\u201ePlaniram i da radimo zajedno i nemam nikakav problem s tim, ali treba da vidimo kako da pobjedimo. Mnogo volim Tomislava Nikoli\u0107a, mnogo volim svakoga, ali najvi\u0161e volim Srbiju\u201c, dodao je Vu\u010di\u0107.<\/p>\n<p>Nikoli\u0107 poslednjih mjeseci nije krio \u017eelju da ponovo bude predsjedni\u010dki kandidat, a u utorak je izjavio da Vu\u010di\u0107 mo\u017ee da pobjedi, \u010dak i lak\u0161e od njega, ali da ipak i on to mo\u017ee.<\/p>\n<p>Na pitanje da li postoji mogu\u0107nost da ne sara\u0111uje sa Vu\u010di\u0107em ako Vu\u010di\u0107 bude kandidat, kratko je odgovorio: &#8220;Ne postoji&#8221;.<\/p>\n<p>(b92.net)<\/p>\n","protected":false},"excerpt":{"rendered":"<p>Srbija &#8211; Lider SPS Ivica Da\u010di\u0107 ocjenio je da je, ako je vijest o kandidovanju Nikoli\u0107a ta\u010dna, sramotno da se on time pridru\u017euje plejadi kandidata koji su protiv Vu\u010di\u0107a. &#8220;Vi\u0161e puta sam isticao da je za Srbiju najbolje da se sa\u010duva politi\u010dka stabilnost putem kandidature \u010dovjeka koji u\u017eiva najve\u0107u podr\u0161ku naroda, a to je nesumnjivo [&hellip;]<\/p>\n","protected":false},"author":509,"featured_media":179802,"comment_status":"open","ping_status":"open","sticky":false,"template":"","format":"standard","meta":{"footnotes":""},"categories":[1,10307,798,10429],"tags":[],"class_list":{"0":"post-179801","1":"post","2":"type-post","3":"status-publish","4":"format-standard","5":"has-post-thumbnail","7":"category-politika","8":"category-srbija","9":"category-teme","10":"category-vazno"},"yoast_head":"<!-- This site is optimized with the Yoast SEO Premium plugin v23.1 (Yoast SEO v24.9) - https:\/\/yoast.com\/wordpress\/plugins\/seo\/ -->\n<title>Da\u010di\u0107 o Nikoli\u0107u: Ako je ta\u010dno - sramotno je<\/title>\n<meta name=\"robots\" content=\"index, follow, max-snippet:-1, max-image-preview:large, max-video-preview:-1\" \/>\n<link rel=\"canonical\" href=\"https:\/\/sandzakpress.net\/arhiva\/dacic-o-nikolicu-ako-je-tacno-sramotno-je\/\" \/>\n<meta property=\"og:locale\" content=\"bs_BA\" \/>\n<meta property=\"og:type\" content=\"article\" \/>\n<meta property=\"og:title\" content=\"Da\u010di\u0107 o Nikoli\u0107u: Ako je ta\u010dno - sramotno je\" \/>\n<meta property=\"og:description\" content=\"Srbija &#8211; Lider SPS Ivica Da\u010di\u0107 ocjenio je da je, ako je vijest o kandidovanju Nikoli\u0107a ta\u010dna, sramotno da se on time pridru\u017euje plejadi kandidata koji su protiv Vu\u010di\u0107a. &#8220;Vi\u0161e puta sam isticao da je za Srbiju najbolje da se sa\u010duva politi\u010dka stabilnost putem kandidature \u010dovjeka koji u\u017eiva najve\u0107u podr\u0161ku naroda, a to je nesumnjivo [&hellip;]\" \/>\n<meta property=\"og:url\" content=\"https:\/\/sandzakpress.net\/arhiva\/dacic-o-nikolicu-ako-je-tacno-sramotno-je\/\" \/>\n<meta property=\"og:site_name\" content=\"Sand\u017eak PRESS\" \/>\n<meta property=\"article:published_time\" content=\"2017-02-16T09:07:28+00:00\" \/>\n<meta property=\"article:modified_time\" content=\"2017-02-16T09:08:22+00:00\" \/>\n<meta property=\"og:image\" content=\"https:\/\/sandzakpress.net\/arhiva\/wp-content\/uploads\/2017\/02\/1738627285589d730b939e8949066067_v4_big.jpg\" \/>\n\t<meta property=\"og:image:width\" content=\"640\" \/>\n\t<meta property=\"og:image:height\" content=\"614\" \/>\n\t<meta property=\"og:image:type\" content=\"image\/jpeg\" \/>\n<meta name=\"author\" content=\"Agencija\" \/>\n<meta name=\"twitter:card\" content=\"summary_large_image\" \/>\n<meta name=\"twitter:label1\" content=\"Written by\" \/>\n\t<meta name=\"twitter:data1\" content=\"Agencija\" \/>\n\t<meta name=\"twitter:label2\" content=\"Est. reading time\" \/>\n\t<meta name=\"twitter:data2\" content=\"2 minute\" \/>\n<script type=\"application\/ld+json\" class=\"yoast-schema-graph\">{\"@context\":\"https:\/\/schema.org\",\"@graph\":[{\"@type\":\"Article\",\"@id\":\"https:\/\/sandzakpress.net\/arhiva\/dacic-o-nikolicu-ako-je-tacno-sramotno-je\/#article\",\"isPartOf\":{\"@id\":\"https:\/\/sandzakpress.net\/arhiva\/dacic-o-nikolicu-ako-je-tacno-sramotno-je\/\"},\"author\":{\"name\":\"Agencija\",\"@id\":\"https:\/\/sandzakpress.net\/arhiva\/#\/schema\/person\/cb59d7e3ab91ab90dd680ad0305a6185\"},\"headline\":\"Da\u010di\u0107 o Nikoli\u0107u: Ako je ta\u010dno &#8211; sramotno je\",\"datePublished\":\"2017-02-16T09:07:28+00:00\",\"dateModified\":\"2017-02-16T09:08:22+00:00\",\"mainEntityOfPage\":{\"@id\":\"https:\/\/sandzakpress.net\/arhiva\/dacic-o-nikolicu-ako-je-tacno-sramotno-je\/\"},\"wordCount\":496,\"commentCount\":0,\"publisher\":{\"@id\":\"https:\/\/sandzakpress.net\/arhiva\/#\/schema\/person\/6e72b67d6e51910a1117b3b483ba20bd\"},\"image\":{\"@id\":\"https:\/\/sandzakpress.net\/arhiva\/dacic-o-nikolicu-ako-je-tacno-sramotno-je\/#primaryimage\"},\"thumbnailUrl\":\"https:\/\/sandzakpress.net\/arhiva\/wp-content\/uploads\/2017\/02\/1738627285589d730b939e8949066067_v4_big.jpg\",\"articleSection\":[\"Politika\",\"Srbija\",\"NAJNOVIJE\",\"VA\u017dNO!\"],\"inLanguage\":\"bs-BA\",\"potentialAction\":[{\"@type\":\"CommentAction\",\"name\":\"Comment\",\"target\":[\"https:\/\/sandzakpress.net\/arhiva\/dacic-o-nikolicu-ako-je-tacno-sramotno-je\/#respond\"]}]},{\"@type\":\"WebPage\",\"@id\":\"https:\/\/sandzakpress.net\/arhiva\/dacic-o-nikolicu-ako-je-tacno-sramotno-je\/\",\"url\":\"https:\/\/sandzakpress.net\/arhiva\/dacic-o-nikolicu-ako-je-tacno-sramotno-je\/\",\"name\":\"Da\u010di\u0107 o Nikoli\u0107u: Ako je ta\u010dno - sramotno je\",\"isPartOf\":{\"@id\":\"https:\/\/sandzakpress.net\/arhiva\/#website\"},\"primaryImageOfPage\":{\"@id\":\"https:\/\/sandzakpress.net\/arhiva\/dacic-o-nikolicu-ako-je-tacno-sramotno-je\/#primaryimage\"},\"image\":{\"@id\":\"https:\/\/sandzakpress.net\/arhiva\/dacic-o-nikolicu-ako-je-tacno-sramotno-je\/#primaryimage\"},\"thumbnailUrl\":\"https:\/\/sandzakpress.net\/arhiva\/wp-content\/uploads\/2017\/02\/1738627285589d730b939e8949066067_v4_big.jpg\",\"datePublished\":\"2017-02-16T09:07:28+00:00\",\"dateModified\":\"2017-02-16T09:08:22+00:00\",\"breadcrumb\":{\"@id\":\"https:\/\/sandzakpress.net\/arhiva\/dacic-o-nikolicu-ako-je-tacno-sramotno-je\/#breadcrumb\"},\"inLanguage\":\"bs-BA\",\"potentialAction\":[{\"@type\":\"ReadAction\",\"target\":[\"https:\/\/sandzakpress.net\/arhiva\/dacic-o-nikolicu-ako-je-tacno-sramotno-je\/\"]}]},{\"@type\":\"ImageObject\",\"inLanguage\":\"bs-BA\",\"@id\":\"https:\/\/sandzakpress.net\/arhiva\/dacic-o-nikolicu-ako-je-tacno-sramotno-je\/#primaryimage\",\"url\":\"https:\/\/sandzakpress.net\/arhiva\/wp-content\/uploads\/2017\/02\/1738627285589d730b939e8949066067_v4_big.jpg\",\"contentUrl\":\"https:\/\/sandzakpress.net\/arhiva\/wp-content\/uploads\/2017\/02\/1738627285589d730b939e8949066067_v4_big.jpg\",\"width\":640,\"height\":614},{\"@type\":\"BreadcrumbList\",\"@id\":\"https:\/\/sandzakpress.net\/arhiva\/dacic-o-nikolicu-ako-je-tacno-sramotno-je\/#breadcrumb\",\"itemListElement\":[{\"@type\":\"ListItem\",\"position\":1,\"name\":\"Home\",\"item\":\"https:\/\/sandzakpress.net\/arhiva\/\"},{\"@type\":\"ListItem\",\"position\":2,\"name\":\"Da\u010di\u0107 o Nikoli\u0107u: Ako je ta\u010dno &#8211; sramotno je\"}]},{\"@type\":\"WebSite\",\"@id\":\"https:\/\/sandzakpress.net\/arhiva\/#website\",\"url\":\"https:\/\/sandzakpress.net\/arhiva\/\",\"name\":\"Sand\u017eak PRESS\",\"description\":\"Prve elektronske novine u Sand\u017eaku\",\"publisher\":{\"@id\":\"https:\/\/sandzakpress.net\/arhiva\/#\/schema\/person\/6e72b67d6e51910a1117b3b483ba20bd\"},\"potentialAction\":[{\"@type\":\"SearchAction\",\"target\":{\"@type\":\"EntryPoint\",\"urlTemplate\":\"https:\/\/sandzakpress.net\/arhiva\/?s={search_term_string}\"},\"query-input\":{\"@type\":\"PropertyValueSpecification\",\"valueRequired\":true,\"valueName\":\"search_term_string\"}}],\"inLanguage\":\"bs-BA\"},{\"@type\":[\"Person\",\"Organization\"],\"@id\":\"https:\/\/sandzakpress.net\/arhiva\/#\/schema\/person\/6e72b67d6e51910a1117b3b483ba20bd\",\"name\":\"Kul\",\"image\":{\"@type\":\"ImageObject\",\"inLanguage\":\"bs-BA\",\"@id\":\"https:\/\/sandzakpress.net\/arhiva\/#\/schema\/person\/image\/\",\"url\":\"https:\/\/secure.gravatar.com\/avatar\/42263f39aa27ac04c43cab85c280eb2e?s=96&d=mm&r=pg\",\"contentUrl\":\"https:\/\/secure.gravatar.com\/avatar\/42263f39aa27ac04c43cab85c280eb2e?s=96&d=mm&r=pg\",\"caption\":\"Kul\"},\"logo\":{\"@id\":\"https:\/\/sandzakpress.net\/arhiva\/#\/schema\/person\/image\/\"}},{\"@type\":\"Person\",\"@id\":\"https:\/\/sandzakpress.net\/arhiva\/#\/schema\/person\/cb59d7e3ab91ab90dd680ad0305a6185\",\"name\":\"Agencija\",\"image\":{\"@type\":\"ImageObject\",\"inLanguage\":\"bs-BA\",\"@id\":\"https:\/\/sandzakpress.net\/arhiva\/#\/schema\/person\/image\/\",\"url\":\"https:\/\/secure.gravatar.com\/avatar\/4b7fafa80a22f0c2afe23966b3961fe0?s=96&d=mm&r=pg\",\"contentUrl\":\"https:\/\/secure.gravatar.com\/avatar\/4b7fafa80a22f0c2afe23966b3961fe0?s=96&d=mm&r=pg\",\"caption\":\"Agencija\"},\"url\":\"https:\/\/sandzakpress.net\/arhiva\/author\/agencija\/\"}]}<\/script>\n<!-- \/ Yoast SEO Premium plugin. -->","yoast_head_json":{"title":"Da\u010di\u0107 o Nikoli\u0107u: Ako je ta\u010dno - sramotno je","robots":{"index":"index","follow":"follow","max-snippet":"max-snippet:-1","max-image-preview":"max-image-preview:large","max-video-preview":"max-video-preview:-1"},"canonical":"https:\/\/sandzakpress.net\/arhiva\/dacic-o-nikolicu-ako-je-tacno-sramotno-je\/","og_locale":"bs_BA","og_type":"article","og_title":"Da\u010di\u0107 o Nikoli\u0107u: Ako je ta\u010dno - sramotno je","og_description":"Srbija &#8211; Lider SPS Ivica Da\u010di\u0107 ocjenio je da je, ako je vijest o kandidovanju Nikoli\u0107a ta\u010dna, sramotno da se on time pridru\u017euje plejadi kandidata koji su protiv Vu\u010di\u0107a. &#8220;Vi\u0161e puta sam isticao da je za Srbiju najbolje da se sa\u010duva politi\u010dka stabilnost putem kandidature \u010dovjeka koji u\u017eiva najve\u0107u podr\u0161ku naroda, a to je nesumnjivo [&hellip;]","og_url":"https:\/\/sandzakpress.net\/arhiva\/dacic-o-nikolicu-ako-je-tacno-sramotno-je\/","og_site_name":"Sand\u017eak PRESS","article_published_time":"2017-02-16T09:07:28+00:00","article_modified_time":"2017-02-16T09:08:22+00:00","og_image":[{"width":640,"height":614,"url":"https:\/\/sandzakpress.net\/arhiva\/wp-content\/uploads\/2017\/02\/1738627285589d730b939e8949066067_v4_big.jpg","type":"image\/jpeg"}],"author":"Agencija","twitter_card":"summary_large_image","twitter_misc":{"Written by":"Agencija","Est. reading time":"2 minute"},"schema":{"@context":"https:\/\/schema.org","@graph":[{"@type":"Article","@id":"https:\/\/sandzakpress.net\/arhiva\/dacic-o-nikolicu-ako-je-tacno-sramotno-je\/#article","isPartOf":{"@id":"https:\/\/sandzakpress.net\/arhiva\/dacic-o-nikolicu-ako-je-tacno-sramotno-je\/"},"author":{"name":"Agencija","@id":"https:\/\/sandzakpress.net\/arhiva\/#\/schema\/person\/cb59d7e3ab91ab90dd680ad0305a6185"},"headline":"Da\u010di\u0107 o Nikoli\u0107u: Ako je ta\u010dno &#8211; sramotno je","datePublished":"2017-02-16T09:07:28+00:00","dateModified":"2017-02-16T09:08:22+00:00","mainEntityOfPage":{"@id":"https:\/\/sandzakpress.net\/arhiva\/dacic-o-nikolicu-ako-je-tacno-sramotno-je\/"},"wordCount":496,"commentCount":0,"publisher":{"@id":"https:\/\/sandzakpress.net\/arhiva\/#\/schema\/person\/6e72b67d6e51910a1117b3b483ba20bd"},"image":{"@id":"https:\/\/sandzakpress.net\/arhiva\/dacic-o-nikolicu-ako-je-tacno-sramotno-je\/#primaryimage"},"thumbnailUrl":"https:\/\/sandzakpress.net\/arhiva\/wp-content\/uploads\/2017\/02\/1738627285589d730b939e8949066067_v4_big.jpg","articleSection":["Politika","Srbija","NAJNOVIJE","VA\u017dNO!"],"inLanguage":"bs-BA","potentialAction":[{"@type":"CommentAction","name":"Comment","target":["https:\/\/sandzakpress.net\/arhiva\/dacic-o-nikolicu-ako-je-tacno-sramotno-je\/#respond"]}]},{"@type":"WebPage","@id":"https:\/\/sandzakpress.net\/arhiva\/dacic-o-nikolicu-ako-je-tacno-sramotno-je\/","url":"https:\/\/sandzakpress.net\/arhiva\/dacic-o-nikolicu-ako-je-tacno-sramotno-je\/","name":"Da\u010di\u0107 o Nikoli\u0107u: Ako je ta\u010dno - sramotno je","isPartOf":{"@id":"https:\/\/sandzakpress.net\/arhiva\/#website"},"primaryImageOfPage":{"@id":"https:\/\/sandzakpress.net\/arhiva\/dacic-o-nikolicu-ako-je-tacno-sramotno-je\/#primaryimage"},"image":{"@id":"https:\/\/sandzakpress.net\/arhiva\/dacic-o-nikolicu-ako-je-tacno-sramotno-je\/#primaryimage"},"thumbnailUrl":"https:\/\/sandzakpress.net\/arhiva\/wp-content\/uploads\/2017\/02\/1738627285589d730b939e8949066067_v4_big.jpg","datePublished":"2017-02-16T09:07:28+00:00","dateModified":"2017-02-16T09:08:22+00:00","breadcrumb":{"@id":"https:\/\/sandzakpress.net\/arhiva\/dacic-o-nikolicu-ako-je-tacno-sramotno-je\/#breadcrumb"},"inLanguage":"bs-BA","potentialAction":[{"@type":"ReadAction","target":["https:\/\/sandzakpress.net\/arhiva\/dacic-o-nikolicu-ako-je-tacno-sramotno-je\/"]}]},{"@type":"ImageObject","inLanguage":"bs-BA","@id":"https:\/\/sandzakpress.net\/arhiva\/dacic-o-nikolicu-ako-je-tacno-sramotno-je\/#primaryimage","url":"https:\/\/sandzakpress.net\/arhiva\/wp-content\/uploads\/2017\/02\/1738627285589d730b939e8949066067_v4_big.jpg","contentUrl":"https:\/\/sandzakpress.net\/arhiva\/wp-content\/uploads\/2017\/02\/1738627285589d730b939e8949066067_v4_big.jpg","width":640,"height":614},{"@type":"BreadcrumbList","@id":"https:\/\/sandzakpress.net\/arhiva\/dacic-o-nikolicu-ako-je-tacno-sramotno-je\/#breadcrumb","itemListElement":[{"@type":"ListItem","position":1,"name":"Home","item":"https:\/\/sandzakpress.net\/arhiva\/"},{"@type":"ListItem","position":2,"name":"Da\u010di\u0107 o Nikoli\u0107u: Ako je ta\u010dno &#8211; sramotno je"}]},{"@type":"WebSite","@id":"https:\/\/sandzakpress.net\/arhiva\/#website","url":"https:\/\/sandzakpress.net\/arhiva\/","name":"Sand\u017eak PRESS","description":"Prve elektronske novine u Sand\u017eaku","publisher":{"@id":"https:\/\/sandzakpress.net\/arhiva\/#\/schema\/person\/6e72b67d6e51910a1117b3b483ba20bd"},"potentialAction":[{"@type":"SearchAction","target":{"@type":"EntryPoint","urlTemplate":"https:\/\/sandzakpress.net\/arhiva\/?s={search_term_string}"},"query-input":{"@type":"PropertyValueSpecification","valueRequired":true,"valueName":"search_term_string"}}],"inLanguage":"bs-BA"},{"@type":["Person","Organization"],"@id":"https:\/\/sandzakpress.net\/arhiva\/#\/schema\/person\/6e72b67d6e51910a1117b3b483ba20bd","name":"Kul","image":{"@type":"ImageObject","inLanguage":"bs-BA","@id":"https:\/\/sandzakpress.net\/arhiva\/#\/schema\/person\/image\/","url":"https:\/\/secure.gravatar.com\/avatar\/42263f39aa27ac04c43cab85c280eb2e?s=96&d=mm&r=pg","contentUrl":"https:\/\/secure.gravatar.com\/avatar\/42263f39aa27ac04c43cab85c280eb2e?s=96&d=mm&r=pg","caption":"Kul"},"logo":{"@id":"https:\/\/sandzakpress.net\/arhiva\/#\/schema\/person\/image\/"}},{"@type":"Person","@id":"https:\/\/sandzakpress.net\/arhiva\/#\/schema\/person\/cb59d7e3ab91ab90dd680ad0305a6185","name":"Agencija","image":{"@type":"ImageObject","inLanguage":"bs-BA","@id":"https:\/\/sandzakpress.net\/arhiva\/#\/schema\/person\/image\/","url":"https:\/\/secure.gravatar.com\/avatar\/4b7fafa80a22f0c2afe23966b3961fe0?s=96&d=mm&r=pg","contentUrl":"https:\/\/secure.gravatar.com\/avatar\/4b7fafa80a22f0c2afe23966b3961fe0?s=96&d=mm&r=pg","caption":"Agencija"},"url":"https:\/\/sandzakpress.net\/arhiva\/author\/agencija\/"}]}},"_links":{"self":[{"href":"https:\/\/sandzakpress.net\/arhiva\/wp-json\/wp\/v2\/posts\/179801"}],"collection":[{"href":"https:\/\/sandzakpress.net\/arhiva\/wp-json\/wp\/v2\/posts"}],"about":[{"href":"https:\/\/sandzakpress.net\/arhiva\/wp-json\/wp\/v2\/types\/post"}],"author":[{"embeddable":true,"href":"https:\/\/sandzakpress.net\/arhiva\/wp-json\/wp\/v2\/users\/509"}],"replies":[{"embeddable":true,"href":"https:\/\/sandzakpress.net\/arhiva\/wp-json\/wp\/v2\/comments?post=179801"}],"version-history":[{"count":0,"href":"https:\/\/sandzakpress.net\/arhiva\/wp-json\/wp\/v2\/posts\/179801\/revisions"}],"wp:featuredmedia":[{"embeddable":true,"href":"https:\/\/sandzakpress.net\/arhiva\/wp-json\/wp\/v2\/media\/179802"}],"wp:attachment":[{"href":"https:\/\/sandzakpress.net\/arhiva\/wp-json\/wp\/v2\/media?parent=179801"}],"wp:term":[{"taxonomy":"category","embeddable":true,"href":"https:\/\/sandzakpress.net\/arhiva\/wp-json\/wp\/v2\/categories?post=179801"},{"taxonomy":"post_tag","embeddable":true,"href":"https:\/\/sandzakpress.net\/arhiva\/wp-json\/wp\/v2\/tags?post=179801"}],"curies":[{"name":"wp","href":"https:\/\/api.w.org\/{rel}","templated":true}]}}