{"id":179771,"date":"2017-02-15T14:02:25","date_gmt":"2017-02-15T13:02:25","guid":{"rendered":"https:\/\/sandzakpress.net\/arhiva\/?p=179771"},"modified":"2017-02-15T14:03:45","modified_gmt":"2017-02-15T13:03:45","slug":"skupstina-crne-gore-ukinula-imunitet-mandicu-i-knezevicu","status":"publish","type":"post","link":"https:\/\/sandzakpress.net\/arhiva\/skupstina-crne-gore-ukinula-imunitet-mandicu-i-knezevicu\/","title":{"rendered":"Skup\u0161tina Crne Gore ukinula imunitet Mandi\u0107u i Kne\u017eevi\u0107u"},"content":{"rendered":"<p><img decoding=\"async\" src=\"http:\/\/balkans.aljazeera.net\/sites\/default\/files\/styles\/d8\/public\/20170215_2_21864484_18919280.jpg?itok=KuwwnMRz\" \/><\/p>\n<p><strong>Glasovima svih zastupnika u <a href=\"http:\/\/balkans.aljazeera.net\/tema\/izbori-u-crnoj-gori\" target=\"_blank\">Skup\u0161tini Crne Gore<\/a>\u00a0u srijedu je ukinut zastupni\u010dki imunitet\u00a0Andriji Mandi\u0107u\u00a0i Milanu\u00a0Kne\u017eevi\u0107u, koje tu\u017eitelji sumnji\u010de za sudjelovanje u poku\u0161aju navodnog dr\u017eavnog udara.<\/strong><\/p>\n<p>Time je omogu\u0107eno njihovo privo\u0111enje, \u0161to je, kako se vjeruje, plan Specijalnog dr\u017eavnog tu\u017eila\u0161tva.<\/p>\n<p>Prethodno im je imunitet skinuo\u00a0Administrativni odbor\u00a0Skup\u0161tine Crne Gore.<\/p>\n<p>Mandi\u0107 i Kne\u017eevi\u0107, zastupnici Demokratskog fronta, pod sumnjom su da su\u00a0po\u010dinili\u00a0kaznena\u00a0djela\u00a0&#8220;stvaranje kriminalne organizacije&#8221; i &#8220;pripremanje\u00a0djela protiv ustavnog ure\u0111enja i sigurnosti Crne Gore&#8221;.<\/p>\n<p>Tereti ih se da su umije\u0161ani u pripreme teroristi\u010dkih aktivnosti u Crnoj Gori u izbornoj no\u0107i\u00a016. listopada\u00a0pro\u0161le godine.<\/p>\n<h4>\u010cekaju hap\u0161enje u parlamentu<\/h4>\n<p>U prvim reakcijama\u00a0Mandi\u0107 i Kne\u017eevi\u0107 poru\u010dili su da ih hap\u0161enje ne\u0107e zastra\u0161iti, te su naveli kako je &#8220;dobro \u0161to se opozicija kona\u010dno ujedinila&#8221;.<\/p>\n<p>Odluku o ukidanju imuniteta do\u010dekali su ispred parlamenta, a nakon toga su u\u0161li u zgradu Skup\u0161tine Crne Gore, gdje \u0107e, kako su rekli, pri\u010dekati hap\u0161enje.<\/p>\n<p>Prilikom njihovog ulaska do\u0161lo je do verbalnog, a umalo i do fizi\u010dkog obra\u010duna\u00a0s dijelom zastupnika vladaju\u0107e Demokratske partije socijalista\u00a0(DPS). Ve\u0107i sukob sprije\u010dilo je skup\u0161tinsko osiguranje.<\/p>\n<p>Mandi\u0107 i Kne\u017eevi\u0107, zajedno s drugim zastupnicima Demokratskog fronta, odlu\u010dili su ostati u parlamentu \u010diji rad bojkotiraju jer tvrde da izja\u0161njavanje gra\u0111ana na parlamentarnim izborima nije bilo slobodno zbog, kako ga zovu, &#8220;la\u017enog dr\u017eavnog udara&#8221;.<\/p>\n<h4>Poku\u0161aj dr\u017eavnog udara<\/h4>\n<p>Prema navodima tu\u017eitelja, postoje osnovi sumnje\u00a0da su Mandi\u0107 i Kne\u017eevi\u0107 dio kriminalne organizacije koju su 2016. godine osnovali ruski dr\u017eavljani Eduard \u0160irokov i Vladimir Popov s\u00a0ciljem izvo\u0111enja djela terorizma i drugih kaznenih djela.<\/p>\n<p>U vrijeme dono\u0161enja odluke o ukidanju imuniteta\u00a0ispred zgrade Parlamenta Crne Gore okupile su se pristalice Demokratskog fronta.<\/p>\n<p>Prethodno je crnogorska\u00a0opozicija najavila da ne\u0107e sudjelovati na lokalnim izborima u Nik\u0161i\u0107u.<\/p>\n<p>Na izborima, zakazanim za 12. o\u017eujka, ne\u0107e sudjelovati\u00a0predstavnici Demokratskog fronta, Demokratske Crne Gore, Demosa, Gra\u0111anskog pokreta URA, Socijaldemokratske partije i Socijalisti\u010dke narodne partije, prenose crnogorski mediji.<\/p>\n<h4>Dio uhap\u0161enih nagodio se<\/h4>\n<p>Dio skupine od 14 srbijanskih dr\u017eavljana, uhap\u0161enih 16. listopada pro\u0161le godine zbog sumnje za kriminalno udru\u017eivanje i pripremanje teroristi\u010dkog napada u izbornoj no\u0107i u Crnoj Gori, potpisao je ranije s tu\u017eiteljima sporazum o priznanju krivnje, dok dio o tome pregovara, potvr\u0111eno je Al Jazeeri.<\/p>\n<p>Kazne na koje su potpisnici sporazuma pristali kre\u0107u se u rasponu od tri do pet mjeseci zatvora.<\/p>\n<p>Biv\u0161i \u0161ef \u017dandarmerije Srbije Bratislav Diki\u0107, koji je me\u0111u osumnji\u010denima, ranije je negirao krivicu.<\/p>\n<p>Kona\u010dnu rije\u010d o sporazumima dat \u0107e vije\u0107e Vi\u0161eg suda.<\/p>\n<p><em>Izvor: Al Jazeera i agencije<\/em><\/p>\n","protected":false},"excerpt":{"rendered":"<p>Glasovima svih zastupnika u Skup\u0161tini Crne Gore\u00a0u srijedu je ukinut zastupni\u010dki imunitet\u00a0Andriji Mandi\u0107u\u00a0i Milanu\u00a0Kne\u017eevi\u0107u, koje tu\u017eitelji sumnji\u010de za sudjelovanje u poku\u0161aju navodnog dr\u017eavnog udara. Time je omogu\u0107eno njihovo privo\u0111enje, \u0161to je, kako se vjeruje, plan Specijalnog dr\u017eavnog tu\u017eila\u0161tva. Prethodno im je imunitet skinuo\u00a0Administrativni odbor\u00a0Skup\u0161tine Crne Gore. Mandi\u0107 i Kne\u017eevi\u0107, zastupnici Demokratskog fronta, pod sumnjom su [&hellip;]<\/p>\n","protected":false},"author":509,"featured_media":179772,"comment_status":"open","ping_status":"open","sticky":false,"template":"","format":"standard","meta":{"footnotes":""},"categories":[398,1,397,10174,10308,396,395,399,10173,10429],"tags":[],"class_list":{"0":"post-179771","1":"post","2":"type-post","3":"status-publish","4":"format-standard","5":"has-post-thumbnail","7":"category-rozaje","8":"category-politika","9":"category-berane","10":"category-petnjica-vase-vijesti","11":"category-crna-gora","12":"category-bijelo_polje","13":"category-pljevlja_","14":"category-plav_","15":"category-gusinje-vase-vijesti","16":"category-vazno"},"yoast_head":"<!-- This site is optimized with the Yoast SEO Premium plugin v23.1 (Yoast SEO v24.9) - https:\/\/yoast.com\/wordpress\/plugins\/seo\/ -->\n<title>Skup\u0161tina Crne Gore ukinula imunitet Mandi\u0107u i Kne\u017eevi\u0107u<\/title>\n<meta name=\"robots\" content=\"index, follow, max-snippet:-1, max-image-preview:large, max-video-preview:-1\" \/>\n<link rel=\"canonical\" href=\"https:\/\/sandzakpress.net\/arhiva\/skupstina-crne-gore-ukinula-imunitet-mandicu-i-knezevicu\/\" \/>\n<meta property=\"og:locale\" content=\"bs_BA\" \/>\n<meta property=\"og:type\" content=\"article\" \/>\n<meta property=\"og:title\" content=\"Skup\u0161tina Crne Gore ukinula imunitet Mandi\u0107u i Kne\u017eevi\u0107u\" \/>\n<meta property=\"og:description\" content=\"Glasovima svih zastupnika u Skup\u0161tini Crne Gore\u00a0u srijedu je ukinut zastupni\u010dki imunitet\u00a0Andriji Mandi\u0107u\u00a0i Milanu\u00a0Kne\u017eevi\u0107u, koje tu\u017eitelji sumnji\u010de za sudjelovanje u poku\u0161aju navodnog dr\u017eavnog udara. Time je omogu\u0107eno njihovo privo\u0111enje, \u0161to je, kako se vjeruje, plan Specijalnog dr\u017eavnog tu\u017eila\u0161tva. Prethodno im je imunitet skinuo\u00a0Administrativni odbor\u00a0Skup\u0161tine Crne Gore. Mandi\u0107 i Kne\u017eevi\u0107, zastupnici Demokratskog fronta, pod sumnjom su [&hellip;]\" \/>\n<meta property=\"og:url\" content=\"https:\/\/sandzakpress.net\/arhiva\/skupstina-crne-gore-ukinula-imunitet-mandicu-i-knezevicu\/\" \/>\n<meta property=\"og:site_name\" content=\"Sand\u017eak PRESS\" \/>\n<meta property=\"article:published_time\" content=\"2017-02-15T13:02:25+00:00\" \/>\n<meta property=\"article:modified_time\" content=\"2017-02-15T13:03:45+00:00\" \/>\n<meta property=\"og:image\" content=\"https:\/\/sandzakpress.net\/arhiva\/wp-content\/uploads\/2017\/02\/20170215_2_21864484_18919280.jpg\" \/>\n\t<meta property=\"og:image:width\" content=\"770\" \/>\n\t<meta property=\"og:image:height\" content=\"433\" \/>\n\t<meta property=\"og:image:type\" content=\"image\/jpeg\" \/>\n<meta name=\"author\" content=\"Agencija\" \/>\n<meta name=\"twitter:card\" content=\"summary_large_image\" \/>\n<meta name=\"twitter:label1\" content=\"Written by\" \/>\n\t<meta name=\"twitter:data1\" content=\"Agencija\" \/>\n\t<meta name=\"twitter:label2\" content=\"Est. reading time\" \/>\n\t<meta name=\"twitter:data2\" content=\"2 minute\" \/>\n<script type=\"application\/ld+json\" class=\"yoast-schema-graph\">{\"@context\":\"https:\/\/schema.org\",\"@graph\":[{\"@type\":\"Article\",\"@id\":\"https:\/\/sandzakpress.net\/arhiva\/skupstina-crne-gore-ukinula-imunitet-mandicu-i-knezevicu\/#article\",\"isPartOf\":{\"@id\":\"https:\/\/sandzakpress.net\/arhiva\/skupstina-crne-gore-ukinula-imunitet-mandicu-i-knezevicu\/\"},\"author\":{\"name\":\"Agencija\",\"@id\":\"https:\/\/sandzakpress.net\/arhiva\/#\/schema\/person\/cb59d7e3ab91ab90dd680ad0305a6185\"},\"headline\":\"Skup\u0161tina Crne Gore ukinula imunitet Mandi\u0107u i Kne\u017eevi\u0107u\",\"datePublished\":\"2017-02-15T13:02:25+00:00\",\"dateModified\":\"2017-02-15T13:03:45+00:00\",\"mainEntityOfPage\":{\"@id\":\"https:\/\/sandzakpress.net\/arhiva\/skupstina-crne-gore-ukinula-imunitet-mandicu-i-knezevicu\/\"},\"wordCount\":487,\"commentCount\":2,\"publisher\":{\"@id\":\"https:\/\/sandzakpress.net\/arhiva\/#\/schema\/person\/6e72b67d6e51910a1117b3b483ba20bd\"},\"image\":{\"@id\":\"https:\/\/sandzakpress.net\/arhiva\/skupstina-crne-gore-ukinula-imunitet-mandicu-i-knezevicu\/#primaryimage\"},\"thumbnailUrl\":\"https:\/\/sandzakpress.net\/arhiva\/wp-content\/uploads\/2017\/02\/20170215_2_21864484_18919280.jpg\",\"articleSection\":[\"Ro\u017eaje\",\"Politika\",\"Berane\",\"Petnjica\",\"Crna Gora\",\"Bijelo Polje\",\"Pljevlja\",\"Plav\",\"Gusinje\",\"VA\u017dNO!\"],\"inLanguage\":\"bs-BA\",\"potentialAction\":[{\"@type\":\"CommentAction\",\"name\":\"Comment\",\"target\":[\"https:\/\/sandzakpress.net\/arhiva\/skupstina-crne-gore-ukinula-imunitet-mandicu-i-knezevicu\/#respond\"]}]},{\"@type\":\"WebPage\",\"@id\":\"https:\/\/sandzakpress.net\/arhiva\/skupstina-crne-gore-ukinula-imunitet-mandicu-i-knezevicu\/\",\"url\":\"https:\/\/sandzakpress.net\/arhiva\/skupstina-crne-gore-ukinula-imunitet-mandicu-i-knezevicu\/\",\"name\":\"Skup\u0161tina Crne Gore ukinula imunitet Mandi\u0107u i Kne\u017eevi\u0107u\",\"isPartOf\":{\"@id\":\"https:\/\/sandzakpress.net\/arhiva\/#website\"},\"primaryImageOfPage\":{\"@id\":\"https:\/\/sandzakpress.net\/arhiva\/skupstina-crne-gore-ukinula-imunitet-mandicu-i-knezevicu\/#primaryimage\"},\"image\":{\"@id\":\"https:\/\/sandzakpress.net\/arhiva\/skupstina-crne-gore-ukinula-imunitet-mandicu-i-knezevicu\/#primaryimage\"},\"thumbnailUrl\":\"https:\/\/sandzakpress.net\/arhiva\/wp-content\/uploads\/2017\/02\/20170215_2_21864484_18919280.jpg\",\"datePublished\":\"2017-02-15T13:02:25+00:00\",\"dateModified\":\"2017-02-15T13:03:45+00:00\",\"breadcrumb\":{\"@id\":\"https:\/\/sandzakpress.net\/arhiva\/skupstina-crne-gore-ukinula-imunitet-mandicu-i-knezevicu\/#breadcrumb\"},\"inLanguage\":\"bs-BA\",\"potentialAction\":[{\"@type\":\"ReadAction\",\"target\":[\"https:\/\/sandzakpress.net\/arhiva\/skupstina-crne-gore-ukinula-imunitet-mandicu-i-knezevicu\/\"]}]},{\"@type\":\"ImageObject\",\"inLanguage\":\"bs-BA\",\"@id\":\"https:\/\/sandzakpress.net\/arhiva\/skupstina-crne-gore-ukinula-imunitet-mandicu-i-knezevicu\/#primaryimage\",\"url\":\"https:\/\/sandzakpress.net\/arhiva\/wp-content\/uploads\/2017\/02\/20170215_2_21864484_18919280.jpg\",\"contentUrl\":\"https:\/\/sandzakpress.net\/arhiva\/wp-content\/uploads\/2017\/02\/20170215_2_21864484_18919280.jpg\",\"width\":770,\"height\":433},{\"@type\":\"BreadcrumbList\",\"@id\":\"https:\/\/sandzakpress.net\/arhiva\/skupstina-crne-gore-ukinula-imunitet-mandicu-i-knezevicu\/#breadcrumb\",\"itemListElement\":[{\"@type\":\"ListItem\",\"position\":1,\"name\":\"Home\",\"item\":\"https:\/\/sandzakpress.net\/arhiva\/\"},{\"@type\":\"ListItem\",\"position\":2,\"name\":\"Skup\u0161tina Crne Gore ukinula imunitet Mandi\u0107u i Kne\u017eevi\u0107u\"}]},{\"@type\":\"WebSite\",\"@id\":\"https:\/\/sandzakpress.net\/arhiva\/#website\",\"url\":\"https:\/\/sandzakpress.net\/arhiva\/\",\"name\":\"Sand\u017eak PRESS\",\"description\":\"Prve elektronske novine u Sand\u017eaku\",\"publisher\":{\"@id\":\"https:\/\/sandzakpress.net\/arhiva\/#\/schema\/person\/6e72b67d6e51910a1117b3b483ba20bd\"},\"potentialAction\":[{\"@type\":\"SearchAction\",\"target\":{\"@type\":\"EntryPoint\",\"urlTemplate\":\"https:\/\/sandzakpress.net\/arhiva\/?s={search_term_string}\"},\"query-input\":{\"@type\":\"PropertyValueSpecification\",\"valueRequired\":true,\"valueName\":\"search_term_string\"}}],\"inLanguage\":\"bs-BA\"},{\"@type\":[\"Person\",\"Organization\"],\"@id\":\"https:\/\/sandzakpress.net\/arhiva\/#\/schema\/person\/6e72b67d6e51910a1117b3b483ba20bd\",\"name\":\"Kul\",\"image\":{\"@type\":\"ImageObject\",\"inLanguage\":\"bs-BA\",\"@id\":\"https:\/\/sandzakpress.net\/arhiva\/#\/schema\/person\/image\/\",\"url\":\"https:\/\/secure.gravatar.com\/avatar\/42263f39aa27ac04c43cab85c280eb2e?s=96&d=mm&r=pg\",\"contentUrl\":\"https:\/\/secure.gravatar.com\/avatar\/42263f39aa27ac04c43cab85c280eb2e?s=96&d=mm&r=pg\",\"caption\":\"Kul\"},\"logo\":{\"@id\":\"https:\/\/sandzakpress.net\/arhiva\/#\/schema\/person\/image\/\"}},{\"@type\":\"Person\",\"@id\":\"https:\/\/sandzakpress.net\/arhiva\/#\/schema\/person\/cb59d7e3ab91ab90dd680ad0305a6185\",\"name\":\"Agencija\",\"image\":{\"@type\":\"ImageObject\",\"inLanguage\":\"bs-BA\",\"@id\":\"https:\/\/sandzakpress.net\/arhiva\/#\/schema\/person\/image\/\",\"url\":\"https:\/\/secure.gravatar.com\/avatar\/4b7fafa80a22f0c2afe23966b3961fe0?s=96&d=mm&r=pg\",\"contentUrl\":\"https:\/\/secure.gravatar.com\/avatar\/4b7fafa80a22f0c2afe23966b3961fe0?s=96&d=mm&r=pg\",\"caption\":\"Agencija\"},\"url\":\"https:\/\/sandzakpress.net\/arhiva\/author\/agencija\/\"}]}<\/script>\n<!-- \/ Yoast SEO Premium plugin. -->","yoast_head_json":{"title":"Skup\u0161tina Crne Gore ukinula imunitet Mandi\u0107u i Kne\u017eevi\u0107u","robots":{"index":"index","follow":"follow","max-snippet":"max-snippet:-1","max-image-preview":"max-image-preview:large","max-video-preview":"max-video-preview:-1"},"canonical":"https:\/\/sandzakpress.net\/arhiva\/skupstina-crne-gore-ukinula-imunitet-mandicu-i-knezevicu\/","og_locale":"bs_BA","og_type":"article","og_title":"Skup\u0161tina Crne Gore ukinula imunitet Mandi\u0107u i Kne\u017eevi\u0107u","og_description":"Glasovima svih zastupnika u Skup\u0161tini Crne Gore\u00a0u srijedu je ukinut zastupni\u010dki imunitet\u00a0Andriji Mandi\u0107u\u00a0i Milanu\u00a0Kne\u017eevi\u0107u, koje tu\u017eitelji sumnji\u010de za sudjelovanje u poku\u0161aju navodnog dr\u017eavnog udara. Time je omogu\u0107eno njihovo privo\u0111enje, \u0161to je, kako se vjeruje, plan Specijalnog dr\u017eavnog tu\u017eila\u0161tva. Prethodno im je imunitet skinuo\u00a0Administrativni odbor\u00a0Skup\u0161tine Crne Gore. Mandi\u0107 i Kne\u017eevi\u0107, zastupnici Demokratskog fronta, pod sumnjom su [&hellip;]","og_url":"https:\/\/sandzakpress.net\/arhiva\/skupstina-crne-gore-ukinula-imunitet-mandicu-i-knezevicu\/","og_site_name":"Sand\u017eak PRESS","article_published_time":"2017-02-15T13:02:25+00:00","article_modified_time":"2017-02-15T13:03:45+00:00","og_image":[{"width":770,"height":433,"url":"https:\/\/sandzakpress.net\/arhiva\/wp-content\/uploads\/2017\/02\/20170215_2_21864484_18919280.jpg","type":"image\/jpeg"}],"author":"Agencija","twitter_card":"summary_large_image","twitter_misc":{"Written by":"Agencija","Est. reading time":"2 minute"},"schema":{"@context":"https:\/\/schema.org","@graph":[{"@type":"Article","@id":"https:\/\/sandzakpress.net\/arhiva\/skupstina-crne-gore-ukinula-imunitet-mandicu-i-knezevicu\/#article","isPartOf":{"@id":"https:\/\/sandzakpress.net\/arhiva\/skupstina-crne-gore-ukinula-imunitet-mandicu-i-knezevicu\/"},"author":{"name":"Agencija","@id":"https:\/\/sandzakpress.net\/arhiva\/#\/schema\/person\/cb59d7e3ab91ab90dd680ad0305a6185"},"headline":"Skup\u0161tina Crne Gore ukinula imunitet Mandi\u0107u i Kne\u017eevi\u0107u","datePublished":"2017-02-15T13:02:25+00:00","dateModified":"2017-02-15T13:03:45+00:00","mainEntityOfPage":{"@id":"https:\/\/sandzakpress.net\/arhiva\/skupstina-crne-gore-ukinula-imunitet-mandicu-i-knezevicu\/"},"wordCount":487,"commentCount":2,"publisher":{"@id":"https:\/\/sandzakpress.net\/arhiva\/#\/schema\/person\/6e72b67d6e51910a1117b3b483ba20bd"},"image":{"@id":"https:\/\/sandzakpress.net\/arhiva\/skupstina-crne-gore-ukinula-imunitet-mandicu-i-knezevicu\/#primaryimage"},"thumbnailUrl":"https:\/\/sandzakpress.net\/arhiva\/wp-content\/uploads\/2017\/02\/20170215_2_21864484_18919280.jpg","articleSection":["Ro\u017eaje","Politika","Berane","Petnjica","Crna Gora","Bijelo Polje","Pljevlja","Plav","Gusinje","VA\u017dNO!"],"inLanguage":"bs-BA","potentialAction":[{"@type":"CommentAction","name":"Comment","target":["https:\/\/sandzakpress.net\/arhiva\/skupstina-crne-gore-ukinula-imunitet-mandicu-i-knezevicu\/#respond"]}]},{"@type":"WebPage","@id":"https:\/\/sandzakpress.net\/arhiva\/skupstina-crne-gore-ukinula-imunitet-mandicu-i-knezevicu\/","url":"https:\/\/sandzakpress.net\/arhiva\/skupstina-crne-gore-ukinula-imunitet-mandicu-i-knezevicu\/","name":"Skup\u0161tina Crne Gore ukinula imunitet Mandi\u0107u i Kne\u017eevi\u0107u","isPartOf":{"@id":"https:\/\/sandzakpress.net\/arhiva\/#website"},"primaryImageOfPage":{"@id":"https:\/\/sandzakpress.net\/arhiva\/skupstina-crne-gore-ukinula-imunitet-mandicu-i-knezevicu\/#primaryimage"},"image":{"@id":"https:\/\/sandzakpress.net\/arhiva\/skupstina-crne-gore-ukinula-imunitet-mandicu-i-knezevicu\/#primaryimage"},"thumbnailUrl":"https:\/\/sandzakpress.net\/arhiva\/wp-content\/uploads\/2017\/02\/20170215_2_21864484_18919280.jpg","datePublished":"2017-02-15T13:02:25+00:00","dateModified":"2017-02-15T13:03:45+00:00","breadcrumb":{"@id":"https:\/\/sandzakpress.net\/arhiva\/skupstina-crne-gore-ukinula-imunitet-mandicu-i-knezevicu\/#breadcrumb"},"inLanguage":"bs-BA","potentialAction":[{"@type":"ReadAction","target":["https:\/\/sandzakpress.net\/arhiva\/skupstina-crne-gore-ukinula-imunitet-mandicu-i-knezevicu\/"]}]},{"@type":"ImageObject","inLanguage":"bs-BA","@id":"https:\/\/sandzakpress.net\/arhiva\/skupstina-crne-gore-ukinula-imunitet-mandicu-i-knezevicu\/#primaryimage","url":"https:\/\/sandzakpress.net\/arhiva\/wp-content\/uploads\/2017\/02\/20170215_2_21864484_18919280.jpg","contentUrl":"https:\/\/sandzakpress.net\/arhiva\/wp-content\/uploads\/2017\/02\/20170215_2_21864484_18919280.jpg","width":770,"height":433},{"@type":"BreadcrumbList","@id":"https:\/\/sandzakpress.net\/arhiva\/skupstina-crne-gore-ukinula-imunitet-mandicu-i-knezevicu\/#breadcrumb","itemListElement":[{"@type":"ListItem","position":1,"name":"Home","item":"https:\/\/sandzakpress.net\/arhiva\/"},{"@type":"ListItem","position":2,"name":"Skup\u0161tina Crne Gore ukinula imunitet Mandi\u0107u i Kne\u017eevi\u0107u"}]},{"@type":"WebSite","@id":"https:\/\/sandzakpress.net\/arhiva\/#website","url":"https:\/\/sandzakpress.net\/arhiva\/","name":"Sand\u017eak PRESS","description":"Prve elektronske novine u Sand\u017eaku","publisher":{"@id":"https:\/\/sandzakpress.net\/arhiva\/#\/schema\/person\/6e72b67d6e51910a1117b3b483ba20bd"},"potentialAction":[{"@type":"SearchAction","target":{"@type":"EntryPoint","urlTemplate":"https:\/\/sandzakpress.net\/arhiva\/?s={search_term_string}"},"query-input":{"@type":"PropertyValueSpecification","valueRequired":true,"valueName":"search_term_string"}}],"inLanguage":"bs-BA"},{"@type":["Person","Organization"],"@id":"https:\/\/sandzakpress.net\/arhiva\/#\/schema\/person\/6e72b67d6e51910a1117b3b483ba20bd","name":"Kul","image":{"@type":"ImageObject","inLanguage":"bs-BA","@id":"https:\/\/sandzakpress.net\/arhiva\/#\/schema\/person\/image\/","url":"https:\/\/secure.gravatar.com\/avatar\/42263f39aa27ac04c43cab85c280eb2e?s=96&d=mm&r=pg","contentUrl":"https:\/\/secure.gravatar.com\/avatar\/42263f39aa27ac04c43cab85c280eb2e?s=96&d=mm&r=pg","caption":"Kul"},"logo":{"@id":"https:\/\/sandzakpress.net\/arhiva\/#\/schema\/person\/image\/"}},{"@type":"Person","@id":"https:\/\/sandzakpress.net\/arhiva\/#\/schema\/person\/cb59d7e3ab91ab90dd680ad0305a6185","name":"Agencija","image":{"@type":"ImageObject","inLanguage":"bs-BA","@id":"https:\/\/sandzakpress.net\/arhiva\/#\/schema\/person\/image\/","url":"https:\/\/secure.gravatar.com\/avatar\/4b7fafa80a22f0c2afe23966b3961fe0?s=96&d=mm&r=pg","contentUrl":"https:\/\/secure.gravatar.com\/avatar\/4b7fafa80a22f0c2afe23966b3961fe0?s=96&d=mm&r=pg","caption":"Agencija"},"url":"https:\/\/sandzakpress.net\/arhiva\/author\/agencija\/"}]}},"_links":{"self":[{"href":"https:\/\/sandzakpress.net\/arhiva\/wp-json\/wp\/v2\/posts\/179771"}],"collection":[{"href":"https:\/\/sandzakpress.net\/arhiva\/wp-json\/wp\/v2\/posts"}],"about":[{"href":"https:\/\/sandzakpress.net\/arhiva\/wp-json\/wp\/v2\/types\/post"}],"author":[{"embeddable":true,"href":"https:\/\/sandzakpress.net\/arhiva\/wp-json\/wp\/v2\/users\/509"}],"replies":[{"embeddable":true,"href":"https:\/\/sandzakpress.net\/arhiva\/wp-json\/wp\/v2\/comments?post=179771"}],"version-history":[{"count":0,"href":"https:\/\/sandzakpress.net\/arhiva\/wp-json\/wp\/v2\/posts\/179771\/revisions"}],"wp:featuredmedia":[{"embeddable":true,"href":"https:\/\/sandzakpress.net\/arhiva\/wp-json\/wp\/v2\/media\/179772"}],"wp:attachment":[{"href":"https:\/\/sandzakpress.net\/arhiva\/wp-json\/wp\/v2\/media?parent=179771"}],"wp:term":[{"taxonomy":"category","embeddable":true,"href":"https:\/\/sandzakpress.net\/arhiva\/wp-json\/wp\/v2\/categories?post=179771"},{"taxonomy":"post_tag","embeddable":true,"href":"https:\/\/sandzakpress.net\/arhiva\/wp-json\/wp\/v2\/tags?post=179771"}],"curies":[{"name":"wp","href":"https:\/\/api.w.org\/{rel}","templated":true}]}}