{"id":179593,"date":"2017-02-13T22:11:05","date_gmt":"2017-02-13T21:11:05","guid":{"rendered":"https:\/\/sandzakpress.net\/arhiva\/?p=179593"},"modified":"2017-02-13T22:11:05","modified_gmt":"2017-02-13T21:11:05","slug":"bs-smjenjuje-muhovica-zbog-kritike-njegosa","status":"publish","type":"post","link":"https:\/\/sandzakpress.net\/arhiva\/bs-smjenjuje-muhovica-zbog-kritike-njegosa\/","title":{"rendered":"BS smjenjuje Muhovi\u0107a zbog kritike Njego\u0161a"},"content":{"rendered":"<p><img loading=\"lazy\" decoding=\"async\" class=\"\" src=\"http:\/\/www.sandzacke.rs\/wp-content\/uploads\/2016\/11\/bosnjacka-stranka-1-660x330.jpg\" width=\"758\" height=\"379\" \/><\/p>\n<p><strong>CG &#8211; Funkcioner Bo\u0161nja\u010dke stranke Adnan Muhovi\u0107 \u0107e ostati bez funkcije predsjednika Skup\u0161tine op\u0161tine Petnjica, ali ne\u0107e biti isklju\u010den iz partije. Prema saznanjima \u201eDana\u201d, Muhovi\u0107 i predsjednik Op\u0161tine Plav Orhan \u0160ahmanovi\u0107 \u0107e tokom ove sedmice na sjednicama Glavnog odbora i Predsjedni\u0161tva zbog kr\u0161enja Statuta stranke dobiti opomene pred isklju\u010denje.<\/strong><\/p>\n<p>Adnan Muhovi\u0107 je u sukob sa politikom vrha stranke do\u0161ao nakon \u0161to je nedavno ponovio negativne stavove o Njego\u0161u kojeg je nazvao genocidnim pjesnikom i najve\u0107im krvnikom islama. On je uvredljivo govorio i o Crnogorcima, tvrde\u0107i da su mala nacija ,jer ih ima manje nego Bo\u0161njaka u Tuzlanskom kantonu\u201d. Lider BS-a Rafet Husovi\u0107 javno se ogradio od ovakvih stavova i izvinio se gra\u0111anima \u010dija su osje\u0107anja povrije\u0111ena neprimjerenim izjavama, pi\u0161e Dan.<\/p>\n<p>Odbornici DPS-a, SD-a i SDP-a, njih 19 od ukupno 31 koliko ih ima u petnji\u010dkom lokalnom parlamentu, pokrenuli su inicijativu za Muhovi\u0107evu smjenu. Nagla\u0161avaju da gra\u0111ani Petnjice ne \u017eele podjele. Smatraju da je zbog toga neophodno da se onemogu\u0107i svako dalje djelovanje Muhovi\u0107a sa pozicije predsjednika Skup\u0161tine op\u0161tine Petnjica ,jer je izjavama bacio ljagu na \u010ditav Bihor, na njegove gra\u0111ane i na sve Bo\u0161njake\u201d.<\/p>\n<p>Prema nezvani\u010dnim saznanjima \u201eDana\u201d, rukovodstvo BS-a odlu\u010dilo je da ne pravi problem oko Muhovi\u0107eve smjene, ali ga za nepo\u0161tovanje Statuta ne\u0107e isklju\u010diti iz partije ve\u0107 \u0107e dobiti opomenu pred isklju\u010denje.<\/p>\n<p>Drugi funkcioner o \u010dijoj \u0107e odgovornosti za kr\u0161enje Statuta raspravljati najvi\u0161i organi BS-a je Orhan \u0160ahmanovi\u0107. Dio partijskih kolegajavno mu je zamjerio \u0161to je nedavno putovao u \u010ce\u010deniju zajedno sa liderima Demokratskog fronta Andrijom Mandi\u0107em i Milanom Kne\u017eevi\u0107em. Tako je predsjednik plavskog BS-a Abidin Musi\u0107 saop\u0161tio da \u0160ahmanovi\u0107evim postupcima treba da se pozabavi predsjedni\u0161tvo partije. Musi\u0107 je naglasio da u OO BS-a nijesu bili upoznati sa planovima predsjednika plavske op\u0161tine da bude \u010dlan delegacije Demokratskog fronta u zvani\u010dnoj posjeti \u010ce\u010deniji.<\/p>\n<p>Predsjednik BS-a Rafet Husovi\u0107 ranije je saop\u0161tio da ta partija nije imala nikakav zvani\u010dan kontakt oko posjete Orhana \u0160ahmanovi\u0107a \u010ce\u010deniji, niti je na bilo koji na\u010din u\u010destvovala u aran\u017emanu koji uklju\u010duje odlazak predsjednika Op\u0161tine Plav u tu zemlju. Napomenuo je da BS nijednom pojedincu ne mo\u017ee osporiti pravo da samoinicijativno putuje u aran\u017emanima kreiranim prema vlastitom naho\u0111enju.<\/p>\n<p><span class=\"meta-source\">Izvor: Dan<\/span><\/p>\n","protected":false},"excerpt":{"rendered":"<p>CG &#8211; Funkcioner Bo\u0161nja\u010dke stranke Adnan Muhovi\u0107 \u0107e ostati bez funkcije predsjednika Skup\u0161tine op\u0161tine Petnjica, ali ne\u0107e biti isklju\u010den iz partije. Prema saznanjima \u201eDana\u201d, Muhovi\u0107 i predsjednik Op\u0161tine Plav Orhan \u0160ahmanovi\u0107 \u0107e tokom ove sedmice na sjednicama Glavnog odbora i Predsjedni\u0161tva zbog kr\u0161enja Statuta stranke dobiti opomene pred isklju\u010denje. Adnan Muhovi\u0107 je u sukob sa [&hellip;]<\/p>\n","protected":false},"author":509,"featured_media":179594,"comment_status":"open","ping_status":"open","sticky":false,"template":"","format":"standard","meta":{"footnotes":""},"categories":[398,1,397,10174,396,10308,395,399,10173,8957,798],"tags":[],"class_list":{"0":"post-179593","1":"post","2":"type-post","3":"status-publish","4":"format-standard","5":"has-post-thumbnail","7":"category-rozaje","8":"category-politika","9":"category-berane","10":"category-petnjica-vase-vijesti","11":"category-bijelo_polje","12":"category-crna-gora","13":"category-pljevlja_","14":"category-plav_","15":"category-gusinje-vase-vijesti","16":"category-vijesti-dana","17":"category-teme"},"yoast_head":"<!-- This site is optimized with the Yoast SEO Premium plugin v23.1 (Yoast SEO v24.9) - https:\/\/yoast.com\/wordpress\/plugins\/seo\/ -->\n<title>BS smjenjuje Muhovi\u0107a zbog kritike Njego\u0161a<\/title>\n<meta name=\"robots\" content=\"index, follow, max-snippet:-1, max-image-preview:large, max-video-preview:-1\" \/>\n<link rel=\"canonical\" href=\"https:\/\/sandzakpress.net\/arhiva\/bs-smjenjuje-muhovica-zbog-kritike-njegosa\/\" \/>\n<meta property=\"og:locale\" content=\"bs_BA\" \/>\n<meta property=\"og:type\" content=\"article\" \/>\n<meta property=\"og:title\" content=\"BS smjenjuje Muhovi\u0107a zbog kritike Njego\u0161a\" \/>\n<meta property=\"og:description\" content=\"CG &#8211; Funkcioner Bo\u0161nja\u010dke stranke Adnan Muhovi\u0107 \u0107e ostati bez funkcije predsjednika Skup\u0161tine op\u0161tine Petnjica, ali ne\u0107e biti isklju\u010den iz partije. Prema saznanjima \u201eDana\u201d, Muhovi\u0107 i predsjednik Op\u0161tine Plav Orhan \u0160ahmanovi\u0107 \u0107e tokom ove sedmice na sjednicama Glavnog odbora i Predsjedni\u0161tva zbog kr\u0161enja Statuta stranke dobiti opomene pred isklju\u010denje. Adnan Muhovi\u0107 je u sukob sa [&hellip;]\" \/>\n<meta property=\"og:url\" content=\"https:\/\/sandzakpress.net\/arhiva\/bs-smjenjuje-muhovica-zbog-kritike-njegosa\/\" \/>\n<meta property=\"og:site_name\" content=\"Sand\u017eak PRESS\" \/>\n<meta property=\"article:published_time\" content=\"2017-02-13T21:11:05+00:00\" \/>\n<meta property=\"og:image\" content=\"https:\/\/sandzakpress.net\/arhiva\/wp-content\/uploads\/2017\/02\/bosnjacka-stranka-1-660x330.jpg\" \/>\n\t<meta property=\"og:image:width\" content=\"660\" \/>\n\t<meta property=\"og:image:height\" content=\"330\" \/>\n\t<meta property=\"og:image:type\" content=\"image\/jpeg\" \/>\n<meta name=\"author\" content=\"Agencija\" \/>\n<meta name=\"twitter:card\" content=\"summary_large_image\" \/>\n<meta name=\"twitter:label1\" content=\"Written by\" \/>\n\t<meta name=\"twitter:data1\" content=\"Agencija\" \/>\n\t<meta name=\"twitter:label2\" content=\"Est. reading time\" \/>\n\t<meta name=\"twitter:data2\" content=\"2 minute\" \/>\n<script type=\"application\/ld+json\" class=\"yoast-schema-graph\">{\"@context\":\"https:\/\/schema.org\",\"@graph\":[{\"@type\":\"Article\",\"@id\":\"https:\/\/sandzakpress.net\/arhiva\/bs-smjenjuje-muhovica-zbog-kritike-njegosa\/#article\",\"isPartOf\":{\"@id\":\"https:\/\/sandzakpress.net\/arhiva\/bs-smjenjuje-muhovica-zbog-kritike-njegosa\/\"},\"author\":{\"name\":\"Agencija\",\"@id\":\"https:\/\/sandzakpress.net\/arhiva\/#\/schema\/person\/cb59d7e3ab91ab90dd680ad0305a6185\"},\"headline\":\"BS smjenjuje Muhovi\u0107a zbog kritike Njego\u0161a\",\"datePublished\":\"2017-02-13T21:11:05+00:00\",\"mainEntityOfPage\":{\"@id\":\"https:\/\/sandzakpress.net\/arhiva\/bs-smjenjuje-muhovica-zbog-kritike-njegosa\/\"},\"wordCount\":419,\"commentCount\":16,\"publisher\":{\"@id\":\"https:\/\/sandzakpress.net\/arhiva\/#\/schema\/person\/6e72b67d6e51910a1117b3b483ba20bd\"},\"image\":{\"@id\":\"https:\/\/sandzakpress.net\/arhiva\/bs-smjenjuje-muhovica-zbog-kritike-njegosa\/#primaryimage\"},\"thumbnailUrl\":\"https:\/\/sandzakpress.net\/arhiva\/wp-content\/uploads\/2017\/02\/bosnjacka-stranka-1-660x330.jpg\",\"articleSection\":[\"Ro\u017eaje\",\"Politika\",\"Berane\",\"Petnjica\",\"Bijelo Polje\",\"Crna Gora\",\"Pljevlja\",\"Plav\",\"Gusinje\",\"VIJESTI DANA\",\"NAJNOVIJE\"],\"inLanguage\":\"bs-BA\",\"potentialAction\":[{\"@type\":\"CommentAction\",\"name\":\"Comment\",\"target\":[\"https:\/\/sandzakpress.net\/arhiva\/bs-smjenjuje-muhovica-zbog-kritike-njegosa\/#respond\"]}]},{\"@type\":\"WebPage\",\"@id\":\"https:\/\/sandzakpress.net\/arhiva\/bs-smjenjuje-muhovica-zbog-kritike-njegosa\/\",\"url\":\"https:\/\/sandzakpress.net\/arhiva\/bs-smjenjuje-muhovica-zbog-kritike-njegosa\/\",\"name\":\"BS smjenjuje Muhovi\u0107a zbog kritike Njego\u0161a\",\"isPartOf\":{\"@id\":\"https:\/\/sandzakpress.net\/arhiva\/#website\"},\"primaryImageOfPage\":{\"@id\":\"https:\/\/sandzakpress.net\/arhiva\/bs-smjenjuje-muhovica-zbog-kritike-njegosa\/#primaryimage\"},\"image\":{\"@id\":\"https:\/\/sandzakpress.net\/arhiva\/bs-smjenjuje-muhovica-zbog-kritike-njegosa\/#primaryimage\"},\"thumbnailUrl\":\"https:\/\/sandzakpress.net\/arhiva\/wp-content\/uploads\/2017\/02\/bosnjacka-stranka-1-660x330.jpg\",\"datePublished\":\"2017-02-13T21:11:05+00:00\",\"breadcrumb\":{\"@id\":\"https:\/\/sandzakpress.net\/arhiva\/bs-smjenjuje-muhovica-zbog-kritike-njegosa\/#breadcrumb\"},\"inLanguage\":\"bs-BA\",\"potentialAction\":[{\"@type\":\"ReadAction\",\"target\":[\"https:\/\/sandzakpress.net\/arhiva\/bs-smjenjuje-muhovica-zbog-kritike-njegosa\/\"]}]},{\"@type\":\"ImageObject\",\"inLanguage\":\"bs-BA\",\"@id\":\"https:\/\/sandzakpress.net\/arhiva\/bs-smjenjuje-muhovica-zbog-kritike-njegosa\/#primaryimage\",\"url\":\"https:\/\/sandzakpress.net\/arhiva\/wp-content\/uploads\/2017\/02\/bosnjacka-stranka-1-660x330.jpg\",\"contentUrl\":\"https:\/\/sandzakpress.net\/arhiva\/wp-content\/uploads\/2017\/02\/bosnjacka-stranka-1-660x330.jpg\",\"width\":660,\"height\":330},{\"@type\":\"BreadcrumbList\",\"@id\":\"https:\/\/sandzakpress.net\/arhiva\/bs-smjenjuje-muhovica-zbog-kritike-njegosa\/#breadcrumb\",\"itemListElement\":[{\"@type\":\"ListItem\",\"position\":1,\"name\":\"Home\",\"item\":\"https:\/\/sandzakpress.net\/arhiva\/\"},{\"@type\":\"ListItem\",\"position\":2,\"name\":\"BS smjenjuje Muhovi\u0107a zbog kritike Njego\u0161a\"}]},{\"@type\":\"WebSite\",\"@id\":\"https:\/\/sandzakpress.net\/arhiva\/#website\",\"url\":\"https:\/\/sandzakpress.net\/arhiva\/\",\"name\":\"Sand\u017eak PRESS\",\"description\":\"Prve elektronske novine u Sand\u017eaku\",\"publisher\":{\"@id\":\"https:\/\/sandzakpress.net\/arhiva\/#\/schema\/person\/6e72b67d6e51910a1117b3b483ba20bd\"},\"potentialAction\":[{\"@type\":\"SearchAction\",\"target\":{\"@type\":\"EntryPoint\",\"urlTemplate\":\"https:\/\/sandzakpress.net\/arhiva\/?s={search_term_string}\"},\"query-input\":{\"@type\":\"PropertyValueSpecification\",\"valueRequired\":true,\"valueName\":\"search_term_string\"}}],\"inLanguage\":\"bs-BA\"},{\"@type\":[\"Person\",\"Organization\"],\"@id\":\"https:\/\/sandzakpress.net\/arhiva\/#\/schema\/person\/6e72b67d6e51910a1117b3b483ba20bd\",\"name\":\"Kul\",\"image\":{\"@type\":\"ImageObject\",\"inLanguage\":\"bs-BA\",\"@id\":\"https:\/\/sandzakpress.net\/arhiva\/#\/schema\/person\/image\/\",\"url\":\"https:\/\/secure.gravatar.com\/avatar\/42263f39aa27ac04c43cab85c280eb2e?s=96&d=mm&r=pg\",\"contentUrl\":\"https:\/\/secure.gravatar.com\/avatar\/42263f39aa27ac04c43cab85c280eb2e?s=96&d=mm&r=pg\",\"caption\":\"Kul\"},\"logo\":{\"@id\":\"https:\/\/sandzakpress.net\/arhiva\/#\/schema\/person\/image\/\"}},{\"@type\":\"Person\",\"@id\":\"https:\/\/sandzakpress.net\/arhiva\/#\/schema\/person\/cb59d7e3ab91ab90dd680ad0305a6185\",\"name\":\"Agencija\",\"image\":{\"@type\":\"ImageObject\",\"inLanguage\":\"bs-BA\",\"@id\":\"https:\/\/sandzakpress.net\/arhiva\/#\/schema\/person\/image\/\",\"url\":\"https:\/\/secure.gravatar.com\/avatar\/4b7fafa80a22f0c2afe23966b3961fe0?s=96&d=mm&r=pg\",\"contentUrl\":\"https:\/\/secure.gravatar.com\/avatar\/4b7fafa80a22f0c2afe23966b3961fe0?s=96&d=mm&r=pg\",\"caption\":\"Agencija\"},\"url\":\"https:\/\/sandzakpress.net\/arhiva\/author\/agencija\/\"}]}<\/script>\n<!-- \/ Yoast SEO Premium plugin. -->","yoast_head_json":{"title":"BS smjenjuje Muhovi\u0107a zbog kritike Njego\u0161a","robots":{"index":"index","follow":"follow","max-snippet":"max-snippet:-1","max-image-preview":"max-image-preview:large","max-video-preview":"max-video-preview:-1"},"canonical":"https:\/\/sandzakpress.net\/arhiva\/bs-smjenjuje-muhovica-zbog-kritike-njegosa\/","og_locale":"bs_BA","og_type":"article","og_title":"BS smjenjuje Muhovi\u0107a zbog kritike Njego\u0161a","og_description":"CG &#8211; Funkcioner Bo\u0161nja\u010dke stranke Adnan Muhovi\u0107 \u0107e ostati bez funkcije predsjednika Skup\u0161tine op\u0161tine Petnjica, ali ne\u0107e biti isklju\u010den iz partije. Prema saznanjima \u201eDana\u201d, Muhovi\u0107 i predsjednik Op\u0161tine Plav Orhan \u0160ahmanovi\u0107 \u0107e tokom ove sedmice na sjednicama Glavnog odbora i Predsjedni\u0161tva zbog kr\u0161enja Statuta stranke dobiti opomene pred isklju\u010denje. Adnan Muhovi\u0107 je u sukob sa [&hellip;]","og_url":"https:\/\/sandzakpress.net\/arhiva\/bs-smjenjuje-muhovica-zbog-kritike-njegosa\/","og_site_name":"Sand\u017eak PRESS","article_published_time":"2017-02-13T21:11:05+00:00","og_image":[{"width":660,"height":330,"url":"https:\/\/sandzakpress.net\/arhiva\/wp-content\/uploads\/2017\/02\/bosnjacka-stranka-1-660x330.jpg","type":"image\/jpeg"}],"author":"Agencija","twitter_card":"summary_large_image","twitter_misc":{"Written by":"Agencija","Est. reading time":"2 minute"},"schema":{"@context":"https:\/\/schema.org","@graph":[{"@type":"Article","@id":"https:\/\/sandzakpress.net\/arhiva\/bs-smjenjuje-muhovica-zbog-kritike-njegosa\/#article","isPartOf":{"@id":"https:\/\/sandzakpress.net\/arhiva\/bs-smjenjuje-muhovica-zbog-kritike-njegosa\/"},"author":{"name":"Agencija","@id":"https:\/\/sandzakpress.net\/arhiva\/#\/schema\/person\/cb59d7e3ab91ab90dd680ad0305a6185"},"headline":"BS smjenjuje Muhovi\u0107a zbog kritike Njego\u0161a","datePublished":"2017-02-13T21:11:05+00:00","mainEntityOfPage":{"@id":"https:\/\/sandzakpress.net\/arhiva\/bs-smjenjuje-muhovica-zbog-kritike-njegosa\/"},"wordCount":419,"commentCount":16,"publisher":{"@id":"https:\/\/sandzakpress.net\/arhiva\/#\/schema\/person\/6e72b67d6e51910a1117b3b483ba20bd"},"image":{"@id":"https:\/\/sandzakpress.net\/arhiva\/bs-smjenjuje-muhovica-zbog-kritike-njegosa\/#primaryimage"},"thumbnailUrl":"https:\/\/sandzakpress.net\/arhiva\/wp-content\/uploads\/2017\/02\/bosnjacka-stranka-1-660x330.jpg","articleSection":["Ro\u017eaje","Politika","Berane","Petnjica","Bijelo Polje","Crna Gora","Pljevlja","Plav","Gusinje","VIJESTI DANA","NAJNOVIJE"],"inLanguage":"bs-BA","potentialAction":[{"@type":"CommentAction","name":"Comment","target":["https:\/\/sandzakpress.net\/arhiva\/bs-smjenjuje-muhovica-zbog-kritike-njegosa\/#respond"]}]},{"@type":"WebPage","@id":"https:\/\/sandzakpress.net\/arhiva\/bs-smjenjuje-muhovica-zbog-kritike-njegosa\/","url":"https:\/\/sandzakpress.net\/arhiva\/bs-smjenjuje-muhovica-zbog-kritike-njegosa\/","name":"BS smjenjuje Muhovi\u0107a zbog kritike Njego\u0161a","isPartOf":{"@id":"https:\/\/sandzakpress.net\/arhiva\/#website"},"primaryImageOfPage":{"@id":"https:\/\/sandzakpress.net\/arhiva\/bs-smjenjuje-muhovica-zbog-kritike-njegosa\/#primaryimage"},"image":{"@id":"https:\/\/sandzakpress.net\/arhiva\/bs-smjenjuje-muhovica-zbog-kritike-njegosa\/#primaryimage"},"thumbnailUrl":"https:\/\/sandzakpress.net\/arhiva\/wp-content\/uploads\/2017\/02\/bosnjacka-stranka-1-660x330.jpg","datePublished":"2017-02-13T21:11:05+00:00","breadcrumb":{"@id":"https:\/\/sandzakpress.net\/arhiva\/bs-smjenjuje-muhovica-zbog-kritike-njegosa\/#breadcrumb"},"inLanguage":"bs-BA","potentialAction":[{"@type":"ReadAction","target":["https:\/\/sandzakpress.net\/arhiva\/bs-smjenjuje-muhovica-zbog-kritike-njegosa\/"]}]},{"@type":"ImageObject","inLanguage":"bs-BA","@id":"https:\/\/sandzakpress.net\/arhiva\/bs-smjenjuje-muhovica-zbog-kritike-njegosa\/#primaryimage","url":"https:\/\/sandzakpress.net\/arhiva\/wp-content\/uploads\/2017\/02\/bosnjacka-stranka-1-660x330.jpg","contentUrl":"https:\/\/sandzakpress.net\/arhiva\/wp-content\/uploads\/2017\/02\/bosnjacka-stranka-1-660x330.jpg","width":660,"height":330},{"@type":"BreadcrumbList","@id":"https:\/\/sandzakpress.net\/arhiva\/bs-smjenjuje-muhovica-zbog-kritike-njegosa\/#breadcrumb","itemListElement":[{"@type":"ListItem","position":1,"name":"Home","item":"https:\/\/sandzakpress.net\/arhiva\/"},{"@type":"ListItem","position":2,"name":"BS smjenjuje Muhovi\u0107a zbog kritike Njego\u0161a"}]},{"@type":"WebSite","@id":"https:\/\/sandzakpress.net\/arhiva\/#website","url":"https:\/\/sandzakpress.net\/arhiva\/","name":"Sand\u017eak PRESS","description":"Prve elektronske novine u Sand\u017eaku","publisher":{"@id":"https:\/\/sandzakpress.net\/arhiva\/#\/schema\/person\/6e72b67d6e51910a1117b3b483ba20bd"},"potentialAction":[{"@type":"SearchAction","target":{"@type":"EntryPoint","urlTemplate":"https:\/\/sandzakpress.net\/arhiva\/?s={search_term_string}"},"query-input":{"@type":"PropertyValueSpecification","valueRequired":true,"valueName":"search_term_string"}}],"inLanguage":"bs-BA"},{"@type":["Person","Organization"],"@id":"https:\/\/sandzakpress.net\/arhiva\/#\/schema\/person\/6e72b67d6e51910a1117b3b483ba20bd","name":"Kul","image":{"@type":"ImageObject","inLanguage":"bs-BA","@id":"https:\/\/sandzakpress.net\/arhiva\/#\/schema\/person\/image\/","url":"https:\/\/secure.gravatar.com\/avatar\/42263f39aa27ac04c43cab85c280eb2e?s=96&d=mm&r=pg","contentUrl":"https:\/\/secure.gravatar.com\/avatar\/42263f39aa27ac04c43cab85c280eb2e?s=96&d=mm&r=pg","caption":"Kul"},"logo":{"@id":"https:\/\/sandzakpress.net\/arhiva\/#\/schema\/person\/image\/"}},{"@type":"Person","@id":"https:\/\/sandzakpress.net\/arhiva\/#\/schema\/person\/cb59d7e3ab91ab90dd680ad0305a6185","name":"Agencija","image":{"@type":"ImageObject","inLanguage":"bs-BA","@id":"https:\/\/sandzakpress.net\/arhiva\/#\/schema\/person\/image\/","url":"https:\/\/secure.gravatar.com\/avatar\/4b7fafa80a22f0c2afe23966b3961fe0?s=96&d=mm&r=pg","contentUrl":"https:\/\/secure.gravatar.com\/avatar\/4b7fafa80a22f0c2afe23966b3961fe0?s=96&d=mm&r=pg","caption":"Agencija"},"url":"https:\/\/sandzakpress.net\/arhiva\/author\/agencija\/"}]}},"_links":{"self":[{"href":"https:\/\/sandzakpress.net\/arhiva\/wp-json\/wp\/v2\/posts\/179593"}],"collection":[{"href":"https:\/\/sandzakpress.net\/arhiva\/wp-json\/wp\/v2\/posts"}],"about":[{"href":"https:\/\/sandzakpress.net\/arhiva\/wp-json\/wp\/v2\/types\/post"}],"author":[{"embeddable":true,"href":"https:\/\/sandzakpress.net\/arhiva\/wp-json\/wp\/v2\/users\/509"}],"replies":[{"embeddable":true,"href":"https:\/\/sandzakpress.net\/arhiva\/wp-json\/wp\/v2\/comments?post=179593"}],"version-history":[{"count":0,"href":"https:\/\/sandzakpress.net\/arhiva\/wp-json\/wp\/v2\/posts\/179593\/revisions"}],"wp:featuredmedia":[{"embeddable":true,"href":"https:\/\/sandzakpress.net\/arhiva\/wp-json\/wp\/v2\/media\/179594"}],"wp:attachment":[{"href":"https:\/\/sandzakpress.net\/arhiva\/wp-json\/wp\/v2\/media?parent=179593"}],"wp:term":[{"taxonomy":"category","embeddable":true,"href":"https:\/\/sandzakpress.net\/arhiva\/wp-json\/wp\/v2\/categories?post=179593"},{"taxonomy":"post_tag","embeddable":true,"href":"https:\/\/sandzakpress.net\/arhiva\/wp-json\/wp\/v2\/tags?post=179593"}],"curies":[{"name":"wp","href":"https:\/\/api.w.org\/{rel}","templated":true}]}}