{"id":179441,"date":"2017-02-11T22:43:40","date_gmt":"2017-02-11T21:43:40","guid":{"rendered":"https:\/\/sandzakpress.net\/arhiva\/?p=179441"},"modified":"2017-02-11T22:44:09","modified_gmt":"2017-02-11T21:44:09","slug":"bdz-fejzic-ne-krije-prezir-prema-nama","status":"publish","type":"post","link":"https:\/\/sandzakpress.net\/arhiva\/bdz-fejzic-ne-krije-prezir-prema-nama\/","title":{"rendered":"BDZ CG: Fejzi\u0107 ne krije prezir prema nama"},"content":{"rendered":"<p><img loading=\"lazy\" decoding=\"async\" class=\"alignnone size-full wp-image-179442\" src=\"https:\/\/sandzakpress.net\/arhiva\/wp-content\/uploads\/2017\/02\/Untitled-1.jpg\" alt=\"Untitled-1\" width=\"800\" height=\"348\" srcset=\"https:\/\/sandzakpress.net\/arhiva\/wp-content\/uploads\/2017\/02\/Untitled-1.jpg 800w, https:\/\/sandzakpress.net\/arhiva\/wp-content\/uploads\/2017\/02\/Untitled-1-768x334.jpg 768w, https:\/\/sandzakpress.net\/arhiva\/wp-content\/uploads\/2017\/02\/Untitled-1-616x268.jpg 616w\" sizes=\"(max-width: 800px) 100vw, 800px\" \/><\/p>\n<p><strong>Reis-efendija Rifate Fejzi\u0107u,<\/strong><\/p>\n<p><strong>Ne mo\u017eemo vas, na\u017ealost, jo\u0161 uvijek osloviti sa \u201euva\u017eeni\u201c jer va\u017enost i uva\u017eavanje kod ljudi se sti\u010de ne samo funkcijom koju neko obna\u0161a ve\u0107 prije svega plemenitim osobinama, razumijevanjem, brigom, ljubavlju&#8230; <\/strong><\/p>\n<p>Na\u017ealost, mladi, ali i cijelo \u010dlanstvo, simpatizeri i glasa\u010di BDZ-a su sa va\u0161e strane, u va\u0161em javnom diskursu, smje\u0161teni u neku \u201eminornu\u201c politi\u010dku grupaciju na koju vi neskriveno sa prezirom gledate. Takav odnos ste bezbroj puta do sada pokazali, i posljednjim va\u0161im istupom u intervjuu datom prvom kanalu nacionalne televizije, kada ste nas prepoznali nekim \u201estranim krilom iz inostranstva\u201c, aludiraju\u0107i na, za nas, uva\u017eenog gospodina Muamera Zukorli\u0107a kojeg uporno poku\u0161avate omalova\u017eiti rije\u010dima neprimjerenim za nekoga koji bi shodno dru\u0161tvenom polo\u017eaju morao pokazati osobine prije svega vjerski obrazovanog i pristojno odgojenog \u010dovjeka.<\/p>\n<p>Na\u0161i politi\u010dki stavovi vjerovatno nisu postavljeni u politi\u010dkoj ravni koju vi podr\u017eavate i nisu u skladu sa va\u0161im ili vrijednosnim matricama va\u0161ih prijatelja i politi\u010dkih partnera. Ako se zala\u017eete za demokratiju, a vidjeli smo da podr\u017eavate politi\u010dki pluralizam, na\u0161e politi\u010dke razlike nebi smjele biti razlogom za neprimjereni jezik mr\u017enje i netolerancije koji ve\u0107 du\u017ee vremena upu\u0107ujete na na\u0161u adresu. Mi naravno znamo, \u0161ta je to \u0161to vas posebno iritira u vezi sa nama, i u tom smislu \u017eelimo vam pomo\u0107i, pru\u017eaju\u0107i vam neka dodatna poja\u0161njenja. <\/p>\n<p>Islamsku zajednicu u CG vidimo, kao \u0161to pi\u0161e u na\u0161oj politi\u010dkoj platformi, \u010dlanicom Rijaseta Islamske zajednice sa sjedi\u0161tem u Sarajevu, na isti na\u010din kako je to rije\u0161eno u slu\u010daju Islamske zajednice u Srbiji i Hrvatskoj.<\/p>\n<p>Specifi\u010dnost bi bila samo u tome \u0161to bi Islamska zajednica u Srbiji i Islamska zajednica u Crnoj gori imale jedno zajedni\u010dko muftijstvo, a to je Sand\u017ea\u010dko. Pored ponovnog uspostavljanja historijskog prava na jedinstvo muslimana Sand\u017eaka, na taj na\u010din bi bio rije\u0161en i paradoks koji se muslimanima iz Crne Gore de\u0161ava u slu\u010daju kada se odsele u neku od evropskih zemalja, te se prirodno uklju\u010de u bo\u0161nja\u010dke d\u017eemate koji su pod jurisdikcijom Islamske zajednice sa sjedi\u0161tem u Sarajevu, i time su\u0161tinski gube funkcionalnu vezu sa svojom mati\u010dnom vjerskom organizacijom u Crnoj Gori. Ovaj problem dvojnosti, prizna\u0107ete, nemaju muslimani iz Srbije niti muslimani iz Hrvatske. <\/p>\n<p>Upozoravali smo vas da je Sporazum koji ste u ime islamske zajednice u Crnoj Gori potpisali sa tada\u0161njim premijerom Luk\u0161i\u0107em, u tom smislu vrlo \u0161tetan, jer Bo\u0161njake Crne Gore organizaciono izdvaja iz vjerskog korpusa kojem su do tada prirodno pripadali. O drugim \u0161tetnostima ovog Sporazuma ovog puta ne\u0107emo govoriti osim isticanja jo\u0161 i \u010dinjenice da je rije\u010d o jednom dokumentu suprotnom principima ustava Crne Gore ali i ustava same Islamske zajednice, kao i me\u0111unarodnim dokumentima koji reguli\u0161u ljudska prava i slobode. Govorili ste da je ovim Sporazumom priznat Islam u Crnoj Gori, a mi vas pitamo \u0161ta \u0107e se desiti kada jednog dana ovaj dokument bude povu\u010den ili suspendovan zbog neustavnosti i neuskla\u0111enosti sa me\u0111unarodnim dokumentima koje je ratifikovala i Crna Gora.<\/p>\n<p>Primijetili smo da se \u010desto javno pitate kome pripadaju te \u201eopasne \u0161kole\u201c u Ju\u017enom Sand\u017eaku. Prema na\u0161im informacijama pripadaju narodu, a administrativno Sand\u017ea\u010dkom muftijstvu i Rijasetu IZ u BiH sa sjedi\u0161tem u Sarajevu. Podsjetit \u0107emo vas, kao i \u0161iru javnost, da je Muftijstvo Sand\u017eaka prema \u010dlanu 1. Ustava Rijaseta IZ BiH, pod jurisdikcijom ovog Rijaseta. Kako to pitanje ne postavite reis-ul-ulemi Kavazovi\u0107u kada se sretnete sa njim? Za\u0161to on \u201eproizvodi teroriste\u201c pod okriljem institucija Rijaseta? Mi, naravno, znamo taj odgovor, jer u takve pri\u010de vi\u0161e niko ne vjeruje, pa ni u Crnoj Gori. <\/p>\n<p>Da li znate koliko neosnovano sumnji\u010denje i pau\u0161alna inkriminacija i etiketiranje ljudi, nanosi \u0161tetu svim muslimanima u Crnoj Gori. Zar nije i previ\u0161e uru\u0161enih porodi\u010dnih i me\u0111uljudskih odnosa prouzrokovanih upravo takvim pona\u0161anjem? Islamofobiju \u010desto pokre\u0107u etikete a etikete su sastavni dio islamofobije koju i sami svjedo\u010dite. <\/p>\n<p>Mi zaista ne razumijemo razloge da \u010dovjeku koji se poziva na mir i toleranciju smeta to \u0161to ljudi iz sela Orlja i Zete ho\u0107e da se pomire ? O\u010dekujemo od \u010dovjeka koji nosi ahmediju da podr\u017ei inicijative kojima ljudi, zajednice, narodi, te\u017ee i rade na pomirenju, kako bi u miru bolje \u017eivjeli, bez mr\u017enje, zlo\u010dina i krvi. Za\u0161to mislite da samo Beograd i Sarajevo imaju eksluzivu na projektu pomirenja? Zar nema pametnih i zdravih ljudi i u Orlju i u Zeti, i u Cazinu, i u Trebinju, Kraljevu, Pljevljima, Niksicu&#8230; na kraju krajeva i Baloti\u0107ima &#8211; ro\u017eajskom selu koje je dalo brojnu ulemu. Mi znamo da ima, i zato pozivamo sve ljude na mir, na uspostavu sistema pravde i pravnog poretka, na o\u010duvanju obraza, \u010dasti i po\u0161tenja.<\/p>\n<p>Morali biste kona\u010dno prihvatiti kao realnost i \u010dinjenicu da BDZ ima gra\u0111ansku, proevropsku orijentaciju iako nas vi uporno poku\u0161avate smjestiti pod neki vama \u201eneposlu\u0161ni d\u017eemat\u201c. Na\u0161e civilizacijsko pravo jeste da preferiramo vrijednosti za koje vjerujemo da su u potpunom skladu sa potrebama \u010dovjeka, i to \u010dovjeka bilo koje vjere, zato smo i potpuno otvoreni za saradnju sa svim ljudima koji su za mir i pomirenje me\u0111u ljudima i narodima.<\/p>\n<p><strong>Forum mladih BDZ u CG<\/strong><\/p>\n","protected":false},"excerpt":{"rendered":"<p>Reis-efendija Rifate Fejzi\u0107u, Ne mo\u017eemo vas, na\u017ealost, jo\u0161 uvijek osloviti sa \u201euva\u017eeni\u201c jer va\u017enost i uva\u017eavanje kod ljudi se sti\u010de ne samo funkcijom koju neko obna\u0161a ve\u0107 prije svega plemenitim osobinama, razumijevanjem, brigom, ljubavlju&#8230; Na\u017ealost, mladi, ali i cijelo \u010dlanstvo, simpatizeri i glasa\u010di BDZ-a su sa va\u0161e strane, u va\u0161em javnom diskursu, smje\u0161teni u neku [&hellip;]<\/p>\n","protected":false},"author":509,"featured_media":179442,"comment_status":"open","ping_status":"open","sticky":false,"template":"","format":"standard","meta":{"footnotes":""},"categories":[398,1,397,10504,10174,396,395,399,10173,798],"tags":[],"class_list":{"0":"post-179441","1":"post","2":"type-post","3":"status-publish","4":"format-standard","5":"has-post-thumbnail","7":"category-rozaje","8":"category-politika","9":"category-berane","10":"category-juzni-sandzak-sandzak-2","11":"category-petnjica-vase-vijesti","12":"category-bijelo_polje","13":"category-pljevlja_","14":"category-plav_","15":"category-gusinje-vase-vijesti","16":"category-teme"},"yoast_head":"<!-- This site is optimized with the Yoast SEO Premium plugin v23.1 (Yoast SEO v24.9) - https:\/\/yoast.com\/wordpress\/plugins\/seo\/ -->\n<title>BDZ CG: Fejzi\u0107 ne krije prezir prema nama<\/title>\n<meta name=\"robots\" content=\"index, follow, max-snippet:-1, max-image-preview:large, max-video-preview:-1\" \/>\n<link rel=\"canonical\" href=\"https:\/\/sandzakpress.net\/arhiva\/bdz-fejzic-ne-krije-prezir-prema-nama\/\" \/>\n<meta property=\"og:locale\" content=\"bs_BA\" \/>\n<meta property=\"og:type\" content=\"article\" \/>\n<meta property=\"og:title\" content=\"BDZ CG: Fejzi\u0107 ne krije prezir prema nama\" \/>\n<meta property=\"og:description\" content=\"Reis-efendija Rifate Fejzi\u0107u, Ne mo\u017eemo vas, na\u017ealost, jo\u0161 uvijek osloviti sa \u201euva\u017eeni\u201c jer va\u017enost i uva\u017eavanje kod ljudi se sti\u010de ne samo funkcijom koju neko obna\u0161a ve\u0107 prije svega plemenitim osobinama, razumijevanjem, brigom, ljubavlju&#8230; Na\u017ealost, mladi, ali i cijelo \u010dlanstvo, simpatizeri i glasa\u010di BDZ-a su sa va\u0161e strane, u va\u0161em javnom diskursu, smje\u0161teni u neku [&hellip;]\" \/>\n<meta property=\"og:url\" content=\"https:\/\/sandzakpress.net\/arhiva\/bdz-fejzic-ne-krije-prezir-prema-nama\/\" \/>\n<meta property=\"og:site_name\" content=\"Sand\u017eak PRESS\" \/>\n<meta property=\"article:published_time\" content=\"2017-02-11T21:43:40+00:00\" \/>\n<meta property=\"article:modified_time\" content=\"2017-02-11T21:44:09+00:00\" \/>\n<meta property=\"og:image\" content=\"https:\/\/sandzakpress.net\/arhiva\/wp-content\/uploads\/2017\/02\/Untitled-1.jpg\" \/>\n\t<meta property=\"og:image:width\" content=\"800\" \/>\n\t<meta property=\"og:image:height\" content=\"348\" \/>\n\t<meta property=\"og:image:type\" content=\"image\/jpeg\" \/>\n<meta name=\"author\" content=\"Agencija\" \/>\n<meta name=\"twitter:card\" content=\"summary_large_image\" \/>\n<meta name=\"twitter:label1\" content=\"Written by\" \/>\n\t<meta name=\"twitter:data1\" content=\"Agencija\" \/>\n\t<meta name=\"twitter:label2\" content=\"Est. reading time\" \/>\n\t<meta name=\"twitter:data2\" content=\"5 minuta\" \/>\n<script type=\"application\/ld+json\" class=\"yoast-schema-graph\">{\"@context\":\"https:\/\/schema.org\",\"@graph\":[{\"@type\":\"Article\",\"@id\":\"https:\/\/sandzakpress.net\/arhiva\/bdz-fejzic-ne-krije-prezir-prema-nama\/#article\",\"isPartOf\":{\"@id\":\"https:\/\/sandzakpress.net\/arhiva\/bdz-fejzic-ne-krije-prezir-prema-nama\/\"},\"author\":{\"name\":\"Agencija\",\"@id\":\"https:\/\/sandzakpress.net\/arhiva\/#\/schema\/person\/cb59d7e3ab91ab90dd680ad0305a6185\"},\"headline\":\"BDZ CG: Fejzi\u0107 ne krije prezir prema nama\",\"datePublished\":\"2017-02-11T21:43:40+00:00\",\"dateModified\":\"2017-02-11T21:44:09+00:00\",\"mainEntityOfPage\":{\"@id\":\"https:\/\/sandzakpress.net\/arhiva\/bdz-fejzic-ne-krije-prezir-prema-nama\/\"},\"wordCount\":931,\"commentCount\":2,\"publisher\":{\"@id\":\"https:\/\/sandzakpress.net\/arhiva\/#\/schema\/person\/6e72b67d6e51910a1117b3b483ba20bd\"},\"image\":{\"@id\":\"https:\/\/sandzakpress.net\/arhiva\/bdz-fejzic-ne-krije-prezir-prema-nama\/#primaryimage\"},\"thumbnailUrl\":\"https:\/\/sandzakpress.net\/arhiva\/wp-content\/uploads\/2017\/02\/Untitled-1.jpg\",\"articleSection\":[\"Ro\u017eaje\",\"Politika\",\"Berane\",\"Ju\u017eni Sand\u017eak\",\"Petnjica\",\"Bijelo Polje\",\"Pljevlja\",\"Plav\",\"Gusinje\",\"NAJNOVIJE\"],\"inLanguage\":\"bs-BA\",\"potentialAction\":[{\"@type\":\"CommentAction\",\"name\":\"Comment\",\"target\":[\"https:\/\/sandzakpress.net\/arhiva\/bdz-fejzic-ne-krije-prezir-prema-nama\/#respond\"]}]},{\"@type\":\"WebPage\",\"@id\":\"https:\/\/sandzakpress.net\/arhiva\/bdz-fejzic-ne-krije-prezir-prema-nama\/\",\"url\":\"https:\/\/sandzakpress.net\/arhiva\/bdz-fejzic-ne-krije-prezir-prema-nama\/\",\"name\":\"BDZ CG: Fejzi\u0107 ne krije prezir prema nama\",\"isPartOf\":{\"@id\":\"https:\/\/sandzakpress.net\/arhiva\/#website\"},\"primaryImageOfPage\":{\"@id\":\"https:\/\/sandzakpress.net\/arhiva\/bdz-fejzic-ne-krije-prezir-prema-nama\/#primaryimage\"},\"image\":{\"@id\":\"https:\/\/sandzakpress.net\/arhiva\/bdz-fejzic-ne-krije-prezir-prema-nama\/#primaryimage\"},\"thumbnailUrl\":\"https:\/\/sandzakpress.net\/arhiva\/wp-content\/uploads\/2017\/02\/Untitled-1.jpg\",\"datePublished\":\"2017-02-11T21:43:40+00:00\",\"dateModified\":\"2017-02-11T21:44:09+00:00\",\"breadcrumb\":{\"@id\":\"https:\/\/sandzakpress.net\/arhiva\/bdz-fejzic-ne-krije-prezir-prema-nama\/#breadcrumb\"},\"inLanguage\":\"bs-BA\",\"potentialAction\":[{\"@type\":\"ReadAction\",\"target\":[\"https:\/\/sandzakpress.net\/arhiva\/bdz-fejzic-ne-krije-prezir-prema-nama\/\"]}]},{\"@type\":\"ImageObject\",\"inLanguage\":\"bs-BA\",\"@id\":\"https:\/\/sandzakpress.net\/arhiva\/bdz-fejzic-ne-krije-prezir-prema-nama\/#primaryimage\",\"url\":\"https:\/\/sandzakpress.net\/arhiva\/wp-content\/uploads\/2017\/02\/Untitled-1.jpg\",\"contentUrl\":\"https:\/\/sandzakpress.net\/arhiva\/wp-content\/uploads\/2017\/02\/Untitled-1.jpg\",\"width\":800,\"height\":348},{\"@type\":\"BreadcrumbList\",\"@id\":\"https:\/\/sandzakpress.net\/arhiva\/bdz-fejzic-ne-krije-prezir-prema-nama\/#breadcrumb\",\"itemListElement\":[{\"@type\":\"ListItem\",\"position\":1,\"name\":\"Home\",\"item\":\"https:\/\/sandzakpress.net\/arhiva\/\"},{\"@type\":\"ListItem\",\"position\":2,\"name\":\"BDZ CG: Fejzi\u0107 ne krije prezir prema nama\"}]},{\"@type\":\"WebSite\",\"@id\":\"https:\/\/sandzakpress.net\/arhiva\/#website\",\"url\":\"https:\/\/sandzakpress.net\/arhiva\/\",\"name\":\"Sand\u017eak PRESS\",\"description\":\"Prve elektronske novine u Sand\u017eaku\",\"publisher\":{\"@id\":\"https:\/\/sandzakpress.net\/arhiva\/#\/schema\/person\/6e72b67d6e51910a1117b3b483ba20bd\"},\"potentialAction\":[{\"@type\":\"SearchAction\",\"target\":{\"@type\":\"EntryPoint\",\"urlTemplate\":\"https:\/\/sandzakpress.net\/arhiva\/?s={search_term_string}\"},\"query-input\":{\"@type\":\"PropertyValueSpecification\",\"valueRequired\":true,\"valueName\":\"search_term_string\"}}],\"inLanguage\":\"bs-BA\"},{\"@type\":[\"Person\",\"Organization\"],\"@id\":\"https:\/\/sandzakpress.net\/arhiva\/#\/schema\/person\/6e72b67d6e51910a1117b3b483ba20bd\",\"name\":\"Kul\",\"image\":{\"@type\":\"ImageObject\",\"inLanguage\":\"bs-BA\",\"@id\":\"https:\/\/sandzakpress.net\/arhiva\/#\/schema\/person\/image\/\",\"url\":\"https:\/\/secure.gravatar.com\/avatar\/42263f39aa27ac04c43cab85c280eb2e?s=96&d=mm&r=pg\",\"contentUrl\":\"https:\/\/secure.gravatar.com\/avatar\/42263f39aa27ac04c43cab85c280eb2e?s=96&d=mm&r=pg\",\"caption\":\"Kul\"},\"logo\":{\"@id\":\"https:\/\/sandzakpress.net\/arhiva\/#\/schema\/person\/image\/\"}},{\"@type\":\"Person\",\"@id\":\"https:\/\/sandzakpress.net\/arhiva\/#\/schema\/person\/cb59d7e3ab91ab90dd680ad0305a6185\",\"name\":\"Agencija\",\"image\":{\"@type\":\"ImageObject\",\"inLanguage\":\"bs-BA\",\"@id\":\"https:\/\/sandzakpress.net\/arhiva\/#\/schema\/person\/image\/\",\"url\":\"https:\/\/secure.gravatar.com\/avatar\/4b7fafa80a22f0c2afe23966b3961fe0?s=96&d=mm&r=pg\",\"contentUrl\":\"https:\/\/secure.gravatar.com\/avatar\/4b7fafa80a22f0c2afe23966b3961fe0?s=96&d=mm&r=pg\",\"caption\":\"Agencija\"},\"url\":\"https:\/\/sandzakpress.net\/arhiva\/author\/agencija\/\"}]}<\/script>\n<!-- \/ Yoast SEO Premium plugin. -->","yoast_head_json":{"title":"BDZ CG: Fejzi\u0107 ne krije prezir prema nama","robots":{"index":"index","follow":"follow","max-snippet":"max-snippet:-1","max-image-preview":"max-image-preview:large","max-video-preview":"max-video-preview:-1"},"canonical":"https:\/\/sandzakpress.net\/arhiva\/bdz-fejzic-ne-krije-prezir-prema-nama\/","og_locale":"bs_BA","og_type":"article","og_title":"BDZ CG: Fejzi\u0107 ne krije prezir prema nama","og_description":"Reis-efendija Rifate Fejzi\u0107u, Ne mo\u017eemo vas, na\u017ealost, jo\u0161 uvijek osloviti sa \u201euva\u017eeni\u201c jer va\u017enost i uva\u017eavanje kod ljudi se sti\u010de ne samo funkcijom koju neko obna\u0161a ve\u0107 prije svega plemenitim osobinama, razumijevanjem, brigom, ljubavlju&#8230; Na\u017ealost, mladi, ali i cijelo \u010dlanstvo, simpatizeri i glasa\u010di BDZ-a su sa va\u0161e strane, u va\u0161em javnom diskursu, smje\u0161teni u neku [&hellip;]","og_url":"https:\/\/sandzakpress.net\/arhiva\/bdz-fejzic-ne-krije-prezir-prema-nama\/","og_site_name":"Sand\u017eak PRESS","article_published_time":"2017-02-11T21:43:40+00:00","article_modified_time":"2017-02-11T21:44:09+00:00","og_image":[{"width":800,"height":348,"url":"https:\/\/sandzakpress.net\/arhiva\/wp-content\/uploads\/2017\/02\/Untitled-1.jpg","type":"image\/jpeg"}],"author":"Agencija","twitter_card":"summary_large_image","twitter_misc":{"Written by":"Agencija","Est. reading time":"5 minuta"},"schema":{"@context":"https:\/\/schema.org","@graph":[{"@type":"Article","@id":"https:\/\/sandzakpress.net\/arhiva\/bdz-fejzic-ne-krije-prezir-prema-nama\/#article","isPartOf":{"@id":"https:\/\/sandzakpress.net\/arhiva\/bdz-fejzic-ne-krije-prezir-prema-nama\/"},"author":{"name":"Agencija","@id":"https:\/\/sandzakpress.net\/arhiva\/#\/schema\/person\/cb59d7e3ab91ab90dd680ad0305a6185"},"headline":"BDZ CG: Fejzi\u0107 ne krije prezir prema nama","datePublished":"2017-02-11T21:43:40+00:00","dateModified":"2017-02-11T21:44:09+00:00","mainEntityOfPage":{"@id":"https:\/\/sandzakpress.net\/arhiva\/bdz-fejzic-ne-krije-prezir-prema-nama\/"},"wordCount":931,"commentCount":2,"publisher":{"@id":"https:\/\/sandzakpress.net\/arhiva\/#\/schema\/person\/6e72b67d6e51910a1117b3b483ba20bd"},"image":{"@id":"https:\/\/sandzakpress.net\/arhiva\/bdz-fejzic-ne-krije-prezir-prema-nama\/#primaryimage"},"thumbnailUrl":"https:\/\/sandzakpress.net\/arhiva\/wp-content\/uploads\/2017\/02\/Untitled-1.jpg","articleSection":["Ro\u017eaje","Politika","Berane","Ju\u017eni Sand\u017eak","Petnjica","Bijelo Polje","Pljevlja","Plav","Gusinje","NAJNOVIJE"],"inLanguage":"bs-BA","potentialAction":[{"@type":"CommentAction","name":"Comment","target":["https:\/\/sandzakpress.net\/arhiva\/bdz-fejzic-ne-krije-prezir-prema-nama\/#respond"]}]},{"@type":"WebPage","@id":"https:\/\/sandzakpress.net\/arhiva\/bdz-fejzic-ne-krije-prezir-prema-nama\/","url":"https:\/\/sandzakpress.net\/arhiva\/bdz-fejzic-ne-krije-prezir-prema-nama\/","name":"BDZ CG: Fejzi\u0107 ne krije prezir prema nama","isPartOf":{"@id":"https:\/\/sandzakpress.net\/arhiva\/#website"},"primaryImageOfPage":{"@id":"https:\/\/sandzakpress.net\/arhiva\/bdz-fejzic-ne-krije-prezir-prema-nama\/#primaryimage"},"image":{"@id":"https:\/\/sandzakpress.net\/arhiva\/bdz-fejzic-ne-krije-prezir-prema-nama\/#primaryimage"},"thumbnailUrl":"https:\/\/sandzakpress.net\/arhiva\/wp-content\/uploads\/2017\/02\/Untitled-1.jpg","datePublished":"2017-02-11T21:43:40+00:00","dateModified":"2017-02-11T21:44:09+00:00","breadcrumb":{"@id":"https:\/\/sandzakpress.net\/arhiva\/bdz-fejzic-ne-krije-prezir-prema-nama\/#breadcrumb"},"inLanguage":"bs-BA","potentialAction":[{"@type":"ReadAction","target":["https:\/\/sandzakpress.net\/arhiva\/bdz-fejzic-ne-krije-prezir-prema-nama\/"]}]},{"@type":"ImageObject","inLanguage":"bs-BA","@id":"https:\/\/sandzakpress.net\/arhiva\/bdz-fejzic-ne-krije-prezir-prema-nama\/#primaryimage","url":"https:\/\/sandzakpress.net\/arhiva\/wp-content\/uploads\/2017\/02\/Untitled-1.jpg","contentUrl":"https:\/\/sandzakpress.net\/arhiva\/wp-content\/uploads\/2017\/02\/Untitled-1.jpg","width":800,"height":348},{"@type":"BreadcrumbList","@id":"https:\/\/sandzakpress.net\/arhiva\/bdz-fejzic-ne-krije-prezir-prema-nama\/#breadcrumb","itemListElement":[{"@type":"ListItem","position":1,"name":"Home","item":"https:\/\/sandzakpress.net\/arhiva\/"},{"@type":"ListItem","position":2,"name":"BDZ CG: Fejzi\u0107 ne krije prezir prema nama"}]},{"@type":"WebSite","@id":"https:\/\/sandzakpress.net\/arhiva\/#website","url":"https:\/\/sandzakpress.net\/arhiva\/","name":"Sand\u017eak PRESS","description":"Prve elektronske novine u Sand\u017eaku","publisher":{"@id":"https:\/\/sandzakpress.net\/arhiva\/#\/schema\/person\/6e72b67d6e51910a1117b3b483ba20bd"},"potentialAction":[{"@type":"SearchAction","target":{"@type":"EntryPoint","urlTemplate":"https:\/\/sandzakpress.net\/arhiva\/?s={search_term_string}"},"query-input":{"@type":"PropertyValueSpecification","valueRequired":true,"valueName":"search_term_string"}}],"inLanguage":"bs-BA"},{"@type":["Person","Organization"],"@id":"https:\/\/sandzakpress.net\/arhiva\/#\/schema\/person\/6e72b67d6e51910a1117b3b483ba20bd","name":"Kul","image":{"@type":"ImageObject","inLanguage":"bs-BA","@id":"https:\/\/sandzakpress.net\/arhiva\/#\/schema\/person\/image\/","url":"https:\/\/secure.gravatar.com\/avatar\/42263f39aa27ac04c43cab85c280eb2e?s=96&d=mm&r=pg","contentUrl":"https:\/\/secure.gravatar.com\/avatar\/42263f39aa27ac04c43cab85c280eb2e?s=96&d=mm&r=pg","caption":"Kul"},"logo":{"@id":"https:\/\/sandzakpress.net\/arhiva\/#\/schema\/person\/image\/"}},{"@type":"Person","@id":"https:\/\/sandzakpress.net\/arhiva\/#\/schema\/person\/cb59d7e3ab91ab90dd680ad0305a6185","name":"Agencija","image":{"@type":"ImageObject","inLanguage":"bs-BA","@id":"https:\/\/sandzakpress.net\/arhiva\/#\/schema\/person\/image\/","url":"https:\/\/secure.gravatar.com\/avatar\/4b7fafa80a22f0c2afe23966b3961fe0?s=96&d=mm&r=pg","contentUrl":"https:\/\/secure.gravatar.com\/avatar\/4b7fafa80a22f0c2afe23966b3961fe0?s=96&d=mm&r=pg","caption":"Agencija"},"url":"https:\/\/sandzakpress.net\/arhiva\/author\/agencija\/"}]}},"_links":{"self":[{"href":"https:\/\/sandzakpress.net\/arhiva\/wp-json\/wp\/v2\/posts\/179441"}],"collection":[{"href":"https:\/\/sandzakpress.net\/arhiva\/wp-json\/wp\/v2\/posts"}],"about":[{"href":"https:\/\/sandzakpress.net\/arhiva\/wp-json\/wp\/v2\/types\/post"}],"author":[{"embeddable":true,"href":"https:\/\/sandzakpress.net\/arhiva\/wp-json\/wp\/v2\/users\/509"}],"replies":[{"embeddable":true,"href":"https:\/\/sandzakpress.net\/arhiva\/wp-json\/wp\/v2\/comments?post=179441"}],"version-history":[{"count":0,"href":"https:\/\/sandzakpress.net\/arhiva\/wp-json\/wp\/v2\/posts\/179441\/revisions"}],"wp:featuredmedia":[{"embeddable":true,"href":"https:\/\/sandzakpress.net\/arhiva\/wp-json\/wp\/v2\/media\/179442"}],"wp:attachment":[{"href":"https:\/\/sandzakpress.net\/arhiva\/wp-json\/wp\/v2\/media?parent=179441"}],"wp:term":[{"taxonomy":"category","embeddable":true,"href":"https:\/\/sandzakpress.net\/arhiva\/wp-json\/wp\/v2\/categories?post=179441"},{"taxonomy":"post_tag","embeddable":true,"href":"https:\/\/sandzakpress.net\/arhiva\/wp-json\/wp\/v2\/tags?post=179441"}],"curies":[{"name":"wp","href":"https:\/\/api.w.org\/{rel}","templated":true}]}}