{"id":179393,"date":"2017-02-11T11:22:40","date_gmt":"2017-02-11T10:22:40","guid":{"rendered":"https:\/\/sandzakpress.net\/arhiva\/ruska-porodica-odlucila-zivjeti-u-sarajevu-i-u-rusiji-kazu-da-je-bih-srce-evrope"},"modified":"2017-02-11T11:22:40","modified_gmt":"2017-02-11T10:22:40","slug":"ruska-porodica-odlucila-zivjeti-u-sarajevu-i-u-rusiji-kazu-da-je-bih-srce-evrope","status":"publish","type":"post","link":"https:\/\/sandzakpress.net\/arhiva\/ruska-porodica-odlucila-zivjeti-u-sarajevu-i-u-rusiji-kazu-da-je-bih-srce-evrope\/","title":{"rendered":"Ruska porodica odlu\u010dila \u017eivjeti u Sarajevu: I u Rusiji ka\u017eu da je BiH srce Evrope"},"content":{"rendered":"<p><span class=\"cb-itemprop\"><\/p>\n<p><strong><img loading=\"lazy\" decoding=\"async\" class=\"\" src=\"http:\/\/www.faktor.ba\/bundles\/websitenews\/gallery\/news\/235336\/thumbs\/600_148665133316683442_1680631278896201_1957250788_n.jpg\" width=\"795\" height=\"530\" \/><\/strong><\/p>\n<p><strong>Sarajevo \u2013 Porijeklom iz daleke Rusije, porodica Mayye Kurbanove doselila je u Sarajevo u ljeto 2014. godine.<\/strong><\/p>\n<p>Odluku da se sa troje djece dosele u Bosnu i Hercegovinu donijeli su zajedno Mayya i njen mu\u017e Artem Avenessian. Na ovaj veliki korak u \u017eivotu utjecalo je i to kada je Mayya prvi put probala bosansku hranu i kada joj je ro\u0111ak, koji je boravio u Sarajevu, ispri\u010dao kakva je Bosna zemlja.<\/p>\n<p>\u2013 \u017deljeli smo da odgajamo djecu u prirodnom okru\u017eenju, da se hranimo zdravo, da zapo\u010dnemo neki posao, a sve te mogu\u0107nosti smo prepoznali ba\u0161 ovdje \u2013 prisje\u0107a se Kurbanova.<\/p>\n<p>\u017divjeli su i u Turskoj, te kratko u Makedoniji, Srbiji i Crnoj Gori, a svoju budu\u0107nost vide u Bosni i Hercegovini.<\/p>\n<p><strong>Okru\u017eeni prirodom<\/strong><\/p>\n<p>\u2013 U odnosu na Rusiju, koja je velika dr\u017eava, ovdje nam je zanimljivo da svuda mo\u017eemo sti\u0107i za par minuta hoda, pa \u010dak i do mora za samo nekoliko sati. Ljudi su ovdje tako srda\u010dni, otvoreni. A najva\u017enije nam je da smo okru\u017eeni prirodom \u2013 pri\u010da Kurbanova.<\/p>\n<p>Sada Mayya i Artem imaju \u010detvero djece. Prvo dvoje ro\u0111eno je u Moskvi, tre\u0107e u Istanbulu, a \u010detvrto u Sarajevu.<\/p>\n<p>\u2013 Mi smo jedna prava internacionalna porodica. Sada svi zajedno u\u010dimo bosanski jezik, a djeca poha\u0111aju osnovnu \u0161kolu. Nakon turskog, koji tako\u0111er govore, najdra\u017ei im je bosanski jezik. Turski je nje\u017ean jezik, a bosanski je tako pun lijepih rije\u010di. \u010cesto \u010dujem rije\u010di \u2018du\u0161o\u2019, \u2018draga\u2019,'mila\u2019. Mi ove izraze samo koristimo za posebno bliske osobe, a ovdje mi se \u017eene tako obra\u0107aju, to je divno \u2013 navodi sagovornica, dodaju\u0107i da je prvo kada je do\u0161la u Bosnu \u010dula izraz \u2018dobrodo\u0161li\u2019 i to je bila ljubav na prvi pogled.<\/p>\n<p>Mayya je po zanimanju dizajner interijera i odje\u0107e i PR menad\u017eer, a svoje znanje nastoji prenijeti na najmla\u0111e organiziraju\u0107i kurseve pravljenja igra\u010daka, slikanjem, te edukativnim igrama.<\/p>\n<p>\u2013 \u017delim da pokrenem vlastiti posao, bavit \u0107u se onim za \u0161to sam se \u0161kolovala, a u Sarajevu \u017eelim nastaviti posao koji sam zapo\u010dela u Moskvi. Cilj mi je da bosankama predstavim svoju liniju odje\u0107e, to je posebna moda, kvalitetni komadi odje\u0107e, kakve ove \u017eene zaslu\u017euju \u2013 poja\u0161njava.<\/p>\n<p>Ime Mayyinog mu\u017ea u BiH se spominje ve\u0107 du\u017ee vrijeme. Artem Avenessian je zastupnik poznate Juventusove akademije, koja je sa radom po\u010dela u oktobru pro\u0161le godine.<\/p>\n<p>\u2013 Bosanci imaju itekako talenta za fudbal. Drago nam je da mo\u017eemo pomo\u0107i djeci iz Bosne da napreduju. Juventus Academy je prva oficijelna \u0161kola fudbala kluba Juventus u BiH koja je usmjerena na pomaganje mladima da poduzmu svoje prve korake u svijetu fudbala. Sva djeca uzrasta od 5 do 17 godina sada imaju priliku trenirati fudbal sa vrhunskim trenerima koji \u0107e raditi kako na njihovoj tehnici i vje\u0161tini igranja, tako i na tome da im pru\u017ee lijepo dru\u017eenje i zabavu tokom svakog treninga. Mi \u017eelimo da damo svoj doprinos. Va\u017eno je da se radi ne\u0161to dobro za ljude \u2013 kazala je Kurbanova u razgovoru za Faktor.<\/p>\n<p><strong>U srcu Evrope<\/strong><\/p>\n<p>Ovaj bra\u010dni par isti\u010de da su veoma dobro prihva\u0107eni u bh. dru\u0161tvu, navode\u0107i da u Rusiji za BiH ka\u017eu da je srce Evrope.<\/p>\n<p>\u2013 Djeca tako\u0111er nisu imala nikada nikakvih problema u \u0161koli, idu na kurseve, dodatno se educiraju, a mi smo u potrazi za svojim savr\u0161enim domom \u2013 kazali su za Faktor.<\/p>\n<p>Isti\u010du kako se kod njih u ku\u0107i pravi samo doma\u0107a i zdrava hrana, ali da ipak ne mogu odoliti isku\u0161enju da pojedu \u0107evape koje svi previ\u0161e vole.<\/p>\n<p>\u2013 Bosna je bogata zemlja, sa tako bogatom historijom, sa puno kvaliteta. Bosanci su puni sabura, \u017eele da rade i da naprave dobro okru\u017eenje za svoju porodicu. Ipak moraju puno da u\u010de o sebi samima i da promovi\u0161u svoju zemlju \u2013 zaklju\u010duje Kurbanova.<\/p>\n<p><img decoding=\"async\" src=\"http:\/\/www.faktor.ba\/bundles\/websitenews\/gallery\/news\/235336\/thumbs\/600_148665137116593544_1680645892228073_1334438478_o.jpg\" \/><\/p>\n<p><img decoding=\"async\" src=\"http:\/\/www.faktor.ba\/bundles\/websitenews\/gallery\/news\/235336\/thumbs\/600_148665137216683331_1680632015562794_438097837_n.jpg\" \/><\/p>\n<p>(faktor.ba)<\/p>\n<p><\/span><br \/>\nPogledajte vijest na izvornom sajtu:<\/p>\n<p><a href=\"http:\/\/bosnapress.net\/ruska-porodica-odlucila-zivjeti-u-sarajevu-i-u-rusiji-kazu-da-je-bih-srce-evrope\/\" target=\"_blank\">Ruska porodica odlu\u010dila \u017eivjeti u Sarajevu: I u Rusiji ka\u017eu da je BiH srce Evrope<\/a><\/p>\n","protected":false},"excerpt":{"rendered":"<p>Sarajevo \u2013 Porijeklom iz daleke Rusije, porodica Mayye Kurbanove doselila je u Sarajevo u ljeto 2014. godine. Odluku da se sa troje djece dosele u Bosnu i Hercegovinu donijeli su zajedno Mayya i njen mu\u017e Artem Avenessian. Na ovaj veliki korak u \u017eivotu utjecalo je i to kada je Mayya prvi put probala bosansku hranu [&hellip;]<\/p>\n","protected":false},"author":83,"featured_media":179395,"comment_status":"open","ping_status":"open","sticky":false,"template":"","format":"standard","meta":{"footnotes":""},"categories":[10513],"tags":[10466],"class_list":{"0":"post-179393","1":"post","2":"type-post","3":"status-publish","4":"format-standard","5":"has-post-thumbnail","7":"category-bosna-press","8":"tag-bosna-i-hercegovina"},"yoast_head":"<!-- This site is optimized with the Yoast SEO Premium plugin v23.1 (Yoast SEO v24.9) - https:\/\/yoast.com\/wordpress\/plugins\/seo\/ -->\n<title>Ruska porodica odlu\u010dila \u017eivjeti u Sarajevu: I u Rusiji ka\u017eu da je BiH srce Evrope<\/title>\n<meta name=\"robots\" content=\"index, follow, max-snippet:-1, max-image-preview:large, max-video-preview:-1\" \/>\n<link rel=\"canonical\" href=\"https:\/\/sandzakpress.net\/arhiva\/ruska-porodica-odlucila-zivjeti-u-sarajevu-i-u-rusiji-kazu-da-je-bih-srce-evrope\/\" \/>\n<meta property=\"og:locale\" content=\"bs_BA\" \/>\n<meta property=\"og:type\" content=\"article\" \/>\n<meta property=\"og:title\" content=\"Ruska porodica odlu\u010dila \u017eivjeti u Sarajevu: I u Rusiji ka\u017eu da je BiH srce Evrope\" \/>\n<meta property=\"og:description\" content=\"Sarajevo \u2013 Porijeklom iz daleke Rusije, porodica Mayye Kurbanove doselila je u Sarajevo u ljeto 2014. godine. Odluku da se sa troje djece dosele u Bosnu i Hercegovinu donijeli su zajedno Mayya i njen mu\u017e Artem Avenessian. Na ovaj veliki korak u \u017eivotu utjecalo je i to kada je Mayya prvi put probala bosansku hranu [&hellip;]\" \/>\n<meta property=\"og:url\" content=\"https:\/\/sandzakpress.net\/arhiva\/ruska-porodica-odlucila-zivjeti-u-sarajevu-i-u-rusiji-kazu-da-je-bih-srce-evrope\/\" \/>\n<meta property=\"og:site_name\" content=\"Sand\u017eak PRESS\" \/>\n<meta property=\"article:published_time\" content=\"2017-02-11T10:22:40+00:00\" \/>\n<meta property=\"og:image\" content=\"https:\/\/sandzakpress.net\/arhiva\/wp-content\/uploads\/2017\/02\/600_148665133316683442_1680631278896201_1957250788_n-1.jpg\" \/>\n\t<meta property=\"og:image:width\" content=\"600\" \/>\n\t<meta property=\"og:image:height\" content=\"400\" \/>\n\t<meta property=\"og:image:type\" content=\"image\/jpeg\" \/>\n<meta name=\"author\" content=\"bosniak\" \/>\n<meta name=\"twitter:card\" content=\"summary_large_image\" \/>\n<meta name=\"twitter:label1\" content=\"Written by\" \/>\n\t<meta name=\"twitter:data1\" content=\"bosniak\" \/>\n\t<meta name=\"twitter:label2\" content=\"Est. reading time\" \/>\n\t<meta name=\"twitter:data2\" content=\"3 minute\" \/>\n<script type=\"application\/ld+json\" class=\"yoast-schema-graph\">{\"@context\":\"https:\/\/schema.org\",\"@graph\":[{\"@type\":\"Article\",\"@id\":\"https:\/\/sandzakpress.net\/arhiva\/ruska-porodica-odlucila-zivjeti-u-sarajevu-i-u-rusiji-kazu-da-je-bih-srce-evrope\/#article\",\"isPartOf\":{\"@id\":\"https:\/\/sandzakpress.net\/arhiva\/ruska-porodica-odlucila-zivjeti-u-sarajevu-i-u-rusiji-kazu-da-je-bih-srce-evrope\/\"},\"author\":{\"name\":\"bosniak\",\"@id\":\"https:\/\/sandzakpress.net\/arhiva\/#\/schema\/person\/c8baee722073534b583ea7bdb2e36c02\"},\"headline\":\"Ruska porodica odlu\u010dila \u017eivjeti u Sarajevu: I u Rusiji ka\u017eu da je BiH srce Evrope\",\"datePublished\":\"2017-02-11T10:22:40+00:00\",\"mainEntityOfPage\":{\"@id\":\"https:\/\/sandzakpress.net\/arhiva\/ruska-porodica-odlucila-zivjeti-u-sarajevu-i-u-rusiji-kazu-da-je-bih-srce-evrope\/\"},\"wordCount\":698,\"commentCount\":0,\"publisher\":{\"@id\":\"https:\/\/sandzakpress.net\/arhiva\/#\/schema\/person\/6e72b67d6e51910a1117b3b483ba20bd\"},\"image\":{\"@id\":\"https:\/\/sandzakpress.net\/arhiva\/ruska-porodica-odlucila-zivjeti-u-sarajevu-i-u-rusiji-kazu-da-je-bih-srce-evrope\/#primaryimage\"},\"thumbnailUrl\":\"https:\/\/sandzakpress.net\/arhiva\/wp-content\/uploads\/2017\/02\/600_148665133316683442_1680631278896201_1957250788_n-1.jpg\",\"keywords\":[\"Bosna i Hercegovina\"],\"articleSection\":[\"Bosna PRESS\"],\"inLanguage\":\"bs-BA\",\"potentialAction\":[{\"@type\":\"CommentAction\",\"name\":\"Comment\",\"target\":[\"https:\/\/sandzakpress.net\/arhiva\/ruska-porodica-odlucila-zivjeti-u-sarajevu-i-u-rusiji-kazu-da-je-bih-srce-evrope\/#respond\"]}]},{\"@type\":\"WebPage\",\"@id\":\"https:\/\/sandzakpress.net\/arhiva\/ruska-porodica-odlucila-zivjeti-u-sarajevu-i-u-rusiji-kazu-da-je-bih-srce-evrope\/\",\"url\":\"https:\/\/sandzakpress.net\/arhiva\/ruska-porodica-odlucila-zivjeti-u-sarajevu-i-u-rusiji-kazu-da-je-bih-srce-evrope\/\",\"name\":\"Ruska porodica odlu\u010dila \u017eivjeti u Sarajevu: I u Rusiji ka\u017eu da je BiH srce Evrope\",\"isPartOf\":{\"@id\":\"https:\/\/sandzakpress.net\/arhiva\/#website\"},\"primaryImageOfPage\":{\"@id\":\"https:\/\/sandzakpress.net\/arhiva\/ruska-porodica-odlucila-zivjeti-u-sarajevu-i-u-rusiji-kazu-da-je-bih-srce-evrope\/#primaryimage\"},\"image\":{\"@id\":\"https:\/\/sandzakpress.net\/arhiva\/ruska-porodica-odlucila-zivjeti-u-sarajevu-i-u-rusiji-kazu-da-je-bih-srce-evrope\/#primaryimage\"},\"thumbnailUrl\":\"https:\/\/sandzakpress.net\/arhiva\/wp-content\/uploads\/2017\/02\/600_148665133316683442_1680631278896201_1957250788_n-1.jpg\",\"datePublished\":\"2017-02-11T10:22:40+00:00\",\"breadcrumb\":{\"@id\":\"https:\/\/sandzakpress.net\/arhiva\/ruska-porodica-odlucila-zivjeti-u-sarajevu-i-u-rusiji-kazu-da-je-bih-srce-evrope\/#breadcrumb\"},\"inLanguage\":\"bs-BA\",\"potentialAction\":[{\"@type\":\"ReadAction\",\"target\":[\"https:\/\/sandzakpress.net\/arhiva\/ruska-porodica-odlucila-zivjeti-u-sarajevu-i-u-rusiji-kazu-da-je-bih-srce-evrope\/\"]}]},{\"@type\":\"ImageObject\",\"inLanguage\":\"bs-BA\",\"@id\":\"https:\/\/sandzakpress.net\/arhiva\/ruska-porodica-odlucila-zivjeti-u-sarajevu-i-u-rusiji-kazu-da-je-bih-srce-evrope\/#primaryimage\",\"url\":\"https:\/\/sandzakpress.net\/arhiva\/wp-content\/uploads\/2017\/02\/600_148665133316683442_1680631278896201_1957250788_n-1.jpg\",\"contentUrl\":\"https:\/\/sandzakpress.net\/arhiva\/wp-content\/uploads\/2017\/02\/600_148665133316683442_1680631278896201_1957250788_n-1.jpg\",\"width\":600,\"height\":400},{\"@type\":\"BreadcrumbList\",\"@id\":\"https:\/\/sandzakpress.net\/arhiva\/ruska-porodica-odlucila-zivjeti-u-sarajevu-i-u-rusiji-kazu-da-je-bih-srce-evrope\/#breadcrumb\",\"itemListElement\":[{\"@type\":\"ListItem\",\"position\":1,\"name\":\"Home\",\"item\":\"https:\/\/sandzakpress.net\/arhiva\/\"},{\"@type\":\"ListItem\",\"position\":2,\"name\":\"Ruska porodica odlu\u010dila \u017eivjeti u Sarajevu: I u Rusiji ka\u017eu da je BiH srce Evrope\"}]},{\"@type\":\"WebSite\",\"@id\":\"https:\/\/sandzakpress.net\/arhiva\/#website\",\"url\":\"https:\/\/sandzakpress.net\/arhiva\/\",\"name\":\"Sand\u017eak PRESS\",\"description\":\"Prve elektronske novine u Sand\u017eaku\",\"publisher\":{\"@id\":\"https:\/\/sandzakpress.net\/arhiva\/#\/schema\/person\/6e72b67d6e51910a1117b3b483ba20bd\"},\"potentialAction\":[{\"@type\":\"SearchAction\",\"target\":{\"@type\":\"EntryPoint\",\"urlTemplate\":\"https:\/\/sandzakpress.net\/arhiva\/?s={search_term_string}\"},\"query-input\":{\"@type\":\"PropertyValueSpecification\",\"valueRequired\":true,\"valueName\":\"search_term_string\"}}],\"inLanguage\":\"bs-BA\"},{\"@type\":[\"Person\",\"Organization\"],\"@id\":\"https:\/\/sandzakpress.net\/arhiva\/#\/schema\/person\/6e72b67d6e51910a1117b3b483ba20bd\",\"name\":\"Kul\",\"image\":{\"@type\":\"ImageObject\",\"inLanguage\":\"bs-BA\",\"@id\":\"https:\/\/sandzakpress.net\/arhiva\/#\/schema\/person\/image\/\",\"url\":\"https:\/\/secure.gravatar.com\/avatar\/42263f39aa27ac04c43cab85c280eb2e?s=96&d=mm&r=pg\",\"contentUrl\":\"https:\/\/secure.gravatar.com\/avatar\/42263f39aa27ac04c43cab85c280eb2e?s=96&d=mm&r=pg\",\"caption\":\"Kul\"},\"logo\":{\"@id\":\"https:\/\/sandzakpress.net\/arhiva\/#\/schema\/person\/image\/\"}},{\"@type\":\"Person\",\"@id\":\"https:\/\/sandzakpress.net\/arhiva\/#\/schema\/person\/c8baee722073534b583ea7bdb2e36c02\",\"name\":\"bosniak\",\"image\":{\"@type\":\"ImageObject\",\"inLanguage\":\"bs-BA\",\"@id\":\"https:\/\/sandzakpress.net\/arhiva\/#\/schema\/person\/image\/\",\"url\":\"https:\/\/secure.gravatar.com\/avatar\/a04fd330bfe3a36a72a0ad4a6d89fca7?s=96&d=mm&r=pg\",\"contentUrl\":\"https:\/\/secure.gravatar.com\/avatar\/a04fd330bfe3a36a72a0ad4a6d89fca7?s=96&d=mm&r=pg\",\"caption\":\"bosniak\"},\"url\":\"https:\/\/sandzakpress.net\/arhiva\/author\/bosniak\/\"}]}<\/script>\n<!-- \/ Yoast SEO Premium plugin. -->","yoast_head_json":{"title":"Ruska porodica odlu\u010dila \u017eivjeti u Sarajevu: I u Rusiji ka\u017eu da je BiH srce Evrope","robots":{"index":"index","follow":"follow","max-snippet":"max-snippet:-1","max-image-preview":"max-image-preview:large","max-video-preview":"max-video-preview:-1"},"canonical":"https:\/\/sandzakpress.net\/arhiva\/ruska-porodica-odlucila-zivjeti-u-sarajevu-i-u-rusiji-kazu-da-je-bih-srce-evrope\/","og_locale":"bs_BA","og_type":"article","og_title":"Ruska porodica odlu\u010dila \u017eivjeti u Sarajevu: I u Rusiji ka\u017eu da je BiH srce Evrope","og_description":"Sarajevo \u2013 Porijeklom iz daleke Rusije, porodica Mayye Kurbanove doselila je u Sarajevo u ljeto 2014. godine. Odluku da se sa troje djece dosele u Bosnu i Hercegovinu donijeli su zajedno Mayya i njen mu\u017e Artem Avenessian. Na ovaj veliki korak u \u017eivotu utjecalo je i to kada je Mayya prvi put probala bosansku hranu [&hellip;]","og_url":"https:\/\/sandzakpress.net\/arhiva\/ruska-porodica-odlucila-zivjeti-u-sarajevu-i-u-rusiji-kazu-da-je-bih-srce-evrope\/","og_site_name":"Sand\u017eak PRESS","article_published_time":"2017-02-11T10:22:40+00:00","og_image":[{"width":600,"height":400,"url":"https:\/\/sandzakpress.net\/arhiva\/wp-content\/uploads\/2017\/02\/600_148665133316683442_1680631278896201_1957250788_n-1.jpg","type":"image\/jpeg"}],"author":"bosniak","twitter_card":"summary_large_image","twitter_misc":{"Written by":"bosniak","Est. reading time":"3 minute"},"schema":{"@context":"https:\/\/schema.org","@graph":[{"@type":"Article","@id":"https:\/\/sandzakpress.net\/arhiva\/ruska-porodica-odlucila-zivjeti-u-sarajevu-i-u-rusiji-kazu-da-je-bih-srce-evrope\/#article","isPartOf":{"@id":"https:\/\/sandzakpress.net\/arhiva\/ruska-porodica-odlucila-zivjeti-u-sarajevu-i-u-rusiji-kazu-da-je-bih-srce-evrope\/"},"author":{"name":"bosniak","@id":"https:\/\/sandzakpress.net\/arhiva\/#\/schema\/person\/c8baee722073534b583ea7bdb2e36c02"},"headline":"Ruska porodica odlu\u010dila \u017eivjeti u Sarajevu: I u Rusiji ka\u017eu da je BiH srce Evrope","datePublished":"2017-02-11T10:22:40+00:00","mainEntityOfPage":{"@id":"https:\/\/sandzakpress.net\/arhiva\/ruska-porodica-odlucila-zivjeti-u-sarajevu-i-u-rusiji-kazu-da-je-bih-srce-evrope\/"},"wordCount":698,"commentCount":0,"publisher":{"@id":"https:\/\/sandzakpress.net\/arhiva\/#\/schema\/person\/6e72b67d6e51910a1117b3b483ba20bd"},"image":{"@id":"https:\/\/sandzakpress.net\/arhiva\/ruska-porodica-odlucila-zivjeti-u-sarajevu-i-u-rusiji-kazu-da-je-bih-srce-evrope\/#primaryimage"},"thumbnailUrl":"https:\/\/sandzakpress.net\/arhiva\/wp-content\/uploads\/2017\/02\/600_148665133316683442_1680631278896201_1957250788_n-1.jpg","keywords":["Bosna i Hercegovina"],"articleSection":["Bosna PRESS"],"inLanguage":"bs-BA","potentialAction":[{"@type":"CommentAction","name":"Comment","target":["https:\/\/sandzakpress.net\/arhiva\/ruska-porodica-odlucila-zivjeti-u-sarajevu-i-u-rusiji-kazu-da-je-bih-srce-evrope\/#respond"]}]},{"@type":"WebPage","@id":"https:\/\/sandzakpress.net\/arhiva\/ruska-porodica-odlucila-zivjeti-u-sarajevu-i-u-rusiji-kazu-da-je-bih-srce-evrope\/","url":"https:\/\/sandzakpress.net\/arhiva\/ruska-porodica-odlucila-zivjeti-u-sarajevu-i-u-rusiji-kazu-da-je-bih-srce-evrope\/","name":"Ruska porodica odlu\u010dila \u017eivjeti u Sarajevu: I u Rusiji ka\u017eu da je BiH srce Evrope","isPartOf":{"@id":"https:\/\/sandzakpress.net\/arhiva\/#website"},"primaryImageOfPage":{"@id":"https:\/\/sandzakpress.net\/arhiva\/ruska-porodica-odlucila-zivjeti-u-sarajevu-i-u-rusiji-kazu-da-je-bih-srce-evrope\/#primaryimage"},"image":{"@id":"https:\/\/sandzakpress.net\/arhiva\/ruska-porodica-odlucila-zivjeti-u-sarajevu-i-u-rusiji-kazu-da-je-bih-srce-evrope\/#primaryimage"},"thumbnailUrl":"https:\/\/sandzakpress.net\/arhiva\/wp-content\/uploads\/2017\/02\/600_148665133316683442_1680631278896201_1957250788_n-1.jpg","datePublished":"2017-02-11T10:22:40+00:00","breadcrumb":{"@id":"https:\/\/sandzakpress.net\/arhiva\/ruska-porodica-odlucila-zivjeti-u-sarajevu-i-u-rusiji-kazu-da-je-bih-srce-evrope\/#breadcrumb"},"inLanguage":"bs-BA","potentialAction":[{"@type":"ReadAction","target":["https:\/\/sandzakpress.net\/arhiva\/ruska-porodica-odlucila-zivjeti-u-sarajevu-i-u-rusiji-kazu-da-je-bih-srce-evrope\/"]}]},{"@type":"ImageObject","inLanguage":"bs-BA","@id":"https:\/\/sandzakpress.net\/arhiva\/ruska-porodica-odlucila-zivjeti-u-sarajevu-i-u-rusiji-kazu-da-je-bih-srce-evrope\/#primaryimage","url":"https:\/\/sandzakpress.net\/arhiva\/wp-content\/uploads\/2017\/02\/600_148665133316683442_1680631278896201_1957250788_n-1.jpg","contentUrl":"https:\/\/sandzakpress.net\/arhiva\/wp-content\/uploads\/2017\/02\/600_148665133316683442_1680631278896201_1957250788_n-1.jpg","width":600,"height":400},{"@type":"BreadcrumbList","@id":"https:\/\/sandzakpress.net\/arhiva\/ruska-porodica-odlucila-zivjeti-u-sarajevu-i-u-rusiji-kazu-da-je-bih-srce-evrope\/#breadcrumb","itemListElement":[{"@type":"ListItem","position":1,"name":"Home","item":"https:\/\/sandzakpress.net\/arhiva\/"},{"@type":"ListItem","position":2,"name":"Ruska porodica odlu\u010dila \u017eivjeti u Sarajevu: I u Rusiji ka\u017eu da je BiH srce Evrope"}]},{"@type":"WebSite","@id":"https:\/\/sandzakpress.net\/arhiva\/#website","url":"https:\/\/sandzakpress.net\/arhiva\/","name":"Sand\u017eak PRESS","description":"Prve elektronske novine u Sand\u017eaku","publisher":{"@id":"https:\/\/sandzakpress.net\/arhiva\/#\/schema\/person\/6e72b67d6e51910a1117b3b483ba20bd"},"potentialAction":[{"@type":"SearchAction","target":{"@type":"EntryPoint","urlTemplate":"https:\/\/sandzakpress.net\/arhiva\/?s={search_term_string}"},"query-input":{"@type":"PropertyValueSpecification","valueRequired":true,"valueName":"search_term_string"}}],"inLanguage":"bs-BA"},{"@type":["Person","Organization"],"@id":"https:\/\/sandzakpress.net\/arhiva\/#\/schema\/person\/6e72b67d6e51910a1117b3b483ba20bd","name":"Kul","image":{"@type":"ImageObject","inLanguage":"bs-BA","@id":"https:\/\/sandzakpress.net\/arhiva\/#\/schema\/person\/image\/","url":"https:\/\/secure.gravatar.com\/avatar\/42263f39aa27ac04c43cab85c280eb2e?s=96&d=mm&r=pg","contentUrl":"https:\/\/secure.gravatar.com\/avatar\/42263f39aa27ac04c43cab85c280eb2e?s=96&d=mm&r=pg","caption":"Kul"},"logo":{"@id":"https:\/\/sandzakpress.net\/arhiva\/#\/schema\/person\/image\/"}},{"@type":"Person","@id":"https:\/\/sandzakpress.net\/arhiva\/#\/schema\/person\/c8baee722073534b583ea7bdb2e36c02","name":"bosniak","image":{"@type":"ImageObject","inLanguage":"bs-BA","@id":"https:\/\/sandzakpress.net\/arhiva\/#\/schema\/person\/image\/","url":"https:\/\/secure.gravatar.com\/avatar\/a04fd330bfe3a36a72a0ad4a6d89fca7?s=96&d=mm&r=pg","contentUrl":"https:\/\/secure.gravatar.com\/avatar\/a04fd330bfe3a36a72a0ad4a6d89fca7?s=96&d=mm&r=pg","caption":"bosniak"},"url":"https:\/\/sandzakpress.net\/arhiva\/author\/bosniak\/"}]}},"_links":{"self":[{"href":"https:\/\/sandzakpress.net\/arhiva\/wp-json\/wp\/v2\/posts\/179393"}],"collection":[{"href":"https:\/\/sandzakpress.net\/arhiva\/wp-json\/wp\/v2\/posts"}],"about":[{"href":"https:\/\/sandzakpress.net\/arhiva\/wp-json\/wp\/v2\/types\/post"}],"author":[{"embeddable":true,"href":"https:\/\/sandzakpress.net\/arhiva\/wp-json\/wp\/v2\/users\/83"}],"replies":[{"embeddable":true,"href":"https:\/\/sandzakpress.net\/arhiva\/wp-json\/wp\/v2\/comments?post=179393"}],"version-history":[{"count":0,"href":"https:\/\/sandzakpress.net\/arhiva\/wp-json\/wp\/v2\/posts\/179393\/revisions"}],"wp:featuredmedia":[{"embeddable":true,"href":"https:\/\/sandzakpress.net\/arhiva\/wp-json\/wp\/v2\/media\/179395"}],"wp:attachment":[{"href":"https:\/\/sandzakpress.net\/arhiva\/wp-json\/wp\/v2\/media?parent=179393"}],"wp:term":[{"taxonomy":"category","embeddable":true,"href":"https:\/\/sandzakpress.net\/arhiva\/wp-json\/wp\/v2\/categories?post=179393"},{"taxonomy":"post_tag","embeddable":true,"href":"https:\/\/sandzakpress.net\/arhiva\/wp-json\/wp\/v2\/tags?post=179393"}],"curies":[{"name":"wp","href":"https:\/\/api.w.org\/{rel}","templated":true}]}}