{"id":17935,"date":"2011-07-26T14:40:05","date_gmt":"2011-07-26T12:40:05","guid":{"rendered":"https:\/\/sandzakpress.net\/arhiva\/?p=17935"},"modified":"2011-07-26T14:40:05","modified_gmt":"2011-07-26T12:40:05","slug":"takmicenje-u-ucenju-kurana-za-djecu","status":"publish","type":"post","link":"https:\/\/sandzakpress.net\/arhiva\/takmicenje-u-ucenju-kurana-za-djecu\/","title":{"rendered":"Takmi\u010denje u u\u010denju Kur'ana za djecu"},"content":{"rendered":"<p><strong><a href=\"https:\/\/sandzakpress.net\/arhiva\/wp-content\/uploads\/2011\/07\/2.jpg\"><img loading=\"lazy\" decoding=\"async\" class=\"alignleft size-medium wp-image-17936\" title=\"2\" src=\"https:\/\/sandzakpress.net\/arhiva\/wp-content\/uploads\/2011\/07\/2-300x200.jpg\" alt=\"\" width=\"300\" height=\"200\" \/><\/a>Novi Pazar &#8211; Danas (23.07.2011.) je u \u0160koli Kur\u2019ana \u010casnog u Novom Pazaru odr\u017eano ljetne takmi\u010denje u u\u010denju Kur\u2019ana za djecu uzrasta od sedam do \u010detrnaest godina, u kome je u\u010de\u0161\u0107e uzelo preko \u0161ezdeset mali\u0161ana.<\/strong><\/p>\n<p>Takmi\u010denje je odr\u017eano u tri kategorije:<\/p>\n<p>&#8211;\u00a0\u00a0\u00a0\u00a0\u00a0\u00a0\u00a0\u00a0\u00a0U\u010denje Amme d\u017euzza napamet,<\/p>\n<p>&#8211;\u00a0\u00a0\u00a0\u00a0\u00a0\u00a0\u00a0\u00a0\u00a0Pravilno u\u010denje jedne sahife Kur\u2019ana,<\/p>\n<p>&#8211;\u00a0\u00a0\u00a0\u00a0\u00a0\u00a0\u00a0\u00a0\u00a0Pravilno u\u010denje nekoliko ajeta iz Kur\u2019ana \u2013 u\u010denje a\u0161ereta<\/p>\n<p>Direktor \u0160kole je u izjavi za medije i obra\u0107anju prisutnim takmi\u010darima i njihovim roditeljima rekao da je dana\u0161nje takmi\u010denje jo\u0161 jedan u nizu kvalitetnih projekata najmla\u0111e obrazovne institucije Me\u0161ihata, u cilju afirmacije Kur\u2019anskih vrijednosti i ljepota.<\/p>\n<p>Hafiz Mali\u0107 je istakao potencijal i snagu ove mladosti, nekriv\u0161i svoje zadovoljstvo, po\u017eelio je da se me\u0111u dana\u0161njim u\u010desnicima na\u0111e \u0161to vi\u0161e onih koji \u0107e krenuti stazama Kur\u2019ana i postati hafizi Bo\u017eije Objave.<\/p>\n<p>Najuspje\u0161niji takmi\u010dari \u0107e u\u010destvovati u ve\u010deri Kur\u2019ana u Dibak-Ishak d\u017eamiji u utorak 26.07.2011. sa ak\u0161am namaza, a njihovo u\u010denje \u0107e biti emitirano na televiziji u sklopu ramazanskog programa Me\u0161ihata islamske Zajednice u Srbiji.<\/p>\n<p>Dana\u0161njom manifestacijom je uspje\u0161no okon\u010dana ova \u0161kolska godina i ljetna \u0161kola, a za novu \u0161kolsku godinu direktor je najavio jo\u0161 puno novih aktivnosti, kao i otvaranje novih odjeljenja \u0160kole u ostalim sand\u017ea\u010dkim med\u017elisima.<\/p>\n<p>Do sada je \u0160kola Kur\u2019ana otvorila odeljenje u Ribari\u0107ima koje sa svojih \u0161ezdeset polaznika uspje\u0161no funkcioni\u0161e i nastava \u0107e u ovom odjeljenju trajati i tjekom mjeseca Ramazana, a organizovana su i predavanja za \u017eene.<\/p>\n<p>Na zadnjoj redovnoj sjednici Me\u0161ihata islamske Zajednice u Srbiji, pohvaljen je rad \u0160kole Kur\u2019ana \u010casnog, i zatra\u017eeno je od Uprave te ustanove da zapo\u010dne na projektima otvaranja novih departmana.<\/p>\n<p>Izvor:<strong> Mesihat.org<\/strong><\/p>\n","protected":false},"excerpt":{"rendered":"<p>Novi Pazar &#8211; Danas (23.07.2011.) je u \u0160koli Kur\u2019ana \u010casnog u Novom Pazaru odr\u017eano ljetne takmi\u010denje u u\u010denju Kur\u2019ana za djecu uzrasta od sedam do \u010detrnaest godina, u kome je u\u010de\u0161\u0107e uzelo preko \u0161ezdeset mali\u0161ana. Takmi\u010denje je odr\u017eano u tri kategorije: &#8211;\u00a0\u00a0\u00a0\u00a0\u00a0\u00a0\u00a0\u00a0\u00a0U\u010denje Amme d\u017euzza napamet, &#8211;\u00a0\u00a0\u00a0\u00a0\u00a0\u00a0\u00a0\u00a0\u00a0Pravilno u\u010denje jedne sahife Kur\u2019ana, &#8211;\u00a0\u00a0\u00a0\u00a0\u00a0\u00a0\u00a0\u00a0\u00a0Pravilno u\u010denje nekoliko ajeta iz [&hellip;]<\/p>\n","protected":false},"author":83,"featured_media":17936,"comment_status":"open","ping_status":"open","sticky":false,"template":"","format":"standard","meta":{"footnotes":""},"categories":[72,802],"tags":[],"class_list":{"0":"post-17935","1":"post","2":"type-post","3":"status-publish","4":"format-standard","5":"has-post-thumbnail","7":"category-novi-pazar","8":"category-islamska_zajednica"},"yoast_head":"<!-- This site is optimized with the Yoast SEO Premium plugin v23.1 (Yoast SEO v24.9) - https:\/\/yoast.com\/wordpress\/plugins\/seo\/ -->\n<title>Takmi\u010denje u u\u010denju Kur&#039;ana za djecu<\/title>\n<meta name=\"robots\" content=\"index, follow, max-snippet:-1, max-image-preview:large, max-video-preview:-1\" \/>\n<link rel=\"canonical\" href=\"https:\/\/sandzakpress.net\/arhiva\/takmicenje-u-ucenju-kurana-za-djecu\/\" \/>\n<meta property=\"og:locale\" content=\"bs_BA\" \/>\n<meta property=\"og:type\" content=\"article\" \/>\n<meta property=\"og:title\" content=\"Takmi\u010denje u u\u010denju Kur&#039;ana za djecu\" \/>\n<meta property=\"og:description\" content=\"Novi Pazar &#8211; Danas (23.07.2011.) je u \u0160koli Kur\u2019ana \u010casnog u Novom Pazaru odr\u017eano ljetne takmi\u010denje u u\u010denju Kur\u2019ana za djecu uzrasta od sedam do \u010detrnaest godina, u kome je u\u010de\u0161\u0107e uzelo preko \u0161ezdeset mali\u0161ana. Takmi\u010denje je odr\u017eano u tri kategorije: &#8211;\u00a0\u00a0\u00a0\u00a0\u00a0\u00a0\u00a0\u00a0\u00a0U\u010denje Amme d\u017euzza napamet, &#8211;\u00a0\u00a0\u00a0\u00a0\u00a0\u00a0\u00a0\u00a0\u00a0Pravilno u\u010denje jedne sahife Kur\u2019ana, &#8211;\u00a0\u00a0\u00a0\u00a0\u00a0\u00a0\u00a0\u00a0\u00a0Pravilno u\u010denje nekoliko ajeta iz [&hellip;]\" \/>\n<meta property=\"og:url\" content=\"https:\/\/sandzakpress.net\/arhiva\/takmicenje-u-ucenju-kurana-za-djecu\/\" \/>\n<meta property=\"og:site_name\" content=\"Sand\u017eak PRESS\" \/>\n<meta property=\"article:published_time\" content=\"2011-07-26T12:40:05+00:00\" \/>\n<meta property=\"og:image\" content=\"https:\/\/sandzakpress.net\/arhiva\/wp-content\/uploads\/2011\/07\/2.jpg\" \/>\n\t<meta property=\"og:image:width\" content=\"600\" \/>\n\t<meta property=\"og:image:height\" content=\"400\" \/>\n\t<meta property=\"og:image:type\" content=\"image\/jpeg\" \/>\n<meta name=\"author\" content=\"bosniak\" \/>\n<meta name=\"twitter:card\" content=\"summary_large_image\" \/>\n<meta name=\"twitter:label1\" content=\"Written by\" \/>\n\t<meta name=\"twitter:data1\" content=\"bosniak\" \/>\n\t<meta name=\"twitter:label2\" content=\"Est. reading time\" \/>\n\t<meta name=\"twitter:data2\" content=\"2 minute\" \/>\n<script type=\"application\/ld+json\" class=\"yoast-schema-graph\">{\"@context\":\"https:\/\/schema.org\",\"@graph\":[{\"@type\":\"Article\",\"@id\":\"https:\/\/sandzakpress.net\/arhiva\/takmicenje-u-ucenju-kurana-za-djecu\/#article\",\"isPartOf\":{\"@id\":\"https:\/\/sandzakpress.net\/arhiva\/takmicenje-u-ucenju-kurana-za-djecu\/\"},\"author\":{\"name\":\"bosniak\",\"@id\":\"https:\/\/sandzakpress.net\/arhiva\/#\/schema\/person\/c8baee722073534b583ea7bdb2e36c02\"},\"headline\":\"Takmi\u010denje u u\u010denju Kur'ana za djecu\",\"datePublished\":\"2011-07-26T12:40:05+00:00\",\"mainEntityOfPage\":{\"@id\":\"https:\/\/sandzakpress.net\/arhiva\/takmicenje-u-ucenju-kurana-za-djecu\/\"},\"wordCount\":326,\"commentCount\":0,\"publisher\":{\"@id\":\"https:\/\/sandzakpress.net\/arhiva\/#\/schema\/person\/6e72b67d6e51910a1117b3b483ba20bd\"},\"image\":{\"@id\":\"https:\/\/sandzakpress.net\/arhiva\/takmicenje-u-ucenju-kurana-za-djecu\/#primaryimage\"},\"thumbnailUrl\":\"https:\/\/sandzakpress.net\/arhiva\/wp-content\/uploads\/2011\/07\/2.jpg\",\"articleSection\":[\"Novi Pazar\",\"Islamska zajednica\"],\"inLanguage\":\"bs-BA\",\"potentialAction\":[{\"@type\":\"CommentAction\",\"name\":\"Comment\",\"target\":[\"https:\/\/sandzakpress.net\/arhiva\/takmicenje-u-ucenju-kurana-za-djecu\/#respond\"]}]},{\"@type\":\"WebPage\",\"@id\":\"https:\/\/sandzakpress.net\/arhiva\/takmicenje-u-ucenju-kurana-za-djecu\/\",\"url\":\"https:\/\/sandzakpress.net\/arhiva\/takmicenje-u-ucenju-kurana-za-djecu\/\",\"name\":\"Takmi\u010denje u u\u010denju Kur'ana za djecu\",\"isPartOf\":{\"@id\":\"https:\/\/sandzakpress.net\/arhiva\/#website\"},\"primaryImageOfPage\":{\"@id\":\"https:\/\/sandzakpress.net\/arhiva\/takmicenje-u-ucenju-kurana-za-djecu\/#primaryimage\"},\"image\":{\"@id\":\"https:\/\/sandzakpress.net\/arhiva\/takmicenje-u-ucenju-kurana-za-djecu\/#primaryimage\"},\"thumbnailUrl\":\"https:\/\/sandzakpress.net\/arhiva\/wp-content\/uploads\/2011\/07\/2.jpg\",\"datePublished\":\"2011-07-26T12:40:05+00:00\",\"breadcrumb\":{\"@id\":\"https:\/\/sandzakpress.net\/arhiva\/takmicenje-u-ucenju-kurana-za-djecu\/#breadcrumb\"},\"inLanguage\":\"bs-BA\",\"potentialAction\":[{\"@type\":\"ReadAction\",\"target\":[\"https:\/\/sandzakpress.net\/arhiva\/takmicenje-u-ucenju-kurana-za-djecu\/\"]}]},{\"@type\":\"ImageObject\",\"inLanguage\":\"bs-BA\",\"@id\":\"https:\/\/sandzakpress.net\/arhiva\/takmicenje-u-ucenju-kurana-za-djecu\/#primaryimage\",\"url\":\"https:\/\/sandzakpress.net\/arhiva\/wp-content\/uploads\/2011\/07\/2.jpg\",\"contentUrl\":\"https:\/\/sandzakpress.net\/arhiva\/wp-content\/uploads\/2011\/07\/2.jpg\",\"width\":600,\"height\":400},{\"@type\":\"BreadcrumbList\",\"@id\":\"https:\/\/sandzakpress.net\/arhiva\/takmicenje-u-ucenju-kurana-za-djecu\/#breadcrumb\",\"itemListElement\":[{\"@type\":\"ListItem\",\"position\":1,\"name\":\"Home\",\"item\":\"https:\/\/sandzakpress.net\/arhiva\/\"},{\"@type\":\"ListItem\",\"position\":2,\"name\":\"Takmi\u010denje u u\u010denju Kur'ana za djecu\"}]},{\"@type\":\"WebSite\",\"@id\":\"https:\/\/sandzakpress.net\/arhiva\/#website\",\"url\":\"https:\/\/sandzakpress.net\/arhiva\/\",\"name\":\"Sand\u017eak PRESS\",\"description\":\"Prve elektronske novine u Sand\u017eaku\",\"publisher\":{\"@id\":\"https:\/\/sandzakpress.net\/arhiva\/#\/schema\/person\/6e72b67d6e51910a1117b3b483ba20bd\"},\"potentialAction\":[{\"@type\":\"SearchAction\",\"target\":{\"@type\":\"EntryPoint\",\"urlTemplate\":\"https:\/\/sandzakpress.net\/arhiva\/?s={search_term_string}\"},\"query-input\":{\"@type\":\"PropertyValueSpecification\",\"valueRequired\":true,\"valueName\":\"search_term_string\"}}],\"inLanguage\":\"bs-BA\"},{\"@type\":[\"Person\",\"Organization\"],\"@id\":\"https:\/\/sandzakpress.net\/arhiva\/#\/schema\/person\/6e72b67d6e51910a1117b3b483ba20bd\",\"name\":\"Kul\",\"image\":{\"@type\":\"ImageObject\",\"inLanguage\":\"bs-BA\",\"@id\":\"https:\/\/sandzakpress.net\/arhiva\/#\/schema\/person\/image\/\",\"url\":\"https:\/\/secure.gravatar.com\/avatar\/42263f39aa27ac04c43cab85c280eb2e?s=96&d=mm&r=pg\",\"contentUrl\":\"https:\/\/secure.gravatar.com\/avatar\/42263f39aa27ac04c43cab85c280eb2e?s=96&d=mm&r=pg\",\"caption\":\"Kul\"},\"logo\":{\"@id\":\"https:\/\/sandzakpress.net\/arhiva\/#\/schema\/person\/image\/\"}},{\"@type\":\"Person\",\"@id\":\"https:\/\/sandzakpress.net\/arhiva\/#\/schema\/person\/c8baee722073534b583ea7bdb2e36c02\",\"name\":\"bosniak\",\"image\":{\"@type\":\"ImageObject\",\"inLanguage\":\"bs-BA\",\"@id\":\"https:\/\/sandzakpress.net\/arhiva\/#\/schema\/person\/image\/\",\"url\":\"https:\/\/secure.gravatar.com\/avatar\/a04fd330bfe3a36a72a0ad4a6d89fca7?s=96&d=mm&r=pg\",\"contentUrl\":\"https:\/\/secure.gravatar.com\/avatar\/a04fd330bfe3a36a72a0ad4a6d89fca7?s=96&d=mm&r=pg\",\"caption\":\"bosniak\"},\"url\":\"https:\/\/sandzakpress.net\/arhiva\/author\/bosniak\/\"}]}<\/script>\n<!-- \/ Yoast SEO Premium plugin. -->","yoast_head_json":{"title":"Takmi\u010denje u u\u010denju Kur'ana za djecu","robots":{"index":"index","follow":"follow","max-snippet":"max-snippet:-1","max-image-preview":"max-image-preview:large","max-video-preview":"max-video-preview:-1"},"canonical":"https:\/\/sandzakpress.net\/arhiva\/takmicenje-u-ucenju-kurana-za-djecu\/","og_locale":"bs_BA","og_type":"article","og_title":"Takmi\u010denje u u\u010denju Kur'ana za djecu","og_description":"Novi Pazar &#8211; Danas (23.07.2011.) je u \u0160koli Kur\u2019ana \u010casnog u Novom Pazaru odr\u017eano ljetne takmi\u010denje u u\u010denju Kur\u2019ana za djecu uzrasta od sedam do \u010detrnaest godina, u kome je u\u010de\u0161\u0107e uzelo preko \u0161ezdeset mali\u0161ana. Takmi\u010denje je odr\u017eano u tri kategorije: &#8211;\u00a0\u00a0\u00a0\u00a0\u00a0\u00a0\u00a0\u00a0\u00a0U\u010denje Amme d\u017euzza napamet, &#8211;\u00a0\u00a0\u00a0\u00a0\u00a0\u00a0\u00a0\u00a0\u00a0Pravilno u\u010denje jedne sahife Kur\u2019ana, &#8211;\u00a0\u00a0\u00a0\u00a0\u00a0\u00a0\u00a0\u00a0\u00a0Pravilno u\u010denje nekoliko ajeta iz [&hellip;]","og_url":"https:\/\/sandzakpress.net\/arhiva\/takmicenje-u-ucenju-kurana-za-djecu\/","og_site_name":"Sand\u017eak PRESS","article_published_time":"2011-07-26T12:40:05+00:00","og_image":[{"width":600,"height":400,"url":"https:\/\/sandzakpress.net\/arhiva\/wp-content\/uploads\/2011\/07\/2.jpg","type":"image\/jpeg"}],"author":"bosniak","twitter_card":"summary_large_image","twitter_misc":{"Written by":"bosniak","Est. reading time":"2 minute"},"schema":{"@context":"https:\/\/schema.org","@graph":[{"@type":"Article","@id":"https:\/\/sandzakpress.net\/arhiva\/takmicenje-u-ucenju-kurana-za-djecu\/#article","isPartOf":{"@id":"https:\/\/sandzakpress.net\/arhiva\/takmicenje-u-ucenju-kurana-za-djecu\/"},"author":{"name":"bosniak","@id":"https:\/\/sandzakpress.net\/arhiva\/#\/schema\/person\/c8baee722073534b583ea7bdb2e36c02"},"headline":"Takmi\u010denje u u\u010denju Kur'ana za djecu","datePublished":"2011-07-26T12:40:05+00:00","mainEntityOfPage":{"@id":"https:\/\/sandzakpress.net\/arhiva\/takmicenje-u-ucenju-kurana-za-djecu\/"},"wordCount":326,"commentCount":0,"publisher":{"@id":"https:\/\/sandzakpress.net\/arhiva\/#\/schema\/person\/6e72b67d6e51910a1117b3b483ba20bd"},"image":{"@id":"https:\/\/sandzakpress.net\/arhiva\/takmicenje-u-ucenju-kurana-za-djecu\/#primaryimage"},"thumbnailUrl":"https:\/\/sandzakpress.net\/arhiva\/wp-content\/uploads\/2011\/07\/2.jpg","articleSection":["Novi Pazar","Islamska zajednica"],"inLanguage":"bs-BA","potentialAction":[{"@type":"CommentAction","name":"Comment","target":["https:\/\/sandzakpress.net\/arhiva\/takmicenje-u-ucenju-kurana-za-djecu\/#respond"]}]},{"@type":"WebPage","@id":"https:\/\/sandzakpress.net\/arhiva\/takmicenje-u-ucenju-kurana-za-djecu\/","url":"https:\/\/sandzakpress.net\/arhiva\/takmicenje-u-ucenju-kurana-za-djecu\/","name":"Takmi\u010denje u u\u010denju Kur'ana za djecu","isPartOf":{"@id":"https:\/\/sandzakpress.net\/arhiva\/#website"},"primaryImageOfPage":{"@id":"https:\/\/sandzakpress.net\/arhiva\/takmicenje-u-ucenju-kurana-za-djecu\/#primaryimage"},"image":{"@id":"https:\/\/sandzakpress.net\/arhiva\/takmicenje-u-ucenju-kurana-za-djecu\/#primaryimage"},"thumbnailUrl":"https:\/\/sandzakpress.net\/arhiva\/wp-content\/uploads\/2011\/07\/2.jpg","datePublished":"2011-07-26T12:40:05+00:00","breadcrumb":{"@id":"https:\/\/sandzakpress.net\/arhiva\/takmicenje-u-ucenju-kurana-za-djecu\/#breadcrumb"},"inLanguage":"bs-BA","potentialAction":[{"@type":"ReadAction","target":["https:\/\/sandzakpress.net\/arhiva\/takmicenje-u-ucenju-kurana-za-djecu\/"]}]},{"@type":"ImageObject","inLanguage":"bs-BA","@id":"https:\/\/sandzakpress.net\/arhiva\/takmicenje-u-ucenju-kurana-za-djecu\/#primaryimage","url":"https:\/\/sandzakpress.net\/arhiva\/wp-content\/uploads\/2011\/07\/2.jpg","contentUrl":"https:\/\/sandzakpress.net\/arhiva\/wp-content\/uploads\/2011\/07\/2.jpg","width":600,"height":400},{"@type":"BreadcrumbList","@id":"https:\/\/sandzakpress.net\/arhiva\/takmicenje-u-ucenju-kurana-za-djecu\/#breadcrumb","itemListElement":[{"@type":"ListItem","position":1,"name":"Home","item":"https:\/\/sandzakpress.net\/arhiva\/"},{"@type":"ListItem","position":2,"name":"Takmi\u010denje u u\u010denju Kur'ana za djecu"}]},{"@type":"WebSite","@id":"https:\/\/sandzakpress.net\/arhiva\/#website","url":"https:\/\/sandzakpress.net\/arhiva\/","name":"Sand\u017eak PRESS","description":"Prve elektronske novine u Sand\u017eaku","publisher":{"@id":"https:\/\/sandzakpress.net\/arhiva\/#\/schema\/person\/6e72b67d6e51910a1117b3b483ba20bd"},"potentialAction":[{"@type":"SearchAction","target":{"@type":"EntryPoint","urlTemplate":"https:\/\/sandzakpress.net\/arhiva\/?s={search_term_string}"},"query-input":{"@type":"PropertyValueSpecification","valueRequired":true,"valueName":"search_term_string"}}],"inLanguage":"bs-BA"},{"@type":["Person","Organization"],"@id":"https:\/\/sandzakpress.net\/arhiva\/#\/schema\/person\/6e72b67d6e51910a1117b3b483ba20bd","name":"Kul","image":{"@type":"ImageObject","inLanguage":"bs-BA","@id":"https:\/\/sandzakpress.net\/arhiva\/#\/schema\/person\/image\/","url":"https:\/\/secure.gravatar.com\/avatar\/42263f39aa27ac04c43cab85c280eb2e?s=96&d=mm&r=pg","contentUrl":"https:\/\/secure.gravatar.com\/avatar\/42263f39aa27ac04c43cab85c280eb2e?s=96&d=mm&r=pg","caption":"Kul"},"logo":{"@id":"https:\/\/sandzakpress.net\/arhiva\/#\/schema\/person\/image\/"}},{"@type":"Person","@id":"https:\/\/sandzakpress.net\/arhiva\/#\/schema\/person\/c8baee722073534b583ea7bdb2e36c02","name":"bosniak","image":{"@type":"ImageObject","inLanguage":"bs-BA","@id":"https:\/\/sandzakpress.net\/arhiva\/#\/schema\/person\/image\/","url":"https:\/\/secure.gravatar.com\/avatar\/a04fd330bfe3a36a72a0ad4a6d89fca7?s=96&d=mm&r=pg","contentUrl":"https:\/\/secure.gravatar.com\/avatar\/a04fd330bfe3a36a72a0ad4a6d89fca7?s=96&d=mm&r=pg","caption":"bosniak"},"url":"https:\/\/sandzakpress.net\/arhiva\/author\/bosniak\/"}]}},"_links":{"self":[{"href":"https:\/\/sandzakpress.net\/arhiva\/wp-json\/wp\/v2\/posts\/17935"}],"collection":[{"href":"https:\/\/sandzakpress.net\/arhiva\/wp-json\/wp\/v2\/posts"}],"about":[{"href":"https:\/\/sandzakpress.net\/arhiva\/wp-json\/wp\/v2\/types\/post"}],"author":[{"embeddable":true,"href":"https:\/\/sandzakpress.net\/arhiva\/wp-json\/wp\/v2\/users\/83"}],"replies":[{"embeddable":true,"href":"https:\/\/sandzakpress.net\/arhiva\/wp-json\/wp\/v2\/comments?post=17935"}],"version-history":[{"count":0,"href":"https:\/\/sandzakpress.net\/arhiva\/wp-json\/wp\/v2\/posts\/17935\/revisions"}],"wp:featuredmedia":[{"embeddable":true,"href":"https:\/\/sandzakpress.net\/arhiva\/wp-json\/wp\/v2\/media\/17936"}],"wp:attachment":[{"href":"https:\/\/sandzakpress.net\/arhiva\/wp-json\/wp\/v2\/media?parent=17935"}],"wp:term":[{"taxonomy":"category","embeddable":true,"href":"https:\/\/sandzakpress.net\/arhiva\/wp-json\/wp\/v2\/categories?post=17935"},{"taxonomy":"post_tag","embeddable":true,"href":"https:\/\/sandzakpress.net\/arhiva\/wp-json\/wp\/v2\/tags?post=17935"}],"curies":[{"name":"wp","href":"https:\/\/api.w.org\/{rel}","templated":true}]}}