{"id":179238,"date":"2017-02-09T15:38:32","date_gmt":"2017-02-09T14:38:32","guid":{"rendered":"https:\/\/sandzakpress.net\/arhiva\/sda-zaprepasteni-smo-zestinom-reakcije-stranka-iz-rs-na-najavu-revizije-tuzbe"},"modified":"2017-02-09T15:38:32","modified_gmt":"2017-02-09T14:38:32","slug":"sda-zaprepasteni-smo-zestinom-reakcije-stranka-iz-rs-na-najavu-revizije-tuzbe","status":"publish","type":"post","link":"https:\/\/sandzakpress.net\/arhiva\/sda-zaprepasteni-smo-zestinom-reakcije-stranka-iz-rs-na-najavu-revizije-tuzbe\/","title":{"rendered":"SDA: Zaprepa\u0161teni smo \u017eestinom reakcije stranka iz RS na najavu revizije tu\u017ebe"},"content":{"rendered":"<p><span class=\"cb-itemprop\"><\/p>\n<p><img decoding=\"async\" src=\"http:\/\/www.avaz.ba\/storage\/2016\/07\/25\/thumbs\/57963cd2-8bf0-4db7-9644-51930a0a0a64-kolegij-sda-718x446.jpg\" alt=\"SDA: Zaprepa\u0161teni smo \u017eestinom reakcije stranka iz RS na najavu revizije tu\u017ebe\" \/><\/p>\n<p><strong>Stranka demokratske akcije (SDA) zaprepa\u0161tena je \u017eestinom reakcije stranaka koje dolaze iz entiteta RS-a na samu najavu podno\u0161enja zahtjeva za reviziju presude Me\u0111unarodnog suda u Haagu po tu\u017ebi BiH protiv Srbije, saop\u0107eno je iz te stranke.\u00a0<\/strong><\/p>\n<p class=\"sec\">U saop\u0107enju se navodi da posebno iznena\u0111uje agresivnost tih reakcija prema SDA i njenom predsjedniku.<\/p>\n<p>SDA isti\u010de da pitanje revizije presude \u201cnije stvar jedne politi\u010dke stranke ni jednog lidera: to je pitanje istine o onome \u0161to se de\u0161avalo u BiH u periodu 1992-1995\u201d.<\/p>\n<p>\u2013 Pitanje revizije presude je pitanje historijske istine i pravde i niko nema pravo, ukoliko se ispune uvjeti za njeno podno\u0161enje, da od toga odustane \u2013 navodi se u saop\u0107enju te stranke.<\/p>\n<p>SDA stoga poziva sve politi\u010dke stranke u BiH i regionu, da, ka\u017ee se u saop\u0107enju, situaciju sagledaju objektivno, i da svoje reakcije zadr\u017ee u okvirima razumnog i zakonitog djelovanja.<\/p>\n<p>Dodaje se da u tom slu\u010daju revizija presude \u201ene mo\u017ee i ne\u0107e poremetiti odnose u BiH niti u regionu\u201c.<\/p>\n<p>SDA smatra da se \u201cdobri odnosi ne mogu graditi guranjem istine pod tepih ve\u0107 utvr\u0111ivanjem \u010dinjenica i odgovornosti\u201d.<\/p>\n<p>\u2013 Pozivamo stoga sve da se pona\u0161aju u skladu s me\u0111unarodnim pravom, i da Bosni i Hercegovini ne prijete poduzimanjem protivpravnih akata zato \u0161to konzumira instrumente me\u0111unarodnog prava \u2013 saop\u0107eno je iz Slu\u017ebe za odnose sa javno\u0161\u0107u SDA.<\/p>\n<p>(Avaz)<\/p>\n<p><\/span><br \/>\nPogledajte vijest na izvornom sajtu:<\/p>\n<p><a href=\"http:\/\/bosnapress.net\/sda-zaprepasteni-smo-zestinom-reakcije-stranka-iz-rs-na-najavu-revizije-tuzbe\/\" target=\"_blank\">SDA: Zaprepa\u0161teni smo \u017eestinom reakcije stranka iz RS na najavu revizije tu\u017ebe<\/a><\/p>\n","protected":false},"excerpt":{"rendered":"<p>Stranka demokratske akcije (SDA) zaprepa\u0161tena je \u017eestinom reakcije stranaka koje dolaze iz entiteta RS-a na samu najavu podno\u0161enja zahtjeva za reviziju presude Me\u0111unarodnog suda u Haagu po tu\u017ebi BiH protiv Srbije, saop\u0107eno je iz te stranke.\u00a0 U saop\u0107enju se navodi da posebno iznena\u0111uje agresivnost tih reakcija prema SDA i njenom predsjedniku. SDA isti\u010de da pitanje [&hellip;]<\/p>\n","protected":false},"author":83,"featured_media":179240,"comment_status":"open","ping_status":"open","sticky":false,"template":"","format":"standard","meta":{"footnotes":""},"categories":[10513],"tags":[10466],"class_list":{"0":"post-179238","1":"post","2":"type-post","3":"status-publish","4":"format-standard","5":"has-post-thumbnail","7":"category-bosna-press","8":"tag-bosna-i-hercegovina"},"yoast_head":"<!-- This site is optimized with the Yoast SEO Premium plugin v23.1 (Yoast SEO v24.9) - https:\/\/yoast.com\/wordpress\/plugins\/seo\/ -->\n<title>SDA: Zaprepa\u0161teni smo \u017eestinom reakcije stranka iz RS na najavu revizije tu\u017ebe<\/title>\n<meta name=\"robots\" content=\"index, follow, max-snippet:-1, max-image-preview:large, max-video-preview:-1\" \/>\n<link rel=\"canonical\" href=\"https:\/\/sandzakpress.net\/arhiva\/sda-zaprepasteni-smo-zestinom-reakcije-stranka-iz-rs-na-najavu-revizije-tuzbe\/\" \/>\n<meta property=\"og:locale\" content=\"bs_BA\" \/>\n<meta property=\"og:type\" content=\"article\" \/>\n<meta property=\"og:title\" content=\"SDA: Zaprepa\u0161teni smo \u017eestinom reakcije stranka iz RS na najavu revizije tu\u017ebe\" \/>\n<meta property=\"og:description\" content=\"Stranka demokratske akcije (SDA) zaprepa\u0161tena je \u017eestinom reakcije stranaka koje dolaze iz entiteta RS-a na samu najavu podno\u0161enja zahtjeva za reviziju presude Me\u0111unarodnog suda u Haagu po tu\u017ebi BiH protiv Srbije, saop\u0107eno je iz te stranke.\u00a0 U saop\u0107enju se navodi da posebno iznena\u0111uje agresivnost tih reakcija prema SDA i njenom predsjedniku. SDA isti\u010de da pitanje [&hellip;]\" \/>\n<meta property=\"og:url\" content=\"https:\/\/sandzakpress.net\/arhiva\/sda-zaprepasteni-smo-zestinom-reakcije-stranka-iz-rs-na-najavu-revizije-tuzbe\/\" \/>\n<meta property=\"og:site_name\" content=\"Sand\u017eak PRESS\" \/>\n<meta property=\"article:published_time\" content=\"2017-02-09T14:38:32+00:00\" \/>\n<meta property=\"og:image\" content=\"https:\/\/sandzakpress.net\/arhiva\/wp-content\/uploads\/2017\/02\/57963cd2-8bf0-4db7-9644-51930a0a0a64-kolegij-sda-718x446-1.jpg\" \/>\n\t<meta property=\"og:image:width\" content=\"718\" \/>\n\t<meta property=\"og:image:height\" content=\"446\" \/>\n\t<meta property=\"og:image:type\" content=\"image\/jpeg\" \/>\n<meta name=\"author\" content=\"bosniak\" \/>\n<meta name=\"twitter:card\" content=\"summary_large_image\" \/>\n<meta name=\"twitter:label1\" content=\"Written by\" \/>\n\t<meta name=\"twitter:data1\" content=\"bosniak\" \/>\n\t<meta name=\"twitter:label2\" content=\"Est. reading time\" \/>\n\t<meta name=\"twitter:data2\" content=\"1 minuta\" \/>\n<script type=\"application\/ld+json\" class=\"yoast-schema-graph\">{\"@context\":\"https:\/\/schema.org\",\"@graph\":[{\"@type\":\"Article\",\"@id\":\"https:\/\/sandzakpress.net\/arhiva\/sda-zaprepasteni-smo-zestinom-reakcije-stranka-iz-rs-na-najavu-revizije-tuzbe\/#article\",\"isPartOf\":{\"@id\":\"https:\/\/sandzakpress.net\/arhiva\/sda-zaprepasteni-smo-zestinom-reakcije-stranka-iz-rs-na-najavu-revizije-tuzbe\/\"},\"author\":{\"name\":\"bosniak\",\"@id\":\"https:\/\/sandzakpress.net\/arhiva\/#\/schema\/person\/c8baee722073534b583ea7bdb2e36c02\"},\"headline\":\"SDA: Zaprepa\u0161teni smo \u017eestinom reakcije stranka iz RS na najavu revizije tu\u017ebe\",\"datePublished\":\"2017-02-09T14:38:32+00:00\",\"mainEntityOfPage\":{\"@id\":\"https:\/\/sandzakpress.net\/arhiva\/sda-zaprepasteni-smo-zestinom-reakcije-stranka-iz-rs-na-najavu-revizije-tuzbe\/\"},\"wordCount\":271,\"commentCount\":0,\"publisher\":{\"@id\":\"https:\/\/sandzakpress.net\/arhiva\/#\/schema\/person\/6e72b67d6e51910a1117b3b483ba20bd\"},\"image\":{\"@id\":\"https:\/\/sandzakpress.net\/arhiva\/sda-zaprepasteni-smo-zestinom-reakcije-stranka-iz-rs-na-najavu-revizije-tuzbe\/#primaryimage\"},\"thumbnailUrl\":\"https:\/\/sandzakpress.net\/arhiva\/wp-content\/uploads\/2017\/02\/57963cd2-8bf0-4db7-9644-51930a0a0a64-kolegij-sda-718x446-1.jpg\",\"keywords\":[\"Bosna i Hercegovina\"],\"articleSection\":[\"Bosna PRESS\"],\"inLanguage\":\"bs-BA\",\"potentialAction\":[{\"@type\":\"CommentAction\",\"name\":\"Comment\",\"target\":[\"https:\/\/sandzakpress.net\/arhiva\/sda-zaprepasteni-smo-zestinom-reakcije-stranka-iz-rs-na-najavu-revizije-tuzbe\/#respond\"]}]},{\"@type\":\"WebPage\",\"@id\":\"https:\/\/sandzakpress.net\/arhiva\/sda-zaprepasteni-smo-zestinom-reakcije-stranka-iz-rs-na-najavu-revizije-tuzbe\/\",\"url\":\"https:\/\/sandzakpress.net\/arhiva\/sda-zaprepasteni-smo-zestinom-reakcije-stranka-iz-rs-na-najavu-revizije-tuzbe\/\",\"name\":\"SDA: Zaprepa\u0161teni smo \u017eestinom reakcije stranka iz RS na najavu revizije tu\u017ebe\",\"isPartOf\":{\"@id\":\"https:\/\/sandzakpress.net\/arhiva\/#website\"},\"primaryImageOfPage\":{\"@id\":\"https:\/\/sandzakpress.net\/arhiva\/sda-zaprepasteni-smo-zestinom-reakcije-stranka-iz-rs-na-najavu-revizije-tuzbe\/#primaryimage\"},\"image\":{\"@id\":\"https:\/\/sandzakpress.net\/arhiva\/sda-zaprepasteni-smo-zestinom-reakcije-stranka-iz-rs-na-najavu-revizije-tuzbe\/#primaryimage\"},\"thumbnailUrl\":\"https:\/\/sandzakpress.net\/arhiva\/wp-content\/uploads\/2017\/02\/57963cd2-8bf0-4db7-9644-51930a0a0a64-kolegij-sda-718x446-1.jpg\",\"datePublished\":\"2017-02-09T14:38:32+00:00\",\"breadcrumb\":{\"@id\":\"https:\/\/sandzakpress.net\/arhiva\/sda-zaprepasteni-smo-zestinom-reakcije-stranka-iz-rs-na-najavu-revizije-tuzbe\/#breadcrumb\"},\"inLanguage\":\"bs-BA\",\"potentialAction\":[{\"@type\":\"ReadAction\",\"target\":[\"https:\/\/sandzakpress.net\/arhiva\/sda-zaprepasteni-smo-zestinom-reakcije-stranka-iz-rs-na-najavu-revizije-tuzbe\/\"]}]},{\"@type\":\"ImageObject\",\"inLanguage\":\"bs-BA\",\"@id\":\"https:\/\/sandzakpress.net\/arhiva\/sda-zaprepasteni-smo-zestinom-reakcije-stranka-iz-rs-na-najavu-revizije-tuzbe\/#primaryimage\",\"url\":\"https:\/\/sandzakpress.net\/arhiva\/wp-content\/uploads\/2017\/02\/57963cd2-8bf0-4db7-9644-51930a0a0a64-kolegij-sda-718x446-1.jpg\",\"contentUrl\":\"https:\/\/sandzakpress.net\/arhiva\/wp-content\/uploads\/2017\/02\/57963cd2-8bf0-4db7-9644-51930a0a0a64-kolegij-sda-718x446-1.jpg\",\"width\":718,\"height\":446},{\"@type\":\"BreadcrumbList\",\"@id\":\"https:\/\/sandzakpress.net\/arhiva\/sda-zaprepasteni-smo-zestinom-reakcije-stranka-iz-rs-na-najavu-revizije-tuzbe\/#breadcrumb\",\"itemListElement\":[{\"@type\":\"ListItem\",\"position\":1,\"name\":\"Home\",\"item\":\"https:\/\/sandzakpress.net\/arhiva\/\"},{\"@type\":\"ListItem\",\"position\":2,\"name\":\"SDA: Zaprepa\u0161teni smo \u017eestinom reakcije stranka iz RS na najavu revizije tu\u017ebe\"}]},{\"@type\":\"WebSite\",\"@id\":\"https:\/\/sandzakpress.net\/arhiva\/#website\",\"url\":\"https:\/\/sandzakpress.net\/arhiva\/\",\"name\":\"Sand\u017eak PRESS\",\"description\":\"Prve elektronske novine u Sand\u017eaku\",\"publisher\":{\"@id\":\"https:\/\/sandzakpress.net\/arhiva\/#\/schema\/person\/6e72b67d6e51910a1117b3b483ba20bd\"},\"potentialAction\":[{\"@type\":\"SearchAction\",\"target\":{\"@type\":\"EntryPoint\",\"urlTemplate\":\"https:\/\/sandzakpress.net\/arhiva\/?s={search_term_string}\"},\"query-input\":{\"@type\":\"PropertyValueSpecification\",\"valueRequired\":true,\"valueName\":\"search_term_string\"}}],\"inLanguage\":\"bs-BA\"},{\"@type\":[\"Person\",\"Organization\"],\"@id\":\"https:\/\/sandzakpress.net\/arhiva\/#\/schema\/person\/6e72b67d6e51910a1117b3b483ba20bd\",\"name\":\"Kul\",\"image\":{\"@type\":\"ImageObject\",\"inLanguage\":\"bs-BA\",\"@id\":\"https:\/\/sandzakpress.net\/arhiva\/#\/schema\/person\/image\/\",\"url\":\"https:\/\/secure.gravatar.com\/avatar\/42263f39aa27ac04c43cab85c280eb2e?s=96&d=mm&r=pg\",\"contentUrl\":\"https:\/\/secure.gravatar.com\/avatar\/42263f39aa27ac04c43cab85c280eb2e?s=96&d=mm&r=pg\",\"caption\":\"Kul\"},\"logo\":{\"@id\":\"https:\/\/sandzakpress.net\/arhiva\/#\/schema\/person\/image\/\"}},{\"@type\":\"Person\",\"@id\":\"https:\/\/sandzakpress.net\/arhiva\/#\/schema\/person\/c8baee722073534b583ea7bdb2e36c02\",\"name\":\"bosniak\",\"image\":{\"@type\":\"ImageObject\",\"inLanguage\":\"bs-BA\",\"@id\":\"https:\/\/sandzakpress.net\/arhiva\/#\/schema\/person\/image\/\",\"url\":\"https:\/\/secure.gravatar.com\/avatar\/a04fd330bfe3a36a72a0ad4a6d89fca7?s=96&d=mm&r=pg\",\"contentUrl\":\"https:\/\/secure.gravatar.com\/avatar\/a04fd330bfe3a36a72a0ad4a6d89fca7?s=96&d=mm&r=pg\",\"caption\":\"bosniak\"},\"url\":\"https:\/\/sandzakpress.net\/arhiva\/author\/bosniak\/\"}]}<\/script>\n<!-- \/ Yoast SEO Premium plugin. -->","yoast_head_json":{"title":"SDA: Zaprepa\u0161teni smo \u017eestinom reakcije stranka iz RS na najavu revizije tu\u017ebe","robots":{"index":"index","follow":"follow","max-snippet":"max-snippet:-1","max-image-preview":"max-image-preview:large","max-video-preview":"max-video-preview:-1"},"canonical":"https:\/\/sandzakpress.net\/arhiva\/sda-zaprepasteni-smo-zestinom-reakcije-stranka-iz-rs-na-najavu-revizije-tuzbe\/","og_locale":"bs_BA","og_type":"article","og_title":"SDA: Zaprepa\u0161teni smo \u017eestinom reakcije stranka iz RS na najavu revizije tu\u017ebe","og_description":"Stranka demokratske akcije (SDA) zaprepa\u0161tena je \u017eestinom reakcije stranaka koje dolaze iz entiteta RS-a na samu najavu podno\u0161enja zahtjeva za reviziju presude Me\u0111unarodnog suda u Haagu po tu\u017ebi BiH protiv Srbije, saop\u0107eno je iz te stranke.\u00a0 U saop\u0107enju se navodi da posebno iznena\u0111uje agresivnost tih reakcija prema SDA i njenom predsjedniku. SDA isti\u010de da pitanje [&hellip;]","og_url":"https:\/\/sandzakpress.net\/arhiva\/sda-zaprepasteni-smo-zestinom-reakcije-stranka-iz-rs-na-najavu-revizije-tuzbe\/","og_site_name":"Sand\u017eak PRESS","article_published_time":"2017-02-09T14:38:32+00:00","og_image":[{"width":718,"height":446,"url":"https:\/\/sandzakpress.net\/arhiva\/wp-content\/uploads\/2017\/02\/57963cd2-8bf0-4db7-9644-51930a0a0a64-kolegij-sda-718x446-1.jpg","type":"image\/jpeg"}],"author":"bosniak","twitter_card":"summary_large_image","twitter_misc":{"Written by":"bosniak","Est. reading time":"1 minuta"},"schema":{"@context":"https:\/\/schema.org","@graph":[{"@type":"Article","@id":"https:\/\/sandzakpress.net\/arhiva\/sda-zaprepasteni-smo-zestinom-reakcije-stranka-iz-rs-na-najavu-revizije-tuzbe\/#article","isPartOf":{"@id":"https:\/\/sandzakpress.net\/arhiva\/sda-zaprepasteni-smo-zestinom-reakcije-stranka-iz-rs-na-najavu-revizije-tuzbe\/"},"author":{"name":"bosniak","@id":"https:\/\/sandzakpress.net\/arhiva\/#\/schema\/person\/c8baee722073534b583ea7bdb2e36c02"},"headline":"SDA: Zaprepa\u0161teni smo \u017eestinom reakcije stranka iz RS na najavu revizije tu\u017ebe","datePublished":"2017-02-09T14:38:32+00:00","mainEntityOfPage":{"@id":"https:\/\/sandzakpress.net\/arhiva\/sda-zaprepasteni-smo-zestinom-reakcije-stranka-iz-rs-na-najavu-revizije-tuzbe\/"},"wordCount":271,"commentCount":0,"publisher":{"@id":"https:\/\/sandzakpress.net\/arhiva\/#\/schema\/person\/6e72b67d6e51910a1117b3b483ba20bd"},"image":{"@id":"https:\/\/sandzakpress.net\/arhiva\/sda-zaprepasteni-smo-zestinom-reakcije-stranka-iz-rs-na-najavu-revizije-tuzbe\/#primaryimage"},"thumbnailUrl":"https:\/\/sandzakpress.net\/arhiva\/wp-content\/uploads\/2017\/02\/57963cd2-8bf0-4db7-9644-51930a0a0a64-kolegij-sda-718x446-1.jpg","keywords":["Bosna i Hercegovina"],"articleSection":["Bosna PRESS"],"inLanguage":"bs-BA","potentialAction":[{"@type":"CommentAction","name":"Comment","target":["https:\/\/sandzakpress.net\/arhiva\/sda-zaprepasteni-smo-zestinom-reakcije-stranka-iz-rs-na-najavu-revizije-tuzbe\/#respond"]}]},{"@type":"WebPage","@id":"https:\/\/sandzakpress.net\/arhiva\/sda-zaprepasteni-smo-zestinom-reakcije-stranka-iz-rs-na-najavu-revizije-tuzbe\/","url":"https:\/\/sandzakpress.net\/arhiva\/sda-zaprepasteni-smo-zestinom-reakcije-stranka-iz-rs-na-najavu-revizije-tuzbe\/","name":"SDA: Zaprepa\u0161teni smo \u017eestinom reakcije stranka iz RS na najavu revizije tu\u017ebe","isPartOf":{"@id":"https:\/\/sandzakpress.net\/arhiva\/#website"},"primaryImageOfPage":{"@id":"https:\/\/sandzakpress.net\/arhiva\/sda-zaprepasteni-smo-zestinom-reakcije-stranka-iz-rs-na-najavu-revizije-tuzbe\/#primaryimage"},"image":{"@id":"https:\/\/sandzakpress.net\/arhiva\/sda-zaprepasteni-smo-zestinom-reakcije-stranka-iz-rs-na-najavu-revizije-tuzbe\/#primaryimage"},"thumbnailUrl":"https:\/\/sandzakpress.net\/arhiva\/wp-content\/uploads\/2017\/02\/57963cd2-8bf0-4db7-9644-51930a0a0a64-kolegij-sda-718x446-1.jpg","datePublished":"2017-02-09T14:38:32+00:00","breadcrumb":{"@id":"https:\/\/sandzakpress.net\/arhiva\/sda-zaprepasteni-smo-zestinom-reakcije-stranka-iz-rs-na-najavu-revizije-tuzbe\/#breadcrumb"},"inLanguage":"bs-BA","potentialAction":[{"@type":"ReadAction","target":["https:\/\/sandzakpress.net\/arhiva\/sda-zaprepasteni-smo-zestinom-reakcije-stranka-iz-rs-na-najavu-revizije-tuzbe\/"]}]},{"@type":"ImageObject","inLanguage":"bs-BA","@id":"https:\/\/sandzakpress.net\/arhiva\/sda-zaprepasteni-smo-zestinom-reakcije-stranka-iz-rs-na-najavu-revizije-tuzbe\/#primaryimage","url":"https:\/\/sandzakpress.net\/arhiva\/wp-content\/uploads\/2017\/02\/57963cd2-8bf0-4db7-9644-51930a0a0a64-kolegij-sda-718x446-1.jpg","contentUrl":"https:\/\/sandzakpress.net\/arhiva\/wp-content\/uploads\/2017\/02\/57963cd2-8bf0-4db7-9644-51930a0a0a64-kolegij-sda-718x446-1.jpg","width":718,"height":446},{"@type":"BreadcrumbList","@id":"https:\/\/sandzakpress.net\/arhiva\/sda-zaprepasteni-smo-zestinom-reakcije-stranka-iz-rs-na-najavu-revizije-tuzbe\/#breadcrumb","itemListElement":[{"@type":"ListItem","position":1,"name":"Home","item":"https:\/\/sandzakpress.net\/arhiva\/"},{"@type":"ListItem","position":2,"name":"SDA: Zaprepa\u0161teni smo \u017eestinom reakcije stranka iz RS na najavu revizije tu\u017ebe"}]},{"@type":"WebSite","@id":"https:\/\/sandzakpress.net\/arhiva\/#website","url":"https:\/\/sandzakpress.net\/arhiva\/","name":"Sand\u017eak PRESS","description":"Prve elektronske novine u Sand\u017eaku","publisher":{"@id":"https:\/\/sandzakpress.net\/arhiva\/#\/schema\/person\/6e72b67d6e51910a1117b3b483ba20bd"},"potentialAction":[{"@type":"SearchAction","target":{"@type":"EntryPoint","urlTemplate":"https:\/\/sandzakpress.net\/arhiva\/?s={search_term_string}"},"query-input":{"@type":"PropertyValueSpecification","valueRequired":true,"valueName":"search_term_string"}}],"inLanguage":"bs-BA"},{"@type":["Person","Organization"],"@id":"https:\/\/sandzakpress.net\/arhiva\/#\/schema\/person\/6e72b67d6e51910a1117b3b483ba20bd","name":"Kul","image":{"@type":"ImageObject","inLanguage":"bs-BA","@id":"https:\/\/sandzakpress.net\/arhiva\/#\/schema\/person\/image\/","url":"https:\/\/secure.gravatar.com\/avatar\/42263f39aa27ac04c43cab85c280eb2e?s=96&d=mm&r=pg","contentUrl":"https:\/\/secure.gravatar.com\/avatar\/42263f39aa27ac04c43cab85c280eb2e?s=96&d=mm&r=pg","caption":"Kul"},"logo":{"@id":"https:\/\/sandzakpress.net\/arhiva\/#\/schema\/person\/image\/"}},{"@type":"Person","@id":"https:\/\/sandzakpress.net\/arhiva\/#\/schema\/person\/c8baee722073534b583ea7bdb2e36c02","name":"bosniak","image":{"@type":"ImageObject","inLanguage":"bs-BA","@id":"https:\/\/sandzakpress.net\/arhiva\/#\/schema\/person\/image\/","url":"https:\/\/secure.gravatar.com\/avatar\/a04fd330bfe3a36a72a0ad4a6d89fca7?s=96&d=mm&r=pg","contentUrl":"https:\/\/secure.gravatar.com\/avatar\/a04fd330bfe3a36a72a0ad4a6d89fca7?s=96&d=mm&r=pg","caption":"bosniak"},"url":"https:\/\/sandzakpress.net\/arhiva\/author\/bosniak\/"}]}},"_links":{"self":[{"href":"https:\/\/sandzakpress.net\/arhiva\/wp-json\/wp\/v2\/posts\/179238"}],"collection":[{"href":"https:\/\/sandzakpress.net\/arhiva\/wp-json\/wp\/v2\/posts"}],"about":[{"href":"https:\/\/sandzakpress.net\/arhiva\/wp-json\/wp\/v2\/types\/post"}],"author":[{"embeddable":true,"href":"https:\/\/sandzakpress.net\/arhiva\/wp-json\/wp\/v2\/users\/83"}],"replies":[{"embeddable":true,"href":"https:\/\/sandzakpress.net\/arhiva\/wp-json\/wp\/v2\/comments?post=179238"}],"version-history":[{"count":0,"href":"https:\/\/sandzakpress.net\/arhiva\/wp-json\/wp\/v2\/posts\/179238\/revisions"}],"wp:featuredmedia":[{"embeddable":true,"href":"https:\/\/sandzakpress.net\/arhiva\/wp-json\/wp\/v2\/media\/179240"}],"wp:attachment":[{"href":"https:\/\/sandzakpress.net\/arhiva\/wp-json\/wp\/v2\/media?parent=179238"}],"wp:term":[{"taxonomy":"category","embeddable":true,"href":"https:\/\/sandzakpress.net\/arhiva\/wp-json\/wp\/v2\/categories?post=179238"},{"taxonomy":"post_tag","embeddable":true,"href":"https:\/\/sandzakpress.net\/arhiva\/wp-json\/wp\/v2\/tags?post=179238"}],"curies":[{"name":"wp","href":"https:\/\/api.w.org\/{rel}","templated":true}]}}