{"id":17919,"date":"2011-07-26T14:31:41","date_gmt":"2011-07-26T12:31:41","guid":{"rendered":"https:\/\/sandzakpress.net\/arhiva\/?p=17919"},"modified":"2011-07-26T14:31:41","modified_gmt":"2011-07-26T12:31:41","slug":"cvetkovic-stopirao-najavljene-izbore-za-bnv","status":"publish","type":"post","link":"https:\/\/sandzakpress.net\/arhiva\/cvetkovic-stopirao-najavljene-izbore-za-bnv\/","title":{"rendered":"Cvetkovi\u0107 stopirao najavljene izbore za BNV"},"content":{"rendered":"<p><strong><a href=\"https:\/\/sandzakpress.net\/arhiva\/wp-content\/uploads\/2011\/07\/160_Mirko-Cvetkovic_f.jpg\"><img loading=\"lazy\" decoding=\"async\" class=\"alignleft size-full wp-image-17929\" title=\"160_Mirko Cvetkovic_f\" src=\"https:\/\/sandzakpress.net\/arhiva\/wp-content\/uploads\/2011\/07\/160_Mirko-Cvetkovic_f.jpg\" alt=\"\" width=\"297\" height=\"290\" \/><\/a>Sjeverni Sand\u017eak &#8211; Premijer Srbije Mirko Cvetkovi\u0107 odlo\u017eio je raspisivanje izbora za Nacionalni savet bo\u0161nja\u010dke nacionalne zajednice, saznaje Press<\/strong><\/p>\n<p>Izbori za Nacionalni savet Bo\u0161njaka trebalo je da se odr\u017ee 16. oktobra, ali je, kako navode na\u0161i izvori, premijer Cvetkovi\u0107 iznenada odlo\u017eio njihovo raspisivanje.<\/p>\n<p>Izbori za Nacionalni savet bo\u0161nja\u010dke nacionalne zajednice trebalo je da budu raspisani 15. jula, a da se odr\u017ee 16. oktobra. Dva dana pre raspisivanja izbora premijer Cvetkovi\u0107 tra\u017eio je da se odlo\u017ei izborni proces, navode na\u0161i izvori.<\/p>\n<p>Oni isti\u010du da su bile ura\u0111ene sve pripreme, kao i da bi ti izbori bili najbolje tehni\u010dki organizovani do sada. Predsednik Centralne izborne komisije trebalo je da bude biv\u0161i sudija Vrhovnog suda Zoran Ivo\u0161evi\u0107.<\/p>\n<p>&#8211; U ovom momentu neizvesno je da li \u0107e se i kada izbori odr\u017eati, imaju\u0107i u vidu da od dana raspisivanja do njihovog odr\u017eavanja mora da protekne najmanje 90 dana, po\u0161to zima u ovim krajevima nastupa vrlo brzo i niko nije spreman da na izbore ide kada krenu snegovi u Sand\u017eaku &#8211; navode na\u0161i sagovornici.<\/p>\n<p>Ina\u010de, pro\u0161logodi\u0161nji izbori za Nacionalni savet bo\u0161nja\u010dke nacionalne zajednice poni\u0161teni su po\u0161to je istekao zakonski rok za njegovo obrazovanje. To je izazvalo velike politi\u010dke potrese i turbulencije u Sand\u017eaku.<\/p>\n<p>Izvor: <strong>Novosti.rs<\/strong><\/p>\n","protected":false},"excerpt":{"rendered":"<p>Sjeverni Sand\u017eak &#8211; Premijer Srbije Mirko Cvetkovi\u0107 odlo\u017eio je raspisivanje izbora za Nacionalni savet bo\u0161nja\u010dke nacionalne zajednice, saznaje Press Izbori za Nacionalni savet Bo\u0161njaka trebalo je da se odr\u017ee 16. oktobra, ali je, kako navode na\u0161i izvori, premijer Cvetkovi\u0107 iznenada odlo\u017eio njihovo raspisivanje. Izbori za Nacionalni savet bo\u0161nja\u010dke nacionalne zajednice trebalo je da budu raspisani [&hellip;]<\/p>\n","protected":false},"author":83,"featured_media":17929,"comment_status":"open","ping_status":"open","sticky":false,"template":"","format":"standard","meta":{"footnotes":""},"categories":[72,1,52,327,392,393,394],"tags":[],"class_list":{"0":"post-17919","1":"post","2":"type-post","3":"status-publish","4":"format-standard","5":"has-post-thumbnail","7":"category-novi-pazar","8":"category-politika","9":"category-sjenica","10":"category-tutin","11":"category-prijepolje_","12":"category-priboj","13":"category-nova-varos"},"yoast_head":"<!-- This site is optimized with the Yoast SEO Premium plugin v23.1 (Yoast SEO v24.9) - https:\/\/yoast.com\/wordpress\/plugins\/seo\/ -->\n<title>Cvetkovi\u0107 stopirao najavljene izbore za BNV<\/title>\n<meta name=\"robots\" content=\"index, follow, max-snippet:-1, max-image-preview:large, max-video-preview:-1\" \/>\n<link rel=\"canonical\" href=\"https:\/\/sandzakpress.net\/arhiva\/cvetkovic-stopirao-najavljene-izbore-za-bnv\/\" \/>\n<meta property=\"og:locale\" content=\"bs_BA\" \/>\n<meta property=\"og:type\" content=\"article\" \/>\n<meta property=\"og:title\" content=\"Cvetkovi\u0107 stopirao najavljene izbore za BNV\" \/>\n<meta property=\"og:description\" content=\"Sjeverni Sand\u017eak &#8211; Premijer Srbije Mirko Cvetkovi\u0107 odlo\u017eio je raspisivanje izbora za Nacionalni savet bo\u0161nja\u010dke nacionalne zajednice, saznaje Press Izbori za Nacionalni savet Bo\u0161njaka trebalo je da se odr\u017ee 16. oktobra, ali je, kako navode na\u0161i izvori, premijer Cvetkovi\u0107 iznenada odlo\u017eio njihovo raspisivanje. Izbori za Nacionalni savet bo\u0161nja\u010dke nacionalne zajednice trebalo je da budu raspisani [&hellip;]\" \/>\n<meta property=\"og:url\" content=\"https:\/\/sandzakpress.net\/arhiva\/cvetkovic-stopirao-najavljene-izbore-za-bnv\/\" \/>\n<meta property=\"og:site_name\" content=\"Sand\u017eak PRESS\" \/>\n<meta property=\"article:published_time\" content=\"2011-07-26T12:31:41+00:00\" \/>\n<meta property=\"og:image\" content=\"https:\/\/sandzakpress.net\/arhiva\/wp-content\/uploads\/2011\/07\/160_Mirko-Cvetkovic_f.jpg\" \/>\n\t<meta property=\"og:image:width\" content=\"297\" \/>\n\t<meta property=\"og:image:height\" content=\"290\" \/>\n\t<meta property=\"og:image:type\" content=\"image\/jpeg\" \/>\n<meta name=\"author\" content=\"bosniak\" \/>\n<meta name=\"twitter:card\" content=\"summary_large_image\" \/>\n<meta name=\"twitter:label1\" content=\"Written by\" \/>\n\t<meta name=\"twitter:data1\" content=\"bosniak\" \/>\n\t<meta name=\"twitter:label2\" content=\"Est. reading time\" \/>\n\t<meta name=\"twitter:data2\" content=\"1 minuta\" \/>\n<script type=\"application\/ld+json\" class=\"yoast-schema-graph\">{\"@context\":\"https:\/\/schema.org\",\"@graph\":[{\"@type\":\"Article\",\"@id\":\"https:\/\/sandzakpress.net\/arhiva\/cvetkovic-stopirao-najavljene-izbore-za-bnv\/#article\",\"isPartOf\":{\"@id\":\"https:\/\/sandzakpress.net\/arhiva\/cvetkovic-stopirao-najavljene-izbore-za-bnv\/\"},\"author\":{\"name\":\"bosniak\",\"@id\":\"https:\/\/sandzakpress.net\/arhiva\/#\/schema\/person\/c8baee722073534b583ea7bdb2e36c02\"},\"headline\":\"Cvetkovi\u0107 stopirao najavljene izbore za BNV\",\"datePublished\":\"2011-07-26T12:31:41+00:00\",\"mainEntityOfPage\":{\"@id\":\"https:\/\/sandzakpress.net\/arhiva\/cvetkovic-stopirao-najavljene-izbore-za-bnv\/\"},\"wordCount\":237,\"commentCount\":0,\"publisher\":{\"@id\":\"https:\/\/sandzakpress.net\/arhiva\/#\/schema\/person\/6e72b67d6e51910a1117b3b483ba20bd\"},\"image\":{\"@id\":\"https:\/\/sandzakpress.net\/arhiva\/cvetkovic-stopirao-najavljene-izbore-za-bnv\/#primaryimage\"},\"thumbnailUrl\":\"https:\/\/sandzakpress.net\/arhiva\/wp-content\/uploads\/2011\/07\/160_Mirko-Cvetkovic_f.jpg\",\"articleSection\":[\"Novi Pazar\",\"Politika\",\"Sjenica\",\"Tutin\",\"Prijepolje\",\"Priboj\",\"Nova Varo\u0161\"],\"inLanguage\":\"bs-BA\",\"potentialAction\":[{\"@type\":\"CommentAction\",\"name\":\"Comment\",\"target\":[\"https:\/\/sandzakpress.net\/arhiva\/cvetkovic-stopirao-najavljene-izbore-za-bnv\/#respond\"]}]},{\"@type\":\"WebPage\",\"@id\":\"https:\/\/sandzakpress.net\/arhiva\/cvetkovic-stopirao-najavljene-izbore-za-bnv\/\",\"url\":\"https:\/\/sandzakpress.net\/arhiva\/cvetkovic-stopirao-najavljene-izbore-za-bnv\/\",\"name\":\"Cvetkovi\u0107 stopirao najavljene izbore za BNV\",\"isPartOf\":{\"@id\":\"https:\/\/sandzakpress.net\/arhiva\/#website\"},\"primaryImageOfPage\":{\"@id\":\"https:\/\/sandzakpress.net\/arhiva\/cvetkovic-stopirao-najavljene-izbore-za-bnv\/#primaryimage\"},\"image\":{\"@id\":\"https:\/\/sandzakpress.net\/arhiva\/cvetkovic-stopirao-najavljene-izbore-za-bnv\/#primaryimage\"},\"thumbnailUrl\":\"https:\/\/sandzakpress.net\/arhiva\/wp-content\/uploads\/2011\/07\/160_Mirko-Cvetkovic_f.jpg\",\"datePublished\":\"2011-07-26T12:31:41+00:00\",\"breadcrumb\":{\"@id\":\"https:\/\/sandzakpress.net\/arhiva\/cvetkovic-stopirao-najavljene-izbore-za-bnv\/#breadcrumb\"},\"inLanguage\":\"bs-BA\",\"potentialAction\":[{\"@type\":\"ReadAction\",\"target\":[\"https:\/\/sandzakpress.net\/arhiva\/cvetkovic-stopirao-najavljene-izbore-za-bnv\/\"]}]},{\"@type\":\"ImageObject\",\"inLanguage\":\"bs-BA\",\"@id\":\"https:\/\/sandzakpress.net\/arhiva\/cvetkovic-stopirao-najavljene-izbore-za-bnv\/#primaryimage\",\"url\":\"https:\/\/sandzakpress.net\/arhiva\/wp-content\/uploads\/2011\/07\/160_Mirko-Cvetkovic_f.jpg\",\"contentUrl\":\"https:\/\/sandzakpress.net\/arhiva\/wp-content\/uploads\/2011\/07\/160_Mirko-Cvetkovic_f.jpg\",\"width\":297,\"height\":290},{\"@type\":\"BreadcrumbList\",\"@id\":\"https:\/\/sandzakpress.net\/arhiva\/cvetkovic-stopirao-najavljene-izbore-za-bnv\/#breadcrumb\",\"itemListElement\":[{\"@type\":\"ListItem\",\"position\":1,\"name\":\"Home\",\"item\":\"https:\/\/sandzakpress.net\/arhiva\/\"},{\"@type\":\"ListItem\",\"position\":2,\"name\":\"Cvetkovi\u0107 stopirao najavljene izbore za BNV\"}]},{\"@type\":\"WebSite\",\"@id\":\"https:\/\/sandzakpress.net\/arhiva\/#website\",\"url\":\"https:\/\/sandzakpress.net\/arhiva\/\",\"name\":\"Sand\u017eak PRESS\",\"description\":\"Prve elektronske novine u Sand\u017eaku\",\"publisher\":{\"@id\":\"https:\/\/sandzakpress.net\/arhiva\/#\/schema\/person\/6e72b67d6e51910a1117b3b483ba20bd\"},\"potentialAction\":[{\"@type\":\"SearchAction\",\"target\":{\"@type\":\"EntryPoint\",\"urlTemplate\":\"https:\/\/sandzakpress.net\/arhiva\/?s={search_term_string}\"},\"query-input\":{\"@type\":\"PropertyValueSpecification\",\"valueRequired\":true,\"valueName\":\"search_term_string\"}}],\"inLanguage\":\"bs-BA\"},{\"@type\":[\"Person\",\"Organization\"],\"@id\":\"https:\/\/sandzakpress.net\/arhiva\/#\/schema\/person\/6e72b67d6e51910a1117b3b483ba20bd\",\"name\":\"Kul\",\"image\":{\"@type\":\"ImageObject\",\"inLanguage\":\"bs-BA\",\"@id\":\"https:\/\/sandzakpress.net\/arhiva\/#\/schema\/person\/image\/\",\"url\":\"https:\/\/secure.gravatar.com\/avatar\/42263f39aa27ac04c43cab85c280eb2e?s=96&d=mm&r=pg\",\"contentUrl\":\"https:\/\/secure.gravatar.com\/avatar\/42263f39aa27ac04c43cab85c280eb2e?s=96&d=mm&r=pg\",\"caption\":\"Kul\"},\"logo\":{\"@id\":\"https:\/\/sandzakpress.net\/arhiva\/#\/schema\/person\/image\/\"}},{\"@type\":\"Person\",\"@id\":\"https:\/\/sandzakpress.net\/arhiva\/#\/schema\/person\/c8baee722073534b583ea7bdb2e36c02\",\"name\":\"bosniak\",\"image\":{\"@type\":\"ImageObject\",\"inLanguage\":\"bs-BA\",\"@id\":\"https:\/\/sandzakpress.net\/arhiva\/#\/schema\/person\/image\/\",\"url\":\"https:\/\/secure.gravatar.com\/avatar\/a04fd330bfe3a36a72a0ad4a6d89fca7?s=96&d=mm&r=pg\",\"contentUrl\":\"https:\/\/secure.gravatar.com\/avatar\/a04fd330bfe3a36a72a0ad4a6d89fca7?s=96&d=mm&r=pg\",\"caption\":\"bosniak\"},\"url\":\"https:\/\/sandzakpress.net\/arhiva\/author\/bosniak\/\"}]}<\/script>\n<!-- \/ Yoast SEO Premium plugin. -->","yoast_head_json":{"title":"Cvetkovi\u0107 stopirao najavljene izbore za BNV","robots":{"index":"index","follow":"follow","max-snippet":"max-snippet:-1","max-image-preview":"max-image-preview:large","max-video-preview":"max-video-preview:-1"},"canonical":"https:\/\/sandzakpress.net\/arhiva\/cvetkovic-stopirao-najavljene-izbore-za-bnv\/","og_locale":"bs_BA","og_type":"article","og_title":"Cvetkovi\u0107 stopirao najavljene izbore za BNV","og_description":"Sjeverni Sand\u017eak &#8211; Premijer Srbije Mirko Cvetkovi\u0107 odlo\u017eio je raspisivanje izbora za Nacionalni savet bo\u0161nja\u010dke nacionalne zajednice, saznaje Press Izbori za Nacionalni savet Bo\u0161njaka trebalo je da se odr\u017ee 16. oktobra, ali je, kako navode na\u0161i izvori, premijer Cvetkovi\u0107 iznenada odlo\u017eio njihovo raspisivanje. Izbori za Nacionalni savet bo\u0161nja\u010dke nacionalne zajednice trebalo je da budu raspisani [&hellip;]","og_url":"https:\/\/sandzakpress.net\/arhiva\/cvetkovic-stopirao-najavljene-izbore-za-bnv\/","og_site_name":"Sand\u017eak PRESS","article_published_time":"2011-07-26T12:31:41+00:00","og_image":[{"width":297,"height":290,"url":"https:\/\/sandzakpress.net\/arhiva\/wp-content\/uploads\/2011\/07\/160_Mirko-Cvetkovic_f.jpg","type":"image\/jpeg"}],"author":"bosniak","twitter_card":"summary_large_image","twitter_misc":{"Written by":"bosniak","Est. reading time":"1 minuta"},"schema":{"@context":"https:\/\/schema.org","@graph":[{"@type":"Article","@id":"https:\/\/sandzakpress.net\/arhiva\/cvetkovic-stopirao-najavljene-izbore-za-bnv\/#article","isPartOf":{"@id":"https:\/\/sandzakpress.net\/arhiva\/cvetkovic-stopirao-najavljene-izbore-za-bnv\/"},"author":{"name":"bosniak","@id":"https:\/\/sandzakpress.net\/arhiva\/#\/schema\/person\/c8baee722073534b583ea7bdb2e36c02"},"headline":"Cvetkovi\u0107 stopirao najavljene izbore za BNV","datePublished":"2011-07-26T12:31:41+00:00","mainEntityOfPage":{"@id":"https:\/\/sandzakpress.net\/arhiva\/cvetkovic-stopirao-najavljene-izbore-za-bnv\/"},"wordCount":237,"commentCount":0,"publisher":{"@id":"https:\/\/sandzakpress.net\/arhiva\/#\/schema\/person\/6e72b67d6e51910a1117b3b483ba20bd"},"image":{"@id":"https:\/\/sandzakpress.net\/arhiva\/cvetkovic-stopirao-najavljene-izbore-za-bnv\/#primaryimage"},"thumbnailUrl":"https:\/\/sandzakpress.net\/arhiva\/wp-content\/uploads\/2011\/07\/160_Mirko-Cvetkovic_f.jpg","articleSection":["Novi Pazar","Politika","Sjenica","Tutin","Prijepolje","Priboj","Nova Varo\u0161"],"inLanguage":"bs-BA","potentialAction":[{"@type":"CommentAction","name":"Comment","target":["https:\/\/sandzakpress.net\/arhiva\/cvetkovic-stopirao-najavljene-izbore-za-bnv\/#respond"]}]},{"@type":"WebPage","@id":"https:\/\/sandzakpress.net\/arhiva\/cvetkovic-stopirao-najavljene-izbore-za-bnv\/","url":"https:\/\/sandzakpress.net\/arhiva\/cvetkovic-stopirao-najavljene-izbore-za-bnv\/","name":"Cvetkovi\u0107 stopirao najavljene izbore za BNV","isPartOf":{"@id":"https:\/\/sandzakpress.net\/arhiva\/#website"},"primaryImageOfPage":{"@id":"https:\/\/sandzakpress.net\/arhiva\/cvetkovic-stopirao-najavljene-izbore-za-bnv\/#primaryimage"},"image":{"@id":"https:\/\/sandzakpress.net\/arhiva\/cvetkovic-stopirao-najavljene-izbore-za-bnv\/#primaryimage"},"thumbnailUrl":"https:\/\/sandzakpress.net\/arhiva\/wp-content\/uploads\/2011\/07\/160_Mirko-Cvetkovic_f.jpg","datePublished":"2011-07-26T12:31:41+00:00","breadcrumb":{"@id":"https:\/\/sandzakpress.net\/arhiva\/cvetkovic-stopirao-najavljene-izbore-za-bnv\/#breadcrumb"},"inLanguage":"bs-BA","potentialAction":[{"@type":"ReadAction","target":["https:\/\/sandzakpress.net\/arhiva\/cvetkovic-stopirao-najavljene-izbore-za-bnv\/"]}]},{"@type":"ImageObject","inLanguage":"bs-BA","@id":"https:\/\/sandzakpress.net\/arhiva\/cvetkovic-stopirao-najavljene-izbore-za-bnv\/#primaryimage","url":"https:\/\/sandzakpress.net\/arhiva\/wp-content\/uploads\/2011\/07\/160_Mirko-Cvetkovic_f.jpg","contentUrl":"https:\/\/sandzakpress.net\/arhiva\/wp-content\/uploads\/2011\/07\/160_Mirko-Cvetkovic_f.jpg","width":297,"height":290},{"@type":"BreadcrumbList","@id":"https:\/\/sandzakpress.net\/arhiva\/cvetkovic-stopirao-najavljene-izbore-za-bnv\/#breadcrumb","itemListElement":[{"@type":"ListItem","position":1,"name":"Home","item":"https:\/\/sandzakpress.net\/arhiva\/"},{"@type":"ListItem","position":2,"name":"Cvetkovi\u0107 stopirao najavljene izbore za BNV"}]},{"@type":"WebSite","@id":"https:\/\/sandzakpress.net\/arhiva\/#website","url":"https:\/\/sandzakpress.net\/arhiva\/","name":"Sand\u017eak PRESS","description":"Prve elektronske novine u Sand\u017eaku","publisher":{"@id":"https:\/\/sandzakpress.net\/arhiva\/#\/schema\/person\/6e72b67d6e51910a1117b3b483ba20bd"},"potentialAction":[{"@type":"SearchAction","target":{"@type":"EntryPoint","urlTemplate":"https:\/\/sandzakpress.net\/arhiva\/?s={search_term_string}"},"query-input":{"@type":"PropertyValueSpecification","valueRequired":true,"valueName":"search_term_string"}}],"inLanguage":"bs-BA"},{"@type":["Person","Organization"],"@id":"https:\/\/sandzakpress.net\/arhiva\/#\/schema\/person\/6e72b67d6e51910a1117b3b483ba20bd","name":"Kul","image":{"@type":"ImageObject","inLanguage":"bs-BA","@id":"https:\/\/sandzakpress.net\/arhiva\/#\/schema\/person\/image\/","url":"https:\/\/secure.gravatar.com\/avatar\/42263f39aa27ac04c43cab85c280eb2e?s=96&d=mm&r=pg","contentUrl":"https:\/\/secure.gravatar.com\/avatar\/42263f39aa27ac04c43cab85c280eb2e?s=96&d=mm&r=pg","caption":"Kul"},"logo":{"@id":"https:\/\/sandzakpress.net\/arhiva\/#\/schema\/person\/image\/"}},{"@type":"Person","@id":"https:\/\/sandzakpress.net\/arhiva\/#\/schema\/person\/c8baee722073534b583ea7bdb2e36c02","name":"bosniak","image":{"@type":"ImageObject","inLanguage":"bs-BA","@id":"https:\/\/sandzakpress.net\/arhiva\/#\/schema\/person\/image\/","url":"https:\/\/secure.gravatar.com\/avatar\/a04fd330bfe3a36a72a0ad4a6d89fca7?s=96&d=mm&r=pg","contentUrl":"https:\/\/secure.gravatar.com\/avatar\/a04fd330bfe3a36a72a0ad4a6d89fca7?s=96&d=mm&r=pg","caption":"bosniak"},"url":"https:\/\/sandzakpress.net\/arhiva\/author\/bosniak\/"}]}},"_links":{"self":[{"href":"https:\/\/sandzakpress.net\/arhiva\/wp-json\/wp\/v2\/posts\/17919"}],"collection":[{"href":"https:\/\/sandzakpress.net\/arhiva\/wp-json\/wp\/v2\/posts"}],"about":[{"href":"https:\/\/sandzakpress.net\/arhiva\/wp-json\/wp\/v2\/types\/post"}],"author":[{"embeddable":true,"href":"https:\/\/sandzakpress.net\/arhiva\/wp-json\/wp\/v2\/users\/83"}],"replies":[{"embeddable":true,"href":"https:\/\/sandzakpress.net\/arhiva\/wp-json\/wp\/v2\/comments?post=17919"}],"version-history":[{"count":0,"href":"https:\/\/sandzakpress.net\/arhiva\/wp-json\/wp\/v2\/posts\/17919\/revisions"}],"wp:featuredmedia":[{"embeddable":true,"href":"https:\/\/sandzakpress.net\/arhiva\/wp-json\/wp\/v2\/media\/17929"}],"wp:attachment":[{"href":"https:\/\/sandzakpress.net\/arhiva\/wp-json\/wp\/v2\/media?parent=17919"}],"wp:term":[{"taxonomy":"category","embeddable":true,"href":"https:\/\/sandzakpress.net\/arhiva\/wp-json\/wp\/v2\/categories?post=17919"},{"taxonomy":"post_tag","embeddable":true,"href":"https:\/\/sandzakpress.net\/arhiva\/wp-json\/wp\/v2\/tags?post=17919"}],"curies":[{"name":"wp","href":"https:\/\/api.w.org\/{rel}","templated":true}]}}