{"id":17904,"date":"2011-07-26T14:08:00","date_gmt":"2011-07-26T12:08:00","guid":{"rendered":"https:\/\/sandzakpress.net\/arhiva\/?p=17904"},"modified":"2011-07-26T14:08:00","modified_gmt":"2011-07-26T12:08:00","slug":"visoka-delegacija-bnv-a-ugostila-delegaciju-ambasade-sad-a","status":"publish","type":"post","link":"https:\/\/sandzakpress.net\/arhiva\/visoka-delegacija-bnv-a-ugostila-delegaciju-ambasade-sad-a\/","title":{"rendered":"Visoka delegacija BNV-a ugostila delegaciju Ambasade SAD-a"},"content":{"rendered":"<p><strong><a href=\"https:\/\/sandzakpress.net\/arhiva\/wp-content\/uploads\/2011\/07\/amerikanci-u-BNV-u-20.7.-2.jpg\"><img loading=\"lazy\" decoding=\"async\" class=\"alignleft size-medium wp-image-17905\" title=\"amerikanci-u-BNV-u-20.7.-2\" src=\"https:\/\/sandzakpress.net\/arhiva\/wp-content\/uploads\/2011\/07\/amerikanci-u-BNV-u-20.7.-2-300x198.jpg\" alt=\"\" width=\"300\" height=\"198\" \/><\/a>Sjeverni Sand\u017eak &#8211; Predsjednik Bo\u0161nja\u010dkog nacionalnog vije\u0107a prof. dr. Mevlud Dudi\u0107 danas je u prostorijama BNV-a primio delegaciju Ambasade sjedinjenih ameri\u010dkih dr\u017eava iz politi\u010dkog odjeljenja, predvo\u0111enu D\u017eonom Hesfordom.Gospodin Hesforfd je prvi put u Sand\u017eaku i najvi\u0161e se interesirao za polo\u017eaj i stanje Bo\u0161njaka u Sand\u017eaku, kao i za probleme s kojima se suo\u010davaju.<\/strong><\/p>\n<p>Predsjednik BNV-a prof. dr. Dudi\u0107 upoznao je gospodina Hesforda sa polo\u017eajem Bo\u0161njaka u Sand\u017eaku, stanjem i problemima, ali i sa pet klju\u010dnih problema sa kojima se Bo\u0161njaci suo\u010davaju, a koji se hitno moraju rije\u0161iti:<\/p>\n<ol>\n<li>Normalan rad BNV-a<\/li>\n<li>Jedinstvena Islamska zajednica u Srbiji<\/li>\n<li>Zavr\u0161etak procesa akreditacije Internacionalnog univerziteta<\/li>\n<li>Vra\u0107anje istjeranih vjerou\u010ditelja na njihova radna mjesta i<\/li>\n<li>Pitanje vakufske imovine<\/li>\n<\/ol>\n<p>Predsjednik Izvr\u0161nog odbora Bo\u0161nja\u010dkog nacionalnog vije\u0107a, Samir Tandir govorio je o diskriminaciji Bo\u0161njaka i problemima procentualne zastupljenosti Bo\u0161njaka u dr\u017eavnim institucijama, kao i o problemu obrazovanja i informiranja na Bosanskom jeziku.<\/p>\n<p><em>Svoje probleme \u017eelimo da rje\u0161avamo na miran na\u010din kako su to \u010dinili Martin\u00a0 Luter King, Nelson, Mendela i drugi. <\/em>\u2013 istakao je predsjednik IO Samir Tandir.<\/p>\n<p>Gospodin D\u017eon Hesford se zahvalio na prijemu uz obe\u0107anje da ce u\u010diniti sve da se stanje ljudskih prava Bo\u0161njaka u Sand\u017eaku pobolj\u0161a.<\/p>\n<p>Izvor: <strong>BNV.rs<\/strong><\/p>\n","protected":false},"excerpt":{"rendered":"<p>Sjeverni Sand\u017eak &#8211; Predsjednik Bo\u0161nja\u010dkog nacionalnog vije\u0107a prof. dr. Mevlud Dudi\u0107 danas je u prostorijama BNV-a primio delegaciju Ambasade sjedinjenih ameri\u010dkih dr\u017eava iz politi\u010dkog odjeljenja, predvo\u0111enu D\u017eonom Hesfordom.Gospodin Hesforfd je prvi put u Sand\u017eaku i najvi\u0161e se interesirao za polo\u017eaj i stanje Bo\u0161njaka u Sand\u017eaku, kao i za probleme s kojima se suo\u010davaju. Predsjednik BNV-a [&hellip;]<\/p>\n","protected":false},"author":83,"featured_media":17905,"comment_status":"open","ping_status":"open","sticky":false,"template":"","format":"standard","meta":{"footnotes":""},"categories":[72,800,52,327,392,393,394],"tags":[],"class_list":{"0":"post-17904","1":"post","2":"type-post","3":"status-publish","4":"format-standard","5":"has-post-thumbnail","7":"category-novi-pazar","8":"category-nacija","9":"category-sjenica","10":"category-tutin","11":"category-prijepolje_","12":"category-priboj","13":"category-nova-varos"},"yoast_head":"<!-- This site is optimized with the Yoast SEO Premium plugin v23.1 (Yoast SEO v24.9) - https:\/\/yoast.com\/wordpress\/plugins\/seo\/ -->\n<title>Visoka delegacija BNV-a ugostila delegaciju Ambasade SAD-a<\/title>\n<meta name=\"robots\" content=\"index, follow, max-snippet:-1, max-image-preview:large, max-video-preview:-1\" \/>\n<link rel=\"canonical\" href=\"https:\/\/sandzakpress.net\/arhiva\/visoka-delegacija-bnv-a-ugostila-delegaciju-ambasade-sad-a\/\" \/>\n<meta property=\"og:locale\" content=\"bs_BA\" \/>\n<meta property=\"og:type\" content=\"article\" \/>\n<meta property=\"og:title\" content=\"Visoka delegacija BNV-a ugostila delegaciju Ambasade SAD-a\" \/>\n<meta property=\"og:description\" content=\"Sjeverni Sand\u017eak &#8211; Predsjednik Bo\u0161nja\u010dkog nacionalnog vije\u0107a prof. dr. Mevlud Dudi\u0107 danas je u prostorijama BNV-a primio delegaciju Ambasade sjedinjenih ameri\u010dkih dr\u017eava iz politi\u010dkog odjeljenja, predvo\u0111enu D\u017eonom Hesfordom.Gospodin Hesforfd je prvi put u Sand\u017eaku i najvi\u0161e se interesirao za polo\u017eaj i stanje Bo\u0161njaka u Sand\u017eaku, kao i za probleme s kojima se suo\u010davaju. Predsjednik BNV-a [&hellip;]\" \/>\n<meta property=\"og:url\" content=\"https:\/\/sandzakpress.net\/arhiva\/visoka-delegacija-bnv-a-ugostila-delegaciju-ambasade-sad-a\/\" \/>\n<meta property=\"og:site_name\" content=\"Sand\u017eak PRESS\" \/>\n<meta property=\"article:published_time\" content=\"2011-07-26T12:08:00+00:00\" \/>\n<meta property=\"og:image\" content=\"https:\/\/sandzakpress.net\/arhiva\/wp-content\/uploads\/2011\/07\/amerikanci-u-BNV-u-20.7.-2.jpg\" \/>\n\t<meta property=\"og:image:width\" content=\"600\" \/>\n\t<meta property=\"og:image:height\" content=\"397\" \/>\n\t<meta property=\"og:image:type\" content=\"image\/jpeg\" \/>\n<meta name=\"author\" content=\"bosniak\" \/>\n<meta name=\"twitter:card\" content=\"summary_large_image\" \/>\n<meta name=\"twitter:label1\" content=\"Written by\" \/>\n\t<meta name=\"twitter:data1\" content=\"bosniak\" \/>\n\t<meta name=\"twitter:label2\" content=\"Est. reading time\" \/>\n\t<meta name=\"twitter:data2\" content=\"1 minuta\" \/>\n<script type=\"application\/ld+json\" class=\"yoast-schema-graph\">{\"@context\":\"https:\/\/schema.org\",\"@graph\":[{\"@type\":\"Article\",\"@id\":\"https:\/\/sandzakpress.net\/arhiva\/visoka-delegacija-bnv-a-ugostila-delegaciju-ambasade-sad-a\/#article\",\"isPartOf\":{\"@id\":\"https:\/\/sandzakpress.net\/arhiva\/visoka-delegacija-bnv-a-ugostila-delegaciju-ambasade-sad-a\/\"},\"author\":{\"name\":\"bosniak\",\"@id\":\"https:\/\/sandzakpress.net\/arhiva\/#\/schema\/person\/c8baee722073534b583ea7bdb2e36c02\"},\"headline\":\"Visoka delegacija BNV-a ugostila delegaciju Ambasade SAD-a\",\"datePublished\":\"2011-07-26T12:08:00+00:00\",\"mainEntityOfPage\":{\"@id\":\"https:\/\/sandzakpress.net\/arhiva\/visoka-delegacija-bnv-a-ugostila-delegaciju-ambasade-sad-a\/\"},\"wordCount\":240,\"commentCount\":0,\"publisher\":{\"@id\":\"https:\/\/sandzakpress.net\/arhiva\/#\/schema\/person\/6e72b67d6e51910a1117b3b483ba20bd\"},\"image\":{\"@id\":\"https:\/\/sandzakpress.net\/arhiva\/visoka-delegacija-bnv-a-ugostila-delegaciju-ambasade-sad-a\/#primaryimage\"},\"thumbnailUrl\":\"https:\/\/sandzakpress.net\/arhiva\/wp-content\/uploads\/2011\/07\/amerikanci-u-BNV-u-20.7.-2.jpg\",\"articleSection\":[\"Novi Pazar\",\"Nacija\",\"Sjenica\",\"Tutin\",\"Prijepolje\",\"Priboj\",\"Nova Varo\u0161\"],\"inLanguage\":\"bs-BA\",\"potentialAction\":[{\"@type\":\"CommentAction\",\"name\":\"Comment\",\"target\":[\"https:\/\/sandzakpress.net\/arhiva\/visoka-delegacija-bnv-a-ugostila-delegaciju-ambasade-sad-a\/#respond\"]}]},{\"@type\":\"WebPage\",\"@id\":\"https:\/\/sandzakpress.net\/arhiva\/visoka-delegacija-bnv-a-ugostila-delegaciju-ambasade-sad-a\/\",\"url\":\"https:\/\/sandzakpress.net\/arhiva\/visoka-delegacija-bnv-a-ugostila-delegaciju-ambasade-sad-a\/\",\"name\":\"Visoka delegacija BNV-a ugostila delegaciju Ambasade SAD-a\",\"isPartOf\":{\"@id\":\"https:\/\/sandzakpress.net\/arhiva\/#website\"},\"primaryImageOfPage\":{\"@id\":\"https:\/\/sandzakpress.net\/arhiva\/visoka-delegacija-bnv-a-ugostila-delegaciju-ambasade-sad-a\/#primaryimage\"},\"image\":{\"@id\":\"https:\/\/sandzakpress.net\/arhiva\/visoka-delegacija-bnv-a-ugostila-delegaciju-ambasade-sad-a\/#primaryimage\"},\"thumbnailUrl\":\"https:\/\/sandzakpress.net\/arhiva\/wp-content\/uploads\/2011\/07\/amerikanci-u-BNV-u-20.7.-2.jpg\",\"datePublished\":\"2011-07-26T12:08:00+00:00\",\"breadcrumb\":{\"@id\":\"https:\/\/sandzakpress.net\/arhiva\/visoka-delegacija-bnv-a-ugostila-delegaciju-ambasade-sad-a\/#breadcrumb\"},\"inLanguage\":\"bs-BA\",\"potentialAction\":[{\"@type\":\"ReadAction\",\"target\":[\"https:\/\/sandzakpress.net\/arhiva\/visoka-delegacija-bnv-a-ugostila-delegaciju-ambasade-sad-a\/\"]}]},{\"@type\":\"ImageObject\",\"inLanguage\":\"bs-BA\",\"@id\":\"https:\/\/sandzakpress.net\/arhiva\/visoka-delegacija-bnv-a-ugostila-delegaciju-ambasade-sad-a\/#primaryimage\",\"url\":\"https:\/\/sandzakpress.net\/arhiva\/wp-content\/uploads\/2011\/07\/amerikanci-u-BNV-u-20.7.-2.jpg\",\"contentUrl\":\"https:\/\/sandzakpress.net\/arhiva\/wp-content\/uploads\/2011\/07\/amerikanci-u-BNV-u-20.7.-2.jpg\",\"width\":600,\"height\":397},{\"@type\":\"BreadcrumbList\",\"@id\":\"https:\/\/sandzakpress.net\/arhiva\/visoka-delegacija-bnv-a-ugostila-delegaciju-ambasade-sad-a\/#breadcrumb\",\"itemListElement\":[{\"@type\":\"ListItem\",\"position\":1,\"name\":\"Home\",\"item\":\"https:\/\/sandzakpress.net\/arhiva\/\"},{\"@type\":\"ListItem\",\"position\":2,\"name\":\"Visoka delegacija BNV-a ugostila delegaciju Ambasade SAD-a\"}]},{\"@type\":\"WebSite\",\"@id\":\"https:\/\/sandzakpress.net\/arhiva\/#website\",\"url\":\"https:\/\/sandzakpress.net\/arhiva\/\",\"name\":\"Sand\u017eak PRESS\",\"description\":\"Prve elektronske novine u Sand\u017eaku\",\"publisher\":{\"@id\":\"https:\/\/sandzakpress.net\/arhiva\/#\/schema\/person\/6e72b67d6e51910a1117b3b483ba20bd\"},\"potentialAction\":[{\"@type\":\"SearchAction\",\"target\":{\"@type\":\"EntryPoint\",\"urlTemplate\":\"https:\/\/sandzakpress.net\/arhiva\/?s={search_term_string}\"},\"query-input\":{\"@type\":\"PropertyValueSpecification\",\"valueRequired\":true,\"valueName\":\"search_term_string\"}}],\"inLanguage\":\"bs-BA\"},{\"@type\":[\"Person\",\"Organization\"],\"@id\":\"https:\/\/sandzakpress.net\/arhiva\/#\/schema\/person\/6e72b67d6e51910a1117b3b483ba20bd\",\"name\":\"Kul\",\"image\":{\"@type\":\"ImageObject\",\"inLanguage\":\"bs-BA\",\"@id\":\"https:\/\/sandzakpress.net\/arhiva\/#\/schema\/person\/image\/\",\"url\":\"https:\/\/secure.gravatar.com\/avatar\/42263f39aa27ac04c43cab85c280eb2e?s=96&d=mm&r=pg\",\"contentUrl\":\"https:\/\/secure.gravatar.com\/avatar\/42263f39aa27ac04c43cab85c280eb2e?s=96&d=mm&r=pg\",\"caption\":\"Kul\"},\"logo\":{\"@id\":\"https:\/\/sandzakpress.net\/arhiva\/#\/schema\/person\/image\/\"}},{\"@type\":\"Person\",\"@id\":\"https:\/\/sandzakpress.net\/arhiva\/#\/schema\/person\/c8baee722073534b583ea7bdb2e36c02\",\"name\":\"bosniak\",\"image\":{\"@type\":\"ImageObject\",\"inLanguage\":\"bs-BA\",\"@id\":\"https:\/\/sandzakpress.net\/arhiva\/#\/schema\/person\/image\/\",\"url\":\"https:\/\/secure.gravatar.com\/avatar\/a04fd330bfe3a36a72a0ad4a6d89fca7?s=96&d=mm&r=pg\",\"contentUrl\":\"https:\/\/secure.gravatar.com\/avatar\/a04fd330bfe3a36a72a0ad4a6d89fca7?s=96&d=mm&r=pg\",\"caption\":\"bosniak\"},\"url\":\"https:\/\/sandzakpress.net\/arhiva\/author\/bosniak\/\"}]}<\/script>\n<!-- \/ Yoast SEO Premium plugin. -->","yoast_head_json":{"title":"Visoka delegacija BNV-a ugostila delegaciju Ambasade SAD-a","robots":{"index":"index","follow":"follow","max-snippet":"max-snippet:-1","max-image-preview":"max-image-preview:large","max-video-preview":"max-video-preview:-1"},"canonical":"https:\/\/sandzakpress.net\/arhiva\/visoka-delegacija-bnv-a-ugostila-delegaciju-ambasade-sad-a\/","og_locale":"bs_BA","og_type":"article","og_title":"Visoka delegacija BNV-a ugostila delegaciju Ambasade SAD-a","og_description":"Sjeverni Sand\u017eak &#8211; Predsjednik Bo\u0161nja\u010dkog nacionalnog vije\u0107a prof. dr. Mevlud Dudi\u0107 danas je u prostorijama BNV-a primio delegaciju Ambasade sjedinjenih ameri\u010dkih dr\u017eava iz politi\u010dkog odjeljenja, predvo\u0111enu D\u017eonom Hesfordom.Gospodin Hesforfd je prvi put u Sand\u017eaku i najvi\u0161e se interesirao za polo\u017eaj i stanje Bo\u0161njaka u Sand\u017eaku, kao i za probleme s kojima se suo\u010davaju. Predsjednik BNV-a [&hellip;]","og_url":"https:\/\/sandzakpress.net\/arhiva\/visoka-delegacija-bnv-a-ugostila-delegaciju-ambasade-sad-a\/","og_site_name":"Sand\u017eak PRESS","article_published_time":"2011-07-26T12:08:00+00:00","og_image":[{"width":600,"height":397,"url":"https:\/\/sandzakpress.net\/arhiva\/wp-content\/uploads\/2011\/07\/amerikanci-u-BNV-u-20.7.-2.jpg","type":"image\/jpeg"}],"author":"bosniak","twitter_card":"summary_large_image","twitter_misc":{"Written by":"bosniak","Est. reading time":"1 minuta"},"schema":{"@context":"https:\/\/schema.org","@graph":[{"@type":"Article","@id":"https:\/\/sandzakpress.net\/arhiva\/visoka-delegacija-bnv-a-ugostila-delegaciju-ambasade-sad-a\/#article","isPartOf":{"@id":"https:\/\/sandzakpress.net\/arhiva\/visoka-delegacija-bnv-a-ugostila-delegaciju-ambasade-sad-a\/"},"author":{"name":"bosniak","@id":"https:\/\/sandzakpress.net\/arhiva\/#\/schema\/person\/c8baee722073534b583ea7bdb2e36c02"},"headline":"Visoka delegacija BNV-a ugostila delegaciju Ambasade SAD-a","datePublished":"2011-07-26T12:08:00+00:00","mainEntityOfPage":{"@id":"https:\/\/sandzakpress.net\/arhiva\/visoka-delegacija-bnv-a-ugostila-delegaciju-ambasade-sad-a\/"},"wordCount":240,"commentCount":0,"publisher":{"@id":"https:\/\/sandzakpress.net\/arhiva\/#\/schema\/person\/6e72b67d6e51910a1117b3b483ba20bd"},"image":{"@id":"https:\/\/sandzakpress.net\/arhiva\/visoka-delegacija-bnv-a-ugostila-delegaciju-ambasade-sad-a\/#primaryimage"},"thumbnailUrl":"https:\/\/sandzakpress.net\/arhiva\/wp-content\/uploads\/2011\/07\/amerikanci-u-BNV-u-20.7.-2.jpg","articleSection":["Novi Pazar","Nacija","Sjenica","Tutin","Prijepolje","Priboj","Nova Varo\u0161"],"inLanguage":"bs-BA","potentialAction":[{"@type":"CommentAction","name":"Comment","target":["https:\/\/sandzakpress.net\/arhiva\/visoka-delegacija-bnv-a-ugostila-delegaciju-ambasade-sad-a\/#respond"]}]},{"@type":"WebPage","@id":"https:\/\/sandzakpress.net\/arhiva\/visoka-delegacija-bnv-a-ugostila-delegaciju-ambasade-sad-a\/","url":"https:\/\/sandzakpress.net\/arhiva\/visoka-delegacija-bnv-a-ugostila-delegaciju-ambasade-sad-a\/","name":"Visoka delegacija BNV-a ugostila delegaciju Ambasade SAD-a","isPartOf":{"@id":"https:\/\/sandzakpress.net\/arhiva\/#website"},"primaryImageOfPage":{"@id":"https:\/\/sandzakpress.net\/arhiva\/visoka-delegacija-bnv-a-ugostila-delegaciju-ambasade-sad-a\/#primaryimage"},"image":{"@id":"https:\/\/sandzakpress.net\/arhiva\/visoka-delegacija-bnv-a-ugostila-delegaciju-ambasade-sad-a\/#primaryimage"},"thumbnailUrl":"https:\/\/sandzakpress.net\/arhiva\/wp-content\/uploads\/2011\/07\/amerikanci-u-BNV-u-20.7.-2.jpg","datePublished":"2011-07-26T12:08:00+00:00","breadcrumb":{"@id":"https:\/\/sandzakpress.net\/arhiva\/visoka-delegacija-bnv-a-ugostila-delegaciju-ambasade-sad-a\/#breadcrumb"},"inLanguage":"bs-BA","potentialAction":[{"@type":"ReadAction","target":["https:\/\/sandzakpress.net\/arhiva\/visoka-delegacija-bnv-a-ugostila-delegaciju-ambasade-sad-a\/"]}]},{"@type":"ImageObject","inLanguage":"bs-BA","@id":"https:\/\/sandzakpress.net\/arhiva\/visoka-delegacija-bnv-a-ugostila-delegaciju-ambasade-sad-a\/#primaryimage","url":"https:\/\/sandzakpress.net\/arhiva\/wp-content\/uploads\/2011\/07\/amerikanci-u-BNV-u-20.7.-2.jpg","contentUrl":"https:\/\/sandzakpress.net\/arhiva\/wp-content\/uploads\/2011\/07\/amerikanci-u-BNV-u-20.7.-2.jpg","width":600,"height":397},{"@type":"BreadcrumbList","@id":"https:\/\/sandzakpress.net\/arhiva\/visoka-delegacija-bnv-a-ugostila-delegaciju-ambasade-sad-a\/#breadcrumb","itemListElement":[{"@type":"ListItem","position":1,"name":"Home","item":"https:\/\/sandzakpress.net\/arhiva\/"},{"@type":"ListItem","position":2,"name":"Visoka delegacija BNV-a ugostila delegaciju Ambasade SAD-a"}]},{"@type":"WebSite","@id":"https:\/\/sandzakpress.net\/arhiva\/#website","url":"https:\/\/sandzakpress.net\/arhiva\/","name":"Sand\u017eak PRESS","description":"Prve elektronske novine u Sand\u017eaku","publisher":{"@id":"https:\/\/sandzakpress.net\/arhiva\/#\/schema\/person\/6e72b67d6e51910a1117b3b483ba20bd"},"potentialAction":[{"@type":"SearchAction","target":{"@type":"EntryPoint","urlTemplate":"https:\/\/sandzakpress.net\/arhiva\/?s={search_term_string}"},"query-input":{"@type":"PropertyValueSpecification","valueRequired":true,"valueName":"search_term_string"}}],"inLanguage":"bs-BA"},{"@type":["Person","Organization"],"@id":"https:\/\/sandzakpress.net\/arhiva\/#\/schema\/person\/6e72b67d6e51910a1117b3b483ba20bd","name":"Kul","image":{"@type":"ImageObject","inLanguage":"bs-BA","@id":"https:\/\/sandzakpress.net\/arhiva\/#\/schema\/person\/image\/","url":"https:\/\/secure.gravatar.com\/avatar\/42263f39aa27ac04c43cab85c280eb2e?s=96&d=mm&r=pg","contentUrl":"https:\/\/secure.gravatar.com\/avatar\/42263f39aa27ac04c43cab85c280eb2e?s=96&d=mm&r=pg","caption":"Kul"},"logo":{"@id":"https:\/\/sandzakpress.net\/arhiva\/#\/schema\/person\/image\/"}},{"@type":"Person","@id":"https:\/\/sandzakpress.net\/arhiva\/#\/schema\/person\/c8baee722073534b583ea7bdb2e36c02","name":"bosniak","image":{"@type":"ImageObject","inLanguage":"bs-BA","@id":"https:\/\/sandzakpress.net\/arhiva\/#\/schema\/person\/image\/","url":"https:\/\/secure.gravatar.com\/avatar\/a04fd330bfe3a36a72a0ad4a6d89fca7?s=96&d=mm&r=pg","contentUrl":"https:\/\/secure.gravatar.com\/avatar\/a04fd330bfe3a36a72a0ad4a6d89fca7?s=96&d=mm&r=pg","caption":"bosniak"},"url":"https:\/\/sandzakpress.net\/arhiva\/author\/bosniak\/"}]}},"_links":{"self":[{"href":"https:\/\/sandzakpress.net\/arhiva\/wp-json\/wp\/v2\/posts\/17904"}],"collection":[{"href":"https:\/\/sandzakpress.net\/arhiva\/wp-json\/wp\/v2\/posts"}],"about":[{"href":"https:\/\/sandzakpress.net\/arhiva\/wp-json\/wp\/v2\/types\/post"}],"author":[{"embeddable":true,"href":"https:\/\/sandzakpress.net\/arhiva\/wp-json\/wp\/v2\/users\/83"}],"replies":[{"embeddable":true,"href":"https:\/\/sandzakpress.net\/arhiva\/wp-json\/wp\/v2\/comments?post=17904"}],"version-history":[{"count":0,"href":"https:\/\/sandzakpress.net\/arhiva\/wp-json\/wp\/v2\/posts\/17904\/revisions"}],"wp:featuredmedia":[{"embeddable":true,"href":"https:\/\/sandzakpress.net\/arhiva\/wp-json\/wp\/v2\/media\/17905"}],"wp:attachment":[{"href":"https:\/\/sandzakpress.net\/arhiva\/wp-json\/wp\/v2\/media?parent=17904"}],"wp:term":[{"taxonomy":"category","embeddable":true,"href":"https:\/\/sandzakpress.net\/arhiva\/wp-json\/wp\/v2\/categories?post=17904"},{"taxonomy":"post_tag","embeddable":true,"href":"https:\/\/sandzakpress.net\/arhiva\/wp-json\/wp\/v2\/tags?post=17904"}],"curies":[{"name":"wp","href":"https:\/\/api.w.org\/{rel}","templated":true}]}}