{"id":1788,"date":"2010-01-29T15:10:31","date_gmt":"2010-01-29T14:10:31","guid":{"rendered":"https:\/\/sandzakpress.net\/arhiva\/?p=1788"},"modified":"2010-01-29T15:10:31","modified_gmt":"2010-01-29T14:10:31","slug":"pocetak-obnove-kulturnih-aktivnosti","status":"publish","type":"post","link":"https:\/\/sandzakpress.net\/arhiva\/pocetak-obnove-kulturnih-aktivnosti\/","title":{"rendered":"Po\u010detak obnove kulturnih aktivnosti"},"content":{"rendered":"<p><strong><a href=\"https:\/\/sandzakpress.net\/arhiva\/wp-content\/uploads\/2010\/01\/Otvaranje-KUDa_ocp_w380_h300.jpg\"><img loading=\"lazy\" decoding=\"async\" class=\"alignleft size-medium wp-image-1789\" title=\"Otvaranje-KUDa_ocp_w380_h300\" src=\"https:\/\/sandzakpress.net\/arhiva\/wp-content\/uploads\/2010\/01\/Otvaranje-KUDa_ocp_w380_h300-300x236.jpg\" alt=\"\" width=\"300\" height=\"236\" \/><\/a>Sjenica &#8211; Renoviranje prostorija Kulturno-umjetni\u010dkog dru\u0161tva \u201eJedinstvo\u201c je projekat ovog Dru\u0161tva koji je, u partnerstvu sa Ustanovom kulture i uz finansijsku podr\u0161ku PRO programa i Op\u0161tine Sjenica, uspje\u0161no realizovan tokom protekle godine. Time su stvoreni prostorni uslovi za po\u010detak obnove pomalo zaboravljenih, bogatih i raznovrsnih kulturnih aktivnosti u Sjenici.<\/strong><\/p>\n<p>Sve\u010dano otvaranje adaptiranog kulturno-stvarala\u010dkog prostora u ovom gradu, odnosno hrama kulture, kako re\u010de urednica i organizatorka programa Ustanove kulture u Sjenici Indira Tandirovi\u0107, organizovano je pro\u0161log petka. Pored \u010dlanova KUD-a, sve\u010danosti su prisustvovali donatori iz PRO programa i predstavnici lokalne vlasti.<\/p>\n<p>Odlomkom iz Nu\u0161i\u0107eve komedije i stihovima Muhameda Abdagi\u0107a, sve\u010danost je otvorio doajen sjeni\u010dkog glumi\u0161ta Edo Ma\u0161ovi\u0107. Svojim performansom, on je podsjetio na bogatu pozori\u0161nu tradiciju Sjenice, na neka bolja vremena i potrebu da se to nastavi zarad budu\u0107ih pokoljenja. Uru\u010dene su zahvalnice svima koji su doprinijeli uspe\u0161noj realizaciji projekta, a Sjeni\u010dki tambura\u0161i su se potrudili da ova sve\u010danost sa povodom koji najavljuje bolje dane u kulturi Sjenice, potraje do kasno u no\u0107.<\/p>\n<p>U izjavi za medije, odlaze\u0107i predsjednik KUD-a \u201eJedinstvo\u201c \u0160eki Crv\u010danin je te ve\u010deri izrazio zadovoljstvo \u0161to su, tokom njegovog predsjedni\u010dkog mandata, obezbje\u0111eni prostorni uslovi, koji omogu\u0107avaju obnovu kulturnih aktivnosti.<\/p>\n<p>&#8211; Drago mi je da sam zaklju\u010dio ovako, da sam uspeo da napravim ne\u0161to u ovom gradu. Nadam se da \u0107e u adaptiranom prostoru i uz novo rukovodstvo o\u017eivjeti i druge sekcije, naro\u010dito dramska koja je decenijama unazad bila nosilac kulture u Sjenici &#8211; kazao je Crv\u010danin.<\/p>\n<p>Sli\u010dna o\u010dekivanja, kada je re\u010d o o\u017eivljavanju kulturnih aktivnosti, izrazio je sutradan, nakon odr\u017eane Skup\u0161tine KUD-a \u201eJedinstvo\u201c, novoizabrani predsjednik Fiko Zekovi\u0107.<\/p>\n<p>&#8211; Kada sam, prije \u0161est godina, na kratko obavljao ovu funkciju, nije bilo nikakvih uslova jer tada\u0161nja vladaju\u0107a struktura u ovoj op\u0161tini nije imala sluha za kulturne aktivnosti. Posljedice toga su o\u010digledne. Sada su okolnosti druga\u010dije. Sada aktuelna vlast od nas tra\u017ei da aktiviramo kulturne doga\u0111aje i aktivnosti. Upravo zbog takve podr\u0161ke lokalne zajednice, prihvatio sam da ponovo budem na vrhu piramide. Ina\u010de, ovo je samo prelazni period u kojem bi mi stariji trebalo da stvorimo uslove za neke nove, mlade ljude, koji \u0107e nastaviti da u\u010destvuju a potom i organizuju kulturne aktivnosti u ovom gradu &#8211; izjavio je Zekovi\u0107.<\/p>\n<p>On je po\u017eelio Sjeni\u010danima da ve\u0107 tokom ove godine odgledaju i prvu filmsku projekciju, ali i pozori\u0161nu predstavu u renoviranoj, vi\u0161enamjenskoj bioskopskoj sali, koja godinama nije u funkciji. Jer, tradicionalno, KUD \u201eJedinstvo\u201c je bilo mjesto za stvaranje, a bioskopska sala mjesto za prikazivanje raznovrsnih kulturnih sadr\u017eaja u Sjenici, koji bi u narednom periodu trebalo ponovo da za\u017eive.<\/p>\n<p>Izvor: <strong>Danas.rs\/Dodaci\/Sandzak<\/strong><\/p>\n","protected":false},"excerpt":{"rendered":"<p>Sjenica &#8211; Renoviranje prostorija Kulturno-umjetni\u010dkog dru\u0161tva \u201eJedinstvo\u201c je projekat ovog Dru\u0161tva koji je, u partnerstvu sa Ustanovom kulture i uz finansijsku podr\u0161ku PRO programa i Op\u0161tine Sjenica, uspje\u0161no realizovan tokom protekle godine. Time su stvoreni prostorni uslovi za po\u010detak obnove pomalo zaboravljenih, bogatih i raznovrsnih kulturnih aktivnosti u Sjenici. Sve\u010dano otvaranje adaptiranog kulturno-stvarala\u010dkog prostora u [&hellip;]<\/p>\n","protected":false},"author":83,"featured_media":1789,"comment_status":"open","ping_status":"open","sticky":false,"template":"","format":"standard","meta":{"footnotes":""},"categories":[16],"tags":[],"class_list":{"0":"post-1788","1":"post","2":"type-post","3":"status-publish","4":"format-standard","5":"has-post-thumbnail","7":"category-novine"},"yoast_head":"<!-- This site is optimized with the Yoast SEO Premium plugin v23.1 (Yoast SEO v24.9) - https:\/\/yoast.com\/wordpress\/plugins\/seo\/ -->\n<title>Po\u010detak obnove kulturnih aktivnosti<\/title>\n<meta name=\"robots\" content=\"index, follow, max-snippet:-1, max-image-preview:large, max-video-preview:-1\" \/>\n<link rel=\"canonical\" href=\"https:\/\/sandzakpress.net\/arhiva\/pocetak-obnove-kulturnih-aktivnosti\/\" \/>\n<meta property=\"og:locale\" content=\"bs_BA\" \/>\n<meta property=\"og:type\" content=\"article\" \/>\n<meta property=\"og:title\" content=\"Po\u010detak obnove kulturnih aktivnosti\" \/>\n<meta property=\"og:description\" content=\"Sjenica &#8211; Renoviranje prostorija Kulturno-umjetni\u010dkog dru\u0161tva \u201eJedinstvo\u201c je projekat ovog Dru\u0161tva koji je, u partnerstvu sa Ustanovom kulture i uz finansijsku podr\u0161ku PRO programa i Op\u0161tine Sjenica, uspje\u0161no realizovan tokom protekle godine. Time su stvoreni prostorni uslovi za po\u010detak obnove pomalo zaboravljenih, bogatih i raznovrsnih kulturnih aktivnosti u Sjenici. Sve\u010dano otvaranje adaptiranog kulturno-stvarala\u010dkog prostora u [&hellip;]\" \/>\n<meta property=\"og:url\" content=\"https:\/\/sandzakpress.net\/arhiva\/pocetak-obnove-kulturnih-aktivnosti\/\" \/>\n<meta property=\"og:site_name\" content=\"Sand\u017eak PRESS\" \/>\n<meta property=\"article:published_time\" content=\"2010-01-29T14:10:31+00:00\" \/>\n<meta property=\"og:image\" content=\"https:\/\/sandzakpress.net\/arhiva\/wp-content\/uploads\/2010\/01\/Otvaranje-KUDa_ocp_w380_h300.jpg\" \/>\n\t<meta property=\"og:image:width\" content=\"380\" \/>\n\t<meta property=\"og:image:height\" content=\"300\" \/>\n\t<meta property=\"og:image:type\" content=\"image\/jpeg\" \/>\n<meta name=\"author\" content=\"bosniak\" \/>\n<meta name=\"twitter:card\" content=\"summary_large_image\" \/>\n<meta name=\"twitter:label1\" content=\"Written by\" \/>\n\t<meta name=\"twitter:data1\" content=\"bosniak\" \/>\n\t<meta name=\"twitter:label2\" content=\"Est. reading time\" \/>\n\t<meta name=\"twitter:data2\" content=\"2 minute\" \/>\n<script type=\"application\/ld+json\" class=\"yoast-schema-graph\">{\"@context\":\"https:\/\/schema.org\",\"@graph\":[{\"@type\":\"Article\",\"@id\":\"https:\/\/sandzakpress.net\/arhiva\/pocetak-obnove-kulturnih-aktivnosti\/#article\",\"isPartOf\":{\"@id\":\"https:\/\/sandzakpress.net\/arhiva\/pocetak-obnove-kulturnih-aktivnosti\/\"},\"author\":{\"name\":\"bosniak\",\"@id\":\"https:\/\/sandzakpress.net\/arhiva\/#\/schema\/person\/c8baee722073534b583ea7bdb2e36c02\"},\"headline\":\"Po\u010detak obnove kulturnih aktivnosti\",\"datePublished\":\"2010-01-29T14:10:31+00:00\",\"mainEntityOfPage\":{\"@id\":\"https:\/\/sandzakpress.net\/arhiva\/pocetak-obnove-kulturnih-aktivnosti\/\"},\"wordCount\":484,\"commentCount\":0,\"publisher\":{\"@id\":\"https:\/\/sandzakpress.net\/arhiva\/#\/schema\/person\/6e72b67d6e51910a1117b3b483ba20bd\"},\"image\":{\"@id\":\"https:\/\/sandzakpress.net\/arhiva\/pocetak-obnove-kulturnih-aktivnosti\/#primaryimage\"},\"thumbnailUrl\":\"https:\/\/sandzakpress.net\/arhiva\/wp-content\/uploads\/2010\/01\/Otvaranje-KUDa_ocp_w380_h300.jpg\",\"articleSection\":[\"Novine\"],\"inLanguage\":\"bs-BA\",\"potentialAction\":[{\"@type\":\"CommentAction\",\"name\":\"Comment\",\"target\":[\"https:\/\/sandzakpress.net\/arhiva\/pocetak-obnove-kulturnih-aktivnosti\/#respond\"]}]},{\"@type\":\"WebPage\",\"@id\":\"https:\/\/sandzakpress.net\/arhiva\/pocetak-obnove-kulturnih-aktivnosti\/\",\"url\":\"https:\/\/sandzakpress.net\/arhiva\/pocetak-obnove-kulturnih-aktivnosti\/\",\"name\":\"Po\u010detak obnove kulturnih aktivnosti\",\"isPartOf\":{\"@id\":\"https:\/\/sandzakpress.net\/arhiva\/#website\"},\"primaryImageOfPage\":{\"@id\":\"https:\/\/sandzakpress.net\/arhiva\/pocetak-obnove-kulturnih-aktivnosti\/#primaryimage\"},\"image\":{\"@id\":\"https:\/\/sandzakpress.net\/arhiva\/pocetak-obnove-kulturnih-aktivnosti\/#primaryimage\"},\"thumbnailUrl\":\"https:\/\/sandzakpress.net\/arhiva\/wp-content\/uploads\/2010\/01\/Otvaranje-KUDa_ocp_w380_h300.jpg\",\"datePublished\":\"2010-01-29T14:10:31+00:00\",\"breadcrumb\":{\"@id\":\"https:\/\/sandzakpress.net\/arhiva\/pocetak-obnove-kulturnih-aktivnosti\/#breadcrumb\"},\"inLanguage\":\"bs-BA\",\"potentialAction\":[{\"@type\":\"ReadAction\",\"target\":[\"https:\/\/sandzakpress.net\/arhiva\/pocetak-obnove-kulturnih-aktivnosti\/\"]}]},{\"@type\":\"ImageObject\",\"inLanguage\":\"bs-BA\",\"@id\":\"https:\/\/sandzakpress.net\/arhiva\/pocetak-obnove-kulturnih-aktivnosti\/#primaryimage\",\"url\":\"https:\/\/sandzakpress.net\/arhiva\/wp-content\/uploads\/2010\/01\/Otvaranje-KUDa_ocp_w380_h300.jpg\",\"contentUrl\":\"https:\/\/sandzakpress.net\/arhiva\/wp-content\/uploads\/2010\/01\/Otvaranje-KUDa_ocp_w380_h300.jpg\",\"width\":380,\"height\":300},{\"@type\":\"BreadcrumbList\",\"@id\":\"https:\/\/sandzakpress.net\/arhiva\/pocetak-obnove-kulturnih-aktivnosti\/#breadcrumb\",\"itemListElement\":[{\"@type\":\"ListItem\",\"position\":1,\"name\":\"Home\",\"item\":\"https:\/\/sandzakpress.net\/arhiva\/\"},{\"@type\":\"ListItem\",\"position\":2,\"name\":\"Po\u010detak obnove kulturnih aktivnosti\"}]},{\"@type\":\"WebSite\",\"@id\":\"https:\/\/sandzakpress.net\/arhiva\/#website\",\"url\":\"https:\/\/sandzakpress.net\/arhiva\/\",\"name\":\"Sand\u017eak PRESS\",\"description\":\"Prve elektronske novine u Sand\u017eaku\",\"publisher\":{\"@id\":\"https:\/\/sandzakpress.net\/arhiva\/#\/schema\/person\/6e72b67d6e51910a1117b3b483ba20bd\"},\"potentialAction\":[{\"@type\":\"SearchAction\",\"target\":{\"@type\":\"EntryPoint\",\"urlTemplate\":\"https:\/\/sandzakpress.net\/arhiva\/?s={search_term_string}\"},\"query-input\":{\"@type\":\"PropertyValueSpecification\",\"valueRequired\":true,\"valueName\":\"search_term_string\"}}],\"inLanguage\":\"bs-BA\"},{\"@type\":[\"Person\",\"Organization\"],\"@id\":\"https:\/\/sandzakpress.net\/arhiva\/#\/schema\/person\/6e72b67d6e51910a1117b3b483ba20bd\",\"name\":\"Kul\",\"image\":{\"@type\":\"ImageObject\",\"inLanguage\":\"bs-BA\",\"@id\":\"https:\/\/sandzakpress.net\/arhiva\/#\/schema\/person\/image\/\",\"url\":\"https:\/\/secure.gravatar.com\/avatar\/42263f39aa27ac04c43cab85c280eb2e?s=96&d=mm&r=pg\",\"contentUrl\":\"https:\/\/secure.gravatar.com\/avatar\/42263f39aa27ac04c43cab85c280eb2e?s=96&d=mm&r=pg\",\"caption\":\"Kul\"},\"logo\":{\"@id\":\"https:\/\/sandzakpress.net\/arhiva\/#\/schema\/person\/image\/\"}},{\"@type\":\"Person\",\"@id\":\"https:\/\/sandzakpress.net\/arhiva\/#\/schema\/person\/c8baee722073534b583ea7bdb2e36c02\",\"name\":\"bosniak\",\"image\":{\"@type\":\"ImageObject\",\"inLanguage\":\"bs-BA\",\"@id\":\"https:\/\/sandzakpress.net\/arhiva\/#\/schema\/person\/image\/\",\"url\":\"https:\/\/secure.gravatar.com\/avatar\/a04fd330bfe3a36a72a0ad4a6d89fca7?s=96&d=mm&r=pg\",\"contentUrl\":\"https:\/\/secure.gravatar.com\/avatar\/a04fd330bfe3a36a72a0ad4a6d89fca7?s=96&d=mm&r=pg\",\"caption\":\"bosniak\"},\"url\":\"https:\/\/sandzakpress.net\/arhiva\/author\/bosniak\/\"}]}<\/script>\n<!-- \/ Yoast SEO Premium plugin. -->","yoast_head_json":{"title":"Po\u010detak obnove kulturnih aktivnosti","robots":{"index":"index","follow":"follow","max-snippet":"max-snippet:-1","max-image-preview":"max-image-preview:large","max-video-preview":"max-video-preview:-1"},"canonical":"https:\/\/sandzakpress.net\/arhiva\/pocetak-obnove-kulturnih-aktivnosti\/","og_locale":"bs_BA","og_type":"article","og_title":"Po\u010detak obnove kulturnih aktivnosti","og_description":"Sjenica &#8211; Renoviranje prostorija Kulturno-umjetni\u010dkog dru\u0161tva \u201eJedinstvo\u201c je projekat ovog Dru\u0161tva koji je, u partnerstvu sa Ustanovom kulture i uz finansijsku podr\u0161ku PRO programa i Op\u0161tine Sjenica, uspje\u0161no realizovan tokom protekle godine. Time su stvoreni prostorni uslovi za po\u010detak obnove pomalo zaboravljenih, bogatih i raznovrsnih kulturnih aktivnosti u Sjenici. Sve\u010dano otvaranje adaptiranog kulturno-stvarala\u010dkog prostora u [&hellip;]","og_url":"https:\/\/sandzakpress.net\/arhiva\/pocetak-obnove-kulturnih-aktivnosti\/","og_site_name":"Sand\u017eak PRESS","article_published_time":"2010-01-29T14:10:31+00:00","og_image":[{"width":380,"height":300,"url":"https:\/\/sandzakpress.net\/arhiva\/wp-content\/uploads\/2010\/01\/Otvaranje-KUDa_ocp_w380_h300.jpg","type":"image\/jpeg"}],"author":"bosniak","twitter_card":"summary_large_image","twitter_misc":{"Written by":"bosniak","Est. reading time":"2 minute"},"schema":{"@context":"https:\/\/schema.org","@graph":[{"@type":"Article","@id":"https:\/\/sandzakpress.net\/arhiva\/pocetak-obnove-kulturnih-aktivnosti\/#article","isPartOf":{"@id":"https:\/\/sandzakpress.net\/arhiva\/pocetak-obnove-kulturnih-aktivnosti\/"},"author":{"name":"bosniak","@id":"https:\/\/sandzakpress.net\/arhiva\/#\/schema\/person\/c8baee722073534b583ea7bdb2e36c02"},"headline":"Po\u010detak obnove kulturnih aktivnosti","datePublished":"2010-01-29T14:10:31+00:00","mainEntityOfPage":{"@id":"https:\/\/sandzakpress.net\/arhiva\/pocetak-obnove-kulturnih-aktivnosti\/"},"wordCount":484,"commentCount":0,"publisher":{"@id":"https:\/\/sandzakpress.net\/arhiva\/#\/schema\/person\/6e72b67d6e51910a1117b3b483ba20bd"},"image":{"@id":"https:\/\/sandzakpress.net\/arhiva\/pocetak-obnove-kulturnih-aktivnosti\/#primaryimage"},"thumbnailUrl":"https:\/\/sandzakpress.net\/arhiva\/wp-content\/uploads\/2010\/01\/Otvaranje-KUDa_ocp_w380_h300.jpg","articleSection":["Novine"],"inLanguage":"bs-BA","potentialAction":[{"@type":"CommentAction","name":"Comment","target":["https:\/\/sandzakpress.net\/arhiva\/pocetak-obnove-kulturnih-aktivnosti\/#respond"]}]},{"@type":"WebPage","@id":"https:\/\/sandzakpress.net\/arhiva\/pocetak-obnove-kulturnih-aktivnosti\/","url":"https:\/\/sandzakpress.net\/arhiva\/pocetak-obnove-kulturnih-aktivnosti\/","name":"Po\u010detak obnove kulturnih aktivnosti","isPartOf":{"@id":"https:\/\/sandzakpress.net\/arhiva\/#website"},"primaryImageOfPage":{"@id":"https:\/\/sandzakpress.net\/arhiva\/pocetak-obnove-kulturnih-aktivnosti\/#primaryimage"},"image":{"@id":"https:\/\/sandzakpress.net\/arhiva\/pocetak-obnove-kulturnih-aktivnosti\/#primaryimage"},"thumbnailUrl":"https:\/\/sandzakpress.net\/arhiva\/wp-content\/uploads\/2010\/01\/Otvaranje-KUDa_ocp_w380_h300.jpg","datePublished":"2010-01-29T14:10:31+00:00","breadcrumb":{"@id":"https:\/\/sandzakpress.net\/arhiva\/pocetak-obnove-kulturnih-aktivnosti\/#breadcrumb"},"inLanguage":"bs-BA","potentialAction":[{"@type":"ReadAction","target":["https:\/\/sandzakpress.net\/arhiva\/pocetak-obnove-kulturnih-aktivnosti\/"]}]},{"@type":"ImageObject","inLanguage":"bs-BA","@id":"https:\/\/sandzakpress.net\/arhiva\/pocetak-obnove-kulturnih-aktivnosti\/#primaryimage","url":"https:\/\/sandzakpress.net\/arhiva\/wp-content\/uploads\/2010\/01\/Otvaranje-KUDa_ocp_w380_h300.jpg","contentUrl":"https:\/\/sandzakpress.net\/arhiva\/wp-content\/uploads\/2010\/01\/Otvaranje-KUDa_ocp_w380_h300.jpg","width":380,"height":300},{"@type":"BreadcrumbList","@id":"https:\/\/sandzakpress.net\/arhiva\/pocetak-obnove-kulturnih-aktivnosti\/#breadcrumb","itemListElement":[{"@type":"ListItem","position":1,"name":"Home","item":"https:\/\/sandzakpress.net\/arhiva\/"},{"@type":"ListItem","position":2,"name":"Po\u010detak obnove kulturnih aktivnosti"}]},{"@type":"WebSite","@id":"https:\/\/sandzakpress.net\/arhiva\/#website","url":"https:\/\/sandzakpress.net\/arhiva\/","name":"Sand\u017eak PRESS","description":"Prve elektronske novine u Sand\u017eaku","publisher":{"@id":"https:\/\/sandzakpress.net\/arhiva\/#\/schema\/person\/6e72b67d6e51910a1117b3b483ba20bd"},"potentialAction":[{"@type":"SearchAction","target":{"@type":"EntryPoint","urlTemplate":"https:\/\/sandzakpress.net\/arhiva\/?s={search_term_string}"},"query-input":{"@type":"PropertyValueSpecification","valueRequired":true,"valueName":"search_term_string"}}],"inLanguage":"bs-BA"},{"@type":["Person","Organization"],"@id":"https:\/\/sandzakpress.net\/arhiva\/#\/schema\/person\/6e72b67d6e51910a1117b3b483ba20bd","name":"Kul","image":{"@type":"ImageObject","inLanguage":"bs-BA","@id":"https:\/\/sandzakpress.net\/arhiva\/#\/schema\/person\/image\/","url":"https:\/\/secure.gravatar.com\/avatar\/42263f39aa27ac04c43cab85c280eb2e?s=96&d=mm&r=pg","contentUrl":"https:\/\/secure.gravatar.com\/avatar\/42263f39aa27ac04c43cab85c280eb2e?s=96&d=mm&r=pg","caption":"Kul"},"logo":{"@id":"https:\/\/sandzakpress.net\/arhiva\/#\/schema\/person\/image\/"}},{"@type":"Person","@id":"https:\/\/sandzakpress.net\/arhiva\/#\/schema\/person\/c8baee722073534b583ea7bdb2e36c02","name":"bosniak","image":{"@type":"ImageObject","inLanguage":"bs-BA","@id":"https:\/\/sandzakpress.net\/arhiva\/#\/schema\/person\/image\/","url":"https:\/\/secure.gravatar.com\/avatar\/a04fd330bfe3a36a72a0ad4a6d89fca7?s=96&d=mm&r=pg","contentUrl":"https:\/\/secure.gravatar.com\/avatar\/a04fd330bfe3a36a72a0ad4a6d89fca7?s=96&d=mm&r=pg","caption":"bosniak"},"url":"https:\/\/sandzakpress.net\/arhiva\/author\/bosniak\/"}]}},"_links":{"self":[{"href":"https:\/\/sandzakpress.net\/arhiva\/wp-json\/wp\/v2\/posts\/1788"}],"collection":[{"href":"https:\/\/sandzakpress.net\/arhiva\/wp-json\/wp\/v2\/posts"}],"about":[{"href":"https:\/\/sandzakpress.net\/arhiva\/wp-json\/wp\/v2\/types\/post"}],"author":[{"embeddable":true,"href":"https:\/\/sandzakpress.net\/arhiva\/wp-json\/wp\/v2\/users\/83"}],"replies":[{"embeddable":true,"href":"https:\/\/sandzakpress.net\/arhiva\/wp-json\/wp\/v2\/comments?post=1788"}],"version-history":[{"count":0,"href":"https:\/\/sandzakpress.net\/arhiva\/wp-json\/wp\/v2\/posts\/1788\/revisions"}],"wp:featuredmedia":[{"embeddable":true,"href":"https:\/\/sandzakpress.net\/arhiva\/wp-json\/wp\/v2\/media\/1789"}],"wp:attachment":[{"href":"https:\/\/sandzakpress.net\/arhiva\/wp-json\/wp\/v2\/media?parent=1788"}],"wp:term":[{"taxonomy":"category","embeddable":true,"href":"https:\/\/sandzakpress.net\/arhiva\/wp-json\/wp\/v2\/categories?post=1788"},{"taxonomy":"post_tag","embeddable":true,"href":"https:\/\/sandzakpress.net\/arhiva\/wp-json\/wp\/v2\/tags?post=1788"}],"curies":[{"name":"wp","href":"https:\/\/api.w.org\/{rel}","templated":true}]}}