{"id":178604,"date":"2017-02-03T16:16:40","date_gmt":"2017-02-03T15:16:40","guid":{"rendered":"https:\/\/sandzakpress.net\/arhiva\/sef-delegacije-eu-wigemark-pozvao-gradane-bih-da-izadu-na-ulice-i-bore-se-protiv-korumpirane-vlasti"},"modified":"2017-02-03T16:16:40","modified_gmt":"2017-02-03T15:16:40","slug":"sef-delegacije-eu-wigemark-pozvao-gradane-bih-da-izadu-na-ulice-i-bore-se-protiv-korumpirane-vlasti","status":"publish","type":"post","link":"https:\/\/sandzakpress.net\/arhiva\/sef-delegacije-eu-wigemark-pozvao-gradane-bih-da-izadu-na-ulice-i-bore-se-protiv-korumpirane-vlasti\/","title":{"rendered":"\u0160ef Delegacije EU Wigemark pozvao gra\u0111ane BiH da iza\u0111u na ulice i bore se protiv korumpirane vlasti"},"content":{"rendered":"<p><span class=\"cb-itemprop\"><\/p>\n<p><img decoding=\"async\" src=\"http:\/\/depo.ba\/media\/pictures\/2017\/02\/02\/thumbs\/58937984-cc44-4c54-b661-30450a0a0a66-rumunija-protest-protiv-korupcije-preview.jpg\" alt=\"\u0160ef Delegacije EU Wigemark pozvao gra\u0111ane BiH da iza\u0111u na ulice i bore se protiv korumpirane vlasti\" \/><\/p>\n<p><strong><span class=\"articleIntro\">Prokomentarisao masovne anti-korupcijske proteste u Rumuniji nakon usvajanja zakona koji dekriminalizira ili smanjuje kaznu za korupciju u toj zemlji<\/span><\/strong><\/p>\n<p>\u0160ef Delegacije Evropske unije i specijalni predstavnik\u00a0EU u BiH <strong>Lars-Gunnar Wigemark<\/strong> na Twitteru je prokomentarisao masovne anti-korupcijske proteste u Rumuniji nakon usvajanja zakona koji dekriminalizira ili smanjuje kaznu za korupciju u toj zemlji.<\/p>\n<p><img decoding=\"async\" src=\"http:\/\/depo.ba\/media\/pictures\/2017\/02\/02\/thumbs\/58937986-13c0-478e-ad7d-30440a0a0a66-wigemark-twitter-post-protesti-u-rumuniji-previewOrg.jpg\" alt=\"wigemark-twitter-post-protesti-u-rumuniji\" \/><\/p>\n<p>\u201cA kada \u0107e se ovo desiti u BiH?\u201d, postavio je pitanje Wigemark sa linkom na proteste u gradovima u Rumuniji povodom iznenadne odluke tamo\u0161nje vlade da dekriminalizira ili smanji kaznu za korupciju, zlopotrebu polo\u017eaja ili sukob interesa, naj\u010de\u0161\u0107a kaznena djela koja \u010dine politi\u010dari, te na taj na\u010din pozvao gra\u0111ane BiH da se ugledaju na Rumune ukoliko \u017eele ubrzati put u EU.<\/p>\n<p>\u00a0<\/p>\n<p>(DEPO PORTAL, BLIN MAGAZIN\/dg)<\/p>\n<p>\u00a0<\/p>\n<p><\/span><br \/>\nPogledajte vijest na izvornom sajtu:<\/p>\n<p><a href=\"http:\/\/bosnapress.net\/sef-delegacije-eu-wigemark-pozvao-gradane-bih-da-izadu-na-ulice-i-bore-se-protiv-korumpirane-vlasti\/\" target=\"_blank\">\u0160ef Delegacije EU Wigemark pozvao gra\u0111ane BiH da iza\u0111u na ulice i bore se protiv korumpirane vlasti<\/a><\/p>\n","protected":false},"excerpt":{"rendered":"<p>Prokomentarisao masovne anti-korupcijske proteste u Rumuniji nakon usvajanja zakona koji dekriminalizira ili smanjuje kaznu za korupciju u toj zemlji \u0160ef Delegacije Evropske unije i specijalni predstavnik\u00a0EU u BiH Lars-Gunnar Wigemark na Twitteru je prokomentarisao masovne anti-korupcijske proteste u Rumuniji nakon usvajanja zakona koji dekriminalizira ili smanjuje kaznu za korupciju u toj zemlji. \u201cA kada \u0107e [&hellip;]<\/p>\n","protected":false},"author":83,"featured_media":178606,"comment_status":"open","ping_status":"open","sticky":false,"template":"","format":"standard","meta":{"footnotes":""},"categories":[10513],"tags":[10466],"class_list":{"0":"post-178604","1":"post","2":"type-post","3":"status-publish","4":"format-standard","5":"has-post-thumbnail","7":"category-bosna-press","8":"tag-bosna-i-hercegovina"},"yoast_head":"<!-- This site is optimized with the Yoast SEO Premium plugin v23.1 (Yoast SEO v24.9) - https:\/\/yoast.com\/wordpress\/plugins\/seo\/ -->\n<title>\u0160ef Delegacije EU Wigemark pozvao gra\u0111ane BiH da iza\u0111u na ulice i bore se protiv korumpirane vlasti<\/title>\n<meta name=\"robots\" content=\"index, follow, max-snippet:-1, max-image-preview:large, max-video-preview:-1\" \/>\n<link rel=\"canonical\" href=\"https:\/\/sandzakpress.net\/arhiva\/sef-delegacije-eu-wigemark-pozvao-gradane-bih-da-izadu-na-ulice-i-bore-se-protiv-korumpirane-vlasti\/\" \/>\n<meta property=\"og:locale\" content=\"bs_BA\" \/>\n<meta property=\"og:type\" content=\"article\" \/>\n<meta property=\"og:title\" content=\"\u0160ef Delegacije EU Wigemark pozvao gra\u0111ane BiH da iza\u0111u na ulice i bore se protiv korumpirane vlasti\" \/>\n<meta property=\"og:description\" content=\"Prokomentarisao masovne anti-korupcijske proteste u Rumuniji nakon usvajanja zakona koji dekriminalizira ili smanjuje kaznu za korupciju u toj zemlji \u0160ef Delegacije Evropske unije i specijalni predstavnik\u00a0EU u BiH Lars-Gunnar Wigemark na Twitteru je prokomentarisao masovne anti-korupcijske proteste u Rumuniji nakon usvajanja zakona koji dekriminalizira ili smanjuje kaznu za korupciju u toj zemlji. \u201cA kada \u0107e [&hellip;]\" \/>\n<meta property=\"og:url\" content=\"https:\/\/sandzakpress.net\/arhiva\/sef-delegacije-eu-wigemark-pozvao-gradane-bih-da-izadu-na-ulice-i-bore-se-protiv-korumpirane-vlasti\/\" \/>\n<meta property=\"og:site_name\" content=\"Sand\u017eak PRESS\" \/>\n<meta property=\"article:published_time\" content=\"2017-02-03T15:16:40+00:00\" \/>\n<meta property=\"og:image\" content=\"https:\/\/sandzakpress.net\/arhiva\/wp-content\/uploads\/2017\/02\/58937984-cc44-4c54-b661-30450a0a0a66-rumunija-protest-protiv-korupcije-preview-1.jpg\" \/>\n\t<meta property=\"og:image:width\" content=\"660\" \/>\n\t<meta property=\"og:image:height\" content=\"350\" \/>\n\t<meta property=\"og:image:type\" content=\"image\/jpeg\" \/>\n<meta name=\"author\" content=\"bosniak\" \/>\n<meta name=\"twitter:card\" content=\"summary_large_image\" \/>\n<meta name=\"twitter:label1\" content=\"Written by\" \/>\n\t<meta name=\"twitter:data1\" content=\"bosniak\" \/>\n\t<meta name=\"twitter:label2\" content=\"Est. reading time\" \/>\n\t<meta name=\"twitter:data2\" content=\"1 minuta\" \/>\n<script type=\"application\/ld+json\" class=\"yoast-schema-graph\">{\"@context\":\"https:\/\/schema.org\",\"@graph\":[{\"@type\":\"Article\",\"@id\":\"https:\/\/sandzakpress.net\/arhiva\/sef-delegacije-eu-wigemark-pozvao-gradane-bih-da-izadu-na-ulice-i-bore-se-protiv-korumpirane-vlasti\/#article\",\"isPartOf\":{\"@id\":\"https:\/\/sandzakpress.net\/arhiva\/sef-delegacije-eu-wigemark-pozvao-gradane-bih-da-izadu-na-ulice-i-bore-se-protiv-korumpirane-vlasti\/\"},\"author\":{\"name\":\"bosniak\",\"@id\":\"https:\/\/sandzakpress.net\/arhiva\/#\/schema\/person\/c8baee722073534b583ea7bdb2e36c02\"},\"headline\":\"\u0160ef Delegacije EU Wigemark pozvao gra\u0111ane BiH da iza\u0111u na ulice i bore se protiv korumpirane vlasti\",\"datePublished\":\"2017-02-03T15:16:40+00:00\",\"mainEntityOfPage\":{\"@id\":\"https:\/\/sandzakpress.net\/arhiva\/sef-delegacije-eu-wigemark-pozvao-gradane-bih-da-izadu-na-ulice-i-bore-se-protiv-korumpirane-vlasti\/\"},\"wordCount\":169,\"commentCount\":0,\"publisher\":{\"@id\":\"https:\/\/sandzakpress.net\/arhiva\/#\/schema\/person\/6e72b67d6e51910a1117b3b483ba20bd\"},\"image\":{\"@id\":\"https:\/\/sandzakpress.net\/arhiva\/sef-delegacije-eu-wigemark-pozvao-gradane-bih-da-izadu-na-ulice-i-bore-se-protiv-korumpirane-vlasti\/#primaryimage\"},\"thumbnailUrl\":\"https:\/\/sandzakpress.net\/arhiva\/wp-content\/uploads\/2017\/02\/58937984-cc44-4c54-b661-30450a0a0a66-rumunija-protest-protiv-korupcije-preview-1.jpg\",\"keywords\":[\"Bosna i Hercegovina\"],\"articleSection\":[\"Bosna PRESS\"],\"inLanguage\":\"bs-BA\",\"potentialAction\":[{\"@type\":\"CommentAction\",\"name\":\"Comment\",\"target\":[\"https:\/\/sandzakpress.net\/arhiva\/sef-delegacije-eu-wigemark-pozvao-gradane-bih-da-izadu-na-ulice-i-bore-se-protiv-korumpirane-vlasti\/#respond\"]}]},{\"@type\":\"WebPage\",\"@id\":\"https:\/\/sandzakpress.net\/arhiva\/sef-delegacije-eu-wigemark-pozvao-gradane-bih-da-izadu-na-ulice-i-bore-se-protiv-korumpirane-vlasti\/\",\"url\":\"https:\/\/sandzakpress.net\/arhiva\/sef-delegacije-eu-wigemark-pozvao-gradane-bih-da-izadu-na-ulice-i-bore-se-protiv-korumpirane-vlasti\/\",\"name\":\"\u0160ef Delegacije EU Wigemark pozvao gra\u0111ane BiH da iza\u0111u na ulice i bore se protiv korumpirane vlasti\",\"isPartOf\":{\"@id\":\"https:\/\/sandzakpress.net\/arhiva\/#website\"},\"primaryImageOfPage\":{\"@id\":\"https:\/\/sandzakpress.net\/arhiva\/sef-delegacije-eu-wigemark-pozvao-gradane-bih-da-izadu-na-ulice-i-bore-se-protiv-korumpirane-vlasti\/#primaryimage\"},\"image\":{\"@id\":\"https:\/\/sandzakpress.net\/arhiva\/sef-delegacije-eu-wigemark-pozvao-gradane-bih-da-izadu-na-ulice-i-bore-se-protiv-korumpirane-vlasti\/#primaryimage\"},\"thumbnailUrl\":\"https:\/\/sandzakpress.net\/arhiva\/wp-content\/uploads\/2017\/02\/58937984-cc44-4c54-b661-30450a0a0a66-rumunija-protest-protiv-korupcije-preview-1.jpg\",\"datePublished\":\"2017-02-03T15:16:40+00:00\",\"breadcrumb\":{\"@id\":\"https:\/\/sandzakpress.net\/arhiva\/sef-delegacije-eu-wigemark-pozvao-gradane-bih-da-izadu-na-ulice-i-bore-se-protiv-korumpirane-vlasti\/#breadcrumb\"},\"inLanguage\":\"bs-BA\",\"potentialAction\":[{\"@type\":\"ReadAction\",\"target\":[\"https:\/\/sandzakpress.net\/arhiva\/sef-delegacije-eu-wigemark-pozvao-gradane-bih-da-izadu-na-ulice-i-bore-se-protiv-korumpirane-vlasti\/\"]}]},{\"@type\":\"ImageObject\",\"inLanguage\":\"bs-BA\",\"@id\":\"https:\/\/sandzakpress.net\/arhiva\/sef-delegacije-eu-wigemark-pozvao-gradane-bih-da-izadu-na-ulice-i-bore-se-protiv-korumpirane-vlasti\/#primaryimage\",\"url\":\"https:\/\/sandzakpress.net\/arhiva\/wp-content\/uploads\/2017\/02\/58937984-cc44-4c54-b661-30450a0a0a66-rumunija-protest-protiv-korupcije-preview-1.jpg\",\"contentUrl\":\"https:\/\/sandzakpress.net\/arhiva\/wp-content\/uploads\/2017\/02\/58937984-cc44-4c54-b661-30450a0a0a66-rumunija-protest-protiv-korupcije-preview-1.jpg\",\"width\":660,\"height\":350},{\"@type\":\"BreadcrumbList\",\"@id\":\"https:\/\/sandzakpress.net\/arhiva\/sef-delegacije-eu-wigemark-pozvao-gradane-bih-da-izadu-na-ulice-i-bore-se-protiv-korumpirane-vlasti\/#breadcrumb\",\"itemListElement\":[{\"@type\":\"ListItem\",\"position\":1,\"name\":\"Home\",\"item\":\"https:\/\/sandzakpress.net\/arhiva\/\"},{\"@type\":\"ListItem\",\"position\":2,\"name\":\"\u0160ef Delegacije EU Wigemark pozvao gra\u0111ane BiH da iza\u0111u na ulice i bore se protiv korumpirane vlasti\"}]},{\"@type\":\"WebSite\",\"@id\":\"https:\/\/sandzakpress.net\/arhiva\/#website\",\"url\":\"https:\/\/sandzakpress.net\/arhiva\/\",\"name\":\"Sand\u017eak PRESS\",\"description\":\"Prve elektronske novine u Sand\u017eaku\",\"publisher\":{\"@id\":\"https:\/\/sandzakpress.net\/arhiva\/#\/schema\/person\/6e72b67d6e51910a1117b3b483ba20bd\"},\"potentialAction\":[{\"@type\":\"SearchAction\",\"target\":{\"@type\":\"EntryPoint\",\"urlTemplate\":\"https:\/\/sandzakpress.net\/arhiva\/?s={search_term_string}\"},\"query-input\":{\"@type\":\"PropertyValueSpecification\",\"valueRequired\":true,\"valueName\":\"search_term_string\"}}],\"inLanguage\":\"bs-BA\"},{\"@type\":[\"Person\",\"Organization\"],\"@id\":\"https:\/\/sandzakpress.net\/arhiva\/#\/schema\/person\/6e72b67d6e51910a1117b3b483ba20bd\",\"name\":\"Kul\",\"image\":{\"@type\":\"ImageObject\",\"inLanguage\":\"bs-BA\",\"@id\":\"https:\/\/sandzakpress.net\/arhiva\/#\/schema\/person\/image\/\",\"url\":\"https:\/\/secure.gravatar.com\/avatar\/42263f39aa27ac04c43cab85c280eb2e?s=96&d=mm&r=pg\",\"contentUrl\":\"https:\/\/secure.gravatar.com\/avatar\/42263f39aa27ac04c43cab85c280eb2e?s=96&d=mm&r=pg\",\"caption\":\"Kul\"},\"logo\":{\"@id\":\"https:\/\/sandzakpress.net\/arhiva\/#\/schema\/person\/image\/\"}},{\"@type\":\"Person\",\"@id\":\"https:\/\/sandzakpress.net\/arhiva\/#\/schema\/person\/c8baee722073534b583ea7bdb2e36c02\",\"name\":\"bosniak\",\"image\":{\"@type\":\"ImageObject\",\"inLanguage\":\"bs-BA\",\"@id\":\"https:\/\/sandzakpress.net\/arhiva\/#\/schema\/person\/image\/\",\"url\":\"https:\/\/secure.gravatar.com\/avatar\/a04fd330bfe3a36a72a0ad4a6d89fca7?s=96&d=mm&r=pg\",\"contentUrl\":\"https:\/\/secure.gravatar.com\/avatar\/a04fd330bfe3a36a72a0ad4a6d89fca7?s=96&d=mm&r=pg\",\"caption\":\"bosniak\"},\"url\":\"https:\/\/sandzakpress.net\/arhiva\/author\/bosniak\/\"}]}<\/script>\n<!-- \/ Yoast SEO Premium plugin. -->","yoast_head_json":{"title":"\u0160ef Delegacije EU Wigemark pozvao gra\u0111ane BiH da iza\u0111u na ulice i bore se protiv korumpirane vlasti","robots":{"index":"index","follow":"follow","max-snippet":"max-snippet:-1","max-image-preview":"max-image-preview:large","max-video-preview":"max-video-preview:-1"},"canonical":"https:\/\/sandzakpress.net\/arhiva\/sef-delegacije-eu-wigemark-pozvao-gradane-bih-da-izadu-na-ulice-i-bore-se-protiv-korumpirane-vlasti\/","og_locale":"bs_BA","og_type":"article","og_title":"\u0160ef Delegacije EU Wigemark pozvao gra\u0111ane BiH da iza\u0111u na ulice i bore se protiv korumpirane vlasti","og_description":"Prokomentarisao masovne anti-korupcijske proteste u Rumuniji nakon usvajanja zakona koji dekriminalizira ili smanjuje kaznu za korupciju u toj zemlji \u0160ef Delegacije Evropske unije i specijalni predstavnik\u00a0EU u BiH Lars-Gunnar Wigemark na Twitteru je prokomentarisao masovne anti-korupcijske proteste u Rumuniji nakon usvajanja zakona koji dekriminalizira ili smanjuje kaznu za korupciju u toj zemlji. \u201cA kada \u0107e [&hellip;]","og_url":"https:\/\/sandzakpress.net\/arhiva\/sef-delegacije-eu-wigemark-pozvao-gradane-bih-da-izadu-na-ulice-i-bore-se-protiv-korumpirane-vlasti\/","og_site_name":"Sand\u017eak PRESS","article_published_time":"2017-02-03T15:16:40+00:00","og_image":[{"width":660,"height":350,"url":"https:\/\/sandzakpress.net\/arhiva\/wp-content\/uploads\/2017\/02\/58937984-cc44-4c54-b661-30450a0a0a66-rumunija-protest-protiv-korupcije-preview-1.jpg","type":"image\/jpeg"}],"author":"bosniak","twitter_card":"summary_large_image","twitter_misc":{"Written by":"bosniak","Est. reading time":"1 minuta"},"schema":{"@context":"https:\/\/schema.org","@graph":[{"@type":"Article","@id":"https:\/\/sandzakpress.net\/arhiva\/sef-delegacije-eu-wigemark-pozvao-gradane-bih-da-izadu-na-ulice-i-bore-se-protiv-korumpirane-vlasti\/#article","isPartOf":{"@id":"https:\/\/sandzakpress.net\/arhiva\/sef-delegacije-eu-wigemark-pozvao-gradane-bih-da-izadu-na-ulice-i-bore-se-protiv-korumpirane-vlasti\/"},"author":{"name":"bosniak","@id":"https:\/\/sandzakpress.net\/arhiva\/#\/schema\/person\/c8baee722073534b583ea7bdb2e36c02"},"headline":"\u0160ef Delegacije EU Wigemark pozvao gra\u0111ane BiH da iza\u0111u na ulice i bore se protiv korumpirane vlasti","datePublished":"2017-02-03T15:16:40+00:00","mainEntityOfPage":{"@id":"https:\/\/sandzakpress.net\/arhiva\/sef-delegacije-eu-wigemark-pozvao-gradane-bih-da-izadu-na-ulice-i-bore-se-protiv-korumpirane-vlasti\/"},"wordCount":169,"commentCount":0,"publisher":{"@id":"https:\/\/sandzakpress.net\/arhiva\/#\/schema\/person\/6e72b67d6e51910a1117b3b483ba20bd"},"image":{"@id":"https:\/\/sandzakpress.net\/arhiva\/sef-delegacije-eu-wigemark-pozvao-gradane-bih-da-izadu-na-ulice-i-bore-se-protiv-korumpirane-vlasti\/#primaryimage"},"thumbnailUrl":"https:\/\/sandzakpress.net\/arhiva\/wp-content\/uploads\/2017\/02\/58937984-cc44-4c54-b661-30450a0a0a66-rumunija-protest-protiv-korupcije-preview-1.jpg","keywords":["Bosna i Hercegovina"],"articleSection":["Bosna PRESS"],"inLanguage":"bs-BA","potentialAction":[{"@type":"CommentAction","name":"Comment","target":["https:\/\/sandzakpress.net\/arhiva\/sef-delegacije-eu-wigemark-pozvao-gradane-bih-da-izadu-na-ulice-i-bore-se-protiv-korumpirane-vlasti\/#respond"]}]},{"@type":"WebPage","@id":"https:\/\/sandzakpress.net\/arhiva\/sef-delegacije-eu-wigemark-pozvao-gradane-bih-da-izadu-na-ulice-i-bore-se-protiv-korumpirane-vlasti\/","url":"https:\/\/sandzakpress.net\/arhiva\/sef-delegacije-eu-wigemark-pozvao-gradane-bih-da-izadu-na-ulice-i-bore-se-protiv-korumpirane-vlasti\/","name":"\u0160ef Delegacije EU Wigemark pozvao gra\u0111ane BiH da iza\u0111u na ulice i bore se protiv korumpirane vlasti","isPartOf":{"@id":"https:\/\/sandzakpress.net\/arhiva\/#website"},"primaryImageOfPage":{"@id":"https:\/\/sandzakpress.net\/arhiva\/sef-delegacije-eu-wigemark-pozvao-gradane-bih-da-izadu-na-ulice-i-bore-se-protiv-korumpirane-vlasti\/#primaryimage"},"image":{"@id":"https:\/\/sandzakpress.net\/arhiva\/sef-delegacije-eu-wigemark-pozvao-gradane-bih-da-izadu-na-ulice-i-bore-se-protiv-korumpirane-vlasti\/#primaryimage"},"thumbnailUrl":"https:\/\/sandzakpress.net\/arhiva\/wp-content\/uploads\/2017\/02\/58937984-cc44-4c54-b661-30450a0a0a66-rumunija-protest-protiv-korupcije-preview-1.jpg","datePublished":"2017-02-03T15:16:40+00:00","breadcrumb":{"@id":"https:\/\/sandzakpress.net\/arhiva\/sef-delegacije-eu-wigemark-pozvao-gradane-bih-da-izadu-na-ulice-i-bore-se-protiv-korumpirane-vlasti\/#breadcrumb"},"inLanguage":"bs-BA","potentialAction":[{"@type":"ReadAction","target":["https:\/\/sandzakpress.net\/arhiva\/sef-delegacije-eu-wigemark-pozvao-gradane-bih-da-izadu-na-ulice-i-bore-se-protiv-korumpirane-vlasti\/"]}]},{"@type":"ImageObject","inLanguage":"bs-BA","@id":"https:\/\/sandzakpress.net\/arhiva\/sef-delegacije-eu-wigemark-pozvao-gradane-bih-da-izadu-na-ulice-i-bore-se-protiv-korumpirane-vlasti\/#primaryimage","url":"https:\/\/sandzakpress.net\/arhiva\/wp-content\/uploads\/2017\/02\/58937984-cc44-4c54-b661-30450a0a0a66-rumunija-protest-protiv-korupcije-preview-1.jpg","contentUrl":"https:\/\/sandzakpress.net\/arhiva\/wp-content\/uploads\/2017\/02\/58937984-cc44-4c54-b661-30450a0a0a66-rumunija-protest-protiv-korupcije-preview-1.jpg","width":660,"height":350},{"@type":"BreadcrumbList","@id":"https:\/\/sandzakpress.net\/arhiva\/sef-delegacije-eu-wigemark-pozvao-gradane-bih-da-izadu-na-ulice-i-bore-se-protiv-korumpirane-vlasti\/#breadcrumb","itemListElement":[{"@type":"ListItem","position":1,"name":"Home","item":"https:\/\/sandzakpress.net\/arhiva\/"},{"@type":"ListItem","position":2,"name":"\u0160ef Delegacije EU Wigemark pozvao gra\u0111ane BiH da iza\u0111u na ulice i bore se protiv korumpirane vlasti"}]},{"@type":"WebSite","@id":"https:\/\/sandzakpress.net\/arhiva\/#website","url":"https:\/\/sandzakpress.net\/arhiva\/","name":"Sand\u017eak PRESS","description":"Prve elektronske novine u Sand\u017eaku","publisher":{"@id":"https:\/\/sandzakpress.net\/arhiva\/#\/schema\/person\/6e72b67d6e51910a1117b3b483ba20bd"},"potentialAction":[{"@type":"SearchAction","target":{"@type":"EntryPoint","urlTemplate":"https:\/\/sandzakpress.net\/arhiva\/?s={search_term_string}"},"query-input":{"@type":"PropertyValueSpecification","valueRequired":true,"valueName":"search_term_string"}}],"inLanguage":"bs-BA"},{"@type":["Person","Organization"],"@id":"https:\/\/sandzakpress.net\/arhiva\/#\/schema\/person\/6e72b67d6e51910a1117b3b483ba20bd","name":"Kul","image":{"@type":"ImageObject","inLanguage":"bs-BA","@id":"https:\/\/sandzakpress.net\/arhiva\/#\/schema\/person\/image\/","url":"https:\/\/secure.gravatar.com\/avatar\/42263f39aa27ac04c43cab85c280eb2e?s=96&d=mm&r=pg","contentUrl":"https:\/\/secure.gravatar.com\/avatar\/42263f39aa27ac04c43cab85c280eb2e?s=96&d=mm&r=pg","caption":"Kul"},"logo":{"@id":"https:\/\/sandzakpress.net\/arhiva\/#\/schema\/person\/image\/"}},{"@type":"Person","@id":"https:\/\/sandzakpress.net\/arhiva\/#\/schema\/person\/c8baee722073534b583ea7bdb2e36c02","name":"bosniak","image":{"@type":"ImageObject","inLanguage":"bs-BA","@id":"https:\/\/sandzakpress.net\/arhiva\/#\/schema\/person\/image\/","url":"https:\/\/secure.gravatar.com\/avatar\/a04fd330bfe3a36a72a0ad4a6d89fca7?s=96&d=mm&r=pg","contentUrl":"https:\/\/secure.gravatar.com\/avatar\/a04fd330bfe3a36a72a0ad4a6d89fca7?s=96&d=mm&r=pg","caption":"bosniak"},"url":"https:\/\/sandzakpress.net\/arhiva\/author\/bosniak\/"}]}},"_links":{"self":[{"href":"https:\/\/sandzakpress.net\/arhiva\/wp-json\/wp\/v2\/posts\/178604"}],"collection":[{"href":"https:\/\/sandzakpress.net\/arhiva\/wp-json\/wp\/v2\/posts"}],"about":[{"href":"https:\/\/sandzakpress.net\/arhiva\/wp-json\/wp\/v2\/types\/post"}],"author":[{"embeddable":true,"href":"https:\/\/sandzakpress.net\/arhiva\/wp-json\/wp\/v2\/users\/83"}],"replies":[{"embeddable":true,"href":"https:\/\/sandzakpress.net\/arhiva\/wp-json\/wp\/v2\/comments?post=178604"}],"version-history":[{"count":0,"href":"https:\/\/sandzakpress.net\/arhiva\/wp-json\/wp\/v2\/posts\/178604\/revisions"}],"wp:featuredmedia":[{"embeddable":true,"href":"https:\/\/sandzakpress.net\/arhiva\/wp-json\/wp\/v2\/media\/178606"}],"wp:attachment":[{"href":"https:\/\/sandzakpress.net\/arhiva\/wp-json\/wp\/v2\/media?parent=178604"}],"wp:term":[{"taxonomy":"category","embeddable":true,"href":"https:\/\/sandzakpress.net\/arhiva\/wp-json\/wp\/v2\/categories?post=178604"},{"taxonomy":"post_tag","embeddable":true,"href":"https:\/\/sandzakpress.net\/arhiva\/wp-json\/wp\/v2\/tags?post=178604"}],"curies":[{"name":"wp","href":"https:\/\/api.w.org\/{rel}","templated":true}]}}