{"id":178492,"date":"2017-02-02T16:43:25","date_gmt":"2017-02-02T15:43:25","guid":{"rendered":"https:\/\/sandzakpress.net\/arhiva\/erdogan-pozvao-turke-u-inostranstvu-posjetite-domovinu-ali-povedite-i-komsije"},"modified":"2017-02-02T16:43:25","modified_gmt":"2017-02-02T15:43:25","slug":"erdogan-pozvao-turke-u-inostranstvu-posjetite-domovinu-ali-povedite-i-komsije","status":"publish","type":"post","link":"https:\/\/sandzakpress.net\/arhiva\/erdogan-pozvao-turke-u-inostranstvu-posjetite-domovinu-ali-povedite-i-komsije\/","title":{"rendered":"Erdogan pozvao Turke u inostranstvu: Posjetite domovinu, ali povedite i kom\u0161ije"},"content":{"rendered":"<p><span class=\"cb-itemprop\"><\/p>\n<p class=\"p1\"><img decoding=\"async\" src=\"http:\/\/saff.ba\/wp-content\/uploads\/2014\/04\/images_slike_kolumnisti_Erdogan1poosmiput-614x250.jpg\" alt=\"Erdogan pozvao Turke u inostranstvu: Posjetite domovinu, ali povedite i kom\u0161ije\" \/><\/p>\n<p class=\"p1\"><strong><span class=\"s1\">Predsjednik Republike Turske Recep Tayyip Erdogan izjavio je danas u Ankari kako svaki dr\u017eavljanin Turske koji \u017eivi u inostranstvu tamo predstavlja ambasadora svoje zemlje iz oblasti turizma, te ih pozvao da posjete Tursku, s tim da povedu i svoje kom\u0161ije, javlja Anadolu Agency (AA).<\/span><\/strong><\/p>\n<p class=\"p1\"><span class=\"s1\">Erdogan se u Ankari sastao sa predstavnicima sektora turizma u Turskoj, a tom prilikom se osvrnuo na planove njegove zemlje kada je u pitanju ovaj sektor.<\/span><\/p>\n<p class=\"p1\"><span class=\"s1\">Istakao je kako kako se kultura turizma u njegovoj zemlji vremenom sve vi\u0161e \u0161iri, te dodao:<\/span><\/p>\n<p class=\"p1\"><span class=\"s1\">\u201cMo\u017eemo primijetiti koliko sektor turizma zanima i na\u0161e gra\u0111ane, zbog toga smo posebno sretni. Sve su to elementi na osnovu kojih se mo\u017eemo nadati boljoj budu\u0107nosti turizma. Naravno da za sve te mogu\u0107nosti trebaju i nove strategije, novi na\u010dini i nova sredstva\u201d, naglasio je Erdogan, te dodao kako je Turska odlu\u010dna da broj turista u narednom periodu pove\u0107a za osam miliona.<\/span><\/p>\n<p class=\"p1\"><span class=\"s1\">Poru\u010dio je tako\u0111er kako Turska sve svoje dr\u017eavljane u inostranstvu istovremeno smatra po\u010dasnim ambasadorima u oblasti turizma, te ih pozvao da svojim susjedima u najboljem svjetlu predstave svoju zemlje.<\/span><\/p>\n<p class=\"p1\"><span class=\"s1\">\u201cNa\u0161e dr\u017eavljane u inostranstvu koji dolaze posjetiti svoju porodicu, rodbinu i prijatelje u Turskoj, pozivamo da i jedan dio svog odbora iskoriste i u Turskoj. Tako\u0111er, na\u0161e dr\u017eavljane u inostranstvu pozivamo i da sa sobom u Tursku povedu i svoje susjede. Zbog toga smo pokrenuli kampanju \u201cDo\u0111i i povedi kom\u0161iju\u201d, kazao je Erdogan.<\/span><\/p>\n<p class=\"p1\"><span class=\"s1\">Turski predsjednik je dodao kako \u0107e njegova zemlja pru\u017eati i povoljnosti u oblasti turizma za uposlenike oko 50.000 kompanija sa stranim kapitalom, koje djeluju u Turskoj.<\/span><\/p>\n<p class=\"p1\"><span class=\"s1\">\u201cU tom smislu, pru\u017eit \u0107emo povoljnosti ne samo za uposlenike ovih kompanija u Turskoj, nego i za radnike u njihovim centrima u inostranstvu. Stoga ih pozivamo da najmanje jednu sedmicu svoga odmora provedu u Turskoj\u201d, poru\u010dio je turski predsjednik Recep Tayyip Erdogan.<\/span><\/p>\n<p class=\"p1\">\n<p class=\"p1\">(Saff)<\/p>\n<p><\/span><br \/>\nPogledajte vijest na izvornom sajtu:<\/p>\n<p><a href=\"http:\/\/islampress.net\/arhive\/27560\" target=\"_blank\">Erdogan pozvao Turke u inostranstvu: Posjetite domovinu, ali povedite i kom\u0161ije<\/a><\/p>\n","protected":false},"excerpt":{"rendered":"<p>Predsjednik Republike Turske Recep Tayyip Erdogan izjavio je danas u Ankari kako svaki dr\u017eavljanin Turske koji \u017eivi u inostranstvu tamo predstavlja ambasadora svoje zemlje iz oblasti turizma, te ih pozvao da posjete Tursku, s tim da povedu i svoje kom\u0161ije, javlja Anadolu Agency (AA). Erdogan se u Ankari sastao sa predstavnicima sektora turizma u Turskoj, [&hellip;]<\/p>\n","protected":false},"author":83,"featured_media":178494,"comment_status":"open","ping_status":"open","sticky":false,"template":"","format":"standard","meta":{"footnotes":""},"categories":[10514],"tags":[10516],"class_list":{"0":"post-178492","1":"post","2":"type-post","3":"status-publish","4":"format-standard","5":"has-post-thumbnail","7":"category-islam-press","8":"tag-islam"},"yoast_head":"<!-- This site is optimized with the Yoast SEO Premium plugin v23.1 (Yoast SEO v24.9) - https:\/\/yoast.com\/wordpress\/plugins\/seo\/ -->\n<title>Erdogan pozvao Turke u inostranstvu: Posjetite domovinu, ali povedite i kom\u0161ije<\/title>\n<meta name=\"robots\" content=\"index, follow, max-snippet:-1, max-image-preview:large, max-video-preview:-1\" \/>\n<link rel=\"canonical\" href=\"https:\/\/sandzakpress.net\/arhiva\/erdogan-pozvao-turke-u-inostranstvu-posjetite-domovinu-ali-povedite-i-komsije\/\" \/>\n<meta property=\"og:locale\" content=\"bs_BA\" \/>\n<meta property=\"og:type\" content=\"article\" \/>\n<meta property=\"og:title\" content=\"Erdogan pozvao Turke u inostranstvu: Posjetite domovinu, ali povedite i kom\u0161ije\" \/>\n<meta property=\"og:description\" content=\"Predsjednik Republike Turske Recep Tayyip Erdogan izjavio je danas u Ankari kako svaki dr\u017eavljanin Turske koji \u017eivi u inostranstvu tamo predstavlja ambasadora svoje zemlje iz oblasti turizma, te ih pozvao da posjete Tursku, s tim da povedu i svoje kom\u0161ije, javlja Anadolu Agency (AA). Erdogan se u Ankari sastao sa predstavnicima sektora turizma u Turskoj, [&hellip;]\" \/>\n<meta property=\"og:url\" content=\"https:\/\/sandzakpress.net\/arhiva\/erdogan-pozvao-turke-u-inostranstvu-posjetite-domovinu-ali-povedite-i-komsije\/\" \/>\n<meta property=\"og:site_name\" content=\"Sand\u017eak PRESS\" \/>\n<meta property=\"article:published_time\" content=\"2017-02-02T15:43:25+00:00\" \/>\n<meta property=\"og:image\" content=\"https:\/\/sandzakpress.net\/arhiva\/wp-content\/uploads\/2017\/02\/images_slike_kolumnisti_Erdogan1poosmiput-614x250-1.jpg\" \/>\n\t<meta property=\"og:image:width\" content=\"614\" \/>\n\t<meta property=\"og:image:height\" content=\"250\" \/>\n\t<meta property=\"og:image:type\" content=\"image\/jpeg\" \/>\n<meta name=\"author\" content=\"bosniak\" \/>\n<meta name=\"twitter:card\" content=\"summary_large_image\" \/>\n<meta name=\"twitter:label1\" content=\"Written by\" \/>\n\t<meta name=\"twitter:data1\" content=\"bosniak\" \/>\n\t<meta name=\"twitter:label2\" content=\"Est. reading time\" \/>\n\t<meta name=\"twitter:data2\" content=\"2 minute\" \/>\n<script type=\"application\/ld+json\" class=\"yoast-schema-graph\">{\"@context\":\"https:\/\/schema.org\",\"@graph\":[{\"@type\":\"Article\",\"@id\":\"https:\/\/sandzakpress.net\/arhiva\/erdogan-pozvao-turke-u-inostranstvu-posjetite-domovinu-ali-povedite-i-komsije\/#article\",\"isPartOf\":{\"@id\":\"https:\/\/sandzakpress.net\/arhiva\/erdogan-pozvao-turke-u-inostranstvu-posjetite-domovinu-ali-povedite-i-komsije\/\"},\"author\":{\"name\":\"bosniak\",\"@id\":\"https:\/\/sandzakpress.net\/arhiva\/#\/schema\/person\/c8baee722073534b583ea7bdb2e36c02\"},\"headline\":\"Erdogan pozvao Turke u inostranstvu: Posjetite domovinu, ali povedite i kom\u0161ije\",\"datePublished\":\"2017-02-02T15:43:25+00:00\",\"mainEntityOfPage\":{\"@id\":\"https:\/\/sandzakpress.net\/arhiva\/erdogan-pozvao-turke-u-inostranstvu-posjetite-domovinu-ali-povedite-i-komsije\/\"},\"wordCount\":352,\"commentCount\":0,\"publisher\":{\"@id\":\"https:\/\/sandzakpress.net\/arhiva\/#\/schema\/person\/6e72b67d6e51910a1117b3b483ba20bd\"},\"image\":{\"@id\":\"https:\/\/sandzakpress.net\/arhiva\/erdogan-pozvao-turke-u-inostranstvu-posjetite-domovinu-ali-povedite-i-komsije\/#primaryimage\"},\"thumbnailUrl\":\"https:\/\/sandzakpress.net\/arhiva\/wp-content\/uploads\/2017\/02\/images_slike_kolumnisti_Erdogan1poosmiput-614x250-1.jpg\",\"keywords\":[\"Islam\"],\"articleSection\":[\"Islam PRESS\"],\"inLanguage\":\"bs-BA\",\"potentialAction\":[{\"@type\":\"CommentAction\",\"name\":\"Comment\",\"target\":[\"https:\/\/sandzakpress.net\/arhiva\/erdogan-pozvao-turke-u-inostranstvu-posjetite-domovinu-ali-povedite-i-komsije\/#respond\"]}]},{\"@type\":\"WebPage\",\"@id\":\"https:\/\/sandzakpress.net\/arhiva\/erdogan-pozvao-turke-u-inostranstvu-posjetite-domovinu-ali-povedite-i-komsije\/\",\"url\":\"https:\/\/sandzakpress.net\/arhiva\/erdogan-pozvao-turke-u-inostranstvu-posjetite-domovinu-ali-povedite-i-komsije\/\",\"name\":\"Erdogan pozvao Turke u inostranstvu: Posjetite domovinu, ali povedite i kom\u0161ije\",\"isPartOf\":{\"@id\":\"https:\/\/sandzakpress.net\/arhiva\/#website\"},\"primaryImageOfPage\":{\"@id\":\"https:\/\/sandzakpress.net\/arhiva\/erdogan-pozvao-turke-u-inostranstvu-posjetite-domovinu-ali-povedite-i-komsije\/#primaryimage\"},\"image\":{\"@id\":\"https:\/\/sandzakpress.net\/arhiva\/erdogan-pozvao-turke-u-inostranstvu-posjetite-domovinu-ali-povedite-i-komsije\/#primaryimage\"},\"thumbnailUrl\":\"https:\/\/sandzakpress.net\/arhiva\/wp-content\/uploads\/2017\/02\/images_slike_kolumnisti_Erdogan1poosmiput-614x250-1.jpg\",\"datePublished\":\"2017-02-02T15:43:25+00:00\",\"breadcrumb\":{\"@id\":\"https:\/\/sandzakpress.net\/arhiva\/erdogan-pozvao-turke-u-inostranstvu-posjetite-domovinu-ali-povedite-i-komsije\/#breadcrumb\"},\"inLanguage\":\"bs-BA\",\"potentialAction\":[{\"@type\":\"ReadAction\",\"target\":[\"https:\/\/sandzakpress.net\/arhiva\/erdogan-pozvao-turke-u-inostranstvu-posjetite-domovinu-ali-povedite-i-komsije\/\"]}]},{\"@type\":\"ImageObject\",\"inLanguage\":\"bs-BA\",\"@id\":\"https:\/\/sandzakpress.net\/arhiva\/erdogan-pozvao-turke-u-inostranstvu-posjetite-domovinu-ali-povedite-i-komsije\/#primaryimage\",\"url\":\"https:\/\/sandzakpress.net\/arhiva\/wp-content\/uploads\/2017\/02\/images_slike_kolumnisti_Erdogan1poosmiput-614x250-1.jpg\",\"contentUrl\":\"https:\/\/sandzakpress.net\/arhiva\/wp-content\/uploads\/2017\/02\/images_slike_kolumnisti_Erdogan1poosmiput-614x250-1.jpg\",\"width\":614,\"height\":250},{\"@type\":\"BreadcrumbList\",\"@id\":\"https:\/\/sandzakpress.net\/arhiva\/erdogan-pozvao-turke-u-inostranstvu-posjetite-domovinu-ali-povedite-i-komsije\/#breadcrumb\",\"itemListElement\":[{\"@type\":\"ListItem\",\"position\":1,\"name\":\"Home\",\"item\":\"https:\/\/sandzakpress.net\/arhiva\/\"},{\"@type\":\"ListItem\",\"position\":2,\"name\":\"Erdogan pozvao Turke u inostranstvu: Posjetite domovinu, ali povedite i kom\u0161ije\"}]},{\"@type\":\"WebSite\",\"@id\":\"https:\/\/sandzakpress.net\/arhiva\/#website\",\"url\":\"https:\/\/sandzakpress.net\/arhiva\/\",\"name\":\"Sand\u017eak PRESS\",\"description\":\"Prve elektronske novine u Sand\u017eaku\",\"publisher\":{\"@id\":\"https:\/\/sandzakpress.net\/arhiva\/#\/schema\/person\/6e72b67d6e51910a1117b3b483ba20bd\"},\"potentialAction\":[{\"@type\":\"SearchAction\",\"target\":{\"@type\":\"EntryPoint\",\"urlTemplate\":\"https:\/\/sandzakpress.net\/arhiva\/?s={search_term_string}\"},\"query-input\":{\"@type\":\"PropertyValueSpecification\",\"valueRequired\":true,\"valueName\":\"search_term_string\"}}],\"inLanguage\":\"bs-BA\"},{\"@type\":[\"Person\",\"Organization\"],\"@id\":\"https:\/\/sandzakpress.net\/arhiva\/#\/schema\/person\/6e72b67d6e51910a1117b3b483ba20bd\",\"name\":\"Kul\",\"image\":{\"@type\":\"ImageObject\",\"inLanguage\":\"bs-BA\",\"@id\":\"https:\/\/sandzakpress.net\/arhiva\/#\/schema\/person\/image\/\",\"url\":\"https:\/\/secure.gravatar.com\/avatar\/42263f39aa27ac04c43cab85c280eb2e?s=96&d=mm&r=pg\",\"contentUrl\":\"https:\/\/secure.gravatar.com\/avatar\/42263f39aa27ac04c43cab85c280eb2e?s=96&d=mm&r=pg\",\"caption\":\"Kul\"},\"logo\":{\"@id\":\"https:\/\/sandzakpress.net\/arhiva\/#\/schema\/person\/image\/\"}},{\"@type\":\"Person\",\"@id\":\"https:\/\/sandzakpress.net\/arhiva\/#\/schema\/person\/c8baee722073534b583ea7bdb2e36c02\",\"name\":\"bosniak\",\"image\":{\"@type\":\"ImageObject\",\"inLanguage\":\"bs-BA\",\"@id\":\"https:\/\/sandzakpress.net\/arhiva\/#\/schema\/person\/image\/\",\"url\":\"https:\/\/secure.gravatar.com\/avatar\/a04fd330bfe3a36a72a0ad4a6d89fca7?s=96&d=mm&r=pg\",\"contentUrl\":\"https:\/\/secure.gravatar.com\/avatar\/a04fd330bfe3a36a72a0ad4a6d89fca7?s=96&d=mm&r=pg\",\"caption\":\"bosniak\"},\"url\":\"https:\/\/sandzakpress.net\/arhiva\/author\/bosniak\/\"}]}<\/script>\n<!-- \/ Yoast SEO Premium plugin. -->","yoast_head_json":{"title":"Erdogan pozvao Turke u inostranstvu: Posjetite domovinu, ali povedite i kom\u0161ije","robots":{"index":"index","follow":"follow","max-snippet":"max-snippet:-1","max-image-preview":"max-image-preview:large","max-video-preview":"max-video-preview:-1"},"canonical":"https:\/\/sandzakpress.net\/arhiva\/erdogan-pozvao-turke-u-inostranstvu-posjetite-domovinu-ali-povedite-i-komsije\/","og_locale":"bs_BA","og_type":"article","og_title":"Erdogan pozvao Turke u inostranstvu: Posjetite domovinu, ali povedite i kom\u0161ije","og_description":"Predsjednik Republike Turske Recep Tayyip Erdogan izjavio je danas u Ankari kako svaki dr\u017eavljanin Turske koji \u017eivi u inostranstvu tamo predstavlja ambasadora svoje zemlje iz oblasti turizma, te ih pozvao da posjete Tursku, s tim da povedu i svoje kom\u0161ije, javlja Anadolu Agency (AA). Erdogan se u Ankari sastao sa predstavnicima sektora turizma u Turskoj, [&hellip;]","og_url":"https:\/\/sandzakpress.net\/arhiva\/erdogan-pozvao-turke-u-inostranstvu-posjetite-domovinu-ali-povedite-i-komsije\/","og_site_name":"Sand\u017eak PRESS","article_published_time":"2017-02-02T15:43:25+00:00","og_image":[{"width":614,"height":250,"url":"https:\/\/sandzakpress.net\/arhiva\/wp-content\/uploads\/2017\/02\/images_slike_kolumnisti_Erdogan1poosmiput-614x250-1.jpg","type":"image\/jpeg"}],"author":"bosniak","twitter_card":"summary_large_image","twitter_misc":{"Written by":"bosniak","Est. reading time":"2 minute"},"schema":{"@context":"https:\/\/schema.org","@graph":[{"@type":"Article","@id":"https:\/\/sandzakpress.net\/arhiva\/erdogan-pozvao-turke-u-inostranstvu-posjetite-domovinu-ali-povedite-i-komsije\/#article","isPartOf":{"@id":"https:\/\/sandzakpress.net\/arhiva\/erdogan-pozvao-turke-u-inostranstvu-posjetite-domovinu-ali-povedite-i-komsije\/"},"author":{"name":"bosniak","@id":"https:\/\/sandzakpress.net\/arhiva\/#\/schema\/person\/c8baee722073534b583ea7bdb2e36c02"},"headline":"Erdogan pozvao Turke u inostranstvu: Posjetite domovinu, ali povedite i kom\u0161ije","datePublished":"2017-02-02T15:43:25+00:00","mainEntityOfPage":{"@id":"https:\/\/sandzakpress.net\/arhiva\/erdogan-pozvao-turke-u-inostranstvu-posjetite-domovinu-ali-povedite-i-komsije\/"},"wordCount":352,"commentCount":0,"publisher":{"@id":"https:\/\/sandzakpress.net\/arhiva\/#\/schema\/person\/6e72b67d6e51910a1117b3b483ba20bd"},"image":{"@id":"https:\/\/sandzakpress.net\/arhiva\/erdogan-pozvao-turke-u-inostranstvu-posjetite-domovinu-ali-povedite-i-komsije\/#primaryimage"},"thumbnailUrl":"https:\/\/sandzakpress.net\/arhiva\/wp-content\/uploads\/2017\/02\/images_slike_kolumnisti_Erdogan1poosmiput-614x250-1.jpg","keywords":["Islam"],"articleSection":["Islam PRESS"],"inLanguage":"bs-BA","potentialAction":[{"@type":"CommentAction","name":"Comment","target":["https:\/\/sandzakpress.net\/arhiva\/erdogan-pozvao-turke-u-inostranstvu-posjetite-domovinu-ali-povedite-i-komsije\/#respond"]}]},{"@type":"WebPage","@id":"https:\/\/sandzakpress.net\/arhiva\/erdogan-pozvao-turke-u-inostranstvu-posjetite-domovinu-ali-povedite-i-komsije\/","url":"https:\/\/sandzakpress.net\/arhiva\/erdogan-pozvao-turke-u-inostranstvu-posjetite-domovinu-ali-povedite-i-komsije\/","name":"Erdogan pozvao Turke u inostranstvu: Posjetite domovinu, ali povedite i kom\u0161ije","isPartOf":{"@id":"https:\/\/sandzakpress.net\/arhiva\/#website"},"primaryImageOfPage":{"@id":"https:\/\/sandzakpress.net\/arhiva\/erdogan-pozvao-turke-u-inostranstvu-posjetite-domovinu-ali-povedite-i-komsije\/#primaryimage"},"image":{"@id":"https:\/\/sandzakpress.net\/arhiva\/erdogan-pozvao-turke-u-inostranstvu-posjetite-domovinu-ali-povedite-i-komsije\/#primaryimage"},"thumbnailUrl":"https:\/\/sandzakpress.net\/arhiva\/wp-content\/uploads\/2017\/02\/images_slike_kolumnisti_Erdogan1poosmiput-614x250-1.jpg","datePublished":"2017-02-02T15:43:25+00:00","breadcrumb":{"@id":"https:\/\/sandzakpress.net\/arhiva\/erdogan-pozvao-turke-u-inostranstvu-posjetite-domovinu-ali-povedite-i-komsije\/#breadcrumb"},"inLanguage":"bs-BA","potentialAction":[{"@type":"ReadAction","target":["https:\/\/sandzakpress.net\/arhiva\/erdogan-pozvao-turke-u-inostranstvu-posjetite-domovinu-ali-povedite-i-komsije\/"]}]},{"@type":"ImageObject","inLanguage":"bs-BA","@id":"https:\/\/sandzakpress.net\/arhiva\/erdogan-pozvao-turke-u-inostranstvu-posjetite-domovinu-ali-povedite-i-komsije\/#primaryimage","url":"https:\/\/sandzakpress.net\/arhiva\/wp-content\/uploads\/2017\/02\/images_slike_kolumnisti_Erdogan1poosmiput-614x250-1.jpg","contentUrl":"https:\/\/sandzakpress.net\/arhiva\/wp-content\/uploads\/2017\/02\/images_slike_kolumnisti_Erdogan1poosmiput-614x250-1.jpg","width":614,"height":250},{"@type":"BreadcrumbList","@id":"https:\/\/sandzakpress.net\/arhiva\/erdogan-pozvao-turke-u-inostranstvu-posjetite-domovinu-ali-povedite-i-komsije\/#breadcrumb","itemListElement":[{"@type":"ListItem","position":1,"name":"Home","item":"https:\/\/sandzakpress.net\/arhiva\/"},{"@type":"ListItem","position":2,"name":"Erdogan pozvao Turke u inostranstvu: Posjetite domovinu, ali povedite i kom\u0161ije"}]},{"@type":"WebSite","@id":"https:\/\/sandzakpress.net\/arhiva\/#website","url":"https:\/\/sandzakpress.net\/arhiva\/","name":"Sand\u017eak PRESS","description":"Prve elektronske novine u Sand\u017eaku","publisher":{"@id":"https:\/\/sandzakpress.net\/arhiva\/#\/schema\/person\/6e72b67d6e51910a1117b3b483ba20bd"},"potentialAction":[{"@type":"SearchAction","target":{"@type":"EntryPoint","urlTemplate":"https:\/\/sandzakpress.net\/arhiva\/?s={search_term_string}"},"query-input":{"@type":"PropertyValueSpecification","valueRequired":true,"valueName":"search_term_string"}}],"inLanguage":"bs-BA"},{"@type":["Person","Organization"],"@id":"https:\/\/sandzakpress.net\/arhiva\/#\/schema\/person\/6e72b67d6e51910a1117b3b483ba20bd","name":"Kul","image":{"@type":"ImageObject","inLanguage":"bs-BA","@id":"https:\/\/sandzakpress.net\/arhiva\/#\/schema\/person\/image\/","url":"https:\/\/secure.gravatar.com\/avatar\/42263f39aa27ac04c43cab85c280eb2e?s=96&d=mm&r=pg","contentUrl":"https:\/\/secure.gravatar.com\/avatar\/42263f39aa27ac04c43cab85c280eb2e?s=96&d=mm&r=pg","caption":"Kul"},"logo":{"@id":"https:\/\/sandzakpress.net\/arhiva\/#\/schema\/person\/image\/"}},{"@type":"Person","@id":"https:\/\/sandzakpress.net\/arhiva\/#\/schema\/person\/c8baee722073534b583ea7bdb2e36c02","name":"bosniak","image":{"@type":"ImageObject","inLanguage":"bs-BA","@id":"https:\/\/sandzakpress.net\/arhiva\/#\/schema\/person\/image\/","url":"https:\/\/secure.gravatar.com\/avatar\/a04fd330bfe3a36a72a0ad4a6d89fca7?s=96&d=mm&r=pg","contentUrl":"https:\/\/secure.gravatar.com\/avatar\/a04fd330bfe3a36a72a0ad4a6d89fca7?s=96&d=mm&r=pg","caption":"bosniak"},"url":"https:\/\/sandzakpress.net\/arhiva\/author\/bosniak\/"}]}},"_links":{"self":[{"href":"https:\/\/sandzakpress.net\/arhiva\/wp-json\/wp\/v2\/posts\/178492"}],"collection":[{"href":"https:\/\/sandzakpress.net\/arhiva\/wp-json\/wp\/v2\/posts"}],"about":[{"href":"https:\/\/sandzakpress.net\/arhiva\/wp-json\/wp\/v2\/types\/post"}],"author":[{"embeddable":true,"href":"https:\/\/sandzakpress.net\/arhiva\/wp-json\/wp\/v2\/users\/83"}],"replies":[{"embeddable":true,"href":"https:\/\/sandzakpress.net\/arhiva\/wp-json\/wp\/v2\/comments?post=178492"}],"version-history":[{"count":0,"href":"https:\/\/sandzakpress.net\/arhiva\/wp-json\/wp\/v2\/posts\/178492\/revisions"}],"wp:featuredmedia":[{"embeddable":true,"href":"https:\/\/sandzakpress.net\/arhiva\/wp-json\/wp\/v2\/media\/178494"}],"wp:attachment":[{"href":"https:\/\/sandzakpress.net\/arhiva\/wp-json\/wp\/v2\/media?parent=178492"}],"wp:term":[{"taxonomy":"category","embeddable":true,"href":"https:\/\/sandzakpress.net\/arhiva\/wp-json\/wp\/v2\/categories?post=178492"},{"taxonomy":"post_tag","embeddable":true,"href":"https:\/\/sandzakpress.net\/arhiva\/wp-json\/wp\/v2\/tags?post=178492"}],"curies":[{"name":"wp","href":"https:\/\/api.w.org\/{rel}","templated":true}]}}