{"id":178401,"date":"2017-02-01T19:14:44","date_gmt":"2017-02-01T18:14:44","guid":{"rendered":"https:\/\/sandzakpress.net\/arhiva\/?p=178401"},"modified":"2017-02-01T19:14:44","modified_gmt":"2017-02-01T18:14:44","slug":"sda-i-ldp-dogovorili-politicku-saradnju","status":"publish","type":"post","link":"https:\/\/sandzakpress.net\/arhiva\/sda-i-ldp-dogovorili-politicku-saradnju\/","title":{"rendered":"SDA i LDP dogovorili politi\u010dku saradnju"},"content":{"rendered":"<p><strong><img loading=\"lazy\" decoding=\"async\" class=\"aligncenter\" src=\"http:\/\/www.sandzacke.rs\/wp-content\/uploads\/2017\/02\/jovanovic-ugljanin-660x330.jpg\" width=\"892\" height=\"500\" \/><\/strong><\/p>\n<p><strong>NOVI PAZAR \u2013 Predsjednici Stranke demokratske akcije (SDA) Sand\u017eaka i Liberalno demokratske partije (LDP) Sulejman Ugljanin i \u010cedomir Jovanovi\u0107 dogovorili su danas u Novom Pazaru 10 principa na osnovu kojih \u0107e te dvije politi\u010dke opcije djelovati u budu\u0107nosti.<\/strong><\/p>\n<p>Me\u0111u principima se nalaze dalja demokratizacija dru\u0161tva, ja\u010danje institucija, promocija tolerancije, slobode govora, nova regionalna politika, kao i priznavanje svih presuda koje se ti\u010du sukoba na prostoru biv\u0161e Jugoslavije.<\/p>\n<p>Te dvije stranke zalaga\u0107e se i za ubrzanje pristupanja Srbije Evropskoj uniji i NATO savezu, definisanje statusa Sand\u017eaka, kona\u010dno rje\u0161avanje statusa Kosova uz uva\u017eavanje realnosti i princip razumijevanja specifi\u010dnosti na kojima je napravljena Bosna i Hercegovina.<\/p>\n<p>Lider SDA Sand\u017eaka istakao je da po tim principima ve\u0107 djeluje njihova poslani\u010dka grupa u Skup\u0161tini, a da sada sa tim principima i programom izlaze pred gra\u0111ane.<\/p>\n<p><strong>\u201cOve principe nudimo i predsjedni\u010dkim kandidatima, pa ako je neko od njih spreman da ih uvrsti u svoj program, mi \u0107emo ga podr\u017eati\u201d,<\/strong> rekao je Ugljanin.<\/p>\n<p>Predsjednik LDP naglasio je da je atmosfera u Srbiji veoma lo\u0161a i da je zahtjevala od njih da jasno ka\u017eu \u0161ta je ono \u0161to je potrebno kako bi Srbija iza\u0161la iz problema.<\/p>\n<p><strong>\u201cNeko je morao da ka\u017ee Evropa, a ne Rusija, iako nemam ni\u0161ta protiv te dr\u017eave, da ka\u017ee NATO, a ne ludilo devedesetih, da ka\u017ee istinu o Kosovu i da je potrebna promjena politike prema toj zemlji, da je potreban po\u0161ten odnos prema Bosni i narodima koji u njoj \u017eive i promjena jezika kojim se govori sa Hrvatskom\u201d,<\/strong> kazao je Jovanovi\u0107.<\/p>\n<p>On je dodao da za takvu politiku mora imati mjesta i u predsjedni\u010dkoj kampanji i da \u0107e, umjesto<strong> \u201cobaranja ruku sa Vu\u010di\u0107em, Nikoli\u0107em ili \u0160e\u0161eljom\u201d,<\/strong> pobjedom na izborima smatrati da takva poruka stigne do gra\u0111ana.<\/p>\n<p><strong>\u201cOvi predsjedni\u010dki izbori su ve\u0107 izgubljeni zbog nesposobnosti ve\u0107ine opozicionih stranaka i jedina dilema je da li \u0107e Vu\u010di\u0107 osvojiti mandat u prvom krugu ili \u0107e Nikoli\u0107 pobijediti \u0160e\u0161elja u drugom\u201d,<\/strong> rekao je Jovanovi\u0107.<\/p>\n<p><iframe loading=\"lazy\" style=\"border: none; overflow: hidden;\" src=\"https:\/\/www.facebook.com\/plugins\/video.php?href=https%3A%2F%2Fwww.facebook.com%2FSDASandzaka.Officialpage%2Fvideos%2F1362469613812342%2F&amp;show_text=0&amp;width=400\" width=\"400\" height=\"400\" frameborder=\"0\" scrolling=\"no\" allowfullscreen=\"allowfullscreen\"><\/iframe><\/p>\n<p>Izvor: <strong>Radiostoplus.com<\/strong><\/p>\n","protected":false},"excerpt":{"rendered":"<p>NOVI PAZAR \u2013 Predsjednici Stranke demokratske akcije (SDA) Sand\u017eaka i Liberalno demokratske partije (LDP) Sulejman Ugljanin i \u010cedomir Jovanovi\u0107 dogovorili su danas u Novom Pazaru 10 principa na osnovu kojih \u0107e te dvije politi\u010dke opcije djelovati u budu\u0107nosti. Me\u0111u principima se nalaze dalja demokratizacija dru\u0161tva, ja\u010danje institucija, promocija tolerancije, slobode govora, nova regionalna politika, kao [&hellip;]<\/p>\n","protected":false},"author":125,"featured_media":178402,"comment_status":"open","ping_status":"open","sticky":false,"template":"","format":"standard","meta":{"footnotes":""},"categories":[72,1,8957],"tags":[],"class_list":{"0":"post-178401","1":"post","2":"type-post","3":"status-publish","4":"format-standard","5":"has-post-thumbnail","7":"category-novi-pazar","8":"category-politika","9":"category-vijesti-dana"},"yoast_head":"<!-- This site is optimized with the Yoast SEO Premium plugin v23.1 (Yoast SEO v24.9) - https:\/\/yoast.com\/wordpress\/plugins\/seo\/ -->\n<title>SDA i LDP dogovorili politi\u010dku saradnju<\/title>\n<meta name=\"robots\" content=\"index, follow, max-snippet:-1, max-image-preview:large, max-video-preview:-1\" \/>\n<link rel=\"canonical\" href=\"https:\/\/sandzakpress.net\/arhiva\/sda-i-ldp-dogovorili-politicku-saradnju\/\" \/>\n<meta property=\"og:locale\" content=\"bs_BA\" \/>\n<meta property=\"og:type\" content=\"article\" \/>\n<meta property=\"og:title\" content=\"SDA i LDP dogovorili politi\u010dku saradnju\" \/>\n<meta property=\"og:description\" content=\"NOVI PAZAR \u2013 Predsjednici Stranke demokratske akcije (SDA) Sand\u017eaka i Liberalno demokratske partije (LDP) Sulejman Ugljanin i \u010cedomir Jovanovi\u0107 dogovorili su danas u Novom Pazaru 10 principa na osnovu kojih \u0107e te dvije politi\u010dke opcije djelovati u budu\u0107nosti. Me\u0111u principima se nalaze dalja demokratizacija dru\u0161tva, ja\u010danje institucija, promocija tolerancije, slobode govora, nova regionalna politika, kao [&hellip;]\" \/>\n<meta property=\"og:url\" content=\"https:\/\/sandzakpress.net\/arhiva\/sda-i-ldp-dogovorili-politicku-saradnju\/\" \/>\n<meta property=\"og:site_name\" content=\"Sand\u017eak PRESS\" \/>\n<meta property=\"article:published_time\" content=\"2017-02-01T18:14:44+00:00\" \/>\n<meta property=\"og:image\" content=\"https:\/\/sandzakpress.net\/arhiva\/wp-content\/uploads\/2017\/02\/jovanovic-ugljanin-660x330.jpg\" \/>\n\t<meta property=\"og:image:width\" content=\"660\" \/>\n\t<meta property=\"og:image:height\" content=\"330\" \/>\n\t<meta property=\"og:image:type\" content=\"image\/jpeg\" \/>\n<meta name=\"author\" content=\"Korektor\" \/>\n<meta name=\"twitter:card\" content=\"summary_large_image\" \/>\n<meta name=\"twitter:label1\" content=\"Written by\" \/>\n\t<meta name=\"twitter:data1\" content=\"Korektor\" \/>\n\t<meta name=\"twitter:label2\" content=\"Est. reading time\" \/>\n\t<meta name=\"twitter:data2\" content=\"2 minute\" \/>\n<script type=\"application\/ld+json\" class=\"yoast-schema-graph\">{\"@context\":\"https:\/\/schema.org\",\"@graph\":[{\"@type\":\"Article\",\"@id\":\"https:\/\/sandzakpress.net\/arhiva\/sda-i-ldp-dogovorili-politicku-saradnju\/#article\",\"isPartOf\":{\"@id\":\"https:\/\/sandzakpress.net\/arhiva\/sda-i-ldp-dogovorili-politicku-saradnju\/\"},\"author\":{\"name\":\"Korektor\",\"@id\":\"https:\/\/sandzakpress.net\/arhiva\/#\/schema\/person\/b71f9565a8a6ce38c0200f1cf59c368c\"},\"headline\":\"SDA i LDP dogovorili politi\u010dku saradnju\",\"datePublished\":\"2017-02-01T18:14:44+00:00\",\"mainEntityOfPage\":{\"@id\":\"https:\/\/sandzakpress.net\/arhiva\/sda-i-ldp-dogovorili-politicku-saradnju\/\"},\"wordCount\":364,\"commentCount\":6,\"publisher\":{\"@id\":\"https:\/\/sandzakpress.net\/arhiva\/#\/schema\/person\/6e72b67d6e51910a1117b3b483ba20bd\"},\"image\":{\"@id\":\"https:\/\/sandzakpress.net\/arhiva\/sda-i-ldp-dogovorili-politicku-saradnju\/#primaryimage\"},\"thumbnailUrl\":\"https:\/\/sandzakpress.net\/arhiva\/wp-content\/uploads\/2017\/02\/jovanovic-ugljanin-660x330.jpg\",\"articleSection\":[\"Novi Pazar\",\"Politika\",\"VIJESTI DANA\"],\"inLanguage\":\"bs-BA\",\"potentialAction\":[{\"@type\":\"CommentAction\",\"name\":\"Comment\",\"target\":[\"https:\/\/sandzakpress.net\/arhiva\/sda-i-ldp-dogovorili-politicku-saradnju\/#respond\"]}]},{\"@type\":\"WebPage\",\"@id\":\"https:\/\/sandzakpress.net\/arhiva\/sda-i-ldp-dogovorili-politicku-saradnju\/\",\"url\":\"https:\/\/sandzakpress.net\/arhiva\/sda-i-ldp-dogovorili-politicku-saradnju\/\",\"name\":\"SDA i LDP dogovorili politi\u010dku saradnju\",\"isPartOf\":{\"@id\":\"https:\/\/sandzakpress.net\/arhiva\/#website\"},\"primaryImageOfPage\":{\"@id\":\"https:\/\/sandzakpress.net\/arhiva\/sda-i-ldp-dogovorili-politicku-saradnju\/#primaryimage\"},\"image\":{\"@id\":\"https:\/\/sandzakpress.net\/arhiva\/sda-i-ldp-dogovorili-politicku-saradnju\/#primaryimage\"},\"thumbnailUrl\":\"https:\/\/sandzakpress.net\/arhiva\/wp-content\/uploads\/2017\/02\/jovanovic-ugljanin-660x330.jpg\",\"datePublished\":\"2017-02-01T18:14:44+00:00\",\"breadcrumb\":{\"@id\":\"https:\/\/sandzakpress.net\/arhiva\/sda-i-ldp-dogovorili-politicku-saradnju\/#breadcrumb\"},\"inLanguage\":\"bs-BA\",\"potentialAction\":[{\"@type\":\"ReadAction\",\"target\":[\"https:\/\/sandzakpress.net\/arhiva\/sda-i-ldp-dogovorili-politicku-saradnju\/\"]}]},{\"@type\":\"ImageObject\",\"inLanguage\":\"bs-BA\",\"@id\":\"https:\/\/sandzakpress.net\/arhiva\/sda-i-ldp-dogovorili-politicku-saradnju\/#primaryimage\",\"url\":\"https:\/\/sandzakpress.net\/arhiva\/wp-content\/uploads\/2017\/02\/jovanovic-ugljanin-660x330.jpg\",\"contentUrl\":\"https:\/\/sandzakpress.net\/arhiva\/wp-content\/uploads\/2017\/02\/jovanovic-ugljanin-660x330.jpg\",\"width\":660,\"height\":330},{\"@type\":\"BreadcrumbList\",\"@id\":\"https:\/\/sandzakpress.net\/arhiva\/sda-i-ldp-dogovorili-politicku-saradnju\/#breadcrumb\",\"itemListElement\":[{\"@type\":\"ListItem\",\"position\":1,\"name\":\"Home\",\"item\":\"https:\/\/sandzakpress.net\/arhiva\/\"},{\"@type\":\"ListItem\",\"position\":2,\"name\":\"SDA i LDP dogovorili politi\u010dku saradnju\"}]},{\"@type\":\"WebSite\",\"@id\":\"https:\/\/sandzakpress.net\/arhiva\/#website\",\"url\":\"https:\/\/sandzakpress.net\/arhiva\/\",\"name\":\"Sand\u017eak PRESS\",\"description\":\"Prve elektronske novine u Sand\u017eaku\",\"publisher\":{\"@id\":\"https:\/\/sandzakpress.net\/arhiva\/#\/schema\/person\/6e72b67d6e51910a1117b3b483ba20bd\"},\"potentialAction\":[{\"@type\":\"SearchAction\",\"target\":{\"@type\":\"EntryPoint\",\"urlTemplate\":\"https:\/\/sandzakpress.net\/arhiva\/?s={search_term_string}\"},\"query-input\":{\"@type\":\"PropertyValueSpecification\",\"valueRequired\":true,\"valueName\":\"search_term_string\"}}],\"inLanguage\":\"bs-BA\"},{\"@type\":[\"Person\",\"Organization\"],\"@id\":\"https:\/\/sandzakpress.net\/arhiva\/#\/schema\/person\/6e72b67d6e51910a1117b3b483ba20bd\",\"name\":\"Kul\",\"image\":{\"@type\":\"ImageObject\",\"inLanguage\":\"bs-BA\",\"@id\":\"https:\/\/sandzakpress.net\/arhiva\/#\/schema\/person\/image\/\",\"url\":\"https:\/\/secure.gravatar.com\/avatar\/42263f39aa27ac04c43cab85c280eb2e?s=96&d=mm&r=pg\",\"contentUrl\":\"https:\/\/secure.gravatar.com\/avatar\/42263f39aa27ac04c43cab85c280eb2e?s=96&d=mm&r=pg\",\"caption\":\"Kul\"},\"logo\":{\"@id\":\"https:\/\/sandzakpress.net\/arhiva\/#\/schema\/person\/image\/\"}},{\"@type\":\"Person\",\"@id\":\"https:\/\/sandzakpress.net\/arhiva\/#\/schema\/person\/b71f9565a8a6ce38c0200f1cf59c368c\",\"name\":\"Korektor\",\"image\":{\"@type\":\"ImageObject\",\"inLanguage\":\"bs-BA\",\"@id\":\"https:\/\/sandzakpress.net\/arhiva\/#\/schema\/person\/image\/\",\"url\":\"https:\/\/secure.gravatar.com\/avatar\/ae3388ff9b8eb74e0751a069466905f6?s=96&d=mm&r=pg\",\"contentUrl\":\"https:\/\/secure.gravatar.com\/avatar\/ae3388ff9b8eb74e0751a069466905f6?s=96&d=mm&r=pg\",\"caption\":\"Korektor\"},\"url\":\"https:\/\/sandzakpress.net\/arhiva\/author\/korektor\/\"}]}<\/script>\n<!-- \/ Yoast SEO Premium plugin. -->","yoast_head_json":{"title":"SDA i LDP dogovorili politi\u010dku saradnju","robots":{"index":"index","follow":"follow","max-snippet":"max-snippet:-1","max-image-preview":"max-image-preview:large","max-video-preview":"max-video-preview:-1"},"canonical":"https:\/\/sandzakpress.net\/arhiva\/sda-i-ldp-dogovorili-politicku-saradnju\/","og_locale":"bs_BA","og_type":"article","og_title":"SDA i LDP dogovorili politi\u010dku saradnju","og_description":"NOVI PAZAR \u2013 Predsjednici Stranke demokratske akcije (SDA) Sand\u017eaka i Liberalno demokratske partije (LDP) Sulejman Ugljanin i \u010cedomir Jovanovi\u0107 dogovorili su danas u Novom Pazaru 10 principa na osnovu kojih \u0107e te dvije politi\u010dke opcije djelovati u budu\u0107nosti. Me\u0111u principima se nalaze dalja demokratizacija dru\u0161tva, ja\u010danje institucija, promocija tolerancije, slobode govora, nova regionalna politika, kao [&hellip;]","og_url":"https:\/\/sandzakpress.net\/arhiva\/sda-i-ldp-dogovorili-politicku-saradnju\/","og_site_name":"Sand\u017eak PRESS","article_published_time":"2017-02-01T18:14:44+00:00","og_image":[{"width":660,"height":330,"url":"https:\/\/sandzakpress.net\/arhiva\/wp-content\/uploads\/2017\/02\/jovanovic-ugljanin-660x330.jpg","type":"image\/jpeg"}],"author":"Korektor","twitter_card":"summary_large_image","twitter_misc":{"Written by":"Korektor","Est. reading time":"2 minute"},"schema":{"@context":"https:\/\/schema.org","@graph":[{"@type":"Article","@id":"https:\/\/sandzakpress.net\/arhiva\/sda-i-ldp-dogovorili-politicku-saradnju\/#article","isPartOf":{"@id":"https:\/\/sandzakpress.net\/arhiva\/sda-i-ldp-dogovorili-politicku-saradnju\/"},"author":{"name":"Korektor","@id":"https:\/\/sandzakpress.net\/arhiva\/#\/schema\/person\/b71f9565a8a6ce38c0200f1cf59c368c"},"headline":"SDA i LDP dogovorili politi\u010dku saradnju","datePublished":"2017-02-01T18:14:44+00:00","mainEntityOfPage":{"@id":"https:\/\/sandzakpress.net\/arhiva\/sda-i-ldp-dogovorili-politicku-saradnju\/"},"wordCount":364,"commentCount":6,"publisher":{"@id":"https:\/\/sandzakpress.net\/arhiva\/#\/schema\/person\/6e72b67d6e51910a1117b3b483ba20bd"},"image":{"@id":"https:\/\/sandzakpress.net\/arhiva\/sda-i-ldp-dogovorili-politicku-saradnju\/#primaryimage"},"thumbnailUrl":"https:\/\/sandzakpress.net\/arhiva\/wp-content\/uploads\/2017\/02\/jovanovic-ugljanin-660x330.jpg","articleSection":["Novi Pazar","Politika","VIJESTI DANA"],"inLanguage":"bs-BA","potentialAction":[{"@type":"CommentAction","name":"Comment","target":["https:\/\/sandzakpress.net\/arhiva\/sda-i-ldp-dogovorili-politicku-saradnju\/#respond"]}]},{"@type":"WebPage","@id":"https:\/\/sandzakpress.net\/arhiva\/sda-i-ldp-dogovorili-politicku-saradnju\/","url":"https:\/\/sandzakpress.net\/arhiva\/sda-i-ldp-dogovorili-politicku-saradnju\/","name":"SDA i LDP dogovorili politi\u010dku saradnju","isPartOf":{"@id":"https:\/\/sandzakpress.net\/arhiva\/#website"},"primaryImageOfPage":{"@id":"https:\/\/sandzakpress.net\/arhiva\/sda-i-ldp-dogovorili-politicku-saradnju\/#primaryimage"},"image":{"@id":"https:\/\/sandzakpress.net\/arhiva\/sda-i-ldp-dogovorili-politicku-saradnju\/#primaryimage"},"thumbnailUrl":"https:\/\/sandzakpress.net\/arhiva\/wp-content\/uploads\/2017\/02\/jovanovic-ugljanin-660x330.jpg","datePublished":"2017-02-01T18:14:44+00:00","breadcrumb":{"@id":"https:\/\/sandzakpress.net\/arhiva\/sda-i-ldp-dogovorili-politicku-saradnju\/#breadcrumb"},"inLanguage":"bs-BA","potentialAction":[{"@type":"ReadAction","target":["https:\/\/sandzakpress.net\/arhiva\/sda-i-ldp-dogovorili-politicku-saradnju\/"]}]},{"@type":"ImageObject","inLanguage":"bs-BA","@id":"https:\/\/sandzakpress.net\/arhiva\/sda-i-ldp-dogovorili-politicku-saradnju\/#primaryimage","url":"https:\/\/sandzakpress.net\/arhiva\/wp-content\/uploads\/2017\/02\/jovanovic-ugljanin-660x330.jpg","contentUrl":"https:\/\/sandzakpress.net\/arhiva\/wp-content\/uploads\/2017\/02\/jovanovic-ugljanin-660x330.jpg","width":660,"height":330},{"@type":"BreadcrumbList","@id":"https:\/\/sandzakpress.net\/arhiva\/sda-i-ldp-dogovorili-politicku-saradnju\/#breadcrumb","itemListElement":[{"@type":"ListItem","position":1,"name":"Home","item":"https:\/\/sandzakpress.net\/arhiva\/"},{"@type":"ListItem","position":2,"name":"SDA i LDP dogovorili politi\u010dku saradnju"}]},{"@type":"WebSite","@id":"https:\/\/sandzakpress.net\/arhiva\/#website","url":"https:\/\/sandzakpress.net\/arhiva\/","name":"Sand\u017eak PRESS","description":"Prve elektronske novine u Sand\u017eaku","publisher":{"@id":"https:\/\/sandzakpress.net\/arhiva\/#\/schema\/person\/6e72b67d6e51910a1117b3b483ba20bd"},"potentialAction":[{"@type":"SearchAction","target":{"@type":"EntryPoint","urlTemplate":"https:\/\/sandzakpress.net\/arhiva\/?s={search_term_string}"},"query-input":{"@type":"PropertyValueSpecification","valueRequired":true,"valueName":"search_term_string"}}],"inLanguage":"bs-BA"},{"@type":["Person","Organization"],"@id":"https:\/\/sandzakpress.net\/arhiva\/#\/schema\/person\/6e72b67d6e51910a1117b3b483ba20bd","name":"Kul","image":{"@type":"ImageObject","inLanguage":"bs-BA","@id":"https:\/\/sandzakpress.net\/arhiva\/#\/schema\/person\/image\/","url":"https:\/\/secure.gravatar.com\/avatar\/42263f39aa27ac04c43cab85c280eb2e?s=96&d=mm&r=pg","contentUrl":"https:\/\/secure.gravatar.com\/avatar\/42263f39aa27ac04c43cab85c280eb2e?s=96&d=mm&r=pg","caption":"Kul"},"logo":{"@id":"https:\/\/sandzakpress.net\/arhiva\/#\/schema\/person\/image\/"}},{"@type":"Person","@id":"https:\/\/sandzakpress.net\/arhiva\/#\/schema\/person\/b71f9565a8a6ce38c0200f1cf59c368c","name":"Korektor","image":{"@type":"ImageObject","inLanguage":"bs-BA","@id":"https:\/\/sandzakpress.net\/arhiva\/#\/schema\/person\/image\/","url":"https:\/\/secure.gravatar.com\/avatar\/ae3388ff9b8eb74e0751a069466905f6?s=96&d=mm&r=pg","contentUrl":"https:\/\/secure.gravatar.com\/avatar\/ae3388ff9b8eb74e0751a069466905f6?s=96&d=mm&r=pg","caption":"Korektor"},"url":"https:\/\/sandzakpress.net\/arhiva\/author\/korektor\/"}]}},"_links":{"self":[{"href":"https:\/\/sandzakpress.net\/arhiva\/wp-json\/wp\/v2\/posts\/178401"}],"collection":[{"href":"https:\/\/sandzakpress.net\/arhiva\/wp-json\/wp\/v2\/posts"}],"about":[{"href":"https:\/\/sandzakpress.net\/arhiva\/wp-json\/wp\/v2\/types\/post"}],"author":[{"embeddable":true,"href":"https:\/\/sandzakpress.net\/arhiva\/wp-json\/wp\/v2\/users\/125"}],"replies":[{"embeddable":true,"href":"https:\/\/sandzakpress.net\/arhiva\/wp-json\/wp\/v2\/comments?post=178401"}],"version-history":[{"count":0,"href":"https:\/\/sandzakpress.net\/arhiva\/wp-json\/wp\/v2\/posts\/178401\/revisions"}],"wp:featuredmedia":[{"embeddable":true,"href":"https:\/\/sandzakpress.net\/arhiva\/wp-json\/wp\/v2\/media\/178402"}],"wp:attachment":[{"href":"https:\/\/sandzakpress.net\/arhiva\/wp-json\/wp\/v2\/media?parent=178401"}],"wp:term":[{"taxonomy":"category","embeddable":true,"href":"https:\/\/sandzakpress.net\/arhiva\/wp-json\/wp\/v2\/categories?post=178401"},{"taxonomy":"post_tag","embeddable":true,"href":"https:\/\/sandzakpress.net\/arhiva\/wp-json\/wp\/v2\/tags?post=178401"}],"curies":[{"name":"wp","href":"https:\/\/api.w.org\/{rel}","templated":true}]}}