{"id":178386,"date":"2017-02-01T16:09:31","date_gmt":"2017-02-01T15:09:31","guid":{"rendered":"https:\/\/sandzakpress.net\/arhiva\/?p=178386"},"modified":"2017-02-01T18:11:03","modified_gmt":"2017-02-01T17:11:03","slug":"husovic-se-izvinio-gradanima-crne-gore-zbog-izjava-muhovica","status":"publish","type":"post","link":"https:\/\/sandzakpress.net\/arhiva\/husovic-se-izvinio-gradanima-crne-gore-zbog-izjava-muhovica\/","title":{"rendered":"Husovi\u0107 se izvinio gra\u0111anima Crne Gore zbog izjava Muhovi\u0107a"},"content":{"rendered":"<p><img loading=\"lazy\" decoding=\"async\" class=\"aligncenter\" src=\"http:\/\/www.vijesti.me\/media\/cache\/e1\/6c\/e16c0ca26d00293b45337406a6e8704d.jpg\" alt=\"Husovi\u0107 se izvinio gra\u0111anima Crne Gore zbog izjava Muhovi\u0107a\" width=\"664\" height=\"465\" \/><\/p>\n<p><strong>Predsjednik Bo\u0161nja\u010dke stranke Rafet Husovi\u0107 izvinio se gra\u0111anima Crne Gore zbog izjava koje je prethodnih dana davao visoki funkcioner te stranke Adnan Muhovi\u0107.<\/strong><\/p>\n<p>&#8220;Vjerovatno je da su odre\u0111eni \u010dlanovi Bo\u0161nja\u010dke stranke svojim izjavama i djelovanjem povrijedili osje\u0107anja gra\u0111ana ili doprinijeli podizanju tenzija, te se zbog toga, kao predsjednik Bo\u0161nja\u010dke stranke, izvinjavam gra\u0111anima Crne Gore. Tako\u0111e, upu\u0107ujem apel svim \u010dlanovima Bo\u0161nja\u010dke stranke da se suzdr\u017ee od takvih komentara koji mogu doprinijeti naru\u0161avanju gra\u0111anskog karaktera Crne Gore i devalviranju mulinacionalnog i multivjerskog sklada. Iako je u poslednje vrijeme bilo dosta neopravdanih napada na Bo\u0161nja\u010dku stranku i na njeno rukovodstvo, mi na te uvrede i poni\u017eavanja ne\u0107emo odgovarati&#8221;, naveo je Husovi\u0107.<\/p>\n<p>Muhovi\u0107 je u razgovoru za TV Vijesti kazao da su Crnogorci mala nacija i da ih ima manje od Bo\u0161njaka u tuzlanskom kantonu. On je ponovio da je Petar Petrovi\u0107 Njego\u0161 bio genocidni pjesnik.<\/p>\n<p>Husovi\u0107 je saop\u0161tio da su glavni prioriteti Bo\u0161nja\u010dke stranke od njenog osnivanja, gra\u0111anska, multinacionalna i multivjerska Crna Gore.<\/p>\n<p>Naveo je i da BS \u010dvrsto stoji na kursu &#8220;koji na\u0161u zemlju vidi kao \u010dlanicu EU i NATO saveza, te se takva politika na\u0161e stranke ne\u0107e mijenjati&#8221;.<\/p>\n<p>&#8220;Podsje\u0107am javnost da je Bo\u0161nja\u010dka stranka i prije i nakon parlamentarnih izbora odr\u017eanih oktobra pro\u0161le godine bila tema ili meta odre\u0111enih politi\u010dko-interesnih grupacija. Ta koordinirana aktivnost koja ne prestaje, a kojoj je glavni cilj da umanji uticaj i ugled Bo\u0161nja\u010dke stranke, sprovodi se kako od subjekata u Crnoj Gori, tako i od grupacija van granica na\u0161e dr\u017eave. Bo\u0161nja\u010dka stranka nikada nije trgovala, kako se to \u017eeli predstaviti u javnosti. Da su nam namjere bile takve i da smo brinuli samo o funkcijama prihvatili bi ponudu opozicije, od koje nam je nu\u0111eno mnogo vi\u0161e funkcija. Tada bi smo kao stanka dobili, ali bi izgubila Crna Gora&#8221;, naveo je Husovi\u0107.<\/p>\n<p>Istakao je da za Bo\u0161nja\u010dkoj stranku nema alternative kada je u pitanju gra\u0111anska i evropska Crna Gora, \u010dlanica NATO saveza.<\/p>\n<p>&#8220;Zaklju\u010di\u0107u osvrtom na aktulenu temu vezano za progla\u0161enje Dana kulture, koja je bez ikakvog razloga ispolitizovana. Ukoliko se pitanje izmjena i dopuna Zakona o dr\u017eavnim praznicima opet na\u0111e na dnevnom redu i u skup\u0161tinskoj proceduri, tada \u0107emo saop\u0161titi jasan stav, do tada se Bo\u0161nja\u010dka stranka na ovu temu ne\u0107e ogla\u0161avati&#8221;, zaklju\u010dio je Husovi\u0107.<\/p>\n<p>(VIjesti)<\/p>\n","protected":false},"excerpt":{"rendered":"<p>Predsjednik Bo\u0161nja\u010dke stranke Rafet Husovi\u0107 izvinio se gra\u0111anima Crne Gore zbog izjava koje je prethodnih dana davao visoki funkcioner te stranke Adnan Muhovi\u0107. &#8220;Vjerovatno je da su odre\u0111eni \u010dlanovi Bo\u0161nja\u010dke stranke svojim izjavama i djelovanjem povrijedili osje\u0107anja gra\u0111ana ili doprinijeli podizanju tenzija, te se zbog toga, kao predsjednik Bo\u0161nja\u010dke stranke, izvinjavam gra\u0111anima Crne Gore. Tako\u0111e, [&hellip;]<\/p>\n","protected":false},"author":509,"featured_media":178387,"comment_status":"open","ping_status":"open","sticky":false,"template":"","format":"standard","meta":{"footnotes":""},"categories":[398,1,397,10174,396,395,399,10173,8957],"tags":[],"class_list":{"0":"post-178386","1":"post","2":"type-post","3":"status-publish","4":"format-standard","5":"has-post-thumbnail","7":"category-rozaje","8":"category-politika","9":"category-berane","10":"category-petnjica-vase-vijesti","11":"category-bijelo_polje","12":"category-pljevlja_","13":"category-plav_","14":"category-gusinje-vase-vijesti","15":"category-vijesti-dana"},"yoast_head":"<!-- This site is optimized with the Yoast SEO Premium plugin v23.1 (Yoast SEO v24.9) - https:\/\/yoast.com\/wordpress\/plugins\/seo\/ -->\n<title>Husovi\u0107 se izvinio gra\u0111anima Crne Gore zbog izjava Muhovi\u0107a<\/title>\n<meta name=\"robots\" content=\"index, follow, max-snippet:-1, max-image-preview:large, max-video-preview:-1\" \/>\n<link rel=\"canonical\" href=\"https:\/\/sandzakpress.net\/arhiva\/husovic-se-izvinio-gradanima-crne-gore-zbog-izjava-muhovica\/\" \/>\n<meta property=\"og:locale\" content=\"bs_BA\" \/>\n<meta property=\"og:type\" content=\"article\" \/>\n<meta property=\"og:title\" content=\"Husovi\u0107 se izvinio gra\u0111anima Crne Gore zbog izjava Muhovi\u0107a\" \/>\n<meta property=\"og:description\" content=\"Predsjednik Bo\u0161nja\u010dke stranke Rafet Husovi\u0107 izvinio se gra\u0111anima Crne Gore zbog izjava koje je prethodnih dana davao visoki funkcioner te stranke Adnan Muhovi\u0107. &#8220;Vjerovatno je da su odre\u0111eni \u010dlanovi Bo\u0161nja\u010dke stranke svojim izjavama i djelovanjem povrijedili osje\u0107anja gra\u0111ana ili doprinijeli podizanju tenzija, te se zbog toga, kao predsjednik Bo\u0161nja\u010dke stranke, izvinjavam gra\u0111anima Crne Gore. Tako\u0111e, [&hellip;]\" \/>\n<meta property=\"og:url\" content=\"https:\/\/sandzakpress.net\/arhiva\/husovic-se-izvinio-gradanima-crne-gore-zbog-izjava-muhovica\/\" \/>\n<meta property=\"og:site_name\" content=\"Sand\u017eak PRESS\" \/>\n<meta property=\"article:published_time\" content=\"2017-02-01T15:09:31+00:00\" \/>\n<meta property=\"article:modified_time\" content=\"2017-02-01T17:11:03+00:00\" \/>\n<meta property=\"og:image\" content=\"https:\/\/sandzakpress.net\/arhiva\/wp-content\/uploads\/2017\/02\/e16c0ca26d00293b45337406a6e8704d.jpg\" \/>\n\t<meta property=\"og:image:width\" content=\"560\" \/>\n\t<meta property=\"og:image:height\" content=\"352\" \/>\n\t<meta property=\"og:image:type\" content=\"image\/jpeg\" \/>\n<meta name=\"author\" content=\"Agencija\" \/>\n<meta name=\"twitter:card\" content=\"summary_large_image\" \/>\n<meta name=\"twitter:label1\" content=\"Written by\" \/>\n\t<meta name=\"twitter:data1\" content=\"Agencija\" \/>\n\t<meta name=\"twitter:label2\" content=\"Est. reading time\" \/>\n\t<meta name=\"twitter:data2\" content=\"2 minute\" \/>\n<script type=\"application\/ld+json\" class=\"yoast-schema-graph\">{\"@context\":\"https:\/\/schema.org\",\"@graph\":[{\"@type\":\"Article\",\"@id\":\"https:\/\/sandzakpress.net\/arhiva\/husovic-se-izvinio-gradanima-crne-gore-zbog-izjava-muhovica\/#article\",\"isPartOf\":{\"@id\":\"https:\/\/sandzakpress.net\/arhiva\/husovic-se-izvinio-gradanima-crne-gore-zbog-izjava-muhovica\/\"},\"author\":{\"name\":\"Agencija\",\"@id\":\"https:\/\/sandzakpress.net\/arhiva\/#\/schema\/person\/cb59d7e3ab91ab90dd680ad0305a6185\"},\"headline\":\"Husovi\u0107 se izvinio gra\u0111anima Crne Gore zbog izjava Muhovi\u0107a\",\"datePublished\":\"2017-02-01T15:09:31+00:00\",\"dateModified\":\"2017-02-01T17:11:03+00:00\",\"mainEntityOfPage\":{\"@id\":\"https:\/\/sandzakpress.net\/arhiva\/husovic-se-izvinio-gradanima-crne-gore-zbog-izjava-muhovica\/\"},\"wordCount\":440,\"commentCount\":6,\"publisher\":{\"@id\":\"https:\/\/sandzakpress.net\/arhiva\/#\/schema\/person\/6e72b67d6e51910a1117b3b483ba20bd\"},\"image\":{\"@id\":\"https:\/\/sandzakpress.net\/arhiva\/husovic-se-izvinio-gradanima-crne-gore-zbog-izjava-muhovica\/#primaryimage\"},\"thumbnailUrl\":\"https:\/\/sandzakpress.net\/arhiva\/wp-content\/uploads\/2017\/02\/e16c0ca26d00293b45337406a6e8704d.jpg\",\"articleSection\":[\"Ro\u017eaje\",\"Politika\",\"Berane\",\"Petnjica\",\"Bijelo Polje\",\"Pljevlja\",\"Plav\",\"Gusinje\",\"VIJESTI DANA\"],\"inLanguage\":\"bs-BA\",\"potentialAction\":[{\"@type\":\"CommentAction\",\"name\":\"Comment\",\"target\":[\"https:\/\/sandzakpress.net\/arhiva\/husovic-se-izvinio-gradanima-crne-gore-zbog-izjava-muhovica\/#respond\"]}]},{\"@type\":\"WebPage\",\"@id\":\"https:\/\/sandzakpress.net\/arhiva\/husovic-se-izvinio-gradanima-crne-gore-zbog-izjava-muhovica\/\",\"url\":\"https:\/\/sandzakpress.net\/arhiva\/husovic-se-izvinio-gradanima-crne-gore-zbog-izjava-muhovica\/\",\"name\":\"Husovi\u0107 se izvinio gra\u0111anima Crne Gore zbog izjava Muhovi\u0107a\",\"isPartOf\":{\"@id\":\"https:\/\/sandzakpress.net\/arhiva\/#website\"},\"primaryImageOfPage\":{\"@id\":\"https:\/\/sandzakpress.net\/arhiva\/husovic-se-izvinio-gradanima-crne-gore-zbog-izjava-muhovica\/#primaryimage\"},\"image\":{\"@id\":\"https:\/\/sandzakpress.net\/arhiva\/husovic-se-izvinio-gradanima-crne-gore-zbog-izjava-muhovica\/#primaryimage\"},\"thumbnailUrl\":\"https:\/\/sandzakpress.net\/arhiva\/wp-content\/uploads\/2017\/02\/e16c0ca26d00293b45337406a6e8704d.jpg\",\"datePublished\":\"2017-02-01T15:09:31+00:00\",\"dateModified\":\"2017-02-01T17:11:03+00:00\",\"breadcrumb\":{\"@id\":\"https:\/\/sandzakpress.net\/arhiva\/husovic-se-izvinio-gradanima-crne-gore-zbog-izjava-muhovica\/#breadcrumb\"},\"inLanguage\":\"bs-BA\",\"potentialAction\":[{\"@type\":\"ReadAction\",\"target\":[\"https:\/\/sandzakpress.net\/arhiva\/husovic-se-izvinio-gradanima-crne-gore-zbog-izjava-muhovica\/\"]}]},{\"@type\":\"ImageObject\",\"inLanguage\":\"bs-BA\",\"@id\":\"https:\/\/sandzakpress.net\/arhiva\/husovic-se-izvinio-gradanima-crne-gore-zbog-izjava-muhovica\/#primaryimage\",\"url\":\"https:\/\/sandzakpress.net\/arhiva\/wp-content\/uploads\/2017\/02\/e16c0ca26d00293b45337406a6e8704d.jpg\",\"contentUrl\":\"https:\/\/sandzakpress.net\/arhiva\/wp-content\/uploads\/2017\/02\/e16c0ca26d00293b45337406a6e8704d.jpg\",\"width\":560,\"height\":352},{\"@type\":\"BreadcrumbList\",\"@id\":\"https:\/\/sandzakpress.net\/arhiva\/husovic-se-izvinio-gradanima-crne-gore-zbog-izjava-muhovica\/#breadcrumb\",\"itemListElement\":[{\"@type\":\"ListItem\",\"position\":1,\"name\":\"Home\",\"item\":\"https:\/\/sandzakpress.net\/arhiva\/\"},{\"@type\":\"ListItem\",\"position\":2,\"name\":\"Husovi\u0107 se izvinio gra\u0111anima Crne Gore zbog izjava Muhovi\u0107a\"}]},{\"@type\":\"WebSite\",\"@id\":\"https:\/\/sandzakpress.net\/arhiva\/#website\",\"url\":\"https:\/\/sandzakpress.net\/arhiva\/\",\"name\":\"Sand\u017eak PRESS\",\"description\":\"Prve elektronske novine u Sand\u017eaku\",\"publisher\":{\"@id\":\"https:\/\/sandzakpress.net\/arhiva\/#\/schema\/person\/6e72b67d6e51910a1117b3b483ba20bd\"},\"potentialAction\":[{\"@type\":\"SearchAction\",\"target\":{\"@type\":\"EntryPoint\",\"urlTemplate\":\"https:\/\/sandzakpress.net\/arhiva\/?s={search_term_string}\"},\"query-input\":{\"@type\":\"PropertyValueSpecification\",\"valueRequired\":true,\"valueName\":\"search_term_string\"}}],\"inLanguage\":\"bs-BA\"},{\"@type\":[\"Person\",\"Organization\"],\"@id\":\"https:\/\/sandzakpress.net\/arhiva\/#\/schema\/person\/6e72b67d6e51910a1117b3b483ba20bd\",\"name\":\"Kul\",\"image\":{\"@type\":\"ImageObject\",\"inLanguage\":\"bs-BA\",\"@id\":\"https:\/\/sandzakpress.net\/arhiva\/#\/schema\/person\/image\/\",\"url\":\"https:\/\/secure.gravatar.com\/avatar\/42263f39aa27ac04c43cab85c280eb2e?s=96&d=mm&r=pg\",\"contentUrl\":\"https:\/\/secure.gravatar.com\/avatar\/42263f39aa27ac04c43cab85c280eb2e?s=96&d=mm&r=pg\",\"caption\":\"Kul\"},\"logo\":{\"@id\":\"https:\/\/sandzakpress.net\/arhiva\/#\/schema\/person\/image\/\"}},{\"@type\":\"Person\",\"@id\":\"https:\/\/sandzakpress.net\/arhiva\/#\/schema\/person\/cb59d7e3ab91ab90dd680ad0305a6185\",\"name\":\"Agencija\",\"image\":{\"@type\":\"ImageObject\",\"inLanguage\":\"bs-BA\",\"@id\":\"https:\/\/sandzakpress.net\/arhiva\/#\/schema\/person\/image\/\",\"url\":\"https:\/\/secure.gravatar.com\/avatar\/4b7fafa80a22f0c2afe23966b3961fe0?s=96&d=mm&r=pg\",\"contentUrl\":\"https:\/\/secure.gravatar.com\/avatar\/4b7fafa80a22f0c2afe23966b3961fe0?s=96&d=mm&r=pg\",\"caption\":\"Agencija\"},\"url\":\"https:\/\/sandzakpress.net\/arhiva\/author\/agencija\/\"}]}<\/script>\n<!-- \/ Yoast SEO Premium plugin. -->","yoast_head_json":{"title":"Husovi\u0107 se izvinio gra\u0111anima Crne Gore zbog izjava Muhovi\u0107a","robots":{"index":"index","follow":"follow","max-snippet":"max-snippet:-1","max-image-preview":"max-image-preview:large","max-video-preview":"max-video-preview:-1"},"canonical":"https:\/\/sandzakpress.net\/arhiva\/husovic-se-izvinio-gradanima-crne-gore-zbog-izjava-muhovica\/","og_locale":"bs_BA","og_type":"article","og_title":"Husovi\u0107 se izvinio gra\u0111anima Crne Gore zbog izjava Muhovi\u0107a","og_description":"Predsjednik Bo\u0161nja\u010dke stranke Rafet Husovi\u0107 izvinio se gra\u0111anima Crne Gore zbog izjava koje je prethodnih dana davao visoki funkcioner te stranke Adnan Muhovi\u0107. &#8220;Vjerovatno je da su odre\u0111eni \u010dlanovi Bo\u0161nja\u010dke stranke svojim izjavama i djelovanjem povrijedili osje\u0107anja gra\u0111ana ili doprinijeli podizanju tenzija, te se zbog toga, kao predsjednik Bo\u0161nja\u010dke stranke, izvinjavam gra\u0111anima Crne Gore. Tako\u0111e, [&hellip;]","og_url":"https:\/\/sandzakpress.net\/arhiva\/husovic-se-izvinio-gradanima-crne-gore-zbog-izjava-muhovica\/","og_site_name":"Sand\u017eak PRESS","article_published_time":"2017-02-01T15:09:31+00:00","article_modified_time":"2017-02-01T17:11:03+00:00","og_image":[{"width":560,"height":352,"url":"https:\/\/sandzakpress.net\/arhiva\/wp-content\/uploads\/2017\/02\/e16c0ca26d00293b45337406a6e8704d.jpg","type":"image\/jpeg"}],"author":"Agencija","twitter_card":"summary_large_image","twitter_misc":{"Written by":"Agencija","Est. reading time":"2 minute"},"schema":{"@context":"https:\/\/schema.org","@graph":[{"@type":"Article","@id":"https:\/\/sandzakpress.net\/arhiva\/husovic-se-izvinio-gradanima-crne-gore-zbog-izjava-muhovica\/#article","isPartOf":{"@id":"https:\/\/sandzakpress.net\/arhiva\/husovic-se-izvinio-gradanima-crne-gore-zbog-izjava-muhovica\/"},"author":{"name":"Agencija","@id":"https:\/\/sandzakpress.net\/arhiva\/#\/schema\/person\/cb59d7e3ab91ab90dd680ad0305a6185"},"headline":"Husovi\u0107 se izvinio gra\u0111anima Crne Gore zbog izjava Muhovi\u0107a","datePublished":"2017-02-01T15:09:31+00:00","dateModified":"2017-02-01T17:11:03+00:00","mainEntityOfPage":{"@id":"https:\/\/sandzakpress.net\/arhiva\/husovic-se-izvinio-gradanima-crne-gore-zbog-izjava-muhovica\/"},"wordCount":440,"commentCount":6,"publisher":{"@id":"https:\/\/sandzakpress.net\/arhiva\/#\/schema\/person\/6e72b67d6e51910a1117b3b483ba20bd"},"image":{"@id":"https:\/\/sandzakpress.net\/arhiva\/husovic-se-izvinio-gradanima-crne-gore-zbog-izjava-muhovica\/#primaryimage"},"thumbnailUrl":"https:\/\/sandzakpress.net\/arhiva\/wp-content\/uploads\/2017\/02\/e16c0ca26d00293b45337406a6e8704d.jpg","articleSection":["Ro\u017eaje","Politika","Berane","Petnjica","Bijelo Polje","Pljevlja","Plav","Gusinje","VIJESTI DANA"],"inLanguage":"bs-BA","potentialAction":[{"@type":"CommentAction","name":"Comment","target":["https:\/\/sandzakpress.net\/arhiva\/husovic-se-izvinio-gradanima-crne-gore-zbog-izjava-muhovica\/#respond"]}]},{"@type":"WebPage","@id":"https:\/\/sandzakpress.net\/arhiva\/husovic-se-izvinio-gradanima-crne-gore-zbog-izjava-muhovica\/","url":"https:\/\/sandzakpress.net\/arhiva\/husovic-se-izvinio-gradanima-crne-gore-zbog-izjava-muhovica\/","name":"Husovi\u0107 se izvinio gra\u0111anima Crne Gore zbog izjava Muhovi\u0107a","isPartOf":{"@id":"https:\/\/sandzakpress.net\/arhiva\/#website"},"primaryImageOfPage":{"@id":"https:\/\/sandzakpress.net\/arhiva\/husovic-se-izvinio-gradanima-crne-gore-zbog-izjava-muhovica\/#primaryimage"},"image":{"@id":"https:\/\/sandzakpress.net\/arhiva\/husovic-se-izvinio-gradanima-crne-gore-zbog-izjava-muhovica\/#primaryimage"},"thumbnailUrl":"https:\/\/sandzakpress.net\/arhiva\/wp-content\/uploads\/2017\/02\/e16c0ca26d00293b45337406a6e8704d.jpg","datePublished":"2017-02-01T15:09:31+00:00","dateModified":"2017-02-01T17:11:03+00:00","breadcrumb":{"@id":"https:\/\/sandzakpress.net\/arhiva\/husovic-se-izvinio-gradanima-crne-gore-zbog-izjava-muhovica\/#breadcrumb"},"inLanguage":"bs-BA","potentialAction":[{"@type":"ReadAction","target":["https:\/\/sandzakpress.net\/arhiva\/husovic-se-izvinio-gradanima-crne-gore-zbog-izjava-muhovica\/"]}]},{"@type":"ImageObject","inLanguage":"bs-BA","@id":"https:\/\/sandzakpress.net\/arhiva\/husovic-se-izvinio-gradanima-crne-gore-zbog-izjava-muhovica\/#primaryimage","url":"https:\/\/sandzakpress.net\/arhiva\/wp-content\/uploads\/2017\/02\/e16c0ca26d00293b45337406a6e8704d.jpg","contentUrl":"https:\/\/sandzakpress.net\/arhiva\/wp-content\/uploads\/2017\/02\/e16c0ca26d00293b45337406a6e8704d.jpg","width":560,"height":352},{"@type":"BreadcrumbList","@id":"https:\/\/sandzakpress.net\/arhiva\/husovic-se-izvinio-gradanima-crne-gore-zbog-izjava-muhovica\/#breadcrumb","itemListElement":[{"@type":"ListItem","position":1,"name":"Home","item":"https:\/\/sandzakpress.net\/arhiva\/"},{"@type":"ListItem","position":2,"name":"Husovi\u0107 se izvinio gra\u0111anima Crne Gore zbog izjava Muhovi\u0107a"}]},{"@type":"WebSite","@id":"https:\/\/sandzakpress.net\/arhiva\/#website","url":"https:\/\/sandzakpress.net\/arhiva\/","name":"Sand\u017eak PRESS","description":"Prve elektronske novine u Sand\u017eaku","publisher":{"@id":"https:\/\/sandzakpress.net\/arhiva\/#\/schema\/person\/6e72b67d6e51910a1117b3b483ba20bd"},"potentialAction":[{"@type":"SearchAction","target":{"@type":"EntryPoint","urlTemplate":"https:\/\/sandzakpress.net\/arhiva\/?s={search_term_string}"},"query-input":{"@type":"PropertyValueSpecification","valueRequired":true,"valueName":"search_term_string"}}],"inLanguage":"bs-BA"},{"@type":["Person","Organization"],"@id":"https:\/\/sandzakpress.net\/arhiva\/#\/schema\/person\/6e72b67d6e51910a1117b3b483ba20bd","name":"Kul","image":{"@type":"ImageObject","inLanguage":"bs-BA","@id":"https:\/\/sandzakpress.net\/arhiva\/#\/schema\/person\/image\/","url":"https:\/\/secure.gravatar.com\/avatar\/42263f39aa27ac04c43cab85c280eb2e?s=96&d=mm&r=pg","contentUrl":"https:\/\/secure.gravatar.com\/avatar\/42263f39aa27ac04c43cab85c280eb2e?s=96&d=mm&r=pg","caption":"Kul"},"logo":{"@id":"https:\/\/sandzakpress.net\/arhiva\/#\/schema\/person\/image\/"}},{"@type":"Person","@id":"https:\/\/sandzakpress.net\/arhiva\/#\/schema\/person\/cb59d7e3ab91ab90dd680ad0305a6185","name":"Agencija","image":{"@type":"ImageObject","inLanguage":"bs-BA","@id":"https:\/\/sandzakpress.net\/arhiva\/#\/schema\/person\/image\/","url":"https:\/\/secure.gravatar.com\/avatar\/4b7fafa80a22f0c2afe23966b3961fe0?s=96&d=mm&r=pg","contentUrl":"https:\/\/secure.gravatar.com\/avatar\/4b7fafa80a22f0c2afe23966b3961fe0?s=96&d=mm&r=pg","caption":"Agencija"},"url":"https:\/\/sandzakpress.net\/arhiva\/author\/agencija\/"}]}},"_links":{"self":[{"href":"https:\/\/sandzakpress.net\/arhiva\/wp-json\/wp\/v2\/posts\/178386"}],"collection":[{"href":"https:\/\/sandzakpress.net\/arhiva\/wp-json\/wp\/v2\/posts"}],"about":[{"href":"https:\/\/sandzakpress.net\/arhiva\/wp-json\/wp\/v2\/types\/post"}],"author":[{"embeddable":true,"href":"https:\/\/sandzakpress.net\/arhiva\/wp-json\/wp\/v2\/users\/509"}],"replies":[{"embeddable":true,"href":"https:\/\/sandzakpress.net\/arhiva\/wp-json\/wp\/v2\/comments?post=178386"}],"version-history":[{"count":0,"href":"https:\/\/sandzakpress.net\/arhiva\/wp-json\/wp\/v2\/posts\/178386\/revisions"}],"wp:featuredmedia":[{"embeddable":true,"href":"https:\/\/sandzakpress.net\/arhiva\/wp-json\/wp\/v2\/media\/178387"}],"wp:attachment":[{"href":"https:\/\/sandzakpress.net\/arhiva\/wp-json\/wp\/v2\/media?parent=178386"}],"wp:term":[{"taxonomy":"category","embeddable":true,"href":"https:\/\/sandzakpress.net\/arhiva\/wp-json\/wp\/v2\/categories?post=178386"},{"taxonomy":"post_tag","embeddable":true,"href":"https:\/\/sandzakpress.net\/arhiva\/wp-json\/wp\/v2\/tags?post=178386"}],"curies":[{"name":"wp","href":"https:\/\/api.w.org\/{rel}","templated":true}]}}