{"id":178330,"date":"2017-02-01T09:02:28","date_gmt":"2017-02-01T08:02:28","guid":{"rendered":"https:\/\/sandzakpress.net\/arhiva\/?p=178330"},"modified":"2017-02-01T12:03:34","modified_gmt":"2017-02-01T11:03:34","slug":"fehratovic-na-sastanku-sa-kongresmenom-grada-cikaga-predstavio-politiku-pomirenja","status":"publish","type":"post","link":"https:\/\/sandzakpress.net\/arhiva\/fehratovic-na-sastanku-sa-kongresmenom-grada-cikaga-predstavio-politiku-pomirenja\/","title":{"rendered":"Fehratovi\u0107 na sastanku sa kongresmenom grada \u010cikaga predstavio politiku pomirenja"},"content":{"rendered":"<p><img decoding=\"async\" src=\"http:\/\/sanapress.info\/wp-content\/uploads\/2017\/02\/1-1.jpg\" alt=\"1\" \/><\/p>\n<p><strong>Narodni poslanik Bo\u0161nja\u010dke demorkatske zajednice Sand\u017eaka Jahja Fehratovi\u0107 zajedno sa ostalim \u010dlanovima parlamentarne delegacije Skup\u0161tine Srbije 31. 1. 2016. godine imao je radni sastanak sa kongresmenom \u0161este izborne jedinice dr\u017eave Illionis, odnosno grada \u010cikaga, gospodinom Peterom Rosokom, koji je \u0161est puta biran za \u010dlana Ameri\u010dkoga kongresa i predstavlja preko 750.000 bira\u010da.<\/strong><\/p>\n<p>Roskom je \u010dlan vi\u0161e komiteta i komisija i va\u017ei za jednog od najuticajnijih \u010dlanova Ameri\u010dkoga kongresa.<\/p>\n<p>Nakon predstavljanja, delegati su imali prilike sa kongresmenom Roskom podijeliti vlastita iskustva i vi\u0111enja politike. Poslanik Fehratovi\u0107 je iskoristio priliku da predstavi Bo\u0161njake Sand\u017eaka i Srbije i politiku pomirenja i dijaloga i me\u0111u narodima Balkana kao temelj prosperiteta i preduvjet napretka kako dr\u017eave Srbije tako i svih ostalih balkanskih dr\u017eava na njihovom putu ka izgradnji trajne demokratije i \u010dlanstvu u Zajednicu evropskih naroda za koju se Bo\u0161nja\u010dka demokratska zajednica Sand\u017eaka zala\u017ee.<\/p>\n<p>Raskom i Fehratovi\u0107\u00a0 su se\u00a0 slo\u017eili da je politika pomirenja jedina alternatriva boljitku balkanskih naroda, pri \u010demu je Raskom posebno naglasio va\u017enost toga \u0161to sada\u0161nja Vlada Srbija gleda ka budu\u0107nosti, a ostavlja traumati\u010dnu pro\u0161lost iza sebe, metafori\u010dki se izraziv\u0161i da je va\u017eno \u0161to takva politika \u201eomogu\u0107ava narodima Srbije i Balkana da gledaju put pred sobom kroz\u00a0 \u0161ofer\u0161ajbnu, a ne isklju\u010dvio na retrovizore kroz koje se samo prelama samo slika pro\u0161losti.\u201c<\/p>\n<p><img loading=\"lazy\" decoding=\"async\" class=\"alignnone size-full wp-image-28692\" src=\"http:\/\/sanapress.info\/wp-content\/uploads\/2017\/02\/2-1.jpg\" sizes=\"(max-width: 1052px) 100vw, 1052px\" srcset=\"http:\/\/sanapress.info\/wp-content\/uploads\/2017\/02\/2-1.jpg 1052w, http:\/\/sanapress.info\/wp-content\/uploads\/2017\/02\/2-1-300x166.jpg 300w, http:\/\/sanapress.info\/wp-content\/uploads\/2017\/02\/2-1-768x424.jpg 768w, http:\/\/sanapress.info\/wp-content\/uploads\/2017\/02\/2-1-1024x566.jpg 1024w, http:\/\/sanapress.info\/wp-content\/uploads\/2017\/02\/2-1-819x452.jpg 819w\" alt=\"2\" width=\"1052\" height=\"581\" \/><img loading=\"lazy\" decoding=\"async\" class=\"alignnone size-full wp-image-28693\" src=\"http:\/\/sanapress.info\/wp-content\/uploads\/2017\/02\/3-1.jpg\" sizes=\"(max-width: 855px) 100vw, 855px\" srcset=\"http:\/\/sanapress.info\/wp-content\/uploads\/2017\/02\/3-1.jpg 855w, http:\/\/sanapress.info\/wp-content\/uploads\/2017\/02\/3-1-300x214.jpg 300w, http:\/\/sanapress.info\/wp-content\/uploads\/2017\/02\/3-1-768x549.jpg 768w\" alt=\"3\" width=\"855\" height=\"611\" \/><\/p>\n","protected":false},"excerpt":{"rendered":"<p>Narodni poslanik Bo\u0161nja\u010dke demorkatske zajednice Sand\u017eaka Jahja Fehratovi\u0107 zajedno sa ostalim \u010dlanovima parlamentarne delegacije Skup\u0161tine Srbije 31. 1. 2016. godine imao je radni sastanak sa kongresmenom \u0161este izborne jedinice dr\u017eave Illionis, odnosno grada \u010cikaga, gospodinom Peterom Rosokom, koji je \u0161est puta biran za \u010dlana Ameri\u010dkoga kongresa i predstavlja preko 750.000 bira\u010da. Roskom je \u010dlan vi\u0161e [&hellip;]<\/p>\n","protected":false},"author":509,"featured_media":178332,"comment_status":"open","ping_status":"open","sticky":false,"template":"","format":"standard","meta":{"footnotes":""},"categories":[72,3012,1,8957],"tags":[10223],"class_list":{"0":"post-178330","1":"post","2":"type-post","3":"status-publish","4":"format-standard","5":"has-post-thumbnail","7":"category-novi-pazar","8":"category-amerika-gradovi","9":"category-politika","10":"category-vijesti-dana","11":"tag-bdz"},"yoast_head":"<!-- This site is optimized with the Yoast SEO Premium plugin v23.1 (Yoast SEO v24.9) - https:\/\/yoast.com\/wordpress\/plugins\/seo\/ -->\n<title>Fehratovi\u0107 na sastanku sa kongresmenom grada \u010cikaga predstavio politiku pomirenja<\/title>\n<meta name=\"robots\" content=\"index, follow, max-snippet:-1, max-image-preview:large, max-video-preview:-1\" \/>\n<link rel=\"canonical\" href=\"https:\/\/sandzakpress.net\/arhiva\/fehratovic-na-sastanku-sa-kongresmenom-grada-cikaga-predstavio-politiku-pomirenja\/\" \/>\n<meta property=\"og:locale\" content=\"bs_BA\" \/>\n<meta property=\"og:type\" content=\"article\" \/>\n<meta property=\"og:title\" content=\"Fehratovi\u0107 na sastanku sa kongresmenom grada \u010cikaga predstavio politiku pomirenja\" \/>\n<meta property=\"og:description\" content=\"Narodni poslanik Bo\u0161nja\u010dke demorkatske zajednice Sand\u017eaka Jahja Fehratovi\u0107 zajedno sa ostalim \u010dlanovima parlamentarne delegacije Skup\u0161tine Srbije 31. 1. 2016. godine imao je radni sastanak sa kongresmenom \u0161este izborne jedinice dr\u017eave Illionis, odnosno grada \u010cikaga, gospodinom Peterom Rosokom, koji je \u0161est puta biran za \u010dlana Ameri\u010dkoga kongresa i predstavlja preko 750.000 bira\u010da. Roskom je \u010dlan vi\u0161e [&hellip;]\" \/>\n<meta property=\"og:url\" content=\"https:\/\/sandzakpress.net\/arhiva\/fehratovic-na-sastanku-sa-kongresmenom-grada-cikaga-predstavio-politiku-pomirenja\/\" \/>\n<meta property=\"og:site_name\" content=\"Sand\u017eak PRESS\" \/>\n<meta property=\"article:published_time\" content=\"2017-02-01T08:02:28+00:00\" \/>\n<meta property=\"article:modified_time\" content=\"2017-02-01T11:03:34+00:00\" \/>\n<meta property=\"og:image\" content=\"https:\/\/sandzakpress.net\/arhiva\/wp-content\/uploads\/2017\/02\/1-1.jpg\" \/>\n\t<meta property=\"og:image:width\" content=\"1090\" \/>\n\t<meta property=\"og:image:height\" content=\"602\" \/>\n\t<meta property=\"og:image:type\" content=\"image\/jpeg\" \/>\n<meta name=\"author\" content=\"Agencija\" \/>\n<meta name=\"twitter:card\" content=\"summary_large_image\" \/>\n<meta name=\"twitter:label1\" content=\"Written by\" \/>\n\t<meta name=\"twitter:data1\" content=\"Agencija\" \/>\n\t<meta name=\"twitter:label2\" content=\"Est. reading time\" \/>\n\t<meta name=\"twitter:data2\" content=\"1 minuta\" \/>\n<script type=\"application\/ld+json\" class=\"yoast-schema-graph\">{\"@context\":\"https:\/\/schema.org\",\"@graph\":[{\"@type\":\"Article\",\"@id\":\"https:\/\/sandzakpress.net\/arhiva\/fehratovic-na-sastanku-sa-kongresmenom-grada-cikaga-predstavio-politiku-pomirenja\/#article\",\"isPartOf\":{\"@id\":\"https:\/\/sandzakpress.net\/arhiva\/fehratovic-na-sastanku-sa-kongresmenom-grada-cikaga-predstavio-politiku-pomirenja\/\"},\"author\":{\"name\":\"Agencija\",\"@id\":\"https:\/\/sandzakpress.net\/arhiva\/#\/schema\/person\/cb59d7e3ab91ab90dd680ad0305a6185\"},\"headline\":\"Fehratovi\u0107 na sastanku sa kongresmenom grada \u010cikaga predstavio politiku pomirenja\",\"datePublished\":\"2017-02-01T08:02:28+00:00\",\"dateModified\":\"2017-02-01T11:03:34+00:00\",\"mainEntityOfPage\":{\"@id\":\"https:\/\/sandzakpress.net\/arhiva\/fehratovic-na-sastanku-sa-kongresmenom-grada-cikaga-predstavio-politiku-pomirenja\/\"},\"wordCount\":247,\"commentCount\":2,\"publisher\":{\"@id\":\"https:\/\/sandzakpress.net\/arhiva\/#\/schema\/person\/6e72b67d6e51910a1117b3b483ba20bd\"},\"image\":{\"@id\":\"https:\/\/sandzakpress.net\/arhiva\/fehratovic-na-sastanku-sa-kongresmenom-grada-cikaga-predstavio-politiku-pomirenja\/#primaryimage\"},\"thumbnailUrl\":\"https:\/\/sandzakpress.net\/arhiva\/wp-content\/uploads\/2017\/02\/1-1.jpg\",\"keywords\":[\"BDZ\"],\"articleSection\":[\"Novi Pazar\",\"Amerika\",\"Politika\",\"VIJESTI DANA\"],\"inLanguage\":\"bs-BA\",\"potentialAction\":[{\"@type\":\"CommentAction\",\"name\":\"Comment\",\"target\":[\"https:\/\/sandzakpress.net\/arhiva\/fehratovic-na-sastanku-sa-kongresmenom-grada-cikaga-predstavio-politiku-pomirenja\/#respond\"]}]},{\"@type\":\"WebPage\",\"@id\":\"https:\/\/sandzakpress.net\/arhiva\/fehratovic-na-sastanku-sa-kongresmenom-grada-cikaga-predstavio-politiku-pomirenja\/\",\"url\":\"https:\/\/sandzakpress.net\/arhiva\/fehratovic-na-sastanku-sa-kongresmenom-grada-cikaga-predstavio-politiku-pomirenja\/\",\"name\":\"Fehratovi\u0107 na sastanku sa kongresmenom grada \u010cikaga predstavio politiku pomirenja\",\"isPartOf\":{\"@id\":\"https:\/\/sandzakpress.net\/arhiva\/#website\"},\"primaryImageOfPage\":{\"@id\":\"https:\/\/sandzakpress.net\/arhiva\/fehratovic-na-sastanku-sa-kongresmenom-grada-cikaga-predstavio-politiku-pomirenja\/#primaryimage\"},\"image\":{\"@id\":\"https:\/\/sandzakpress.net\/arhiva\/fehratovic-na-sastanku-sa-kongresmenom-grada-cikaga-predstavio-politiku-pomirenja\/#primaryimage\"},\"thumbnailUrl\":\"https:\/\/sandzakpress.net\/arhiva\/wp-content\/uploads\/2017\/02\/1-1.jpg\",\"datePublished\":\"2017-02-01T08:02:28+00:00\",\"dateModified\":\"2017-02-01T11:03:34+00:00\",\"breadcrumb\":{\"@id\":\"https:\/\/sandzakpress.net\/arhiva\/fehratovic-na-sastanku-sa-kongresmenom-grada-cikaga-predstavio-politiku-pomirenja\/#breadcrumb\"},\"inLanguage\":\"bs-BA\",\"potentialAction\":[{\"@type\":\"ReadAction\",\"target\":[\"https:\/\/sandzakpress.net\/arhiva\/fehratovic-na-sastanku-sa-kongresmenom-grada-cikaga-predstavio-politiku-pomirenja\/\"]}]},{\"@type\":\"ImageObject\",\"inLanguage\":\"bs-BA\",\"@id\":\"https:\/\/sandzakpress.net\/arhiva\/fehratovic-na-sastanku-sa-kongresmenom-grada-cikaga-predstavio-politiku-pomirenja\/#primaryimage\",\"url\":\"https:\/\/sandzakpress.net\/arhiva\/wp-content\/uploads\/2017\/02\/1-1.jpg\",\"contentUrl\":\"https:\/\/sandzakpress.net\/arhiva\/wp-content\/uploads\/2017\/02\/1-1.jpg\",\"width\":1090,\"height\":602},{\"@type\":\"BreadcrumbList\",\"@id\":\"https:\/\/sandzakpress.net\/arhiva\/fehratovic-na-sastanku-sa-kongresmenom-grada-cikaga-predstavio-politiku-pomirenja\/#breadcrumb\",\"itemListElement\":[{\"@type\":\"ListItem\",\"position\":1,\"name\":\"Home\",\"item\":\"https:\/\/sandzakpress.net\/arhiva\/\"},{\"@type\":\"ListItem\",\"position\":2,\"name\":\"Fehratovi\u0107 na sastanku sa kongresmenom grada \u010cikaga predstavio politiku pomirenja\"}]},{\"@type\":\"WebSite\",\"@id\":\"https:\/\/sandzakpress.net\/arhiva\/#website\",\"url\":\"https:\/\/sandzakpress.net\/arhiva\/\",\"name\":\"Sand\u017eak PRESS\",\"description\":\"Prve elektronske novine u Sand\u017eaku\",\"publisher\":{\"@id\":\"https:\/\/sandzakpress.net\/arhiva\/#\/schema\/person\/6e72b67d6e51910a1117b3b483ba20bd\"},\"potentialAction\":[{\"@type\":\"SearchAction\",\"target\":{\"@type\":\"EntryPoint\",\"urlTemplate\":\"https:\/\/sandzakpress.net\/arhiva\/?s={search_term_string}\"},\"query-input\":{\"@type\":\"PropertyValueSpecification\",\"valueRequired\":true,\"valueName\":\"search_term_string\"}}],\"inLanguage\":\"bs-BA\"},{\"@type\":[\"Person\",\"Organization\"],\"@id\":\"https:\/\/sandzakpress.net\/arhiva\/#\/schema\/person\/6e72b67d6e51910a1117b3b483ba20bd\",\"name\":\"Kul\",\"image\":{\"@type\":\"ImageObject\",\"inLanguage\":\"bs-BA\",\"@id\":\"https:\/\/sandzakpress.net\/arhiva\/#\/schema\/person\/image\/\",\"url\":\"https:\/\/secure.gravatar.com\/avatar\/42263f39aa27ac04c43cab85c280eb2e?s=96&d=mm&r=pg\",\"contentUrl\":\"https:\/\/secure.gravatar.com\/avatar\/42263f39aa27ac04c43cab85c280eb2e?s=96&d=mm&r=pg\",\"caption\":\"Kul\"},\"logo\":{\"@id\":\"https:\/\/sandzakpress.net\/arhiva\/#\/schema\/person\/image\/\"}},{\"@type\":\"Person\",\"@id\":\"https:\/\/sandzakpress.net\/arhiva\/#\/schema\/person\/cb59d7e3ab91ab90dd680ad0305a6185\",\"name\":\"Agencija\",\"image\":{\"@type\":\"ImageObject\",\"inLanguage\":\"bs-BA\",\"@id\":\"https:\/\/sandzakpress.net\/arhiva\/#\/schema\/person\/image\/\",\"url\":\"https:\/\/secure.gravatar.com\/avatar\/4b7fafa80a22f0c2afe23966b3961fe0?s=96&d=mm&r=pg\",\"contentUrl\":\"https:\/\/secure.gravatar.com\/avatar\/4b7fafa80a22f0c2afe23966b3961fe0?s=96&d=mm&r=pg\",\"caption\":\"Agencija\"},\"url\":\"https:\/\/sandzakpress.net\/arhiva\/author\/agencija\/\"}]}<\/script>\n<!-- \/ Yoast SEO Premium plugin. -->","yoast_head_json":{"title":"Fehratovi\u0107 na sastanku sa kongresmenom grada \u010cikaga predstavio politiku pomirenja","robots":{"index":"index","follow":"follow","max-snippet":"max-snippet:-1","max-image-preview":"max-image-preview:large","max-video-preview":"max-video-preview:-1"},"canonical":"https:\/\/sandzakpress.net\/arhiva\/fehratovic-na-sastanku-sa-kongresmenom-grada-cikaga-predstavio-politiku-pomirenja\/","og_locale":"bs_BA","og_type":"article","og_title":"Fehratovi\u0107 na sastanku sa kongresmenom grada \u010cikaga predstavio politiku pomirenja","og_description":"Narodni poslanik Bo\u0161nja\u010dke demorkatske zajednice Sand\u017eaka Jahja Fehratovi\u0107 zajedno sa ostalim \u010dlanovima parlamentarne delegacije Skup\u0161tine Srbije 31. 1. 2016. godine imao je radni sastanak sa kongresmenom \u0161este izborne jedinice dr\u017eave Illionis, odnosno grada \u010cikaga, gospodinom Peterom Rosokom, koji je \u0161est puta biran za \u010dlana Ameri\u010dkoga kongresa i predstavlja preko 750.000 bira\u010da. Roskom je \u010dlan vi\u0161e [&hellip;]","og_url":"https:\/\/sandzakpress.net\/arhiva\/fehratovic-na-sastanku-sa-kongresmenom-grada-cikaga-predstavio-politiku-pomirenja\/","og_site_name":"Sand\u017eak PRESS","article_published_time":"2017-02-01T08:02:28+00:00","article_modified_time":"2017-02-01T11:03:34+00:00","og_image":[{"width":1090,"height":602,"url":"https:\/\/sandzakpress.net\/arhiva\/wp-content\/uploads\/2017\/02\/1-1.jpg","type":"image\/jpeg"}],"author":"Agencija","twitter_card":"summary_large_image","twitter_misc":{"Written by":"Agencija","Est. reading time":"1 minuta"},"schema":{"@context":"https:\/\/schema.org","@graph":[{"@type":"Article","@id":"https:\/\/sandzakpress.net\/arhiva\/fehratovic-na-sastanku-sa-kongresmenom-grada-cikaga-predstavio-politiku-pomirenja\/#article","isPartOf":{"@id":"https:\/\/sandzakpress.net\/arhiva\/fehratovic-na-sastanku-sa-kongresmenom-grada-cikaga-predstavio-politiku-pomirenja\/"},"author":{"name":"Agencija","@id":"https:\/\/sandzakpress.net\/arhiva\/#\/schema\/person\/cb59d7e3ab91ab90dd680ad0305a6185"},"headline":"Fehratovi\u0107 na sastanku sa kongresmenom grada \u010cikaga predstavio politiku pomirenja","datePublished":"2017-02-01T08:02:28+00:00","dateModified":"2017-02-01T11:03:34+00:00","mainEntityOfPage":{"@id":"https:\/\/sandzakpress.net\/arhiva\/fehratovic-na-sastanku-sa-kongresmenom-grada-cikaga-predstavio-politiku-pomirenja\/"},"wordCount":247,"commentCount":2,"publisher":{"@id":"https:\/\/sandzakpress.net\/arhiva\/#\/schema\/person\/6e72b67d6e51910a1117b3b483ba20bd"},"image":{"@id":"https:\/\/sandzakpress.net\/arhiva\/fehratovic-na-sastanku-sa-kongresmenom-grada-cikaga-predstavio-politiku-pomirenja\/#primaryimage"},"thumbnailUrl":"https:\/\/sandzakpress.net\/arhiva\/wp-content\/uploads\/2017\/02\/1-1.jpg","keywords":["BDZ"],"articleSection":["Novi Pazar","Amerika","Politika","VIJESTI DANA"],"inLanguage":"bs-BA","potentialAction":[{"@type":"CommentAction","name":"Comment","target":["https:\/\/sandzakpress.net\/arhiva\/fehratovic-na-sastanku-sa-kongresmenom-grada-cikaga-predstavio-politiku-pomirenja\/#respond"]}]},{"@type":"WebPage","@id":"https:\/\/sandzakpress.net\/arhiva\/fehratovic-na-sastanku-sa-kongresmenom-grada-cikaga-predstavio-politiku-pomirenja\/","url":"https:\/\/sandzakpress.net\/arhiva\/fehratovic-na-sastanku-sa-kongresmenom-grada-cikaga-predstavio-politiku-pomirenja\/","name":"Fehratovi\u0107 na sastanku sa kongresmenom grada \u010cikaga predstavio politiku pomirenja","isPartOf":{"@id":"https:\/\/sandzakpress.net\/arhiva\/#website"},"primaryImageOfPage":{"@id":"https:\/\/sandzakpress.net\/arhiva\/fehratovic-na-sastanku-sa-kongresmenom-grada-cikaga-predstavio-politiku-pomirenja\/#primaryimage"},"image":{"@id":"https:\/\/sandzakpress.net\/arhiva\/fehratovic-na-sastanku-sa-kongresmenom-grada-cikaga-predstavio-politiku-pomirenja\/#primaryimage"},"thumbnailUrl":"https:\/\/sandzakpress.net\/arhiva\/wp-content\/uploads\/2017\/02\/1-1.jpg","datePublished":"2017-02-01T08:02:28+00:00","dateModified":"2017-02-01T11:03:34+00:00","breadcrumb":{"@id":"https:\/\/sandzakpress.net\/arhiva\/fehratovic-na-sastanku-sa-kongresmenom-grada-cikaga-predstavio-politiku-pomirenja\/#breadcrumb"},"inLanguage":"bs-BA","potentialAction":[{"@type":"ReadAction","target":["https:\/\/sandzakpress.net\/arhiva\/fehratovic-na-sastanku-sa-kongresmenom-grada-cikaga-predstavio-politiku-pomirenja\/"]}]},{"@type":"ImageObject","inLanguage":"bs-BA","@id":"https:\/\/sandzakpress.net\/arhiva\/fehratovic-na-sastanku-sa-kongresmenom-grada-cikaga-predstavio-politiku-pomirenja\/#primaryimage","url":"https:\/\/sandzakpress.net\/arhiva\/wp-content\/uploads\/2017\/02\/1-1.jpg","contentUrl":"https:\/\/sandzakpress.net\/arhiva\/wp-content\/uploads\/2017\/02\/1-1.jpg","width":1090,"height":602},{"@type":"BreadcrumbList","@id":"https:\/\/sandzakpress.net\/arhiva\/fehratovic-na-sastanku-sa-kongresmenom-grada-cikaga-predstavio-politiku-pomirenja\/#breadcrumb","itemListElement":[{"@type":"ListItem","position":1,"name":"Home","item":"https:\/\/sandzakpress.net\/arhiva\/"},{"@type":"ListItem","position":2,"name":"Fehratovi\u0107 na sastanku sa kongresmenom grada \u010cikaga predstavio politiku pomirenja"}]},{"@type":"WebSite","@id":"https:\/\/sandzakpress.net\/arhiva\/#website","url":"https:\/\/sandzakpress.net\/arhiva\/","name":"Sand\u017eak PRESS","description":"Prve elektronske novine u Sand\u017eaku","publisher":{"@id":"https:\/\/sandzakpress.net\/arhiva\/#\/schema\/person\/6e72b67d6e51910a1117b3b483ba20bd"},"potentialAction":[{"@type":"SearchAction","target":{"@type":"EntryPoint","urlTemplate":"https:\/\/sandzakpress.net\/arhiva\/?s={search_term_string}"},"query-input":{"@type":"PropertyValueSpecification","valueRequired":true,"valueName":"search_term_string"}}],"inLanguage":"bs-BA"},{"@type":["Person","Organization"],"@id":"https:\/\/sandzakpress.net\/arhiva\/#\/schema\/person\/6e72b67d6e51910a1117b3b483ba20bd","name":"Kul","image":{"@type":"ImageObject","inLanguage":"bs-BA","@id":"https:\/\/sandzakpress.net\/arhiva\/#\/schema\/person\/image\/","url":"https:\/\/secure.gravatar.com\/avatar\/42263f39aa27ac04c43cab85c280eb2e?s=96&d=mm&r=pg","contentUrl":"https:\/\/secure.gravatar.com\/avatar\/42263f39aa27ac04c43cab85c280eb2e?s=96&d=mm&r=pg","caption":"Kul"},"logo":{"@id":"https:\/\/sandzakpress.net\/arhiva\/#\/schema\/person\/image\/"}},{"@type":"Person","@id":"https:\/\/sandzakpress.net\/arhiva\/#\/schema\/person\/cb59d7e3ab91ab90dd680ad0305a6185","name":"Agencija","image":{"@type":"ImageObject","inLanguage":"bs-BA","@id":"https:\/\/sandzakpress.net\/arhiva\/#\/schema\/person\/image\/","url":"https:\/\/secure.gravatar.com\/avatar\/4b7fafa80a22f0c2afe23966b3961fe0?s=96&d=mm&r=pg","contentUrl":"https:\/\/secure.gravatar.com\/avatar\/4b7fafa80a22f0c2afe23966b3961fe0?s=96&d=mm&r=pg","caption":"Agencija"},"url":"https:\/\/sandzakpress.net\/arhiva\/author\/agencija\/"}]}},"_links":{"self":[{"href":"https:\/\/sandzakpress.net\/arhiva\/wp-json\/wp\/v2\/posts\/178330"}],"collection":[{"href":"https:\/\/sandzakpress.net\/arhiva\/wp-json\/wp\/v2\/posts"}],"about":[{"href":"https:\/\/sandzakpress.net\/arhiva\/wp-json\/wp\/v2\/types\/post"}],"author":[{"embeddable":true,"href":"https:\/\/sandzakpress.net\/arhiva\/wp-json\/wp\/v2\/users\/509"}],"replies":[{"embeddable":true,"href":"https:\/\/sandzakpress.net\/arhiva\/wp-json\/wp\/v2\/comments?post=178330"}],"version-history":[{"count":0,"href":"https:\/\/sandzakpress.net\/arhiva\/wp-json\/wp\/v2\/posts\/178330\/revisions"}],"wp:featuredmedia":[{"embeddable":true,"href":"https:\/\/sandzakpress.net\/arhiva\/wp-json\/wp\/v2\/media\/178332"}],"wp:attachment":[{"href":"https:\/\/sandzakpress.net\/arhiva\/wp-json\/wp\/v2\/media?parent=178330"}],"wp:term":[{"taxonomy":"category","embeddable":true,"href":"https:\/\/sandzakpress.net\/arhiva\/wp-json\/wp\/v2\/categories?post=178330"},{"taxonomy":"post_tag","embeddable":true,"href":"https:\/\/sandzakpress.net\/arhiva\/wp-json\/wp\/v2\/tags?post=178330"}],"curies":[{"name":"wp","href":"https:\/\/api.w.org\/{rel}","templated":true}]}}