{"id":17831,"date":"2011-07-04T14:38:50","date_gmt":"2011-07-04T12:38:50","guid":{"rendered":"https:\/\/sandzakpress.net\/arhiva\/?p=17831"},"modified":"2011-07-04T14:38:50","modified_gmt":"2011-07-04T12:38:50","slug":"ni-ja-ni-otac-nismo-naredili-ubijanje-civila","status":"publish","type":"post","link":"https:\/\/sandzakpress.net\/arhiva\/ni-ja-ni-otac-nismo-naredili-ubijanje-civila\/","title":{"rendered":"Ni ja, ni otac nismo naredili ubijanje civila"},"content":{"rendered":"<p><strong><a href=\"https:\/\/sandzakpress.net\/arhiva\/wp-content\/uploads\/2011\/07\/307ade6416c070fbe8668217bfe5d4c6.jpg\"><img loading=\"lazy\" decoding=\"async\" class=\"alignleft size-full wp-image-17832\" src=\"https:\/\/sandzakpress.net\/arhiva\/wp-content\/uploads\/2011\/07\/307ade6416c070fbe8668217bfe5d4c6.jpg\" alt=\"\" width=\"180\" height=\"220\" \/><\/a>Libija &#8211; Sin Moammara Gaddafija, Seif el Islam Gaddafi, za kojim je izdat  me\u0111unarodni nalog za hap\u0161enje, izjavio je u petak da ni on, ni njegov  otac nisu naredili ubijanje demonstranata, za \u0161ta ih optu\u017euje tu\u017eila\u0161tvo  Me\u0111unarodnog krivi\u010dnog suda.<\/strong><\/p>\n<p>Seif Gaddafi je za ruski kanal RT izjavio da su demonstranti poginuli  kada su poku\u0161ali da u\u0111u u vojne objekte i da je osiguranje moralo da  puca na njih da bi sebe za\u0161titilo, prenosi AP.<\/p>\n<p>Gaddafijev sin optu\u017eio je zapadne sile da interveni\u0161u u Libiji radi  nafte i drugih sirovina, isti\u010du\u0107i da je njihov cilj &#8220;kontrola Libije&#8221;.<\/p>\n<p>Me\u0111unarodni krivi\u010dni sud izdao je u ponedjeljak nalog za hap\u0161enje  libijskog lidera Moammara Gaddafija, njegovog sina Seifa el Islama i  \u0161efa libijske obavje\u0161tajne slu\u017ebe Abdulaha el Senusija po optu\u017ebama za  zlo\u010dine protiv \u010dovje\u010dnosti.<\/p>\n<p>Izvor: <strong>IslamBosana.ba<\/strong><\/p>\n","protected":false},"excerpt":{"rendered":"<p>Libija &#8211; Sin Moammara Gaddafija, Seif el Islam Gaddafi, za kojim je izdat me\u0111unarodni nalog za hap\u0161enje, izjavio je u petak da ni on, ni njegov otac nisu naredili ubijanje demonstranata, za \u0161ta ih optu\u017euje tu\u017eila\u0161tvo Me\u0111unarodnog krivi\u010dnog suda. Seif Gaddafi je za ruski kanal RT izjavio da su demonstranti poginuli kada su poku\u0161ali da [&hellip;]<\/p>\n","protected":false},"author":13,"featured_media":17832,"comment_status":"open","ping_status":"open","sticky":false,"template":"","format":"standard","meta":{"footnotes":""},"categories":[9],"tags":[],"class_list":{"0":"post-17831","1":"post","2":"type-post","3":"status-publish","4":"format-standard","5":"has-post-thumbnail","7":"category-svijet"},"yoast_head":"<!-- This site is optimized with the Yoast SEO Premium plugin v23.1 (Yoast SEO v24.9) - https:\/\/yoast.com\/wordpress\/plugins\/seo\/ -->\n<title>Ni ja, ni otac nismo naredili ubijanje civila<\/title>\n<meta name=\"robots\" content=\"index, follow, max-snippet:-1, max-image-preview:large, max-video-preview:-1\" \/>\n<link rel=\"canonical\" href=\"https:\/\/sandzakpress.net\/arhiva\/ni-ja-ni-otac-nismo-naredili-ubijanje-civila\/\" \/>\n<meta property=\"og:locale\" content=\"bs_BA\" \/>\n<meta property=\"og:type\" content=\"article\" \/>\n<meta property=\"og:title\" content=\"Ni ja, ni otac nismo naredili ubijanje civila\" \/>\n<meta property=\"og:description\" content=\"Libija &#8211; Sin Moammara Gaddafija, Seif el Islam Gaddafi, za kojim je izdat me\u0111unarodni nalog za hap\u0161enje, izjavio je u petak da ni on, ni njegov otac nisu naredili ubijanje demonstranata, za \u0161ta ih optu\u017euje tu\u017eila\u0161tvo Me\u0111unarodnog krivi\u010dnog suda. Seif Gaddafi je za ruski kanal RT izjavio da su demonstranti poginuli kada su poku\u0161ali da [&hellip;]\" \/>\n<meta property=\"og:url\" content=\"https:\/\/sandzakpress.net\/arhiva\/ni-ja-ni-otac-nismo-naredili-ubijanje-civila\/\" \/>\n<meta property=\"og:site_name\" content=\"Sand\u017eak PRESS\" \/>\n<meta property=\"article:published_time\" content=\"2011-07-04T12:38:50+00:00\" \/>\n<meta property=\"og:image\" content=\"https:\/\/sandzakpress.net\/arhiva\/wp-content\/uploads\/2011\/07\/307ade6416c070fbe8668217bfe5d4c6.jpg\" \/>\n\t<meta property=\"og:image:width\" content=\"180\" \/>\n\t<meta property=\"og:image:height\" content=\"220\" \/>\n\t<meta property=\"og:image:type\" content=\"image\/jpeg\" \/>\n<meta name=\"twitter:card\" content=\"summary_large_image\" \/>\n<meta name=\"twitter:label1\" content=\"Written by\" \/>\n\t<meta name=\"twitter:data1\" content=\"\" \/>\n\t<meta name=\"twitter:label2\" content=\"Est. reading time\" \/>\n\t<meta name=\"twitter:data2\" content=\"1 minuta\" \/>\n<script type=\"application\/ld+json\" class=\"yoast-schema-graph\">{\"@context\":\"https:\/\/schema.org\",\"@graph\":[{\"@type\":\"Article\",\"@id\":\"https:\/\/sandzakpress.net\/arhiva\/ni-ja-ni-otac-nismo-naredili-ubijanje-civila\/#article\",\"isPartOf\":{\"@id\":\"https:\/\/sandzakpress.net\/arhiva\/ni-ja-ni-otac-nismo-naredili-ubijanje-civila\/\"},\"author\":{\"name\":\"\",\"@id\":\"\"},\"headline\":\"Ni ja, ni otac nismo naredili ubijanje civila\",\"datePublished\":\"2011-07-04T12:38:50+00:00\",\"mainEntityOfPage\":{\"@id\":\"https:\/\/sandzakpress.net\/arhiva\/ni-ja-ni-otac-nismo-naredili-ubijanje-civila\/\"},\"wordCount\":162,\"commentCount\":0,\"publisher\":{\"@id\":\"https:\/\/sandzakpress.net\/arhiva\/#\/schema\/person\/6e72b67d6e51910a1117b3b483ba20bd\"},\"image\":{\"@id\":\"https:\/\/sandzakpress.net\/arhiva\/ni-ja-ni-otac-nismo-naredili-ubijanje-civila\/#primaryimage\"},\"thumbnailUrl\":\"https:\/\/sandzakpress.net\/arhiva\/wp-content\/uploads\/2011\/07\/307ade6416c070fbe8668217bfe5d4c6.jpg\",\"articleSection\":[\"Svijet\"],\"inLanguage\":\"bs-BA\",\"potentialAction\":[{\"@type\":\"CommentAction\",\"name\":\"Comment\",\"target\":[\"https:\/\/sandzakpress.net\/arhiva\/ni-ja-ni-otac-nismo-naredili-ubijanje-civila\/#respond\"]}]},{\"@type\":\"WebPage\",\"@id\":\"https:\/\/sandzakpress.net\/arhiva\/ni-ja-ni-otac-nismo-naredili-ubijanje-civila\/\",\"url\":\"https:\/\/sandzakpress.net\/arhiva\/ni-ja-ni-otac-nismo-naredili-ubijanje-civila\/\",\"name\":\"Ni ja, ni otac nismo naredili ubijanje civila\",\"isPartOf\":{\"@id\":\"https:\/\/sandzakpress.net\/arhiva\/#website\"},\"primaryImageOfPage\":{\"@id\":\"https:\/\/sandzakpress.net\/arhiva\/ni-ja-ni-otac-nismo-naredili-ubijanje-civila\/#primaryimage\"},\"image\":{\"@id\":\"https:\/\/sandzakpress.net\/arhiva\/ni-ja-ni-otac-nismo-naredili-ubijanje-civila\/#primaryimage\"},\"thumbnailUrl\":\"https:\/\/sandzakpress.net\/arhiva\/wp-content\/uploads\/2011\/07\/307ade6416c070fbe8668217bfe5d4c6.jpg\",\"datePublished\":\"2011-07-04T12:38:50+00:00\",\"breadcrumb\":{\"@id\":\"https:\/\/sandzakpress.net\/arhiva\/ni-ja-ni-otac-nismo-naredili-ubijanje-civila\/#breadcrumb\"},\"inLanguage\":\"bs-BA\",\"potentialAction\":[{\"@type\":\"ReadAction\",\"target\":[\"https:\/\/sandzakpress.net\/arhiva\/ni-ja-ni-otac-nismo-naredili-ubijanje-civila\/\"]}]},{\"@type\":\"ImageObject\",\"inLanguage\":\"bs-BA\",\"@id\":\"https:\/\/sandzakpress.net\/arhiva\/ni-ja-ni-otac-nismo-naredili-ubijanje-civila\/#primaryimage\",\"url\":\"https:\/\/sandzakpress.net\/arhiva\/wp-content\/uploads\/2011\/07\/307ade6416c070fbe8668217bfe5d4c6.jpg\",\"contentUrl\":\"https:\/\/sandzakpress.net\/arhiva\/wp-content\/uploads\/2011\/07\/307ade6416c070fbe8668217bfe5d4c6.jpg\",\"width\":180,\"height\":220},{\"@type\":\"BreadcrumbList\",\"@id\":\"https:\/\/sandzakpress.net\/arhiva\/ni-ja-ni-otac-nismo-naredili-ubijanje-civila\/#breadcrumb\",\"itemListElement\":[{\"@type\":\"ListItem\",\"position\":1,\"name\":\"Home\",\"item\":\"https:\/\/sandzakpress.net\/arhiva\/\"},{\"@type\":\"ListItem\",\"position\":2,\"name\":\"Ni ja, ni otac nismo naredili ubijanje civila\"}]},{\"@type\":\"WebSite\",\"@id\":\"https:\/\/sandzakpress.net\/arhiva\/#website\",\"url\":\"https:\/\/sandzakpress.net\/arhiva\/\",\"name\":\"Sand\u017eak PRESS\",\"description\":\"Prve elektronske novine u Sand\u017eaku\",\"publisher\":{\"@id\":\"https:\/\/sandzakpress.net\/arhiva\/#\/schema\/person\/6e72b67d6e51910a1117b3b483ba20bd\"},\"potentialAction\":[{\"@type\":\"SearchAction\",\"target\":{\"@type\":\"EntryPoint\",\"urlTemplate\":\"https:\/\/sandzakpress.net\/arhiva\/?s={search_term_string}\"},\"query-input\":{\"@type\":\"PropertyValueSpecification\",\"valueRequired\":true,\"valueName\":\"search_term_string\"}}],\"inLanguage\":\"bs-BA\"},{\"@type\":[\"Person\",\"Organization\"],\"@id\":\"https:\/\/sandzakpress.net\/arhiva\/#\/schema\/person\/6e72b67d6e51910a1117b3b483ba20bd\",\"name\":\"Kul\",\"image\":{\"@type\":\"ImageObject\",\"inLanguage\":\"bs-BA\",\"@id\":\"https:\/\/sandzakpress.net\/arhiva\/#\/schema\/person\/image\/\",\"url\":\"https:\/\/secure.gravatar.com\/avatar\/42263f39aa27ac04c43cab85c280eb2e?s=96&d=mm&r=pg\",\"contentUrl\":\"https:\/\/secure.gravatar.com\/avatar\/42263f39aa27ac04c43cab85c280eb2e?s=96&d=mm&r=pg\",\"caption\":\"Kul\"},\"logo\":{\"@id\":\"https:\/\/sandzakpress.net\/arhiva\/#\/schema\/person\/image\/\"}},{\"@type\":\"Person\",\"@id\":\"\",\"url\":\"https:\/\/sandzakpress.net\/arhiva\/author\/\"}]}<\/script>\n<!-- \/ Yoast SEO Premium plugin. -->","yoast_head_json":{"title":"Ni ja, ni otac nismo naredili ubijanje civila","robots":{"index":"index","follow":"follow","max-snippet":"max-snippet:-1","max-image-preview":"max-image-preview:large","max-video-preview":"max-video-preview:-1"},"canonical":"https:\/\/sandzakpress.net\/arhiva\/ni-ja-ni-otac-nismo-naredili-ubijanje-civila\/","og_locale":"bs_BA","og_type":"article","og_title":"Ni ja, ni otac nismo naredili ubijanje civila","og_description":"Libija &#8211; Sin Moammara Gaddafija, Seif el Islam Gaddafi, za kojim je izdat me\u0111unarodni nalog za hap\u0161enje, izjavio je u petak da ni on, ni njegov otac nisu naredili ubijanje demonstranata, za \u0161ta ih optu\u017euje tu\u017eila\u0161tvo Me\u0111unarodnog krivi\u010dnog suda. Seif Gaddafi je za ruski kanal RT izjavio da su demonstranti poginuli kada su poku\u0161ali da [&hellip;]","og_url":"https:\/\/sandzakpress.net\/arhiva\/ni-ja-ni-otac-nismo-naredili-ubijanje-civila\/","og_site_name":"Sand\u017eak PRESS","article_published_time":"2011-07-04T12:38:50+00:00","og_image":[{"width":180,"height":220,"url":"https:\/\/sandzakpress.net\/arhiva\/wp-content\/uploads\/2011\/07\/307ade6416c070fbe8668217bfe5d4c6.jpg","type":"image\/jpeg"}],"twitter_card":"summary_large_image","twitter_misc":{"Written by":"","Est. reading time":"1 minuta"},"schema":{"@context":"https:\/\/schema.org","@graph":[{"@type":"Article","@id":"https:\/\/sandzakpress.net\/arhiva\/ni-ja-ni-otac-nismo-naredili-ubijanje-civila\/#article","isPartOf":{"@id":"https:\/\/sandzakpress.net\/arhiva\/ni-ja-ni-otac-nismo-naredili-ubijanje-civila\/"},"author":{"name":"","@id":""},"headline":"Ni ja, ni otac nismo naredili ubijanje civila","datePublished":"2011-07-04T12:38:50+00:00","mainEntityOfPage":{"@id":"https:\/\/sandzakpress.net\/arhiva\/ni-ja-ni-otac-nismo-naredili-ubijanje-civila\/"},"wordCount":162,"commentCount":0,"publisher":{"@id":"https:\/\/sandzakpress.net\/arhiva\/#\/schema\/person\/6e72b67d6e51910a1117b3b483ba20bd"},"image":{"@id":"https:\/\/sandzakpress.net\/arhiva\/ni-ja-ni-otac-nismo-naredili-ubijanje-civila\/#primaryimage"},"thumbnailUrl":"https:\/\/sandzakpress.net\/arhiva\/wp-content\/uploads\/2011\/07\/307ade6416c070fbe8668217bfe5d4c6.jpg","articleSection":["Svijet"],"inLanguage":"bs-BA","potentialAction":[{"@type":"CommentAction","name":"Comment","target":["https:\/\/sandzakpress.net\/arhiva\/ni-ja-ni-otac-nismo-naredili-ubijanje-civila\/#respond"]}]},{"@type":"WebPage","@id":"https:\/\/sandzakpress.net\/arhiva\/ni-ja-ni-otac-nismo-naredili-ubijanje-civila\/","url":"https:\/\/sandzakpress.net\/arhiva\/ni-ja-ni-otac-nismo-naredili-ubijanje-civila\/","name":"Ni ja, ni otac nismo naredili ubijanje civila","isPartOf":{"@id":"https:\/\/sandzakpress.net\/arhiva\/#website"},"primaryImageOfPage":{"@id":"https:\/\/sandzakpress.net\/arhiva\/ni-ja-ni-otac-nismo-naredili-ubijanje-civila\/#primaryimage"},"image":{"@id":"https:\/\/sandzakpress.net\/arhiva\/ni-ja-ni-otac-nismo-naredili-ubijanje-civila\/#primaryimage"},"thumbnailUrl":"https:\/\/sandzakpress.net\/arhiva\/wp-content\/uploads\/2011\/07\/307ade6416c070fbe8668217bfe5d4c6.jpg","datePublished":"2011-07-04T12:38:50+00:00","breadcrumb":{"@id":"https:\/\/sandzakpress.net\/arhiva\/ni-ja-ni-otac-nismo-naredili-ubijanje-civila\/#breadcrumb"},"inLanguage":"bs-BA","potentialAction":[{"@type":"ReadAction","target":["https:\/\/sandzakpress.net\/arhiva\/ni-ja-ni-otac-nismo-naredili-ubijanje-civila\/"]}]},{"@type":"ImageObject","inLanguage":"bs-BA","@id":"https:\/\/sandzakpress.net\/arhiva\/ni-ja-ni-otac-nismo-naredili-ubijanje-civila\/#primaryimage","url":"https:\/\/sandzakpress.net\/arhiva\/wp-content\/uploads\/2011\/07\/307ade6416c070fbe8668217bfe5d4c6.jpg","contentUrl":"https:\/\/sandzakpress.net\/arhiva\/wp-content\/uploads\/2011\/07\/307ade6416c070fbe8668217bfe5d4c6.jpg","width":180,"height":220},{"@type":"BreadcrumbList","@id":"https:\/\/sandzakpress.net\/arhiva\/ni-ja-ni-otac-nismo-naredili-ubijanje-civila\/#breadcrumb","itemListElement":[{"@type":"ListItem","position":1,"name":"Home","item":"https:\/\/sandzakpress.net\/arhiva\/"},{"@type":"ListItem","position":2,"name":"Ni ja, ni otac nismo naredili ubijanje civila"}]},{"@type":"WebSite","@id":"https:\/\/sandzakpress.net\/arhiva\/#website","url":"https:\/\/sandzakpress.net\/arhiva\/","name":"Sand\u017eak PRESS","description":"Prve elektronske novine u Sand\u017eaku","publisher":{"@id":"https:\/\/sandzakpress.net\/arhiva\/#\/schema\/person\/6e72b67d6e51910a1117b3b483ba20bd"},"potentialAction":[{"@type":"SearchAction","target":{"@type":"EntryPoint","urlTemplate":"https:\/\/sandzakpress.net\/arhiva\/?s={search_term_string}"},"query-input":{"@type":"PropertyValueSpecification","valueRequired":true,"valueName":"search_term_string"}}],"inLanguage":"bs-BA"},{"@type":["Person","Organization"],"@id":"https:\/\/sandzakpress.net\/arhiva\/#\/schema\/person\/6e72b67d6e51910a1117b3b483ba20bd","name":"Kul","image":{"@type":"ImageObject","inLanguage":"bs-BA","@id":"https:\/\/sandzakpress.net\/arhiva\/#\/schema\/person\/image\/","url":"https:\/\/secure.gravatar.com\/avatar\/42263f39aa27ac04c43cab85c280eb2e?s=96&d=mm&r=pg","contentUrl":"https:\/\/secure.gravatar.com\/avatar\/42263f39aa27ac04c43cab85c280eb2e?s=96&d=mm&r=pg","caption":"Kul"},"logo":{"@id":"https:\/\/sandzakpress.net\/arhiva\/#\/schema\/person\/image\/"}},{"@type":"Person","@id":"","url":"https:\/\/sandzakpress.net\/arhiva\/author\/"}]}},"_links":{"self":[{"href":"https:\/\/sandzakpress.net\/arhiva\/wp-json\/wp\/v2\/posts\/17831"}],"collection":[{"href":"https:\/\/sandzakpress.net\/arhiva\/wp-json\/wp\/v2\/posts"}],"about":[{"href":"https:\/\/sandzakpress.net\/arhiva\/wp-json\/wp\/v2\/types\/post"}],"author":[{"embeddable":true,"href":"https:\/\/sandzakpress.net\/arhiva\/wp-json\/wp\/v2\/users\/13"}],"replies":[{"embeddable":true,"href":"https:\/\/sandzakpress.net\/arhiva\/wp-json\/wp\/v2\/comments?post=17831"}],"version-history":[{"count":0,"href":"https:\/\/sandzakpress.net\/arhiva\/wp-json\/wp\/v2\/posts\/17831\/revisions"}],"wp:featuredmedia":[{"embeddable":true,"href":"https:\/\/sandzakpress.net\/arhiva\/wp-json\/wp\/v2\/media\/17832"}],"wp:attachment":[{"href":"https:\/\/sandzakpress.net\/arhiva\/wp-json\/wp\/v2\/media?parent=17831"}],"wp:term":[{"taxonomy":"category","embeddable":true,"href":"https:\/\/sandzakpress.net\/arhiva\/wp-json\/wp\/v2\/categories?post=17831"},{"taxonomy":"post_tag","embeddable":true,"href":"https:\/\/sandzakpress.net\/arhiva\/wp-json\/wp\/v2\/tags?post=17831"}],"curies":[{"name":"wp","href":"https:\/\/api.w.org\/{rel}","templated":true}]}}